{"id":11734,"date":"2021-06-22T08:00:38","date_gmt":"2021-06-22T06:00:38","guid":{"rendered":"https:\/\/www.welovecycling.com\/hu\/?p=11734"},"modified":"2021-06-18T11:14:56","modified_gmt":"2021-06-18T09:14:56","slug":"egy-retro-bringas-felvonulas-kepekben","status":"publish","type":"post","link":"https:\/\/www.welovecycling.com\/hu\/kozosseg-es-kultura\/egy-retro-bringas-felvonulas-kepekben\/","title":{"rendered":"Egy retro bring\u00e1s felvonul\u00e1s k\u00e9pekben"},"content":{"rendered":"<p><strong>Te is szereted a vintage biciklis fot\u00f3kat? \u00dagy t\u0171nik, ezzel m\u00e9g sokan vannak \u00edgy. A kijevi felvonul\u00e1s r\u00e9sztvev\u0151i retro ruh\u00e1kban \u00fcltek biciklire, hogy megmutass\u00e1k, milyenek is voltak azok a r\u00e9gi sz\u00e9p id\u0151k!<\/strong><\/p>\n<p><!--more--><\/p>\n<p>A Retro menetre m\u00e1jus 30-\u00e1n ker\u00fclt sor Ukrajna f\u0151v\u00e1ros\u00e1ban. A k\u00f6z\u00f6s bicikliz\u00e9st vintage v\u00e1s\u00e1r, 5 \u00f3rai te\u00e1z\u00e1s \u00e9s persze jazzkoncert eg\u00e9sz\u00edtette ki.<\/p>\n<figure id=\"attachment_11735\" aria-describedby=\"caption-attachment-11735\" style=\"width: 1024px\" class=\"wp-caption alignnone\"><a href=\"https:\/\/d2p6e6u75xmxt8.cloudfront.net\/2\/2021\/06\/Kyiv-retro-parade-profimedia-0613305905.jpg\"><img loading=\"lazy\" decoding=\"async\" class=\"wp-image-11735 size-large\" src=\"https:\/\/d2p6e6u75xmxt8.cloudfront.net\/12\/2021\/06\/Kyiv-retro-parade-profimedia-0613305905-1024x699.jpg\" alt=\"Kyiv retro cruise\" width=\"1024\" height=\"699\" srcset=\"https:\/\/d2p6e6u75xmxt8.cloudfront.net\/12\/2021\/06\/Kyiv-retro-parade-profimedia-0613305905-1024x699.jpg 1024w, https:\/\/d2p6e6u75xmxt8.cloudfront.net\/12\/2021\/06\/Kyiv-retro-parade-profimedia-0613305905-300x205.jpg 300w, https:\/\/d2p6e6u75xmxt8.cloudfront.net\/12\/2021\/06\/Kyiv-retro-parade-profimedia-0613305905-768x524.jpg 768w, https:\/\/d2p6e6u75xmxt8.cloudfront.net\/12\/2021\/06\/Kyiv-retro-parade-profimedia-0613305905.jpg 1144w\" sizes=\"auto, (max-width: 1024px) 100vw, 1024px\" \/><\/a><figcaption id=\"caption-attachment-11735\" class=\"wp-caption-text\">\u00datra k\u00e9szen! \u00a9 Profimedia<\/figcaption><\/figure>\n<figure id=\"attachment_11736\" aria-describedby=\"caption-attachment-11736\" style=\"width: 1024px\" class=\"wp-caption alignnone\"><a href=\"https:\/\/d2p6e6u75xmxt8.cloudfront.net\/2\/2021\/06\/Kyiv-retro-parade-profimedia-0613305929.jpg\"><img loading=\"lazy\" decoding=\"async\" class=\"wp-image-11736 size-large\" src=\"https:\/\/d2p6e6u75xmxt8.cloudfront.net\/12\/2021\/06\/Kyiv-retro-parade-profimedia-0613305929-1024x770.jpg\" alt=\"Kyiv retro cruise\" width=\"1024\" height=\"770\" srcset=\"https:\/\/d2p6e6u75xmxt8.cloudfront.net\/12\/2021\/06\/Kyiv-retro-parade-profimedia-0613305929-1024x770.jpg 1024w, https:\/\/d2p6e6u75xmxt8.cloudfront.net\/12\/2021\/06\/Kyiv-retro-parade-profimedia-0613305929-300x226.jpg 300w, https:\/\/d2p6e6u75xmxt8.cloudfront.net\/12\/2021\/06\/Kyiv-retro-parade-profimedia-0613305929-768x578.jpg 768w, https:\/\/d2p6e6u75xmxt8.cloudfront.net\/12\/2021\/06\/Kyiv-retro-parade-profimedia-0613305929.jpg 1030w\" sizes=\"auto, (max-width: 1024px) 100vw, 1024px\" \/><\/a><figcaption id=\"caption-attachment-11736\" class=\"wp-caption-text\">A r\u00e9sztvev\u0151k \u00e1ttekertek a f\u0151v\u00e1roson. \u00a9 Profimedia<\/figcaption><\/figure>\n<figure id=\"attachment_11737\" aria-describedby=\"caption-attachment-11737\" style=\"width: 1024px\" class=\"wp-caption alignnone\"><img loading=\"lazy\" decoding=\"async\" class=\"wp-image-11737 size-large\" src=\"https:\/\/d2p6e6u75xmxt8.cloudfront.net\/12\/2021\/06\/Kyiv-retro-parade-profimedia-0613305926-1024x742.jpg\" alt=\"Kyiv retro cruise\" width=\"1024\" height=\"742\" srcset=\"https:\/\/d2p6e6u75xmxt8.cloudfront.net\/12\/2021\/06\/Kyiv-retro-parade-profimedia-0613305926-1024x742.jpg 1024w, https:\/\/d2p6e6u75xmxt8.cloudfront.net\/12\/2021\/06\/Kyiv-retro-parade-profimedia-0613305926-300x217.jpg 300w, https:\/\/d2p6e6u75xmxt8.cloudfront.net\/12\/2021\/06\/Kyiv-retro-parade-profimedia-0613305926-768x556.jpg 768w, https:\/\/d2p6e6u75xmxt8.cloudfront.net\/12\/2021\/06\/Kyiv-retro-parade-profimedia-0613305926.jpg 1219w\" sizes=\"auto, (max-width: 1024px) 100vw, 1024px\" \/><figcaption id=\"caption-attachment-11737\" class=\"wp-caption-text\">A m\u00falt eleganci\u00e1ja. \u00a9 Profimedia<\/figcaption><\/figure>\n<figure id=\"attachment_11738\" aria-describedby=\"caption-attachment-11738\" style=\"width: 1024px\" class=\"wp-caption alignnone\"><img loading=\"lazy\" decoding=\"async\" class=\"wp-image-11738 size-large\" src=\"https:\/\/d2p6e6u75xmxt8.cloudfront.net\/12\/2021\/06\/Kyiv-retro-parade-profimedia-0613305916-1024x687.jpg\" alt=\"Kyiv retro cruise\" width=\"1024\" height=\"687\" srcset=\"https:\/\/d2p6e6u75xmxt8.cloudfront.net\/12\/2021\/06\/Kyiv-retro-parade-profimedia-0613305916-1024x687.jpg 1024w, https:\/\/d2p6e6u75xmxt8.cloudfront.net\/12\/2021\/06\/Kyiv-retro-parade-profimedia-0613305916-300x201.jpg 300w, https:\/\/d2p6e6u75xmxt8.cloudfront.net\/12\/2021\/06\/Kyiv-retro-parade-profimedia-0613305916-768x515.jpg 768w, https:\/\/d2p6e6u75xmxt8.cloudfront.net\/12\/2021\/06\/Kyiv-retro-parade-profimedia-0613305916-272x182.jpg 272w, https:\/\/d2p6e6u75xmxt8.cloudfront.net\/12\/2021\/06\/Kyiv-retro-parade-profimedia-0613305916.jpg 1192w\" sizes=\"auto, (max-width: 1024px) 100vw, 1024px\" \/><figcaption id=\"caption-attachment-11738\" class=\"wp-caption-text\">Hello! \u00a9 Profimedia<\/figcaption><\/figure>\n<figure id=\"attachment_11739\" aria-describedby=\"caption-attachment-11739\" style=\"width: 1024px\" class=\"wp-caption alignnone\"><img loading=\"lazy\" decoding=\"async\" class=\"wp-image-11739 size-large\" src=\"https:\/\/d2p6e6u75xmxt8.cloudfront.net\/12\/2021\/06\/Kyiv-retro-parade-profimedia-0613305995-1024x686.jpg\" alt=\"Kyiv retro cruise\" width=\"1024\" height=\"686\" srcset=\"https:\/\/d2p6e6u75xmxt8.cloudfront.net\/12\/2021\/06\/Kyiv-retro-parade-profimedia-0613305995-1024x686.jpg 1024w, https:\/\/d2p6e6u75xmxt8.cloudfront.net\/12\/2021\/06\/Kyiv-retro-parade-profimedia-0613305995-300x201.jpg 300w, https:\/\/d2p6e6u75xmxt8.cloudfront.net\/12\/2021\/06\/Kyiv-retro-parade-profimedia-0613305995-768x514.jpg 768w, https:\/\/d2p6e6u75xmxt8.cloudfront.net\/12\/2021\/06\/Kyiv-retro-parade-profimedia-0613305995-272x182.jpg 272w, https:\/\/d2p6e6u75xmxt8.cloudfront.net\/12\/2021\/06\/Kyiv-retro-parade-profimedia-0613305995.jpg 1250w\" sizes=\"auto, (max-width: 1024px) 100vw, 1024px\" \/><figcaption id=\"caption-attachment-11739\" class=\"wp-caption-text\">M\u00e9g egy selfie indul\u00e1s el\u0151tt. \u00a9 Profimedia<\/figcaption><\/figure>\n<figure id=\"attachment_11740\" aria-describedby=\"caption-attachment-11740\" style=\"width: 1000px\" class=\"wp-caption alignnone\"><img loading=\"lazy\" decoding=\"async\" class=\"wp-image-11740 size-full\" src=\"https:\/\/d2p6e6u75xmxt8.cloudfront.net\/12\/2021\/06\/Kyiv-retro-parade-profimedia-0613305902.jpg\" alt=\"Kyiv retro cruise\" width=\"1000\" height=\"705\" srcset=\"https:\/\/d2p6e6u75xmxt8.cloudfront.net\/12\/2021\/06\/Kyiv-retro-parade-profimedia-0613305902.jpg 1000w, https:\/\/d2p6e6u75xmxt8.cloudfront.net\/12\/2021\/06\/Kyiv-retro-parade-profimedia-0613305902-300x212.jpg 300w, https:\/\/d2p6e6u75xmxt8.cloudfront.net\/12\/2021\/06\/Kyiv-retro-parade-profimedia-0613305902-768x541.jpg 768w\" sizes=\"auto, (max-width: 1000px) 100vw, 1000px\" \/><figcaption id=\"caption-attachment-11740\" class=\"wp-caption-text\">A sz\u00e9ps\u00e9g felvonul\u00e1sa. \u00a9 Profimedia<\/figcaption><\/figure>\n<figure id=\"attachment_11741\" aria-describedby=\"caption-attachment-11741\" style=\"width: 1024px\" class=\"wp-caption alignnone\"><img loading=\"lazy\" decoding=\"async\" class=\"wp-image-11741 size-large\" src=\"https:\/\/d2p6e6u75xmxt8.cloudfront.net\/12\/2021\/06\/Kyiv-retro-parade-profimedia-0613305899-1024x695.jpg\" alt=\"Kyiv retro cruise\" width=\"1024\" height=\"695\" srcset=\"https:\/\/d2p6e6u75xmxt8.cloudfront.net\/12\/2021\/06\/Kyiv-retro-parade-profimedia-0613305899-1024x695.jpg 1024w, https:\/\/d2p6e6u75xmxt8.cloudfront.net\/12\/2021\/06\/Kyiv-retro-parade-profimedia-0613305899-300x204.jpg 300w, https:\/\/d2p6e6u75xmxt8.cloudfront.net\/12\/2021\/06\/Kyiv-retro-parade-profimedia-0613305899-768x521.jpg 768w, https:\/\/d2p6e6u75xmxt8.cloudfront.net\/12\/2021\/06\/Kyiv-retro-parade-profimedia-0613305899.jpg 1250w\" sizes=\"auto, (max-width: 1024px) 100vw, 1024px\" \/><figcaption id=\"caption-attachment-11741\" class=\"wp-caption-text\">\u00a9 Profimedia<\/figcaption><\/figure>\n<p>&nbsp;<\/p>\n","protected":false},"excerpt":{"rendered":"<p>Te is szereted a vintage biciklis fot\u00f3kat? \u00dagy t\u0171nik, ezzel m\u00e9g sokan vannak \u00edgy. A kijevi felvonul\u00e1s r\u00e9sztvev\u0151i retro ruh\u00e1kban [&hellip;]<\/p>\n","protected":false},"author":71,"featured_media":11743,"comment_status":"closed","ping_status":"closed","sticky":false,"template":"","format":"standard","meta":{"footnotes":""},"categories":[12],"tags":[],"global-categories":[],"class_list":["post-11734","post","type-post","status-publish","format-standard","has-post-thumbnail","hentry","category-kozosseg-es-kultura"],"yoast_head":"<!-- This site is optimized with the Yoast SEO Premium plugin v25.3 (Yoast SEO v25.9) - https:\/\/yoast.com\/wordpress\/plugins\/seo\/ -->\n<title>Egy retro bring\u00e1s felvonul\u00e1s k\u00e9pekben - \u0160koda We Love Cycling - Magyarorsz\u00e1g<\/title>\n<meta name=\"description\" content=\"Te is szereted a vintage biciklis fot\u00f3kat? \u00dagy t\u0171nik, ezzel m\u00e9g sokan vannak \u00edgy. A kijevi felvonul\u00e1s r\u00e9sztvev\u0151i retro ruh\u00e1kban \u00fcltek biciklire, hogy megmutass\u00e1k, milyenek is voltak azok a r\u00e9gi sz\u00e9p id\u0151k!\" \/>\n<meta name=\"robots\" content=\"index, follow, max-snippet:-1, max-image-preview:large, max-video-preview:-1\" \/>\n<link rel=\"canonical\" href=\"https:\/\/www.welovecycling.com\/hu\/kozosseg-es-kultura\/egy-retro-bringas-felvonulas-kepekben\/\" \/>\n<meta property=\"og:locale\" content=\"hu_HU\" \/>\n<meta property=\"og:type\" content=\"article\" \/>\n<meta property=\"og:title\" content=\"Egy retro bring\u00e1s felvonul\u00e1s k\u00e9pekben\" \/>\n<meta property=\"og:description\" content=\"Te is szereted a vintage biciklis fot\u00f3kat? \u00dagy t\u0171nik, ezzel m\u00e9g sokan vannak \u00edgy. A kijevi felvonul\u00e1s r\u00e9sztvev\u0151i retro ruh\u00e1kban \u00fcltek biciklire, hogy megmutass\u00e1k, milyenek is voltak azok a r\u00e9gi sz\u00e9p id\u0151k!\" \/>\n<meta property=\"og:url\" content=\"https:\/\/www.welovecycling.com\/hu\/kozosseg-es-kultura\/egy-retro-bringas-felvonulas-kepekben\/\" \/>\n<meta property=\"og:site_name\" content=\"\u0160koda We Love Cycling - Magyarorsz\u00e1g\" \/>\n<meta property=\"article:publisher\" content=\"https:\/\/www.facebook.com\/WeLoveCyclingHungary\/\" \/>\n<meta property=\"article:published_time\" content=\"2021-06-22T06:00:38+00:00\" \/>\n<meta property=\"og:image\" content=\"https:\/\/d2p6e6u75xmxt8.cloudfront.net\/12\/2021\/06\/Kyiv-Retro-Cruise-profimedia-0613305919-CVR.jpg\" \/>\n\t<meta property=\"og:image:width\" content=\"1366\" \/>\n\t<meta property=\"og:image:height\" content=\"600\" \/>\n\t<meta property=\"og:image:type\" content=\"image\/jpeg\" \/>\n<meta name=\"author\" content=\"hegyizs\" \/>\n<meta name=\"twitter:card\" content=\"summary_large_image\" \/>\n<meta name=\"twitter:label1\" content=\"Written by\" \/>\n\t<meta name=\"twitter:data1\" content=\"Tereza Antonova\" \/>\n\t<meta name=\"twitter:label2\" content=\"Est. reading time\" \/>\n\t<meta name=\"twitter:data2\" content=\"5\" \/>\n<script type=\"application\/ld+json\" class=\"yoast-schema-graph\">{\"@context\":\"https:\/\/schema.org\",\"@graph\":[{\"@type\":\"WebPage\",\"@id\":\"https:\/\/www.welovecycling.com\/hu\/kozosseg-es-kultura\/egy-retro-bringas-felvonulas-kepekben\/\",\"url\":\"https:\/\/www.welovecycling.com\/hu\/kozosseg-es-kultura\/egy-retro-bringas-felvonulas-kepekben\/\",\"name\":\"Egy retro bring\u00e1s felvonul\u00e1s k\u00e9pekben - \u0160koda We Love Cycling - Magyarorsz\u00e1g\",\"isPartOf\":{\"@id\":\"https:\/\/www.welovecycling.com\/hu\/#website\"},\"primaryImageOfPage\":{\"@id\":\"https:\/\/www.welovecycling.com\/hu\/kozosseg-es-kultura\/egy-retro-bringas-felvonulas-kepekben\/#primaryimage\"},\"image\":{\"@id\":\"https:\/\/www.welovecycling.com\/hu\/kozosseg-es-kultura\/egy-retro-bringas-felvonulas-kepekben\/#primaryimage\"},\"thumbnailUrl\":\"https:\/\/d2p6e6u75xmxt8.cloudfront.net\/12\/2021\/06\/Kyiv-Retro-Cruise-profimedia-0613305919-CVR.jpg\",\"datePublished\":\"2021-06-22T06:00:38+00:00\",\"author\":{\"@id\":\"https:\/\/www.welovecycling.com\/hu\/#\/schema\/person\/414a2aebf1801691a5320edb6468e194\"},\"description\":\"Te is szereted a vintage biciklis fot\u00f3kat? \u00dagy t\u0171nik, ezzel m\u00e9g sokan vannak \u00edgy. A kijevi felvonul\u00e1s r\u00e9sztvev\u0151i retro ruh\u00e1kban \u00fcltek biciklire, hogy megmutass\u00e1k, milyenek is voltak azok a r\u00e9gi sz\u00e9p id\u0151k!\",\"breadcrumb\":{\"@id\":\"https:\/\/www.welovecycling.com\/hu\/kozosseg-es-kultura\/egy-retro-bringas-felvonulas-kepekben\/#breadcrumb\"},\"inLanguage\":\"hu\",\"potentialAction\":[{\"@type\":\"ReadAction\",\"target\":[\"https:\/\/www.welovecycling.com\/hu\/kozosseg-es-kultura\/egy-retro-bringas-felvonulas-kepekben\/\"]}]},{\"@type\":\"ImageObject\",\"inLanguage\":\"hu\",\"@id\":\"https:\/\/www.welovecycling.com\/hu\/kozosseg-es-kultura\/egy-retro-bringas-felvonulas-kepekben\/#primaryimage\",\"url\":\"https:\/\/d2p6e6u75xmxt8.cloudfront.net\/12\/2021\/06\/Kyiv-Retro-Cruise-profimedia-0613305919-CVR.jpg\",\"contentUrl\":\"https:\/\/d2p6e6u75xmxt8.cloudfront.net\/12\/2021\/06\/Kyiv-Retro-Cruise-profimedia-0613305919-CVR.jpg\",\"width\":1366,\"height\":600,\"caption\":\"Kyiv Retro Cruise\"},{\"@type\":\"BreadcrumbList\",\"@id\":\"https:\/\/www.welovecycling.com\/hu\/kozosseg-es-kultura\/egy-retro-bringas-felvonulas-kepekben\/#breadcrumb\",\"itemListElement\":[{\"@type\":\"ListItem\",\"position\":1,\"name\":\"Home\",\"item\":\"https:\/\/www.welovecycling.com\/hu\/\"},{\"@type\":\"ListItem\",\"position\":2,\"name\":\"Egy retro bring\u00e1s felvonul\u00e1s k\u00e9pekben\"}]},{\"@type\":\"WebSite\",\"@id\":\"https:\/\/www.welovecycling.com\/hu\/#website\",\"url\":\"https:\/\/www.welovecycling.com\/hu\/\",\"name\":\"\u0160koda We Love Cycling - Magyarorsz\u00e1g\",\"description\":\"\u0160koda WeLoveCycling\",\"potentialAction\":[{\"@type\":\"SearchAction\",\"target\":{\"@type\":\"EntryPoint\",\"urlTemplate\":\"https:\/\/www.welovecycling.com\/hu\/?s={search_term_string}\"},\"query-input\":{\"@type\":\"PropertyValueSpecification\",\"valueRequired\":true,\"valueName\":\"search_term_string\"}}],\"inLanguage\":\"hu\"},{\"@type\":\"Person\",\"@id\":\"https:\/\/www.welovecycling.com\/hu\/#\/schema\/person\/414a2aebf1801691a5320edb6468e194\",\"name\":\"hegyizs\",\"image\":{\"@type\":\"ImageObject\",\"inLanguage\":\"hu\",\"@id\":\"https:\/\/www.welovecycling.com\/hu\/#\/schema\/person\/image\/\",\"url\":\"https:\/\/secure.gravatar.com\/avatar\/02cf8a7906b8cf90cecb4679defac7cfd33a1c2e3b88e4903d947f3bb58eedd3?s=96&d=mm&r=g\",\"contentUrl\":\"https:\/\/secure.gravatar.com\/avatar\/02cf8a7906b8cf90cecb4679defac7cfd33a1c2e3b88e4903d947f3bb58eedd3?s=96&d=mm&r=g\",\"caption\":\"hegyizs\"},\"url\":\"https:\/\/www.welovecycling.com\/hu\/author\/hegyizs\/\"}]}<\/script>\n<!-- \/ Yoast SEO Premium plugin. -->","yoast_head_json":{"title":"Egy retro bring\u00e1s felvonul\u00e1s k\u00e9pekben - \u0160koda We Love Cycling - Magyarorsz\u00e1g","description":"Te is szereted a vintage biciklis fot\u00f3kat? \u00dagy t\u0171nik, ezzel m\u00e9g sokan vannak \u00edgy. A kijevi felvonul\u00e1s r\u00e9sztvev\u0151i retro ruh\u00e1kban \u00fcltek biciklire, hogy megmutass\u00e1k, milyenek is voltak azok a r\u00e9gi sz\u00e9p id\u0151k!","robots":{"index":"index","follow":"follow","max-snippet":"max-snippet:-1","max-image-preview":"max-image-preview:large","max-video-preview":"max-video-preview:-1"},"canonical":"https:\/\/www.welovecycling.com\/hu\/kozosseg-es-kultura\/egy-retro-bringas-felvonulas-kepekben\/","og_locale":"hu_HU","og_type":"article","og_title":"Egy retro bring\u00e1s felvonul\u00e1s k\u00e9pekben","og_description":"Te is szereted a vintage biciklis fot\u00f3kat? \u00dagy t\u0171nik, ezzel m\u00e9g sokan vannak \u00edgy. A kijevi felvonul\u00e1s r\u00e9sztvev\u0151i retro ruh\u00e1kban \u00fcltek biciklire, hogy megmutass\u00e1k, milyenek is voltak azok a r\u00e9gi sz\u00e9p id\u0151k!","og_url":"https:\/\/www.welovecycling.com\/hu\/kozosseg-es-kultura\/egy-retro-bringas-felvonulas-kepekben\/","og_site_name":"\u0160koda We Love Cycling - Magyarorsz\u00e1g","article_publisher":"https:\/\/www.facebook.com\/WeLoveCyclingHungary\/","article_published_time":"2021-06-22T06:00:38+00:00","og_image":[{"width":1366,"height":600,"url":"https:\/\/d2p6e6u75xmxt8.cloudfront.net\/12\/2021\/06\/Kyiv-Retro-Cruise-profimedia-0613305919-CVR.jpg","type":"image\/jpeg"}],"author":"hegyizs","twitter_card":"summary_large_image","twitter_misc":{"Written by":"Tereza Antonova","Est. reading time":"5"},"schema":{"@context":"https:\/\/schema.org","@graph":[{"@type":"WebPage","@id":"https:\/\/www.welovecycling.com\/hu\/kozosseg-es-kultura\/egy-retro-bringas-felvonulas-kepekben\/","url":"https:\/\/www.welovecycling.com\/hu\/kozosseg-es-kultura\/egy-retro-bringas-felvonulas-kepekben\/","name":"Egy retro bring\u00e1s felvonul\u00e1s k\u00e9pekben - \u0160koda We Love Cycling - Magyarorsz\u00e1g","isPartOf":{"@id":"https:\/\/www.welovecycling.com\/hu\/#website"},"primaryImageOfPage":{"@id":"https:\/\/www.welovecycling.com\/hu\/kozosseg-es-kultura\/egy-retro-bringas-felvonulas-kepekben\/#primaryimage"},"image":{"@id":"https:\/\/www.welovecycling.com\/hu\/kozosseg-es-kultura\/egy-retro-bringas-felvonulas-kepekben\/#primaryimage"},"thumbnailUrl":"https:\/\/d2p6e6u75xmxt8.cloudfront.net\/12\/2021\/06\/Kyiv-Retro-Cruise-profimedia-0613305919-CVR.jpg","datePublished":"2021-06-22T06:00:38+00:00","author":{"@id":"https:\/\/www.welovecycling.com\/hu\/#\/schema\/person\/414a2aebf1801691a5320edb6468e194"},"description":"Te is szereted a vintage biciklis fot\u00f3kat? \u00dagy t\u0171nik, ezzel m\u00e9g sokan vannak \u00edgy. A kijevi felvonul\u00e1s r\u00e9sztvev\u0151i retro ruh\u00e1kban \u00fcltek biciklire, hogy megmutass\u00e1k, milyenek is voltak azok a r\u00e9gi sz\u00e9p id\u0151k!","breadcrumb":{"@id":"https:\/\/www.welovecycling.com\/hu\/kozosseg-es-kultura\/egy-retro-bringas-felvonulas-kepekben\/#breadcrumb"},"inLanguage":"hu","potentialAction":[{"@type":"ReadAction","target":["https:\/\/www.welovecycling.com\/hu\/kozosseg-es-kultura\/egy-retro-bringas-felvonulas-kepekben\/"]}]},{"@type":"ImageObject","inLanguage":"hu","@id":"https:\/\/www.welovecycling.com\/hu\/kozosseg-es-kultura\/egy-retro-bringas-felvonulas-kepekben\/#primaryimage","url":"https:\/\/d2p6e6u75xmxt8.cloudfront.net\/12\/2021\/06\/Kyiv-Retro-Cruise-profimedia-0613305919-CVR.jpg","contentUrl":"https:\/\/d2p6e6u75xmxt8.cloudfront.net\/12\/2021\/06\/Kyiv-Retro-Cruise-profimedia-0613305919-CVR.jpg","width":1366,"height":600,"caption":"Kyiv Retro Cruise"},{"@type":"BreadcrumbList","@id":"https:\/\/www.welovecycling.com\/hu\/kozosseg-es-kultura\/egy-retro-bringas-felvonulas-kepekben\/#breadcrumb","itemListElement":[{"@type":"ListItem","position":1,"name":"Home","item":"https:\/\/www.welovecycling.com\/hu\/"},{"@type":"ListItem","position":2,"name":"Egy retro bring\u00e1s felvonul\u00e1s k\u00e9pekben"}]},{"@type":"WebSite","@id":"https:\/\/www.welovecycling.com\/hu\/#website","url":"https:\/\/www.welovecycling.com\/hu\/","name":"\u0160koda We Love Cycling - Magyarorsz\u00e1g","description":"\u0160koda WeLoveCycling","potentialAction":[{"@type":"SearchAction","target":{"@type":"EntryPoint","urlTemplate":"https:\/\/www.welovecycling.com\/hu\/?s={search_term_string}"},"query-input":{"@type":"PropertyValueSpecification","valueRequired":true,"valueName":"search_term_string"}}],"inLanguage":"hu"},{"@type":"Person","@id":"https:\/\/www.welovecycling.com\/hu\/#\/schema\/person\/414a2aebf1801691a5320edb6468e194","name":"hegyizs","image":{"@type":"ImageObject","inLanguage":"hu","@id":"https:\/\/www.welovecycling.com\/hu\/#\/schema\/person\/image\/","url":"https:\/\/secure.gravatar.com\/avatar\/02cf8a7906b8cf90cecb4679defac7cfd33a1c2e3b88e4903d947f3bb58eedd3?s=96&d=mm&r=g","contentUrl":"https:\/\/secure.gravatar.com\/avatar\/02cf8a7906b8cf90cecb4679defac7cfd33a1c2e3b88e4903d947f3bb58eedd3?s=96&d=mm&r=g","caption":"hegyizs"},"url":"https:\/\/www.welovecycling.com\/hu\/author\/hegyizs\/"}]}},"_links":{"self":[{"href":"https:\/\/www.welovecycling.com\/hu\/wp-json\/wp\/v2\/posts\/11734","targetHints":{"allow":["GET"]}}],"collection":[{"href":"https:\/\/www.welovecycling.com\/hu\/wp-json\/wp\/v2\/posts"}],"about":[{"href":"https:\/\/www.welovecycling.com\/hu\/wp-json\/wp\/v2\/types\/post"}],"author":[{"embeddable":true,"href":"https:\/\/www.welovecycling.com\/hu\/wp-json\/wp\/v2\/users\/71"}],"replies":[{"embeddable":true,"href":"https:\/\/www.welovecycling.com\/hu\/wp-json\/wp\/v2\/comments?post=11734"}],"version-history":[{"count":2,"href":"https:\/\/www.welovecycling.com\/hu\/wp-json\/wp\/v2\/posts\/11734\/revisions"}],"predecessor-version":[{"id":11761,"href":"https:\/\/www.welovecycling.com\/hu\/wp-json\/wp\/v2\/posts\/11734\/revisions\/11761"}],"wp:featuredmedia":[{"embeddable":true,"href":"https:\/\/www.welovecycling.com\/hu\/wp-json\/wp\/v2\/media\/11743"}],"wp:attachment":[{"href":"https:\/\/www.welovecycling.com\/hu\/wp-json\/wp\/v2\/media?parent=11734"}],"wp:term":[{"taxonomy":"category","embeddable":true,"href":"https:\/\/www.welovecycling.com\/hu\/wp-json\/wp\/v2\/categories?post=11734"},{"taxonomy":"post_tag","embeddable":true,"href":"https:\/\/www.welovecycling.com\/hu\/wp-json\/wp\/v2\/tags?post=11734"},{"taxonomy":"global-categories","embeddable":true,"href":"https:\/\/www.welovecycling.com\/hu\/wp-json\/wp\/v2\/global-categories?post=11734"}],"curies":[{"name":"wp","href":"https:\/\/api.w.org\/{rel}","templated":true}]}}