{"id":11724,"date":"2021-06-18T08:00:20","date_gmt":"2021-06-18T06:00:20","guid":{"rendered":"https:\/\/www.welovecycling.com\/hu\/?p=11724"},"modified":"2021-06-11T16:27:29","modified_gmt":"2021-06-11T14:27:29","slug":"tour-de-france-2021-a-108-korverseny-utvonala","status":"publish","type":"post","link":"https:\/\/www.welovecycling.com\/hu\/orszaguti-kerekpar\/tour-de-france-2021-a-108-korverseny-utvonala\/","title":{"rendered":"Tour de France 2021: a 108. k\u00f6rverseny \u00fatvonala"},"content":{"rendered":"<p><strong>M\u00e1r biztos, hogy az idei Tour de France Bretagne-b\u0151l rajtol j\u00fanius 26-\u00e1n \u00e9s tele lesz olyan kih\u00edv\u00e1sokkal, mint amilyen a dupla Mont Ventoux vagy az andorrai kit\u00e9r\u0151. \u00cdme, az idei Tour 21 embert pr\u00f3b\u00e1l\u00f3 szakasza.<\/strong><!--more--><\/p>\n<p>A 108. verseny Brestb\u0151l indul, n\u00e9gy szakaszon \u00e1t halad Bretagne r\u00e9gi\u00f3j\u00e1ban, majd az orsz\u00e1gon \u00e1t\u00edvelve el\u00e9ri az Alpokot \u00e9s az els\u0151 hegyeket. Az \u00fatvonal ezut\u00e1n a Pireneusok fel\u00e9 veszi az ir\u00e1nyt, \u00e9s a legend\u00e1s Mont Ventoux dupla m\u00e1sz\u00e1s\u00e1t k\u00f6vet\u0151en Andorr\u00e1ba vezet, ahol a versenyz\u0151k a m\u00e1sodik pihen\u0151napjukat t\u00f6ltik majd, de csak miut\u00e1n megm\u00e1szt\u00e1k a verseny legmagasabb cs\u00facs\u00e1t, a 2408 m\u00e9ter magas Port d\u2019Envalira-t. A 2021-es Tour-t ismer\u0151s hegyek teszik izgalmass\u00e1, mint amilyen a Col de Tourmalet, \u00e9s persze \u00fajabb cs\u00facsok is \u00e1llnak a r\u00e9sztvev\u0151k el\u0151tt, p\u00e9ld\u00e1ul a Col de Portet, ami 2018-ban volt el\u0151sz\u00f6r a verseny r\u00e9sze.<\/p>\n<p>Ezut\u00e1n a sprintereknek kedvez a terep, egy 31 kilom\u00e9teres id\u0151futam k\u00f6vetkezik, a s\u00edk etap ut\u00e1n pedig P\u00e1rizsba gurul majd be a mez\u0151ny, ahol a g\u00e1laszakaszon m\u00e9g lesz es\u00e9lye a leggyorsabbaknak a helyzet\u00fck jav\u00edt\u00e1s\u00e1ra.<\/p>\n<figure id=\"attachment_11726\" aria-describedby=\"caption-attachment-11726\" style=\"width: 761px\" class=\"wp-caption alignnone\"><img loading=\"lazy\" decoding=\"async\" class=\"size-full wp-image-11726\" src=\"https:\/\/d2p6e6u75xmxt8.cloudfront.net\/12\/2021\/06\/tdf_21_wlc0012.jpg\" alt=\"\" width=\"761\" height=\"556\" srcset=\"https:\/\/d2p6e6u75xmxt8.cloudfront.net\/12\/2021\/06\/tdf_21_wlc0012.jpg 761w, https:\/\/d2p6e6u75xmxt8.cloudfront.net\/12\/2021\/06\/tdf_21_wlc0012-300x219.jpg 300w\" sizes=\"auto, (max-width: 761px) 100vw, 761px\" \/><figcaption id=\"caption-attachment-11726\" class=\"wp-caption-text\">A 2021-es TdF \u00fatvonala.<\/figcaption><\/figure>\n<p>\u00d6sszesen teh\u00e1t 3383 km hossz\u00fa a verseny \u00fatvonala, a leghosszabb etap a 7. lesz a maga 248 km-\u00e9vel. Hat kem\u00e9ny hegyi szakasszal, h\u00e1rom hegyi befut\u00f3val \u00e9s k\u00e9t id\u0151futammal kell szemben\u00e9zni\u00fck a r\u00e9sztvev\u0151knek:<\/p>\n<p>1. szakasz : j\u00fanius 26., Brest \u2013 Landerneau \u2013 187 km<\/p>\n<p>2. szakasz: j\u00fanius 27., Perros-Gueirec \u2013 Mur-de-Bretagne \u2013 182 km<\/p>\n<p>3. szakasz: j\u00fanius 28., Lorient \u2013 Pontivy \u2013 182 km<\/p>\n<p>4. szakasz : j\u00fanius 29., Redon \u2013 Fougeres \u2013 152 km<\/p>\n<p>5. szakasz: j\u00fanius 30., Chang\u00e9 \u2013 Laval (ITT) 27 km, id\u0151futam<\/p>\n<p>6. szakasz: j\u00falius 1., Tours \u2013 Chateauroux \u2013 144 km<\/p>\n<p>7. szakasz: j\u00falius 2., Vierzon \u2013 Le Creusot \u2013 248 km<\/p>\n<p>8. szakasz: j\u00falius 3., Oyonnax \u2013 Le Grand Bornand \u2013 151 km<\/p>\n<p>9. szakasz: j\u00falius 4., Cluses \u2013 Tignes, Val Claret \u2013 145 km<\/p>\n<p><em>Pihen\u0151nap: j\u00falius 5., Tignes<\/em><\/p>\n<p>10. szakasz: j\u00falius 6., Albertville \u2013 Valence \u2013 186 km<\/p>\n<p>11. szakasz: j\u00falius 7., Sorgues \u2013 Malaucene \u2013 199 km<\/p>\n<p>12. szakasz: j\u00falius 8., St-Paul-Trois-Chateaux \u2013 N\u00eemes \u2013 161 km<\/p>\n<p>13. szakasz: j\u00falius 9., Nimes \u2013 Carcassonne \u2013 229 km<\/p>\n<p>14. szakasz: j\u00falius 10., Carcassonne \u2013 Quillan \u2013 184 km<\/p>\n<p>15. szakasz: j\u00falius 11., Ceret \u2013 Andorra la Vella \u2013 192 km<\/p>\n<p><em>Pihen\u0151nap: j\u00falius 12., Andorra<\/em><\/p>\n<p>16. szakasz: j\u00falius 13., Pas-de-la-Case \u2013 Saint-Gaudens \u2013 169 km<\/p>\n<p>17. szakasz: j\u00falius 14., Muret St. Lary Soulan \u2013 Col de Portet \u2013 178 km<\/p>\n<p>18. szakasz: j\u00falius 15., Pau \u2013 Luz Ardiden \u2013 130 km<\/p>\n<p>19. szakasz: j\u00falius 16., Mourenx \u2013 Libourne \u2013 203 km<\/p>\n<p>20. szakasz: j\u00falius 17., Libourne \u2013 Saint-Emilion \u2013 31 km, id\u0151futam<\/p>\n<p>21. szakasz: j\u00falius 18., Chatou \u2013 P\u00e1rizs, Champs-\u00c9lys\u00e9es \u2013 112 km<\/p>\n<p>Forr\u00e1s: <a href=\"https:\/\/www.cyclingweekly.com\/news\/racing\/tour-de-france\/tour-de-france-route-192041\" target=\"_blank\" rel=\"noopener\">cyclingweekly.com<\/a><\/p>\n","protected":false},"excerpt":{"rendered":"<p>M\u00e1r biztos, hogy az idei Tour de France Bretagne-b\u0151l rajtol j\u00fanius 26-\u00e1n \u00e9s tele lesz olyan kih\u00edv\u00e1sokkal, mint amilyen a [&hellip;]<\/p>\n","protected":false},"author":71,"featured_media":11725,"comment_status":"closed","ping_status":"open","sticky":false,"template":"","format":"standard","meta":{"footnotes":""},"categories":[8,96],"tags":[],"global-categories":[],"class_list":["post-11724","post","type-post","status-publish","format-standard","has-post-thumbnail","hentry","category-orszaguti-kerekpar","category-tour-de-france"],"yoast_head":"<!-- This site is optimized with the Yoast SEO Premium plugin v25.3 (Yoast SEO v25.9) - https:\/\/yoast.com\/wordpress\/plugins\/seo\/ -->\n<title>Tour de France 2021: a 108. k\u00f6rverseny \u00fatvonala<\/title>\n<meta name=\"description\" content=\"M\u00e1r biztos, hogy az idei Tour de France Bretagne-b\u0151l rajtol j\u00fanius 26-\u00e1n \u00e9s tele lesz olyan kih\u00edv\u00e1sokkal, mint amilyen a dupla Mont Ventoux vagy az andorrai kit\u00e9r\u0151. \u00cdme, az idei Tour 21 embert pr\u00f3b\u00e1l\u00f3 szakasza.\" \/>\n<meta name=\"robots\" content=\"index, follow, max-snippet:-1, max-image-preview:large, max-video-preview:-1\" \/>\n<link rel=\"canonical\" href=\"https:\/\/www.welovecycling.com\/hu\/orszaguti-kerekpar\/tour-de-france-2021-a-108-korverseny-utvonala\/\" \/>\n<meta property=\"og:locale\" content=\"hu_HU\" \/>\n<meta property=\"og:type\" content=\"article\" \/>\n<meta property=\"og:title\" content=\"Tour de France 2021: a 108. k\u00f6rverseny \u00fatvonala\" \/>\n<meta property=\"og:description\" content=\"M\u00e1r biztos, hogy az idei Tour de France Bretagne-b\u0151l rajtol j\u00fanius 26-\u00e1n \u00e9s tele lesz olyan kih\u00edv\u00e1sokkal, mint amilyen a dupla Mont Ventoux vagy az andorrai kit\u00e9r\u0151. \u00cdme, az idei Tour 21 embert pr\u00f3b\u00e1l\u00f3 szakasza.\" \/>\n<meta property=\"og:url\" content=\"https:\/\/www.welovecycling.com\/hu\/orszaguti-kerekpar\/tour-de-france-2021-a-108-korverseny-utvonala\/\" \/>\n<meta property=\"og:site_name\" content=\"\u0160koda We Love Cycling - Magyarorsz\u00e1g\" \/>\n<meta property=\"article:publisher\" content=\"https:\/\/www.facebook.com\/WeLoveCyclingHungary\/\" \/>\n<meta property=\"article:published_time\" content=\"2021-06-18T06:00:20+00:00\" \/>\n<meta property=\"og:image\" content=\"https:\/\/d2p6e6u75xmxt8.cloudfront.net\/12\/2021\/06\/markus-spiske-WUehAgqO5hE-unsplash.jpg\" \/>\n\t<meta property=\"og:image:width\" content=\"1920\" \/>\n\t<meta property=\"og:image:height\" content=\"1280\" \/>\n\t<meta property=\"og:image:type\" content=\"image\/jpeg\" \/>\n<meta name=\"author\" content=\"hegyizs\" \/>\n<meta name=\"twitter:card\" content=\"summary_large_image\" \/>\n<meta name=\"twitter:label1\" content=\"Written by\" \/>\n\t<meta name=\"twitter:data1\" content=\"WLC\" \/>\n\t<meta name=\"twitter:label2\" content=\"Est. reading time\" \/>\n\t<meta name=\"twitter:data2\" content=\"2 minutes\" \/>\n<script type=\"application\/ld+json\" class=\"yoast-schema-graph\">{\"@context\":\"https:\/\/schema.org\",\"@graph\":[{\"@type\":\"WebPage\",\"@id\":\"https:\/\/www.welovecycling.com\/hu\/orszaguti-kerekpar\/tour-de-france-2021-a-108-korverseny-utvonala\/\",\"url\":\"https:\/\/www.welovecycling.com\/hu\/orszaguti-kerekpar\/tour-de-france-2021-a-108-korverseny-utvonala\/\",\"name\":\"Tour de France 2021: a 108. k\u00f6rverseny \u00fatvonala\",\"isPartOf\":{\"@id\":\"https:\/\/www.welovecycling.com\/hu\/#website\"},\"primaryImageOfPage\":{\"@id\":\"https:\/\/www.welovecycling.com\/hu\/orszaguti-kerekpar\/tour-de-france-2021-a-108-korverseny-utvonala\/#primaryimage\"},\"image\":{\"@id\":\"https:\/\/www.welovecycling.com\/hu\/orszaguti-kerekpar\/tour-de-france-2021-a-108-korverseny-utvonala\/#primaryimage\"},\"thumbnailUrl\":\"https:\/\/d2p6e6u75xmxt8.cloudfront.net\/12\/2021\/06\/markus-spiske-WUehAgqO5hE-unsplash.jpg\",\"datePublished\":\"2021-06-18T06:00:20+00:00\",\"author\":{\"@id\":\"https:\/\/www.welovecycling.com\/hu\/#\/schema\/person\/414a2aebf1801691a5320edb6468e194\"},\"description\":\"M\u00e1r biztos, hogy az idei Tour de France Bretagne-b\u0151l rajtol j\u00fanius 26-\u00e1n \u00e9s tele lesz olyan kih\u00edv\u00e1sokkal, mint amilyen a dupla Mont Ventoux vagy az andorrai kit\u00e9r\u0151. \u00cdme, az idei Tour 21 embert pr\u00f3b\u00e1l\u00f3 szakasza.\",\"breadcrumb\":{\"@id\":\"https:\/\/www.welovecycling.com\/hu\/orszaguti-kerekpar\/tour-de-france-2021-a-108-korverseny-utvonala\/#breadcrumb\"},\"inLanguage\":\"hu\",\"potentialAction\":[{\"@type\":\"ReadAction\",\"target\":[\"https:\/\/www.welovecycling.com\/hu\/orszaguti-kerekpar\/tour-de-france-2021-a-108-korverseny-utvonala\/\"]}]},{\"@type\":\"ImageObject\",\"inLanguage\":\"hu\",\"@id\":\"https:\/\/www.welovecycling.com\/hu\/orszaguti-kerekpar\/tour-de-france-2021-a-108-korverseny-utvonala\/#primaryimage\",\"url\":\"https:\/\/d2p6e6u75xmxt8.cloudfront.net\/12\/2021\/06\/markus-spiske-WUehAgqO5hE-unsplash.jpg\",\"contentUrl\":\"https:\/\/d2p6e6u75xmxt8.cloudfront.net\/12\/2021\/06\/markus-spiske-WUehAgqO5hE-unsplash.jpg\",\"width\":1920,\"height\":1280},{\"@type\":\"BreadcrumbList\",\"@id\":\"https:\/\/www.welovecycling.com\/hu\/orszaguti-kerekpar\/tour-de-france-2021-a-108-korverseny-utvonala\/#breadcrumb\",\"itemListElement\":[{\"@type\":\"ListItem\",\"position\":1,\"name\":\"Home\",\"item\":\"https:\/\/www.welovecycling.com\/hu\/\"},{\"@type\":\"ListItem\",\"position\":2,\"name\":\"Tour de France 2021: a 108. k\u00f6rverseny \u00fatvonala\"}]},{\"@type\":\"WebSite\",\"@id\":\"https:\/\/www.welovecycling.com\/hu\/#website\",\"url\":\"https:\/\/www.welovecycling.com\/hu\/\",\"name\":\"\u0160koda We Love Cycling - Magyarorsz\u00e1g\",\"description\":\"\u0160koda WeLoveCycling\",\"potentialAction\":[{\"@type\":\"SearchAction\",\"target\":{\"@type\":\"EntryPoint\",\"urlTemplate\":\"https:\/\/www.welovecycling.com\/hu\/?s={search_term_string}\"},\"query-input\":{\"@type\":\"PropertyValueSpecification\",\"valueRequired\":true,\"valueName\":\"search_term_string\"}}],\"inLanguage\":\"hu\"},{\"@type\":\"Person\",\"@id\":\"https:\/\/www.welovecycling.com\/hu\/#\/schema\/person\/414a2aebf1801691a5320edb6468e194\",\"name\":\"hegyizs\",\"image\":{\"@type\":\"ImageObject\",\"inLanguage\":\"hu\",\"@id\":\"https:\/\/www.welovecycling.com\/hu\/#\/schema\/person\/image\/\",\"url\":\"https:\/\/secure.gravatar.com\/avatar\/02cf8a7906b8cf90cecb4679defac7cfd33a1c2e3b88e4903d947f3bb58eedd3?s=96&d=mm&r=g\",\"contentUrl\":\"https:\/\/secure.gravatar.com\/avatar\/02cf8a7906b8cf90cecb4679defac7cfd33a1c2e3b88e4903d947f3bb58eedd3?s=96&d=mm&r=g\",\"caption\":\"hegyizs\"},\"url\":\"https:\/\/www.welovecycling.com\/hu\/author\/hegyizs\/\"}]}<\/script>\n<!-- \/ Yoast SEO Premium plugin. -->","yoast_head_json":{"title":"Tour de France 2021: a 108. k\u00f6rverseny \u00fatvonala","description":"M\u00e1r biztos, hogy az idei Tour de France Bretagne-b\u0151l rajtol j\u00fanius 26-\u00e1n \u00e9s tele lesz olyan kih\u00edv\u00e1sokkal, mint amilyen a dupla Mont Ventoux vagy az andorrai kit\u00e9r\u0151. \u00cdme, az idei Tour 21 embert pr\u00f3b\u00e1l\u00f3 szakasza.","robots":{"index":"index","follow":"follow","max-snippet":"max-snippet:-1","max-image-preview":"max-image-preview:large","max-video-preview":"max-video-preview:-1"},"canonical":"https:\/\/www.welovecycling.com\/hu\/orszaguti-kerekpar\/tour-de-france-2021-a-108-korverseny-utvonala\/","og_locale":"hu_HU","og_type":"article","og_title":"Tour de France 2021: a 108. k\u00f6rverseny \u00fatvonala","og_description":"M\u00e1r biztos, hogy az idei Tour de France Bretagne-b\u0151l rajtol j\u00fanius 26-\u00e1n \u00e9s tele lesz olyan kih\u00edv\u00e1sokkal, mint amilyen a dupla Mont Ventoux vagy az andorrai kit\u00e9r\u0151. \u00cdme, az idei Tour 21 embert pr\u00f3b\u00e1l\u00f3 szakasza.","og_url":"https:\/\/www.welovecycling.com\/hu\/orszaguti-kerekpar\/tour-de-france-2021-a-108-korverseny-utvonala\/","og_site_name":"\u0160koda We Love Cycling - Magyarorsz\u00e1g","article_publisher":"https:\/\/www.facebook.com\/WeLoveCyclingHungary\/","article_published_time":"2021-06-18T06:00:20+00:00","og_image":[{"width":1920,"height":1280,"url":"https:\/\/d2p6e6u75xmxt8.cloudfront.net\/12\/2021\/06\/markus-spiske-WUehAgqO5hE-unsplash.jpg","type":"image\/jpeg"}],"author":"hegyizs","twitter_card":"summary_large_image","twitter_misc":{"Written by":"WLC","Est. reading time":"2 minutes"},"schema":{"@context":"https:\/\/schema.org","@graph":[{"@type":"WebPage","@id":"https:\/\/www.welovecycling.com\/hu\/orszaguti-kerekpar\/tour-de-france-2021-a-108-korverseny-utvonala\/","url":"https:\/\/www.welovecycling.com\/hu\/orszaguti-kerekpar\/tour-de-france-2021-a-108-korverseny-utvonala\/","name":"Tour de France 2021: a 108. k\u00f6rverseny \u00fatvonala","isPartOf":{"@id":"https:\/\/www.welovecycling.com\/hu\/#website"},"primaryImageOfPage":{"@id":"https:\/\/www.welovecycling.com\/hu\/orszaguti-kerekpar\/tour-de-france-2021-a-108-korverseny-utvonala\/#primaryimage"},"image":{"@id":"https:\/\/www.welovecycling.com\/hu\/orszaguti-kerekpar\/tour-de-france-2021-a-108-korverseny-utvonala\/#primaryimage"},"thumbnailUrl":"https:\/\/d2p6e6u75xmxt8.cloudfront.net\/12\/2021\/06\/markus-spiske-WUehAgqO5hE-unsplash.jpg","datePublished":"2021-06-18T06:00:20+00:00","author":{"@id":"https:\/\/www.welovecycling.com\/hu\/#\/schema\/person\/414a2aebf1801691a5320edb6468e194"},"description":"M\u00e1r biztos, hogy az idei Tour de France Bretagne-b\u0151l rajtol j\u00fanius 26-\u00e1n \u00e9s tele lesz olyan kih\u00edv\u00e1sokkal, mint amilyen a dupla Mont Ventoux vagy az andorrai kit\u00e9r\u0151. \u00cdme, az idei Tour 21 embert pr\u00f3b\u00e1l\u00f3 szakasza.","breadcrumb":{"@id":"https:\/\/www.welovecycling.com\/hu\/orszaguti-kerekpar\/tour-de-france-2021-a-108-korverseny-utvonala\/#breadcrumb"},"inLanguage":"hu","potentialAction":[{"@type":"ReadAction","target":["https:\/\/www.welovecycling.com\/hu\/orszaguti-kerekpar\/tour-de-france-2021-a-108-korverseny-utvonala\/"]}]},{"@type":"ImageObject","inLanguage":"hu","@id":"https:\/\/www.welovecycling.com\/hu\/orszaguti-kerekpar\/tour-de-france-2021-a-108-korverseny-utvonala\/#primaryimage","url":"https:\/\/d2p6e6u75xmxt8.cloudfront.net\/12\/2021\/06\/markus-spiske-WUehAgqO5hE-unsplash.jpg","contentUrl":"https:\/\/d2p6e6u75xmxt8.cloudfront.net\/12\/2021\/06\/markus-spiske-WUehAgqO5hE-unsplash.jpg","width":1920,"height":1280},{"@type":"BreadcrumbList","@id":"https:\/\/www.welovecycling.com\/hu\/orszaguti-kerekpar\/tour-de-france-2021-a-108-korverseny-utvonala\/#breadcrumb","itemListElement":[{"@type":"ListItem","position":1,"name":"Home","item":"https:\/\/www.welovecycling.com\/hu\/"},{"@type":"ListItem","position":2,"name":"Tour de France 2021: a 108. k\u00f6rverseny \u00fatvonala"}]},{"@type":"WebSite","@id":"https:\/\/www.welovecycling.com\/hu\/#website","url":"https:\/\/www.welovecycling.com\/hu\/","name":"\u0160koda We Love Cycling - Magyarorsz\u00e1g","description":"\u0160koda WeLoveCycling","potentialAction":[{"@type":"SearchAction","target":{"@type":"EntryPoint","urlTemplate":"https:\/\/www.welovecycling.com\/hu\/?s={search_term_string}"},"query-input":{"@type":"PropertyValueSpecification","valueRequired":true,"valueName":"search_term_string"}}],"inLanguage":"hu"},{"@type":"Person","@id":"https:\/\/www.welovecycling.com\/hu\/#\/schema\/person\/414a2aebf1801691a5320edb6468e194","name":"hegyizs","image":{"@type":"ImageObject","inLanguage":"hu","@id":"https:\/\/www.welovecycling.com\/hu\/#\/schema\/person\/image\/","url":"https:\/\/secure.gravatar.com\/avatar\/02cf8a7906b8cf90cecb4679defac7cfd33a1c2e3b88e4903d947f3bb58eedd3?s=96&d=mm&r=g","contentUrl":"https:\/\/secure.gravatar.com\/avatar\/02cf8a7906b8cf90cecb4679defac7cfd33a1c2e3b88e4903d947f3bb58eedd3?s=96&d=mm&r=g","caption":"hegyizs"},"url":"https:\/\/www.welovecycling.com\/hu\/author\/hegyizs\/"}]}},"_links":{"self":[{"href":"https:\/\/www.welovecycling.com\/hu\/wp-json\/wp\/v2\/posts\/11724","targetHints":{"allow":["GET"]}}],"collection":[{"href":"https:\/\/www.welovecycling.com\/hu\/wp-json\/wp\/v2\/posts"}],"about":[{"href":"https:\/\/www.welovecycling.com\/hu\/wp-json\/wp\/v2\/types\/post"}],"author":[{"embeddable":true,"href":"https:\/\/www.welovecycling.com\/hu\/wp-json\/wp\/v2\/users\/71"}],"replies":[{"embeddable":true,"href":"https:\/\/www.welovecycling.com\/hu\/wp-json\/wp\/v2\/comments?post=11724"}],"version-history":[{"count":1,"href":"https:\/\/www.welovecycling.com\/hu\/wp-json\/wp\/v2\/posts\/11724\/revisions"}],"predecessor-version":[{"id":11727,"href":"https:\/\/www.welovecycling.com\/hu\/wp-json\/wp\/v2\/posts\/11724\/revisions\/11727"}],"wp:featuredmedia":[{"embeddable":true,"href":"https:\/\/www.welovecycling.com\/hu\/wp-json\/wp\/v2\/media\/11725"}],"wp:attachment":[{"href":"https:\/\/www.welovecycling.com\/hu\/wp-json\/wp\/v2\/media?parent=11724"}],"wp:term":[{"taxonomy":"category","embeddable":true,"href":"https:\/\/www.welovecycling.com\/hu\/wp-json\/wp\/v2\/categories?post=11724"},{"taxonomy":"post_tag","embeddable":true,"href":"https:\/\/www.welovecycling.com\/hu\/wp-json\/wp\/v2\/tags?post=11724"},{"taxonomy":"global-categories","embeddable":true,"href":"https:\/\/www.welovecycling.com\/hu\/wp-json\/wp\/v2\/global-categories?post=11724"}],"curies":[{"name":"wp","href":"https:\/\/api.w.org\/{rel}","templated":true}]}}