{"id":11721,"date":"2021-06-17T08:00:23","date_gmt":"2021-06-17T06:00:23","guid":{"rendered":"https:\/\/www.welovecycling.com\/hu\/?p=11721"},"modified":"2022-02-03T13:00:59","modified_gmt":"2022-02-03T11:00:59","slug":"a-honap-utvonala-junius-bukkszentkereszt-odorvar-felsotarkany","status":"publish","type":"post","link":"https:\/\/www.welovecycling.com\/hu\/honap-utvonala\/a-honap-utvonala-junius-bukkszentkereszt-odorvar-felsotarkany\/","title":{"rendered":"A h\u00f3nap \u00fatvonala \u2013 J\u00fanius: B\u00fckkszentkereszt, \u00d3dorv\u00e1r, Fels\u0151t\u00e1rk\u00e1ny"},"content":{"rendered":"<p><strong>J\u00faniusban egy hosszabb utat hoztunk el nektek Attil\u00e1nak k\u00f6sz\u00f6nhet\u0151en, aki ez\u00fattal a B\u00fckkben j\u00e1rt bring\u00e1s csapat\u00e1val. A majdnem 100 km-es \u00fatnak van olyan szakasza, ami csal\u00e1dbar\u00e1t \u00e9s van olyan, ami nagyobb kih\u00edv\u00e1s, de a l\u00e1tv\u00e1ny\u00e9rt most is meg\u00e9rte k\u00fczdeni \u2013 s\u0151t, egy kicsit m\u00e9g elt\u00e9vedni is.<\/strong><!--more--><\/p>\n<p><em>&#8220;M\u00e9g nem t\u00e9vedt\u00fcnk el, de m\u00e1r nem tudjuk, merre vagyunk\u201d<\/em> &#8211; hangzik a mondat a vide\u00f3ban, amikor Attil\u00e1\u00e9k akarva-akaratlanul let\u00e9rtek az \u00fatr\u00f3l. Ez egy fontos momentum, ami\u00e9rt m\u00e1r meg\u00e9ri megn\u00e9zni a felv\u00e9telt, hogy mi ne k\u00f6vess\u00fck el ugyanezt a hib\u00e1t, de persze nem csak ez\u00e9rt szeretj\u00fck az \u00f6sszefoglal\u00f3t. Minden bring\u00e1s \u00e9s t\u00far\u00e1z\u00f3 tudja, hogy semmi sem adja vissza azt az \u00e9rz\u00e9st, amikor egy cs\u00facsra fel\u00e9rve el\u00e9nk t\u00e1rul a gy\u00f6ny\u00f6r\u0171 tavaszi erd\u0151, Attila profi dr\u00f3nos felv\u00e9telei azonban k\u00f6zel \u00e1llnak hozz\u00e1. A legjobb kil\u00e1t\u00f3pontok mellett pedig azt is megtudhatjuk, hol lehet gyrost enni \u00e9s meggyes s\u00f6rt inni \u00fatk\u00f6zben!<\/p>\n<p><img loading=\"lazy\" decoding=\"async\" class=\"aligncenter size-large wp-image-11722\" src=\"https:\/\/d2p6e6u75xmxt8.cloudfront.net\/12\/2021\/06\/huv_06-1024x659.png\" alt=\"\" width=\"1024\" height=\"659\" srcset=\"https:\/\/d2p6e6u75xmxt8.cloudfront.net\/12\/2021\/06\/huv_06-1024x659.png 1024w, https:\/\/d2p6e6u75xmxt8.cloudfront.net\/12\/2021\/06\/huv_06-300x193.png 300w, https:\/\/d2p6e6u75xmxt8.cloudfront.net\/12\/2021\/06\/huv_06-768x494.png 768w, https:\/\/d2p6e6u75xmxt8.cloudfront.net\/12\/2021\/06\/huv_06.png 1178w\" sizes=\"auto, (max-width: 1024px) 100vw, 1024px\" \/><\/p>\n<p>A B\u00fckki Nemzeti Parkot k\u00f6r\u00fcl\u00f6lel\u0151 t\u00fara B\u00fckkszentkeresztr\u0151l indul, kisebb-nagyobb emelked\u0151ket, izgalmas cs\u00facsokat \u00e9s nyugodt fenns\u00edkokat foglal mag\u00e1ban: <a href=\"https:\/\/www.strava.com\/activities\/5269037762?share_sig=%5BC%405765ce31622553375&amp;utm_medium=social&amp;utm_source=android_share\">a teljes \u00fatvonalat itt \u00e9ritek el<\/a>.<\/p>\n<p>Attila szerint az \u00fatvonal legszebb r\u00e9sze \u00d3dorv\u00e1r, ami csal\u00e1dok sz\u00e1m\u00e1ra is k\u00f6nnyed\u00e9n megk\u00f6zel\u00edthet\u0151, teh\u00e1t nem kell a teljes 94 km-es t\u00far\u00e1t megtenni a leny\u0171g\u00f6z\u0151 kil\u00e1t\u00e1s\u00e9rt! A csapat 5 \u00f3ra alatt tekerte le a t\u00far\u00e1t, ebben persze benne van az is, hogy kicsit elt\u00e9vedtek, de v\u00e9gig nyugodt temp\u00f3ban tekertek, teh\u00e1t biztosan nem fog r\u00e1d s\u00f6t\u00e9tedni az erd\u0151ben, ha id\u0151ben indulsz, akkor sem, ha nem vagy a legjobb form\u00e1dban. Persze a 2,123 m\u00e9teres szintemelked\u00e9ssel meg kell k\u00fczdeni, nincs mese, de hidd el, meg\u00e9ri! J Hajr\u00e1!<\/p>\n<p><em>Ha te is szeretn\u00e9d megosztani kedvenc \u00fatvonalaidat bring\u00e1s k\u00f6z\u00f6ss\u00e9g\u00fcnkkel, k\u00e9sz\u00edts fot\u00f3kat, \u00e9s k\u00fcldj el nek\u00fcnk egy besz\u00e1mol\u00f3t a t\u00far\u00e1r\u00f3l, illetve a legfontosabb tudnival\u00f3kr\u00f3l a <\/em><a href=\"https:\/\/www.welovecycling.com\/hu\/honap-utvonala\/honap-utvonala-szeptember-zelenij-linda-kedvenc-dh-palyaja\/welovecycling@skoda.hu\"><em>welovecycling@skoda.hu<\/em><\/a><em>\u00a0e-mail c\u00edmre! <\/em> <em>Ha pedig tov\u00e1bbi inspir\u00e1ci\u00f3t keresel k\u00f6vetkez\u0151 t\u00far\u00e1dhoz, n\u00e9zd meg <a href=\"https:\/\/www.welovecycling.com\/hu\/category\/honap-utvonala\/\">kor\u00e1bbi \u00fatvonalainkat<\/a>!<\/em><\/p>\n","protected":false},"excerpt":{"rendered":"<p>J\u00faniusban egy hosszabb utat hoztunk el nektek Attil\u00e1nak k\u00f6sz\u00f6nhet\u0151en, aki ez\u00fattal a B\u00fckkben j\u00e1rt bring\u00e1s csapat\u00e1val. A majdnem 100 km-es [&hellip;]<\/p>\n","protected":false},"author":71,"featured_media":11729,"comment_status":"closed","ping_status":"closed","sticky":false,"template":"","format":"video","meta":{"footnotes":""},"categories":[461],"tags":[],"global-categories":[],"class_list":["post-11721","post","type-post","status-publish","format-video","has-post-thumbnail","hentry","category-honap-utvonala","post_format-post-format-video"],"yoast_head":"<!-- This site is optimized with the Yoast SEO Premium plugin v25.3 (Yoast SEO v25.9) - https:\/\/yoast.com\/wordpress\/plugins\/seo\/ -->\n<title>A h\u00f3nap \u00fatvonala \u2013 J\u00fanius: B\u00fckkszentkereszt, \u00d3dorv\u00e1r, Fels\u0151t\u00e1rk\u00e1ny<\/title>\n<meta name=\"description\" content=\"J\u00faniusban egy hosszabb utat hoztunk el nektek Attil\u00e1nak k\u00f6sz\u00f6nhet\u0151en, aki ez\u00fattal a B\u00fckkben j\u00e1rt bring\u00e1s csapat\u00e1val. A majdnem 100 km-es \u00fatnak van olyan szakasza, ami csal\u00e1dbar\u00e1t \u00e9s van olyan, ami nagyobb kih\u00edv\u00e1s, de a l\u00e1tv\u00e1ny\u00e9rt most is meg\u00e9rte k\u00fczdeni \u2013 s\u0151t, egy kicsit m\u00e9g elt\u00e9vedni is.\" \/>\n<meta name=\"robots\" content=\"index, follow, max-snippet:-1, max-image-preview:large, max-video-preview:-1\" \/>\n<link rel=\"canonical\" href=\"https:\/\/www.welovecycling.com\/hu\/honap-utvonala\/a-honap-utvonala-junius-bukkszentkereszt-odorvar-felsotarkany\/\" \/>\n<meta property=\"og:locale\" content=\"hu_HU\" \/>\n<meta property=\"og:type\" content=\"article\" \/>\n<meta property=\"og:title\" content=\"A h\u00f3nap \u00fatvonala \u2013 J\u00fanius: B\u00fckkszentkereszt, \u00d3dorv\u00e1r, Fels\u0151t\u00e1rk\u00e1ny\" \/>\n<meta property=\"og:description\" content=\"J\u00faniusban egy hosszabb utat hoztunk el nektek Attil\u00e1nak k\u00f6sz\u00f6nhet\u0151en, aki ez\u00fattal a B\u00fckkben j\u00e1rt bring\u00e1s csapat\u00e1val. A majdnem 100 km-es \u00fatnak van olyan szakasza, ami csal\u00e1dbar\u00e1t \u00e9s van olyan, ami nagyobb kih\u00edv\u00e1s, de a l\u00e1tv\u00e1ny\u00e9rt most is meg\u00e9rte k\u00fczdeni \u2013 s\u0151t, egy kicsit m\u00e9g elt\u00e9vedni is.\" \/>\n<meta property=\"og:url\" content=\"https:\/\/www.welovecycling.com\/hu\/honap-utvonala\/a-honap-utvonala-junius-bukkszentkereszt-odorvar-felsotarkany\/\" \/>\n<meta property=\"og:site_name\" content=\"\u0160koda We Love Cycling - Magyarorsz\u00e1g\" \/>\n<meta property=\"article:publisher\" content=\"https:\/\/www.facebook.com\/WeLoveCyclingHungary\/\" \/>\n<meta property=\"article:published_time\" content=\"2021-06-17T06:00:23+00:00\" \/>\n<meta property=\"article:modified_time\" content=\"2022-02-03T11:00:59+00:00\" \/>\n<meta property=\"og:image\" content=\"https:\/\/d2p6e6u75xmxt8.cloudfront.net\/12\/2021\/06\/wl012_honap_utvonala_fb_share_1-min.png\" \/>\n\t<meta property=\"og:image:width\" content=\"1200\" \/>\n\t<meta property=\"og:image:height\" content=\"628\" \/>\n\t<meta property=\"og:image:type\" content=\"image\/png\" \/>\n<meta name=\"author\" content=\"hegyizs\" \/>\n<meta name=\"twitter:card\" content=\"summary_large_image\" \/>\n<meta name=\"twitter:label1\" content=\"Written by\" \/>\n\t<meta name=\"twitter:data1\" content=\"WLC\" \/>\n\t<meta name=\"twitter:label2\" content=\"Est. reading time\" \/>\n\t<meta name=\"twitter:data2\" content=\"2 minutes\" \/>\n<script type=\"application\/ld+json\" class=\"yoast-schema-graph\">{\"@context\":\"https:\/\/schema.org\",\"@graph\":[{\"@type\":\"WebPage\",\"@id\":\"https:\/\/www.welovecycling.com\/hu\/honap-utvonala\/a-honap-utvonala-junius-bukkszentkereszt-odorvar-felsotarkany\/\",\"url\":\"https:\/\/www.welovecycling.com\/hu\/honap-utvonala\/a-honap-utvonala-junius-bukkszentkereszt-odorvar-felsotarkany\/\",\"name\":\"A h\u00f3nap \u00fatvonala \u2013 J\u00fanius: B\u00fckkszentkereszt, \u00d3dorv\u00e1r, Fels\u0151t\u00e1rk\u00e1ny\",\"isPartOf\":{\"@id\":\"https:\/\/www.welovecycling.com\/hu\/#website\"},\"primaryImageOfPage\":{\"@id\":\"https:\/\/www.welovecycling.com\/hu\/honap-utvonala\/a-honap-utvonala-junius-bukkszentkereszt-odorvar-felsotarkany\/#primaryimage\"},\"image\":{\"@id\":\"https:\/\/www.welovecycling.com\/hu\/honap-utvonala\/a-honap-utvonala-junius-bukkszentkereszt-odorvar-felsotarkany\/#primaryimage\"},\"thumbnailUrl\":\"https:\/\/d2p6e6u75xmxt8.cloudfront.net\/12\/2021\/06\/wl012_honap_utvonala_fb_share_1-min.png\",\"datePublished\":\"2021-06-17T06:00:23+00:00\",\"dateModified\":\"2022-02-03T11:00:59+00:00\",\"author\":{\"@id\":\"https:\/\/www.welovecycling.com\/hu\/#\/schema\/person\/414a2aebf1801691a5320edb6468e194\"},\"description\":\"J\u00faniusban egy hosszabb utat hoztunk el nektek Attil\u00e1nak k\u00f6sz\u00f6nhet\u0151en, aki ez\u00fattal a B\u00fckkben j\u00e1rt bring\u00e1s csapat\u00e1val. A majdnem 100 km-es \u00fatnak van olyan szakasza, ami csal\u00e1dbar\u00e1t \u00e9s van olyan, ami nagyobb kih\u00edv\u00e1s, de a l\u00e1tv\u00e1ny\u00e9rt most is meg\u00e9rte k\u00fczdeni \u2013 s\u0151t, egy kicsit m\u00e9g elt\u00e9vedni is.\",\"breadcrumb\":{\"@id\":\"https:\/\/www.welovecycling.com\/hu\/honap-utvonala\/a-honap-utvonala-junius-bukkszentkereszt-odorvar-felsotarkany\/#breadcrumb\"},\"inLanguage\":\"hu\",\"potentialAction\":[{\"@type\":\"ReadAction\",\"target\":[\"https:\/\/www.welovecycling.com\/hu\/honap-utvonala\/a-honap-utvonala-junius-bukkszentkereszt-odorvar-felsotarkany\/\"]}]},{\"@type\":\"ImageObject\",\"inLanguage\":\"hu\",\"@id\":\"https:\/\/www.welovecycling.com\/hu\/honap-utvonala\/a-honap-utvonala-junius-bukkszentkereszt-odorvar-felsotarkany\/#primaryimage\",\"url\":\"https:\/\/d2p6e6u75xmxt8.cloudfront.net\/12\/2021\/06\/wl012_honap_utvonala_fb_share_1-min.png\",\"contentUrl\":\"https:\/\/d2p6e6u75xmxt8.cloudfront.net\/12\/2021\/06\/wl012_honap_utvonala_fb_share_1-min.png\",\"width\":1200,\"height\":628},{\"@type\":\"BreadcrumbList\",\"@id\":\"https:\/\/www.welovecycling.com\/hu\/honap-utvonala\/a-honap-utvonala-junius-bukkszentkereszt-odorvar-felsotarkany\/#breadcrumb\",\"itemListElement\":[{\"@type\":\"ListItem\",\"position\":1,\"name\":\"Home\",\"item\":\"https:\/\/www.welovecycling.com\/hu\/\"},{\"@type\":\"ListItem\",\"position\":2,\"name\":\"A h\u00f3nap \u00fatvonala \u2013 J\u00fanius: B\u00fckkszentkereszt, \u00d3dorv\u00e1r, Fels\u0151t\u00e1rk\u00e1ny\"}]},{\"@type\":\"WebSite\",\"@id\":\"https:\/\/www.welovecycling.com\/hu\/#website\",\"url\":\"https:\/\/www.welovecycling.com\/hu\/\",\"name\":\"\u0160koda We Love Cycling - Magyarorsz\u00e1g\",\"description\":\"\u0160koda WeLoveCycling\",\"potentialAction\":[{\"@type\":\"SearchAction\",\"target\":{\"@type\":\"EntryPoint\",\"urlTemplate\":\"https:\/\/www.welovecycling.com\/hu\/?s={search_term_string}\"},\"query-input\":{\"@type\":\"PropertyValueSpecification\",\"valueRequired\":true,\"valueName\":\"search_term_string\"}}],\"inLanguage\":\"hu\"},{\"@type\":\"Person\",\"@id\":\"https:\/\/www.welovecycling.com\/hu\/#\/schema\/person\/414a2aebf1801691a5320edb6468e194\",\"name\":\"hegyizs\",\"image\":{\"@type\":\"ImageObject\",\"inLanguage\":\"hu\",\"@id\":\"https:\/\/www.welovecycling.com\/hu\/#\/schema\/person\/image\/\",\"url\":\"https:\/\/secure.gravatar.com\/avatar\/02cf8a7906b8cf90cecb4679defac7cfd33a1c2e3b88e4903d947f3bb58eedd3?s=96&d=mm&r=g\",\"contentUrl\":\"https:\/\/secure.gravatar.com\/avatar\/02cf8a7906b8cf90cecb4679defac7cfd33a1c2e3b88e4903d947f3bb58eedd3?s=96&d=mm&r=g\",\"caption\":\"hegyizs\"},\"url\":\"https:\/\/www.welovecycling.com\/hu\/author\/hegyizs\/\"}]}<\/script>\n<!-- \/ Yoast SEO Premium plugin. -->","yoast_head_json":{"title":"A h\u00f3nap \u00fatvonala \u2013 J\u00fanius: B\u00fckkszentkereszt, \u00d3dorv\u00e1r, Fels\u0151t\u00e1rk\u00e1ny","description":"J\u00faniusban egy hosszabb utat hoztunk el nektek Attil\u00e1nak k\u00f6sz\u00f6nhet\u0151en, aki ez\u00fattal a B\u00fckkben j\u00e1rt bring\u00e1s csapat\u00e1val. A majdnem 100 km-es \u00fatnak van olyan szakasza, ami csal\u00e1dbar\u00e1t \u00e9s van olyan, ami nagyobb kih\u00edv\u00e1s, de a l\u00e1tv\u00e1ny\u00e9rt most is meg\u00e9rte k\u00fczdeni \u2013 s\u0151t, egy kicsit m\u00e9g elt\u00e9vedni is.","robots":{"index":"index","follow":"follow","max-snippet":"max-snippet:-1","max-image-preview":"max-image-preview:large","max-video-preview":"max-video-preview:-1"},"canonical":"https:\/\/www.welovecycling.com\/hu\/honap-utvonala\/a-honap-utvonala-junius-bukkszentkereszt-odorvar-felsotarkany\/","og_locale":"hu_HU","og_type":"article","og_title":"A h\u00f3nap \u00fatvonala \u2013 J\u00fanius: B\u00fckkszentkereszt, \u00d3dorv\u00e1r, Fels\u0151t\u00e1rk\u00e1ny","og_description":"J\u00faniusban egy hosszabb utat hoztunk el nektek Attil\u00e1nak k\u00f6sz\u00f6nhet\u0151en, aki ez\u00fattal a B\u00fckkben j\u00e1rt bring\u00e1s csapat\u00e1val. A majdnem 100 km-es \u00fatnak van olyan szakasza, ami csal\u00e1dbar\u00e1t \u00e9s van olyan, ami nagyobb kih\u00edv\u00e1s, de a l\u00e1tv\u00e1ny\u00e9rt most is meg\u00e9rte k\u00fczdeni \u2013 s\u0151t, egy kicsit m\u00e9g elt\u00e9vedni is.","og_url":"https:\/\/www.welovecycling.com\/hu\/honap-utvonala\/a-honap-utvonala-junius-bukkszentkereszt-odorvar-felsotarkany\/","og_site_name":"\u0160koda We Love Cycling - Magyarorsz\u00e1g","article_publisher":"https:\/\/www.facebook.com\/WeLoveCyclingHungary\/","article_published_time":"2021-06-17T06:00:23+00:00","article_modified_time":"2022-02-03T11:00:59+00:00","og_image":[{"width":1200,"height":628,"url":"https:\/\/d2p6e6u75xmxt8.cloudfront.net\/12\/2021\/06\/wl012_honap_utvonala_fb_share_1-min.png","type":"image\/png"}],"author":"hegyizs","twitter_card":"summary_large_image","twitter_misc":{"Written by":"WLC","Est. reading time":"2 minutes"},"schema":{"@context":"https:\/\/schema.org","@graph":[{"@type":"WebPage","@id":"https:\/\/www.welovecycling.com\/hu\/honap-utvonala\/a-honap-utvonala-junius-bukkszentkereszt-odorvar-felsotarkany\/","url":"https:\/\/www.welovecycling.com\/hu\/honap-utvonala\/a-honap-utvonala-junius-bukkszentkereszt-odorvar-felsotarkany\/","name":"A h\u00f3nap \u00fatvonala \u2013 J\u00fanius: B\u00fckkszentkereszt, \u00d3dorv\u00e1r, Fels\u0151t\u00e1rk\u00e1ny","isPartOf":{"@id":"https:\/\/www.welovecycling.com\/hu\/#website"},"primaryImageOfPage":{"@id":"https:\/\/www.welovecycling.com\/hu\/honap-utvonala\/a-honap-utvonala-junius-bukkszentkereszt-odorvar-felsotarkany\/#primaryimage"},"image":{"@id":"https:\/\/www.welovecycling.com\/hu\/honap-utvonala\/a-honap-utvonala-junius-bukkszentkereszt-odorvar-felsotarkany\/#primaryimage"},"thumbnailUrl":"https:\/\/d2p6e6u75xmxt8.cloudfront.net\/12\/2021\/06\/wl012_honap_utvonala_fb_share_1-min.png","datePublished":"2021-06-17T06:00:23+00:00","dateModified":"2022-02-03T11:00:59+00:00","author":{"@id":"https:\/\/www.welovecycling.com\/hu\/#\/schema\/person\/414a2aebf1801691a5320edb6468e194"},"description":"J\u00faniusban egy hosszabb utat hoztunk el nektek Attil\u00e1nak k\u00f6sz\u00f6nhet\u0151en, aki ez\u00fattal a B\u00fckkben j\u00e1rt bring\u00e1s csapat\u00e1val. A majdnem 100 km-es \u00fatnak van olyan szakasza, ami csal\u00e1dbar\u00e1t \u00e9s van olyan, ami nagyobb kih\u00edv\u00e1s, de a l\u00e1tv\u00e1ny\u00e9rt most is meg\u00e9rte k\u00fczdeni \u2013 s\u0151t, egy kicsit m\u00e9g elt\u00e9vedni is.","breadcrumb":{"@id":"https:\/\/www.welovecycling.com\/hu\/honap-utvonala\/a-honap-utvonala-junius-bukkszentkereszt-odorvar-felsotarkany\/#breadcrumb"},"inLanguage":"hu","potentialAction":[{"@type":"ReadAction","target":["https:\/\/www.welovecycling.com\/hu\/honap-utvonala\/a-honap-utvonala-junius-bukkszentkereszt-odorvar-felsotarkany\/"]}]},{"@type":"ImageObject","inLanguage":"hu","@id":"https:\/\/www.welovecycling.com\/hu\/honap-utvonala\/a-honap-utvonala-junius-bukkszentkereszt-odorvar-felsotarkany\/#primaryimage","url":"https:\/\/d2p6e6u75xmxt8.cloudfront.net\/12\/2021\/06\/wl012_honap_utvonala_fb_share_1-min.png","contentUrl":"https:\/\/d2p6e6u75xmxt8.cloudfront.net\/12\/2021\/06\/wl012_honap_utvonala_fb_share_1-min.png","width":1200,"height":628},{"@type":"BreadcrumbList","@id":"https:\/\/www.welovecycling.com\/hu\/honap-utvonala\/a-honap-utvonala-junius-bukkszentkereszt-odorvar-felsotarkany\/#breadcrumb","itemListElement":[{"@type":"ListItem","position":1,"name":"Home","item":"https:\/\/www.welovecycling.com\/hu\/"},{"@type":"ListItem","position":2,"name":"A h\u00f3nap \u00fatvonala \u2013 J\u00fanius: B\u00fckkszentkereszt, \u00d3dorv\u00e1r, Fels\u0151t\u00e1rk\u00e1ny"}]},{"@type":"WebSite","@id":"https:\/\/www.welovecycling.com\/hu\/#website","url":"https:\/\/www.welovecycling.com\/hu\/","name":"\u0160koda We Love Cycling - Magyarorsz\u00e1g","description":"\u0160koda WeLoveCycling","potentialAction":[{"@type":"SearchAction","target":{"@type":"EntryPoint","urlTemplate":"https:\/\/www.welovecycling.com\/hu\/?s={search_term_string}"},"query-input":{"@type":"PropertyValueSpecification","valueRequired":true,"valueName":"search_term_string"}}],"inLanguage":"hu"},{"@type":"Person","@id":"https:\/\/www.welovecycling.com\/hu\/#\/schema\/person\/414a2aebf1801691a5320edb6468e194","name":"hegyizs","image":{"@type":"ImageObject","inLanguage":"hu","@id":"https:\/\/www.welovecycling.com\/hu\/#\/schema\/person\/image\/","url":"https:\/\/secure.gravatar.com\/avatar\/02cf8a7906b8cf90cecb4679defac7cfd33a1c2e3b88e4903d947f3bb58eedd3?s=96&d=mm&r=g","contentUrl":"https:\/\/secure.gravatar.com\/avatar\/02cf8a7906b8cf90cecb4679defac7cfd33a1c2e3b88e4903d947f3bb58eedd3?s=96&d=mm&r=g","caption":"hegyizs"},"url":"https:\/\/www.welovecycling.com\/hu\/author\/hegyizs\/"}]}},"_links":{"self":[{"href":"https:\/\/www.welovecycling.com\/hu\/wp-json\/wp\/v2\/posts\/11721","targetHints":{"allow":["GET"]}}],"collection":[{"href":"https:\/\/www.welovecycling.com\/hu\/wp-json\/wp\/v2\/posts"}],"about":[{"href":"https:\/\/www.welovecycling.com\/hu\/wp-json\/wp\/v2\/types\/post"}],"author":[{"embeddable":true,"href":"https:\/\/www.welovecycling.com\/hu\/wp-json\/wp\/v2\/users\/71"}],"replies":[{"embeddable":true,"href":"https:\/\/www.welovecycling.com\/hu\/wp-json\/wp\/v2\/comments?post=11721"}],"version-history":[{"count":2,"href":"https:\/\/www.welovecycling.com\/hu\/wp-json\/wp\/v2\/posts\/11721\/revisions"}],"predecessor-version":[{"id":13530,"href":"https:\/\/www.welovecycling.com\/hu\/wp-json\/wp\/v2\/posts\/11721\/revisions\/13530"}],"wp:featuredmedia":[{"embeddable":true,"href":"https:\/\/www.welovecycling.com\/hu\/wp-json\/wp\/v2\/media\/11729"}],"wp:attachment":[{"href":"https:\/\/www.welovecycling.com\/hu\/wp-json\/wp\/v2\/media?parent=11721"}],"wp:term":[{"taxonomy":"category","embeddable":true,"href":"https:\/\/www.welovecycling.com\/hu\/wp-json\/wp\/v2\/categories?post=11721"},{"taxonomy":"post_tag","embeddable":true,"href":"https:\/\/www.welovecycling.com\/hu\/wp-json\/wp\/v2\/tags?post=11721"},{"taxonomy":"global-categories","embeddable":true,"href":"https:\/\/www.welovecycling.com\/hu\/wp-json\/wp\/v2\/global-categories?post=11721"}],"curies":[{"name":"wp","href":"https:\/\/api.w.org\/{rel}","templated":true}]}}