{"id":11708,"date":"2021-06-15T08:00:07","date_gmt":"2021-06-15T06:00:07","guid":{"rendered":"https:\/\/www.welovecycling.com\/hu\/?p=11708"},"modified":"2021-06-11T16:23:09","modified_gmt":"2021-06-11T14:23:09","slug":"megavalanche-vs-mountain-of-hell-melyik-durvabb","status":"publish","type":"post","link":"https:\/\/www.welovecycling.com\/hu\/trekking-mtb\/megavalanche-vs-mountain-of-hell-melyik-durvabb\/","title":{"rendered":"Megavalanche vs. Mountain of Hell. Melyik durv\u00e1bb?"},"content":{"rendered":"<p><strong>Elj\u00f6tt az \u00e9vnek az a szakasza, amikor mi, mountain bike-osok ism\u00e9t akci\u00f3ba lend\u00fcl\u00fcnk. Az \u00e9vnek ebben a szakasz\u00e1ban minden amat\u0151r ker\u00e9kp\u00e1ros a lejt\u0151k kr\u00e9mj\u00e9r\u0151l \u00e1lmodozik. A k\u00e9t kolosszus, ami minden verseny, p\u00e1lya \u00e9s lejt\u0151 felett \u00e1ll, nem m\u00e1s, mint a Megavalanche \u00e9s a Mountain of Hell. Ha csak hobbiszinten montizol, ezeka versenyek olyanok, mintha a m\u00e1sodik vil\u00e1gh\u00e1bor\u00faban szeretn\u00e9l harcolni puszt\u00e1n az\u00e9rt, mert id\u0151nk\u00e9nt paintballozol a bar\u00e1taiddal.<\/strong><\/p>\n<p><!--more--><\/p>\n<p>K\u00e9ts\u00e9gtelen, hogy mindk\u00e9t verseny kiss\u00e9 elmebeteg. Egy k\u00e9rd\u00e9s azonban a mai napig megv\u00e1laszolatlan maradt. Melyik p\u00e1lya vadabb? Ideje kider\u00edteni, de ink\u00e1bb csak az otthonunk biztons\u00e1g\u00e1b\u00f3l, nem pedig a p\u00e1ly\u00e1r\u00f3l, ahol m\u00e1r az els\u0151 kanyarban \u00f6sszez\u00fazn\u00e1nk a kopony\u00e1nkat.<\/p>\n<p>https:\/\/www.instagram.com\/p\/CPTP0yCoVOz\/?utm_source=ig_web_copy_link<\/p>\n<h2><strong>Terep<\/strong><\/h2>\n<p>Mindk\u00e9t futam sebess\u00e9ge a F1-es versenyekkel vetekszik ink\u00e1bb, mint a biciklisekkel. K\u00f6r\u00fclbel\u00fcl 80 km\/\u00f3ra az \u00e1tlagsebess\u00e9g. Term\u00e9szetesen a kev\u00e9sb\u00e9 tapasztalt biciklisek, akik nem a gy\u0151zelem, hanem ink\u00e1bb az \u00e9lm\u00e9ny miatt vesznek r\u00e9szt a versenyen, vagy nagyon lassan ereszkednek le, vagy egyszer\u0171en le\u00fclnek a h\u00f3ba \u00e9s ott cs\u00fasznak le.<\/p>\n<p>Mindk\u00e9t p\u00e1ly\u00e1n tal\u00e1lkozhatsz a h\u00f3, a s\u00e1r, az \u00e9les szikl\u00e1k, a lejt\u0151k \u00e9s a ki\u00e9p\u00edtett utak kombin\u00e1ci\u00f3j\u00e1val. A Mountain of Hell-en van egy r\u00f6vid szakasz, amikor minden versenyz\u0151 \u00e1thalad a gy\u00f6ny\u00f6r\u0171 Les Deux Alpes \u00fcd\u00fcl\u0151n \u00e9s t\u00f6bb \u00e9ven kereszt\u00fcl egy kocsma is \u00fatba esett, ami k\u00e9ts\u00e9gk\u00edv\u00fcl kellemes lehetett. Most azonban a biciklisek m\u00e1r csak \u00e1trohannak az utc\u00e1kon.<\/p>\n<p>A k\u00e9t verseny k\u00f6z\u00f6tti legjelent\u0151sebb k\u00fcl\u00f6nbs\u00e9get m\u00e1r a rajtn\u00e1l felfedezhetj\u00fck. A Mountain of Hell aegy j\u00e9gmez\u0151r\u0151l indul, ami garant\u00e1lja, hogy az elej\u00e9n havas lejt\u0151vel kell megk\u00fczdeni. A Megavalanche rajtja nagyj\u00e1b\u00f3l azonos magass\u00e1gban van, de k\u00f6ztudott, hogy az \u00e9vek sor\u00e1n t\u00f6bb olyan sz\u00e1raz pontja is volt a p\u00e1ly\u00e1nak, ami vesz\u00e9lyesebb\u00e9, \u00e9s kev\u00e9sb\u00e9 sz\u00f3rakoztat\u00f3v\u00e1 tette.<\/p>\n<p>https:\/\/www.instagram.com\/p\/CPGls6-BBl1\/?utm_source=ig_web_copy_link<\/p>\n<h2><strong>P\u00e1ly\u00e1k<\/strong><\/h2>\n<p>A Megavalanche \u00f6sszesen 28 kilom\u00e9ter, a legjobb versenyz\u0151k k\u00f6r\u00fclbel\u00fcl 35-40 perc alatt v\u00e9geznek vele. A szintk\u00fcl\u00f6nbs\u00e9g 2580 m\u00e9ter, a 3300 m\u00e9ter magas Pic Blanc-t\u00f3l sz\u00e1m\u00edtva. A havas r\u00e9sz elk\u00e9peszt\u0151en kem\u00e9ny, mivel az elej\u00e9n az els\u0151 kanyarig tart\u00f3 lefel\u00e9 tart\u00f3 \u00fat annyira meredek, hogy m\u00e9g a le\u00fcl\u00e9s \u00e9s a cs\u00fasz\u00e1s is okozhat s\u00e9r\u00fcl\u00e9seket. Egy majdnem 90 fokos havas kanyarr\u00f3l besz\u00e9l\u00fcnk! Nem neh\u00e9z itt s\u00e9r\u00fcl\u00e9seket szerezni.<\/p>\n<p>M\u00e1r ez is ijeszt\u0151nek t\u0171nhet, \u00e9s azt m\u00e9g nem is tudod, mi k\u00f6vetkezik ut\u00e1na: szikl\u00e1k \u2013 \u00e9les \u00e9s k\u00f6ny\u00f6rtelen szikl\u00e1k. Nem ritka, hogy tucatnyi versenyz\u0151vel t\u00f6rt\u00e9nnek itt t\u00f6meges balesetek, sokakn\u00e1l enn\u00e9l a kanyarn\u00e1l v\u00e9get is \u00e9r az \u00fat. A p\u00e1lya t\u00f6bbi r\u00e9sze viszont kellemesen kiegyenl\u00edtett. Meredek lejt\u0151s r\u00e9szekkel, lejt\u0151kkel emelked\u0151kkel \u00e9s sz\u00e9les, viszonylag egyenes utakkal tal\u00e1lkozhatunk, ahol t\u00e9nylegesen lehet versenyezni.<\/p>\n<p>https:\/\/www.instagram.com\/p\/COYNqJvocrJ\/?utm_source=ig_web_copy_link<\/p>\n<p>A 20 kilom\u00e9ter hossz\u00fa Mountain of Hell p\u00e1lya ellenben meg\u00e1ll\u00e1s n\u00e9lk\u00fcl sz\u00f3rja el\u00e9d a r\u00e9miszt\u0151, akic\u00f3film jelleg\u0171 kalandokat. Egy f\u00e9lelmetes, 3400 m\u00e9ter magas gleccserrel kezd\u0151dik a Les 2 Alpes felett. A havas r\u00e9sz meredek, de viszonylag egyenes. A sebess\u00e9g nagyobb \u00e9s term\u00e9szetesen itt is gyakran el\u0151fordulnak balesetek \u00e9s s\u00e9r\u00fcl\u00e9sek. Az els\u0151 szakasz ut\u00e1n az \u00f6sv\u00e9ny szinte teljesen eg\u00e9sz\u00e9ben egyszem\u00e9lyes, alig van olyan hely, ahol el\u0151zni lehet, ha nem akarsz let\u00e9rni az \u00fatr\u00f3l. A downhill szakaszok j\u00f3val technik\u00e1sabbak, mint a Megavalanche eset\u00e9ni, \u00e9s sokkan \u00e9ppen ez\u00e9rt kedvelik ezt a p\u00e1ly\u00e1t.<\/p>\n<h2><strong>Verseny<\/strong><\/h2>\n<p>A Megavalanche legfeljebb 2000 versenyz\u0151t ind\u00edt a selejtez\u0151k\u00f6n, de csak 350 indul a d\u00f6nt\u0151ben. Inspir\u00e1l\u00f3 n\u00e9zni, ahogy ennyi ker\u00e9kp\u00e1rral k\u00f6zleked\u0151 ember igyekszik mindent megtenni, hogy ne okozzon lavin\u00e1t \u00e9s ne s\u00f6p\u00f6rj\u00f6n el m\u00e1sokat egy es\u00e9s ut\u00e1n. Ennek ellen\u00e9re azonban el\u0151fordulnak t\u00f6meges balesetek.<\/p>\n<p>A Mountain of Hell selejtez\u0151j\u00e9n csak 1000 szabad hely van, de 700-an bejutnak a d\u00f6nt\u0151be. Igen, 700 embernek kell versenyeznie egy meredek havas lejt\u0151n t\u00f6bb, mint 80 km\/\u00f3r\u00e1s sebess\u00e9ggel. Biztons\u00e1gosan hangzik, igaz? De legy\u00fcnk \u0151szint\u00e9k, nem is az\u00e9rt izgalmas, mert biztons\u00e1gos. Az\u00e9rt vesznek r\u00e9szt rajta, mert pokolian sz\u00f3rakoztat\u00f3 \u00e9s szuper vide\u00f3kat lehet r\u00f3la k\u00e9sz\u00edteni!<\/p>\n<h2><strong>Melyik a jobb?<\/strong><\/h2>\n<p>Ez a szem\u00e9lyes preferenci\u00e1idt\u00f3l f\u00fcgg. Ha ink\u00e1bb a nagy sebess\u00e9g\u0171 technik\u00e1s downhill-versenyeket \u00e9s a hirtelen kanyarokat kedveled, a Mountain of Hell a nyer\u0151. Ha nem a kaland, hanem a verseny miatt vagy ott, pr\u00f3b\u00e1lj beker\u00fclni a legjobb 20 k\u00f6z\u00e9 a selejtez\u0151ben. Ellenkez\u0151 esetben csek\u00e9ly az es\u00e9ly a gy\u0151zelemre. Mint ahogy azt kor\u00e1bban m\u00e1r eml\u00edtett\u00fck, a p\u00e1ly\u00e1n alig lehet el\u0151z\u00e9sni \u00e9s b\u00e1rmikor elakadhatsz egy lassabb versenyz\u0151 miatt, ilyenkor pedig folyamatosan f\u00e9kezned kell. Azt szem el\u0151tt tartva, hogy borsos \u00e1rat fizetsz ez\u00e9rt az \u00e9lm\u00e9ny\u00e9rt (egy\u00e9nileg csak egy r\u00e9sz\u00e9t tudod bej\u00e1rni a p\u00e1ly\u00e1nak), nagyon bosszant\u00f3 lehet, ha nem tudsz a saj\u00e1t temp\u00f3dban haladni.<\/p>\n<p>https:\/\/www.instagram.com\/p\/CGouF4vnjlr\/?utm_source=ig_web_copy_link<\/p>\n<p>A Megavalanche viszont azoknak sz\u00f3l, akik jobban kedvelik az enduro p\u00e1lya adta \u00e9lm\u00e9nyeket. A lejt\u0151k \u00e9s a keskeny utak kih\u00edv\u00e1st jelentenek, b\u00e1r \u0151szint\u00e9n sz\u00f3lva sokkal kev\u00e9sb\u00e9 technik\u00e1sak, mint a Mountain of Hell. Az emelked\u0151k \u00e9s a lejt\u0151k keverednek \u00e9s sok helyen van lehet\u0151s\u00e9g megel\u0151zni a t\u00f6bbi versenyz\u0151t. Ezenk\u00edv\u00fcl a p\u00e1lya tele van nagyon cs\u00e1b\u00edt\u00f3 sz\u00e9les lejt\u0151kkel, ahol f\u00e9lelmetes sebess\u00e9ggel lehet sz\u00e1guldani.<\/p>\n<p>Az a l\u00e9nyeg teh\u00e1t, hogy te szem\u00e9ly szerint mit keresel. Mindkett\u0151 enyh\u00e9n sz\u00f3lva izgalmas, sz\u00f3rakoztat\u00f3 \u00e9s hasonl\u00f3an biztons\u00e1gos, mintha egy krokodillal teli gyermekmedenc\u00e9be ugran\u00e1l. Teh\u00e1t, ha olyan kih\u00edv\u00e1st keresel magadnak, ahol le tudod gy\u0151zni a magass\u00e1gt\u00f3l \u00e9s a sebess\u00e9gt\u0151l val\u00f3 f\u00e9lelmed, vagy jav\u00edthatatlan adrenalinf\u00fcgg\u0151 vagy, nem fogod megb\u00e1nni, b\u00e1rmelyiket is v\u00e1lasztod.<\/p>\n<p>N\u00e9zd meg a csod\u00e1latos Kilian Bront, ahogy v\u00e9gigmegy mindk\u00e9t p\u00e1ly\u00e1n \u00e9s d\u00f6ntsd el magad, hogy val\u00f3ban ez-e a legcsod\u00e1latosabb dolog, amit valaha l\u00e1tt\u00e1l!<\/p>\n<lite-youtube videoid=wKBBeRcFnDY params=\"enablejsapi=1\" style=\"background-image: url('https:\/\/i.ytimg.com\/vi_webp\/wKBBeRcFnDY\/maxresdefault.webp');\"><\/lite-youtube>\n<lite-youtube videoid=F8VecNSi6HE params=\"enablejsapi=1\" style=\"background-image: url('https:\/\/i.ytimg.com\/vi_webp\/F8VecNSi6HE\/maxresdefault.webp');\"><\/lite-youtube>\n","protected":false},"excerpt":{"rendered":"<p>Elj\u00f6tt az \u00e9vnek az a szakasza, amikor mi, mountain bike-osok ism\u00e9t akci\u00f3ba lend\u00fcl\u00fcnk. Az \u00e9vnek ebben a szakasz\u00e1ban minden amat\u0151r [&hellip;]<\/p>\n","protected":false},"author":71,"featured_media":11715,"comment_status":"open","ping_status":"open","sticky":false,"template":"","format":"standard","meta":{"footnotes":""},"categories":[7],"tags":[],"global-categories":[],"class_list":["post-11708","post","type-post","status-publish","format-standard","has-post-thumbnail","hentry","category-trekking-mtb"],"yoast_head":"<!-- This site is optimized with the Yoast SEO Premium plugin v25.3 (Yoast SEO v25.9) - https:\/\/yoast.com\/wordpress\/plugins\/seo\/ -->\n<title>Megavalanche vs. Mountain of Hell. Melyik durv\u00e1bb?<\/title>\n<meta name=\"description\" content=\"Elj\u00f6tt az \u00e9vnek az a szakasza, amikor mi, mountain bike-osok ism\u00e9t akci\u00f3ba lend\u00fcl\u00fcnk. Az \u00e9vnek ebben a szakasz\u00e1ban minden amat\u0151r ker\u00e9kp\u00e1ros a lejt\u0151k kr\u00e9mj\u00e9r\u0151l \u00e1lmodozik. A k\u00e9t kolosszus, ami minden verseny, p\u00e1lya \u00e9s lejt\u0151 felett \u00e1ll, nem m\u00e1s, mint a Megavalanche \u00e9s a Mountain of Hell.\" \/>\n<meta name=\"robots\" content=\"index, follow, max-snippet:-1, max-image-preview:large, max-video-preview:-1\" \/>\n<link rel=\"canonical\" href=\"https:\/\/www.welovecycling.com\/hu\/trekking-mtb\/megavalanche-vs-mountain-of-hell-melyik-durvabb\/\" \/>\n<meta property=\"og:locale\" content=\"hu_HU\" \/>\n<meta property=\"og:type\" content=\"article\" \/>\n<meta property=\"og:title\" content=\"Megavalanche vs. Mountain of Hell. Melyik durv\u00e1bb?\" \/>\n<meta property=\"og:description\" content=\"Elj\u00f6tt az \u00e9vnek az a szakasza, amikor mi, mountain bike-osok ism\u00e9t akci\u00f3ba lend\u00fcl\u00fcnk. Az \u00e9vnek ebben a szakasz\u00e1ban minden amat\u0151r ker\u00e9kp\u00e1ros a lejt\u0151k kr\u00e9mj\u00e9r\u0151l \u00e1lmodozik. A k\u00e9t kolosszus, ami minden verseny, p\u00e1lya \u00e9s lejt\u0151 felett \u00e1ll, nem m\u00e1s, mint a Megavalanche \u00e9s a Mountain of Hell.\" \/>\n<meta property=\"og:url\" content=\"https:\/\/www.welovecycling.com\/hu\/trekking-mtb\/megavalanche-vs-mountain-of-hell-melyik-durvabb\/\" \/>\n<meta property=\"og:site_name\" content=\"\u0160koda We Love Cycling - Magyarorsz\u00e1g\" \/>\n<meta property=\"article:publisher\" content=\"https:\/\/www.facebook.com\/WeLoveCyclingHungary\/\" \/>\n<meta property=\"article:published_time\" content=\"2021-06-15T06:00:07+00:00\" \/>\n<meta property=\"og:image\" content=\"https:\/\/d2p6e6u75xmxt8.cloudfront.net\/12\/2021\/06\/cvrAVL.jpg\" \/>\n\t<meta property=\"og:image:width\" content=\"1366\" \/>\n\t<meta property=\"og:image:height\" content=\"600\" \/>\n\t<meta property=\"og:image:type\" content=\"image\/jpeg\" \/>\n<meta name=\"author\" content=\"hegyizs\" \/>\n<meta name=\"twitter:card\" content=\"summary_large_image\" \/>\n<meta name=\"twitter:label1\" content=\"Written by\" \/>\n\t<meta name=\"twitter:data1\" content=\"Martin Atanasov\" \/>\n\t<meta name=\"twitter:label2\" content=\"Est. reading time\" \/>\n\t<meta name=\"twitter:data2\" content=\"6\" \/>\n<script type=\"application\/ld+json\" class=\"yoast-schema-graph\">{\"@context\":\"https:\/\/schema.org\",\"@graph\":[{\"@type\":\"WebPage\",\"@id\":\"https:\/\/www.welovecycling.com\/hu\/trekking-mtb\/megavalanche-vs-mountain-of-hell-melyik-durvabb\/\",\"url\":\"https:\/\/www.welovecycling.com\/hu\/trekking-mtb\/megavalanche-vs-mountain-of-hell-melyik-durvabb\/\",\"name\":\"Megavalanche vs. Mountain of Hell. Melyik durv\u00e1bb?\",\"isPartOf\":{\"@id\":\"https:\/\/www.welovecycling.com\/hu\/#website\"},\"primaryImageOfPage\":{\"@id\":\"https:\/\/www.welovecycling.com\/hu\/trekking-mtb\/megavalanche-vs-mountain-of-hell-melyik-durvabb\/#primaryimage\"},\"image\":{\"@id\":\"https:\/\/www.welovecycling.com\/hu\/trekking-mtb\/megavalanche-vs-mountain-of-hell-melyik-durvabb\/#primaryimage\"},\"thumbnailUrl\":\"https:\/\/d2p6e6u75xmxt8.cloudfront.net\/12\/2021\/06\/cvrAVL.jpg\",\"datePublished\":\"2021-06-15T06:00:07+00:00\",\"author\":{\"@id\":\"https:\/\/www.welovecycling.com\/hu\/#\/schema\/person\/414a2aebf1801691a5320edb6468e194\"},\"description\":\"Elj\u00f6tt az \u00e9vnek az a szakasza, amikor mi, mountain bike-osok ism\u00e9t akci\u00f3ba lend\u00fcl\u00fcnk. Az \u00e9vnek ebben a szakasz\u00e1ban minden amat\u0151r ker\u00e9kp\u00e1ros a lejt\u0151k kr\u00e9mj\u00e9r\u0151l \u00e1lmodozik. A k\u00e9t kolosszus, ami minden verseny, p\u00e1lya \u00e9s lejt\u0151 felett \u00e1ll, nem m\u00e1s, mint a Megavalanche \u00e9s a Mountain of Hell.\",\"breadcrumb\":{\"@id\":\"https:\/\/www.welovecycling.com\/hu\/trekking-mtb\/megavalanche-vs-mountain-of-hell-melyik-durvabb\/#breadcrumb\"},\"inLanguage\":\"hu\",\"potentialAction\":[{\"@type\":\"ReadAction\",\"target\":[\"https:\/\/www.welovecycling.com\/hu\/trekking-mtb\/megavalanche-vs-mountain-of-hell-melyik-durvabb\/\"]}]},{\"@type\":\"ImageObject\",\"inLanguage\":\"hu\",\"@id\":\"https:\/\/www.welovecycling.com\/hu\/trekking-mtb\/megavalanche-vs-mountain-of-hell-melyik-durvabb\/#primaryimage\",\"url\":\"https:\/\/d2p6e6u75xmxt8.cloudfront.net\/12\/2021\/06\/cvrAVL.jpg\",\"contentUrl\":\"https:\/\/d2p6e6u75xmxt8.cloudfront.net\/12\/2021\/06\/cvrAVL.jpg\",\"width\":1366,\"height\":600,\"caption\":\"Megavalanche\"},{\"@type\":\"BreadcrumbList\",\"@id\":\"https:\/\/www.welovecycling.com\/hu\/trekking-mtb\/megavalanche-vs-mountain-of-hell-melyik-durvabb\/#breadcrumb\",\"itemListElement\":[{\"@type\":\"ListItem\",\"position\":1,\"name\":\"Home\",\"item\":\"https:\/\/www.welovecycling.com\/hu\/\"},{\"@type\":\"ListItem\",\"position\":2,\"name\":\"Megavalanche vs. Mountain of Hell. Melyik durv\u00e1bb?\"}]},{\"@type\":\"WebSite\",\"@id\":\"https:\/\/www.welovecycling.com\/hu\/#website\",\"url\":\"https:\/\/www.welovecycling.com\/hu\/\",\"name\":\"\u0160koda We Love Cycling - Magyarorsz\u00e1g\",\"description\":\"\u0160koda WeLoveCycling\",\"potentialAction\":[{\"@type\":\"SearchAction\",\"target\":{\"@type\":\"EntryPoint\",\"urlTemplate\":\"https:\/\/www.welovecycling.com\/hu\/?s={search_term_string}\"},\"query-input\":{\"@type\":\"PropertyValueSpecification\",\"valueRequired\":true,\"valueName\":\"search_term_string\"}}],\"inLanguage\":\"hu\"},{\"@type\":\"Person\",\"@id\":\"https:\/\/www.welovecycling.com\/hu\/#\/schema\/person\/414a2aebf1801691a5320edb6468e194\",\"name\":\"hegyizs\",\"image\":{\"@type\":\"ImageObject\",\"inLanguage\":\"hu\",\"@id\":\"https:\/\/www.welovecycling.com\/hu\/#\/schema\/person\/image\/\",\"url\":\"https:\/\/secure.gravatar.com\/avatar\/02cf8a7906b8cf90cecb4679defac7cfd33a1c2e3b88e4903d947f3bb58eedd3?s=96&d=mm&r=g\",\"contentUrl\":\"https:\/\/secure.gravatar.com\/avatar\/02cf8a7906b8cf90cecb4679defac7cfd33a1c2e3b88e4903d947f3bb58eedd3?s=96&d=mm&r=g\",\"caption\":\"hegyizs\"},\"url\":\"https:\/\/www.welovecycling.com\/hu\/author\/hegyizs\/\"}]}<\/script>\n<!-- \/ Yoast SEO Premium plugin. -->","yoast_head_json":{"title":"Megavalanche vs. Mountain of Hell. Melyik durv\u00e1bb?","description":"Elj\u00f6tt az \u00e9vnek az a szakasza, amikor mi, mountain bike-osok ism\u00e9t akci\u00f3ba lend\u00fcl\u00fcnk. Az \u00e9vnek ebben a szakasz\u00e1ban minden amat\u0151r ker\u00e9kp\u00e1ros a lejt\u0151k kr\u00e9mj\u00e9r\u0151l \u00e1lmodozik. A k\u00e9t kolosszus, ami minden verseny, p\u00e1lya \u00e9s lejt\u0151 felett \u00e1ll, nem m\u00e1s, mint a Megavalanche \u00e9s a Mountain of Hell.","robots":{"index":"index","follow":"follow","max-snippet":"max-snippet:-1","max-image-preview":"max-image-preview:large","max-video-preview":"max-video-preview:-1"},"canonical":"https:\/\/www.welovecycling.com\/hu\/trekking-mtb\/megavalanche-vs-mountain-of-hell-melyik-durvabb\/","og_locale":"hu_HU","og_type":"article","og_title":"Megavalanche vs. Mountain of Hell. Melyik durv\u00e1bb?","og_description":"Elj\u00f6tt az \u00e9vnek az a szakasza, amikor mi, mountain bike-osok ism\u00e9t akci\u00f3ba lend\u00fcl\u00fcnk. Az \u00e9vnek ebben a szakasz\u00e1ban minden amat\u0151r ker\u00e9kp\u00e1ros a lejt\u0151k kr\u00e9mj\u00e9r\u0151l \u00e1lmodozik. A k\u00e9t kolosszus, ami minden verseny, p\u00e1lya \u00e9s lejt\u0151 felett \u00e1ll, nem m\u00e1s, mint a Megavalanche \u00e9s a Mountain of Hell.","og_url":"https:\/\/www.welovecycling.com\/hu\/trekking-mtb\/megavalanche-vs-mountain-of-hell-melyik-durvabb\/","og_site_name":"\u0160koda We Love Cycling - Magyarorsz\u00e1g","article_publisher":"https:\/\/www.facebook.com\/WeLoveCyclingHungary\/","article_published_time":"2021-06-15T06:00:07+00:00","og_image":[{"width":1366,"height":600,"url":"https:\/\/d2p6e6u75xmxt8.cloudfront.net\/12\/2021\/06\/cvrAVL.jpg","type":"image\/jpeg"}],"author":"hegyizs","twitter_card":"summary_large_image","twitter_misc":{"Written by":"Martin Atanasov","Est. reading time":"6"},"schema":{"@context":"https:\/\/schema.org","@graph":[{"@type":"WebPage","@id":"https:\/\/www.welovecycling.com\/hu\/trekking-mtb\/megavalanche-vs-mountain-of-hell-melyik-durvabb\/","url":"https:\/\/www.welovecycling.com\/hu\/trekking-mtb\/megavalanche-vs-mountain-of-hell-melyik-durvabb\/","name":"Megavalanche vs. Mountain of Hell. Melyik durv\u00e1bb?","isPartOf":{"@id":"https:\/\/www.welovecycling.com\/hu\/#website"},"primaryImageOfPage":{"@id":"https:\/\/www.welovecycling.com\/hu\/trekking-mtb\/megavalanche-vs-mountain-of-hell-melyik-durvabb\/#primaryimage"},"image":{"@id":"https:\/\/www.welovecycling.com\/hu\/trekking-mtb\/megavalanche-vs-mountain-of-hell-melyik-durvabb\/#primaryimage"},"thumbnailUrl":"https:\/\/d2p6e6u75xmxt8.cloudfront.net\/12\/2021\/06\/cvrAVL.jpg","datePublished":"2021-06-15T06:00:07+00:00","author":{"@id":"https:\/\/www.welovecycling.com\/hu\/#\/schema\/person\/414a2aebf1801691a5320edb6468e194"},"description":"Elj\u00f6tt az \u00e9vnek az a szakasza, amikor mi, mountain bike-osok ism\u00e9t akci\u00f3ba lend\u00fcl\u00fcnk. Az \u00e9vnek ebben a szakasz\u00e1ban minden amat\u0151r ker\u00e9kp\u00e1ros a lejt\u0151k kr\u00e9mj\u00e9r\u0151l \u00e1lmodozik. A k\u00e9t kolosszus, ami minden verseny, p\u00e1lya \u00e9s lejt\u0151 felett \u00e1ll, nem m\u00e1s, mint a Megavalanche \u00e9s a Mountain of Hell.","breadcrumb":{"@id":"https:\/\/www.welovecycling.com\/hu\/trekking-mtb\/megavalanche-vs-mountain-of-hell-melyik-durvabb\/#breadcrumb"},"inLanguage":"hu","potentialAction":[{"@type":"ReadAction","target":["https:\/\/www.welovecycling.com\/hu\/trekking-mtb\/megavalanche-vs-mountain-of-hell-melyik-durvabb\/"]}]},{"@type":"ImageObject","inLanguage":"hu","@id":"https:\/\/www.welovecycling.com\/hu\/trekking-mtb\/megavalanche-vs-mountain-of-hell-melyik-durvabb\/#primaryimage","url":"https:\/\/d2p6e6u75xmxt8.cloudfront.net\/12\/2021\/06\/cvrAVL.jpg","contentUrl":"https:\/\/d2p6e6u75xmxt8.cloudfront.net\/12\/2021\/06\/cvrAVL.jpg","width":1366,"height":600,"caption":"Megavalanche"},{"@type":"BreadcrumbList","@id":"https:\/\/www.welovecycling.com\/hu\/trekking-mtb\/megavalanche-vs-mountain-of-hell-melyik-durvabb\/#breadcrumb","itemListElement":[{"@type":"ListItem","position":1,"name":"Home","item":"https:\/\/www.welovecycling.com\/hu\/"},{"@type":"ListItem","position":2,"name":"Megavalanche vs. Mountain of Hell. Melyik durv\u00e1bb?"}]},{"@type":"WebSite","@id":"https:\/\/www.welovecycling.com\/hu\/#website","url":"https:\/\/www.welovecycling.com\/hu\/","name":"\u0160koda We Love Cycling - Magyarorsz\u00e1g","description":"\u0160koda WeLoveCycling","potentialAction":[{"@type":"SearchAction","target":{"@type":"EntryPoint","urlTemplate":"https:\/\/www.welovecycling.com\/hu\/?s={search_term_string}"},"query-input":{"@type":"PropertyValueSpecification","valueRequired":true,"valueName":"search_term_string"}}],"inLanguage":"hu"},{"@type":"Person","@id":"https:\/\/www.welovecycling.com\/hu\/#\/schema\/person\/414a2aebf1801691a5320edb6468e194","name":"hegyizs","image":{"@type":"ImageObject","inLanguage":"hu","@id":"https:\/\/www.welovecycling.com\/hu\/#\/schema\/person\/image\/","url":"https:\/\/secure.gravatar.com\/avatar\/02cf8a7906b8cf90cecb4679defac7cfd33a1c2e3b88e4903d947f3bb58eedd3?s=96&d=mm&r=g","contentUrl":"https:\/\/secure.gravatar.com\/avatar\/02cf8a7906b8cf90cecb4679defac7cfd33a1c2e3b88e4903d947f3bb58eedd3?s=96&d=mm&r=g","caption":"hegyizs"},"url":"https:\/\/www.welovecycling.com\/hu\/author\/hegyizs\/"}]}},"_links":{"self":[{"href":"https:\/\/www.welovecycling.com\/hu\/wp-json\/wp\/v2\/posts\/11708","targetHints":{"allow":["GET"]}}],"collection":[{"href":"https:\/\/www.welovecycling.com\/hu\/wp-json\/wp\/v2\/posts"}],"about":[{"href":"https:\/\/www.welovecycling.com\/hu\/wp-json\/wp\/v2\/types\/post"}],"author":[{"embeddable":true,"href":"https:\/\/www.welovecycling.com\/hu\/wp-json\/wp\/v2\/users\/71"}],"replies":[{"embeddable":true,"href":"https:\/\/www.welovecycling.com\/hu\/wp-json\/wp\/v2\/comments?post=11708"}],"version-history":[{"count":1,"href":"https:\/\/www.welovecycling.com\/hu\/wp-json\/wp\/v2\/posts\/11708\/revisions"}],"predecessor-version":[{"id":11716,"href":"https:\/\/www.welovecycling.com\/hu\/wp-json\/wp\/v2\/posts\/11708\/revisions\/11716"}],"wp:featuredmedia":[{"embeddable":true,"href":"https:\/\/www.welovecycling.com\/hu\/wp-json\/wp\/v2\/media\/11715"}],"wp:attachment":[{"href":"https:\/\/www.welovecycling.com\/hu\/wp-json\/wp\/v2\/media?parent=11708"}],"wp:term":[{"taxonomy":"category","embeddable":true,"href":"https:\/\/www.welovecycling.com\/hu\/wp-json\/wp\/v2\/categories?post=11708"},{"taxonomy":"post_tag","embeddable":true,"href":"https:\/\/www.welovecycling.com\/hu\/wp-json\/wp\/v2\/tags?post=11708"},{"taxonomy":"global-categories","embeddable":true,"href":"https:\/\/www.welovecycling.com\/hu\/wp-json\/wp\/v2\/global-categories?post=11708"}],"curies":[{"name":"wp","href":"https:\/\/api.w.org\/{rel}","templated":true}]}}