{"id":11703,"date":"2021-06-20T08:00:28","date_gmt":"2021-06-20T06:00:28","guid":{"rendered":"https:\/\/www.welovecycling.com\/hu\/?p=11703"},"modified":"2021-06-11T16:30:45","modified_gmt":"2021-06-11T14:30:45","slug":"froome-a-mostani-szintem-nem-eleg-a-tour-de-france-gyozelemhez","status":"publish","type":"post","link":"https:\/\/www.welovecycling.com\/hu\/orszaguti-kerekpar\/froome-a-mostani-szintem-nem-eleg-a-tour-de-france-gyozelemhez\/","title":{"rendered":"Froome: \u201eA mostani szintem nem el\u00e9g a Tour de France gy\u0151zelemhez\u201c"},"content":{"rendered":"<p><strong>A 36 \u00e9ves profi ker\u00e9kp\u00e1ros az Israel Start Up-Nation csapat\u00e1ban folytatja a fel\u00e9p\u00fcl\u00e9st a 2019-es Crit\u00e9rium du Dauphin\u00e9-n t\u00f6rt\u00e9nt s\u00falyos baleset\u00e9b\u0151l. Chris Froome akkor t\u00f6bb s\u00e9r\u00fcl\u00e9st is elszenvedett, t\u00f6bbek k\u00f6z\u00f6tt a combcsontja, a k\u00f6ny\u00f6ke \u00e9s a bord\u00e1i is elt\u00f6rtek.<\/strong><\/p>\n<p><!--more--><\/p>\n<p>Froome a Dauphin\u00e9 \u00f6t\u00f6dik szakasz\u00e1nak elej\u00e9n ezt nyilatkozta a <a href=\"https:\/\/www.youtube.com\/watch?v=bjW2CjwXdD8\">Cycling Pro Netnek<\/a>: <em>\u201eNem gondolom, hogy n\u00e9h\u00e1ny h\u00e9t m\u00falva \u00e9n fogom megnyerni a Tour de France-t. Arra koncentr\u00e1lok, hogy \u00fajra el\u00e9rjem a kor\u00e1bbi szintemet \u00e9s sz\u00e9pen lassan haladok a c\u00e9lom fel\u00e9. A mostani szintem nem el\u00e9g a Tour gy\u0151zelemhez.\u201c<\/em><\/p>\n<lite-youtube videoid=bjW2CjwXdD8 params=\"enablejsapi=1\" style=\"background-image: url('https:\/\/i.ytimg.com\/vi_webp\/bjW2CjwXdD8\/maxresdefault.webp');\"><\/lite-youtube>\n<p><em>\u201eNem felejtettem el, hol kezdtem \u00fajra. Egy \u00e9vvel ezel\u0151tt m\u00e1r bicikliztem, versenyeztem, pedig m\u00e9g nem tudtam rendesen j\u00e1rni. Az, hogy itt vagyok a Dauphin\u00e9-n, tudok s\u00e9t\u00e1lni, nincs semmi bajom \u00e9s r\u00e9szt tudok venni a versenyen, m\u00e1r nagy el\u0151rel\u00e9p\u00e9s. \u00c9n ezeket a fejl\u0151d\u00e9seket figyelem. Tudom, hogy m\u00e1sok ezt nem l\u00e1tj\u00e1k, mert nem tudj\u00e1k, mi folyik a kulissz\u00e1k m\u00f6g\u00f6tt.\u201c<\/em><\/p>\n<p>A n\u00e9gyszeres Tour-gy\u0151ztes rem\u00e9li, hogy egy nap visszat\u00e9rhet a Tourra, mint az Israel Start-Up Nation versenyz\u0151je. A csapat igazgat\u00f3ja szerint azonban nem garant\u00e1lt, hogy Froome lesz a befut\u00f3. B\u00e1r eddig mind a n\u00e9gy 2021-es szakaszverseny\u00e9t v\u00e9gigcsin\u00e1lta, nem a gy\u0151zelem\u00e9rt versenyzett. A legjobb eredm\u00e9ny\u00e9t a febru\u00e1ri UAE-turn\u00e9 47. hely\u00e9vel \u00e9rte el.<\/p>\n<figure id=\"attachment_11705\" aria-describedby=\"caption-attachment-11705\" style=\"width: 1024px\" class=\"wp-caption alignnone\"><a href=\"https:\/\/d2p6e6u75xmxt8.cloudfront.net\/2\/2021\/06\/Froome-Criterium-du-Dauphine-profimedia-0614065786.jpg\"><img loading=\"lazy\" decoding=\"async\" class=\"wp-image-11705 size-large\" src=\"https:\/\/d2p6e6u75xmxt8.cloudfront.net\/12\/2021\/06\/Froome-Criterium-du-Dauphine-profimedia-0614065786-1024x682.jpg\" alt=\"Froome at Crit\u00e9rium du Dauphin\u00e9\" width=\"1024\" height=\"682\" srcset=\"https:\/\/d2p6e6u75xmxt8.cloudfront.net\/12\/2021\/06\/Froome-Criterium-du-Dauphine-profimedia-0614065786-1024x682.jpg 1024w, https:\/\/d2p6e6u75xmxt8.cloudfront.net\/12\/2021\/06\/Froome-Criterium-du-Dauphine-profimedia-0614065786-300x200.jpg 300w, https:\/\/d2p6e6u75xmxt8.cloudfront.net\/12\/2021\/06\/Froome-Criterium-du-Dauphine-profimedia-0614065786-768x512.jpg 768w, https:\/\/d2p6e6u75xmxt8.cloudfront.net\/12\/2021\/06\/Froome-Criterium-du-Dauphine-profimedia-0614065786-272x182.jpg 272w, https:\/\/d2p6e6u75xmxt8.cloudfront.net\/12\/2021\/06\/Froome-Criterium-du-Dauphine-profimedia-0614065786.jpg 1250w\" sizes=\"auto, (max-width: 1024px) 100vw, 1024px\" \/><\/a><figcaption id=\"caption-attachment-11705\" class=\"wp-caption-text\"><em>Froome a Dauphin\u00e9 versenyen. \u00a9 Profimedia<\/em><\/figcaption><\/figure>\n<p>A La Derniere Heure francia \u00fajs\u00e1gnak adott interj\u00faj\u00e1ban az Israel Start-Up Nation igazgat\u00f3ja, Rik Verbrugghe ezt nyilatkozta: <em>\u201eHatalmas bajnok, akit nagyon tisztelek, de a Tour de France-on val\u00f3 r\u00e9szv\u00e9tele kor\u00e1ntsem mag\u00e1t\u00f3l \u00e9rtet\u0151d\u0151. Arra sz\u00e1m\u00edtok, hogy a Dauphin\u00e9 ut\u00e1n minden tiszt\u00e1bb lesz. A szezon kezdete \u00f3ta folyamatosan halad el\u0151re, de szerett\u00fck volna, ha gyorsabb \u00fctemben tud fejl\u0151dni.\u201c<\/em><\/p>\n<p>Mit gondolsz, Chris Froome igazi visszat\u00e9r\u0151 lesz \u00e9s versenyre kelhet a Touron a gy\u0151zelem\u00e9rt? Mondd el nek\u00fcnk a v\u00e9lem\u00e9nyed!<\/p>\n","protected":false},"excerpt":{"rendered":"<p>A 36 \u00e9ves profi ker\u00e9kp\u00e1ros az Israel Start Up-Nation csapat\u00e1ban folytatja a fel\u00e9p\u00fcl\u00e9st a 2019-es Crit\u00e9rium du Dauphin\u00e9-n t\u00f6rt\u00e9nt s\u00falyos [&hellip;]<\/p>\n","protected":false},"author":71,"featured_media":11707,"comment_status":"closed","ping_status":"closed","sticky":false,"template":"","format":"standard","meta":{"footnotes":""},"categories":[8],"tags":[],"global-categories":[],"class_list":["post-11703","post","type-post","status-publish","format-standard","has-post-thumbnail","hentry","category-orszaguti-kerekpar"],"yoast_head":"<!-- This site is optimized with the Yoast SEO Premium plugin v25.3 (Yoast SEO v25.9) - https:\/\/yoast.com\/wordpress\/plugins\/seo\/ -->\n<title>Froome: \u201eA mostani szintem nem el\u00e9g a Tour de France gy\u0151zelemhez\u201c<\/title>\n<meta name=\"description\" content=\"A 36 \u00e9ves profi ker\u00e9kp\u00e1ros az Israel Start Up-Nation csapat\u00e1ban folytatja a fel\u00e9p\u00fcl\u00e9st a 2019-es Crit\u00e9rium du Dauphin\u00e9-n t\u00f6rt\u00e9nt s\u00falyos baleset\u00e9b\u0151l. Chris Froome akkor t\u00f6bb s\u00e9r\u00fcl\u00e9st is elszenvedett, t\u00f6bbek k\u00f6z\u00f6tt a combcsontja, a k\u00f6ny\u00f6ke \u00e9s a bord\u00e1i is elt\u00f6rtek.\" \/>\n<meta name=\"robots\" content=\"index, follow, max-snippet:-1, max-image-preview:large, max-video-preview:-1\" \/>\n<link rel=\"canonical\" href=\"https:\/\/www.welovecycling.com\/hu\/orszaguti-kerekpar\/froome-a-mostani-szintem-nem-eleg-a-tour-de-france-gyozelemhez\/\" \/>\n<meta property=\"og:locale\" content=\"hu_HU\" \/>\n<meta property=\"og:type\" content=\"article\" \/>\n<meta property=\"og:title\" content=\"Froome: \u201eA mostani szintem nem el\u00e9g a Tour de France gy\u0151zelemhez\u201c\" \/>\n<meta property=\"og:description\" content=\"A 36 \u00e9ves profi ker\u00e9kp\u00e1ros az Israel Start Up-Nation csapat\u00e1ban folytatja a fel\u00e9p\u00fcl\u00e9st a 2019-es Crit\u00e9rium du Dauphin\u00e9-n t\u00f6rt\u00e9nt s\u00falyos baleset\u00e9b\u0151l. Chris Froome akkor t\u00f6bb s\u00e9r\u00fcl\u00e9st is elszenvedett, t\u00f6bbek k\u00f6z\u00f6tt a combcsontja, a k\u00f6ny\u00f6ke \u00e9s a bord\u00e1i is elt\u00f6rtek.\" \/>\n<meta property=\"og:url\" content=\"https:\/\/www.welovecycling.com\/hu\/orszaguti-kerekpar\/froome-a-mostani-szintem-nem-eleg-a-tour-de-france-gyozelemhez\/\" \/>\n<meta property=\"og:site_name\" content=\"\u0160koda We Love Cycling - Magyarorsz\u00e1g\" \/>\n<meta property=\"article:publisher\" content=\"https:\/\/www.facebook.com\/WeLoveCyclingHungary\/\" \/>\n<meta property=\"article:published_time\" content=\"2021-06-20T06:00:28+00:00\" \/>\n<meta property=\"og:image\" content=\"https:\/\/d2p6e6u75xmxt8.cloudfront.net\/12\/2021\/06\/Chris-Froome-profimedia-0609019984-CVR.jpg\" \/>\n\t<meta property=\"og:image:width\" content=\"1366\" \/>\n\t<meta property=\"og:image:height\" content=\"600\" \/>\n\t<meta property=\"og:image:type\" content=\"image\/jpeg\" \/>\n<meta name=\"author\" content=\"hegyizs\" \/>\n<meta name=\"twitter:card\" content=\"summary_large_image\" \/>\n<meta name=\"twitter:label1\" content=\"Written by\" \/>\n\t<meta name=\"twitter:data1\" content=\"Monica Buck\" \/>\n\t<meta name=\"twitter:label2\" content=\"Est. reading time\" \/>\n\t<meta name=\"twitter:data2\" content=\"4\" \/>\n<script type=\"application\/ld+json\" class=\"yoast-schema-graph\">{\"@context\":\"https:\/\/schema.org\",\"@graph\":[{\"@type\":\"WebPage\",\"@id\":\"https:\/\/www.welovecycling.com\/hu\/orszaguti-kerekpar\/froome-a-mostani-szintem-nem-eleg-a-tour-de-france-gyozelemhez\/\",\"url\":\"https:\/\/www.welovecycling.com\/hu\/orszaguti-kerekpar\/froome-a-mostani-szintem-nem-eleg-a-tour-de-france-gyozelemhez\/\",\"name\":\"Froome: \u201eA mostani szintem nem el\u00e9g a Tour de France gy\u0151zelemhez\u201c\",\"isPartOf\":{\"@id\":\"https:\/\/www.welovecycling.com\/hu\/#website\"},\"primaryImageOfPage\":{\"@id\":\"https:\/\/www.welovecycling.com\/hu\/orszaguti-kerekpar\/froome-a-mostani-szintem-nem-eleg-a-tour-de-france-gyozelemhez\/#primaryimage\"},\"image\":{\"@id\":\"https:\/\/www.welovecycling.com\/hu\/orszaguti-kerekpar\/froome-a-mostani-szintem-nem-eleg-a-tour-de-france-gyozelemhez\/#primaryimage\"},\"thumbnailUrl\":\"https:\/\/d2p6e6u75xmxt8.cloudfront.net\/12\/2021\/06\/Chris-Froome-profimedia-0609019984-CVR.jpg\",\"datePublished\":\"2021-06-20T06:00:28+00:00\",\"author\":{\"@id\":\"https:\/\/www.welovecycling.com\/hu\/#\/schema\/person\/414a2aebf1801691a5320edb6468e194\"},\"description\":\"A 36 \u00e9ves profi ker\u00e9kp\u00e1ros az Israel Start Up-Nation csapat\u00e1ban folytatja a fel\u00e9p\u00fcl\u00e9st a 2019-es Crit\u00e9rium du Dauphin\u00e9-n t\u00f6rt\u00e9nt s\u00falyos baleset\u00e9b\u0151l. Chris Froome akkor t\u00f6bb s\u00e9r\u00fcl\u00e9st is elszenvedett, t\u00f6bbek k\u00f6z\u00f6tt a combcsontja, a k\u00f6ny\u00f6ke \u00e9s a bord\u00e1i is elt\u00f6rtek.\",\"breadcrumb\":{\"@id\":\"https:\/\/www.welovecycling.com\/hu\/orszaguti-kerekpar\/froome-a-mostani-szintem-nem-eleg-a-tour-de-france-gyozelemhez\/#breadcrumb\"},\"inLanguage\":\"hu\",\"potentialAction\":[{\"@type\":\"ReadAction\",\"target\":[\"https:\/\/www.welovecycling.com\/hu\/orszaguti-kerekpar\/froome-a-mostani-szintem-nem-eleg-a-tour-de-france-gyozelemhez\/\"]}]},{\"@type\":\"ImageObject\",\"inLanguage\":\"hu\",\"@id\":\"https:\/\/www.welovecycling.com\/hu\/orszaguti-kerekpar\/froome-a-mostani-szintem-nem-eleg-a-tour-de-france-gyozelemhez\/#primaryimage\",\"url\":\"https:\/\/d2p6e6u75xmxt8.cloudfront.net\/12\/2021\/06\/Chris-Froome-profimedia-0609019984-CVR.jpg\",\"contentUrl\":\"https:\/\/d2p6e6u75xmxt8.cloudfront.net\/12\/2021\/06\/Chris-Froome-profimedia-0609019984-CVR.jpg\",\"width\":1366,\"height\":600,\"caption\":\"Chris Froome\"},{\"@type\":\"BreadcrumbList\",\"@id\":\"https:\/\/www.welovecycling.com\/hu\/orszaguti-kerekpar\/froome-a-mostani-szintem-nem-eleg-a-tour-de-france-gyozelemhez\/#breadcrumb\",\"itemListElement\":[{\"@type\":\"ListItem\",\"position\":1,\"name\":\"Home\",\"item\":\"https:\/\/www.welovecycling.com\/hu\/\"},{\"@type\":\"ListItem\",\"position\":2,\"name\":\"Froome: \u201eA mostani szintem nem el\u00e9g a Tour de France gy\u0151zelemhez\u201c\"}]},{\"@type\":\"WebSite\",\"@id\":\"https:\/\/www.welovecycling.com\/hu\/#website\",\"url\":\"https:\/\/www.welovecycling.com\/hu\/\",\"name\":\"\u0160koda We Love Cycling - Magyarorsz\u00e1g\",\"description\":\"\u0160koda WeLoveCycling\",\"potentialAction\":[{\"@type\":\"SearchAction\",\"target\":{\"@type\":\"EntryPoint\",\"urlTemplate\":\"https:\/\/www.welovecycling.com\/hu\/?s={search_term_string}\"},\"query-input\":{\"@type\":\"PropertyValueSpecification\",\"valueRequired\":true,\"valueName\":\"search_term_string\"}}],\"inLanguage\":\"hu\"},{\"@type\":\"Person\",\"@id\":\"https:\/\/www.welovecycling.com\/hu\/#\/schema\/person\/414a2aebf1801691a5320edb6468e194\",\"name\":\"hegyizs\",\"image\":{\"@type\":\"ImageObject\",\"inLanguage\":\"hu\",\"@id\":\"https:\/\/www.welovecycling.com\/hu\/#\/schema\/person\/image\/\",\"url\":\"https:\/\/secure.gravatar.com\/avatar\/02cf8a7906b8cf90cecb4679defac7cfd33a1c2e3b88e4903d947f3bb58eedd3?s=96&d=mm&r=g\",\"contentUrl\":\"https:\/\/secure.gravatar.com\/avatar\/02cf8a7906b8cf90cecb4679defac7cfd33a1c2e3b88e4903d947f3bb58eedd3?s=96&d=mm&r=g\",\"caption\":\"hegyizs\"},\"url\":\"https:\/\/www.welovecycling.com\/hu\/author\/hegyizs\/\"}]}<\/script>\n<!-- \/ Yoast SEO Premium plugin. -->","yoast_head_json":{"title":"Froome: \u201eA mostani szintem nem el\u00e9g a Tour de France gy\u0151zelemhez\u201c","description":"A 36 \u00e9ves profi ker\u00e9kp\u00e1ros az Israel Start Up-Nation csapat\u00e1ban folytatja a fel\u00e9p\u00fcl\u00e9st a 2019-es Crit\u00e9rium du Dauphin\u00e9-n t\u00f6rt\u00e9nt s\u00falyos baleset\u00e9b\u0151l. Chris Froome akkor t\u00f6bb s\u00e9r\u00fcl\u00e9st is elszenvedett, t\u00f6bbek k\u00f6z\u00f6tt a combcsontja, a k\u00f6ny\u00f6ke \u00e9s a bord\u00e1i is elt\u00f6rtek.","robots":{"index":"index","follow":"follow","max-snippet":"max-snippet:-1","max-image-preview":"max-image-preview:large","max-video-preview":"max-video-preview:-1"},"canonical":"https:\/\/www.welovecycling.com\/hu\/orszaguti-kerekpar\/froome-a-mostani-szintem-nem-eleg-a-tour-de-france-gyozelemhez\/","og_locale":"hu_HU","og_type":"article","og_title":"Froome: \u201eA mostani szintem nem el\u00e9g a Tour de France gy\u0151zelemhez\u201c","og_description":"A 36 \u00e9ves profi ker\u00e9kp\u00e1ros az Israel Start Up-Nation csapat\u00e1ban folytatja a fel\u00e9p\u00fcl\u00e9st a 2019-es Crit\u00e9rium du Dauphin\u00e9-n t\u00f6rt\u00e9nt s\u00falyos baleset\u00e9b\u0151l. Chris Froome akkor t\u00f6bb s\u00e9r\u00fcl\u00e9st is elszenvedett, t\u00f6bbek k\u00f6z\u00f6tt a combcsontja, a k\u00f6ny\u00f6ke \u00e9s a bord\u00e1i is elt\u00f6rtek.","og_url":"https:\/\/www.welovecycling.com\/hu\/orszaguti-kerekpar\/froome-a-mostani-szintem-nem-eleg-a-tour-de-france-gyozelemhez\/","og_site_name":"\u0160koda We Love Cycling - Magyarorsz\u00e1g","article_publisher":"https:\/\/www.facebook.com\/WeLoveCyclingHungary\/","article_published_time":"2021-06-20T06:00:28+00:00","og_image":[{"width":1366,"height":600,"url":"https:\/\/d2p6e6u75xmxt8.cloudfront.net\/12\/2021\/06\/Chris-Froome-profimedia-0609019984-CVR.jpg","type":"image\/jpeg"}],"author":"hegyizs","twitter_card":"summary_large_image","twitter_misc":{"Written by":"Monica Buck","Est. reading time":"4"},"schema":{"@context":"https:\/\/schema.org","@graph":[{"@type":"WebPage","@id":"https:\/\/www.welovecycling.com\/hu\/orszaguti-kerekpar\/froome-a-mostani-szintem-nem-eleg-a-tour-de-france-gyozelemhez\/","url":"https:\/\/www.welovecycling.com\/hu\/orszaguti-kerekpar\/froome-a-mostani-szintem-nem-eleg-a-tour-de-france-gyozelemhez\/","name":"Froome: \u201eA mostani szintem nem el\u00e9g a Tour de France gy\u0151zelemhez\u201c","isPartOf":{"@id":"https:\/\/www.welovecycling.com\/hu\/#website"},"primaryImageOfPage":{"@id":"https:\/\/www.welovecycling.com\/hu\/orszaguti-kerekpar\/froome-a-mostani-szintem-nem-eleg-a-tour-de-france-gyozelemhez\/#primaryimage"},"image":{"@id":"https:\/\/www.welovecycling.com\/hu\/orszaguti-kerekpar\/froome-a-mostani-szintem-nem-eleg-a-tour-de-france-gyozelemhez\/#primaryimage"},"thumbnailUrl":"https:\/\/d2p6e6u75xmxt8.cloudfront.net\/12\/2021\/06\/Chris-Froome-profimedia-0609019984-CVR.jpg","datePublished":"2021-06-20T06:00:28+00:00","author":{"@id":"https:\/\/www.welovecycling.com\/hu\/#\/schema\/person\/414a2aebf1801691a5320edb6468e194"},"description":"A 36 \u00e9ves profi ker\u00e9kp\u00e1ros az Israel Start Up-Nation csapat\u00e1ban folytatja a fel\u00e9p\u00fcl\u00e9st a 2019-es Crit\u00e9rium du Dauphin\u00e9-n t\u00f6rt\u00e9nt s\u00falyos baleset\u00e9b\u0151l. Chris Froome akkor t\u00f6bb s\u00e9r\u00fcl\u00e9st is elszenvedett, t\u00f6bbek k\u00f6z\u00f6tt a combcsontja, a k\u00f6ny\u00f6ke \u00e9s a bord\u00e1i is elt\u00f6rtek.","breadcrumb":{"@id":"https:\/\/www.welovecycling.com\/hu\/orszaguti-kerekpar\/froome-a-mostani-szintem-nem-eleg-a-tour-de-france-gyozelemhez\/#breadcrumb"},"inLanguage":"hu","potentialAction":[{"@type":"ReadAction","target":["https:\/\/www.welovecycling.com\/hu\/orszaguti-kerekpar\/froome-a-mostani-szintem-nem-eleg-a-tour-de-france-gyozelemhez\/"]}]},{"@type":"ImageObject","inLanguage":"hu","@id":"https:\/\/www.welovecycling.com\/hu\/orszaguti-kerekpar\/froome-a-mostani-szintem-nem-eleg-a-tour-de-france-gyozelemhez\/#primaryimage","url":"https:\/\/d2p6e6u75xmxt8.cloudfront.net\/12\/2021\/06\/Chris-Froome-profimedia-0609019984-CVR.jpg","contentUrl":"https:\/\/d2p6e6u75xmxt8.cloudfront.net\/12\/2021\/06\/Chris-Froome-profimedia-0609019984-CVR.jpg","width":1366,"height":600,"caption":"Chris Froome"},{"@type":"BreadcrumbList","@id":"https:\/\/www.welovecycling.com\/hu\/orszaguti-kerekpar\/froome-a-mostani-szintem-nem-eleg-a-tour-de-france-gyozelemhez\/#breadcrumb","itemListElement":[{"@type":"ListItem","position":1,"name":"Home","item":"https:\/\/www.welovecycling.com\/hu\/"},{"@type":"ListItem","position":2,"name":"Froome: \u201eA mostani szintem nem el\u00e9g a Tour de France gy\u0151zelemhez\u201c"}]},{"@type":"WebSite","@id":"https:\/\/www.welovecycling.com\/hu\/#website","url":"https:\/\/www.welovecycling.com\/hu\/","name":"\u0160koda We Love Cycling - Magyarorsz\u00e1g","description":"\u0160koda WeLoveCycling","potentialAction":[{"@type":"SearchAction","target":{"@type":"EntryPoint","urlTemplate":"https:\/\/www.welovecycling.com\/hu\/?s={search_term_string}"},"query-input":{"@type":"PropertyValueSpecification","valueRequired":true,"valueName":"search_term_string"}}],"inLanguage":"hu"},{"@type":"Person","@id":"https:\/\/www.welovecycling.com\/hu\/#\/schema\/person\/414a2aebf1801691a5320edb6468e194","name":"hegyizs","image":{"@type":"ImageObject","inLanguage":"hu","@id":"https:\/\/www.welovecycling.com\/hu\/#\/schema\/person\/image\/","url":"https:\/\/secure.gravatar.com\/avatar\/02cf8a7906b8cf90cecb4679defac7cfd33a1c2e3b88e4903d947f3bb58eedd3?s=96&d=mm&r=g","contentUrl":"https:\/\/secure.gravatar.com\/avatar\/02cf8a7906b8cf90cecb4679defac7cfd33a1c2e3b88e4903d947f3bb58eedd3?s=96&d=mm&r=g","caption":"hegyizs"},"url":"https:\/\/www.welovecycling.com\/hu\/author\/hegyizs\/"}]}},"_links":{"self":[{"href":"https:\/\/www.welovecycling.com\/hu\/wp-json\/wp\/v2\/posts\/11703","targetHints":{"allow":["GET"]}}],"collection":[{"href":"https:\/\/www.welovecycling.com\/hu\/wp-json\/wp\/v2\/posts"}],"about":[{"href":"https:\/\/www.welovecycling.com\/hu\/wp-json\/wp\/v2\/types\/post"}],"author":[{"embeddable":true,"href":"https:\/\/www.welovecycling.com\/hu\/wp-json\/wp\/v2\/users\/71"}],"replies":[{"embeddable":true,"href":"https:\/\/www.welovecycling.com\/hu\/wp-json\/wp\/v2\/comments?post=11703"}],"version-history":[{"count":2,"href":"https:\/\/www.welovecycling.com\/hu\/wp-json\/wp\/v2\/posts\/11703\/revisions"}],"predecessor-version":[{"id":11717,"href":"https:\/\/www.welovecycling.com\/hu\/wp-json\/wp\/v2\/posts\/11703\/revisions\/11717"}],"wp:featuredmedia":[{"embeddable":true,"href":"https:\/\/www.welovecycling.com\/hu\/wp-json\/wp\/v2\/media\/11707"}],"wp:attachment":[{"href":"https:\/\/www.welovecycling.com\/hu\/wp-json\/wp\/v2\/media?parent=11703"}],"wp:term":[{"taxonomy":"category","embeddable":true,"href":"https:\/\/www.welovecycling.com\/hu\/wp-json\/wp\/v2\/categories?post=11703"},{"taxonomy":"post_tag","embeddable":true,"href":"https:\/\/www.welovecycling.com\/hu\/wp-json\/wp\/v2\/tags?post=11703"},{"taxonomy":"global-categories","embeddable":true,"href":"https:\/\/www.welovecycling.com\/hu\/wp-json\/wp\/v2\/global-categories?post=11703"}],"curies":[{"name":"wp","href":"https:\/\/api.w.org\/{rel}","templated":true}]}}