{"id":11698,"date":"2021-06-18T15:00:21","date_gmt":"2021-06-18T13:00:21","guid":{"rendered":"https:\/\/www.welovecycling.com\/hu\/?p=11698"},"modified":"2021-06-11T16:29:12","modified_gmt":"2021-06-11T14:29:12","slug":"tud-egy-ferfi-noi-kerekparon-biciklizni","status":"publish","type":"post","link":"https:\/\/www.welovecycling.com\/hu\/kozosseg-es-kultura\/tud-egy-ferfi-noi-kerekparon-biciklizni\/","title":{"rendered":"Tud egy f\u00e9rfi n\u0151i ker\u00e9kp\u00e1ron biciklizni?"},"content":{"rendered":"<p><strong>Sok sz\u00f3 esik a ford\u00edtott esetr\u0151l: megvitatjuk, hogy mi\u00e9rt lehet jobb a f\u00e9rfi ker\u00e9kp\u00e1r bizonyos n\u0151k sz\u00e1m\u00e1ra, vagy panaszkodunk arrr\u00f3l, milyen kev\u00e9s v\u00e1laszt\u00e1si lehet\u0151s\u00e9ge van a h\u00f6lgyeknek: de mi van akkor, ha megcser\u00e9lj\u00fck a forgat\u00f3k\u00f6nyvet \u00e9s fontol\u00f3ra vessz\u00fck azt a lehet\u0151s\u00e9get, hogy f\u00e9rfiak bicikliznek n\u0151i ker\u00e9kp\u00e1ron? Lehet hogy c\u00e9lszer\u0171 \u00e9s praktikus lenne? S\u0151t tal\u00e1n ez az a megold\u00e1s, amire minden f\u00e9rfi versenyz\u0151 v\u00e1gyott?<\/strong><\/p>\n<p><!--more--><\/p>\n<p>A r\u00f6vid v\u00e1lasz a k\u00e9rd\u00e9sre, hogy biciklizhetnek-e f\u00e9rfiak n\u0151i bring\u00e1n: term\u00e9szetesen igen! Minden bicikli egy bicikli, \u00e9s ha egyet megtanult\u00e1l ir\u00e1ny\u00edtani, akkor mindegyiket tudod. S\u0151t, nem csak, hogy a f\u00e9rfiak tudnak n\u0151i biciklit vezetni, de van n\u00e9h\u00e1ny eset, amikor kifejezetten aj\u00e1nlott lenne. N\u00e9zz\u00fck is meg k\u00f6zelebbr\u0151l!<\/p>\n<h2><strong>A testalkatnak semmi k\u00f6ze a nemhez<\/strong><\/h2>\n<p>Nincs k\u00e9t egyforma ember, \u00e9s ahogy azt minden biciklis tudja: min\u00e9l jobban megfelel a ker\u00e9kp\u00e1r az egyedi testalkatnak, ann\u00e1l boldogabban fogod haszn\u00e1lni. \u00c1ltal\u00e1noss\u00e1gban elmondhat\u00f3, hogy a n\u0151i bicikliket \u00fagy alak\u00edtott\u00e1k ki, hogy egy kisebb termet\u0171 biciklisnek feleljenek meg. De, ahogy azt utolj\u00e1ra ellen\u0151rizt\u00fck, a f\u00e9rfiakb\u00f3l is sz\u00e1mos form\u00e1j\u00fa \u00e9s m\u00e9ret\u0171 l\u00e9tezik: teh\u00e1t, ha egy f\u00e9rfi nem tal\u00e1lja meg a t\u00f6k\u00e9letes biciklit a f\u00e9rfi kollekci\u00f3b\u00f3l, val\u00f3sz\u00edn\u0171leg a n\u0151i ker\u00e9kp\u00e1r lesz sz\u00e1m\u00e1ra a megold\u00e1s. Ehhez hasonl\u00f3an a n\u0151i ker\u00e9kp\u00e1rokat az alapj\u00e1n alak\u00edtj\u00e1k ki, hogy a n\u0151knek hosszabb a l\u00e1buk \u00e9s r\u00f6videbb a t\u00f6rzs\u00fck. Teh\u00e1t, ha olyan f\u00e9rfi vagy, akikre igazak ezek a jellemz\u0151k, \u00e9rdemes lenne kipr\u00f3b\u00e1lnod a n\u0151i bicikliket.<\/p>\n<figure id=\"attachment_11699\" aria-describedby=\"caption-attachment-11699\" style=\"width: 1024px\" class=\"wp-caption alignnone\"><a href=\"https:\/\/d2p6e6u75xmxt8.cloudfront.net\/2\/2021\/06\/Cycling-in-Madrid-profimedia-0614107386.jpg\"><img loading=\"lazy\" decoding=\"async\" class=\"wp-image-11699 size-large\" src=\"https:\/\/d2p6e6u75xmxt8.cloudfront.net\/12\/2021\/06\/Cycling-in-Madrid-profimedia-0614107386-1024x682.jpg\" alt=\"Cycling in Madrid\" width=\"1024\" height=\"682\" srcset=\"https:\/\/d2p6e6u75xmxt8.cloudfront.net\/12\/2021\/06\/Cycling-in-Madrid-profimedia-0614107386-1024x682.jpg 1024w, https:\/\/d2p6e6u75xmxt8.cloudfront.net\/12\/2021\/06\/Cycling-in-Madrid-profimedia-0614107386-300x200.jpg 300w, https:\/\/d2p6e6u75xmxt8.cloudfront.net\/12\/2021\/06\/Cycling-in-Madrid-profimedia-0614107386-768x512.jpg 768w, https:\/\/d2p6e6u75xmxt8.cloudfront.net\/12\/2021\/06\/Cycling-in-Madrid-profimedia-0614107386-272x182.jpg 272w, https:\/\/d2p6e6u75xmxt8.cloudfront.net\/12\/2021\/06\/Cycling-in-Madrid-profimedia-0614107386.jpg 1250w\" sizes=\"auto, (max-width: 1024px) 100vw, 1024px\" \/><\/a><figcaption id=\"caption-attachment-11699\" class=\"wp-caption-text\"><em>A n\u0151i bicikliket azon elv alapj\u00e1n tervezt\u00e9k, hogy a n\u0151knek hosszabb l\u00e1buk \u00e9s r\u00f6videbb t\u00f6rzs\u00fck van<\/em><\/figcaption><\/figure>\n<h2><strong>Ami azt illeti, a st\u00edlusnak sincs semmi k\u00f6ze a nemhez<\/strong><\/h2>\n<p>Az illeszked\u00e9s mellett sok f\u00e9rfinak tetszenek a n\u0151i biciklik sz\u00ednei, st\u00edlusa vagy mint\u00e1i. A <a href=\"https:\/\/www.bicycling.com\/bikes-gear\/a20043449\/why-men-should-try-womens-specific-bikes\/\">Bicycling.com \u00edgy id\u00e9zte<\/a> a Liv (a Giant testv\u00e9rm\u00e1rk\u00e1ja) glob\u00e1lis menedzser\u00e9t: <em>\u201eAzt vett\u00fck \u00e9szre, hogy sok f\u00e9rfi szereti a sz\u00edneinket. Vannak olyan f\u00e9rfiak, akik kifejezetten a Lust biciklinket k\u00e9rik.\u201c<\/em> Teh\u00e1t, ha f\u00e9rfi vagy \u00e9s egy bizonyos ker\u00e9kp\u00e1r kin\u00e9zete felkelti az \u00e9rdekl\u0151d\u00e9sedet vagy a te st\u00edlusod t\u00fckr\u00f6zi, ne hagyd, hogy a t\u00e9ny, hogy ezt n\u0151knek tervezt\u00e9k, megakad\u00e1lyozzon abban, hogy a ti\u00e9d lehessen!<\/p>\n<h2><strong>A n\u0151i ker\u00e9kp\u00e1rv\u00e1zak n\u00e9h\u00e1ny versenyz\u0151nek megk\u00f6nny\u00edtik a bicikliz\u00e9st<\/strong><\/h2>\n<p>T\u00e9ny, hogy sokkal t\u00f6bb alacsony \u00e1tl\u00e9p\u00e9s\u0171 ker\u00e9kp\u00e1r k\u00f6z\u00fcl lehet v\u00e1lasztani, amennyiben a n\u0151i bicikliket is beveszed a lehet\u0151s\u00e9gek k\u00f6z\u00e9. Ez egy klasszikus n\u0151i biciklis funkci\u00f3: a lefel\u00e9 lejt\u0151 fels\u0151 v\u00e1z azokat a napokat id\u00e9zi, amikor m\u00e9g a n\u0151i biciklisek hossz\u00fa szokny\u00e1t viseltek. Sok f\u00e9rfi m\u00e9gis ezeket a t\u00edpus\u00fa bicikliket r\u00e9szes\u00edti el\u0151nyben, \u00e9s ennek \u00e1ltal\u00e1ban nem a szoknya az oka. Ezekre k\u00f6nnyed\u00e9n felsz\u00e1llhatsz an\u00e9lk\u00fcl, hogy fel k\u00e9ne emelned a l\u00e1bad a h\u00e1ts\u00f3 ker\u00e9k f\u00f6l\u00e9. Nincs sz\u00fcks\u00e9g nagyobb er\u0151fesz\u00edt\u00e9sre. Csak sim\u00e1n r\u00e1\u00fclsz a nyeregre, a fel-\u00e9s lesz\u00e1ll\u00e1s is nagyon k\u00e9nyelmes \u00e9s egyszer\u0171. Eg\u00e9szs\u00e9g\u00fcgyi probl\u00e9m\u00e1kkal rendelkez\u0151k \u00e9s id\u0151sek is sokszor v\u00e1lasztj\u00e1k ezeket a modelleket: nekik is \u00e9rdemes teh\u00e1t k\u00f6r\u00fcln\u00e9zni a n\u0151i bring\u00e1k k\u00f6z\u00f6tt.<\/p>\n<figure id=\"attachment_11700\" aria-describedby=\"caption-attachment-11700\" style=\"width: 1024px\" class=\"wp-caption alignnone\"><a href=\"https:\/\/d2p6e6u75xmxt8.cloudfront.net\/2\/2021\/06\/Step-through-bicycle-profimedia-0411862296.jpg\"><img loading=\"lazy\" decoding=\"async\" class=\"wp-image-11700 size-large\" src=\"https:\/\/d2p6e6u75xmxt8.cloudfront.net\/12\/2021\/06\/Step-through-bicycle-profimedia-0411862296-1024x682.jpg\" alt=\"Step-through bike\" width=\"1024\" height=\"682\" srcset=\"https:\/\/d2p6e6u75xmxt8.cloudfront.net\/12\/2021\/06\/Step-through-bicycle-profimedia-0411862296-1024x682.jpg 1024w, https:\/\/d2p6e6u75xmxt8.cloudfront.net\/12\/2021\/06\/Step-through-bicycle-profimedia-0411862296-300x200.jpg 300w, https:\/\/d2p6e6u75xmxt8.cloudfront.net\/12\/2021\/06\/Step-through-bicycle-profimedia-0411862296-768x512.jpg 768w, https:\/\/d2p6e6u75xmxt8.cloudfront.net\/12\/2021\/06\/Step-through-bicycle-profimedia-0411862296-272x182.jpg 272w, https:\/\/d2p6e6u75xmxt8.cloudfront.net\/12\/2021\/06\/Step-through-bicycle-profimedia-0411862296.jpg 1250w\" sizes=\"auto, (max-width: 1024px) 100vw, 1024px\" \/><\/a><figcaption id=\"caption-attachment-11700\" class=\"wp-caption-text\"><em>Sokan r\u00e9szes\u00edtik el\u0151nyben az alacsony \u00e1tl\u00e9p\u00e9s\u0171 bicikliket.<\/em><\/figcaption><\/figure>\n<h2><strong>N\u00e9h\u00e1ny f\u00e9rfinak keskeny a v\u00e1lla<\/strong><\/h2>\n<p>A testalkat k\u00e9rd\u00e9s\u00e9re visszat\u00e9rve, a n\u0151i biciklik \u00e1ltal\u00e1ban azon az elven alapulnak, hogy a n\u0151knek keskenyebb a v\u00e1lluk, mint a f\u00e9rfiaknak. Ha f\u00e9rfik\u00e9nt gyakran tapasztalod, hogy f\u00e1j a v\u00e1llad bicajoz\u00e1s ut\u00e1n, akkor egy n\u0151i ker\u00e9kp\u00e1r seg\u00edthet megoldani ezt a probl\u00e9m\u00e1t. A t\u00fal sz\u00e9les korm\u00e1nyr\u00fad mindenf\u00e9le probl\u00e9m\u00e1t okozhat \u00e9s megnehez\u00edtheti a bicikli ir\u00e1ny\u00edt\u00e1s\u00e1t is, ez\u00e9rt ne hagyd figyelmen k\u00edv\u00fcl a kellemetlen \u00e9rz\u00e9st!<\/p>\n<h2><strong>K\u00e9nyelmesebb korm\u00e1nyz\u00e1s<\/strong><\/h2>\n<p>Vannak olyan n\u0151i modellek, melyekn\u00e9l r\u00f6videbb az \u00fcl\u00e9s \u00e9s a korm\u00e1ny k\u00f6z\u00f6tti t\u00e1vols\u00e1g, ez pedig lehet\u0151v\u00e9 teszi az egyenesebb testtart\u00e1st. Sok f\u00e9rfi \u00e9s n\u0151i biciklis sz\u00e1m\u00e1ra biztos\u00edt k\u00e9nyelmesebb korm\u00e1nyz\u00e1st ez a testhelyzet, p\u00e9ld\u00e1ul hosszabb t\u00e1von vagy mountain bike-oz\u00e1s k\u00f6zben.<\/p>\n<h2><strong>Sz\u00f3val, k\u00e9szen \u00e1llsz kipr\u00f3b\u00e1lni a n\u0151i biciklit?<\/strong><\/h2>\n<p>Ha a ker\u00e9kp\u00e1rtervez\u00e9s j\u00f6v\u0151j\u00e9t n\u00e9zz\u00fck, val\u00f3sz\u00edn\u0171leg az unisex bicikliken lesz majd az els\u0151dleges hangs\u00faly. \u00dagy t\u0171nik, min\u00e9l ink\u00e1bb meg\u00e9rtj\u00fck a k\u00fcl\u00f6nb\u00f6z\u0151 nemek tulajdons\u00e1gait, ann\u00e1l pontosabbak lesznek az adatok a bicikliz\u0151kkel kapcsolatban. Elk\u00e9pzelhet\u0151, hogy egyre t\u00f6bb ker\u00e9kp\u00e1rm\u00e1rk\u00e1t fogunk l\u00e1tni \u00e1tt\u00e9rni a nemsemleges biciklikre, amik p\u00e9ld\u00e1ul \u00f6t k\u00fcl\u00f6nb\u00f6z\u0151 m\u00e9ret\u0171 modellt k\u00edn\u00e1lnak a n\u00e9gy \u201ef\u00e9rfi\u201c \u00e9s n\u00e9gy \u201en\u0151i\u201c helyett. Egyel\u0151re azonban min\u00e9l t\u00f6bb biciklit pr\u00f3b\u00e1lsz ki, ann\u00e1l nagyobb az es\u00e9lye annak, hogy megtal\u00e1lod a neked megfelel\u0151t. Teh\u00e1t nemt\u0151l f\u00fcggetlen\u00fcl azt tan\u00e1csoljuk, hogy legy\u00e9l tiszt\u00e1ban a rendelkez\u00e9sedre \u00e1ll\u00f3 lehet\u0151s\u00e9gekkel!<\/p>\n","protected":false},"excerpt":{"rendered":"<p>Sok sz\u00f3 esik a ford\u00edtott esetr\u0151l: megvitatjuk, hogy mi\u00e9rt lehet jobb a f\u00e9rfi ker\u00e9kp\u00e1r bizonyos n\u0151k sz\u00e1m\u00e1ra, vagy panaszkodunk arrr\u00f3l, [&hellip;]<\/p>\n","protected":false},"author":71,"featured_media":11702,"comment_status":"closed","ping_status":"closed","sticky":false,"template":"","format":"standard","meta":{"footnotes":""},"categories":[12],"tags":[],"global-categories":[],"class_list":["post-11698","post","type-post","status-publish","format-standard","has-post-thumbnail","hentry","category-kozosseg-es-kultura"],"yoast_head":"<!-- This site is optimized with the Yoast SEO Premium plugin v25.3 (Yoast SEO v25.9) - https:\/\/yoast.com\/wordpress\/plugins\/seo\/ -->\n<title>Tud egy f\u00e9rfi n\u0151i ker\u00e9kp\u00e1ron biciklizni? - \u0160koda We Love Cycling - Magyarorsz\u00e1g<\/title>\n<meta name=\"description\" content=\"Sok sz\u00f3 esik a ford\u00edtott esetr\u0151l: megvitatjuk, hogy mi\u00e9rt lehet jobb a f\u00e9rfi ker\u00e9kp\u00e1r bizonyos n\u0151k sz\u00e1m\u00e1ra, vagy panaszkodunk arrr\u00f3l, milyen kev\u00e9s v\u00e1laszt\u00e1si lehet\u0151s\u00e9ge van a h\u00f6lgyeknek: de mi van akkor, ha megcser\u00e9lj\u00fck a forgat\u00f3k\u00f6nyvet \u00e9s fontol\u00f3ra vessz\u00fck azt a lehet\u0151s\u00e9get, hogy f\u00e9rfiak bicikliznek n\u0151i ker\u00e9kp\u00e1ron? Lehet hogy c\u00e9lszer\u0171 \u00e9s praktikus lenne? S\u0151t tal\u00e1n ez az a megold\u00e1s, amire minden f\u00e9rfi versenyz\u0151 v\u00e1gyott?\" \/>\n<meta name=\"robots\" content=\"index, follow, max-snippet:-1, max-image-preview:large, max-video-preview:-1\" \/>\n<link rel=\"canonical\" href=\"https:\/\/www.welovecycling.com\/hu\/kozosseg-es-kultura\/tud-egy-ferfi-noi-kerekparon-biciklizni\/\" \/>\n<meta property=\"og:locale\" content=\"hu_HU\" \/>\n<meta property=\"og:type\" content=\"article\" \/>\n<meta property=\"og:title\" content=\"Tud egy f\u00e9rfi n\u0151i ker\u00e9kp\u00e1ron biciklizni?\" \/>\n<meta property=\"og:description\" content=\"Sok sz\u00f3 esik a ford\u00edtott esetr\u0151l: megvitatjuk, hogy mi\u00e9rt lehet jobb a f\u00e9rfi ker\u00e9kp\u00e1r bizonyos n\u0151k sz\u00e1m\u00e1ra, vagy panaszkodunk arrr\u00f3l, milyen kev\u00e9s v\u00e1laszt\u00e1si lehet\u0151s\u00e9ge van a h\u00f6lgyeknek: de mi van akkor, ha megcser\u00e9lj\u00fck a forgat\u00f3k\u00f6nyvet \u00e9s fontol\u00f3ra vessz\u00fck azt a lehet\u0151s\u00e9get, hogy f\u00e9rfiak bicikliznek n\u0151i ker\u00e9kp\u00e1ron? Lehet hogy c\u00e9lszer\u0171 \u00e9s praktikus lenne? S\u0151t tal\u00e1n ez az a megold\u00e1s, amire minden f\u00e9rfi versenyz\u0151 v\u00e1gyott?\" \/>\n<meta property=\"og:url\" content=\"https:\/\/www.welovecycling.com\/hu\/kozosseg-es-kultura\/tud-egy-ferfi-noi-kerekparon-biciklizni\/\" \/>\n<meta property=\"og:site_name\" content=\"\u0160koda We Love Cycling - Magyarorsz\u00e1g\" \/>\n<meta property=\"article:publisher\" content=\"https:\/\/www.facebook.com\/WeLoveCyclingHungary\/\" \/>\n<meta property=\"article:published_time\" content=\"2021-06-18T13:00:21+00:00\" \/>\n<meta property=\"og:image\" content=\"https:\/\/d2p6e6u75xmxt8.cloudfront.net\/12\/2021\/06\/Cyclist-legsprofimedia-0566852947-CVR.jpg\" \/>\n\t<meta property=\"og:image:width\" content=\"1366\" \/>\n\t<meta property=\"og:image:height\" content=\"600\" \/>\n\t<meta property=\"og:image:type\" content=\"image\/jpeg\" \/>\n<meta name=\"author\" content=\"hegyizs\" \/>\n<meta name=\"twitter:card\" content=\"summary_large_image\" \/>\n<meta name=\"twitter:label1\" content=\"Written by\" \/>\n\t<meta name=\"twitter:data1\" content=\"Megan Flottorp\" \/>\n\t<meta name=\"twitter:label2\" content=\"Est. reading time\" \/>\n\t<meta name=\"twitter:data2\" content=\"6\" \/>\n<script type=\"application\/ld+json\" class=\"yoast-schema-graph\">{\"@context\":\"https:\/\/schema.org\",\"@graph\":[{\"@type\":\"WebPage\",\"@id\":\"https:\/\/www.welovecycling.com\/hu\/kozosseg-es-kultura\/tud-egy-ferfi-noi-kerekparon-biciklizni\/\",\"url\":\"https:\/\/www.welovecycling.com\/hu\/kozosseg-es-kultura\/tud-egy-ferfi-noi-kerekparon-biciklizni\/\",\"name\":\"Tud egy f\u00e9rfi n\u0151i ker\u00e9kp\u00e1ron biciklizni? - \u0160koda We Love Cycling - Magyarorsz\u00e1g\",\"isPartOf\":{\"@id\":\"https:\/\/www.welovecycling.com\/hu\/#website\"},\"primaryImageOfPage\":{\"@id\":\"https:\/\/www.welovecycling.com\/hu\/kozosseg-es-kultura\/tud-egy-ferfi-noi-kerekparon-biciklizni\/#primaryimage\"},\"image\":{\"@id\":\"https:\/\/www.welovecycling.com\/hu\/kozosseg-es-kultura\/tud-egy-ferfi-noi-kerekparon-biciklizni\/#primaryimage\"},\"thumbnailUrl\":\"https:\/\/d2p6e6u75xmxt8.cloudfront.net\/12\/2021\/06\/Cyclist-legsprofimedia-0566852947-CVR.jpg\",\"datePublished\":\"2021-06-18T13:00:21+00:00\",\"author\":{\"@id\":\"https:\/\/www.welovecycling.com\/hu\/#\/schema\/person\/414a2aebf1801691a5320edb6468e194\"},\"description\":\"Sok sz\u00f3 esik a ford\u00edtott esetr\u0151l: megvitatjuk, hogy mi\u00e9rt lehet jobb a f\u00e9rfi ker\u00e9kp\u00e1r bizonyos n\u0151k sz\u00e1m\u00e1ra, vagy panaszkodunk arrr\u00f3l, milyen kev\u00e9s v\u00e1laszt\u00e1si lehet\u0151s\u00e9ge van a h\u00f6lgyeknek: de mi van akkor, ha megcser\u00e9lj\u00fck a forgat\u00f3k\u00f6nyvet \u00e9s fontol\u00f3ra vessz\u00fck azt a lehet\u0151s\u00e9get, hogy f\u00e9rfiak bicikliznek n\u0151i ker\u00e9kp\u00e1ron? Lehet hogy c\u00e9lszer\u0171 \u00e9s praktikus lenne? S\u0151t tal\u00e1n ez az a megold\u00e1s, amire minden f\u00e9rfi versenyz\u0151 v\u00e1gyott?\",\"breadcrumb\":{\"@id\":\"https:\/\/www.welovecycling.com\/hu\/kozosseg-es-kultura\/tud-egy-ferfi-noi-kerekparon-biciklizni\/#breadcrumb\"},\"inLanguage\":\"hu\",\"potentialAction\":[{\"@type\":\"ReadAction\",\"target\":[\"https:\/\/www.welovecycling.com\/hu\/kozosseg-es-kultura\/tud-egy-ferfi-noi-kerekparon-biciklizni\/\"]}]},{\"@type\":\"ImageObject\",\"inLanguage\":\"hu\",\"@id\":\"https:\/\/www.welovecycling.com\/hu\/kozosseg-es-kultura\/tud-egy-ferfi-noi-kerekparon-biciklizni\/#primaryimage\",\"url\":\"https:\/\/d2p6e6u75xmxt8.cloudfront.net\/12\/2021\/06\/Cyclist-legsprofimedia-0566852947-CVR.jpg\",\"contentUrl\":\"https:\/\/d2p6e6u75xmxt8.cloudfront.net\/12\/2021\/06\/Cyclist-legsprofimedia-0566852947-CVR.jpg\",\"width\":1366,\"height\":600,\"caption\":\"Cycling\"},{\"@type\":\"BreadcrumbList\",\"@id\":\"https:\/\/www.welovecycling.com\/hu\/kozosseg-es-kultura\/tud-egy-ferfi-noi-kerekparon-biciklizni\/#breadcrumb\",\"itemListElement\":[{\"@type\":\"ListItem\",\"position\":1,\"name\":\"Home\",\"item\":\"https:\/\/www.welovecycling.com\/hu\/\"},{\"@type\":\"ListItem\",\"position\":2,\"name\":\"Tud egy f\u00e9rfi n\u0151i ker\u00e9kp\u00e1ron biciklizni?\"}]},{\"@type\":\"WebSite\",\"@id\":\"https:\/\/www.welovecycling.com\/hu\/#website\",\"url\":\"https:\/\/www.welovecycling.com\/hu\/\",\"name\":\"\u0160koda We Love Cycling - Magyarorsz\u00e1g\",\"description\":\"\u0160koda WeLoveCycling\",\"potentialAction\":[{\"@type\":\"SearchAction\",\"target\":{\"@type\":\"EntryPoint\",\"urlTemplate\":\"https:\/\/www.welovecycling.com\/hu\/?s={search_term_string}\"},\"query-input\":{\"@type\":\"PropertyValueSpecification\",\"valueRequired\":true,\"valueName\":\"search_term_string\"}}],\"inLanguage\":\"hu\"},{\"@type\":\"Person\",\"@id\":\"https:\/\/www.welovecycling.com\/hu\/#\/schema\/person\/414a2aebf1801691a5320edb6468e194\",\"name\":\"hegyizs\",\"image\":{\"@type\":\"ImageObject\",\"inLanguage\":\"hu\",\"@id\":\"https:\/\/www.welovecycling.com\/hu\/#\/schema\/person\/image\/\",\"url\":\"https:\/\/secure.gravatar.com\/avatar\/02cf8a7906b8cf90cecb4679defac7cfd33a1c2e3b88e4903d947f3bb58eedd3?s=96&d=mm&r=g\",\"contentUrl\":\"https:\/\/secure.gravatar.com\/avatar\/02cf8a7906b8cf90cecb4679defac7cfd33a1c2e3b88e4903d947f3bb58eedd3?s=96&d=mm&r=g\",\"caption\":\"hegyizs\"},\"url\":\"https:\/\/www.welovecycling.com\/hu\/author\/hegyizs\/\"}]}<\/script>\n<!-- \/ Yoast SEO Premium plugin. -->","yoast_head_json":{"title":"Tud egy f\u00e9rfi n\u0151i ker\u00e9kp\u00e1ron biciklizni? - \u0160koda We Love Cycling - Magyarorsz\u00e1g","description":"Sok sz\u00f3 esik a ford\u00edtott esetr\u0151l: megvitatjuk, hogy mi\u00e9rt lehet jobb a f\u00e9rfi ker\u00e9kp\u00e1r bizonyos n\u0151k sz\u00e1m\u00e1ra, vagy panaszkodunk arrr\u00f3l, milyen kev\u00e9s v\u00e1laszt\u00e1si lehet\u0151s\u00e9ge van a h\u00f6lgyeknek: de mi van akkor, ha megcser\u00e9lj\u00fck a forgat\u00f3k\u00f6nyvet \u00e9s fontol\u00f3ra vessz\u00fck azt a lehet\u0151s\u00e9get, hogy f\u00e9rfiak bicikliznek n\u0151i ker\u00e9kp\u00e1ron? Lehet hogy c\u00e9lszer\u0171 \u00e9s praktikus lenne? S\u0151t tal\u00e1n ez az a megold\u00e1s, amire minden f\u00e9rfi versenyz\u0151 v\u00e1gyott?","robots":{"index":"index","follow":"follow","max-snippet":"max-snippet:-1","max-image-preview":"max-image-preview:large","max-video-preview":"max-video-preview:-1"},"canonical":"https:\/\/www.welovecycling.com\/hu\/kozosseg-es-kultura\/tud-egy-ferfi-noi-kerekparon-biciklizni\/","og_locale":"hu_HU","og_type":"article","og_title":"Tud egy f\u00e9rfi n\u0151i ker\u00e9kp\u00e1ron biciklizni?","og_description":"Sok sz\u00f3 esik a ford\u00edtott esetr\u0151l: megvitatjuk, hogy mi\u00e9rt lehet jobb a f\u00e9rfi ker\u00e9kp\u00e1r bizonyos n\u0151k sz\u00e1m\u00e1ra, vagy panaszkodunk arrr\u00f3l, milyen kev\u00e9s v\u00e1laszt\u00e1si lehet\u0151s\u00e9ge van a h\u00f6lgyeknek: de mi van akkor, ha megcser\u00e9lj\u00fck a forgat\u00f3k\u00f6nyvet \u00e9s fontol\u00f3ra vessz\u00fck azt a lehet\u0151s\u00e9get, hogy f\u00e9rfiak bicikliznek n\u0151i ker\u00e9kp\u00e1ron? Lehet hogy c\u00e9lszer\u0171 \u00e9s praktikus lenne? S\u0151t tal\u00e1n ez az a megold\u00e1s, amire minden f\u00e9rfi versenyz\u0151 v\u00e1gyott?","og_url":"https:\/\/www.welovecycling.com\/hu\/kozosseg-es-kultura\/tud-egy-ferfi-noi-kerekparon-biciklizni\/","og_site_name":"\u0160koda We Love Cycling - Magyarorsz\u00e1g","article_publisher":"https:\/\/www.facebook.com\/WeLoveCyclingHungary\/","article_published_time":"2021-06-18T13:00:21+00:00","og_image":[{"width":1366,"height":600,"url":"https:\/\/d2p6e6u75xmxt8.cloudfront.net\/12\/2021\/06\/Cyclist-legsprofimedia-0566852947-CVR.jpg","type":"image\/jpeg"}],"author":"hegyizs","twitter_card":"summary_large_image","twitter_misc":{"Written by":"Megan Flottorp","Est. reading time":"6"},"schema":{"@context":"https:\/\/schema.org","@graph":[{"@type":"WebPage","@id":"https:\/\/www.welovecycling.com\/hu\/kozosseg-es-kultura\/tud-egy-ferfi-noi-kerekparon-biciklizni\/","url":"https:\/\/www.welovecycling.com\/hu\/kozosseg-es-kultura\/tud-egy-ferfi-noi-kerekparon-biciklizni\/","name":"Tud egy f\u00e9rfi n\u0151i ker\u00e9kp\u00e1ron biciklizni? - \u0160koda We Love Cycling - Magyarorsz\u00e1g","isPartOf":{"@id":"https:\/\/www.welovecycling.com\/hu\/#website"},"primaryImageOfPage":{"@id":"https:\/\/www.welovecycling.com\/hu\/kozosseg-es-kultura\/tud-egy-ferfi-noi-kerekparon-biciklizni\/#primaryimage"},"image":{"@id":"https:\/\/www.welovecycling.com\/hu\/kozosseg-es-kultura\/tud-egy-ferfi-noi-kerekparon-biciklizni\/#primaryimage"},"thumbnailUrl":"https:\/\/d2p6e6u75xmxt8.cloudfront.net\/12\/2021\/06\/Cyclist-legsprofimedia-0566852947-CVR.jpg","datePublished":"2021-06-18T13:00:21+00:00","author":{"@id":"https:\/\/www.welovecycling.com\/hu\/#\/schema\/person\/414a2aebf1801691a5320edb6468e194"},"description":"Sok sz\u00f3 esik a ford\u00edtott esetr\u0151l: megvitatjuk, hogy mi\u00e9rt lehet jobb a f\u00e9rfi ker\u00e9kp\u00e1r bizonyos n\u0151k sz\u00e1m\u00e1ra, vagy panaszkodunk arrr\u00f3l, milyen kev\u00e9s v\u00e1laszt\u00e1si lehet\u0151s\u00e9ge van a h\u00f6lgyeknek: de mi van akkor, ha megcser\u00e9lj\u00fck a forgat\u00f3k\u00f6nyvet \u00e9s fontol\u00f3ra vessz\u00fck azt a lehet\u0151s\u00e9get, hogy f\u00e9rfiak bicikliznek n\u0151i ker\u00e9kp\u00e1ron? Lehet hogy c\u00e9lszer\u0171 \u00e9s praktikus lenne? S\u0151t tal\u00e1n ez az a megold\u00e1s, amire minden f\u00e9rfi versenyz\u0151 v\u00e1gyott?","breadcrumb":{"@id":"https:\/\/www.welovecycling.com\/hu\/kozosseg-es-kultura\/tud-egy-ferfi-noi-kerekparon-biciklizni\/#breadcrumb"},"inLanguage":"hu","potentialAction":[{"@type":"ReadAction","target":["https:\/\/www.welovecycling.com\/hu\/kozosseg-es-kultura\/tud-egy-ferfi-noi-kerekparon-biciklizni\/"]}]},{"@type":"ImageObject","inLanguage":"hu","@id":"https:\/\/www.welovecycling.com\/hu\/kozosseg-es-kultura\/tud-egy-ferfi-noi-kerekparon-biciklizni\/#primaryimage","url":"https:\/\/d2p6e6u75xmxt8.cloudfront.net\/12\/2021\/06\/Cyclist-legsprofimedia-0566852947-CVR.jpg","contentUrl":"https:\/\/d2p6e6u75xmxt8.cloudfront.net\/12\/2021\/06\/Cyclist-legsprofimedia-0566852947-CVR.jpg","width":1366,"height":600,"caption":"Cycling"},{"@type":"BreadcrumbList","@id":"https:\/\/www.welovecycling.com\/hu\/kozosseg-es-kultura\/tud-egy-ferfi-noi-kerekparon-biciklizni\/#breadcrumb","itemListElement":[{"@type":"ListItem","position":1,"name":"Home","item":"https:\/\/www.welovecycling.com\/hu\/"},{"@type":"ListItem","position":2,"name":"Tud egy f\u00e9rfi n\u0151i ker\u00e9kp\u00e1ron biciklizni?"}]},{"@type":"WebSite","@id":"https:\/\/www.welovecycling.com\/hu\/#website","url":"https:\/\/www.welovecycling.com\/hu\/","name":"\u0160koda We Love Cycling - Magyarorsz\u00e1g","description":"\u0160koda WeLoveCycling","potentialAction":[{"@type":"SearchAction","target":{"@type":"EntryPoint","urlTemplate":"https:\/\/www.welovecycling.com\/hu\/?s={search_term_string}"},"query-input":{"@type":"PropertyValueSpecification","valueRequired":true,"valueName":"search_term_string"}}],"inLanguage":"hu"},{"@type":"Person","@id":"https:\/\/www.welovecycling.com\/hu\/#\/schema\/person\/414a2aebf1801691a5320edb6468e194","name":"hegyizs","image":{"@type":"ImageObject","inLanguage":"hu","@id":"https:\/\/www.welovecycling.com\/hu\/#\/schema\/person\/image\/","url":"https:\/\/secure.gravatar.com\/avatar\/02cf8a7906b8cf90cecb4679defac7cfd33a1c2e3b88e4903d947f3bb58eedd3?s=96&d=mm&r=g","contentUrl":"https:\/\/secure.gravatar.com\/avatar\/02cf8a7906b8cf90cecb4679defac7cfd33a1c2e3b88e4903d947f3bb58eedd3?s=96&d=mm&r=g","caption":"hegyizs"},"url":"https:\/\/www.welovecycling.com\/hu\/author\/hegyizs\/"}]}},"_links":{"self":[{"href":"https:\/\/www.welovecycling.com\/hu\/wp-json\/wp\/v2\/posts\/11698","targetHints":{"allow":["GET"]}}],"collection":[{"href":"https:\/\/www.welovecycling.com\/hu\/wp-json\/wp\/v2\/posts"}],"about":[{"href":"https:\/\/www.welovecycling.com\/hu\/wp-json\/wp\/v2\/types\/post"}],"author":[{"embeddable":true,"href":"https:\/\/www.welovecycling.com\/hu\/wp-json\/wp\/v2\/users\/71"}],"replies":[{"embeddable":true,"href":"https:\/\/www.welovecycling.com\/hu\/wp-json\/wp\/v2\/comments?post=11698"}],"version-history":[{"count":2,"href":"https:\/\/www.welovecycling.com\/hu\/wp-json\/wp\/v2\/posts\/11698\/revisions"}],"predecessor-version":[{"id":11718,"href":"https:\/\/www.welovecycling.com\/hu\/wp-json\/wp\/v2\/posts\/11698\/revisions\/11718"}],"wp:featuredmedia":[{"embeddable":true,"href":"https:\/\/www.welovecycling.com\/hu\/wp-json\/wp\/v2\/media\/11702"}],"wp:attachment":[{"href":"https:\/\/www.welovecycling.com\/hu\/wp-json\/wp\/v2\/media?parent=11698"}],"wp:term":[{"taxonomy":"category","embeddable":true,"href":"https:\/\/www.welovecycling.com\/hu\/wp-json\/wp\/v2\/categories?post=11698"},{"taxonomy":"post_tag","embeddable":true,"href":"https:\/\/www.welovecycling.com\/hu\/wp-json\/wp\/v2\/tags?post=11698"},{"taxonomy":"global-categories","embeddable":true,"href":"https:\/\/www.welovecycling.com\/hu\/wp-json\/wp\/v2\/global-categories?post=11698"}],"curies":[{"name":"wp","href":"https:\/\/api.w.org\/{rel}","templated":true}]}}