{"id":11688,"date":"2021-06-19T08:00:27","date_gmt":"2021-06-19T06:00:27","guid":{"rendered":"https:\/\/www.welovecycling.com\/hu\/?p=11688"},"modified":"2021-06-11T16:30:08","modified_gmt":"2021-06-11T14:30:08","slug":"a-kerekparos-sapkak-tortenete-es-a-legmenobb-darabok","status":"publish","type":"post","link":"https:\/\/www.welovecycling.com\/hu\/orszaguti-kerekpar\/a-kerekparos-sapkak-tortenete-es-a-legmenobb-darabok\/","title":{"rendered":"A ker\u00e9kp\u00e1ros sapk\u00e1k t\u00f6rt\u00e9nete \u00e9s a legmen\u0151bb darabok"},"content":{"rendered":"<p><strong>A biciklis sapka, az a bizonyos minimalista, sz\u00ednes darab, ami r\u00e9gen az \u00f6sszes h\u00edres bajnok fej\u00e9n ott d\u00edsz\u00edtelgett, nemr\u00e9giben visszat\u00e9rt \u00e9s ism\u00e9t a ker\u00e9kp\u00e1ros kult\u00fara n\u00e9lk\u00fcl\u00f6zhetetlen eleme lett. Olyannyira, hogy ez emberek biciklin k\u00edv\u00fcl is viselik, mint\u00e1i pedig m\u00e1r nem csak a szponzorokr\u00f3l sz\u00f3lnak, hanem egy j\u00f3val kreat\u00edvabb ir\u00e1nyt vettek. Most megmutatjuk a ma legmen\u0151bbnek sz\u00e1m\u00edt\u00f3 ker\u00e9kp\u00e1ros sapk\u00e1kat!<\/strong><\/p>\n<p><!--more--><\/p>\n<p>A versenyz\u0151knek kezdetekt\u0151l fogva kellett sapk\u00e1t viselni\u00fck \u00e9s sokszor azt tett\u00e9k a fej\u00fckre, amit \u00e9pp a szekr\u00e9ny\u00fckben tal\u00e1ltak. Ez\u00e9rt gyakran egy st\u00edlusos lapos tweed sapka v\u00e9dte a bicikliz\u00e9s legend\u00e1s \u00fatt\u00f6r\u0151inek kobakj\u00e1t t\u00f6bb, mint egy \u00e9vsz\u00e1zaddal ezel\u0151tt. A bring\u00e1z\u00e1s hamar n\u00e9pszer\u0171 sport\u00e1gg\u00e1 n\u0151tte ki mag\u00e1t \u00e9s a szponzorok \u00e9rdekl\u0151d\u00e9s\u00e9t is felkeltette, \u00edgy a sapka m\u00e1r nem csak a le\u00e9g\u00e9st\u0151l \u00e9s az es\u0151t\u0151l v\u00e9dte a versenyz\u0151ket, hanem alapvet\u0151 marketingeszk\u00f6zz\u00e9 v\u00e1lt. A sapka robban\u00e1sszer\u0171 n\u00e9pszer\u0171s\u00e9g\u00e9hez az is hozz\u00e1j\u00e1rult, hogy a szurkol\u00f3k ugyanazt a modellt akart\u00e1k viselni, mint amit bajnokaik hordanak.<\/p>\n<figure id=\"attachment_11689\" aria-describedby=\"caption-attachment-11689\" style=\"width: 1024px\" class=\"wp-caption alignnone\"><a href=\"https:\/\/d2p6e6u75xmxt8.cloudfront.net\/2\/2021\/06\/Cycling-cap-profimedia-0609545296.jpg\"><img loading=\"lazy\" decoding=\"async\" class=\"wp-image-11689 size-large\" src=\"https:\/\/d2p6e6u75xmxt8.cloudfront.net\/12\/2021\/06\/Cycling-cap-profimedia-0609545296-1024x681.jpg\" alt=\"Cycling cap\" width=\"1024\" height=\"681\" srcset=\"https:\/\/d2p6e6u75xmxt8.cloudfront.net\/12\/2021\/06\/Cycling-cap-profimedia-0609545296-1024x681.jpg 1024w, https:\/\/d2p6e6u75xmxt8.cloudfront.net\/12\/2021\/06\/Cycling-cap-profimedia-0609545296-300x199.jpg 300w, https:\/\/d2p6e6u75xmxt8.cloudfront.net\/12\/2021\/06\/Cycling-cap-profimedia-0609545296-768x511.jpg 768w, https:\/\/d2p6e6u75xmxt8.cloudfront.net\/12\/2021\/06\/Cycling-cap-profimedia-0609545296-272x182.jpg 272w, https:\/\/d2p6e6u75xmxt8.cloudfront.net\/12\/2021\/06\/Cycling-cap-profimedia-0609545296.jpg 1250w\" sizes=\"auto, (max-width: 1024px) 100vw, 1024px\" \/><\/a><figcaption id=\"caption-attachment-11689\" class=\"wp-caption-text\"><em>A Legnano Pirelli biciklis csapat egyensapk\u00e1ja. \u00a9 Profimedia<\/em><\/figcaption><\/figure>\n<p>Amikor a sisak visel\u00e9s\u00e9t k\u00f6telez\u0151v\u00e9 tett\u00e9k, a biciklis sapka elvesztette n\u00e9pszer\u0171s\u00e9g\u00e9t, \u00e9s m\u00e1r csak a dobog\u00f3n viselt\u00e9k \u0151ket (a baseball sapk\u00e1t r\u00e9szes\u00edtett\u00e9k el\u0151nyben, mert azon t\u00f6bb hely van a log\u00f3 sz\u00e1m\u00e1ra), illetve szuven\u00edrk\u00e9nt gy\u00e1rtott\u00e1k \u0151ket a rajong\u00f3k sz\u00e1m\u00e1ra. N\u00e9h\u00e1ny versenyz\u0151 m\u00e9g mindig viselte a sisak alatt, de ennyi szerep\u00fck volt csak ekkoriban. Az elm\u00falt \u00e9vtizedben viszont a biciklis sapka ism\u00e9t visszat\u00e9rt. A divattervez\u0151k leg\u00fajabb kollekci\u00f3ikban mutatt\u00e1k be \u0151ket, a New York-i trendk\u00f6vet\u0151k divatb\u00f3l hordj\u00e1k, az amat\u0151r biciklisek pedig a sisak alatt. A ker\u00e9kp\u00e1ros sapk\u00e1k teh\u00e1t \u00fajb\u00f3l itt vannak \u00e9s mi im\u00e1djuk \u0151ket!<\/p>\n<p>Minden ruh\u00e1zati, ker\u00e9kp\u00e1ros \u00e9s alkatr\u00e9szgy\u00e1rt\u00f3 m\u00e1rka forgamlaz manaps\u00e1g ilyen sapk\u00e1kat, \u00edgy biztosan tal\u00e1lsz kedvenc m\u00e1rk\u00e1d sz\u00edneiben is n\u00e9h\u00e1ny darabot! Nek\u00fcnk ezek a szem\u00e9lyes kedvenceink!<\/p>\n<h2><strong>Klasszikus sapk\u00e1k<\/strong><\/h2>\n<p><a href=\"https:\/\/d2p6e6u75xmxt8.cloudfront.net\/12\/2021\/06\/Brooklyn-cap-B24.jpg\"><img loading=\"lazy\" decoding=\"async\" class=\"alignnone size-full wp-image-11690\" src=\"https:\/\/d2p6e6u75xmxt8.cloudfront.net\/12\/2021\/06\/Brooklyn-cap-B24.jpg\" alt=\"Brooklyn cap\" width=\"528\" height=\"528\" srcset=\"https:\/\/d2p6e6u75xmxt8.cloudfront.net\/12\/2021\/06\/Brooklyn-cap-B24.jpg 528w, https:\/\/d2p6e6u75xmxt8.cloudfront.net\/12\/2021\/06\/Brooklyn-cap-B24-300x300.jpg 300w, https:\/\/d2p6e6u75xmxt8.cloudfront.net\/12\/2021\/06\/Brooklyn-cap-B24-150x150.jpg 150w\" sizes=\"auto, (max-width: 528px) 100vw, 528px\" \/><\/a><\/p>\n<p>Ha szeretsz nosztalgi\u00e1zni \u00e9s sz\u00edvesen viseln\u00e9d magadon a ker\u00e9kp\u00e1roz\u00e1s t\u00f6rt\u00e9net\u00e9t, kapj fel egy klasszikus darabot! Az Apis nev\u0171 olasz c\u00e9g m\u00e1r 1956 \u00f3ta gy\u00e1rt fejfed\u0151ket a biciklisek sz\u00e1m\u00e1ra.<\/p>\n<p>Kiz\u00e1r\u00f3lag nagykereskedelemmel foglalkoznak, de a weboldaluk nagyon hasznos, mivel az \u00f6sszes piacon l\u00e9v\u0151 darabot v\u00e9gigb\u00f6ng\u00e9szheted itt, \u00e9s ha m\u00e1r megtal\u00e1ltad a neked tetsz\u0151 sapk\u00e1t, akkor meg tudod keresni a sz\u00e1mtalan webshop egyik\u00e9n. Szem\u00e9ly szerint \u00e9n sokat haszn\u00e1lom a Bike24-et. Be\u00e1ll\u00edtom a \u201evintage cap\u201c sz\u0171r\u0151t \u00e9s voila \u2019: v\u00e9gtelen lehet\u0151s\u00e9gek t\u00e1rh\u00e1za ny\u00edlik meg el\u0151ttem.<\/p>\n<p>\u00c1r: kb. 12 \u20ac<\/p>\n<p>Anyag: 65% poli\u00e9szter, 35% pamut.<\/p>\n<h2><strong>PEdALED<\/strong><\/h2>\n<p><a href=\"https:\/\/d2p6e6u75xmxt8.cloudfront.net\/2\/2021\/06\/japanese-bandana-cap-front-klein-blue-pedaled.jpg\"><img loading=\"lazy\" decoding=\"async\" class=\"alignnone size-large wp-image-11691\" src=\"https:\/\/d2p6e6u75xmxt8.cloudfront.net\/12\/2021\/06\/japanese-bandana-cap-front-klein-blue-pedaled-1024x663.jpg\" alt=\"PEDALED Cap\" width=\"1024\" height=\"663\" srcset=\"https:\/\/d2p6e6u75xmxt8.cloudfront.net\/12\/2021\/06\/japanese-bandana-cap-front-klein-blue-pedaled-1024x663.jpg 1024w, https:\/\/d2p6e6u75xmxt8.cloudfront.net\/12\/2021\/06\/japanese-bandana-cap-front-klein-blue-pedaled-300x194.jpg 300w, https:\/\/d2p6e6u75xmxt8.cloudfront.net\/12\/2021\/06\/japanese-bandana-cap-front-klein-blue-pedaled-768x497.jpg 768w, https:\/\/d2p6e6u75xmxt8.cloudfront.net\/12\/2021\/06\/japanese-bandana-cap-front-klein-blue-pedaled.jpg 1135w\" sizes=\"auto, (max-width: 1024px) 100vw, 1024px\" \/><\/a><\/p>\n<p>A PEdALED egy pr\u00e9mium jap\u00e1n m\u00e1rka, ami azon a meggy\u0151z\u0151d\u00e9sen alapul, hogy a <em>\u201ebiciklis ruh\u00e1zat eszt\u00e9tik\u00e1ja \u00e9s funkcionalit\u00e1sa nagy m\u00e9rt\u00e9kben hozz\u00e1tehet a bicikliz\u00e9s \u00e9lvezet\u00e9hez\u201c,<\/em> ahogy az alap\u00edt\u00f3, Hideto Suzuki fogalmazta meg. \u00c9n kifejezetten szeretem a PEdALED m\u00e1rk\u00e1t egyszer\u0171s\u00e9ge \u00e9s jellegzetes st\u00edlusa miatt, ami a sapk\u00e1kon is t\u00fckr\u00f6z\u0151dik. Kollekci\u00f3j\u00e1nak a \u201eJapanese Bandana Caps\u201c nevet adt\u00e1k, sapk\u00e1ik hagyom\u00e1nyos jap\u00e1n text\u00edli\u00e1kkal \u00e9s mint\u00e1kkal k\u00e9sz\u00fclnek.<\/p>\n<p>\u00c1r: 36 \u20ac -t\u00f3l<\/p>\n<p>Anyag: 100% pamut.<\/p>\n<h2><strong>Maloja<\/strong><\/h2>\n<p><a href=\"https:\/\/d2p6e6u75xmxt8.cloudfront.net\/2\/2021\/06\/Maloja.jpg\"><img loading=\"lazy\" decoding=\"async\" class=\"alignnone size-large wp-image-11692\" src=\"https:\/\/d2p6e6u75xmxt8.cloudfront.net\/12\/2021\/06\/Maloja-1024x728.jpg\" alt=\"Maloja cap\" width=\"1024\" height=\"728\" srcset=\"https:\/\/d2p6e6u75xmxt8.cloudfront.net\/12\/2021\/06\/Maloja-1024x728.jpg 1024w, https:\/\/d2p6e6u75xmxt8.cloudfront.net\/12\/2021\/06\/Maloja-300x213.jpg 300w, https:\/\/d2p6e6u75xmxt8.cloudfront.net\/12\/2021\/06\/Maloja-768x546.jpg 768w, https:\/\/d2p6e6u75xmxt8.cloudfront.net\/12\/2021\/06\/Maloja.jpg 1128w\" sizes=\"auto, (max-width: 1024px) 100vw, 1024px\" \/><\/a><\/p>\n<p>A Maloja egy igaz\u00e1n egyedi karakter\u0171 n\u00e9met m\u00e1rka. Sapk\u00e1inak kialak\u00edt\u00e1sa mindig nagyon sz\u00ednes \u00e9s j\u00e1t\u00e9kos, \u00e9rdemes meglesni funkcion\u00e1lis biciklis term\u00e9keiket is. F\u0151k\u00e9nt a praktikum domin\u00e1l a sapk\u00e1k k\u00e9sz\u00edt\u00e9sekor, de m\u00e9gis nagyon j\u00f3l n\u00e9znek ki.<\/p>\n<p>\u00c1r: 25 \u20ac<\/p>\n<p>Anyag: poli\u00e9szter \u00e9s Spandex kombin\u00e1ci\u00f3ja. Az ar\u00e1ny az egyes modellekt\u0151l f\u00fcgg.<\/p>\n<h2><strong>Tenspeed Hero<\/strong><\/h2>\n<p><a href=\"https:\/\/d2p6e6u75xmxt8.cloudfront.net\/12\/2021\/06\/Merde.jpeg\"><img loading=\"lazy\" decoding=\"async\" class=\"alignnone size-full wp-image-11693\" src=\"https:\/\/d2p6e6u75xmxt8.cloudfront.net\/12\/2021\/06\/Merde.jpeg\" alt=\"Tenspeed Hero\" width=\"1024\" height=\"683\" srcset=\"https:\/\/d2p6e6u75xmxt8.cloudfront.net\/12\/2021\/06\/Merde.jpeg 1024w, https:\/\/d2p6e6u75xmxt8.cloudfront.net\/12\/2021\/06\/Merde-300x200.jpeg 300w, https:\/\/d2p6e6u75xmxt8.cloudfront.net\/12\/2021\/06\/Merde-768x512.jpeg 768w, https:\/\/d2p6e6u75xmxt8.cloudfront.net\/12\/2021\/06\/Merde-272x182.jpeg 272w\" sizes=\"auto, (max-width: 1024px) 100vw, 1024px\" \/><\/a><\/p>\n<p>A Tenspeed Hero sapk\u00e1kra el\u0151sz\u00f6r akkor figyeltem fel, amikor Kalifoni\u00e1ban j\u00e1rtam. \u00c9ppen s\u00f6r\u00f6zni voltam egy olyan helyen, ami tele volt biciklisekkel, amikor egy sapk\u00e1t visel\u0151 sr\u00e1c l\u00e9pett az asztalunkhoz, amin a \u201eMerde\u201c sz\u00f3 d\u00edszelgett. Nevetnem kellett, mert ez a sz\u00f3 teljesen m\u00e1st jelent olaszul (n\u00e9zz ut\u00e1na!). Ha belegondolsz, h\u00e1ny vid\u00e1m pillanatot okozna ez a sz\u00f3 a fejeden egy edz\u00e9s vagy verseny sor\u00e1n!<\/p>\n<p>Term\u00e9szetesen nem csak ez az egy modell l\u00e9tezik, de nekem ez a kedvencem. A Tenspeed Hero sz\u00e9khelye Chicagoban van, de az eg\u00e9sz vil\u00e1gra kisz\u00e1ll\u00edtanak.<\/p>\n<p>\u00c1r: 20 \u20ac<\/p>\n<p>Anyag: 65\/35 poli\u00e9szter-pamut kever\u00e9k.<\/p>\n<h2><strong>Cascada<\/strong><\/h2>\n<p><a href=\"https:\/\/d2p6e6u75xmxt8.cloudfront.net\/12\/2021\/06\/STAY_WILD_FR_1296x-Cascada-1.jpg\"><img loading=\"lazy\" decoding=\"async\" class=\"alignnone size-full wp-image-11694\" src=\"https:\/\/d2p6e6u75xmxt8.cloudfront.net\/12\/2021\/06\/STAY_WILD_FR_1296x-Cascada-1.jpg\" alt=\"Cascada Cap\" width=\"590\" height=\"524\" srcset=\"https:\/\/d2p6e6u75xmxt8.cloudfront.net\/12\/2021\/06\/STAY_WILD_FR_1296x-Cascada-1.jpg 590w, https:\/\/d2p6e6u75xmxt8.cloudfront.net\/12\/2021\/06\/STAY_WILD_FR_1296x-Cascada-1-300x266.jpg 300w\" sizes=\"auto, (max-width: 590px) 100vw, 590px\" \/><\/a><\/p>\n<p>A Cascada egy \u00faj m\u00e1rka, a Garda-t\u00f3 k\u00f6rny\u00e9k\u00e9r\u0151l sz\u00e1rmazik, amit Olaszorsz\u00e1g szabadt\u00e9ri f\u0151v\u00e1ros\u00e1nak neveznek. A kezdetekt\u0151l fogva rajong\u00f3juk vagyok, mert igyekeznek olyan sz\u00edneket, t\u00e9m\u00e1kat \u00e9s anyagokat v\u00e1lasztani, ami kifejezi a term\u00e9szet ir\u00e1nti szeretet\u00fcket \u00e9s tisztelet\u00fcket. Ez az elv persze a biciklis sapk\u00e1kra is \u00e9rv\u00e9nyes. Csak n\u00e9h\u00e1ny t\u00edpus tal\u00e1lhat\u00f3 n\u00e1luk, de azok nagyon men\u0151k. A \u201eStay Wild\u201c felirat\u00fa modellt rengetegszer hordom, mert nem csak a grafik\u00e1t, de a mott\u00f3t is szeretem. A \u201eLeaves\u201c nev\u0171 sapk\u00e1juk is nagy kedvencem!<\/p>\n<p>\u00c1r: 20 \u20ac<\/p>\n<p>Anyag: 100% poli\u00e9szter.<\/p>\n<h2><strong>Walz Caps<\/strong><\/h2>\n<p><a href=\"https:\/\/d2p6e6u75xmxt8.cloudfront.net\/12\/2021\/06\/walz-caps.jpg\"><img loading=\"lazy\" decoding=\"async\" class=\"alignnone size-full wp-image-11695\" src=\"https:\/\/d2p6e6u75xmxt8.cloudfront.net\/12\/2021\/06\/walz-caps.jpg\" alt=\"Walz caps\" width=\"540\" height=\"540\" srcset=\"https:\/\/d2p6e6u75xmxt8.cloudfront.net\/12\/2021\/06\/walz-caps.jpg 540w, https:\/\/d2p6e6u75xmxt8.cloudfront.net\/12\/2021\/06\/walz-caps-300x300.jpg 300w, https:\/\/d2p6e6u75xmxt8.cloudfront.net\/12\/2021\/06\/walz-caps-150x150.jpg 150w\" sizes=\"auto, (max-width: 540px) 100vw, 540px\" \/><\/a><\/p>\n<p>A Walz Caps k\u00edn\u00e1lat\u00e1ban k\u00e9zm\u0171ves sapk\u00e1kat tal\u00e1lhatunk. Hihetetlen\u00fcl szuper \u00fcgyf\u00e9lszolg\u00e1lattal rendelkeznek, amit els\u0151 k\u00e9zb\u0151l tapasztalhattam meg, \u00e9s a term\u00e9keik is kiv\u00e1l\u00f3 min\u0151s\u00e9g\u0171ek. Mivel kifejezetten sapk\u00e1kra specializ\u00e1l\u00f3dtak, sokf\u00e9le t\u00edpus tal\u00e1lhat\u00f3 meg n\u00e1luk, \u00edgy minden biciklis megtal\u00e1lhatja a sz\u00e1m\u00e1ra t\u00f6k\u00e9leteset. Azt kell mondanom, hogy mindig nagy \u00f6r\u00f6m n\u00e1luk keresg\u00e9lni!<\/p>\n<p>\u00c1r: 25 eur\u00f3t\u00f3l<\/p>\n<p>Anyag: A sapk\u00e1t\u00f3l f\u00fcgg. Pamut, gyapj\u00fa, merin\u00f3.<\/p>\n","protected":false},"excerpt":{"rendered":"<p>A biciklis sapka, az a bizonyos minimalista, sz\u00ednes darab, ami r\u00e9gen az \u00f6sszes h\u00edres bajnok fej\u00e9n ott d\u00edsz\u00edtelgett, nemr\u00e9giben visszat\u00e9rt [&hellip;]<\/p>\n","protected":false},"author":71,"featured_media":11697,"comment_status":"closed","ping_status":"closed","sticky":false,"template":"","format":"standard","meta":{"footnotes":""},"categories":[8],"tags":[],"global-categories":[],"class_list":["post-11688","post","type-post","status-publish","format-standard","has-post-thumbnail","hentry","category-orszaguti-kerekpar"],"yoast_head":"<!-- This site is optimized with the Yoast SEO Premium plugin v25.3 (Yoast SEO v25.9) - https:\/\/yoast.com\/wordpress\/plugins\/seo\/ -->\n<title>A ker\u00e9kp\u00e1ros sapk\u00e1k t\u00f6rt\u00e9nete \u00e9s a legmen\u0151bb darabok<\/title>\n<meta name=\"description\" content=\"A biciklis sapka, az a bizonyos minimalista, sz\u00ednes darab, ami r\u00e9gen az \u00f6sszes h\u00edres bajnok fej\u00e9n ott d\u00edsz\u00edtelgett, nemr\u00e9giben visszat\u00e9rt \u00e9s ism\u00e9t a ker\u00e9kp\u00e1ros kult\u00fara n\u00e9lk\u00fcl\u00f6zhetetlen eleme lett.\" \/>\n<meta name=\"robots\" content=\"index, follow, max-snippet:-1, max-image-preview:large, max-video-preview:-1\" \/>\n<link rel=\"canonical\" href=\"https:\/\/www.welovecycling.com\/hu\/orszaguti-kerekpar\/a-kerekparos-sapkak-tortenete-es-a-legmenobb-darabok\/\" \/>\n<meta property=\"og:locale\" content=\"hu_HU\" \/>\n<meta property=\"og:type\" content=\"article\" \/>\n<meta property=\"og:title\" content=\"A ker\u00e9kp\u00e1ros sapk\u00e1k t\u00f6rt\u00e9nete \u00e9s a legmen\u0151bb darabok\" \/>\n<meta property=\"og:description\" content=\"A biciklis sapka, az a bizonyos minimalista, sz\u00ednes darab, ami r\u00e9gen az \u00f6sszes h\u00edres bajnok fej\u00e9n ott d\u00edsz\u00edtelgett, nemr\u00e9giben visszat\u00e9rt \u00e9s ism\u00e9t a ker\u00e9kp\u00e1ros kult\u00fara n\u00e9lk\u00fcl\u00f6zhetetlen eleme lett.\" \/>\n<meta property=\"og:url\" content=\"https:\/\/www.welovecycling.com\/hu\/orszaguti-kerekpar\/a-kerekparos-sapkak-tortenete-es-a-legmenobb-darabok\/\" \/>\n<meta property=\"og:site_name\" content=\"\u0160koda We Love Cycling - Magyarorsz\u00e1g\" \/>\n<meta property=\"article:publisher\" content=\"https:\/\/www.facebook.com\/WeLoveCyclingHungary\/\" \/>\n<meta property=\"article:published_time\" content=\"2021-06-19T06:00:27+00:00\" \/>\n<meta property=\"og:image\" content=\"https:\/\/d2p6e6u75xmxt8.cloudfront.net\/12\/2021\/06\/Eddy-Merckx-Cap-profimedia-0454157644-CVR.jpg\" \/>\n\t<meta property=\"og:image:width\" content=\"1366\" \/>\n\t<meta property=\"og:image:height\" content=\"600\" \/>\n\t<meta property=\"og:image:type\" content=\"image\/jpeg\" \/>\n<meta name=\"author\" content=\"hegyizs\" \/>\n<meta name=\"twitter:card\" content=\"summary_large_image\" \/>\n<meta name=\"twitter:label1\" content=\"Written by\" \/>\n\t<meta name=\"twitter:data1\" content=\"Filippo Mari\" \/>\n\t<meta name=\"twitter:label2\" content=\"Est. reading time\" \/>\n\t<meta name=\"twitter:data2\" content=\"6\" \/>\n<script type=\"application\/ld+json\" class=\"yoast-schema-graph\">{\"@context\":\"https:\/\/schema.org\",\"@graph\":[{\"@type\":\"WebPage\",\"@id\":\"https:\/\/www.welovecycling.com\/hu\/orszaguti-kerekpar\/a-kerekparos-sapkak-tortenete-es-a-legmenobb-darabok\/\",\"url\":\"https:\/\/www.welovecycling.com\/hu\/orszaguti-kerekpar\/a-kerekparos-sapkak-tortenete-es-a-legmenobb-darabok\/\",\"name\":\"A ker\u00e9kp\u00e1ros sapk\u00e1k t\u00f6rt\u00e9nete \u00e9s a legmen\u0151bb darabok\",\"isPartOf\":{\"@id\":\"https:\/\/www.welovecycling.com\/hu\/#website\"},\"primaryImageOfPage\":{\"@id\":\"https:\/\/www.welovecycling.com\/hu\/orszaguti-kerekpar\/a-kerekparos-sapkak-tortenete-es-a-legmenobb-darabok\/#primaryimage\"},\"image\":{\"@id\":\"https:\/\/www.welovecycling.com\/hu\/orszaguti-kerekpar\/a-kerekparos-sapkak-tortenete-es-a-legmenobb-darabok\/#primaryimage\"},\"thumbnailUrl\":\"https:\/\/d2p6e6u75xmxt8.cloudfront.net\/12\/2021\/06\/Eddy-Merckx-Cap-profimedia-0454157644-CVR.jpg\",\"datePublished\":\"2021-06-19T06:00:27+00:00\",\"author\":{\"@id\":\"https:\/\/www.welovecycling.com\/hu\/#\/schema\/person\/414a2aebf1801691a5320edb6468e194\"},\"description\":\"A biciklis sapka, az a bizonyos minimalista, sz\u00ednes darab, ami r\u00e9gen az \u00f6sszes h\u00edres bajnok fej\u00e9n ott d\u00edsz\u00edtelgett, nemr\u00e9giben visszat\u00e9rt \u00e9s ism\u00e9t a ker\u00e9kp\u00e1ros kult\u00fara n\u00e9lk\u00fcl\u00f6zhetetlen eleme lett.\",\"breadcrumb\":{\"@id\":\"https:\/\/www.welovecycling.com\/hu\/orszaguti-kerekpar\/a-kerekparos-sapkak-tortenete-es-a-legmenobb-darabok\/#breadcrumb\"},\"inLanguage\":\"hu\",\"potentialAction\":[{\"@type\":\"ReadAction\",\"target\":[\"https:\/\/www.welovecycling.com\/hu\/orszaguti-kerekpar\/a-kerekparos-sapkak-tortenete-es-a-legmenobb-darabok\/\"]}]},{\"@type\":\"ImageObject\",\"inLanguage\":\"hu\",\"@id\":\"https:\/\/www.welovecycling.com\/hu\/orszaguti-kerekpar\/a-kerekparos-sapkak-tortenete-es-a-legmenobb-darabok\/#primaryimage\",\"url\":\"https:\/\/d2p6e6u75xmxt8.cloudfront.net\/12\/2021\/06\/Eddy-Merckx-Cap-profimedia-0454157644-CVR.jpg\",\"contentUrl\":\"https:\/\/d2p6e6u75xmxt8.cloudfront.net\/12\/2021\/06\/Eddy-Merckx-Cap-profimedia-0454157644-CVR.jpg\",\"width\":1366,\"height\":600,\"caption\":\"Eddy Merckx Cap\"},{\"@type\":\"BreadcrumbList\",\"@id\":\"https:\/\/www.welovecycling.com\/hu\/orszaguti-kerekpar\/a-kerekparos-sapkak-tortenete-es-a-legmenobb-darabok\/#breadcrumb\",\"itemListElement\":[{\"@type\":\"ListItem\",\"position\":1,\"name\":\"Home\",\"item\":\"https:\/\/www.welovecycling.com\/hu\/\"},{\"@type\":\"ListItem\",\"position\":2,\"name\":\"A ker\u00e9kp\u00e1ros sapk\u00e1k t\u00f6rt\u00e9nete \u00e9s a legmen\u0151bb darabok\"}]},{\"@type\":\"WebSite\",\"@id\":\"https:\/\/www.welovecycling.com\/hu\/#website\",\"url\":\"https:\/\/www.welovecycling.com\/hu\/\",\"name\":\"\u0160koda We Love Cycling - Magyarorsz\u00e1g\",\"description\":\"\u0160koda WeLoveCycling\",\"potentialAction\":[{\"@type\":\"SearchAction\",\"target\":{\"@type\":\"EntryPoint\",\"urlTemplate\":\"https:\/\/www.welovecycling.com\/hu\/?s={search_term_string}\"},\"query-input\":{\"@type\":\"PropertyValueSpecification\",\"valueRequired\":true,\"valueName\":\"search_term_string\"}}],\"inLanguage\":\"hu\"},{\"@type\":\"Person\",\"@id\":\"https:\/\/www.welovecycling.com\/hu\/#\/schema\/person\/414a2aebf1801691a5320edb6468e194\",\"name\":\"hegyizs\",\"image\":{\"@type\":\"ImageObject\",\"inLanguage\":\"hu\",\"@id\":\"https:\/\/www.welovecycling.com\/hu\/#\/schema\/person\/image\/\",\"url\":\"https:\/\/secure.gravatar.com\/avatar\/02cf8a7906b8cf90cecb4679defac7cfd33a1c2e3b88e4903d947f3bb58eedd3?s=96&d=mm&r=g\",\"contentUrl\":\"https:\/\/secure.gravatar.com\/avatar\/02cf8a7906b8cf90cecb4679defac7cfd33a1c2e3b88e4903d947f3bb58eedd3?s=96&d=mm&r=g\",\"caption\":\"hegyizs\"},\"url\":\"https:\/\/www.welovecycling.com\/hu\/author\/hegyizs\/\"}]}<\/script>\n<!-- \/ Yoast SEO Premium plugin. -->","yoast_head_json":{"title":"A ker\u00e9kp\u00e1ros sapk\u00e1k t\u00f6rt\u00e9nete \u00e9s a legmen\u0151bb darabok","description":"A biciklis sapka, az a bizonyos minimalista, sz\u00ednes darab, ami r\u00e9gen az \u00f6sszes h\u00edres bajnok fej\u00e9n ott d\u00edsz\u00edtelgett, nemr\u00e9giben visszat\u00e9rt \u00e9s ism\u00e9t a ker\u00e9kp\u00e1ros kult\u00fara n\u00e9lk\u00fcl\u00f6zhetetlen eleme lett.","robots":{"index":"index","follow":"follow","max-snippet":"max-snippet:-1","max-image-preview":"max-image-preview:large","max-video-preview":"max-video-preview:-1"},"canonical":"https:\/\/www.welovecycling.com\/hu\/orszaguti-kerekpar\/a-kerekparos-sapkak-tortenete-es-a-legmenobb-darabok\/","og_locale":"hu_HU","og_type":"article","og_title":"A ker\u00e9kp\u00e1ros sapk\u00e1k t\u00f6rt\u00e9nete \u00e9s a legmen\u0151bb darabok","og_description":"A biciklis sapka, az a bizonyos minimalista, sz\u00ednes darab, ami r\u00e9gen az \u00f6sszes h\u00edres bajnok fej\u00e9n ott d\u00edsz\u00edtelgett, nemr\u00e9giben visszat\u00e9rt \u00e9s ism\u00e9t a ker\u00e9kp\u00e1ros kult\u00fara n\u00e9lk\u00fcl\u00f6zhetetlen eleme lett.","og_url":"https:\/\/www.welovecycling.com\/hu\/orszaguti-kerekpar\/a-kerekparos-sapkak-tortenete-es-a-legmenobb-darabok\/","og_site_name":"\u0160koda We Love Cycling - Magyarorsz\u00e1g","article_publisher":"https:\/\/www.facebook.com\/WeLoveCyclingHungary\/","article_published_time":"2021-06-19T06:00:27+00:00","og_image":[{"width":1366,"height":600,"url":"https:\/\/d2p6e6u75xmxt8.cloudfront.net\/12\/2021\/06\/Eddy-Merckx-Cap-profimedia-0454157644-CVR.jpg","type":"image\/jpeg"}],"author":"hegyizs","twitter_card":"summary_large_image","twitter_misc":{"Written by":"Filippo Mari","Est. reading time":"6"},"schema":{"@context":"https:\/\/schema.org","@graph":[{"@type":"WebPage","@id":"https:\/\/www.welovecycling.com\/hu\/orszaguti-kerekpar\/a-kerekparos-sapkak-tortenete-es-a-legmenobb-darabok\/","url":"https:\/\/www.welovecycling.com\/hu\/orszaguti-kerekpar\/a-kerekparos-sapkak-tortenete-es-a-legmenobb-darabok\/","name":"A ker\u00e9kp\u00e1ros sapk\u00e1k t\u00f6rt\u00e9nete \u00e9s a legmen\u0151bb darabok","isPartOf":{"@id":"https:\/\/www.welovecycling.com\/hu\/#website"},"primaryImageOfPage":{"@id":"https:\/\/www.welovecycling.com\/hu\/orszaguti-kerekpar\/a-kerekparos-sapkak-tortenete-es-a-legmenobb-darabok\/#primaryimage"},"image":{"@id":"https:\/\/www.welovecycling.com\/hu\/orszaguti-kerekpar\/a-kerekparos-sapkak-tortenete-es-a-legmenobb-darabok\/#primaryimage"},"thumbnailUrl":"https:\/\/d2p6e6u75xmxt8.cloudfront.net\/12\/2021\/06\/Eddy-Merckx-Cap-profimedia-0454157644-CVR.jpg","datePublished":"2021-06-19T06:00:27+00:00","author":{"@id":"https:\/\/www.welovecycling.com\/hu\/#\/schema\/person\/414a2aebf1801691a5320edb6468e194"},"description":"A biciklis sapka, az a bizonyos minimalista, sz\u00ednes darab, ami r\u00e9gen az \u00f6sszes h\u00edres bajnok fej\u00e9n ott d\u00edsz\u00edtelgett, nemr\u00e9giben visszat\u00e9rt \u00e9s ism\u00e9t a ker\u00e9kp\u00e1ros kult\u00fara n\u00e9lk\u00fcl\u00f6zhetetlen eleme lett.","breadcrumb":{"@id":"https:\/\/www.welovecycling.com\/hu\/orszaguti-kerekpar\/a-kerekparos-sapkak-tortenete-es-a-legmenobb-darabok\/#breadcrumb"},"inLanguage":"hu","potentialAction":[{"@type":"ReadAction","target":["https:\/\/www.welovecycling.com\/hu\/orszaguti-kerekpar\/a-kerekparos-sapkak-tortenete-es-a-legmenobb-darabok\/"]}]},{"@type":"ImageObject","inLanguage":"hu","@id":"https:\/\/www.welovecycling.com\/hu\/orszaguti-kerekpar\/a-kerekparos-sapkak-tortenete-es-a-legmenobb-darabok\/#primaryimage","url":"https:\/\/d2p6e6u75xmxt8.cloudfront.net\/12\/2021\/06\/Eddy-Merckx-Cap-profimedia-0454157644-CVR.jpg","contentUrl":"https:\/\/d2p6e6u75xmxt8.cloudfront.net\/12\/2021\/06\/Eddy-Merckx-Cap-profimedia-0454157644-CVR.jpg","width":1366,"height":600,"caption":"Eddy Merckx Cap"},{"@type":"BreadcrumbList","@id":"https:\/\/www.welovecycling.com\/hu\/orszaguti-kerekpar\/a-kerekparos-sapkak-tortenete-es-a-legmenobb-darabok\/#breadcrumb","itemListElement":[{"@type":"ListItem","position":1,"name":"Home","item":"https:\/\/www.welovecycling.com\/hu\/"},{"@type":"ListItem","position":2,"name":"A ker\u00e9kp\u00e1ros sapk\u00e1k t\u00f6rt\u00e9nete \u00e9s a legmen\u0151bb darabok"}]},{"@type":"WebSite","@id":"https:\/\/www.welovecycling.com\/hu\/#website","url":"https:\/\/www.welovecycling.com\/hu\/","name":"\u0160koda We Love Cycling - Magyarorsz\u00e1g","description":"\u0160koda WeLoveCycling","potentialAction":[{"@type":"SearchAction","target":{"@type":"EntryPoint","urlTemplate":"https:\/\/www.welovecycling.com\/hu\/?s={search_term_string}"},"query-input":{"@type":"PropertyValueSpecification","valueRequired":true,"valueName":"search_term_string"}}],"inLanguage":"hu"},{"@type":"Person","@id":"https:\/\/www.welovecycling.com\/hu\/#\/schema\/person\/414a2aebf1801691a5320edb6468e194","name":"hegyizs","image":{"@type":"ImageObject","inLanguage":"hu","@id":"https:\/\/www.welovecycling.com\/hu\/#\/schema\/person\/image\/","url":"https:\/\/secure.gravatar.com\/avatar\/02cf8a7906b8cf90cecb4679defac7cfd33a1c2e3b88e4903d947f3bb58eedd3?s=96&d=mm&r=g","contentUrl":"https:\/\/secure.gravatar.com\/avatar\/02cf8a7906b8cf90cecb4679defac7cfd33a1c2e3b88e4903d947f3bb58eedd3?s=96&d=mm&r=g","caption":"hegyizs"},"url":"https:\/\/www.welovecycling.com\/hu\/author\/hegyizs\/"}]}},"_links":{"self":[{"href":"https:\/\/www.welovecycling.com\/hu\/wp-json\/wp\/v2\/posts\/11688","targetHints":{"allow":["GET"]}}],"collection":[{"href":"https:\/\/www.welovecycling.com\/hu\/wp-json\/wp\/v2\/posts"}],"about":[{"href":"https:\/\/www.welovecycling.com\/hu\/wp-json\/wp\/v2\/types\/post"}],"author":[{"embeddable":true,"href":"https:\/\/www.welovecycling.com\/hu\/wp-json\/wp\/v2\/users\/71"}],"replies":[{"embeddable":true,"href":"https:\/\/www.welovecycling.com\/hu\/wp-json\/wp\/v2\/comments?post=11688"}],"version-history":[{"count":2,"href":"https:\/\/www.welovecycling.com\/hu\/wp-json\/wp\/v2\/posts\/11688\/revisions"}],"predecessor-version":[{"id":11719,"href":"https:\/\/www.welovecycling.com\/hu\/wp-json\/wp\/v2\/posts\/11688\/revisions\/11719"}],"wp:featuredmedia":[{"embeddable":true,"href":"https:\/\/www.welovecycling.com\/hu\/wp-json\/wp\/v2\/media\/11697"}],"wp:attachment":[{"href":"https:\/\/www.welovecycling.com\/hu\/wp-json\/wp\/v2\/media?parent=11688"}],"wp:term":[{"taxonomy":"category","embeddable":true,"href":"https:\/\/www.welovecycling.com\/hu\/wp-json\/wp\/v2\/categories?post=11688"},{"taxonomy":"post_tag","embeddable":true,"href":"https:\/\/www.welovecycling.com\/hu\/wp-json\/wp\/v2\/tags?post=11688"},{"taxonomy":"global-categories","embeddable":true,"href":"https:\/\/www.welovecycling.com\/hu\/wp-json\/wp\/v2\/global-categories?post=11688"}],"curies":[{"name":"wp","href":"https:\/\/api.w.org\/{rel}","templated":true}]}}