{"id":11668,"date":"2021-06-13T08:00:00","date_gmt":"2021-06-13T06:00:00","guid":{"rendered":"https:\/\/www.welovecycling.com\/hu\/?p=11668"},"modified":"2021-06-17T14:40:09","modified_gmt":"2021-06-17T12:40:09","slug":"amator-versenykent-ter-vissza-a-bordeux-parizs","status":"publish","type":"post","link":"https:\/\/www.welovecycling.com\/hu\/orszaguti-kerekpar\/amator-versenykent-ter-vissza-a-bordeux-parizs\/","title":{"rendered":"Amat\u0151r versenyk\u00e9nt t\u00e9r vissza a Bordeaux-P\u00e1rizs"},"content":{"rendered":"<p><strong>2022 tavasz\u00e1n \u00fajra megrendez\u00e9sre ker\u00fcl az egykori profi verseny, azonban ez\u00fattal amat\u0151r\u00f6k \u00e1llhatnak a rajtvonalhoz.<\/strong><!--more--><\/p>\n<p>A h\u00edres, 560 km-es megm\u00e9rettet\u00e9sen a ker\u00e9kp\u00e1ros vil\u00e1g legnagyobb nevei is nyertek m\u00e1r, mint amilyen Tom Simpson \u00e9s Jacques Anquetil. 1891-ben, egy \u00e9vvel a Li\u00e9ge-Bastogne-Li\u00e9ge el\u0151tt indult el el\u0151sz\u00f6r a Bordeaux-P\u00e1rizs, ekkor a brit George Pilkington Mills gy\u0151z\u00f6tt. Azonban a verseny nem \u00e1llta ki az id\u0151 pr\u00f3b\u00e1j\u00e1t: 1988-ban rendezt\u00e9k meg utolj\u00e1ra.<\/p>\n<figure id=\"attachment_11670\" aria-describedby=\"caption-attachment-11670\" style=\"width: 760px\" class=\"wp-caption alignnone\"><img loading=\"lazy\" decoding=\"async\" class=\"size-full wp-image-11670\" src=\"https:\/\/d2p6e6u75xmxt8.cloudfront.net\/12\/2021\/06\/Im201301-GPMills.jpg\" alt=\"\" width=\"760\" height=\"732\" srcset=\"https:\/\/d2p6e6u75xmxt8.cloudfront.net\/12\/2021\/06\/Im201301-GPMills.jpg 760w, https:\/\/d2p6e6u75xmxt8.cloudfront.net\/12\/2021\/06\/Im201301-GPMills-300x289.jpg 300w\" sizes=\"auto, (max-width: 760px) 100vw, 760px\" \/><figcaption id=\"caption-attachment-11670\" class=\"wp-caption-text\">Az els\u0151 Bordeaux-P\u00e1rizs gy\u0151ztese. H\u00e1t, ez sem ma volt!<\/figcaption><\/figure>\n<p>2022-ben azonban \u00fajra beker\u00fcl a versenynapt\u00e1rba, azonban ez\u00fattal az amat\u0151r\u00f6k \u00e1llhatnak rajthoz. Az indul\u00f3knak 40 \u00f3r\u00e1juk lesz eljutni Bordeaux-t\u00f3l a francia f\u0151v\u00e1rosig, \u00e9s Ch\u00e2teauroux-ban \u00e1llhatnak meg pihenni, \u00e1t\u00f6lt\u00f6zni \u00e9s meleg \u00e9telt enni. A r\u00e9sztvev\u0151ket GPS-szel k\u00f6vethetj\u00fck majd nyomon, hasonl\u00f3an m\u00e1s \u00e1ll\u00f3k\u00e9pess\u00e9gi versenyekhez.<\/p>\n<p>A szervez\u0151k m\u00e1r 2014-ben megpr\u00f3b\u00e1lt\u00e1k \u00fajra\u00e9leszteni az esem\u00e9nyt, de a kezdem\u00e9nyez\u00e9s akkor hamv\u00e1ban halt. Az Extra Sport most \u00fajra vissza\u00fclt a tervez\u0151asztalhoz \u00e9s az amat\u0151r verseny \u00f6tlet\u00e9vel \u00e1llt fel onnan. \u00cdgy nyilatkozott a szervezet igazgat\u00f3ja, Michel Sorine: <em>\u201eA 600 kilom\u00e9teres szakasz megszervez\u00e9se \u00e9s biztos\u00edt\u00e1sa hatalmas v\u00e1llalkoz\u00e1s. 2014-ben, ezer r\u00e9sztvev\u0151 ellen\u00e9re, nem j\u00f6tt\u00fcnk ki bel\u0151le t\u00fal j\u00f3l p\u00e9nz\u00fcgyileg. A k\u00f6vetkez\u0151 \u00e9vben a P\u00e1rizs-Brest-P\u00e1rizs megfosztott benn\u00fcnket a potenci\u00e1lis indul\u00f3kt\u00f3l, \u00edgy nem tudtuk megtartani az esem\u00e9nyt.\u201d<\/em><\/p>\n<p>K\u00e9nytelenek voltak teh\u00e1t \u00fajragondolni a koncepci\u00f3t. Az amat\u0151r versenyz\u0151k egy profi megm\u00e9rettet\u00e9sbe cs\u00f6ppenhetnek, a technikai h\u00e1tt\u00e9r, a ch\u00e2teauroux-i pihen\u0151 \u00e9s a neh\u00e9z \u00fatvonal gondoskodik err\u0151l.<\/p>\n<figure id=\"attachment_11672\" aria-describedby=\"caption-attachment-11672\" style=\"width: 1024px\" class=\"wp-caption alignnone\"><img loading=\"lazy\" decoding=\"async\" class=\"size-full wp-image-11672\" src=\"https:\/\/d2p6e6u75xmxt8.cloudfront.net\/12\/2021\/06\/NX-52019.jpg\" alt=\"\" width=\"1024\" height=\"793\" srcset=\"https:\/\/d2p6e6u75xmxt8.cloudfront.net\/12\/2021\/06\/NX-52019.jpg 1024w, https:\/\/d2p6e6u75xmxt8.cloudfront.net\/12\/2021\/06\/NX-52019-300x232.jpg 300w, https:\/\/d2p6e6u75xmxt8.cloudfront.net\/12\/2021\/06\/NX-52019-768x595.jpg 768w\" sizes=\"auto, (max-width: 1024px) 100vw, 1024px\" \/><figcaption id=\"caption-attachment-11672\" class=\"wp-caption-text\">A terv szerint Ch\u00e2teauroux \u00e9lettel teli v\u00e1rosa igazi felt\u00f6lt\u0151d\u00e9st ny\u00fajt majd.<\/figcaption><\/figure>\n<p>Az \u00fatvonal t\u00f6bb emelked\u0151n halad majd \u00e1t, mint az 1800-as \u00e9s 1900-as \u00e9vekben, hatalmas 5600 m\u00e9teres szintemelked\u00e9ssel kell megk\u00fczdeni\u00fck az indul\u00f3knak, ahogy Issy-les-Moulineaux fel\u00e9 haladnak, a 40 \u00f3r\u00e1s hat\u00e1rid\u0151 pedig m\u00e9g izgalmasabb\u00e1 teszi a kih\u00edv\u00e1st.<\/p>\n<p>A versenyre 2022. m\u00e1jus 22-\u00e9n ker\u00fcl sor, regisztr\u00e1lni 2021. j\u00fanius 7-t\u0151l lehet. Te ott leszel? \ud83d\ude42<\/p>\n<p><em>Forr\u00e1s: <\/em><a href=\"https:\/\/www.cyclingweekly.com\/news\/former-monument-bordeaux-paris-to-return-as-amateur-event\"><em>cyclingweekly.com<\/em><\/a><br \/>\n<em>Bor\u00edt\u00f3k\u00e9p: Getty Images\/Keystone-France<\/em><\/p>\n","protected":false},"excerpt":{"rendered":"<p>2022 tavasz\u00e1n \u00fajra megrendez\u00e9sre ker\u00fcl az egykori profi verseny, azonban ez\u00fattal amat\u0151r\u00f6k \u00e1llhatnak a rajtvonalhoz.<\/p>\n","protected":false},"author":71,"featured_media":11669,"comment_status":"closed","ping_status":"closed","sticky":false,"template":"","format":"standard","meta":{"footnotes":""},"categories":[8],"tags":[],"global-categories":[],"class_list":["post-11668","post","type-post","status-publish","format-standard","has-post-thumbnail","hentry","category-orszaguti-kerekpar"],"yoast_head":"<!-- This site is optimized with the Yoast SEO Premium plugin v25.3 (Yoast SEO v25.9) - https:\/\/yoast.com\/wordpress\/plugins\/seo\/ -->\n<title>Amat\u0151r versenyk\u00e9nt t\u00e9r vissza a Bordeaux-P\u00e1rizs<\/title>\n<meta name=\"description\" content=\"2022 tavasz\u00e1n \u00fajra megrendez\u00e9sre ker\u00fcl az egykori profi verseny, azonban ez\u00fattal amat\u0151r\u00f6k \u00e1llhatnak a rajtvonalhoz.\" \/>\n<meta name=\"robots\" content=\"index, follow, max-snippet:-1, max-image-preview:large, max-video-preview:-1\" \/>\n<link rel=\"canonical\" href=\"https:\/\/www.welovecycling.com\/hu\/orszaguti-kerekpar\/amator-versenykent-ter-vissza-a-bordeux-parizs\/\" \/>\n<meta property=\"og:locale\" content=\"hu_HU\" \/>\n<meta property=\"og:type\" content=\"article\" \/>\n<meta property=\"og:title\" content=\"Amat\u0151r versenyk\u00e9nt t\u00e9r vissza a Bordeaux-P\u00e1rizs\" \/>\n<meta property=\"og:description\" content=\"2022 tavasz\u00e1n \u00fajra megrendez\u00e9sre ker\u00fcl az egykori profi verseny, azonban ez\u00fattal amat\u0151r\u00f6k \u00e1llhatnak a rajtvonalhoz.\" \/>\n<meta property=\"og:url\" content=\"https:\/\/www.welovecycling.com\/hu\/orszaguti-kerekpar\/amator-versenykent-ter-vissza-a-bordeux-parizs\/\" \/>\n<meta property=\"og:site_name\" content=\"\u0160koda We Love Cycling - Magyarorsz\u00e1g\" \/>\n<meta property=\"article:publisher\" content=\"https:\/\/www.facebook.com\/WeLoveCyclingHungary\/\" \/>\n<meta property=\"article:published_time\" content=\"2021-06-13T06:00:00+00:00\" \/>\n<meta property=\"article:modified_time\" content=\"2021-06-17T12:40:09+00:00\" \/>\n<meta property=\"og:image\" content=\"https:\/\/d2p6e6u75xmxt8.cloudfront.net\/12\/2021\/06\/wlc_23s.jpg\" \/>\n\t<meta property=\"og:image:width\" content=\"1018\" \/>\n\t<meta property=\"og:image:height\" content=\"713\" \/>\n\t<meta property=\"og:image:type\" content=\"image\/jpeg\" \/>\n<meta name=\"author\" content=\"hegyizs\" \/>\n<meta name=\"twitter:card\" content=\"summary_large_image\" \/>\n<meta name=\"twitter:label1\" content=\"Written by\" \/>\n\t<meta name=\"twitter:data1\" content=\"WLC\" \/>\n\t<meta name=\"twitter:label2\" content=\"Est. reading time\" \/>\n\t<meta name=\"twitter:data2\" content=\"2 minutes\" \/>\n<script type=\"application\/ld+json\" class=\"yoast-schema-graph\">{\"@context\":\"https:\/\/schema.org\",\"@graph\":[{\"@type\":\"WebPage\",\"@id\":\"https:\/\/www.welovecycling.com\/hu\/orszaguti-kerekpar\/amator-versenykent-ter-vissza-a-bordeux-parizs\/\",\"url\":\"https:\/\/www.welovecycling.com\/hu\/orszaguti-kerekpar\/amator-versenykent-ter-vissza-a-bordeux-parizs\/\",\"name\":\"Amat\u0151r versenyk\u00e9nt t\u00e9r vissza a Bordeaux-P\u00e1rizs\",\"isPartOf\":{\"@id\":\"https:\/\/www.welovecycling.com\/hu\/#website\"},\"primaryImageOfPage\":{\"@id\":\"https:\/\/www.welovecycling.com\/hu\/orszaguti-kerekpar\/amator-versenykent-ter-vissza-a-bordeux-parizs\/#primaryimage\"},\"image\":{\"@id\":\"https:\/\/www.welovecycling.com\/hu\/orszaguti-kerekpar\/amator-versenykent-ter-vissza-a-bordeux-parizs\/#primaryimage\"},\"thumbnailUrl\":\"https:\/\/d2p6e6u75xmxt8.cloudfront.net\/12\/2021\/06\/wlc_23s.jpg\",\"datePublished\":\"2021-06-13T06:00:00+00:00\",\"dateModified\":\"2021-06-17T12:40:09+00:00\",\"author\":{\"@id\":\"https:\/\/www.welovecycling.com\/hu\/#\/schema\/person\/414a2aebf1801691a5320edb6468e194\"},\"description\":\"2022 tavasz\u00e1n \u00fajra megrendez\u00e9sre ker\u00fcl az egykori profi verseny, azonban ez\u00fattal amat\u0151r\u00f6k \u00e1llhatnak a rajtvonalhoz.\",\"breadcrumb\":{\"@id\":\"https:\/\/www.welovecycling.com\/hu\/orszaguti-kerekpar\/amator-versenykent-ter-vissza-a-bordeux-parizs\/#breadcrumb\"},\"inLanguage\":\"hu\",\"potentialAction\":[{\"@type\":\"ReadAction\",\"target\":[\"https:\/\/www.welovecycling.com\/hu\/orszaguti-kerekpar\/amator-versenykent-ter-vissza-a-bordeux-parizs\/\"]}]},{\"@type\":\"ImageObject\",\"inLanguage\":\"hu\",\"@id\":\"https:\/\/www.welovecycling.com\/hu\/orszaguti-kerekpar\/amator-versenykent-ter-vissza-a-bordeux-parizs\/#primaryimage\",\"url\":\"https:\/\/d2p6e6u75xmxt8.cloudfront.net\/12\/2021\/06\/wlc_23s.jpg\",\"contentUrl\":\"https:\/\/d2p6e6u75xmxt8.cloudfront.net\/12\/2021\/06\/wlc_23s.jpg\",\"width\":1018,\"height\":713},{\"@type\":\"BreadcrumbList\",\"@id\":\"https:\/\/www.welovecycling.com\/hu\/orszaguti-kerekpar\/amator-versenykent-ter-vissza-a-bordeux-parizs\/#breadcrumb\",\"itemListElement\":[{\"@type\":\"ListItem\",\"position\":1,\"name\":\"Home\",\"item\":\"https:\/\/www.welovecycling.com\/hu\/\"},{\"@type\":\"ListItem\",\"position\":2,\"name\":\"Amat\u0151r versenyk\u00e9nt t\u00e9r vissza a Bordeaux-P\u00e1rizs\"}]},{\"@type\":\"WebSite\",\"@id\":\"https:\/\/www.welovecycling.com\/hu\/#website\",\"url\":\"https:\/\/www.welovecycling.com\/hu\/\",\"name\":\"\u0160koda We Love Cycling - Magyarorsz\u00e1g\",\"description\":\"\u0160koda WeLoveCycling\",\"potentialAction\":[{\"@type\":\"SearchAction\",\"target\":{\"@type\":\"EntryPoint\",\"urlTemplate\":\"https:\/\/www.welovecycling.com\/hu\/?s={search_term_string}\"},\"query-input\":{\"@type\":\"PropertyValueSpecification\",\"valueRequired\":true,\"valueName\":\"search_term_string\"}}],\"inLanguage\":\"hu\"},{\"@type\":\"Person\",\"@id\":\"https:\/\/www.welovecycling.com\/hu\/#\/schema\/person\/414a2aebf1801691a5320edb6468e194\",\"name\":\"hegyizs\",\"image\":{\"@type\":\"ImageObject\",\"inLanguage\":\"hu\",\"@id\":\"https:\/\/www.welovecycling.com\/hu\/#\/schema\/person\/image\/\",\"url\":\"https:\/\/secure.gravatar.com\/avatar\/02cf8a7906b8cf90cecb4679defac7cfd33a1c2e3b88e4903d947f3bb58eedd3?s=96&d=mm&r=g\",\"contentUrl\":\"https:\/\/secure.gravatar.com\/avatar\/02cf8a7906b8cf90cecb4679defac7cfd33a1c2e3b88e4903d947f3bb58eedd3?s=96&d=mm&r=g\",\"caption\":\"hegyizs\"},\"url\":\"https:\/\/www.welovecycling.com\/hu\/author\/hegyizs\/\"}]}<\/script>\n<!-- \/ Yoast SEO Premium plugin. -->","yoast_head_json":{"title":"Amat\u0151r versenyk\u00e9nt t\u00e9r vissza a Bordeaux-P\u00e1rizs","description":"2022 tavasz\u00e1n \u00fajra megrendez\u00e9sre ker\u00fcl az egykori profi verseny, azonban ez\u00fattal amat\u0151r\u00f6k \u00e1llhatnak a rajtvonalhoz.","robots":{"index":"index","follow":"follow","max-snippet":"max-snippet:-1","max-image-preview":"max-image-preview:large","max-video-preview":"max-video-preview:-1"},"canonical":"https:\/\/www.welovecycling.com\/hu\/orszaguti-kerekpar\/amator-versenykent-ter-vissza-a-bordeux-parizs\/","og_locale":"hu_HU","og_type":"article","og_title":"Amat\u0151r versenyk\u00e9nt t\u00e9r vissza a Bordeaux-P\u00e1rizs","og_description":"2022 tavasz\u00e1n \u00fajra megrendez\u00e9sre ker\u00fcl az egykori profi verseny, azonban ez\u00fattal amat\u0151r\u00f6k \u00e1llhatnak a rajtvonalhoz.","og_url":"https:\/\/www.welovecycling.com\/hu\/orszaguti-kerekpar\/amator-versenykent-ter-vissza-a-bordeux-parizs\/","og_site_name":"\u0160koda We Love Cycling - Magyarorsz\u00e1g","article_publisher":"https:\/\/www.facebook.com\/WeLoveCyclingHungary\/","article_published_time":"2021-06-13T06:00:00+00:00","article_modified_time":"2021-06-17T12:40:09+00:00","og_image":[{"width":1018,"height":713,"url":"https:\/\/d2p6e6u75xmxt8.cloudfront.net\/12\/2021\/06\/wlc_23s.jpg","type":"image\/jpeg"}],"author":"hegyizs","twitter_card":"summary_large_image","twitter_misc":{"Written by":"WLC","Est. reading time":"2 minutes"},"schema":{"@context":"https:\/\/schema.org","@graph":[{"@type":"WebPage","@id":"https:\/\/www.welovecycling.com\/hu\/orszaguti-kerekpar\/amator-versenykent-ter-vissza-a-bordeux-parizs\/","url":"https:\/\/www.welovecycling.com\/hu\/orszaguti-kerekpar\/amator-versenykent-ter-vissza-a-bordeux-parizs\/","name":"Amat\u0151r versenyk\u00e9nt t\u00e9r vissza a Bordeaux-P\u00e1rizs","isPartOf":{"@id":"https:\/\/www.welovecycling.com\/hu\/#website"},"primaryImageOfPage":{"@id":"https:\/\/www.welovecycling.com\/hu\/orszaguti-kerekpar\/amator-versenykent-ter-vissza-a-bordeux-parizs\/#primaryimage"},"image":{"@id":"https:\/\/www.welovecycling.com\/hu\/orszaguti-kerekpar\/amator-versenykent-ter-vissza-a-bordeux-parizs\/#primaryimage"},"thumbnailUrl":"https:\/\/d2p6e6u75xmxt8.cloudfront.net\/12\/2021\/06\/wlc_23s.jpg","datePublished":"2021-06-13T06:00:00+00:00","dateModified":"2021-06-17T12:40:09+00:00","author":{"@id":"https:\/\/www.welovecycling.com\/hu\/#\/schema\/person\/414a2aebf1801691a5320edb6468e194"},"description":"2022 tavasz\u00e1n \u00fajra megrendez\u00e9sre ker\u00fcl az egykori profi verseny, azonban ez\u00fattal amat\u0151r\u00f6k \u00e1llhatnak a rajtvonalhoz.","breadcrumb":{"@id":"https:\/\/www.welovecycling.com\/hu\/orszaguti-kerekpar\/amator-versenykent-ter-vissza-a-bordeux-parizs\/#breadcrumb"},"inLanguage":"hu","potentialAction":[{"@type":"ReadAction","target":["https:\/\/www.welovecycling.com\/hu\/orszaguti-kerekpar\/amator-versenykent-ter-vissza-a-bordeux-parizs\/"]}]},{"@type":"ImageObject","inLanguage":"hu","@id":"https:\/\/www.welovecycling.com\/hu\/orszaguti-kerekpar\/amator-versenykent-ter-vissza-a-bordeux-parizs\/#primaryimage","url":"https:\/\/d2p6e6u75xmxt8.cloudfront.net\/12\/2021\/06\/wlc_23s.jpg","contentUrl":"https:\/\/d2p6e6u75xmxt8.cloudfront.net\/12\/2021\/06\/wlc_23s.jpg","width":1018,"height":713},{"@type":"BreadcrumbList","@id":"https:\/\/www.welovecycling.com\/hu\/orszaguti-kerekpar\/amator-versenykent-ter-vissza-a-bordeux-parizs\/#breadcrumb","itemListElement":[{"@type":"ListItem","position":1,"name":"Home","item":"https:\/\/www.welovecycling.com\/hu\/"},{"@type":"ListItem","position":2,"name":"Amat\u0151r versenyk\u00e9nt t\u00e9r vissza a Bordeaux-P\u00e1rizs"}]},{"@type":"WebSite","@id":"https:\/\/www.welovecycling.com\/hu\/#website","url":"https:\/\/www.welovecycling.com\/hu\/","name":"\u0160koda We Love Cycling - Magyarorsz\u00e1g","description":"\u0160koda WeLoveCycling","potentialAction":[{"@type":"SearchAction","target":{"@type":"EntryPoint","urlTemplate":"https:\/\/www.welovecycling.com\/hu\/?s={search_term_string}"},"query-input":{"@type":"PropertyValueSpecification","valueRequired":true,"valueName":"search_term_string"}}],"inLanguage":"hu"},{"@type":"Person","@id":"https:\/\/www.welovecycling.com\/hu\/#\/schema\/person\/414a2aebf1801691a5320edb6468e194","name":"hegyizs","image":{"@type":"ImageObject","inLanguage":"hu","@id":"https:\/\/www.welovecycling.com\/hu\/#\/schema\/person\/image\/","url":"https:\/\/secure.gravatar.com\/avatar\/02cf8a7906b8cf90cecb4679defac7cfd33a1c2e3b88e4903d947f3bb58eedd3?s=96&d=mm&r=g","contentUrl":"https:\/\/secure.gravatar.com\/avatar\/02cf8a7906b8cf90cecb4679defac7cfd33a1c2e3b88e4903d947f3bb58eedd3?s=96&d=mm&r=g","caption":"hegyizs"},"url":"https:\/\/www.welovecycling.com\/hu\/author\/hegyizs\/"}]}},"_links":{"self":[{"href":"https:\/\/www.welovecycling.com\/hu\/wp-json\/wp\/v2\/posts\/11668","targetHints":{"allow":["GET"]}}],"collection":[{"href":"https:\/\/www.welovecycling.com\/hu\/wp-json\/wp\/v2\/posts"}],"about":[{"href":"https:\/\/www.welovecycling.com\/hu\/wp-json\/wp\/v2\/types\/post"}],"author":[{"embeddable":true,"href":"https:\/\/www.welovecycling.com\/hu\/wp-json\/wp\/v2\/users\/71"}],"replies":[{"embeddable":true,"href":"https:\/\/www.welovecycling.com\/hu\/wp-json\/wp\/v2\/comments?post=11668"}],"version-history":[{"count":2,"href":"https:\/\/www.welovecycling.com\/hu\/wp-json\/wp\/v2\/posts\/11668\/revisions"}],"predecessor-version":[{"id":11733,"href":"https:\/\/www.welovecycling.com\/hu\/wp-json\/wp\/v2\/posts\/11668\/revisions\/11733"}],"wp:featuredmedia":[{"embeddable":true,"href":"https:\/\/www.welovecycling.com\/hu\/wp-json\/wp\/v2\/media\/11669"}],"wp:attachment":[{"href":"https:\/\/www.welovecycling.com\/hu\/wp-json\/wp\/v2\/media?parent=11668"}],"wp:term":[{"taxonomy":"category","embeddable":true,"href":"https:\/\/www.welovecycling.com\/hu\/wp-json\/wp\/v2\/categories?post=11668"},{"taxonomy":"post_tag","embeddable":true,"href":"https:\/\/www.welovecycling.com\/hu\/wp-json\/wp\/v2\/tags?post=11668"},{"taxonomy":"global-categories","embeddable":true,"href":"https:\/\/www.welovecycling.com\/hu\/wp-json\/wp\/v2\/global-categories?post=11668"}],"curies":[{"name":"wp","href":"https:\/\/api.w.org\/{rel}","templated":true}]}}