{"id":11657,"date":"2021-06-10T08:00:50","date_gmt":"2021-06-10T06:00:50","guid":{"rendered":"https:\/\/www.welovecycling.com\/hu\/?p=11657"},"modified":"2021-06-04T15:05:36","modified_gmt":"2021-06-04T13:05:36","slug":"hogyan-tervezzunk-kornyezetbarat-gasztro-turat","status":"publish","type":"post","link":"https:\/\/www.welovecycling.com\/hu\/kozosseg-es-kultura\/hogyan-tervezzunk-kornyezetbarat-gasztro-turat\/","title":{"rendered":"Hogyan tervezz\u00fcnk k\u00f6rnyezetbar\u00e1t gasztro-t\u00far\u00e1t?"},"content":{"rendered":"<p><strong>Ha a fenntarthat\u00f3s\u00e1gr\u00f3l van sz\u00f3, megk\u00e9rd\u0151jelezhetetlen a biciklik szerepe. Van azonban egy bring\u00e1s sr\u00e1c, aki megtal\u00e1lta a m\u00f3dj\u00e1t, hogy a \u201efenntarthat\u00f3\u201d kifejez\u00e9st egy teljesen \u00faj szintre emelje.<\/strong><\/p>\n<p><!--more--><\/p>\n<p>2020 nyar\u00e1n J\u00e9r\u00f4me Zindy \u00fagy d\u00f6nt\u00f6tt, kir\u00e1ndul egyet az Avignon r\u00e9gi\u00f3beli otthona k\u00f6r\u00fcl, hogy felkeresse a helyi termel\u0151ket \u00e9s azok term\u00e9keit. J\u00f3 kis ny\u00e1ri program, ugye? Nos, J\u00e9r\u00f4me m\u00e9g \u00e9rdekesebb\u00e9 tette a projektet, mivel a t\u00far\u00e1hoz egy napenergi\u00e1val m\u0171k\u00f6d\u0151 e-biciklit v\u00e1lasztott.<\/p>\n<p>https:\/\/www.instagram.com\/tv\/CPKoMzVIqwX\/?utm_source=ig_web_copy_link<\/p>\n<p>Az utaz\u00e1s J\u00e9r\u00f4me \u00e9let\u00e9nek egyik legjobb \u00e9lm\u00e9ny\u00e9v\u00e9 v\u00e1lt, \u00e9s ez vezette \u0151t ahhoz a d\u00f6nt\u00e9s\u00e9hez, hogy folytassa ezt a t\u00f6rekv\u00e9st.<\/p>\n<p>\u00cdgy sz\u00fcletett meg a \u201e100 km Strasbourg k\u00f6r\u00fcl\u201d. Ez a projekt megmutatja, hogy egyszerre \u00e9rezheted j\u00f3l magad \u00e9s fedezheted fel \u00e9s \u00e9lvezheted a helyi termel\u0151k kincseit, mik\u00f6zben k\u00f6rnyezetbar\u00e1t m\u00f3don cselekedhetsz.<\/p>\n<p><a href=\"https:\/\/d2p6e6u75xmxt8.cloudfront.net\/12\/2021\/06\/Jerome-Zindy-profimedia-0565611111.jpg\"><img loading=\"lazy\" decoding=\"async\" class=\"alignnone size-full wp-image-11659\" src=\"https:\/\/d2p6e6u75xmxt8.cloudfront.net\/12\/2021\/06\/Jerome-Zindy-profimedia-0565611111.jpg\" alt=\"Jerome Zindy\" width=\"1000\" height=\"666\" srcset=\"https:\/\/d2p6e6u75xmxt8.cloudfront.net\/12\/2021\/06\/Jerome-Zindy-profimedia-0565611111.jpg 1000w, https:\/\/d2p6e6u75xmxt8.cloudfront.net\/12\/2021\/06\/Jerome-Zindy-profimedia-0565611111-300x200.jpg 300w, https:\/\/d2p6e6u75xmxt8.cloudfront.net\/12\/2021\/06\/Jerome-Zindy-profimedia-0565611111-768x511.jpg 768w, https:\/\/d2p6e6u75xmxt8.cloudfront.net\/12\/2021\/06\/Jerome-Zindy-profimedia-0565611111-272x182.jpg 272w\" sizes=\"auto, (max-width: 1000px) 100vw, 1000px\" \/><\/a><\/p>\n<p>J\u00e9r\u00f4me \u00e1prilis 26-\u00e1n hagyta el Strasbourgot, \u00e9s m\u00e1jus 23-\u00e1n t\u00e9rt vissza. Megn\u00e9zheted az utaz\u00e1sair\u00f3l k\u00e9sz\u00fclt vide\u00f3kat az <a href=\"https:\/\/www.instagram.com\/jeromezindy\/?hl=en\">Instagramj\u00e1n<\/a>, \u00e9s ki tudja \u2013 tal\u00e1n te is ihletet kapsz egy hasonl\u00f3 gourmet t\u00fara megtervez\u00e9s\u00e9hez!<\/p>\n","protected":false},"excerpt":{"rendered":"<p>Ha a fenntarthat\u00f3s\u00e1gr\u00f3l van sz\u00f3, megk\u00e9rd\u0151jelezhetetlen a biciklik szerepe. Van azonban egy bring\u00e1s sr\u00e1c, aki megtal\u00e1lta a m\u00f3dj\u00e1t, hogy a [&hellip;]<\/p>\n","protected":false},"author":71,"featured_media":11661,"comment_status":"closed","ping_status":"closed","sticky":false,"template":"","format":"standard","meta":{"footnotes":""},"categories":[12],"tags":[],"global-categories":[],"class_list":["post-11657","post","type-post","status-publish","format-standard","has-post-thumbnail","hentry","category-kozosseg-es-kultura"],"yoast_head":"<!-- This site is optimized with the Yoast SEO Premium plugin v25.3 (Yoast SEO v25.9) - https:\/\/yoast.com\/wordpress\/plugins\/seo\/ -->\n<title>Hogyan tervezz\u00fcnk k\u00f6rnyezetbar\u00e1t gasztro-t\u00far\u00e1t? - \u0160koda We Love Cycling - Magyarorsz\u00e1g<\/title>\n<meta name=\"description\" content=\"Ha a fenntarthat\u00f3s\u00e1gr\u00f3l van sz\u00f3, megk\u00e9rd\u0151jelezhetetlen a biciklik szerepe. Van azonban egy bring\u00e1s sr\u00e1c, aki megtal\u00e1lta a m\u00f3dj\u00e1t, hogy a \u201efenntarthat\u00f3\u201d kifejez\u00e9st egy teljesen \u00faj szintre emelje.\" \/>\n<meta name=\"robots\" content=\"index, follow, max-snippet:-1, max-image-preview:large, max-video-preview:-1\" \/>\n<link rel=\"canonical\" href=\"https:\/\/www.welovecycling.com\/hu\/kozosseg-es-kultura\/hogyan-tervezzunk-kornyezetbarat-gasztro-turat\/\" \/>\n<meta property=\"og:locale\" content=\"hu_HU\" \/>\n<meta property=\"og:type\" content=\"article\" \/>\n<meta property=\"og:title\" content=\"Hogyan tervezz\u00fcnk k\u00f6rnyezetbar\u00e1t gasztro-t\u00far\u00e1t?\" \/>\n<meta property=\"og:description\" content=\"Ha a fenntarthat\u00f3s\u00e1gr\u00f3l van sz\u00f3, megk\u00e9rd\u0151jelezhetetlen a biciklik szerepe. Van azonban egy bring\u00e1s sr\u00e1c, aki megtal\u00e1lta a m\u00f3dj\u00e1t, hogy a \u201efenntarthat\u00f3\u201d kifejez\u00e9st egy teljesen \u00faj szintre emelje.\" \/>\n<meta property=\"og:url\" content=\"https:\/\/www.welovecycling.com\/hu\/kozosseg-es-kultura\/hogyan-tervezzunk-kornyezetbarat-gasztro-turat\/\" \/>\n<meta property=\"og:site_name\" content=\"\u0160koda We Love Cycling - Magyarorsz\u00e1g\" \/>\n<meta property=\"article:publisher\" content=\"https:\/\/www.facebook.com\/WeLoveCyclingHungary\/\" \/>\n<meta property=\"article:published_time\" content=\"2021-06-10T06:00:50+00:00\" \/>\n<meta property=\"og:image\" content=\"https:\/\/d2p6e6u75xmxt8.cloudfront.net\/12\/2021\/06\/Jerome-Zindy-profimedia-0565611117-CVR.jpg\" \/>\n\t<meta property=\"og:image:width\" content=\"1366\" \/>\n\t<meta property=\"og:image:height\" content=\"600\" \/>\n\t<meta property=\"og:image:type\" content=\"image\/jpeg\" \/>\n<meta name=\"author\" content=\"hegyizs\" \/>\n<meta name=\"twitter:card\" content=\"summary_large_image\" \/>\n<meta name=\"twitter:label1\" content=\"Written by\" \/>\n\t<meta name=\"twitter:data1\" content=\"Tereza Antonova\" \/>\n\t<meta name=\"twitter:label2\" content=\"Est. reading time\" \/>\n\t<meta name=\"twitter:data2\" content=\"4\" \/>\n<script type=\"application\/ld+json\" class=\"yoast-schema-graph\">{\"@context\":\"https:\/\/schema.org\",\"@graph\":[{\"@type\":\"WebPage\",\"@id\":\"https:\/\/www.welovecycling.com\/hu\/kozosseg-es-kultura\/hogyan-tervezzunk-kornyezetbarat-gasztro-turat\/\",\"url\":\"https:\/\/www.welovecycling.com\/hu\/kozosseg-es-kultura\/hogyan-tervezzunk-kornyezetbarat-gasztro-turat\/\",\"name\":\"Hogyan tervezz\u00fcnk k\u00f6rnyezetbar\u00e1t gasztro-t\u00far\u00e1t? - \u0160koda We Love Cycling - Magyarorsz\u00e1g\",\"isPartOf\":{\"@id\":\"https:\/\/www.welovecycling.com\/hu\/#website\"},\"primaryImageOfPage\":{\"@id\":\"https:\/\/www.welovecycling.com\/hu\/kozosseg-es-kultura\/hogyan-tervezzunk-kornyezetbarat-gasztro-turat\/#primaryimage\"},\"image\":{\"@id\":\"https:\/\/www.welovecycling.com\/hu\/kozosseg-es-kultura\/hogyan-tervezzunk-kornyezetbarat-gasztro-turat\/#primaryimage\"},\"thumbnailUrl\":\"https:\/\/d2p6e6u75xmxt8.cloudfront.net\/12\/2021\/06\/Jerome-Zindy-profimedia-0565611117-CVR.jpg\",\"datePublished\":\"2021-06-10T06:00:50+00:00\",\"author\":{\"@id\":\"https:\/\/www.welovecycling.com\/hu\/#\/schema\/person\/414a2aebf1801691a5320edb6468e194\"},\"description\":\"Ha a fenntarthat\u00f3s\u00e1gr\u00f3l van sz\u00f3, megk\u00e9rd\u0151jelezhetetlen a biciklik szerepe. Van azonban egy bring\u00e1s sr\u00e1c, aki megtal\u00e1lta a m\u00f3dj\u00e1t, hogy a \u201efenntarthat\u00f3\u201d kifejez\u00e9st egy teljesen \u00faj szintre emelje.\",\"breadcrumb\":{\"@id\":\"https:\/\/www.welovecycling.com\/hu\/kozosseg-es-kultura\/hogyan-tervezzunk-kornyezetbarat-gasztro-turat\/#breadcrumb\"},\"inLanguage\":\"hu\",\"potentialAction\":[{\"@type\":\"ReadAction\",\"target\":[\"https:\/\/www.welovecycling.com\/hu\/kozosseg-es-kultura\/hogyan-tervezzunk-kornyezetbarat-gasztro-turat\/\"]}]},{\"@type\":\"ImageObject\",\"inLanguage\":\"hu\",\"@id\":\"https:\/\/www.welovecycling.com\/hu\/kozosseg-es-kultura\/hogyan-tervezzunk-kornyezetbarat-gasztro-turat\/#primaryimage\",\"url\":\"https:\/\/d2p6e6u75xmxt8.cloudfront.net\/12\/2021\/06\/Jerome-Zindy-profimedia-0565611117-CVR.jpg\",\"contentUrl\":\"https:\/\/d2p6e6u75xmxt8.cloudfront.net\/12\/2021\/06\/Jerome-Zindy-profimedia-0565611117-CVR.jpg\",\"width\":1366,\"height\":600,\"caption\":\"J\u00e9r\u00f4me Zindy\"},{\"@type\":\"BreadcrumbList\",\"@id\":\"https:\/\/www.welovecycling.com\/hu\/kozosseg-es-kultura\/hogyan-tervezzunk-kornyezetbarat-gasztro-turat\/#breadcrumb\",\"itemListElement\":[{\"@type\":\"ListItem\",\"position\":1,\"name\":\"Home\",\"item\":\"https:\/\/www.welovecycling.com\/hu\/\"},{\"@type\":\"ListItem\",\"position\":2,\"name\":\"Hogyan tervezz\u00fcnk k\u00f6rnyezetbar\u00e1t gasztro-t\u00far\u00e1t?\"}]},{\"@type\":\"WebSite\",\"@id\":\"https:\/\/www.welovecycling.com\/hu\/#website\",\"url\":\"https:\/\/www.welovecycling.com\/hu\/\",\"name\":\"\u0160koda We Love Cycling - Magyarorsz\u00e1g\",\"description\":\"\u0160koda WeLoveCycling\",\"potentialAction\":[{\"@type\":\"SearchAction\",\"target\":{\"@type\":\"EntryPoint\",\"urlTemplate\":\"https:\/\/www.welovecycling.com\/hu\/?s={search_term_string}\"},\"query-input\":{\"@type\":\"PropertyValueSpecification\",\"valueRequired\":true,\"valueName\":\"search_term_string\"}}],\"inLanguage\":\"hu\"},{\"@type\":\"Person\",\"@id\":\"https:\/\/www.welovecycling.com\/hu\/#\/schema\/person\/414a2aebf1801691a5320edb6468e194\",\"name\":\"hegyizs\",\"image\":{\"@type\":\"ImageObject\",\"inLanguage\":\"hu\",\"@id\":\"https:\/\/www.welovecycling.com\/hu\/#\/schema\/person\/image\/\",\"url\":\"https:\/\/secure.gravatar.com\/avatar\/02cf8a7906b8cf90cecb4679defac7cfd33a1c2e3b88e4903d947f3bb58eedd3?s=96&d=mm&r=g\",\"contentUrl\":\"https:\/\/secure.gravatar.com\/avatar\/02cf8a7906b8cf90cecb4679defac7cfd33a1c2e3b88e4903d947f3bb58eedd3?s=96&d=mm&r=g\",\"caption\":\"hegyizs\"},\"url\":\"https:\/\/www.welovecycling.com\/hu\/author\/hegyizs\/\"}]}<\/script>\n<!-- \/ Yoast SEO Premium plugin. -->","yoast_head_json":{"title":"Hogyan tervezz\u00fcnk k\u00f6rnyezetbar\u00e1t gasztro-t\u00far\u00e1t? - \u0160koda We Love Cycling - Magyarorsz\u00e1g","description":"Ha a fenntarthat\u00f3s\u00e1gr\u00f3l van sz\u00f3, megk\u00e9rd\u0151jelezhetetlen a biciklik szerepe. Van azonban egy bring\u00e1s sr\u00e1c, aki megtal\u00e1lta a m\u00f3dj\u00e1t, hogy a \u201efenntarthat\u00f3\u201d kifejez\u00e9st egy teljesen \u00faj szintre emelje.","robots":{"index":"index","follow":"follow","max-snippet":"max-snippet:-1","max-image-preview":"max-image-preview:large","max-video-preview":"max-video-preview:-1"},"canonical":"https:\/\/www.welovecycling.com\/hu\/kozosseg-es-kultura\/hogyan-tervezzunk-kornyezetbarat-gasztro-turat\/","og_locale":"hu_HU","og_type":"article","og_title":"Hogyan tervezz\u00fcnk k\u00f6rnyezetbar\u00e1t gasztro-t\u00far\u00e1t?","og_description":"Ha a fenntarthat\u00f3s\u00e1gr\u00f3l van sz\u00f3, megk\u00e9rd\u0151jelezhetetlen a biciklik szerepe. Van azonban egy bring\u00e1s sr\u00e1c, aki megtal\u00e1lta a m\u00f3dj\u00e1t, hogy a \u201efenntarthat\u00f3\u201d kifejez\u00e9st egy teljesen \u00faj szintre emelje.","og_url":"https:\/\/www.welovecycling.com\/hu\/kozosseg-es-kultura\/hogyan-tervezzunk-kornyezetbarat-gasztro-turat\/","og_site_name":"\u0160koda We Love Cycling - Magyarorsz\u00e1g","article_publisher":"https:\/\/www.facebook.com\/WeLoveCyclingHungary\/","article_published_time":"2021-06-10T06:00:50+00:00","og_image":[{"width":1366,"height":600,"url":"https:\/\/d2p6e6u75xmxt8.cloudfront.net\/12\/2021\/06\/Jerome-Zindy-profimedia-0565611117-CVR.jpg","type":"image\/jpeg"}],"author":"hegyizs","twitter_card":"summary_large_image","twitter_misc":{"Written by":"Tereza Antonova","Est. reading time":"4"},"schema":{"@context":"https:\/\/schema.org","@graph":[{"@type":"WebPage","@id":"https:\/\/www.welovecycling.com\/hu\/kozosseg-es-kultura\/hogyan-tervezzunk-kornyezetbarat-gasztro-turat\/","url":"https:\/\/www.welovecycling.com\/hu\/kozosseg-es-kultura\/hogyan-tervezzunk-kornyezetbarat-gasztro-turat\/","name":"Hogyan tervezz\u00fcnk k\u00f6rnyezetbar\u00e1t gasztro-t\u00far\u00e1t? - \u0160koda We Love Cycling - Magyarorsz\u00e1g","isPartOf":{"@id":"https:\/\/www.welovecycling.com\/hu\/#website"},"primaryImageOfPage":{"@id":"https:\/\/www.welovecycling.com\/hu\/kozosseg-es-kultura\/hogyan-tervezzunk-kornyezetbarat-gasztro-turat\/#primaryimage"},"image":{"@id":"https:\/\/www.welovecycling.com\/hu\/kozosseg-es-kultura\/hogyan-tervezzunk-kornyezetbarat-gasztro-turat\/#primaryimage"},"thumbnailUrl":"https:\/\/d2p6e6u75xmxt8.cloudfront.net\/12\/2021\/06\/Jerome-Zindy-profimedia-0565611117-CVR.jpg","datePublished":"2021-06-10T06:00:50+00:00","author":{"@id":"https:\/\/www.welovecycling.com\/hu\/#\/schema\/person\/414a2aebf1801691a5320edb6468e194"},"description":"Ha a fenntarthat\u00f3s\u00e1gr\u00f3l van sz\u00f3, megk\u00e9rd\u0151jelezhetetlen a biciklik szerepe. Van azonban egy bring\u00e1s sr\u00e1c, aki megtal\u00e1lta a m\u00f3dj\u00e1t, hogy a \u201efenntarthat\u00f3\u201d kifejez\u00e9st egy teljesen \u00faj szintre emelje.","breadcrumb":{"@id":"https:\/\/www.welovecycling.com\/hu\/kozosseg-es-kultura\/hogyan-tervezzunk-kornyezetbarat-gasztro-turat\/#breadcrumb"},"inLanguage":"hu","potentialAction":[{"@type":"ReadAction","target":["https:\/\/www.welovecycling.com\/hu\/kozosseg-es-kultura\/hogyan-tervezzunk-kornyezetbarat-gasztro-turat\/"]}]},{"@type":"ImageObject","inLanguage":"hu","@id":"https:\/\/www.welovecycling.com\/hu\/kozosseg-es-kultura\/hogyan-tervezzunk-kornyezetbarat-gasztro-turat\/#primaryimage","url":"https:\/\/d2p6e6u75xmxt8.cloudfront.net\/12\/2021\/06\/Jerome-Zindy-profimedia-0565611117-CVR.jpg","contentUrl":"https:\/\/d2p6e6u75xmxt8.cloudfront.net\/12\/2021\/06\/Jerome-Zindy-profimedia-0565611117-CVR.jpg","width":1366,"height":600,"caption":"J\u00e9r\u00f4me Zindy"},{"@type":"BreadcrumbList","@id":"https:\/\/www.welovecycling.com\/hu\/kozosseg-es-kultura\/hogyan-tervezzunk-kornyezetbarat-gasztro-turat\/#breadcrumb","itemListElement":[{"@type":"ListItem","position":1,"name":"Home","item":"https:\/\/www.welovecycling.com\/hu\/"},{"@type":"ListItem","position":2,"name":"Hogyan tervezz\u00fcnk k\u00f6rnyezetbar\u00e1t gasztro-t\u00far\u00e1t?"}]},{"@type":"WebSite","@id":"https:\/\/www.welovecycling.com\/hu\/#website","url":"https:\/\/www.welovecycling.com\/hu\/","name":"\u0160koda We Love Cycling - Magyarorsz\u00e1g","description":"\u0160koda WeLoveCycling","potentialAction":[{"@type":"SearchAction","target":{"@type":"EntryPoint","urlTemplate":"https:\/\/www.welovecycling.com\/hu\/?s={search_term_string}"},"query-input":{"@type":"PropertyValueSpecification","valueRequired":true,"valueName":"search_term_string"}}],"inLanguage":"hu"},{"@type":"Person","@id":"https:\/\/www.welovecycling.com\/hu\/#\/schema\/person\/414a2aebf1801691a5320edb6468e194","name":"hegyizs","image":{"@type":"ImageObject","inLanguage":"hu","@id":"https:\/\/www.welovecycling.com\/hu\/#\/schema\/person\/image\/","url":"https:\/\/secure.gravatar.com\/avatar\/02cf8a7906b8cf90cecb4679defac7cfd33a1c2e3b88e4903d947f3bb58eedd3?s=96&d=mm&r=g","contentUrl":"https:\/\/secure.gravatar.com\/avatar\/02cf8a7906b8cf90cecb4679defac7cfd33a1c2e3b88e4903d947f3bb58eedd3?s=96&d=mm&r=g","caption":"hegyizs"},"url":"https:\/\/www.welovecycling.com\/hu\/author\/hegyizs\/"}]}},"_links":{"self":[{"href":"https:\/\/www.welovecycling.com\/hu\/wp-json\/wp\/v2\/posts\/11657","targetHints":{"allow":["GET"]}}],"collection":[{"href":"https:\/\/www.welovecycling.com\/hu\/wp-json\/wp\/v2\/posts"}],"about":[{"href":"https:\/\/www.welovecycling.com\/hu\/wp-json\/wp\/v2\/types\/post"}],"author":[{"embeddable":true,"href":"https:\/\/www.welovecycling.com\/hu\/wp-json\/wp\/v2\/users\/71"}],"replies":[{"embeddable":true,"href":"https:\/\/www.welovecycling.com\/hu\/wp-json\/wp\/v2\/comments?post=11657"}],"version-history":[{"count":2,"href":"https:\/\/www.welovecycling.com\/hu\/wp-json\/wp\/v2\/posts\/11657\/revisions"}],"predecessor-version":[{"id":11662,"href":"https:\/\/www.welovecycling.com\/hu\/wp-json\/wp\/v2\/posts\/11657\/revisions\/11662"}],"wp:featuredmedia":[{"embeddable":true,"href":"https:\/\/www.welovecycling.com\/hu\/wp-json\/wp\/v2\/media\/11661"}],"wp:attachment":[{"href":"https:\/\/www.welovecycling.com\/hu\/wp-json\/wp\/v2\/media?parent=11657"}],"wp:term":[{"taxonomy":"category","embeddable":true,"href":"https:\/\/www.welovecycling.com\/hu\/wp-json\/wp\/v2\/categories?post=11657"},{"taxonomy":"post_tag","embeddable":true,"href":"https:\/\/www.welovecycling.com\/hu\/wp-json\/wp\/v2\/tags?post=11657"},{"taxonomy":"global-categories","embeddable":true,"href":"https:\/\/www.welovecycling.com\/hu\/wp-json\/wp\/v2\/global-categories?post=11657"}],"curies":[{"name":"wp","href":"https:\/\/api.w.org\/{rel}","templated":true}]}}