{"id":11652,"date":"2021-06-07T08:00:54","date_gmt":"2021-06-07T06:00:54","guid":{"rendered":"https:\/\/www.welovecycling.com\/hu\/?p=11652"},"modified":"2021-06-07T14:24:39","modified_gmt":"2021-06-07T12:24:39","slug":"amirol-senki-nem-beszel-a-klipszes-cipok-titkai","status":"publish","type":"post","link":"https:\/\/www.welovecycling.com\/hu\/orszaguti-kerekpar\/amirol-senki-nem-beszel-a-klipszes-cipok-titkai\/","title":{"rendered":"Amir\u0151l senki nem besz\u00e9l: A stoplis cip\u0151k titkai"},"content":{"rendered":"<p><strong>Sokszor m\u00e9g a tapasztalt ker\u00e9kp\u00e1rosok is tartanak a gondolatt\u00f3l, hogy stoplis cip\u0151t viseljenek. \u201eM\u00e9gis hogy \u00e9rted, hogy a l\u00e1bad a ped\u00e1lokhoz van r\u00f6gz\u00edtve? Meg\u0151r\u00fclt\u00e9l?\u201c Biciklisk\u00e9nt k\u00e9sz vagyok elfogadni, hogy kicsit \u0151r\u00fclt vagyok, de hadd nyugtassalak meg titeket: nincs semmi \u0151r\u00fclts\u00e9g a stoplikban. Engedd meg, hogy megosszak velek n\u00e9h\u00e1ny titkot\u2026<\/strong><\/p>\n<p><!--more--><\/p>\n<h2><strong>Baleset eset\u00e9n automatikusan lev\u00e1lnak a biciklir\u0151l<\/strong><\/h2>\n<p>Hajland\u00f3 vagyok nagy p\u00e9nzben fogadni arra, hogy azokkal, akik m\u00e9g soha nem viseltek stoplis cip\u0151t, m\u00e1r t\u00f6rt\u00e9nt valamilyen baleset bicikliz\u00e9s k\u00f6zben. Rossz sz\u00f6gben k\u00f6zel\u00edtett\u00e9k meg a j\u00e1rdaszeg\u00e9lyt, t\u00fal gyorsan kanyarodtak, leeresztett az egyik ker\u00e9k: teh\u00e1t a balesetek nem kifejezetten csak azokkal t\u00f6rt\u00e9nnek, akik stoplis cip\u0151t viselnek. De persze ez a t\u00e9ny m\u00e9g nem el\u00e9g, ahhoz, hogy ne agg\u00f3dj emiatt.<\/p>\n<lite-youtube videoid=JFuAr_Ogbg0 params=\"enablejsapi=1\" style=\"background-image: url('https:\/\/i.ytimg.com\/vi_webp\/JFuAr_Ogbg0\/maxresdefault.webp');\"><\/lite-youtube>\n<p>Az ehhez hasonl\u00f3 vide\u00f3kb\u00f3l azt veheted \u00e9szre, hogy az emberek akkor esnek el stoplis cip\u0151ben, amikor meg\u00e1llnak \u00e9s elfelejtik lekapcsolni. Ironikus m\u00f3don, mikor zuhanni kezdenek, a var\u00e1zslatos kapcsokban elhelyezett anti-clip lehet\u0151v\u00e9 teszi, hogy a l\u00e1buk lev\u00e1ljon a biciklir\u0151l, gyakran m\u00e9g azel\u0151tt, hogy f\u00f6ldet \u00e9rn\u00e9nek!<\/p>\n<h2><strong>S\u00e9t\u00e1lhatsz benn\u00fck<\/strong><\/h2>\n<p>Nem el\u00e9g, hogy s\u00e9t\u00e1lhatsz benn\u00fck, de a stopliv\u00e9d\u0151lnek k\u00f6sz\u00f6nhet\u0151en ezt a lehet\u0151 legnagyobb m\u00e9lt\u00f3s\u00e1ggal teheted meg. N\u00e9zd meg ezt a vide\u00f3t, ami bemutatja, hogy kell feltenni ezeket. Cs\u00fasz\u00e1sg\u00e1tl\u00f3 gumib\u00f3l k\u00e9sz\u00fclnek, biztos\u00edtj\u00e1k a s\u00edk fel\u00fclelet, \u00edgy k\u00e9nyelmesen tudsz j\u00e1rni rajtuk.<\/p>\n<lite-youtube videoid=339S1OXDFso params=\"enablejsapi=1\" style=\"background-image: url('https:\/\/i.ytimg.com\/vi_webp\/339S1OXDFso\/maxresdefault.webp');\"><\/lite-youtube>\n<p>B\u00e1r val\u00f3sz\u00edn\u0171leg nem szeretn\u00e9l nagy t\u00far\u00e1kra indulni vel\u00fck, kevesebb az es\u00e9ly, hogy kimegy a bok\u00e1d \u00e9s nem helyezel olyan nagy s\u00falyt a l\u00e1bujjakra. Emellett v\u00e9dik a stoplit a kop\u00e1st\u00f3l.<\/p>\n<h2><strong>A stoplis cip\u0151k j\u00f3t tesznek a ment\u00e1lis eg\u00e9szs\u00e9gednek<\/strong><\/h2>\n<p>Van m\u00e9g egy v\u00e1ratlan mell\u00e9khat\u00e1sa a stopliknak, amin a legt\u00f6bben meglep\u0151dnek. Arra k\u00e9nyszer\u00edtenek, hogy egy poz\u00edci\u00f3 mellett k\u00f6telezd el magad \u00e9s a hely\u00e9n tartsd a l\u00e1bad. \u00cdme egy hasznos \u00fatmutat\u00f3, amit \u00e9rdemes megn\u00e9zned err\u0151l:<\/p>\n<lite-youtube videoid=OPASHllkqJM params=\"enablejsapi=1\" style=\"background-image: url('https:\/\/i.ytimg.com\/vi_webp\/OPASHllkqJM\/maxresdefault.webp');\"><\/lite-youtube>\n<p>Term\u00e9szetesen bele fog telni egy kis id\u0151be, hogy megtal\u00e1ld a t\u00f6k\u00e9letes poz\u00edci\u00f3t, de amikor v\u00e9gre siker\u00fcl: \u00f3, istenem. Szinte rep\u00fclni fogsz. A hossz\u00fa utak k\u00f6nny\u0171nek t\u0171nnek, az emelked\u0151k \u00f6r\u00f6met okoznak \u00e9s a c\u00e9l minden eddigin\u00e9l k\u00f6zelebb lesz. A stoplik legnagyobb titka, hogy megk\u00f6nny\u00edtik az \u00e9leted. Meg\u00e9rnek egy pr\u00f3b\u00e1t!<\/p>\n","protected":false},"excerpt":{"rendered":"<p>Sokszor m\u00e9g a tapasztalt ker\u00e9kp\u00e1rosok is tartanak a gondolatt\u00f3l, hogy stoplis cip\u0151t viseljenek. \u201eM\u00e9gis hogy \u00e9rted, hogy a l\u00e1bad a [&hellip;]<\/p>\n","protected":false},"author":71,"featured_media":11656,"comment_status":"closed","ping_status":"closed","sticky":false,"template":"","format":"standard","meta":{"footnotes":""},"categories":[8],"tags":[],"global-categories":[],"class_list":["post-11652","post","type-post","status-publish","format-standard","has-post-thumbnail","hentry","category-orszaguti-kerekpar"],"yoast_head":"<!-- This site is optimized with the Yoast SEO Premium plugin v25.3 (Yoast SEO v25.9) - https:\/\/yoast.com\/wordpress\/plugins\/seo\/ -->\n<title>Amir\u0151l senki nem besz\u00e9l: A stoplis cip\u0151k titkai - We Love Cycling<\/title>\n<meta name=\"description\" content=\"Sokszor m\u00e9g a tapasztalt ker\u00e9kp\u00e1rosok is tartanak a gondolatt\u00f3l, hogystoplis cip\u0151t viseljenek. \u201eM\u00e9gis hogy \u00e9rted, hogy a l\u00e1bad a ped\u00e1lokhoz van r\u00f6gz\u00edtve? Meg\u0151r\u00fclt\u00e9l?\u201c\" \/>\n<meta name=\"robots\" content=\"index, follow, max-snippet:-1, max-image-preview:large, max-video-preview:-1\" \/>\n<link rel=\"canonical\" href=\"https:\/\/www.welovecycling.com\/hu\/orszaguti-kerekpar\/amirol-senki-nem-beszel-a-klipszes-cipok-titkai\/\" \/>\n<meta property=\"og:locale\" content=\"hu_HU\" \/>\n<meta property=\"og:type\" content=\"article\" \/>\n<meta property=\"og:title\" content=\"Amir\u0151l senki nem besz\u00e9l: A stoplis cip\u0151k titkai\" \/>\n<meta property=\"og:description\" content=\"Sokszor m\u00e9g a tapasztalt ker\u00e9kp\u00e1rosok is tartanak a gondolatt\u00f3l, hogystoplis cip\u0151t viseljenek. \u201eM\u00e9gis hogy \u00e9rted, hogy a l\u00e1bad a ped\u00e1lokhoz van r\u00f6gz\u00edtve? Meg\u0151r\u00fclt\u00e9l?\u201c\" \/>\n<meta property=\"og:url\" content=\"https:\/\/www.welovecycling.com\/hu\/orszaguti-kerekpar\/amirol-senki-nem-beszel-a-klipszes-cipok-titkai\/\" \/>\n<meta property=\"og:site_name\" content=\"\u0160koda We Love Cycling - Magyarorsz\u00e1g\" \/>\n<meta property=\"article:publisher\" content=\"https:\/\/www.facebook.com\/WeLoveCyclingHungary\/\" \/>\n<meta property=\"article:published_time\" content=\"2021-06-07T06:00:54+00:00\" \/>\n<meta property=\"article:modified_time\" content=\"2021-06-07T12:24:39+00:00\" \/>\n<meta property=\"og:image\" content=\"https:\/\/d2p6e6u75xmxt8.cloudfront.net\/12\/2021\/06\/Cycling-cleats-profimedia-0526040603-CVR.jpg\" \/>\n\t<meta property=\"og:image:width\" content=\"1366\" \/>\n\t<meta property=\"og:image:height\" content=\"600\" \/>\n\t<meta property=\"og:image:type\" content=\"image\/jpeg\" \/>\n<meta name=\"author\" content=\"hegyizs\" \/>\n<meta name=\"twitter:card\" content=\"summary_large_image\" \/>\n<meta name=\"twitter:label1\" content=\"Written by\" \/>\n\t<meta name=\"twitter:data1\" content=\"Christopher Ashley\" \/>\n\t<meta name=\"twitter:label2\" content=\"Est. reading time\" \/>\n\t<meta name=\"twitter:data2\" content=\"5\" \/>\n<script type=\"application\/ld+json\" class=\"yoast-schema-graph\">{\"@context\":\"https:\/\/schema.org\",\"@graph\":[{\"@type\":\"WebPage\",\"@id\":\"https:\/\/www.welovecycling.com\/hu\/orszaguti-kerekpar\/amirol-senki-nem-beszel-a-klipszes-cipok-titkai\/\",\"url\":\"https:\/\/www.welovecycling.com\/hu\/orszaguti-kerekpar\/amirol-senki-nem-beszel-a-klipszes-cipok-titkai\/\",\"name\":\"Amir\u0151l senki nem besz\u00e9l: A stoplis cip\u0151k titkai - We Love Cycling\",\"isPartOf\":{\"@id\":\"https:\/\/www.welovecycling.com\/hu\/#website\"},\"primaryImageOfPage\":{\"@id\":\"https:\/\/www.welovecycling.com\/hu\/orszaguti-kerekpar\/amirol-senki-nem-beszel-a-klipszes-cipok-titkai\/#primaryimage\"},\"image\":{\"@id\":\"https:\/\/www.welovecycling.com\/hu\/orszaguti-kerekpar\/amirol-senki-nem-beszel-a-klipszes-cipok-titkai\/#primaryimage\"},\"thumbnailUrl\":\"https:\/\/d2p6e6u75xmxt8.cloudfront.net\/12\/2021\/06\/Cycling-cleats-profimedia-0526040603-CVR.jpg\",\"datePublished\":\"2021-06-07T06:00:54+00:00\",\"dateModified\":\"2021-06-07T12:24:39+00:00\",\"author\":{\"@id\":\"https:\/\/www.welovecycling.com\/hu\/#\/schema\/person\/414a2aebf1801691a5320edb6468e194\"},\"description\":\"Sokszor m\u00e9g a tapasztalt ker\u00e9kp\u00e1rosok is tartanak a gondolatt\u00f3l, hogystoplis cip\u0151t viseljenek. \u201eM\u00e9gis hogy \u00e9rted, hogy a l\u00e1bad a ped\u00e1lokhoz van r\u00f6gz\u00edtve? Meg\u0151r\u00fclt\u00e9l?\u201c\",\"breadcrumb\":{\"@id\":\"https:\/\/www.welovecycling.com\/hu\/orszaguti-kerekpar\/amirol-senki-nem-beszel-a-klipszes-cipok-titkai\/#breadcrumb\"},\"inLanguage\":\"hu\",\"potentialAction\":[{\"@type\":\"ReadAction\",\"target\":[\"https:\/\/www.welovecycling.com\/hu\/orszaguti-kerekpar\/amirol-senki-nem-beszel-a-klipszes-cipok-titkai\/\"]}]},{\"@type\":\"ImageObject\",\"inLanguage\":\"hu\",\"@id\":\"https:\/\/www.welovecycling.com\/hu\/orszaguti-kerekpar\/amirol-senki-nem-beszel-a-klipszes-cipok-titkai\/#primaryimage\",\"url\":\"https:\/\/d2p6e6u75xmxt8.cloudfront.net\/12\/2021\/06\/Cycling-cleats-profimedia-0526040603-CVR.jpg\",\"contentUrl\":\"https:\/\/d2p6e6u75xmxt8.cloudfront.net\/12\/2021\/06\/Cycling-cleats-profimedia-0526040603-CVR.jpg\",\"width\":1366,\"height\":600,\"caption\":\"Cycling cleats\"},{\"@type\":\"BreadcrumbList\",\"@id\":\"https:\/\/www.welovecycling.com\/hu\/orszaguti-kerekpar\/amirol-senki-nem-beszel-a-klipszes-cipok-titkai\/#breadcrumb\",\"itemListElement\":[{\"@type\":\"ListItem\",\"position\":1,\"name\":\"Home\",\"item\":\"https:\/\/www.welovecycling.com\/hu\/\"},{\"@type\":\"ListItem\",\"position\":2,\"name\":\"Amir\u0151l senki nem besz\u00e9l: A stoplis cip\u0151k titkai\"}]},{\"@type\":\"WebSite\",\"@id\":\"https:\/\/www.welovecycling.com\/hu\/#website\",\"url\":\"https:\/\/www.welovecycling.com\/hu\/\",\"name\":\"\u0160koda We Love Cycling - Magyarorsz\u00e1g\",\"description\":\"\u0160koda WeLoveCycling\",\"potentialAction\":[{\"@type\":\"SearchAction\",\"target\":{\"@type\":\"EntryPoint\",\"urlTemplate\":\"https:\/\/www.welovecycling.com\/hu\/?s={search_term_string}\"},\"query-input\":{\"@type\":\"PropertyValueSpecification\",\"valueRequired\":true,\"valueName\":\"search_term_string\"}}],\"inLanguage\":\"hu\"},{\"@type\":\"Person\",\"@id\":\"https:\/\/www.welovecycling.com\/hu\/#\/schema\/person\/414a2aebf1801691a5320edb6468e194\",\"name\":\"hegyizs\",\"image\":{\"@type\":\"ImageObject\",\"inLanguage\":\"hu\",\"@id\":\"https:\/\/www.welovecycling.com\/hu\/#\/schema\/person\/image\/\",\"url\":\"https:\/\/secure.gravatar.com\/avatar\/02cf8a7906b8cf90cecb4679defac7cfd33a1c2e3b88e4903d947f3bb58eedd3?s=96&d=mm&r=g\",\"contentUrl\":\"https:\/\/secure.gravatar.com\/avatar\/02cf8a7906b8cf90cecb4679defac7cfd33a1c2e3b88e4903d947f3bb58eedd3?s=96&d=mm&r=g\",\"caption\":\"hegyizs\"},\"url\":\"https:\/\/www.welovecycling.com\/hu\/author\/hegyizs\/\"}]}<\/script>\n<!-- \/ Yoast SEO Premium plugin. -->","yoast_head_json":{"title":"Amir\u0151l senki nem besz\u00e9l: A stoplis cip\u0151k titkai - We Love Cycling","description":"Sokszor m\u00e9g a tapasztalt ker\u00e9kp\u00e1rosok is tartanak a gondolatt\u00f3l, hogystoplis cip\u0151t viseljenek. \u201eM\u00e9gis hogy \u00e9rted, hogy a l\u00e1bad a ped\u00e1lokhoz van r\u00f6gz\u00edtve? Meg\u0151r\u00fclt\u00e9l?\u201c","robots":{"index":"index","follow":"follow","max-snippet":"max-snippet:-1","max-image-preview":"max-image-preview:large","max-video-preview":"max-video-preview:-1"},"canonical":"https:\/\/www.welovecycling.com\/hu\/orszaguti-kerekpar\/amirol-senki-nem-beszel-a-klipszes-cipok-titkai\/","og_locale":"hu_HU","og_type":"article","og_title":"Amir\u0151l senki nem besz\u00e9l: A stoplis cip\u0151k titkai","og_description":"Sokszor m\u00e9g a tapasztalt ker\u00e9kp\u00e1rosok is tartanak a gondolatt\u00f3l, hogystoplis cip\u0151t viseljenek. \u201eM\u00e9gis hogy \u00e9rted, hogy a l\u00e1bad a ped\u00e1lokhoz van r\u00f6gz\u00edtve? Meg\u0151r\u00fclt\u00e9l?\u201c","og_url":"https:\/\/www.welovecycling.com\/hu\/orszaguti-kerekpar\/amirol-senki-nem-beszel-a-klipszes-cipok-titkai\/","og_site_name":"\u0160koda We Love Cycling - Magyarorsz\u00e1g","article_publisher":"https:\/\/www.facebook.com\/WeLoveCyclingHungary\/","article_published_time":"2021-06-07T06:00:54+00:00","article_modified_time":"2021-06-07T12:24:39+00:00","og_image":[{"width":1366,"height":600,"url":"https:\/\/d2p6e6u75xmxt8.cloudfront.net\/12\/2021\/06\/Cycling-cleats-profimedia-0526040603-CVR.jpg","type":"image\/jpeg"}],"author":"hegyizs","twitter_card":"summary_large_image","twitter_misc":{"Written by":"Christopher Ashley","Est. reading time":"5"},"schema":{"@context":"https:\/\/schema.org","@graph":[{"@type":"WebPage","@id":"https:\/\/www.welovecycling.com\/hu\/orszaguti-kerekpar\/amirol-senki-nem-beszel-a-klipszes-cipok-titkai\/","url":"https:\/\/www.welovecycling.com\/hu\/orszaguti-kerekpar\/amirol-senki-nem-beszel-a-klipszes-cipok-titkai\/","name":"Amir\u0151l senki nem besz\u00e9l: A stoplis cip\u0151k titkai - We Love Cycling","isPartOf":{"@id":"https:\/\/www.welovecycling.com\/hu\/#website"},"primaryImageOfPage":{"@id":"https:\/\/www.welovecycling.com\/hu\/orszaguti-kerekpar\/amirol-senki-nem-beszel-a-klipszes-cipok-titkai\/#primaryimage"},"image":{"@id":"https:\/\/www.welovecycling.com\/hu\/orszaguti-kerekpar\/amirol-senki-nem-beszel-a-klipszes-cipok-titkai\/#primaryimage"},"thumbnailUrl":"https:\/\/d2p6e6u75xmxt8.cloudfront.net\/12\/2021\/06\/Cycling-cleats-profimedia-0526040603-CVR.jpg","datePublished":"2021-06-07T06:00:54+00:00","dateModified":"2021-06-07T12:24:39+00:00","author":{"@id":"https:\/\/www.welovecycling.com\/hu\/#\/schema\/person\/414a2aebf1801691a5320edb6468e194"},"description":"Sokszor m\u00e9g a tapasztalt ker\u00e9kp\u00e1rosok is tartanak a gondolatt\u00f3l, hogystoplis cip\u0151t viseljenek. \u201eM\u00e9gis hogy \u00e9rted, hogy a l\u00e1bad a ped\u00e1lokhoz van r\u00f6gz\u00edtve? Meg\u0151r\u00fclt\u00e9l?\u201c","breadcrumb":{"@id":"https:\/\/www.welovecycling.com\/hu\/orszaguti-kerekpar\/amirol-senki-nem-beszel-a-klipszes-cipok-titkai\/#breadcrumb"},"inLanguage":"hu","potentialAction":[{"@type":"ReadAction","target":["https:\/\/www.welovecycling.com\/hu\/orszaguti-kerekpar\/amirol-senki-nem-beszel-a-klipszes-cipok-titkai\/"]}]},{"@type":"ImageObject","inLanguage":"hu","@id":"https:\/\/www.welovecycling.com\/hu\/orszaguti-kerekpar\/amirol-senki-nem-beszel-a-klipszes-cipok-titkai\/#primaryimage","url":"https:\/\/d2p6e6u75xmxt8.cloudfront.net\/12\/2021\/06\/Cycling-cleats-profimedia-0526040603-CVR.jpg","contentUrl":"https:\/\/d2p6e6u75xmxt8.cloudfront.net\/12\/2021\/06\/Cycling-cleats-profimedia-0526040603-CVR.jpg","width":1366,"height":600,"caption":"Cycling cleats"},{"@type":"BreadcrumbList","@id":"https:\/\/www.welovecycling.com\/hu\/orszaguti-kerekpar\/amirol-senki-nem-beszel-a-klipszes-cipok-titkai\/#breadcrumb","itemListElement":[{"@type":"ListItem","position":1,"name":"Home","item":"https:\/\/www.welovecycling.com\/hu\/"},{"@type":"ListItem","position":2,"name":"Amir\u0151l senki nem besz\u00e9l: A stoplis cip\u0151k titkai"}]},{"@type":"WebSite","@id":"https:\/\/www.welovecycling.com\/hu\/#website","url":"https:\/\/www.welovecycling.com\/hu\/","name":"\u0160koda We Love Cycling - Magyarorsz\u00e1g","description":"\u0160koda WeLoveCycling","potentialAction":[{"@type":"SearchAction","target":{"@type":"EntryPoint","urlTemplate":"https:\/\/www.welovecycling.com\/hu\/?s={search_term_string}"},"query-input":{"@type":"PropertyValueSpecification","valueRequired":true,"valueName":"search_term_string"}}],"inLanguage":"hu"},{"@type":"Person","@id":"https:\/\/www.welovecycling.com\/hu\/#\/schema\/person\/414a2aebf1801691a5320edb6468e194","name":"hegyizs","image":{"@type":"ImageObject","inLanguage":"hu","@id":"https:\/\/www.welovecycling.com\/hu\/#\/schema\/person\/image\/","url":"https:\/\/secure.gravatar.com\/avatar\/02cf8a7906b8cf90cecb4679defac7cfd33a1c2e3b88e4903d947f3bb58eedd3?s=96&d=mm&r=g","contentUrl":"https:\/\/secure.gravatar.com\/avatar\/02cf8a7906b8cf90cecb4679defac7cfd33a1c2e3b88e4903d947f3bb58eedd3?s=96&d=mm&r=g","caption":"hegyizs"},"url":"https:\/\/www.welovecycling.com\/hu\/author\/hegyizs\/"}]}},"_links":{"self":[{"href":"https:\/\/www.welovecycling.com\/hu\/wp-json\/wp\/v2\/posts\/11652","targetHints":{"allow":["GET"]}}],"collection":[{"href":"https:\/\/www.welovecycling.com\/hu\/wp-json\/wp\/v2\/posts"}],"about":[{"href":"https:\/\/www.welovecycling.com\/hu\/wp-json\/wp\/v2\/types\/post"}],"author":[{"embeddable":true,"href":"https:\/\/www.welovecycling.com\/hu\/wp-json\/wp\/v2\/users\/71"}],"replies":[{"embeddable":true,"href":"https:\/\/www.welovecycling.com\/hu\/wp-json\/wp\/v2\/comments?post=11652"}],"version-history":[{"count":2,"href":"https:\/\/www.welovecycling.com\/hu\/wp-json\/wp\/v2\/posts\/11652\/revisions"}],"predecessor-version":[{"id":11681,"href":"https:\/\/www.welovecycling.com\/hu\/wp-json\/wp\/v2\/posts\/11652\/revisions\/11681"}],"wp:featuredmedia":[{"embeddable":true,"href":"https:\/\/www.welovecycling.com\/hu\/wp-json\/wp\/v2\/media\/11656"}],"wp:attachment":[{"href":"https:\/\/www.welovecycling.com\/hu\/wp-json\/wp\/v2\/media?parent=11652"}],"wp:term":[{"taxonomy":"category","embeddable":true,"href":"https:\/\/www.welovecycling.com\/hu\/wp-json\/wp\/v2\/categories?post=11652"},{"taxonomy":"post_tag","embeddable":true,"href":"https:\/\/www.welovecycling.com\/hu\/wp-json\/wp\/v2\/tags?post=11652"},{"taxonomy":"global-categories","embeddable":true,"href":"https:\/\/www.welovecycling.com\/hu\/wp-json\/wp\/v2\/global-categories?post=11652"}],"curies":[{"name":"wp","href":"https:\/\/api.w.org\/{rel}","templated":true}]}}