{"id":11642,"date":"2021-06-09T08:00:24","date_gmt":"2021-06-09T06:00:24","guid":{"rendered":"https:\/\/www.welovecycling.com\/hu\/?p=11642"},"modified":"2021-06-04T15:05:04","modified_gmt":"2021-06-04T13:05:04","slug":"csokkenti-a-korai-halalozas-kockazatat-ha-fozol-magadra","status":"publish","type":"post","link":"https:\/\/www.welovecycling.com\/hu\/edzes-es-eletmod\/csokkenti-a-korai-halalozas-kockazatat-ha-fozol-magadra\/","title":{"rendered":"Cs\u00f6kkenti a korai hal\u00e1loz\u00e1s kock\u00e1zat\u00e1t, ha f\u0151z\u00f6l magadra"},"content":{"rendered":"<p><strong>Ha otthon f\u0151z\u00fcnk p\u00e9nzt takar\u00edtunk meg \u00f6sszehozzuk a csal\u00e1dot. \u00daj kutat\u00e1sok szerint sokkal eg\u00e9szs\u00e9gesebb, mint rendszeresen \u00e9tteremben \u00e9tkezni. Vizsg\u00e1ljuk meg k\u00f6zelebbr\u0151l, hogyan hozhatjuk ki a legt\u00f6bbet az otthoni f\u0151z\u00e9sb\u0151l \u00e9s hogyan b\u0151v\u00edthetj\u00fck a lehet\u0151s\u00e9geinket a szabadban t\u00f6rt\u00e9n\u0151 \u00e9tkez\u00e9sek sor\u00e1n!<\/strong><\/p>\n<p><!--more--><\/p>\n<h2><strong>\u00c9tkezd\u00e9ben enni \u00e1ltal\u00e1ban kev\u00e9sb\u00e9 t\u00e1pl\u00e1l\u00f3<\/strong><\/h2>\n<p>Egyre divatosabb elmenni valahova enni, az otthonon k\u00edv\u00fcli \u00e9tkez\u00e9sek ar\u00e1nya az 1970-es \u00e9vek \u00f3ta nagyj\u00e1b\u00f3l megdupl\u00e1z\u00f3dott. Azonban annak ellen\u00e9re, hogy egyes \u00e9ttermek sz\u00e9les v\u00e1laszt\u00e9kot k\u00edn\u00e1lnak, a h\u00e1zon k\u00edv\u00fcli \u2013 k\u00fcl\u00f6n\u00f6sen a gyors\u00e9ttereml\u00e1ncokn\u00e1l fellelhet\u0151 \u2013 \u00e9telek min\u0151s\u00e9ge \u00e1ltal\u00e1ban alacsonyabb, mint az otthon elk\u00e9sz\u00edtett \u00e9telek\u00e9. Jellemz\u0151en magas kal\u00f3ria-, zs\u00edr- \u00e9s n\u00e1triumtartalm\u00faak, ellenben kev\u00e9s gy\u00fcm\u00f6lcs\u00f6t, z\u00f6lds\u00e9get, teljes ki\u0151rl\u00e9s\u0171 gabon\u00e1t, rostot \u00e9s antioxid\u00e1nst tartalmaznak.<\/p>\n<p><em>\u201eAz \u00faj bizony\u00edt\u00e9kok arra utalnak, hogy gyakran esz\u00fcnk k\u00e9sz \u00e9telt, az n\u00f6veli az elh\u00edz\u00e1s \u00e9s a cukorbetegs\u00e9g kock\u00e1zat\u00e1t. Azonban m\u00e9g nem tudunk eleget arr\u00f3l, pontosan milyen \u00f6sszef\u00fcgg\u00e9s van a h\u00e1zon k\u00edv\u00fcli \u00e9tkez\u00e9s \u00e9s a hal\u00e1loz\u00e1si kock\u00e1zat k\u00f6z\u00f6tt\u201d-<\/em> mondta Dr. Wei Bao, a kutat\u00e1s vezet\u0151je.<\/p>\n<figure id=\"attachment_11643\" aria-describedby=\"caption-attachment-11643\" style=\"width: 1000px\" class=\"wp-caption alignnone\"><a href=\"https:\/\/d2p6e6u75xmxt8.cloudfront.net\/12\/2021\/06\/Steak-and-salad-profimedia-0611328048.jpg\"><img loading=\"lazy\" decoding=\"async\" class=\"wp-image-11643 size-full\" src=\"https:\/\/d2p6e6u75xmxt8.cloudfront.net\/12\/2021\/06\/Steak-and-salad-profimedia-0611328048.jpg\" alt=\"Steak and salad\" width=\"1000\" height=\"667\" srcset=\"https:\/\/d2p6e6u75xmxt8.cloudfront.net\/12\/2021\/06\/Steak-and-salad-profimedia-0611328048.jpg 1000w, https:\/\/d2p6e6u75xmxt8.cloudfront.net\/12\/2021\/06\/Steak-and-salad-profimedia-0611328048-300x200.jpg 300w, https:\/\/d2p6e6u75xmxt8.cloudfront.net\/12\/2021\/06\/Steak-and-salad-profimedia-0611328048-768x512.jpg 768w, https:\/\/d2p6e6u75xmxt8.cloudfront.net\/12\/2021\/06\/Steak-and-salad-profimedia-0611328048-272x182.jpg 272w\" sizes=\"auto, (max-width: 1000px) 100vw, 1000px\" \/><\/a><figcaption id=\"caption-attachment-11643\" class=\"wp-caption-text\"><em>A h\u00e1zon k\u00edv\u00fcli \u00e9tkez\u00e9sek \u00e1ltal\u00e1ban kal\u00f3riad\u00fasabbak, zs\u00edrosabbak \u00e9s n\u00e1triumban gazdagabbak. \u00a9 Profimedia<\/em><\/figcaption><\/figure>\n<p>Az Iowai Egyetem kutat\u00f3i \u00fagy d\u00f6nt\u00f6ttek, megvizsg\u00e1lj\u00e1k, hogy az \u00e9ttermi \u00e9telek alacsonyabb \u00e1tlagos min\u0151s\u00e9ge befoly\u00e1solja-e az eg\u00e9szs\u00e9get \u00e9s a hal\u00e1loz\u00e1si ar\u00e1nyt. T\u00f6bb mint 35 000 feln\u0151tt adatait elemezt\u00e9k, amelyek felt\u00e1rt\u00e1k a t\u00e1pl\u00e1lkoz\u00e1si szok\u00e1sokat, bele\u00e9rtve az otthonon k\u00edv\u00fcli \u00e9tkez\u00e9sek gyakoris\u00e1g\u00e1t is. Az adatokat \u00f6sszevetett\u00e9k a hal\u00e1loz\u00e1si nyilv\u00e1ntart\u00e1sokkal, k\u00fcl\u00f6n\u00f6s tekintettel a kardiovaszkul\u00e1ris \u00e9s a r\u00e1k okozta hal\u00e1loz\u00e1sokra.<\/p>\n<h2><strong>Az otthon k\u00e9sz\u00edtett \u00e9telek nagy r\u00e9sze eg\u00e9szs\u00e9gesebb<\/strong><\/h2>\n<p>A kutat\u00f3k \u00e9letkor, nem, etnikai hovatartoz\u00e1s, t\u00e1rsadalmi-gazdas\u00e1gi helyzet, \u00e9trend-\u00e9s \u00e9letm\u00f3dbeli t\u00e9nyez\u0151k, valamint testt\u00f6meg-index alapj\u00e1n eg\u00e9sz\u00edtett\u00e9k ki az eredm\u00e9nyeket, hogy tiszt\u00e1bb k\u00e9pet kapjanak. Meg\u00e1llap\u00edtott\u00e1k, hogy azon r\u00e9sztvev\u0151k eset\u00e9ben, akik napi 2 vagy t\u00f6bb \u00e9tkez\u00e9st ejtettek meg az otthonukon k\u00edv\u00fcl, sokkal nagyobb volt a hal\u00e1loz\u00e1s kock\u00e1zata, mint azok eset\u00e9ben, akik hetente csak egyszer tett\u00e9k ezt:<\/p>\n<ul>\n<li>49% -kal magasabb a b\u00e1rmilyen okb\u00f3l bek\u00f6vetkez\u0151 hal\u00e1loz\u00e1s kock\u00e1zata<\/li>\n<li>18% -kal magasabb a kardiovaszkul\u00e1ris hal\u00e1loz\u00e1s kock\u00e1zata<\/li>\n<li>67% -kal magasabb a r\u00e1k okozta hal\u00e1loz\u00e1s kock\u00e1zata<\/li>\n<\/ul>\n<p><em>&#8220;Az amerikai feln\u0151ttek orsz\u00e1gos reprezentat\u00edv mint\u00e1j\u00e1nak eredm\u00e9nyei azt mutatj\u00e1k, hogy a h\u00e1zon k\u00edv\u00fcl k\u00e9sz\u00edtett \u00e9telek gyakori fogyaszt\u00e1sa jelent\u0151sen \u00f6sszef\u00fcgg a b\u00e1rmilyen okb\u00f3l bek\u00f6vetkez\u0151 hal\u00e1loz\u00e1s fokozott kock\u00e1zat\u00e1val&#8221;<\/em> &#8211; mondta Dr. Du, a tanulm\u00e1ny f\u0151 szerz\u0151je. <em>\u201eA tanuls\u00e1g teh\u00e1t az, hogy a h\u00e1zon k\u00edv\u00fcl k\u00e9sz\u00edtett \u00e9telek gyakori fogyaszt\u00e1sa nem biztos, hogy eg\u00e9szs\u00e9ges szok\u00e1s. Ehelyett arra kell \u00f6szt\u00f6n\u00f6zni az embereket, hogy t\u00f6bb \u00e9telt k\u00e9sz\u00edtsenek el otthon\u201d<\/em>&#8211; \u00f6sszegezt\u00e9k a kutat\u00f3k.<\/p>\n<figure id=\"attachment_11644\" aria-describedby=\"caption-attachment-11644\" style=\"width: 1000px\" class=\"wp-caption alignnone\"><a href=\"https:\/\/d2p6e6u75xmxt8.cloudfront.net\/12\/2021\/06\/Mexican-traditional-food-profimedia-0611892519.jpg\"><img loading=\"lazy\" decoding=\"async\" class=\"wp-image-11644 size-full\" src=\"https:\/\/d2p6e6u75xmxt8.cloudfront.net\/12\/2021\/06\/Mexican-traditional-food-profimedia-0611892519.jpg\" alt=\"Homemade Mexican meal\" width=\"1000\" height=\"750\" srcset=\"https:\/\/d2p6e6u75xmxt8.cloudfront.net\/12\/2021\/06\/Mexican-traditional-food-profimedia-0611892519.jpg 1000w, https:\/\/d2p6e6u75xmxt8.cloudfront.net\/12\/2021\/06\/Mexican-traditional-food-profimedia-0611892519-300x225.jpg 300w, https:\/\/d2p6e6u75xmxt8.cloudfront.net\/12\/2021\/06\/Mexican-traditional-food-profimedia-0611892519-768x576.jpg 768w\" sizes=\"auto, (max-width: 1000px) 100vw, 1000px\" \/><\/a><figcaption id=\"caption-attachment-11644\" class=\"wp-caption-text\"><em>N\u00e9gy f\u0151 oka van annak, ha az emberek felhagynak \u00e9trendj\u00fckkel. Hi\u00e1nyzik a tervez\u00e9si f\u00e1zis, rosszul t\u0171zik ki c\u00e9ljaikat, nincs megfelel\u0151 t\u00e1mogat\u00e1suk, vagy nem tudj\u00e1k, hogyan lehet kil\u00e1balni a kudarcokb\u00f3l. \u00a9 Profimedia<\/em><\/figcaption><\/figure>\n<h2><strong>Ha nem otthon eszel, v\u00e1lassz valami eg\u00e9szs\u00e9gesebbet<\/strong><\/h2>\n<p>A tanulm\u00e1ny szerz\u0151i azt is megeml\u00edtett\u00e9k, hogy cs\u00f6kkentheti a negat\u00edv hat\u00e1sokat, ha eg\u00e9szs\u00e9gesebb \u00e9teleket v\u00e1lasztunk az otthonon k\u00edv\u00fcli \u00e9tkez\u00e9sek sor\u00e1n. A probl\u00e9ma csak az, hogy az emberek t\u00f6bbs\u00e9ge nem \u00edgy tesz az \u00e9ttermekben.<\/p>\n<p><em>\u201eFontos megjegyezni, hogy ez a kutat\u00e1s az \u00f6sszef\u00fcgg\u00e9seket vizsg\u00e1lja az otthonon k\u00edv\u00fcli \u00e9tkez\u00e9sek gyakoris\u00e1ga \u00e9s a hal\u00e1loz\u00e1s k\u00f6z\u00f6tt. Mik\u00f6zben arra \u00f6szt\u00f6nzik az \u00fcgyfeleiket, hogy fontolj\u00e1k meg az eg\u00e9szs\u00e9ges \u00e9telek otthoni elk\u00e9sz\u00edt\u00e9s\u00e9t, a t\u00e1pl\u00e1lkoz\u00e1si szakemberek arra is \u00f6sszpontos\u00edthatn\u00e1nak, hogy az \u00e9ttermi men\u00fck v\u00e1laszt\u00e9kai hogyan lehetn\u00e9nek eg\u00e9szs\u00e9gesebbek. A strat\u00e9gi\u00e1k szem\u00e9lyre szab\u00e1s\u00e1val \u00e9s az \u00fcgyfeleik \u00e1ltal gyakran l\u00e1togatott \u00e9ttermek \u00e9tlapjainak \u00e1ttekint\u00e9s\u00e9vel seg\u00edthetnek nekik az eg\u00e9szs\u00e9ges \u00e9telv\u00e1laszt\u00e1sban\u201d- <\/em>tette hozz\u00e1 Dr. Linda G. Snetselaar, t\u00e1rskutat\u00f3.<\/p>\n<p>N\u00e9h\u00e1ny egyszer\u0171 szab\u00e1ly betart\u00e1s\u00e1val jav\u00edthatod \u00e9tkez\u00e9si szok\u00e1saidat.<\/p>\n<ul>\n<li>Rendelj vizet cukros \u00fcd\u00edt\u0151 helyett<\/li>\n<li>K\u00e9rj egy sal\u00e1t\u00e1t is a f\u0151 fog\u00e1sod mell\u00e9<\/li>\n<li>V\u00e1lassz olyan t\u00e1pl\u00e1l\u00f3 \u00e9telt, amely tartalmaz n\u00e9mi sov\u00e1ny feh\u00e9rj\u00e9t<\/li>\n<\/ul>\n<p>Ha tov\u00e1bbi tippeket szeretn\u00e9l kapni arr\u00f3l, hogyan ragaszkodhatsz az otthoni f\u0151z\u00e9shez, olvasd el <a href=\"https:\/\/www.welovecycling.com\/hu\/edzes-es-eletmod\/igy-tartsd-be-a-dietad-receptek-es-bevasarlolistak\/\">az el\u0151z\u0151 cikk\u00fcnket.<\/a><\/p>\n","protected":false},"excerpt":{"rendered":"<p>Ha otthon f\u0151z\u00fcnk p\u00e9nzt takar\u00edtunk meg \u00f6sszehozzuk a csal\u00e1dot. \u00daj kutat\u00e1sok szerint sokkal eg\u00e9szs\u00e9gesebb, mint rendszeresen \u00e9tteremben \u00e9tkezni. Vizsg\u00e1ljuk meg [&hellip;]<\/p>\n","protected":false},"author":71,"featured_media":11646,"comment_status":"closed","ping_status":"closed","sticky":false,"template":"","format":"standard","meta":{"footnotes":""},"categories":[6],"tags":[],"global-categories":[],"class_list":["post-11642","post","type-post","status-publish","format-standard","has-post-thumbnail","hentry","category-edzes-es-eletmod"],"yoast_head":"<!-- This site is optimized with the Yoast SEO Premium plugin v25.3 (Yoast SEO v25.9) - https:\/\/yoast.com\/wordpress\/plugins\/seo\/ -->\n<title>Cs\u00f6kkenti a korai hal\u00e1loz\u00e1s kock\u00e1zat\u00e1t, ha f\u0151z\u00f6l magadra - \u0160koda We Love Cycling - Magyarorsz\u00e1g<\/title>\n<meta name=\"description\" content=\"Ha otthon f\u0151z\u00fcnk p\u00e9nzt takar\u00edtunk meg \u00f6sszehozzuk a csal\u00e1dot. \u00daj kutat\u00e1sok szerint sokkal eg\u00e9szs\u00e9ge-sebb, mint rendszeresen \u00e9tteremben \u00e9tkezni.\" \/>\n<meta name=\"robots\" content=\"index, follow, max-snippet:-1, max-image-preview:large, max-video-preview:-1\" \/>\n<link rel=\"canonical\" href=\"https:\/\/www.welovecycling.com\/hu\/edzes-es-eletmod\/csokkenti-a-korai-halalozas-kockazatat-ha-fozol-magadra\/\" \/>\n<meta property=\"og:locale\" content=\"hu_HU\" \/>\n<meta property=\"og:type\" content=\"article\" \/>\n<meta property=\"og:title\" content=\"Cs\u00f6kkenti a korai hal\u00e1loz\u00e1s kock\u00e1zat\u00e1t, ha f\u0151z\u00f6l magadra\" \/>\n<meta property=\"og:description\" content=\"Ha otthon f\u0151z\u00fcnk p\u00e9nzt takar\u00edtunk meg \u00f6sszehozzuk a csal\u00e1dot. \u00daj kutat\u00e1sok szerint sokkal eg\u00e9szs\u00e9ge-sebb, mint rendszeresen \u00e9tteremben \u00e9tkezni.\" \/>\n<meta property=\"og:url\" content=\"https:\/\/www.welovecycling.com\/hu\/edzes-es-eletmod\/csokkenti-a-korai-halalozas-kockazatat-ha-fozol-magadra\/\" \/>\n<meta property=\"og:site_name\" content=\"\u0160koda We Love Cycling - Magyarorsz\u00e1g\" \/>\n<meta property=\"article:publisher\" content=\"https:\/\/www.facebook.com\/WeLoveCyclingHungary\/\" \/>\n<meta property=\"article:published_time\" content=\"2021-06-09T06:00:24+00:00\" \/>\n<meta property=\"og:image\" content=\"https:\/\/d2p6e6u75xmxt8.cloudfront.net\/12\/2021\/06\/Home-made-dinner-profimedia-0611904415-CVR.jpg\" \/>\n\t<meta property=\"og:image:width\" content=\"1366\" \/>\n\t<meta property=\"og:image:height\" content=\"600\" \/>\n\t<meta property=\"og:image:type\" content=\"image\/jpeg\" \/>\n<meta name=\"author\" content=\"hegyizs\" \/>\n<meta name=\"twitter:card\" content=\"summary_large_image\" \/>\n<meta name=\"twitter:label1\" content=\"Written by\" \/>\n\t<meta name=\"twitter:data1\" content=\"Jiri Kaloc\" \/>\n\t<meta name=\"twitter:label2\" content=\"Est. reading time\" \/>\n\t<meta name=\"twitter:data2\" content=\"5\" \/>\n<script type=\"application\/ld+json\" class=\"yoast-schema-graph\">{\"@context\":\"https:\/\/schema.org\",\"@graph\":[{\"@type\":\"WebPage\",\"@id\":\"https:\/\/www.welovecycling.com\/hu\/edzes-es-eletmod\/csokkenti-a-korai-halalozas-kockazatat-ha-fozol-magadra\/\",\"url\":\"https:\/\/www.welovecycling.com\/hu\/edzes-es-eletmod\/csokkenti-a-korai-halalozas-kockazatat-ha-fozol-magadra\/\",\"name\":\"Cs\u00f6kkenti a korai hal\u00e1loz\u00e1s kock\u00e1zat\u00e1t, ha f\u0151z\u00f6l magadra - \u0160koda We Love Cycling - Magyarorsz\u00e1g\",\"isPartOf\":{\"@id\":\"https:\/\/www.welovecycling.com\/hu\/#website\"},\"primaryImageOfPage\":{\"@id\":\"https:\/\/www.welovecycling.com\/hu\/edzes-es-eletmod\/csokkenti-a-korai-halalozas-kockazatat-ha-fozol-magadra\/#primaryimage\"},\"image\":{\"@id\":\"https:\/\/www.welovecycling.com\/hu\/edzes-es-eletmod\/csokkenti-a-korai-halalozas-kockazatat-ha-fozol-magadra\/#primaryimage\"},\"thumbnailUrl\":\"https:\/\/d2p6e6u75xmxt8.cloudfront.net\/12\/2021\/06\/Home-made-dinner-profimedia-0611904415-CVR.jpg\",\"datePublished\":\"2021-06-09T06:00:24+00:00\",\"author\":{\"@id\":\"https:\/\/www.welovecycling.com\/hu\/#\/schema\/person\/414a2aebf1801691a5320edb6468e194\"},\"description\":\"Ha otthon f\u0151z\u00fcnk p\u00e9nzt takar\u00edtunk meg \u00f6sszehozzuk a csal\u00e1dot. \u00daj kutat\u00e1sok szerint sokkal eg\u00e9szs\u00e9ge-sebb, mint rendszeresen \u00e9tteremben \u00e9tkezni.\",\"breadcrumb\":{\"@id\":\"https:\/\/www.welovecycling.com\/hu\/edzes-es-eletmod\/csokkenti-a-korai-halalozas-kockazatat-ha-fozol-magadra\/#breadcrumb\"},\"inLanguage\":\"hu\",\"potentialAction\":[{\"@type\":\"ReadAction\",\"target\":[\"https:\/\/www.welovecycling.com\/hu\/edzes-es-eletmod\/csokkenti-a-korai-halalozas-kockazatat-ha-fozol-magadra\/\"]}]},{\"@type\":\"ImageObject\",\"inLanguage\":\"hu\",\"@id\":\"https:\/\/www.welovecycling.com\/hu\/edzes-es-eletmod\/csokkenti-a-korai-halalozas-kockazatat-ha-fozol-magadra\/#primaryimage\",\"url\":\"https:\/\/d2p6e6u75xmxt8.cloudfront.net\/12\/2021\/06\/Home-made-dinner-profimedia-0611904415-CVR.jpg\",\"contentUrl\":\"https:\/\/d2p6e6u75xmxt8.cloudfront.net\/12\/2021\/06\/Home-made-dinner-profimedia-0611904415-CVR.jpg\",\"width\":1366,\"height\":600,\"caption\":\"Home made dinner\"},{\"@type\":\"BreadcrumbList\",\"@id\":\"https:\/\/www.welovecycling.com\/hu\/edzes-es-eletmod\/csokkenti-a-korai-halalozas-kockazatat-ha-fozol-magadra\/#breadcrumb\",\"itemListElement\":[{\"@type\":\"ListItem\",\"position\":1,\"name\":\"Home\",\"item\":\"https:\/\/www.welovecycling.com\/hu\/\"},{\"@type\":\"ListItem\",\"position\":2,\"name\":\"Cs\u00f6kkenti a korai hal\u00e1loz\u00e1s kock\u00e1zat\u00e1t, ha f\u0151z\u00f6l magadra\"}]},{\"@type\":\"WebSite\",\"@id\":\"https:\/\/www.welovecycling.com\/hu\/#website\",\"url\":\"https:\/\/www.welovecycling.com\/hu\/\",\"name\":\"\u0160koda We Love Cycling - Magyarorsz\u00e1g\",\"description\":\"\u0160koda WeLoveCycling\",\"potentialAction\":[{\"@type\":\"SearchAction\",\"target\":{\"@type\":\"EntryPoint\",\"urlTemplate\":\"https:\/\/www.welovecycling.com\/hu\/?s={search_term_string}\"},\"query-input\":{\"@type\":\"PropertyValueSpecification\",\"valueRequired\":true,\"valueName\":\"search_term_string\"}}],\"inLanguage\":\"hu\"},{\"@type\":\"Person\",\"@id\":\"https:\/\/www.welovecycling.com\/hu\/#\/schema\/person\/414a2aebf1801691a5320edb6468e194\",\"name\":\"hegyizs\",\"image\":{\"@type\":\"ImageObject\",\"inLanguage\":\"hu\",\"@id\":\"https:\/\/www.welovecycling.com\/hu\/#\/schema\/person\/image\/\",\"url\":\"https:\/\/secure.gravatar.com\/avatar\/02cf8a7906b8cf90cecb4679defac7cfd33a1c2e3b88e4903d947f3bb58eedd3?s=96&d=mm&r=g\",\"contentUrl\":\"https:\/\/secure.gravatar.com\/avatar\/02cf8a7906b8cf90cecb4679defac7cfd33a1c2e3b88e4903d947f3bb58eedd3?s=96&d=mm&r=g\",\"caption\":\"hegyizs\"},\"url\":\"https:\/\/www.welovecycling.com\/hu\/author\/hegyizs\/\"}]}<\/script>\n<!-- \/ Yoast SEO Premium plugin. -->","yoast_head_json":{"title":"Cs\u00f6kkenti a korai hal\u00e1loz\u00e1s kock\u00e1zat\u00e1t, ha f\u0151z\u00f6l magadra - \u0160koda We Love Cycling - Magyarorsz\u00e1g","description":"Ha otthon f\u0151z\u00fcnk p\u00e9nzt takar\u00edtunk meg \u00f6sszehozzuk a csal\u00e1dot. \u00daj kutat\u00e1sok szerint sokkal eg\u00e9szs\u00e9ge-sebb, mint rendszeresen \u00e9tteremben \u00e9tkezni.","robots":{"index":"index","follow":"follow","max-snippet":"max-snippet:-1","max-image-preview":"max-image-preview:large","max-video-preview":"max-video-preview:-1"},"canonical":"https:\/\/www.welovecycling.com\/hu\/edzes-es-eletmod\/csokkenti-a-korai-halalozas-kockazatat-ha-fozol-magadra\/","og_locale":"hu_HU","og_type":"article","og_title":"Cs\u00f6kkenti a korai hal\u00e1loz\u00e1s kock\u00e1zat\u00e1t, ha f\u0151z\u00f6l magadra","og_description":"Ha otthon f\u0151z\u00fcnk p\u00e9nzt takar\u00edtunk meg \u00f6sszehozzuk a csal\u00e1dot. \u00daj kutat\u00e1sok szerint sokkal eg\u00e9szs\u00e9ge-sebb, mint rendszeresen \u00e9tteremben \u00e9tkezni.","og_url":"https:\/\/www.welovecycling.com\/hu\/edzes-es-eletmod\/csokkenti-a-korai-halalozas-kockazatat-ha-fozol-magadra\/","og_site_name":"\u0160koda We Love Cycling - Magyarorsz\u00e1g","article_publisher":"https:\/\/www.facebook.com\/WeLoveCyclingHungary\/","article_published_time":"2021-06-09T06:00:24+00:00","og_image":[{"width":1366,"height":600,"url":"https:\/\/d2p6e6u75xmxt8.cloudfront.net\/12\/2021\/06\/Home-made-dinner-profimedia-0611904415-CVR.jpg","type":"image\/jpeg"}],"author":"hegyizs","twitter_card":"summary_large_image","twitter_misc":{"Written by":"Jiri Kaloc","Est. reading time":"5"},"schema":{"@context":"https:\/\/schema.org","@graph":[{"@type":"WebPage","@id":"https:\/\/www.welovecycling.com\/hu\/edzes-es-eletmod\/csokkenti-a-korai-halalozas-kockazatat-ha-fozol-magadra\/","url":"https:\/\/www.welovecycling.com\/hu\/edzes-es-eletmod\/csokkenti-a-korai-halalozas-kockazatat-ha-fozol-magadra\/","name":"Cs\u00f6kkenti a korai hal\u00e1loz\u00e1s kock\u00e1zat\u00e1t, ha f\u0151z\u00f6l magadra - \u0160koda We Love Cycling - Magyarorsz\u00e1g","isPartOf":{"@id":"https:\/\/www.welovecycling.com\/hu\/#website"},"primaryImageOfPage":{"@id":"https:\/\/www.welovecycling.com\/hu\/edzes-es-eletmod\/csokkenti-a-korai-halalozas-kockazatat-ha-fozol-magadra\/#primaryimage"},"image":{"@id":"https:\/\/www.welovecycling.com\/hu\/edzes-es-eletmod\/csokkenti-a-korai-halalozas-kockazatat-ha-fozol-magadra\/#primaryimage"},"thumbnailUrl":"https:\/\/d2p6e6u75xmxt8.cloudfront.net\/12\/2021\/06\/Home-made-dinner-profimedia-0611904415-CVR.jpg","datePublished":"2021-06-09T06:00:24+00:00","author":{"@id":"https:\/\/www.welovecycling.com\/hu\/#\/schema\/person\/414a2aebf1801691a5320edb6468e194"},"description":"Ha otthon f\u0151z\u00fcnk p\u00e9nzt takar\u00edtunk meg \u00f6sszehozzuk a csal\u00e1dot. \u00daj kutat\u00e1sok szerint sokkal eg\u00e9szs\u00e9ge-sebb, mint rendszeresen \u00e9tteremben \u00e9tkezni.","breadcrumb":{"@id":"https:\/\/www.welovecycling.com\/hu\/edzes-es-eletmod\/csokkenti-a-korai-halalozas-kockazatat-ha-fozol-magadra\/#breadcrumb"},"inLanguage":"hu","potentialAction":[{"@type":"ReadAction","target":["https:\/\/www.welovecycling.com\/hu\/edzes-es-eletmod\/csokkenti-a-korai-halalozas-kockazatat-ha-fozol-magadra\/"]}]},{"@type":"ImageObject","inLanguage":"hu","@id":"https:\/\/www.welovecycling.com\/hu\/edzes-es-eletmod\/csokkenti-a-korai-halalozas-kockazatat-ha-fozol-magadra\/#primaryimage","url":"https:\/\/d2p6e6u75xmxt8.cloudfront.net\/12\/2021\/06\/Home-made-dinner-profimedia-0611904415-CVR.jpg","contentUrl":"https:\/\/d2p6e6u75xmxt8.cloudfront.net\/12\/2021\/06\/Home-made-dinner-profimedia-0611904415-CVR.jpg","width":1366,"height":600,"caption":"Home made dinner"},{"@type":"BreadcrumbList","@id":"https:\/\/www.welovecycling.com\/hu\/edzes-es-eletmod\/csokkenti-a-korai-halalozas-kockazatat-ha-fozol-magadra\/#breadcrumb","itemListElement":[{"@type":"ListItem","position":1,"name":"Home","item":"https:\/\/www.welovecycling.com\/hu\/"},{"@type":"ListItem","position":2,"name":"Cs\u00f6kkenti a korai hal\u00e1loz\u00e1s kock\u00e1zat\u00e1t, ha f\u0151z\u00f6l magadra"}]},{"@type":"WebSite","@id":"https:\/\/www.welovecycling.com\/hu\/#website","url":"https:\/\/www.welovecycling.com\/hu\/","name":"\u0160koda We Love Cycling - Magyarorsz\u00e1g","description":"\u0160koda WeLoveCycling","potentialAction":[{"@type":"SearchAction","target":{"@type":"EntryPoint","urlTemplate":"https:\/\/www.welovecycling.com\/hu\/?s={search_term_string}"},"query-input":{"@type":"PropertyValueSpecification","valueRequired":true,"valueName":"search_term_string"}}],"inLanguage":"hu"},{"@type":"Person","@id":"https:\/\/www.welovecycling.com\/hu\/#\/schema\/person\/414a2aebf1801691a5320edb6468e194","name":"hegyizs","image":{"@type":"ImageObject","inLanguage":"hu","@id":"https:\/\/www.welovecycling.com\/hu\/#\/schema\/person\/image\/","url":"https:\/\/secure.gravatar.com\/avatar\/02cf8a7906b8cf90cecb4679defac7cfd33a1c2e3b88e4903d947f3bb58eedd3?s=96&d=mm&r=g","contentUrl":"https:\/\/secure.gravatar.com\/avatar\/02cf8a7906b8cf90cecb4679defac7cfd33a1c2e3b88e4903d947f3bb58eedd3?s=96&d=mm&r=g","caption":"hegyizs"},"url":"https:\/\/www.welovecycling.com\/hu\/author\/hegyizs\/"}]}},"_links":{"self":[{"href":"https:\/\/www.welovecycling.com\/hu\/wp-json\/wp\/v2\/posts\/11642","targetHints":{"allow":["GET"]}}],"collection":[{"href":"https:\/\/www.welovecycling.com\/hu\/wp-json\/wp\/v2\/posts"}],"about":[{"href":"https:\/\/www.welovecycling.com\/hu\/wp-json\/wp\/v2\/types\/post"}],"author":[{"embeddable":true,"href":"https:\/\/www.welovecycling.com\/hu\/wp-json\/wp\/v2\/users\/71"}],"replies":[{"embeddable":true,"href":"https:\/\/www.welovecycling.com\/hu\/wp-json\/wp\/v2\/comments?post=11642"}],"version-history":[{"count":2,"href":"https:\/\/www.welovecycling.com\/hu\/wp-json\/wp\/v2\/posts\/11642\/revisions"}],"predecessor-version":[{"id":11666,"href":"https:\/\/www.welovecycling.com\/hu\/wp-json\/wp\/v2\/posts\/11642\/revisions\/11666"}],"wp:featuredmedia":[{"embeddable":true,"href":"https:\/\/www.welovecycling.com\/hu\/wp-json\/wp\/v2\/media\/11646"}],"wp:attachment":[{"href":"https:\/\/www.welovecycling.com\/hu\/wp-json\/wp\/v2\/media?parent=11642"}],"wp:term":[{"taxonomy":"category","embeddable":true,"href":"https:\/\/www.welovecycling.com\/hu\/wp-json\/wp\/v2\/categories?post=11642"},{"taxonomy":"post_tag","embeddable":true,"href":"https:\/\/www.welovecycling.com\/hu\/wp-json\/wp\/v2\/tags?post=11642"},{"taxonomy":"global-categories","embeddable":true,"href":"https:\/\/www.welovecycling.com\/hu\/wp-json\/wp\/v2\/global-categories?post=11642"}],"curies":[{"name":"wp","href":"https:\/\/api.w.org\/{rel}","templated":true}]}}