{"id":11637,"date":"2021-06-11T08:00:22","date_gmt":"2021-06-11T06:00:22","guid":{"rendered":"https:\/\/www.welovecycling.com\/hu\/?p=11637"},"modified":"2021-06-04T15:06:57","modified_gmt":"2021-06-04T13:06:57","slug":"10-tipp-amivel-raveheted-a-csaladod-a-nyari-kerekparturakra","status":"publish","type":"post","link":"https:\/\/www.welovecycling.com\/hu\/csalad\/10-tipp-amivel-raveheted-a-csaladod-a-nyari-kerekparturakra\/","title":{"rendered":"10 tipp, amivel r\u00e1veheted a csal\u00e1dod a ny\u00e1ri ker\u00e9kp\u00e1rt\u00far\u00e1kra"},"content":{"rendered":"<p><strong>Rengeteg oka vannak, ami\u00e9rt a bicikliz\u00e9s t\u00f6k\u00e9letes sz\u00f3rakoz\u00e1s az eg\u00e9sz csal\u00e1dnak. Att\u00f3l kezdve, hogy minden koroszt\u00e1ly sz\u00e1m\u00e1ra el\u00e9rhet\u0151, eg\u00e9szen addig, hogy mi magunk is \u00fajra gyerekek lehet\u00fcnk: a bicikliz\u00e9s kalandokra cs\u00e1b\u00edt \u00e9s csod\u00e1s lehet\u0151s\u00e9g arra, hogy maradand\u00f3 eml\u00e9keket gy\u0171jts\u00fcnk. A friss leveg\u0151 \u00e9s a testmozg\u00e1s a fizikai \u00e9s ment\u00e1lis eg\u00e9szs\u00e9g\u00fcnknek is nagyon j\u00f3t tesz. Sz\u00f3val, itt az ideje felk\u00e9sz\u00edteni a csal\u00e1dot \u00e9s elindulni egy k\u00f6rre! \u00cdme n\u00e9h\u00e1ny tipp, ami biztos\u00edtja, hogy min\u00e9l t\u00f6bb id\u0151t t\u00f6lthess k\u00e9t ker\u00e9ken a ny\u00e1ron. <\/strong><\/p>\n<p><!--more--><\/p>\n<h2><strong>Jutalmazz!<\/strong><\/h2>\n<p>Ha szeretn\u00e9d motiv\u00e1lni a gyerekeket, semmi gond nincs azzal, ha kicsit megjutalmazod \u0151ket a c\u00e9l \u00e9rdek\u00e9ben. N\u00e9zz ut\u00e1na, milyen friss\u00edt\u0151ket k\u00edn\u00e1lnak a helyi utak ment\u00e9n vagy tervezz kir\u00e1ndul\u00e1st egy k\u00f6zeli parkon kereszt\u00fcl egy fagyiz\u00f3ba vagy \u00e9dess\u00e9gboltba. \u00c1ltal\u00e1ban a neh\u00e9zs\u00e9gek fel\u00e9t az teszi ki, hogy mindenkit fel kell \u00f6lt\u00f6ztetni \u00e9s el kell \u00e9rni, hogy kijussatok az ajt\u00f3n. Amikor \u00faton vagytok, val\u00f3sz\u00edn\u0171leg a gyerekek nagyobb kedvvel fognak tekerni, mint amire eredetileg sz\u00e1m\u00edtott\u00e1l.<\/p>\n<figure id=\"attachment_5662\" aria-describedby=\"caption-attachment-5662\" style=\"width: 1024px\" class=\"wp-caption alignnone\"><a href=\"https:\/\/d2p6e6u75xmxt8.cloudfront.net\/2\/2019\/11\/profimedia-0397940235.jpg\"><img loading=\"lazy\" decoding=\"async\" class=\"size-large wp-image-5662\" src=\"https:\/\/d2p6e6u75xmxt8.cloudfront.net\/12\/2019\/11\/profimedia-0397940235-1024x683.jpg\" alt=\"Family cycling\" width=\"1024\" height=\"683\" srcset=\"https:\/\/d2p6e6u75xmxt8.cloudfront.net\/12\/2019\/11\/profimedia-0397940235-1024x683.jpg 1024w, https:\/\/d2p6e6u75xmxt8.cloudfront.net\/12\/2019\/11\/profimedia-0397940235-300x200.jpg 300w, https:\/\/d2p6e6u75xmxt8.cloudfront.net\/12\/2019\/11\/profimedia-0397940235-768x512.jpg 768w, https:\/\/d2p6e6u75xmxt8.cloudfront.net\/12\/2019\/11\/profimedia-0397940235-272x182.jpg 272w, https:\/\/d2p6e6u75xmxt8.cloudfront.net\/12\/2019\/11\/profimedia-0397940235.jpg 1800w\" sizes=\"auto, (max-width: 1024px) 100vw, 1024px\" \/><\/a><figcaption id=\"caption-attachment-5662\" class=\"wp-caption-text\"><em>Keress jutalmakat, hogy motiv\u00e1ltak maradjanak a gyerekek! \u00a9 Profimedia<\/em><\/figcaption><\/figure>\n<h2><strong>Biciklizzetek egy pop-up esem\u00e9nyen!<\/strong><\/h2>\n<p>Mivel ez a ny\u00e1r nagyr\u00e9szt a \u201enorm\u00e1lis\u201d \u00e9letvitelhez val\u00f3 visszat\u00e9r\u00e9st jelenti, sz\u00e1m\u00edthatsz arra, hogy \u00faj \u00e9letre kelnek a biciklis esem\u00e9nyek. N\u00e9zz ut\u00e1na, milyen programok v\u00e1rhat\u00f3ak a k\u00f6rny\u00e9ken, vagy vedd fel a kapcsolatot a k\u00f6zeli ker\u00e9kp\u00e1ros \u00fczletekkel vagy klubokkal, \u00edgy megtudhatod, terveznek-e ingyenes rendezv\u00e9nyeket a melegebb h\u00f3napokban. Az \u00faj biciklis felszerel\u00e9sek kipr\u00f3b\u00e1l\u00e1s\u00e1t\u00f3l a helyi edz\u0151kkel \u00e9s versenyz\u0151kkel val\u00f3 besz\u00e9lget\u00e9sig, ezek az esem\u00e9nyek remek alkalmat jelentenek a sport megszerettet\u00e9s\u00e9re, \u00e9s tov\u00e1bbi \u00fcr\u00fcgyet szolg\u00e1ltatnak a ker\u00e9kp\u00e1roz\u00e1s n\u00e9pszer\u0171s\u00edt\u00e9s\u00e9re.<\/p>\n<h2><strong>Friss\u00edtsd fel a biciklitud\u00e1sod!<\/strong><\/h2>\n<p>Keres\u00e9s k\u00f6zben olyan biztons\u00e1g-inspir\u00e1lta workshopokra \u00e9s edz\u00e9sre bukkanhatsz, amiket mindenk\u00e9ppen ki kell pr\u00f3b\u00e1lnod! Felm\u00e9r\u00e9sekb\u0151l kider\u00fclt, hogy az \u00faj biciklisek sz\u00e1m\u00e1ra az egyik legnagyobb f\u00e9lelem a biztons\u00e1g k\u00e9rd\u00e9se. Annak \u00e9rdek\u00e9ben, hogy az eg\u00e9sz csal\u00e1d magabiztosabban \u00e9rezze mag\u00e1t k\u00e9t ker\u00e9ken, sz\u00e1nj id\u0151t a bev\u00e1lt gyakorlatok, a k\u00f6z\u00fati szab\u00e1lyok \u00e9s a biciklik karbantart\u00e1s\u00e1nak megismer\u00e9s\u00e9re. Semmi nem lesz a k\u00f6rny\u00e9keden? Tal\u00e1lj ki egy saj\u00e1t bicikli workshopot, ami egy olyan t\u00e9ma k\u00f6r\u00e9 \u00e9p\u00fcl, ami vonz\u00f3 a ker\u00e9kp\u00e1rosok k\u00f6r\u00e9ben!<\/p>\n<h2><strong>Hozz l\u00e9tre el\u0151re egy saj\u00e1t kommunik\u00e1ci\u00f3s rendszert!<\/strong><\/h2>\n<p>A kicsik sz\u00e1m\u00e1ra nagy visszah\u00faz\u00f3 er\u0151 lehet a lemarad\u00e1st\u00f3l val\u00f3 f\u00e9lelem. Annak \u00e9rdek\u00e9ben, hogy mindenki nyeregben \u00e9rezhesse mag\u00e1t, hozzatok l\u00e9tre egy kommunik\u00e1ci\u00f3s rendszert! Egyezzetek meg, hogy \u00f6sszetartotok \u00e9s tal\u00e1ljatok ki egy jelet, amit akkor kell mutatni, ha valakinek sz\u00fcnetre van sz\u00fcks\u00e9ge.<\/p>\n<figure id=\"attachment_11638\" aria-describedby=\"caption-attachment-11638\" style=\"width: 1000px\" class=\"wp-caption alignnone\"><a href=\"https:\/\/d2p6e6u75xmxt8.cloudfront.net\/12\/2021\/06\/Cycling-family-profimedia-0612963084.jpg\"><img loading=\"lazy\" decoding=\"async\" class=\"wp-image-11638 size-full\" src=\"https:\/\/d2p6e6u75xmxt8.cloudfront.net\/12\/2021\/06\/Cycling-family-profimedia-0612963084.jpg\" alt=\"Cycling with a child\" width=\"1000\" height=\"667\" srcset=\"https:\/\/d2p6e6u75xmxt8.cloudfront.net\/12\/2021\/06\/Cycling-family-profimedia-0612963084.jpg 1000w, https:\/\/d2p6e6u75xmxt8.cloudfront.net\/12\/2021\/06\/Cycling-family-profimedia-0612963084-300x200.jpg 300w, https:\/\/d2p6e6u75xmxt8.cloudfront.net\/12\/2021\/06\/Cycling-family-profimedia-0612963084-768x512.jpg 768w, https:\/\/d2p6e6u75xmxt8.cloudfront.net\/12\/2021\/06\/Cycling-family-profimedia-0612963084-272x182.jpg 272w\" sizes=\"auto, (max-width: 1000px) 100vw, 1000px\" \/><\/a><figcaption id=\"caption-attachment-11638\" class=\"wp-caption-text\"><em>Tanuljatok meg j\u00f3l kommunik\u00e1lni! \u00a9 Profimedia<\/em><\/figcaption><\/figure>\n<h2><strong>D\u00edsz\u00edtsd fel a ker\u00e9kp\u00e1rokat!<\/strong><\/h2>\n<p>A csal\u00e1dtagok \u00e9letkor\u00e1t\u00f3l \u00e9s hajland\u00f3s\u00e1g\u00e1t\u00f3l f\u00fcgg\u0151en a biciklid\u00edsz\u00edt\u0151 verseny pont az, amit egy orvos receptre \u00edrna fel, ha a c\u00e9l a ker\u00e9kp\u00e1roz\u00e1s megszerettet\u00e9se lenne. Vedd el\u0151 a szalagokat \u00e9s a k\u00fcll\u0151gy\u00f6ngy\u00f6ket \u00e9s hagyd, hogy a benned \u00e9l\u0151 m\u0171v\u00e9sz \u00e1tvegye a hatalmat!<\/p>\n<h2><strong>T\u0171zz ki egy k\u00f6z\u00f6s, csal\u00e1di biciklis c\u00e9lt!<\/strong><\/h2>\n<p>Ha ker\u00e9kp\u00e1ros vagy, akkor val\u00f3sz\u00edn\u0171leg m\u00e1r tudod, hogy egy j\u00f3 c\u00e9l kit\u0171z\u00e9se seg\u00edt szinten tartani a motiv\u00e1ci\u00f3t. Szem\u00e9lyes amb\u00edci\u00f3idon k\u00edv\u00fcl alkalmazd ugyanezt a logik\u00e1t csal\u00e1dodn\u00e1l is annak \u00e9rdek\u00e9ben, hogy mindenki \u00e9lvezze a bicikliz\u00e9st. Tal\u00e1lj ki egy kilom\u00e9tersz\u00e1mot, amit el szeretn\u00e9l \u00e9rni vel\u00fck \u00e9s jutalmazz\u00e1tok meg magatokat egy mozival vagy egy vacsor\u00e1val a kedvenc \u00e9ttermetekben. Alternat\u00edv megold\u00e1sk\u00e9nt keress n\u00e9h\u00e1ny \u00fatvonalat, amin v\u00e9gig szeretn\u00e9l menni a csal\u00e1ddal vagy tedd fontoss\u00e1gi sorrendbe azokat a k\u00e9pess\u00e9geket, amiken fejleszteni szeretn\u00e9l.<\/p>\n<h2><strong>Pr\u00f3b\u00e1ld ki a bicikliz\u00e9s egy \u00faj m\u00f3dj\u00e1t!<\/strong><\/h2>\n<p>Engedd meg a csal\u00e1dodnak, hogy felfedezz\u00e9k saj\u00e1t st\u00edlusukat. Ez egy fontos m\u00f3dszer arra, hogy ne \u00e9rezz\u00e9k \u00fagy, hogy r\u00e1juk k\u00e9nyszer\u00edted a szenved\u00e9lyed. Pr\u00f3b\u00e1ld meg feldobni a dolgokat egy olyan g\u00f6rdeszkapark megl\u00e1togat\u00e1s\u00e1val, ahova bicikliseket is beengednek vagy esetleg mountain bike-kozzatok egyet!<\/p>\n<figure id=\"attachment_11639\" aria-describedby=\"caption-attachment-11639\" style=\"width: 1000px\" class=\"wp-caption alignnone\"><a href=\"https:\/\/d2p6e6u75xmxt8.cloudfront.net\/12\/2021\/06\/Father-and-son-cycling-profimedia-0612886788.jpg\"><img loading=\"lazy\" decoding=\"async\" class=\"wp-image-11639 size-full\" src=\"https:\/\/d2p6e6u75xmxt8.cloudfront.net\/12\/2021\/06\/Father-and-son-cycling-profimedia-0612886788.jpg\" alt=\"Family cycling\" width=\"1000\" height=\"667\" srcset=\"https:\/\/d2p6e6u75xmxt8.cloudfront.net\/12\/2021\/06\/Father-and-son-cycling-profimedia-0612886788.jpg 1000w, https:\/\/d2p6e6u75xmxt8.cloudfront.net\/12\/2021\/06\/Father-and-son-cycling-profimedia-0612886788-300x200.jpg 300w, https:\/\/d2p6e6u75xmxt8.cloudfront.net\/12\/2021\/06\/Father-and-son-cycling-profimedia-0612886788-768x512.jpg 768w, https:\/\/d2p6e6u75xmxt8.cloudfront.net\/12\/2021\/06\/Father-and-son-cycling-profimedia-0612886788-272x182.jpg 272w\" sizes=\"auto, (max-width: 1000px) 100vw, 1000px\" \/><\/a><figcaption id=\"caption-attachment-11639\" class=\"wp-caption-text\"><em>Ne felejts el sz\u00fcnetet tartani! \u00a9 Profimedia<\/em><\/figcaption><\/figure>\n<h2><strong>Vontasd a gyerekeket!<\/strong><\/h2>\n<p>Ha a gyerekek nehezen tudnak l\u00e9p\u00e9st tartani veletek a t\u00far\u00e1kon, akkor sem kell kivonni \u0151ket a m\u00f3k\u00e1b\u00f3l: saj\u00e1t biciklidhez kapcsolva vagy p\u00f3tkocsival k\u00f6nnyed\u00e9n vontathatod \u0151ket. Ez m\u00e9g mindig kiv\u00e1l\u00f3 m\u00f3dszer arra, hogy megszerettesd a bicikliz\u00e9st, hiszen nagy val\u00f3sz\u00edn\u0171s\u00e9ggel \u0151k maguk akarnak majd \u00f6n\u00e1ll\u00f3sodni.<\/p>\n<h2><strong>Kincskeres\u00e9s k\u00e9t ker\u00e9ken<\/strong><\/h2>\n<p>Ha van id\u0151t\u00f6k \u00e9s energi\u00e1tok, vagy szeretn\u00e9tek igaz\u00e1n sz\u00f3rakoztat\u00f3an meg\u00fcnnepelni egy sz\u00fclet\u00e9snapot vagy m\u00e9rf\u00f6ldk\u00f6vet, egy kincskeres\u0151s bicikliz\u00e9s k\u00f6nnyed\u00e9n a ny\u00e1r legeml\u00e9kezetesebb kir\u00e1ndul\u00e1sa lehet. \u00cdrj egy list\u00e1t helyi nevezetess\u00e9gekr\u0151l, a term\u00e9szetben tal\u00e1lhat\u00f3 dolgokr\u00f3l vagy egy\u00e9b \u00fajdons\u00e1gokr\u00f3l, amiket egy\u00fctt kell megtal\u00e1lnotok a csal\u00e1ddal. Nyomtasd ki a list\u00e1t \u00e9s gy\u0151z\u0151dj meg r\u00f3la, hogy el\u00e9g motiv\u00e1l\u00f3 lesz a nyerem\u00e9ny a nyertes sz\u00e1m\u00e1ra!<\/p>\n<h2><strong>Legy\u00e9l felk\u00e9sz\u00fclt!<\/strong><\/h2>\n<p>Ahhoz, hogy mindenki \u00e9lvezze a csal\u00e1di ker\u00e9kp\u00e1ros t\u00far\u00e1t, az els\u0151 lecke, hogy b\u0151s\u00e9ges harapnival\u00f3 \u00e9s innival\u00f3 legyen n\u00e1latok. A gyerekek gyorsan megszomjaznak \u00e9s meg\u00e9heznek, ez\u00e9rt k\u00e9sz\u00fcljetek fel alaposan! Amennyiben hosszabb utat terveztek, piknikezzetek \u00fatk\u00f6zben, \u00edgy mindenki pihenhet a kaland folytat\u00e1sa el\u0151tt. Vigyetek extra pulcsikat, napolajat, \u00e9s l\u00e9gy nyitott arra, hogy v\u00e1ltoztatsz a terven, amennyiben m\u00e1shogy alakulnak a dolgok. Ne feledd, hogy ezek a t\u00far\u00e1k a k\u00f6z\u00f6s eml\u00e9kekr\u0151l sz\u00f3lnak: min\u00e9l jobb az \u00e9lm\u00e9ny, legk\u00f6zelebb ann\u00e1l nagyobb lesz a lelkesed\u00e9s!<\/p>\n","protected":false},"excerpt":{"rendered":"<p>Rengeteg oka vannak, ami\u00e9rt a bicikliz\u00e9s t\u00f6k\u00e9letes sz\u00f3rakoz\u00e1s az eg\u00e9sz csal\u00e1dnak. Att\u00f3l kezdve, hogy minden koroszt\u00e1ly sz\u00e1m\u00e1ra el\u00e9rhet\u0151, eg\u00e9szen addig, [&hellip;]<\/p>\n","protected":false},"author":71,"featured_media":11641,"comment_status":"closed","ping_status":"closed","sticky":false,"template":"","format":"standard","meta":{"footnotes":""},"categories":[11],"tags":[],"global-categories":[],"class_list":["post-11637","post","type-post","status-publish","format-standard","has-post-thumbnail","hentry","category-csalad"],"yoast_head":"<!-- This site is optimized with the Yoast SEO Premium plugin v25.3 (Yoast SEO v25.9) - https:\/\/yoast.com\/wordpress\/plugins\/seo\/ -->\n<title>10 tipp, amivel r\u00e1veheted a csal\u00e1dod a ny\u00e1ri ker\u00e9kp\u00e1rt\u00far\u00e1kra - \u0160koda We Love Cycling - Magyarorsz\u00e1g<\/title>\n<meta name=\"description\" content=\"Rengeteg oka vannak, ami\u00e9rt a bicikliz\u00e9s t\u00f6k\u00e9letes sz\u00f3rakoz\u00e1s az eg\u00e9sz csal\u00e1dnak. Att\u00f3l kezdve, hogy minden koroszt\u00e1ly sz\u00e1m\u00e1ra el\u00e9rhet\u0151, eg\u00e9szen addig, hogy mi magunk is \u00fajra gyerekek lehet\u00fcnk: a bicikliz\u00e9s kalandokra cs\u00e1b\u00edt \u00e9s csod\u00e1s lehet\u0151s\u00e9g arra, hogy maradand\u00f3 eml\u00e9keket gy\u0171jts\u00fcnk.\" \/>\n<meta name=\"robots\" content=\"index, follow, max-snippet:-1, max-image-preview:large, max-video-preview:-1\" \/>\n<link rel=\"canonical\" href=\"https:\/\/www.welovecycling.com\/hu\/csalad\/10-tipp-amivel-raveheted-a-csaladod-a-nyari-kerekparturakra\/\" \/>\n<meta property=\"og:locale\" content=\"hu_HU\" \/>\n<meta property=\"og:type\" content=\"article\" \/>\n<meta property=\"og:title\" content=\"10 tipp, amivel r\u00e1veheted a csal\u00e1dod a ny\u00e1ri ker\u00e9kp\u00e1rt\u00far\u00e1kra\" \/>\n<meta property=\"og:description\" content=\"Rengeteg oka vannak, ami\u00e9rt a bicikliz\u00e9s t\u00f6k\u00e9letes sz\u00f3rakoz\u00e1s az eg\u00e9sz csal\u00e1dnak. Att\u00f3l kezdve, hogy minden koroszt\u00e1ly sz\u00e1m\u00e1ra el\u00e9rhet\u0151, eg\u00e9szen addig, hogy mi magunk is \u00fajra gyerekek lehet\u00fcnk: a bicikliz\u00e9s kalandokra cs\u00e1b\u00edt \u00e9s csod\u00e1s lehet\u0151s\u00e9g arra, hogy maradand\u00f3 eml\u00e9keket gy\u0171jts\u00fcnk.\" \/>\n<meta property=\"og:url\" content=\"https:\/\/www.welovecycling.com\/hu\/csalad\/10-tipp-amivel-raveheted-a-csaladod-a-nyari-kerekparturakra\/\" \/>\n<meta property=\"og:site_name\" content=\"\u0160koda We Love Cycling - Magyarorsz\u00e1g\" \/>\n<meta property=\"article:publisher\" content=\"https:\/\/www.facebook.com\/WeLoveCyclingHungary\/\" \/>\n<meta property=\"article:published_time\" content=\"2021-06-11T06:00:22+00:00\" \/>\n<meta property=\"og:image\" content=\"https:\/\/d2p6e6u75xmxt8.cloudfront.net\/12\/2021\/06\/Family-cycling-trip-profimedia-0594782793-CVR.jpg\" \/>\n\t<meta property=\"og:image:width\" content=\"1366\" \/>\n\t<meta property=\"og:image:height\" content=\"600\" \/>\n\t<meta property=\"og:image:type\" content=\"image\/jpeg\" \/>\n<meta name=\"author\" content=\"hegyizs\" \/>\n<meta name=\"twitter:card\" content=\"summary_large_image\" \/>\n<meta name=\"twitter:label1\" content=\"Written by\" \/>\n\t<meta name=\"twitter:data1\" content=\"Megan Flottorp\" \/>\n\t<meta name=\"twitter:label2\" content=\"Est. reading time\" \/>\n\t<meta name=\"twitter:data2\" content=\"6\" \/>\n<script type=\"application\/ld+json\" class=\"yoast-schema-graph\">{\"@context\":\"https:\/\/schema.org\",\"@graph\":[{\"@type\":\"WebPage\",\"@id\":\"https:\/\/www.welovecycling.com\/hu\/csalad\/10-tipp-amivel-raveheted-a-csaladod-a-nyari-kerekparturakra\/\",\"url\":\"https:\/\/www.welovecycling.com\/hu\/csalad\/10-tipp-amivel-raveheted-a-csaladod-a-nyari-kerekparturakra\/\",\"name\":\"10 tipp, amivel r\u00e1veheted a csal\u00e1dod a ny\u00e1ri ker\u00e9kp\u00e1rt\u00far\u00e1kra - \u0160koda We Love Cycling - Magyarorsz\u00e1g\",\"isPartOf\":{\"@id\":\"https:\/\/www.welovecycling.com\/hu\/#website\"},\"primaryImageOfPage\":{\"@id\":\"https:\/\/www.welovecycling.com\/hu\/csalad\/10-tipp-amivel-raveheted-a-csaladod-a-nyari-kerekparturakra\/#primaryimage\"},\"image\":{\"@id\":\"https:\/\/www.welovecycling.com\/hu\/csalad\/10-tipp-amivel-raveheted-a-csaladod-a-nyari-kerekparturakra\/#primaryimage\"},\"thumbnailUrl\":\"https:\/\/d2p6e6u75xmxt8.cloudfront.net\/12\/2021\/06\/Family-cycling-trip-profimedia-0594782793-CVR.jpg\",\"datePublished\":\"2021-06-11T06:00:22+00:00\",\"author\":{\"@id\":\"https:\/\/www.welovecycling.com\/hu\/#\/schema\/person\/414a2aebf1801691a5320edb6468e194\"},\"description\":\"Rengeteg oka vannak, ami\u00e9rt a bicikliz\u00e9s t\u00f6k\u00e9letes sz\u00f3rakoz\u00e1s az eg\u00e9sz csal\u00e1dnak. Att\u00f3l kezdve, hogy minden koroszt\u00e1ly sz\u00e1m\u00e1ra el\u00e9rhet\u0151, eg\u00e9szen addig, hogy mi magunk is \u00fajra gyerekek lehet\u00fcnk: a bicikliz\u00e9s kalandokra cs\u00e1b\u00edt \u00e9s csod\u00e1s lehet\u0151s\u00e9g arra, hogy maradand\u00f3 eml\u00e9keket gy\u0171jts\u00fcnk.\",\"breadcrumb\":{\"@id\":\"https:\/\/www.welovecycling.com\/hu\/csalad\/10-tipp-amivel-raveheted-a-csaladod-a-nyari-kerekparturakra\/#breadcrumb\"},\"inLanguage\":\"hu\",\"potentialAction\":[{\"@type\":\"ReadAction\",\"target\":[\"https:\/\/www.welovecycling.com\/hu\/csalad\/10-tipp-amivel-raveheted-a-csaladod-a-nyari-kerekparturakra\/\"]}]},{\"@type\":\"ImageObject\",\"inLanguage\":\"hu\",\"@id\":\"https:\/\/www.welovecycling.com\/hu\/csalad\/10-tipp-amivel-raveheted-a-csaladod-a-nyari-kerekparturakra\/#primaryimage\",\"url\":\"https:\/\/d2p6e6u75xmxt8.cloudfront.net\/12\/2021\/06\/Family-cycling-trip-profimedia-0594782793-CVR.jpg\",\"contentUrl\":\"https:\/\/d2p6e6u75xmxt8.cloudfront.net\/12\/2021\/06\/Family-cycling-trip-profimedia-0594782793-CVR.jpg\",\"width\":1366,\"height\":600,\"caption\":\"Family cycling trip\"},{\"@type\":\"BreadcrumbList\",\"@id\":\"https:\/\/www.welovecycling.com\/hu\/csalad\/10-tipp-amivel-raveheted-a-csaladod-a-nyari-kerekparturakra\/#breadcrumb\",\"itemListElement\":[{\"@type\":\"ListItem\",\"position\":1,\"name\":\"Home\",\"item\":\"https:\/\/www.welovecycling.com\/hu\/\"},{\"@type\":\"ListItem\",\"position\":2,\"name\":\"10 tipp, amivel r\u00e1veheted a csal\u00e1dod a ny\u00e1ri ker\u00e9kp\u00e1rt\u00far\u00e1kra\"}]},{\"@type\":\"WebSite\",\"@id\":\"https:\/\/www.welovecycling.com\/hu\/#website\",\"url\":\"https:\/\/www.welovecycling.com\/hu\/\",\"name\":\"\u0160koda We Love Cycling - Magyarorsz\u00e1g\",\"description\":\"\u0160koda WeLoveCycling\",\"potentialAction\":[{\"@type\":\"SearchAction\",\"target\":{\"@type\":\"EntryPoint\",\"urlTemplate\":\"https:\/\/www.welovecycling.com\/hu\/?s={search_term_string}\"},\"query-input\":{\"@type\":\"PropertyValueSpecification\",\"valueRequired\":true,\"valueName\":\"search_term_string\"}}],\"inLanguage\":\"hu\"},{\"@type\":\"Person\",\"@id\":\"https:\/\/www.welovecycling.com\/hu\/#\/schema\/person\/414a2aebf1801691a5320edb6468e194\",\"name\":\"hegyizs\",\"image\":{\"@type\":\"ImageObject\",\"inLanguage\":\"hu\",\"@id\":\"https:\/\/www.welovecycling.com\/hu\/#\/schema\/person\/image\/\",\"url\":\"https:\/\/secure.gravatar.com\/avatar\/02cf8a7906b8cf90cecb4679defac7cfd33a1c2e3b88e4903d947f3bb58eedd3?s=96&d=mm&r=g\",\"contentUrl\":\"https:\/\/secure.gravatar.com\/avatar\/02cf8a7906b8cf90cecb4679defac7cfd33a1c2e3b88e4903d947f3bb58eedd3?s=96&d=mm&r=g\",\"caption\":\"hegyizs\"},\"url\":\"https:\/\/www.welovecycling.com\/hu\/author\/hegyizs\/\"}]}<\/script>\n<!-- \/ Yoast SEO Premium plugin. -->","yoast_head_json":{"title":"10 tipp, amivel r\u00e1veheted a csal\u00e1dod a ny\u00e1ri ker\u00e9kp\u00e1rt\u00far\u00e1kra - \u0160koda We Love Cycling - Magyarorsz\u00e1g","description":"Rengeteg oka vannak, ami\u00e9rt a bicikliz\u00e9s t\u00f6k\u00e9letes sz\u00f3rakoz\u00e1s az eg\u00e9sz csal\u00e1dnak. Att\u00f3l kezdve, hogy minden koroszt\u00e1ly sz\u00e1m\u00e1ra el\u00e9rhet\u0151, eg\u00e9szen addig, hogy mi magunk is \u00fajra gyerekek lehet\u00fcnk: a bicikliz\u00e9s kalandokra cs\u00e1b\u00edt \u00e9s csod\u00e1s lehet\u0151s\u00e9g arra, hogy maradand\u00f3 eml\u00e9keket gy\u0171jts\u00fcnk.","robots":{"index":"index","follow":"follow","max-snippet":"max-snippet:-1","max-image-preview":"max-image-preview:large","max-video-preview":"max-video-preview:-1"},"canonical":"https:\/\/www.welovecycling.com\/hu\/csalad\/10-tipp-amivel-raveheted-a-csaladod-a-nyari-kerekparturakra\/","og_locale":"hu_HU","og_type":"article","og_title":"10 tipp, amivel r\u00e1veheted a csal\u00e1dod a ny\u00e1ri ker\u00e9kp\u00e1rt\u00far\u00e1kra","og_description":"Rengeteg oka vannak, ami\u00e9rt a bicikliz\u00e9s t\u00f6k\u00e9letes sz\u00f3rakoz\u00e1s az eg\u00e9sz csal\u00e1dnak. Att\u00f3l kezdve, hogy minden koroszt\u00e1ly sz\u00e1m\u00e1ra el\u00e9rhet\u0151, eg\u00e9szen addig, hogy mi magunk is \u00fajra gyerekek lehet\u00fcnk: a bicikliz\u00e9s kalandokra cs\u00e1b\u00edt \u00e9s csod\u00e1s lehet\u0151s\u00e9g arra, hogy maradand\u00f3 eml\u00e9keket gy\u0171jts\u00fcnk.","og_url":"https:\/\/www.welovecycling.com\/hu\/csalad\/10-tipp-amivel-raveheted-a-csaladod-a-nyari-kerekparturakra\/","og_site_name":"\u0160koda We Love Cycling - Magyarorsz\u00e1g","article_publisher":"https:\/\/www.facebook.com\/WeLoveCyclingHungary\/","article_published_time":"2021-06-11T06:00:22+00:00","og_image":[{"width":1366,"height":600,"url":"https:\/\/d2p6e6u75xmxt8.cloudfront.net\/12\/2021\/06\/Family-cycling-trip-profimedia-0594782793-CVR.jpg","type":"image\/jpeg"}],"author":"hegyizs","twitter_card":"summary_large_image","twitter_misc":{"Written by":"Megan Flottorp","Est. reading time":"6"},"schema":{"@context":"https:\/\/schema.org","@graph":[{"@type":"WebPage","@id":"https:\/\/www.welovecycling.com\/hu\/csalad\/10-tipp-amivel-raveheted-a-csaladod-a-nyari-kerekparturakra\/","url":"https:\/\/www.welovecycling.com\/hu\/csalad\/10-tipp-amivel-raveheted-a-csaladod-a-nyari-kerekparturakra\/","name":"10 tipp, amivel r\u00e1veheted a csal\u00e1dod a ny\u00e1ri ker\u00e9kp\u00e1rt\u00far\u00e1kra - \u0160koda We Love Cycling - Magyarorsz\u00e1g","isPartOf":{"@id":"https:\/\/www.welovecycling.com\/hu\/#website"},"primaryImageOfPage":{"@id":"https:\/\/www.welovecycling.com\/hu\/csalad\/10-tipp-amivel-raveheted-a-csaladod-a-nyari-kerekparturakra\/#primaryimage"},"image":{"@id":"https:\/\/www.welovecycling.com\/hu\/csalad\/10-tipp-amivel-raveheted-a-csaladod-a-nyari-kerekparturakra\/#primaryimage"},"thumbnailUrl":"https:\/\/d2p6e6u75xmxt8.cloudfront.net\/12\/2021\/06\/Family-cycling-trip-profimedia-0594782793-CVR.jpg","datePublished":"2021-06-11T06:00:22+00:00","author":{"@id":"https:\/\/www.welovecycling.com\/hu\/#\/schema\/person\/414a2aebf1801691a5320edb6468e194"},"description":"Rengeteg oka vannak, ami\u00e9rt a bicikliz\u00e9s t\u00f6k\u00e9letes sz\u00f3rakoz\u00e1s az eg\u00e9sz csal\u00e1dnak. Att\u00f3l kezdve, hogy minden koroszt\u00e1ly sz\u00e1m\u00e1ra el\u00e9rhet\u0151, eg\u00e9szen addig, hogy mi magunk is \u00fajra gyerekek lehet\u00fcnk: a bicikliz\u00e9s kalandokra cs\u00e1b\u00edt \u00e9s csod\u00e1s lehet\u0151s\u00e9g arra, hogy maradand\u00f3 eml\u00e9keket gy\u0171jts\u00fcnk.","breadcrumb":{"@id":"https:\/\/www.welovecycling.com\/hu\/csalad\/10-tipp-amivel-raveheted-a-csaladod-a-nyari-kerekparturakra\/#breadcrumb"},"inLanguage":"hu","potentialAction":[{"@type":"ReadAction","target":["https:\/\/www.welovecycling.com\/hu\/csalad\/10-tipp-amivel-raveheted-a-csaladod-a-nyari-kerekparturakra\/"]}]},{"@type":"ImageObject","inLanguage":"hu","@id":"https:\/\/www.welovecycling.com\/hu\/csalad\/10-tipp-amivel-raveheted-a-csaladod-a-nyari-kerekparturakra\/#primaryimage","url":"https:\/\/d2p6e6u75xmxt8.cloudfront.net\/12\/2021\/06\/Family-cycling-trip-profimedia-0594782793-CVR.jpg","contentUrl":"https:\/\/d2p6e6u75xmxt8.cloudfront.net\/12\/2021\/06\/Family-cycling-trip-profimedia-0594782793-CVR.jpg","width":1366,"height":600,"caption":"Family cycling trip"},{"@type":"BreadcrumbList","@id":"https:\/\/www.welovecycling.com\/hu\/csalad\/10-tipp-amivel-raveheted-a-csaladod-a-nyari-kerekparturakra\/#breadcrumb","itemListElement":[{"@type":"ListItem","position":1,"name":"Home","item":"https:\/\/www.welovecycling.com\/hu\/"},{"@type":"ListItem","position":2,"name":"10 tipp, amivel r\u00e1veheted a csal\u00e1dod a ny\u00e1ri ker\u00e9kp\u00e1rt\u00far\u00e1kra"}]},{"@type":"WebSite","@id":"https:\/\/www.welovecycling.com\/hu\/#website","url":"https:\/\/www.welovecycling.com\/hu\/","name":"\u0160koda We Love Cycling - Magyarorsz\u00e1g","description":"\u0160koda WeLoveCycling","potentialAction":[{"@type":"SearchAction","target":{"@type":"EntryPoint","urlTemplate":"https:\/\/www.welovecycling.com\/hu\/?s={search_term_string}"},"query-input":{"@type":"PropertyValueSpecification","valueRequired":true,"valueName":"search_term_string"}}],"inLanguage":"hu"},{"@type":"Person","@id":"https:\/\/www.welovecycling.com\/hu\/#\/schema\/person\/414a2aebf1801691a5320edb6468e194","name":"hegyizs","image":{"@type":"ImageObject","inLanguage":"hu","@id":"https:\/\/www.welovecycling.com\/hu\/#\/schema\/person\/image\/","url":"https:\/\/secure.gravatar.com\/avatar\/02cf8a7906b8cf90cecb4679defac7cfd33a1c2e3b88e4903d947f3bb58eedd3?s=96&d=mm&r=g","contentUrl":"https:\/\/secure.gravatar.com\/avatar\/02cf8a7906b8cf90cecb4679defac7cfd33a1c2e3b88e4903d947f3bb58eedd3?s=96&d=mm&r=g","caption":"hegyizs"},"url":"https:\/\/www.welovecycling.com\/hu\/author\/hegyizs\/"}]}},"_links":{"self":[{"href":"https:\/\/www.welovecycling.com\/hu\/wp-json\/wp\/v2\/posts\/11637","targetHints":{"allow":["GET"]}}],"collection":[{"href":"https:\/\/www.welovecycling.com\/hu\/wp-json\/wp\/v2\/posts"}],"about":[{"href":"https:\/\/www.welovecycling.com\/hu\/wp-json\/wp\/v2\/types\/post"}],"author":[{"embeddable":true,"href":"https:\/\/www.welovecycling.com\/hu\/wp-json\/wp\/v2\/users\/71"}],"replies":[{"embeddable":true,"href":"https:\/\/www.welovecycling.com\/hu\/wp-json\/wp\/v2\/comments?post=11637"}],"version-history":[{"count":2,"href":"https:\/\/www.welovecycling.com\/hu\/wp-json\/wp\/v2\/posts\/11637\/revisions"}],"predecessor-version":[{"id":11667,"href":"https:\/\/www.welovecycling.com\/hu\/wp-json\/wp\/v2\/posts\/11637\/revisions\/11667"}],"wp:featuredmedia":[{"embeddable":true,"href":"https:\/\/www.welovecycling.com\/hu\/wp-json\/wp\/v2\/media\/11641"}],"wp:attachment":[{"href":"https:\/\/www.welovecycling.com\/hu\/wp-json\/wp\/v2\/media?parent=11637"}],"wp:term":[{"taxonomy":"category","embeddable":true,"href":"https:\/\/www.welovecycling.com\/hu\/wp-json\/wp\/v2\/categories?post=11637"},{"taxonomy":"post_tag","embeddable":true,"href":"https:\/\/www.welovecycling.com\/hu\/wp-json\/wp\/v2\/tags?post=11637"},{"taxonomy":"global-categories","embeddable":true,"href":"https:\/\/www.welovecycling.com\/hu\/wp-json\/wp\/v2\/global-categories?post=11637"}],"curies":[{"name":"wp","href":"https:\/\/api.w.org\/{rel}","templated":true}]}}