{"id":11612,"date":"2021-06-03T08:00:50","date_gmt":"2021-06-03T06:00:50","guid":{"rendered":"https:\/\/www.welovecycling.com\/hu\/?p=11612"},"modified":"2021-06-01T12:12:23","modified_gmt":"2021-06-01T10:12:23","slug":"mi-tortenik-ha-egy-velodrom-magara-marad","status":"publish","type":"post","link":"https:\/\/www.welovecycling.com\/hu\/kozosseg-es-kultura\/mi-tortenik-ha-egy-velodrom-magara-marad\/","title":{"rendered":"Mi t\u00f6rt\u00e9nik, ha egy velodrom mag\u00e1ra marad?"},"content":{"rendered":"<p><strong>V\u00e9lem\u00e9nyem szerint a Tour de France legnagyobb \u00f6r\u00f6ks\u00e9gei nem m\u00e1sok, mint a fantasztikus utak. Nem csak a vil\u00e1g legjobb orsz\u00e1g\u00fati verseny\u00e9t k\u00f6sz\u00f6nhetj\u00fck neki, de egy olyan hagyat\u00e9kot is, amit mind a motorosok, mind a biciklisek \u00e9lvezhetnek \u00e9s \u00e9rt\u00e9kelhetnek. <\/strong><!--more--><\/p>\n<p>A p\u00e1lyaker\u00e9kp\u00e1roz\u00e1s azonban m\u00e1s k\u00e9rd\u00e9s, mert b\u00e1r nagyon izgalmas, az \u00fathaszn\u00e1l\u00f3knak k\u00e9s\u0151bb nem sok hasznuk van bel\u0151le. Hasonl\u00edtsunk \u00f6ssze k\u00e9t legend\u00e1s versenyp\u00e1ly\u00e1t \u00e9s a t\u00f6rt\u00e9nelm\u00fckben rejl\u0151 k\u00fcl\u00f6nbs\u00e9geket!<\/p>\n<h2><strong>A d\u00e9l-chicag\u00f3i velodrom, USA<\/strong><\/h2>\n<p>A bicikliverseny m\u00e1r j\u00f3val a foci, a j\u00e9gkorong \u00e9s a baseball el\u0151tt n\u00e9pszer\u0171 volt Amerik\u00e1ban, \u00e9s a chicag\u00f3i South Side velodrom r\u00e9sze lett a t\u00f6rt\u00e9nelemnek. Sajnos a hagyom\u00e1nyos p\u00e1lyaversenyz\u00e9s kezd feled\u00e9sbe mer\u00fclni, de addig biztos nem kell agg\u00f3dnunk, am\u00edg a South Chicago Velodrome Association nonprofit szervezet belesz\u00f3lhat a t\u00f6rt\u00e9n\u00e9sekbe.<\/p>\n<lite-youtube videoid=F2BkS8buv9w params=\"enablejsapi=1\" style=\"background-image: url('https:\/\/i.ytimg.com\/vi_webp\/F2BkS8buv9w\/maxresdefault.webp');\"><\/lite-youtube>\n<p>A fent l\u00e1that\u00f3, 2015-ben k\u00e9sz\u00fclt vide\u00f3 az \u00c9szak-Amerik\u00e1ban maradt egyetlen, 53 fokos meredeks\u00e9ggel rendelkez\u0151 p\u00e1lya megment\u00e9s\u00e9t mutatja be. A k\u00e9ts\u00e9gtelen \u00e9rdekl\u0151d\u00e9s ellen\u00e9re a d\u00e9l-chicag\u00f3i p\u00e1lya min\u0151s\u00e9ge tov\u00e1bb romlott. 2021-ben m\u00e1r \u00edgy n\u00e9z ki.<\/p>\n<lite-youtube videoid=SMGFo0lsxyY params=\"enablejsapi=1\" style=\"background-image: url('https:\/\/i.ytimg.com\/vi_webp\/SMGFo0lsxyY\/maxresdefault.webp');\"><\/lite-youtube>\n<h2><strong>Herne Hill velodrom, Egyes\u00fclt Kir\u00e1lys\u00e1g<\/strong><\/h2>\n<p>1948-ban az Egyes\u00fclt Kir\u00e1lys\u00e1gban rendezt\u00e9k meg az olimpi\u00e1t, a Herne Hillt pedig a biciklis versenyek sz\u00e1m\u00e1ra \u00e9p\u00edtett\u00e9k. Ezut\u00e1n a p\u00e1lya hossz\u00fa \u00e9vekig Nagy-Britannia legdemokratikusabb \u00e9s legbefogad\u00f3bb sport\u00e1g szinonim\u00e1j\u00e1v\u00e1 v\u00e1lt: a bicikliz\u00e9s\u00e9.<\/p>\n<lite-youtube videoid=q4iglF714cI params=\"enablejsapi=1\" style=\"background-image: url('https:\/\/i.ytimg.com\/vi_webp\/q4iglF714cI\/maxresdefault.webp');\"><\/lite-youtube>\n<p>Sajnos a Herne Hill p\u00e1lya min\u0151s\u00e9ge annyira leromlott az \u00e9vek sor\u00e1n, hogy 2011-ben m\u00e1r m\u00e1shol rendezt\u00e9k meg a legh\u00edresebb versenyeket. Szerencs\u00e9re a British Cycling 15 \u00e9ves b\u00e9rleti szerz\u0151d\u00e9se \u00e9s a versenyek biztos\u00edtott\u00e1k az \u00fajb\u00f3li felemelked\u00e9s\u00e9t. N\u00e9zd csak!<\/p>\n<lite-youtube videoid=saVO7lBFKwM params=\"enablejsapi=1\" style=\"background-image: url('https:\/\/i.ytimg.com\/vi_webp\/saVO7lBFKwM\/maxresdefault.webp');\"><\/lite-youtube>\n<h2><strong>Mi menti meg Chicag\u00f3t?<\/strong><\/h2>\n<p>Illinois-szal az a helyzet, hogy nincs hi\u00e1ny ker\u00e9kp\u00e1roz\u00e1sba befektet\u0151 emberekb\u0151l. Rengeteg beruh\u00e1z\u00e1s t\u00f6rt\u00e9nt a biciklis \u00e1llom\u00e1sokon \u00e9s a festett ker\u00e9kp\u00e1rutakon is. Tal\u00e1n Chicag\u00f3nak sz\u00fcks\u00e9ge van egy eml\u00e9keztet\u0151re, hogy a bicikliz\u00e9s nem csak a k\u00f6zleked\u00e9sr\u0151l sz\u00f3l: sokkal ink\u00e1bb a szenved\u00e9lyr\u0151l.<\/p>\n<p>Hiszen nincs is romantikusabb ann\u00e1l, mint kar\u00e1csony \u00e9s \u00faj\u00e9v k\u00f6z\u00f6tt 500 km-t biciklizni a legnagyobb hidegben\u2026<\/p>\n<lite-youtube videoid=MLHin4Tud9w params=\"enablejsapi=1\" style=\"background-image: url('https:\/\/i.ytimg.com\/vi_webp\/MLHin4Tud9w\/maxresdefault.webp');\"><\/lite-youtube>\n","protected":false},"excerpt":{"rendered":"<p>V\u00e9lem\u00e9nyem szerint a Tour de France legnagyobb \u00f6r\u00f6ks\u00e9gei nem m\u00e1sok, mint a fantasztikus utak. Nem csak a vil\u00e1g legjobb orsz\u00e1g\u00fati [&hellip;]<\/p>\n","protected":false},"author":71,"featured_media":11618,"comment_status":"closed","ping_status":"closed","sticky":false,"template":"","format":"standard","meta":{"footnotes":""},"categories":[12],"tags":[],"global-categories":[],"class_list":["post-11612","post","type-post","status-publish","format-standard","has-post-thumbnail","hentry","category-kozosseg-es-kultura"],"yoast_head":"<!-- This site is optimized with the Yoast SEO Premium plugin v25.3 (Yoast SEO v25.9) - https:\/\/yoast.com\/wordpress\/plugins\/seo\/ -->\n<title>Mi t\u00f6rt\u00e9nik, ha egy velodrom mag\u00e1ra marad? - \u0160koda We Love Cycling - Magyarorsz\u00e1g<\/title>\n<meta name=\"description\" content=\"V\u00e9lem\u00e9nyem szerint a Tour de France legnagyobb \u00f6r\u00f6ks\u00e9gei nem m\u00e1sok, mint a fantasztikus utak.\" \/>\n<meta name=\"robots\" content=\"index, follow, max-snippet:-1, max-image-preview:large, max-video-preview:-1\" \/>\n<link rel=\"canonical\" href=\"https:\/\/www.welovecycling.com\/hu\/kozosseg-es-kultura\/mi-tortenik-ha-egy-velodrom-magara-marad\/\" \/>\n<meta property=\"og:locale\" content=\"hu_HU\" \/>\n<meta property=\"og:type\" content=\"article\" \/>\n<meta property=\"og:title\" content=\"Mi t\u00f6rt\u00e9nik, ha egy velodrom mag\u00e1ra marad?\" \/>\n<meta property=\"og:description\" content=\"V\u00e9lem\u00e9nyem szerint a Tour de France legnagyobb \u00f6r\u00f6ks\u00e9gei nem m\u00e1sok, mint a fantasztikus utak.\" \/>\n<meta property=\"og:url\" content=\"https:\/\/www.welovecycling.com\/hu\/kozosseg-es-kultura\/mi-tortenik-ha-egy-velodrom-magara-marad\/\" \/>\n<meta property=\"og:site_name\" content=\"\u0160koda We Love Cycling - Magyarorsz\u00e1g\" \/>\n<meta property=\"article:publisher\" content=\"https:\/\/www.facebook.com\/WeLoveCyclingHungary\/\" \/>\n<meta property=\"article:published_time\" content=\"2021-06-03T06:00:50+00:00\" \/>\n<meta property=\"og:image\" content=\"https:\/\/d2p6e6u75xmxt8.cloudfront.net\/12\/2021\/06\/Herne-Hill-Velodrome-profimedia-0139558257-CVR.jpg\" \/>\n\t<meta property=\"og:image:width\" content=\"1366\" \/>\n\t<meta property=\"og:image:height\" content=\"600\" \/>\n\t<meta property=\"og:image:type\" content=\"image\/jpeg\" \/>\n<meta name=\"author\" content=\"hegyizs\" \/>\n<meta name=\"twitter:card\" content=\"summary_large_image\" \/>\n<meta name=\"twitter:label1\" content=\"Written by\" \/>\n\t<meta name=\"twitter:data1\" content=\"Christopher Ashley\" \/>\n\t<meta name=\"twitter:label2\" content=\"Est. reading time\" \/>\n\t<meta name=\"twitter:data2\" content=\"6\" \/>\n<script type=\"application\/ld+json\" class=\"yoast-schema-graph\">{\"@context\":\"https:\/\/schema.org\",\"@graph\":[{\"@type\":\"WebPage\",\"@id\":\"https:\/\/www.welovecycling.com\/hu\/kozosseg-es-kultura\/mi-tortenik-ha-egy-velodrom-magara-marad\/\",\"url\":\"https:\/\/www.welovecycling.com\/hu\/kozosseg-es-kultura\/mi-tortenik-ha-egy-velodrom-magara-marad\/\",\"name\":\"Mi t\u00f6rt\u00e9nik, ha egy velodrom mag\u00e1ra marad? - \u0160koda We Love Cycling - Magyarorsz\u00e1g\",\"isPartOf\":{\"@id\":\"https:\/\/www.welovecycling.com\/hu\/#website\"},\"primaryImageOfPage\":{\"@id\":\"https:\/\/www.welovecycling.com\/hu\/kozosseg-es-kultura\/mi-tortenik-ha-egy-velodrom-magara-marad\/#primaryimage\"},\"image\":{\"@id\":\"https:\/\/www.welovecycling.com\/hu\/kozosseg-es-kultura\/mi-tortenik-ha-egy-velodrom-magara-marad\/#primaryimage\"},\"thumbnailUrl\":\"https:\/\/d2p6e6u75xmxt8.cloudfront.net\/12\/2021\/06\/Herne-Hill-Velodrome-profimedia-0139558257-CVR.jpg\",\"datePublished\":\"2021-06-03T06:00:50+00:00\",\"author\":{\"@id\":\"https:\/\/www.welovecycling.com\/hu\/#\/schema\/person\/414a2aebf1801691a5320edb6468e194\"},\"description\":\"V\u00e9lem\u00e9nyem szerint a Tour de France legnagyobb \u00f6r\u00f6ks\u00e9gei nem m\u00e1sok, mint a fantasztikus utak.\",\"breadcrumb\":{\"@id\":\"https:\/\/www.welovecycling.com\/hu\/kozosseg-es-kultura\/mi-tortenik-ha-egy-velodrom-magara-marad\/#breadcrumb\"},\"inLanguage\":\"hu\",\"potentialAction\":[{\"@type\":\"ReadAction\",\"target\":[\"https:\/\/www.welovecycling.com\/hu\/kozosseg-es-kultura\/mi-tortenik-ha-egy-velodrom-magara-marad\/\"]}]},{\"@type\":\"ImageObject\",\"inLanguage\":\"hu\",\"@id\":\"https:\/\/www.welovecycling.com\/hu\/kozosseg-es-kultura\/mi-tortenik-ha-egy-velodrom-magara-marad\/#primaryimage\",\"url\":\"https:\/\/d2p6e6u75xmxt8.cloudfront.net\/12\/2021\/06\/Herne-Hill-Velodrome-profimedia-0139558257-CVR.jpg\",\"contentUrl\":\"https:\/\/d2p6e6u75xmxt8.cloudfront.net\/12\/2021\/06\/Herne-Hill-Velodrome-profimedia-0139558257-CVR.jpg\",\"width\":1366,\"height\":600,\"caption\":\"Herne Hill Velodrome\"},{\"@type\":\"BreadcrumbList\",\"@id\":\"https:\/\/www.welovecycling.com\/hu\/kozosseg-es-kultura\/mi-tortenik-ha-egy-velodrom-magara-marad\/#breadcrumb\",\"itemListElement\":[{\"@type\":\"ListItem\",\"position\":1,\"name\":\"Home\",\"item\":\"https:\/\/www.welovecycling.com\/hu\/\"},{\"@type\":\"ListItem\",\"position\":2,\"name\":\"Mi t\u00f6rt\u00e9nik, ha egy velodrom mag\u00e1ra marad?\"}]},{\"@type\":\"WebSite\",\"@id\":\"https:\/\/www.welovecycling.com\/hu\/#website\",\"url\":\"https:\/\/www.welovecycling.com\/hu\/\",\"name\":\"\u0160koda We Love Cycling - Magyarorsz\u00e1g\",\"description\":\"\u0160koda WeLoveCycling\",\"potentialAction\":[{\"@type\":\"SearchAction\",\"target\":{\"@type\":\"EntryPoint\",\"urlTemplate\":\"https:\/\/www.welovecycling.com\/hu\/?s={search_term_string}\"},\"query-input\":{\"@type\":\"PropertyValueSpecification\",\"valueRequired\":true,\"valueName\":\"search_term_string\"}}],\"inLanguage\":\"hu\"},{\"@type\":\"Person\",\"@id\":\"https:\/\/www.welovecycling.com\/hu\/#\/schema\/person\/414a2aebf1801691a5320edb6468e194\",\"name\":\"hegyizs\",\"image\":{\"@type\":\"ImageObject\",\"inLanguage\":\"hu\",\"@id\":\"https:\/\/www.welovecycling.com\/hu\/#\/schema\/person\/image\/\",\"url\":\"https:\/\/secure.gravatar.com\/avatar\/02cf8a7906b8cf90cecb4679defac7cfd33a1c2e3b88e4903d947f3bb58eedd3?s=96&d=mm&r=g\",\"contentUrl\":\"https:\/\/secure.gravatar.com\/avatar\/02cf8a7906b8cf90cecb4679defac7cfd33a1c2e3b88e4903d947f3bb58eedd3?s=96&d=mm&r=g\",\"caption\":\"hegyizs\"},\"url\":\"https:\/\/www.welovecycling.com\/hu\/author\/hegyizs\/\"}]}<\/script>\n<!-- \/ Yoast SEO Premium plugin. -->","yoast_head_json":{"title":"Mi t\u00f6rt\u00e9nik, ha egy velodrom mag\u00e1ra marad? - \u0160koda We Love Cycling - Magyarorsz\u00e1g","description":"V\u00e9lem\u00e9nyem szerint a Tour de France legnagyobb \u00f6r\u00f6ks\u00e9gei nem m\u00e1sok, mint a fantasztikus utak.","robots":{"index":"index","follow":"follow","max-snippet":"max-snippet:-1","max-image-preview":"max-image-preview:large","max-video-preview":"max-video-preview:-1"},"canonical":"https:\/\/www.welovecycling.com\/hu\/kozosseg-es-kultura\/mi-tortenik-ha-egy-velodrom-magara-marad\/","og_locale":"hu_HU","og_type":"article","og_title":"Mi t\u00f6rt\u00e9nik, ha egy velodrom mag\u00e1ra marad?","og_description":"V\u00e9lem\u00e9nyem szerint a Tour de France legnagyobb \u00f6r\u00f6ks\u00e9gei nem m\u00e1sok, mint a fantasztikus utak.","og_url":"https:\/\/www.welovecycling.com\/hu\/kozosseg-es-kultura\/mi-tortenik-ha-egy-velodrom-magara-marad\/","og_site_name":"\u0160koda We Love Cycling - Magyarorsz\u00e1g","article_publisher":"https:\/\/www.facebook.com\/WeLoveCyclingHungary\/","article_published_time":"2021-06-03T06:00:50+00:00","og_image":[{"width":1366,"height":600,"url":"https:\/\/d2p6e6u75xmxt8.cloudfront.net\/12\/2021\/06\/Herne-Hill-Velodrome-profimedia-0139558257-CVR.jpg","type":"image\/jpeg"}],"author":"hegyizs","twitter_card":"summary_large_image","twitter_misc":{"Written by":"Christopher Ashley","Est. reading time":"6"},"schema":{"@context":"https:\/\/schema.org","@graph":[{"@type":"WebPage","@id":"https:\/\/www.welovecycling.com\/hu\/kozosseg-es-kultura\/mi-tortenik-ha-egy-velodrom-magara-marad\/","url":"https:\/\/www.welovecycling.com\/hu\/kozosseg-es-kultura\/mi-tortenik-ha-egy-velodrom-magara-marad\/","name":"Mi t\u00f6rt\u00e9nik, ha egy velodrom mag\u00e1ra marad? - \u0160koda We Love Cycling - Magyarorsz\u00e1g","isPartOf":{"@id":"https:\/\/www.welovecycling.com\/hu\/#website"},"primaryImageOfPage":{"@id":"https:\/\/www.welovecycling.com\/hu\/kozosseg-es-kultura\/mi-tortenik-ha-egy-velodrom-magara-marad\/#primaryimage"},"image":{"@id":"https:\/\/www.welovecycling.com\/hu\/kozosseg-es-kultura\/mi-tortenik-ha-egy-velodrom-magara-marad\/#primaryimage"},"thumbnailUrl":"https:\/\/d2p6e6u75xmxt8.cloudfront.net\/12\/2021\/06\/Herne-Hill-Velodrome-profimedia-0139558257-CVR.jpg","datePublished":"2021-06-03T06:00:50+00:00","author":{"@id":"https:\/\/www.welovecycling.com\/hu\/#\/schema\/person\/414a2aebf1801691a5320edb6468e194"},"description":"V\u00e9lem\u00e9nyem szerint a Tour de France legnagyobb \u00f6r\u00f6ks\u00e9gei nem m\u00e1sok, mint a fantasztikus utak.","breadcrumb":{"@id":"https:\/\/www.welovecycling.com\/hu\/kozosseg-es-kultura\/mi-tortenik-ha-egy-velodrom-magara-marad\/#breadcrumb"},"inLanguage":"hu","potentialAction":[{"@type":"ReadAction","target":["https:\/\/www.welovecycling.com\/hu\/kozosseg-es-kultura\/mi-tortenik-ha-egy-velodrom-magara-marad\/"]}]},{"@type":"ImageObject","inLanguage":"hu","@id":"https:\/\/www.welovecycling.com\/hu\/kozosseg-es-kultura\/mi-tortenik-ha-egy-velodrom-magara-marad\/#primaryimage","url":"https:\/\/d2p6e6u75xmxt8.cloudfront.net\/12\/2021\/06\/Herne-Hill-Velodrome-profimedia-0139558257-CVR.jpg","contentUrl":"https:\/\/d2p6e6u75xmxt8.cloudfront.net\/12\/2021\/06\/Herne-Hill-Velodrome-profimedia-0139558257-CVR.jpg","width":1366,"height":600,"caption":"Herne Hill Velodrome"},{"@type":"BreadcrumbList","@id":"https:\/\/www.welovecycling.com\/hu\/kozosseg-es-kultura\/mi-tortenik-ha-egy-velodrom-magara-marad\/#breadcrumb","itemListElement":[{"@type":"ListItem","position":1,"name":"Home","item":"https:\/\/www.welovecycling.com\/hu\/"},{"@type":"ListItem","position":2,"name":"Mi t\u00f6rt\u00e9nik, ha egy velodrom mag\u00e1ra marad?"}]},{"@type":"WebSite","@id":"https:\/\/www.welovecycling.com\/hu\/#website","url":"https:\/\/www.welovecycling.com\/hu\/","name":"\u0160koda We Love Cycling - Magyarorsz\u00e1g","description":"\u0160koda WeLoveCycling","potentialAction":[{"@type":"SearchAction","target":{"@type":"EntryPoint","urlTemplate":"https:\/\/www.welovecycling.com\/hu\/?s={search_term_string}"},"query-input":{"@type":"PropertyValueSpecification","valueRequired":true,"valueName":"search_term_string"}}],"inLanguage":"hu"},{"@type":"Person","@id":"https:\/\/www.welovecycling.com\/hu\/#\/schema\/person\/414a2aebf1801691a5320edb6468e194","name":"hegyizs","image":{"@type":"ImageObject","inLanguage":"hu","@id":"https:\/\/www.welovecycling.com\/hu\/#\/schema\/person\/image\/","url":"https:\/\/secure.gravatar.com\/avatar\/02cf8a7906b8cf90cecb4679defac7cfd33a1c2e3b88e4903d947f3bb58eedd3?s=96&d=mm&r=g","contentUrl":"https:\/\/secure.gravatar.com\/avatar\/02cf8a7906b8cf90cecb4679defac7cfd33a1c2e3b88e4903d947f3bb58eedd3?s=96&d=mm&r=g","caption":"hegyizs"},"url":"https:\/\/www.welovecycling.com\/hu\/author\/hegyizs\/"}]}},"_links":{"self":[{"href":"https:\/\/www.welovecycling.com\/hu\/wp-json\/wp\/v2\/posts\/11612","targetHints":{"allow":["GET"]}}],"collection":[{"href":"https:\/\/www.welovecycling.com\/hu\/wp-json\/wp\/v2\/posts"}],"about":[{"href":"https:\/\/www.welovecycling.com\/hu\/wp-json\/wp\/v2\/types\/post"}],"author":[{"embeddable":true,"href":"https:\/\/www.welovecycling.com\/hu\/wp-json\/wp\/v2\/users\/71"}],"replies":[{"embeddable":true,"href":"https:\/\/www.welovecycling.com\/hu\/wp-json\/wp\/v2\/comments?post=11612"}],"version-history":[{"count":1,"href":"https:\/\/www.welovecycling.com\/hu\/wp-json\/wp\/v2\/posts\/11612\/revisions"}],"predecessor-version":[{"id":11627,"href":"https:\/\/www.welovecycling.com\/hu\/wp-json\/wp\/v2\/posts\/11612\/revisions\/11627"}],"wp:featuredmedia":[{"embeddable":true,"href":"https:\/\/www.welovecycling.com\/hu\/wp-json\/wp\/v2\/media\/11618"}],"wp:attachment":[{"href":"https:\/\/www.welovecycling.com\/hu\/wp-json\/wp\/v2\/media?parent=11612"}],"wp:term":[{"taxonomy":"category","embeddable":true,"href":"https:\/\/www.welovecycling.com\/hu\/wp-json\/wp\/v2\/categories?post=11612"},{"taxonomy":"post_tag","embeddable":true,"href":"https:\/\/www.welovecycling.com\/hu\/wp-json\/wp\/v2\/tags?post=11612"},{"taxonomy":"global-categories","embeddable":true,"href":"https:\/\/www.welovecycling.com\/hu\/wp-json\/wp\/v2\/global-categories?post=11612"}],"curies":[{"name":"wp","href":"https:\/\/api.w.org\/{rel}","templated":true}]}}