{"id":11593,"date":"2021-06-06T08:00:40","date_gmt":"2021-06-06T06:00:40","guid":{"rendered":"https:\/\/www.welovecycling.com\/hu\/?p=11593"},"modified":"2021-05-28T16:13:34","modified_gmt":"2021-05-28T14:13:34","slug":"kepgaleria-a-giro-hihetetlen-szakaszarol-amit-nem-lathattunk-a-tv-ben","status":"publish","type":"post","link":"https:\/\/www.welovecycling.com\/hu\/orszaguti-kerekpar\/kepgaleria-a-giro-hihetetlen-szakaszarol-amit-nem-lathattunk-a-tv-ben\/","title":{"rendered":"K\u00e9pgal\u00e9ria a Giro hihetetlen szakasz\u00e1r\u00f3l, amit nem l\u00e1thattunk a Tv-ben"},"content":{"rendered":"<p><strong>Az idei Giro-t sosem felejtj\u00fck el, err\u0151l Valter Ati gondoskodott! Azonban a magyar siker mellett rengeteg m\u00e1s t\u00e9nyez\u0151 is eml\u00e9kezetess\u00e9 tette a 2021-es k\u00f6rversenyt, mint p\u00e9ld\u00e1ul a 16. szakasz, amin az extr\u00e9m id\u0151j\u00e1r\u00e1s lehetetlenn\u00e9 tette a k\u00f6zvet\u00edt\u00e9st. A Cycling Tips magazin azonban \u00f6sszegy\u0171jt\u00f6tte a k\u00e9peket, amik bemutatj\u00e1k, mivel kellett szemben\u00e9zni\u00fck a versenyz\u0151knek.<\/strong><!--more--><\/p>\n<p>A legnehezebb etapk\u00e9nt harangozt\u00e1k be: t\u00f6bb mint 5500 m\u00e9ter m\u00e1sz\u00e1s, 212 km-es \u00fat, n\u00e9gy sz\u00f6rny\u0171 hegycs\u00faccsal \u00e9s a verseny legmagasabb pontj\u00e1val. A rossz id\u0151j\u00e1r\u00e1s miatt v\u00e9g\u00fcl ler\u00f6vid\u00edtett\u00e9k, de m\u00e9g \u00edgy is az egyik legl\u00e1tv\u00e1nyosabb r\u00e9sze maradt a 2021-es Giro-nak a 16. etap.<\/p>\n<p>A Passo Fedaia \u00e9s a Passo Podroi v\u00e9g\u00fcl kimaradtak az \u00fatvonalb\u00f3l, de a Passo Giau \u00edgy is rengeteg dr\u00e1ma helysz\u00edne lett. A Tv-ben nem l\u00e1thattuk a szakaszt, mert a rossz id\u0151 miatt a helikopterek nem rep\u00fclhettek, \u00e9s az internet sem m\u0171k\u00f6d\u00f6tt t\u00fal j\u00f3l. Nagyj\u00e1b\u00f3l a szakasz utols\u00f3 \u00f3r\u00e1j\u00e1ban teljesen megsz\u0171nt a kapcsolat \u00e9s a n\u00e9z\u0151k izgulva v\u00e1rt\u00e1k a v\u00e9geredm\u00e9nyt. Szerencs\u00e9re volt azonban n\u00e9h\u00e1ny fot\u00f3s, t\u00f6bbek k\u00f6z\u00f6tt Ashley \u00e9s Jered Gruber \u00e9s Kristof Ramon, akik ott voltak a hegy tetej\u00e9n \u00e9s l\u00e9legzetel\u00e1ll\u00edt\u00f3 fot\u00f3kat k\u00e9sz\u00edtettek.<\/p>\n<p>A szakaszt Egan Bernal nyerte meg, amivel meger\u0151s\u00edtette az \u00f6sszetett helyez\u00e9s\u00e9t.<\/p>\n<div id='gallery-1' class='gallery galleryid-11593 gallery-columns-3 gallery-size-medium'><figure class='gallery-item'>\n\t\t\t<div class='gallery-icon landscape'>\n\t\t\t\t<a href='https:\/\/d2p6e6u75xmxt8.cloudfront.net\/12\/2021\/05\/2021-giro-ditalia-stage-16-grubers-1-1340x808-1.jpg'><img loading=\"lazy\" decoding=\"async\" width=\"300\" height=\"181\" src=\"https:\/\/d2p6e6u75xmxt8.cloudfront.net\/12\/2021\/05\/2021-giro-ditalia-stage-16-grubers-1-1340x808-1-300x181.jpg\" class=\"attachment-medium size-medium\" alt=\"\" srcset=\"https:\/\/d2p6e6u75xmxt8.cloudfront.net\/12\/2021\/05\/2021-giro-ditalia-stage-16-grubers-1-1340x808-1-300x181.jpg 300w, https:\/\/d2p6e6u75xmxt8.cloudfront.net\/12\/2021\/05\/2021-giro-ditalia-stage-16-grubers-1-1340x808-1-1024x617.jpg 1024w, https:\/\/d2p6e6u75xmxt8.cloudfront.net\/12\/2021\/05\/2021-giro-ditalia-stage-16-grubers-1-1340x808-1-768x463.jpg 768w, https:\/\/d2p6e6u75xmxt8.cloudfront.net\/12\/2021\/05\/2021-giro-ditalia-stage-16-grubers-1-1340x808-1.jpg 1340w\" sizes=\"auto, (max-width: 300px) 100vw, 300px\" \/><\/a>\n\t\t\t<\/div><\/figure><figure class='gallery-item'>\n\t\t\t<div class='gallery-icon landscape'>\n\t\t\t\t<a href='https:\/\/d2p6e6u75xmxt8.cloudfront.net\/12\/2021\/05\/2021-giro-ditalia-stage-16-grubers-4-1340x894-1.jpg'><img loading=\"lazy\" decoding=\"async\" width=\"300\" height=\"200\" src=\"https:\/\/d2p6e6u75xmxt8.cloudfront.net\/12\/2021\/05\/2021-giro-ditalia-stage-16-grubers-4-1340x894-1-300x200.jpg\" class=\"attachment-medium size-medium\" alt=\"\" srcset=\"https:\/\/d2p6e6u75xmxt8.cloudfront.net\/12\/2021\/05\/2021-giro-ditalia-stage-16-grubers-4-1340x894-1-300x200.jpg 300w, https:\/\/d2p6e6u75xmxt8.cloudfront.net\/12\/2021\/05\/2021-giro-ditalia-stage-16-grubers-4-1340x894-1-1024x683.jpg 1024w, https:\/\/d2p6e6u75xmxt8.cloudfront.net\/12\/2021\/05\/2021-giro-ditalia-stage-16-grubers-4-1340x894-1-768x512.jpg 768w, https:\/\/d2p6e6u75xmxt8.cloudfront.net\/12\/2021\/05\/2021-giro-ditalia-stage-16-grubers-4-1340x894-1-272x182.jpg 272w, https:\/\/d2p6e6u75xmxt8.cloudfront.net\/12\/2021\/05\/2021-giro-ditalia-stage-16-grubers-4-1340x894-1.jpg 1340w\" sizes=\"auto, (max-width: 300px) 100vw, 300px\" \/><\/a>\n\t\t\t<\/div><\/figure><figure class='gallery-item'>\n\t\t\t<div class='gallery-icon landscape'>\n\t\t\t\t<a href='https:\/\/d2p6e6u75xmxt8.cloudfront.net\/12\/2021\/05\/2021-giro-ditalia-stage-16-grubers-6-1340x831-1.jpg'><img loading=\"lazy\" decoding=\"async\" width=\"300\" height=\"186\" src=\"https:\/\/d2p6e6u75xmxt8.cloudfront.net\/12\/2021\/05\/2021-giro-ditalia-stage-16-grubers-6-1340x831-1-300x186.jpg\" class=\"attachment-medium size-medium\" alt=\"\" srcset=\"https:\/\/d2p6e6u75xmxt8.cloudfront.net\/12\/2021\/05\/2021-giro-ditalia-stage-16-grubers-6-1340x831-1-300x186.jpg 300w, https:\/\/d2p6e6u75xmxt8.cloudfront.net\/12\/2021\/05\/2021-giro-ditalia-stage-16-grubers-6-1340x831-1-1024x635.jpg 1024w, https:\/\/d2p6e6u75xmxt8.cloudfront.net\/12\/2021\/05\/2021-giro-ditalia-stage-16-grubers-6-1340x831-1-768x476.jpg 768w, https:\/\/d2p6e6u75xmxt8.cloudfront.net\/12\/2021\/05\/2021-giro-ditalia-stage-16-grubers-6-1340x831-1.jpg 1340w\" sizes=\"auto, (max-width: 300px) 100vw, 300px\" \/><\/a>\n\t\t\t<\/div><\/figure><figure class='gallery-item'>\n\t\t\t<div class='gallery-icon landscape'>\n\t\t\t\t<a href='https:\/\/d2p6e6u75xmxt8.cloudfront.net\/12\/2021\/05\/2021-giro-ditalia-stage-16-grubers-11-1340x1072-1.jpg'><img loading=\"lazy\" decoding=\"async\" width=\"300\" height=\"240\" src=\"https:\/\/d2p6e6u75xmxt8.cloudfront.net\/12\/2021\/05\/2021-giro-ditalia-stage-16-grubers-11-1340x1072-1-300x240.jpg\" class=\"attachment-medium size-medium\" alt=\"\" srcset=\"https:\/\/d2p6e6u75xmxt8.cloudfront.net\/12\/2021\/05\/2021-giro-ditalia-stage-16-grubers-11-1340x1072-1-300x240.jpg 300w, https:\/\/d2p6e6u75xmxt8.cloudfront.net\/12\/2021\/05\/2021-giro-ditalia-stage-16-grubers-11-1340x1072-1-1024x819.jpg 1024w, https:\/\/d2p6e6u75xmxt8.cloudfront.net\/12\/2021\/05\/2021-giro-ditalia-stage-16-grubers-11-1340x1072-1-768x614.jpg 768w, https:\/\/d2p6e6u75xmxt8.cloudfront.net\/12\/2021\/05\/2021-giro-ditalia-stage-16-grubers-11-1340x1072-1.jpg 1340w\" sizes=\"auto, (max-width: 300px) 100vw, 300px\" \/><\/a>\n\t\t\t<\/div><\/figure><figure class='gallery-item'>\n\t\t\t<div class='gallery-icon landscape'>\n\t\t\t\t<a href='https:\/\/d2p6e6u75xmxt8.cloudfront.net\/12\/2021\/05\/2021-giro-ditalia-stage-16-grubers-15-1340x894-1.jpg'><img loading=\"lazy\" decoding=\"async\" width=\"300\" height=\"200\" src=\"https:\/\/d2p6e6u75xmxt8.cloudfront.net\/12\/2021\/05\/2021-giro-ditalia-stage-16-grubers-15-1340x894-1-300x200.jpg\" class=\"attachment-medium size-medium\" alt=\"\" srcset=\"https:\/\/d2p6e6u75xmxt8.cloudfront.net\/12\/2021\/05\/2021-giro-ditalia-stage-16-grubers-15-1340x894-1-300x200.jpg 300w, https:\/\/d2p6e6u75xmxt8.cloudfront.net\/12\/2021\/05\/2021-giro-ditalia-stage-16-grubers-15-1340x894-1-1024x683.jpg 1024w, https:\/\/d2p6e6u75xmxt8.cloudfront.net\/12\/2021\/05\/2021-giro-ditalia-stage-16-grubers-15-1340x894-1-768x512.jpg 768w, https:\/\/d2p6e6u75xmxt8.cloudfront.net\/12\/2021\/05\/2021-giro-ditalia-stage-16-grubers-15-1340x894-1-272x182.jpg 272w, https:\/\/d2p6e6u75xmxt8.cloudfront.net\/12\/2021\/05\/2021-giro-ditalia-stage-16-grubers-15-1340x894-1.jpg 1340w\" sizes=\"auto, (max-width: 300px) 100vw, 300px\" \/><\/a>\n\t\t\t<\/div><\/figure><figure class='gallery-item'>\n\t\t\t<div class='gallery-icon landscape'>\n\t\t\t\t<a href='https:\/\/d2p6e6u75xmxt8.cloudfront.net\/12\/2021\/05\/2021-giro-ditalia-stage-16-grubers-23-1340x894-1.jpg'><img loading=\"lazy\" decoding=\"async\" width=\"300\" height=\"200\" src=\"https:\/\/d2p6e6u75xmxt8.cloudfront.net\/12\/2021\/05\/2021-giro-ditalia-stage-16-grubers-23-1340x894-1-300x200.jpg\" class=\"attachment-medium size-medium\" alt=\"\" srcset=\"https:\/\/d2p6e6u75xmxt8.cloudfront.net\/12\/2021\/05\/2021-giro-ditalia-stage-16-grubers-23-1340x894-1-300x200.jpg 300w, https:\/\/d2p6e6u75xmxt8.cloudfront.net\/12\/2021\/05\/2021-giro-ditalia-stage-16-grubers-23-1340x894-1-1024x683.jpg 1024w, https:\/\/d2p6e6u75xmxt8.cloudfront.net\/12\/2021\/05\/2021-giro-ditalia-stage-16-grubers-23-1340x894-1-768x512.jpg 768w, https:\/\/d2p6e6u75xmxt8.cloudfront.net\/12\/2021\/05\/2021-giro-ditalia-stage-16-grubers-23-1340x894-1-272x182.jpg 272w, https:\/\/d2p6e6u75xmxt8.cloudfront.net\/12\/2021\/05\/2021-giro-ditalia-stage-16-grubers-23-1340x894-1.jpg 1340w\" sizes=\"auto, (max-width: 300px) 100vw, 300px\" \/><\/a>\n\t\t\t<\/div><\/figure><figure class='gallery-item'>\n\t\t\t<div class='gallery-icon landscape'>\n\t\t\t\t<a href='https:\/\/d2p6e6u75xmxt8.cloudfront.net\/12\/2021\/05\/2021-giro-ditalia-stage-16-grubers-27-1340x771-1.jpg'><img loading=\"lazy\" decoding=\"async\" width=\"300\" height=\"173\" src=\"https:\/\/d2p6e6u75xmxt8.cloudfront.net\/12\/2021\/05\/2021-giro-ditalia-stage-16-grubers-27-1340x771-1-300x173.jpg\" class=\"attachment-medium size-medium\" alt=\"\" srcset=\"https:\/\/d2p6e6u75xmxt8.cloudfront.net\/12\/2021\/05\/2021-giro-ditalia-stage-16-grubers-27-1340x771-1-300x173.jpg 300w, https:\/\/d2p6e6u75xmxt8.cloudfront.net\/12\/2021\/05\/2021-giro-ditalia-stage-16-grubers-27-1340x771-1-1024x589.jpg 1024w, https:\/\/d2p6e6u75xmxt8.cloudfront.net\/12\/2021\/05\/2021-giro-ditalia-stage-16-grubers-27-1340x771-1-768x442.jpg 768w, https:\/\/d2p6e6u75xmxt8.cloudfront.net\/12\/2021\/05\/2021-giro-ditalia-stage-16-grubers-27-1340x771-1.jpg 1340w\" sizes=\"auto, (max-width: 300px) 100vw, 300px\" \/><\/a>\n\t\t\t<\/div><\/figure><figure class='gallery-item'>\n\t\t\t<div class='gallery-icon landscape'>\n\t\t\t\t<a href='https:\/\/d2p6e6u75xmxt8.cloudfront.net\/12\/2021\/05\/2021-giro-ditalia-stage-16-grubers-40-1340x894-1.jpg'><img loading=\"lazy\" decoding=\"async\" width=\"300\" height=\"200\" src=\"https:\/\/d2p6e6u75xmxt8.cloudfront.net\/12\/2021\/05\/2021-giro-ditalia-stage-16-grubers-40-1340x894-1-300x200.jpg\" class=\"attachment-medium size-medium\" alt=\"\" srcset=\"https:\/\/d2p6e6u75xmxt8.cloudfront.net\/12\/2021\/05\/2021-giro-ditalia-stage-16-grubers-40-1340x894-1-300x200.jpg 300w, https:\/\/d2p6e6u75xmxt8.cloudfront.net\/12\/2021\/05\/2021-giro-ditalia-stage-16-grubers-40-1340x894-1-1024x683.jpg 1024w, https:\/\/d2p6e6u75xmxt8.cloudfront.net\/12\/2021\/05\/2021-giro-ditalia-stage-16-grubers-40-1340x894-1-768x512.jpg 768w, https:\/\/d2p6e6u75xmxt8.cloudfront.net\/12\/2021\/05\/2021-giro-ditalia-stage-16-grubers-40-1340x894-1-272x182.jpg 272w, https:\/\/d2p6e6u75xmxt8.cloudfront.net\/12\/2021\/05\/2021-giro-ditalia-stage-16-grubers-40-1340x894-1.jpg 1340w\" sizes=\"auto, (max-width: 300px) 100vw, 300px\" \/><\/a>\n\t\t\t<\/div><\/figure><figure class='gallery-item'>\n\t\t\t<div class='gallery-icon landscape'>\n\t\t\t\t<a href='https:\/\/d2p6e6u75xmxt8.cloudfront.net\/12\/2021\/05\/2021-giro-ditalia-stage-16-grubers-46-1340x894-1.jpg'><img loading=\"lazy\" decoding=\"async\" width=\"300\" height=\"200\" src=\"https:\/\/d2p6e6u75xmxt8.cloudfront.net\/12\/2021\/05\/2021-giro-ditalia-stage-16-grubers-46-1340x894-1-300x200.jpg\" class=\"attachment-medium size-medium\" alt=\"\" srcset=\"https:\/\/d2p6e6u75xmxt8.cloudfront.net\/12\/2021\/05\/2021-giro-ditalia-stage-16-grubers-46-1340x894-1-300x200.jpg 300w, https:\/\/d2p6e6u75xmxt8.cloudfront.net\/12\/2021\/05\/2021-giro-ditalia-stage-16-grubers-46-1340x894-1-1024x683.jpg 1024w, https:\/\/d2p6e6u75xmxt8.cloudfront.net\/12\/2021\/05\/2021-giro-ditalia-stage-16-grubers-46-1340x894-1-768x512.jpg 768w, https:\/\/d2p6e6u75xmxt8.cloudfront.net\/12\/2021\/05\/2021-giro-ditalia-stage-16-grubers-46-1340x894-1-272x182.jpg 272w, https:\/\/d2p6e6u75xmxt8.cloudfront.net\/12\/2021\/05\/2021-giro-ditalia-stage-16-grubers-46-1340x894-1.jpg 1340w\" sizes=\"auto, (max-width: 300px) 100vw, 300px\" \/><\/a>\n\t\t\t<\/div><\/figure><figure class='gallery-item'>\n\t\t\t<div class='gallery-icon landscape'>\n\t\t\t\t<a href='https:\/\/d2p6e6u75xmxt8.cloudfront.net\/12\/2021\/05\/2021-giro-ditalia-stage-16-kramon-1-1340x894-1.jpg'><img loading=\"lazy\" decoding=\"async\" width=\"300\" height=\"200\" src=\"https:\/\/d2p6e6u75xmxt8.cloudfront.net\/12\/2021\/05\/2021-giro-ditalia-stage-16-kramon-1-1340x894-1-300x200.jpg\" class=\"attachment-medium size-medium\" alt=\"\" srcset=\"https:\/\/d2p6e6u75xmxt8.cloudfront.net\/12\/2021\/05\/2021-giro-ditalia-stage-16-kramon-1-1340x894-1-300x200.jpg 300w, https:\/\/d2p6e6u75xmxt8.cloudfront.net\/12\/2021\/05\/2021-giro-ditalia-stage-16-kramon-1-1340x894-1-1024x683.jpg 1024w, https:\/\/d2p6e6u75xmxt8.cloudfront.net\/12\/2021\/05\/2021-giro-ditalia-stage-16-kramon-1-1340x894-1-768x512.jpg 768w, https:\/\/d2p6e6u75xmxt8.cloudfront.net\/12\/2021\/05\/2021-giro-ditalia-stage-16-kramon-1-1340x894-1-272x182.jpg 272w, https:\/\/d2p6e6u75xmxt8.cloudfront.net\/12\/2021\/05\/2021-giro-ditalia-stage-16-kramon-1-1340x894-1.jpg 1340w\" sizes=\"auto, (max-width: 300px) 100vw, 300px\" \/><\/a>\n\t\t\t<\/div><\/figure><figure class='gallery-item'>\n\t\t\t<div class='gallery-icon landscape'>\n\t\t\t\t<a href='https:\/\/d2p6e6u75xmxt8.cloudfront.net\/12\/2021\/05\/2021-giro-ditalia-stage-16-kramon-5-1340x894-1.jpg'><img loading=\"lazy\" decoding=\"async\" width=\"300\" height=\"200\" src=\"https:\/\/d2p6e6u75xmxt8.cloudfront.net\/12\/2021\/05\/2021-giro-ditalia-stage-16-kramon-5-1340x894-1-300x200.jpg\" class=\"attachment-medium size-medium\" alt=\"\" srcset=\"https:\/\/d2p6e6u75xmxt8.cloudfront.net\/12\/2021\/05\/2021-giro-ditalia-stage-16-kramon-5-1340x894-1-300x200.jpg 300w, https:\/\/d2p6e6u75xmxt8.cloudfront.net\/12\/2021\/05\/2021-giro-ditalia-stage-16-kramon-5-1340x894-1-1024x683.jpg 1024w, https:\/\/d2p6e6u75xmxt8.cloudfront.net\/12\/2021\/05\/2021-giro-ditalia-stage-16-kramon-5-1340x894-1-768x512.jpg 768w, https:\/\/d2p6e6u75xmxt8.cloudfront.net\/12\/2021\/05\/2021-giro-ditalia-stage-16-kramon-5-1340x894-1-272x182.jpg 272w, https:\/\/d2p6e6u75xmxt8.cloudfront.net\/12\/2021\/05\/2021-giro-ditalia-stage-16-kramon-5-1340x894-1.jpg 1340w\" sizes=\"auto, (max-width: 300px) 100vw, 300px\" \/><\/a>\n\t\t\t<\/div><\/figure><figure class='gallery-item'>\n\t\t\t<div class='gallery-icon landscape'>\n\t\t\t\t<a href='https:\/\/d2p6e6u75xmxt8.cloudfront.net\/12\/2021\/05\/2021-giro-ditalia-stage-16-kramon-8-1340x894-1.jpg'><img loading=\"lazy\" decoding=\"async\" width=\"300\" height=\"200\" src=\"https:\/\/d2p6e6u75xmxt8.cloudfront.net\/12\/2021\/05\/2021-giro-ditalia-stage-16-kramon-8-1340x894-1-300x200.jpg\" class=\"attachment-medium size-medium\" alt=\"\" srcset=\"https:\/\/d2p6e6u75xmxt8.cloudfront.net\/12\/2021\/05\/2021-giro-ditalia-stage-16-kramon-8-1340x894-1-300x200.jpg 300w, https:\/\/d2p6e6u75xmxt8.cloudfront.net\/12\/2021\/05\/2021-giro-ditalia-stage-16-kramon-8-1340x894-1-1024x683.jpg 1024w, https:\/\/d2p6e6u75xmxt8.cloudfront.net\/12\/2021\/05\/2021-giro-ditalia-stage-16-kramon-8-1340x894-1-768x512.jpg 768w, https:\/\/d2p6e6u75xmxt8.cloudfront.net\/12\/2021\/05\/2021-giro-ditalia-stage-16-kramon-8-1340x894-1-272x182.jpg 272w, https:\/\/d2p6e6u75xmxt8.cloudfront.net\/12\/2021\/05\/2021-giro-ditalia-stage-16-kramon-8-1340x894-1.jpg 1340w\" sizes=\"auto, (max-width: 300px) 100vw, 300px\" \/><\/a>\n\t\t\t<\/div><\/figure><figure class='gallery-item'>\n\t\t\t<div class='gallery-icon landscape'>\n\t\t\t\t<a href='https:\/\/d2p6e6u75xmxt8.cloudfront.net\/12\/2021\/05\/2021-giro-ditalia-stage-16-kramon-14-1340x870-1.jpg'><img loading=\"lazy\" decoding=\"async\" width=\"300\" height=\"195\" src=\"https:\/\/d2p6e6u75xmxt8.cloudfront.net\/12\/2021\/05\/2021-giro-ditalia-stage-16-kramon-14-1340x870-1-300x195.jpg\" class=\"attachment-medium size-medium\" alt=\"\" srcset=\"https:\/\/d2p6e6u75xmxt8.cloudfront.net\/12\/2021\/05\/2021-giro-ditalia-stage-16-kramon-14-1340x870-1-300x195.jpg 300w, https:\/\/d2p6e6u75xmxt8.cloudfront.net\/12\/2021\/05\/2021-giro-ditalia-stage-16-kramon-14-1340x870-1-1024x665.jpg 1024w, https:\/\/d2p6e6u75xmxt8.cloudfront.net\/12\/2021\/05\/2021-giro-ditalia-stage-16-kramon-14-1340x870-1-768x499.jpg 768w, https:\/\/d2p6e6u75xmxt8.cloudfront.net\/12\/2021\/05\/2021-giro-ditalia-stage-16-kramon-14-1340x870-1.jpg 1340w\" sizes=\"auto, (max-width: 300px) 100vw, 300px\" \/><\/a>\n\t\t\t<\/div><\/figure><figure class='gallery-item'>\n\t\t\t<div class='gallery-icon landscape'>\n\t\t\t\t<a href='https:\/\/d2p6e6u75xmxt8.cloudfront.net\/12\/2021\/05\/2021-giro-ditalia-stage-16-kramon-15-1340x894-1.jpg'><img loading=\"lazy\" decoding=\"async\" width=\"300\" height=\"200\" src=\"https:\/\/d2p6e6u75xmxt8.cloudfront.net\/12\/2021\/05\/2021-giro-ditalia-stage-16-kramon-15-1340x894-1-300x200.jpg\" class=\"attachment-medium size-medium\" alt=\"\" srcset=\"https:\/\/d2p6e6u75xmxt8.cloudfront.net\/12\/2021\/05\/2021-giro-ditalia-stage-16-kramon-15-1340x894-1-300x200.jpg 300w, https:\/\/d2p6e6u75xmxt8.cloudfront.net\/12\/2021\/05\/2021-giro-ditalia-stage-16-kramon-15-1340x894-1-1024x683.jpg 1024w, https:\/\/d2p6e6u75xmxt8.cloudfront.net\/12\/2021\/05\/2021-giro-ditalia-stage-16-kramon-15-1340x894-1-768x512.jpg 768w, https:\/\/d2p6e6u75xmxt8.cloudfront.net\/12\/2021\/05\/2021-giro-ditalia-stage-16-kramon-15-1340x894-1-272x182.jpg 272w, https:\/\/d2p6e6u75xmxt8.cloudfront.net\/12\/2021\/05\/2021-giro-ditalia-stage-16-kramon-15-1340x894-1.jpg 1340w\" sizes=\"auto, (max-width: 300px) 100vw, 300px\" \/><\/a>\n\t\t\t<\/div><\/figure>\n\t\t<\/div>\n\n<p><em>Forr\u00e1s: <\/em><a href=\"https:\/\/cyclingtips.com\/2021\/05\/gallery-amazing-images-from-the-giro-stage-we-never-saw\/\"><em>cyclingtips.com<\/em><\/a><\/p>\n","protected":false},"excerpt":{"rendered":"<p>Az idei Giro-t sosem felejtj\u00fck el, err\u0151l Valter Ati gondoskodott! Azonban a magyar siker mellett rengeteg m\u00e1s t\u00e9nyez\u0151 is eml\u00e9kezetess\u00e9 [&hellip;]<\/p>\n","protected":false},"author":71,"featured_media":11594,"comment_status":"closed","ping_status":"closed","sticky":false,"template":"","format":"standard","meta":{"footnotes":""},"categories":[8],"tags":[],"global-categories":[],"class_list":["post-11593","post","type-post","status-publish","format-standard","has-post-thumbnail","hentry","category-orszaguti-kerekpar"],"yoast_head":"<!-- This site is optimized with the Yoast SEO Premium plugin v25.3 (Yoast SEO v25.9) - https:\/\/yoast.com\/wordpress\/plugins\/seo\/ -->\n<title>K\u00e9pgal\u00e9ria a Giro hihetetlen szakasz\u00e1r\u00f3l, amit nem l\u00e1thattunk a Tv-ben - \u0160koda We Love Cycling - Magyarorsz\u00e1g<\/title>\n<meta name=\"robots\" content=\"index, follow, max-snippet:-1, max-image-preview:large, max-video-preview:-1\" \/>\n<link rel=\"canonical\" href=\"https:\/\/www.welovecycling.com\/hu\/orszaguti-kerekpar\/kepgaleria-a-giro-hihetetlen-szakaszarol-amit-nem-lathattunk-a-tv-ben\/\" \/>\n<meta property=\"og:locale\" content=\"hu_HU\" \/>\n<meta property=\"og:type\" content=\"article\" \/>\n<meta property=\"og:title\" content=\"K\u00e9pgal\u00e9ria a Giro hihetetlen szakasz\u00e1r\u00f3l, amit nem l\u00e1thattunk a Tv-ben\" \/>\n<meta property=\"og:description\" content=\"Az idei Giro-t sosem felejtj\u00fck el, err\u0151l Valter Ati gondoskodott! Azonban a magyar siker mellett rengeteg m\u00e1s t\u00e9nyez\u0151 is eml\u00e9kezetess\u00e9 [&hellip;]\" \/>\n<meta property=\"og:url\" content=\"https:\/\/www.welovecycling.com\/hu\/orszaguti-kerekpar\/kepgaleria-a-giro-hihetetlen-szakaszarol-amit-nem-lathattunk-a-tv-ben\/\" \/>\n<meta property=\"og:site_name\" content=\"\u0160koda We Love Cycling - Magyarorsz\u00e1g\" \/>\n<meta property=\"article:publisher\" content=\"https:\/\/www.facebook.com\/WeLoveCyclingHungary\/\" \/>\n<meta property=\"article:published_time\" content=\"2021-06-06T06:00:40+00:00\" \/>\n<meta property=\"og:image\" content=\"https:\/\/d2p6e6u75xmxt8.cloudfront.net\/12\/2021\/05\/2021-giro-ditalia-stage-16-grubers-28-1340x894-1.jpg\" \/>\n\t<meta property=\"og:image:width\" content=\"1340\" \/>\n\t<meta property=\"og:image:height\" content=\"894\" \/>\n\t<meta property=\"og:image:type\" content=\"image\/jpeg\" \/>\n<meta name=\"author\" content=\"hegyizs\" \/>\n<meta name=\"twitter:card\" content=\"summary_large_image\" \/>\n<meta name=\"twitter:label1\" content=\"Written by\" \/>\n\t<meta name=\"twitter:data1\" content=\"WLC\" \/>\n\t<meta name=\"twitter:label2\" content=\"Est. reading time\" \/>\n\t<meta name=\"twitter:data2\" content=\"1 minute\" \/>\n<script type=\"application\/ld+json\" class=\"yoast-schema-graph\">{\"@context\":\"https:\/\/schema.org\",\"@graph\":[{\"@type\":\"WebPage\",\"@id\":\"https:\/\/www.welovecycling.com\/hu\/orszaguti-kerekpar\/kepgaleria-a-giro-hihetetlen-szakaszarol-amit-nem-lathattunk-a-tv-ben\/\",\"url\":\"https:\/\/www.welovecycling.com\/hu\/orszaguti-kerekpar\/kepgaleria-a-giro-hihetetlen-szakaszarol-amit-nem-lathattunk-a-tv-ben\/\",\"name\":\"K\u00e9pgal\u00e9ria a Giro hihetetlen szakasz\u00e1r\u00f3l, amit nem l\u00e1thattunk a Tv-ben - \u0160koda We Love Cycling - Magyarorsz\u00e1g\",\"isPartOf\":{\"@id\":\"https:\/\/www.welovecycling.com\/hu\/#website\"},\"primaryImageOfPage\":{\"@id\":\"https:\/\/www.welovecycling.com\/hu\/orszaguti-kerekpar\/kepgaleria-a-giro-hihetetlen-szakaszarol-amit-nem-lathattunk-a-tv-ben\/#primaryimage\"},\"image\":{\"@id\":\"https:\/\/www.welovecycling.com\/hu\/orszaguti-kerekpar\/kepgaleria-a-giro-hihetetlen-szakaszarol-amit-nem-lathattunk-a-tv-ben\/#primaryimage\"},\"thumbnailUrl\":\"https:\/\/d2p6e6u75xmxt8.cloudfront.net\/12\/2021\/05\/2021-giro-ditalia-stage-16-grubers-28-1340x894-1.jpg\",\"datePublished\":\"2021-06-06T06:00:40+00:00\",\"author\":{\"@id\":\"https:\/\/www.welovecycling.com\/hu\/#\/schema\/person\/414a2aebf1801691a5320edb6468e194\"},\"breadcrumb\":{\"@id\":\"https:\/\/www.welovecycling.com\/hu\/orszaguti-kerekpar\/kepgaleria-a-giro-hihetetlen-szakaszarol-amit-nem-lathattunk-a-tv-ben\/#breadcrumb\"},\"inLanguage\":\"hu\",\"potentialAction\":[{\"@type\":\"ReadAction\",\"target\":[\"https:\/\/www.welovecycling.com\/hu\/orszaguti-kerekpar\/kepgaleria-a-giro-hihetetlen-szakaszarol-amit-nem-lathattunk-a-tv-ben\/\"]}]},{\"@type\":\"ImageObject\",\"inLanguage\":\"hu\",\"@id\":\"https:\/\/www.welovecycling.com\/hu\/orszaguti-kerekpar\/kepgaleria-a-giro-hihetetlen-szakaszarol-amit-nem-lathattunk-a-tv-ben\/#primaryimage\",\"url\":\"https:\/\/d2p6e6u75xmxt8.cloudfront.net\/12\/2021\/05\/2021-giro-ditalia-stage-16-grubers-28-1340x894-1.jpg\",\"contentUrl\":\"https:\/\/d2p6e6u75xmxt8.cloudfront.net\/12\/2021\/05\/2021-giro-ditalia-stage-16-grubers-28-1340x894-1.jpg\",\"width\":1340,\"height\":894},{\"@type\":\"BreadcrumbList\",\"@id\":\"https:\/\/www.welovecycling.com\/hu\/orszaguti-kerekpar\/kepgaleria-a-giro-hihetetlen-szakaszarol-amit-nem-lathattunk-a-tv-ben\/#breadcrumb\",\"itemListElement\":[{\"@type\":\"ListItem\",\"position\":1,\"name\":\"Home\",\"item\":\"https:\/\/www.welovecycling.com\/hu\/\"},{\"@type\":\"ListItem\",\"position\":2,\"name\":\"K\u00e9pgal\u00e9ria a Giro hihetetlen szakasz\u00e1r\u00f3l, amit nem l\u00e1thattunk a Tv-ben\"}]},{\"@type\":\"WebSite\",\"@id\":\"https:\/\/www.welovecycling.com\/hu\/#website\",\"url\":\"https:\/\/www.welovecycling.com\/hu\/\",\"name\":\"\u0160koda We Love Cycling - Magyarorsz\u00e1g\",\"description\":\"\u0160koda WeLoveCycling\",\"potentialAction\":[{\"@type\":\"SearchAction\",\"target\":{\"@type\":\"EntryPoint\",\"urlTemplate\":\"https:\/\/www.welovecycling.com\/hu\/?s={search_term_string}\"},\"query-input\":{\"@type\":\"PropertyValueSpecification\",\"valueRequired\":true,\"valueName\":\"search_term_string\"}}],\"inLanguage\":\"hu\"},{\"@type\":\"Person\",\"@id\":\"https:\/\/www.welovecycling.com\/hu\/#\/schema\/person\/414a2aebf1801691a5320edb6468e194\",\"name\":\"hegyizs\",\"image\":{\"@type\":\"ImageObject\",\"inLanguage\":\"hu\",\"@id\":\"https:\/\/www.welovecycling.com\/hu\/#\/schema\/person\/image\/\",\"url\":\"https:\/\/secure.gravatar.com\/avatar\/02cf8a7906b8cf90cecb4679defac7cfd33a1c2e3b88e4903d947f3bb58eedd3?s=96&d=mm&r=g\",\"contentUrl\":\"https:\/\/secure.gravatar.com\/avatar\/02cf8a7906b8cf90cecb4679defac7cfd33a1c2e3b88e4903d947f3bb58eedd3?s=96&d=mm&r=g\",\"caption\":\"hegyizs\"},\"url\":\"https:\/\/www.welovecycling.com\/hu\/author\/hegyizs\/\"}]}<\/script>\n<!-- \/ Yoast SEO Premium plugin. -->","yoast_head_json":{"title":"K\u00e9pgal\u00e9ria a Giro hihetetlen szakasz\u00e1r\u00f3l, amit nem l\u00e1thattunk a Tv-ben - \u0160koda We Love Cycling - Magyarorsz\u00e1g","robots":{"index":"index","follow":"follow","max-snippet":"max-snippet:-1","max-image-preview":"max-image-preview:large","max-video-preview":"max-video-preview:-1"},"canonical":"https:\/\/www.welovecycling.com\/hu\/orszaguti-kerekpar\/kepgaleria-a-giro-hihetetlen-szakaszarol-amit-nem-lathattunk-a-tv-ben\/","og_locale":"hu_HU","og_type":"article","og_title":"K\u00e9pgal\u00e9ria a Giro hihetetlen szakasz\u00e1r\u00f3l, amit nem l\u00e1thattunk a Tv-ben","og_description":"Az idei Giro-t sosem felejtj\u00fck el, err\u0151l Valter Ati gondoskodott! Azonban a magyar siker mellett rengeteg m\u00e1s t\u00e9nyez\u0151 is eml\u00e9kezetess\u00e9 [&hellip;]","og_url":"https:\/\/www.welovecycling.com\/hu\/orszaguti-kerekpar\/kepgaleria-a-giro-hihetetlen-szakaszarol-amit-nem-lathattunk-a-tv-ben\/","og_site_name":"\u0160koda We Love Cycling - Magyarorsz\u00e1g","article_publisher":"https:\/\/www.facebook.com\/WeLoveCyclingHungary\/","article_published_time":"2021-06-06T06:00:40+00:00","og_image":[{"width":1340,"height":894,"url":"https:\/\/d2p6e6u75xmxt8.cloudfront.net\/12\/2021\/05\/2021-giro-ditalia-stage-16-grubers-28-1340x894-1.jpg","type":"image\/jpeg"}],"author":"hegyizs","twitter_card":"summary_large_image","twitter_misc":{"Written by":"WLC","Est. reading time":"1 minute"},"schema":{"@context":"https:\/\/schema.org","@graph":[{"@type":"WebPage","@id":"https:\/\/www.welovecycling.com\/hu\/orszaguti-kerekpar\/kepgaleria-a-giro-hihetetlen-szakaszarol-amit-nem-lathattunk-a-tv-ben\/","url":"https:\/\/www.welovecycling.com\/hu\/orszaguti-kerekpar\/kepgaleria-a-giro-hihetetlen-szakaszarol-amit-nem-lathattunk-a-tv-ben\/","name":"K\u00e9pgal\u00e9ria a Giro hihetetlen szakasz\u00e1r\u00f3l, amit nem l\u00e1thattunk a Tv-ben - \u0160koda We Love Cycling - Magyarorsz\u00e1g","isPartOf":{"@id":"https:\/\/www.welovecycling.com\/hu\/#website"},"primaryImageOfPage":{"@id":"https:\/\/www.welovecycling.com\/hu\/orszaguti-kerekpar\/kepgaleria-a-giro-hihetetlen-szakaszarol-amit-nem-lathattunk-a-tv-ben\/#primaryimage"},"image":{"@id":"https:\/\/www.welovecycling.com\/hu\/orszaguti-kerekpar\/kepgaleria-a-giro-hihetetlen-szakaszarol-amit-nem-lathattunk-a-tv-ben\/#primaryimage"},"thumbnailUrl":"https:\/\/d2p6e6u75xmxt8.cloudfront.net\/12\/2021\/05\/2021-giro-ditalia-stage-16-grubers-28-1340x894-1.jpg","datePublished":"2021-06-06T06:00:40+00:00","author":{"@id":"https:\/\/www.welovecycling.com\/hu\/#\/schema\/person\/414a2aebf1801691a5320edb6468e194"},"breadcrumb":{"@id":"https:\/\/www.welovecycling.com\/hu\/orszaguti-kerekpar\/kepgaleria-a-giro-hihetetlen-szakaszarol-amit-nem-lathattunk-a-tv-ben\/#breadcrumb"},"inLanguage":"hu","potentialAction":[{"@type":"ReadAction","target":["https:\/\/www.welovecycling.com\/hu\/orszaguti-kerekpar\/kepgaleria-a-giro-hihetetlen-szakaszarol-amit-nem-lathattunk-a-tv-ben\/"]}]},{"@type":"ImageObject","inLanguage":"hu","@id":"https:\/\/www.welovecycling.com\/hu\/orszaguti-kerekpar\/kepgaleria-a-giro-hihetetlen-szakaszarol-amit-nem-lathattunk-a-tv-ben\/#primaryimage","url":"https:\/\/d2p6e6u75xmxt8.cloudfront.net\/12\/2021\/05\/2021-giro-ditalia-stage-16-grubers-28-1340x894-1.jpg","contentUrl":"https:\/\/d2p6e6u75xmxt8.cloudfront.net\/12\/2021\/05\/2021-giro-ditalia-stage-16-grubers-28-1340x894-1.jpg","width":1340,"height":894},{"@type":"BreadcrumbList","@id":"https:\/\/www.welovecycling.com\/hu\/orszaguti-kerekpar\/kepgaleria-a-giro-hihetetlen-szakaszarol-amit-nem-lathattunk-a-tv-ben\/#breadcrumb","itemListElement":[{"@type":"ListItem","position":1,"name":"Home","item":"https:\/\/www.welovecycling.com\/hu\/"},{"@type":"ListItem","position":2,"name":"K\u00e9pgal\u00e9ria a Giro hihetetlen szakasz\u00e1r\u00f3l, amit nem l\u00e1thattunk a Tv-ben"}]},{"@type":"WebSite","@id":"https:\/\/www.welovecycling.com\/hu\/#website","url":"https:\/\/www.welovecycling.com\/hu\/","name":"\u0160koda We Love Cycling - Magyarorsz\u00e1g","description":"\u0160koda WeLoveCycling","potentialAction":[{"@type":"SearchAction","target":{"@type":"EntryPoint","urlTemplate":"https:\/\/www.welovecycling.com\/hu\/?s={search_term_string}"},"query-input":{"@type":"PropertyValueSpecification","valueRequired":true,"valueName":"search_term_string"}}],"inLanguage":"hu"},{"@type":"Person","@id":"https:\/\/www.welovecycling.com\/hu\/#\/schema\/person\/414a2aebf1801691a5320edb6468e194","name":"hegyizs","image":{"@type":"ImageObject","inLanguage":"hu","@id":"https:\/\/www.welovecycling.com\/hu\/#\/schema\/person\/image\/","url":"https:\/\/secure.gravatar.com\/avatar\/02cf8a7906b8cf90cecb4679defac7cfd33a1c2e3b88e4903d947f3bb58eedd3?s=96&d=mm&r=g","contentUrl":"https:\/\/secure.gravatar.com\/avatar\/02cf8a7906b8cf90cecb4679defac7cfd33a1c2e3b88e4903d947f3bb58eedd3?s=96&d=mm&r=g","caption":"hegyizs"},"url":"https:\/\/www.welovecycling.com\/hu\/author\/hegyizs\/"}]}},"_links":{"self":[{"href":"https:\/\/www.welovecycling.com\/hu\/wp-json\/wp\/v2\/posts\/11593","targetHints":{"allow":["GET"]}}],"collection":[{"href":"https:\/\/www.welovecycling.com\/hu\/wp-json\/wp\/v2\/posts"}],"about":[{"href":"https:\/\/www.welovecycling.com\/hu\/wp-json\/wp\/v2\/types\/post"}],"author":[{"embeddable":true,"href":"https:\/\/www.welovecycling.com\/hu\/wp-json\/wp\/v2\/users\/71"}],"replies":[{"embeddable":true,"href":"https:\/\/www.welovecycling.com\/hu\/wp-json\/wp\/v2\/comments?post=11593"}],"version-history":[{"count":1,"href":"https:\/\/www.welovecycling.com\/hu\/wp-json\/wp\/v2\/posts\/11593\/revisions"}],"predecessor-version":[{"id":11609,"href":"https:\/\/www.welovecycling.com\/hu\/wp-json\/wp\/v2\/posts\/11593\/revisions\/11609"}],"wp:featuredmedia":[{"embeddable":true,"href":"https:\/\/www.welovecycling.com\/hu\/wp-json\/wp\/v2\/media\/11594"}],"wp:attachment":[{"href":"https:\/\/www.welovecycling.com\/hu\/wp-json\/wp\/v2\/media?parent=11593"}],"wp:term":[{"taxonomy":"category","embeddable":true,"href":"https:\/\/www.welovecycling.com\/hu\/wp-json\/wp\/v2\/categories?post=11593"},{"taxonomy":"post_tag","embeddable":true,"href":"https:\/\/www.welovecycling.com\/hu\/wp-json\/wp\/v2\/tags?post=11593"},{"taxonomy":"global-categories","embeddable":true,"href":"https:\/\/www.welovecycling.com\/hu\/wp-json\/wp\/v2\/global-categories?post=11593"}],"curies":[{"name":"wp","href":"https:\/\/api.w.org\/{rel}","templated":true}]}}