{"id":11586,"date":"2021-06-05T08:00:56","date_gmt":"2021-06-05T06:00:56","guid":{"rendered":"https:\/\/www.welovecycling.com\/hu\/?p=11586"},"modified":"2021-06-07T09:47:36","modified_gmt":"2021-06-07T07:47:36","slug":"140-kiloval-kevesebb-es-egy-non-profit-bringas-klubbal-tobb","status":"publish","type":"post","link":"https:\/\/www.welovecycling.com\/hu\/kozosseg-es-kultura\/140-kiloval-kevesebb-es-egy-non-profit-bringas-klubbal-tobb\/","title":{"rendered":"140 kil\u00f3val kevesebb \u00e9s egy non-profit bring\u00e1s klubbal t\u00f6bb"},"content":{"rendered":"<p><strong>Joel Duignan 5 \u00e9ve ker\u00e9kp\u00e1rozik: az\u00e9rt v\u00e1gott bele a sportba, mert fogyni szeretett volna \u00e9s a t\u00fals\u00falya miatt olyan mozg\u00e1st kellett v\u00e1lasztania, ami nem terheli az \u00edz\u00fcleteit. Azt\u00e1n a praktikus sporteszk\u00f6zb\u0151l igazi szerelem lett! Joel ma m\u00e1r m\u00e1soknak seg\u00edt, hogy megtal\u00e1lj\u00e1k azt, amit \u0151 megtal\u00e1lt a nyeregben \u00fclve. Olvass\u00e1tok el besz\u00e1mol\u00f3j\u00e1t!<\/strong><!--more--><\/p>\n<p>A legrosszabb \u00e1llapotomban 220 kil\u00f3t nyomtam. Az \u00f6n\u00e1m\u00edt\u00e1s vil\u00e1g\u00e1ban \u00e9ltem, szorongtam, depresszi\u00f3s \u00e9s betegesen t\u00fals\u00falyos voltam. Sz\u00e1mos diagnosztiz\u00e1lt endokrinol\u00f3giai probl\u00e9m\u00e1val k\u00fczd\u00f6ttem, \u00e9s b\u00e1r nem voltam \u00e9letvesz\u00e9lyben, tudtam, hogy hamarosan abban leszek, ha nem v\u00e1ltoztatok.<\/p>\n<p>A fordul\u00f3pont ap\u00e1m hal\u00e1la ut\u00e1n j\u00f6tt el. Miel\u0151tt beteg lett, di\u00e9t\u00e1ba fogott, hogy leadjon n\u00e9h\u00e1ny kil\u00f3t, \u00e9s engem is erre biztatott, de ellen\u00e1lltam. Miut\u00e1n meghalt, az \u0151 tisztelet\u00e9re v\u00e1gtam bele m\u00e9gis \u2013 \u00e9s az\u00e9rt, mert nem akartam id\u0151 el\u0151tt mell\u00e9fek\u00fcdni a f\u00f6ldbe.<\/p>\n<p>Elkezdtem sz\u00e1molni a kal\u00f3ri\u00e1kat, \u00e9s csak az \u00e9trendem megv\u00e1ltoztat\u00e1s\u00e1val t\u00f6bb mint 90 kil\u00f3t fogytam. N\u00e9h\u00e1ny \u00e9vvel ezel\u0151tt \u00e1t\u00e1lltam a keto di\u00e9t\u00e1ra \u00e9s nagyon bev\u00e1lt!<\/p>\n<p>2016 m\u00e1rcius\u00e1ban el akartam kezdeni mozogni, de m\u00e9g mindig t\u00fal sok felesleg volt rajtam: egy kis s\u00e9t\u00e1l\u00e1s ut\u00e1n is sajogtak az \u00edz\u00fcleteim. Egy bar\u00e1tom javasolta, hogy vegyek egy biciklit. Kiv\u00e1lasztottam egy olcs\u00f3t a Walmart-ban \u00e9s olyan gyakran \u00fcltem nyeregbe, amilyen gyakran csak tudtam, eg\u00e9sz addig, ameddig sz\u00e9t nem esett.<\/p>\n<figure id=\"attachment_11588\" aria-describedby=\"caption-attachment-11588\" style=\"width: 683px\" class=\"wp-caption alignnone\"><img loading=\"lazy\" decoding=\"async\" class=\"size-large wp-image-11588\" src=\"https:\/\/d2p6e6u75xmxt8.cloudfront.net\/12\/2021\/05\/joel-duignan-hccm-2-jpg-1621530848-683x1024.jpg\" alt=\"\" width=\"683\" height=\"1024\" srcset=\"https:\/\/d2p6e6u75xmxt8.cloudfront.net\/12\/2021\/05\/joel-duignan-hccm-2-jpg-1621530848-683x1024.jpg 683w, https:\/\/d2p6e6u75xmxt8.cloudfront.net\/12\/2021\/05\/joel-duignan-hccm-2-jpg-1621530848-200x300.jpg 200w, https:\/\/d2p6e6u75xmxt8.cloudfront.net\/12\/2021\/05\/joel-duignan-hccm-2-jpg-1621530848.jpg 768w\" sizes=\"auto, (max-width: 683px) 100vw, 683px\" \/><figcaption id=\"caption-attachment-11588\" class=\"wp-caption-text\">Joel 2019-ben egy r\u00e9gi nadr\u00e1gj\u00e1val.<\/figcaption><\/figure>\n<p>Hihetetlen\u00fcl izgalmas volt m\u00e1r csak az is, hogy k\u00e9pes vagyok mozogni! Amikor 220 kil\u00f3 voltam a postal\u00e1d\u00e1ig sem tudtam elmenni an\u00e9lk\u00fcl, hogy kifulladtam volna. Jelenleg futok, bring\u00e1zok, \u00faszom \u00e9s j\u00f3g\u00e1zom, van, hogy naponta k\u00e9tszer torn\u00e1zom is. Sz\u00e1mos bring\u00e1s esem\u00e9nyen vettem m\u00e1r r\u00e9szt \u00e9s a k\u00f6zelj\u00f6v\u0151ben triatlonozni is szeretn\u00e9k.<\/p>\n<p>Nagyon \u00e9lvezem a fizikai kih\u00edv\u00e1sokat, amiket magam el\u00e9 \u00e1ll\u00edtok. Semmihez sem foghat\u00f3 az igaz\u00e1n kem\u00e9ny edz\u00e9s, a bicikliz\u00e9s sebess\u00e9ge pedig fel\u00fclm\u00falja az \u00fasz\u00e1s \u00e9s a fut\u00e1s \u00e9lm\u00e9ny\u00e9t.<\/p>\n<p>2013 \u00e1prilisa \u00f3ta 140 kil\u00f3t adtam le. Most egy kev\u00e9sb\u00e9 drasztikus alacsony sz\u00e9nhidr\u00e1ttartalm\u00fa di\u00e9t\u00e1t folytatok, f\u0151leg akkor tartom be szigor\u00faan, amikor versenyre k\u00e9sz\u00fcl\u00f6k. Sok olyan teljes \u00e9rt\u00e9k\u0171 \u00e9telt eszem, amit\u0151l nem lesz magas a cukrom.<\/p>\n<p>Legal\u00e1bb hetente \u00f6tsz\u00f6r \u00fcl\u00f6k a biciklimre, ezek k\u00f6z\u00fcl n\u00e9h\u00e1ny k\u00f6z\u00f6s edz\u00e9s a non-profit bring\u00e1s szervezetem tagjaival, akiket arra szeretn\u00e9k \u00f6szt\u00f6n\u00f6zni, hogy eg\u00e9szs\u00e9gesebb \u00e9letm\u00f3dot \u00e9ljenek. Vannak kifejezetten kezd\u0151, lass\u00fa t\u00far\u00e1ink \u00e9s vannak gyorsabbak \u00e9s nehezebbek is.<\/p>\n<p><img loading=\"lazy\" decoding=\"async\" class=\"size-large wp-image-11591 alignnone\" src=\"https:\/\/d2p6e6u75xmxt8.cloudfront.net\/12\/2021\/06\/joel-duignan-hccm-3-jpg-1621530848-683x1024.jpg\" alt=\"\" width=\"683\" height=\"1024\" srcset=\"https:\/\/d2p6e6u75xmxt8.cloudfront.net\/12\/2021\/06\/joel-duignan-hccm-3-jpg-1621530848-683x1024.jpg 683w, https:\/\/d2p6e6u75xmxt8.cloudfront.net\/12\/2021\/06\/joel-duignan-hccm-3-jpg-1621530848-200x300.jpg 200w, https:\/\/d2p6e6u75xmxt8.cloudfront.net\/12\/2021\/06\/joel-duignan-hccm-3-jpg-1621530848.jpg 768w\" sizes=\"auto, (max-width: 683px) 100vw, 683px\" \/><\/p>\n<p>Amikor biciklizem, szabadnak \u00e9rzem magam a m\u00falt probl\u00e9m\u00e1it\u00f3l. Lassan kezdtem, eleinte csak 8 km\/\u00f3r\u00e1val tudtam haladni, de id\u0151vel egyre gyorsabb lettem.<\/p>\n<p>Azt tan\u00e1csolom azoknak, akik v\u00e1ltoztatni szeretn\u00e9nek, hogy eml\u00e9kezzenek r\u00e1, hogy ez egy lass\u00fa folyamat, a fejl\u0151d\u00e9s sokszor szinte \u00e9szrevehetetlen. A saj\u00e1t temp\u00f3dban dolgozz! Csak a m\u00faltbeli \u00e9ned legyen a versenyt\u00e1rsad. Mert a c\u00e9l, hogy \u00f6nmagad jobb verzi\u00f3ja legy\u00e9l. Tegy\u00e9l bele mindent \u00e9s garant\u00e1lom, hogy hihetetlen dolgok fognak t\u00f6rt\u00e9nni!<\/p>\n<p><em>Forr\u00e1s: <\/em><a href=\"https:\/\/www.bicycling.com\/culture\/a36489158\/how-cycling-changed-me-joel-duignan\/\"><em>bicycling.com<\/em><\/a><\/p>\n","protected":false},"excerpt":{"rendered":"<p>Joel Duignan 5 \u00e9ve ker\u00e9kp\u00e1rozik: az\u00e9rt v\u00e1gott bele a sportba, mert fogyni szeretett volna \u00e9s a t\u00fals\u00falya miatt olyan mozg\u00e1st [&hellip;]<\/p>\n","protected":false},"author":71,"featured_media":11587,"comment_status":"closed","ping_status":"closed","sticky":false,"template":"","format":"standard","meta":{"footnotes":""},"categories":[12],"tags":[],"global-categories":[],"class_list":["post-11586","post","type-post","status-publish","format-standard","has-post-thumbnail","hentry","category-kozosseg-es-kultura"],"yoast_head":"<!-- This site is optimized with the Yoast SEO Premium plugin v25.3 (Yoast SEO v25.9) - https:\/\/yoast.com\/wordpress\/plugins\/seo\/ -->\n<title>140 kil\u00f3val kevesebb \u00e9s egy non-profit bring\u00e1s klubbal t\u00f6bb<\/title>\n<meta name=\"description\" content=\"Joel Duignan 5 \u00e9ve ker\u00e9kp\u00e1rozik: az\u00e9rt v\u00e1gott bele a sportba, mert fogyni szeretett volna \u00e9s a t\u00fals\u00falya miatt olyan mozg\u00e1st kellett v\u00e1lasztania, ami nem terheli az \u00edz\u00fcleteit.\" \/>\n<meta name=\"robots\" content=\"index, follow, max-snippet:-1, max-image-preview:large, max-video-preview:-1\" \/>\n<link rel=\"canonical\" href=\"https:\/\/www.welovecycling.com\/hu\/kozosseg-es-kultura\/140-kiloval-kevesebb-es-egy-non-profit-bringas-klubbal-tobb\/\" \/>\n<meta property=\"og:locale\" content=\"hu_HU\" \/>\n<meta property=\"og:type\" content=\"article\" \/>\n<meta property=\"og:title\" content=\"140 kil\u00f3val kevesebb \u00e9s egy non-profit bring\u00e1s klubbal t\u00f6bb\" \/>\n<meta property=\"og:description\" content=\"Joel Duignan 5 \u00e9ve ker\u00e9kp\u00e1rozik: az\u00e9rt v\u00e1gott bele a sportba, mert fogyni szeretett volna \u00e9s a t\u00fals\u00falya miatt olyan mozg\u00e1st kellett v\u00e1lasztania, ami nem terheli az \u00edz\u00fcleteit.\" \/>\n<meta property=\"og:url\" content=\"https:\/\/www.welovecycling.com\/hu\/kozosseg-es-kultura\/140-kiloval-kevesebb-es-egy-non-profit-bringas-klubbal-tobb\/\" \/>\n<meta property=\"og:site_name\" content=\"\u0160koda We Love Cycling - Magyarorsz\u00e1g\" \/>\n<meta property=\"article:publisher\" content=\"https:\/\/www.facebook.com\/WeLoveCyclingHungary\/\" \/>\n<meta property=\"article:published_time\" content=\"2021-06-05T06:00:56+00:00\" \/>\n<meta property=\"article:modified_time\" content=\"2021-06-07T07:47:36+00:00\" \/>\n<meta property=\"og:image\" content=\"https:\/\/d2p6e6u75xmxt8.cloudfront.net\/12\/2021\/05\/joel-duignan-hccm-jpg-1621530717.jpg\" \/>\n\t<meta property=\"og:image:width\" content=\"1200\" \/>\n\t<meta property=\"og:image:height\" content=\"602\" \/>\n\t<meta property=\"og:image:type\" content=\"image\/jpeg\" \/>\n<meta name=\"author\" content=\"hegyizs\" \/>\n<meta name=\"twitter:card\" content=\"summary_large_image\" \/>\n<meta name=\"twitter:label1\" content=\"Written by\" \/>\n\t<meta name=\"twitter:data1\" content=\"WLC\" \/>\n\t<meta name=\"twitter:label2\" content=\"Est. reading time\" \/>\n\t<meta name=\"twitter:data2\" content=\"3 minutes\" \/>\n<script type=\"application\/ld+json\" class=\"yoast-schema-graph\">{\"@context\":\"https:\/\/schema.org\",\"@graph\":[{\"@type\":\"WebPage\",\"@id\":\"https:\/\/www.welovecycling.com\/hu\/kozosseg-es-kultura\/140-kiloval-kevesebb-es-egy-non-profit-bringas-klubbal-tobb\/\",\"url\":\"https:\/\/www.welovecycling.com\/hu\/kozosseg-es-kultura\/140-kiloval-kevesebb-es-egy-non-profit-bringas-klubbal-tobb\/\",\"name\":\"140 kil\u00f3val kevesebb \u00e9s egy non-profit bring\u00e1s klubbal t\u00f6bb\",\"isPartOf\":{\"@id\":\"https:\/\/www.welovecycling.com\/hu\/#website\"},\"primaryImageOfPage\":{\"@id\":\"https:\/\/www.welovecycling.com\/hu\/kozosseg-es-kultura\/140-kiloval-kevesebb-es-egy-non-profit-bringas-klubbal-tobb\/#primaryimage\"},\"image\":{\"@id\":\"https:\/\/www.welovecycling.com\/hu\/kozosseg-es-kultura\/140-kiloval-kevesebb-es-egy-non-profit-bringas-klubbal-tobb\/#primaryimage\"},\"thumbnailUrl\":\"https:\/\/d2p6e6u75xmxt8.cloudfront.net\/12\/2021\/05\/joel-duignan-hccm-jpg-1621530717.jpg\",\"datePublished\":\"2021-06-05T06:00:56+00:00\",\"dateModified\":\"2021-06-07T07:47:36+00:00\",\"author\":{\"@id\":\"https:\/\/www.welovecycling.com\/hu\/#\/schema\/person\/414a2aebf1801691a5320edb6468e194\"},\"description\":\"Joel Duignan 5 \u00e9ve ker\u00e9kp\u00e1rozik: az\u00e9rt v\u00e1gott bele a sportba, mert fogyni szeretett volna \u00e9s a t\u00fals\u00falya miatt olyan mozg\u00e1st kellett v\u00e1lasztania, ami nem terheli az \u00edz\u00fcleteit.\",\"breadcrumb\":{\"@id\":\"https:\/\/www.welovecycling.com\/hu\/kozosseg-es-kultura\/140-kiloval-kevesebb-es-egy-non-profit-bringas-klubbal-tobb\/#breadcrumb\"},\"inLanguage\":\"hu\",\"potentialAction\":[{\"@type\":\"ReadAction\",\"target\":[\"https:\/\/www.welovecycling.com\/hu\/kozosseg-es-kultura\/140-kiloval-kevesebb-es-egy-non-profit-bringas-klubbal-tobb\/\"]}]},{\"@type\":\"ImageObject\",\"inLanguage\":\"hu\",\"@id\":\"https:\/\/www.welovecycling.com\/hu\/kozosseg-es-kultura\/140-kiloval-kevesebb-es-egy-non-profit-bringas-klubbal-tobb\/#primaryimage\",\"url\":\"https:\/\/d2p6e6u75xmxt8.cloudfront.net\/12\/2021\/05\/joel-duignan-hccm-jpg-1621530717.jpg\",\"contentUrl\":\"https:\/\/d2p6e6u75xmxt8.cloudfront.net\/12\/2021\/05\/joel-duignan-hccm-jpg-1621530717.jpg\",\"width\":1200,\"height\":602},{\"@type\":\"BreadcrumbList\",\"@id\":\"https:\/\/www.welovecycling.com\/hu\/kozosseg-es-kultura\/140-kiloval-kevesebb-es-egy-non-profit-bringas-klubbal-tobb\/#breadcrumb\",\"itemListElement\":[{\"@type\":\"ListItem\",\"position\":1,\"name\":\"Home\",\"item\":\"https:\/\/www.welovecycling.com\/hu\/\"},{\"@type\":\"ListItem\",\"position\":2,\"name\":\"140 kil\u00f3val kevesebb \u00e9s egy non-profit bring\u00e1s klubbal t\u00f6bb\"}]},{\"@type\":\"WebSite\",\"@id\":\"https:\/\/www.welovecycling.com\/hu\/#website\",\"url\":\"https:\/\/www.welovecycling.com\/hu\/\",\"name\":\"\u0160koda We Love Cycling - Magyarorsz\u00e1g\",\"description\":\"\u0160koda WeLoveCycling\",\"potentialAction\":[{\"@type\":\"SearchAction\",\"target\":{\"@type\":\"EntryPoint\",\"urlTemplate\":\"https:\/\/www.welovecycling.com\/hu\/?s={search_term_string}\"},\"query-input\":{\"@type\":\"PropertyValueSpecification\",\"valueRequired\":true,\"valueName\":\"search_term_string\"}}],\"inLanguage\":\"hu\"},{\"@type\":\"Person\",\"@id\":\"https:\/\/www.welovecycling.com\/hu\/#\/schema\/person\/414a2aebf1801691a5320edb6468e194\",\"name\":\"hegyizs\",\"image\":{\"@type\":\"ImageObject\",\"inLanguage\":\"hu\",\"@id\":\"https:\/\/www.welovecycling.com\/hu\/#\/schema\/person\/image\/\",\"url\":\"https:\/\/secure.gravatar.com\/avatar\/02cf8a7906b8cf90cecb4679defac7cfd33a1c2e3b88e4903d947f3bb58eedd3?s=96&d=mm&r=g\",\"contentUrl\":\"https:\/\/secure.gravatar.com\/avatar\/02cf8a7906b8cf90cecb4679defac7cfd33a1c2e3b88e4903d947f3bb58eedd3?s=96&d=mm&r=g\",\"caption\":\"hegyizs\"},\"url\":\"https:\/\/www.welovecycling.com\/hu\/author\/hegyizs\/\"}]}<\/script>\n<!-- \/ Yoast SEO Premium plugin. -->","yoast_head_json":{"title":"140 kil\u00f3val kevesebb \u00e9s egy non-profit bring\u00e1s klubbal t\u00f6bb","description":"Joel Duignan 5 \u00e9ve ker\u00e9kp\u00e1rozik: az\u00e9rt v\u00e1gott bele a sportba, mert fogyni szeretett volna \u00e9s a t\u00fals\u00falya miatt olyan mozg\u00e1st kellett v\u00e1lasztania, ami nem terheli az \u00edz\u00fcleteit.","robots":{"index":"index","follow":"follow","max-snippet":"max-snippet:-1","max-image-preview":"max-image-preview:large","max-video-preview":"max-video-preview:-1"},"canonical":"https:\/\/www.welovecycling.com\/hu\/kozosseg-es-kultura\/140-kiloval-kevesebb-es-egy-non-profit-bringas-klubbal-tobb\/","og_locale":"hu_HU","og_type":"article","og_title":"140 kil\u00f3val kevesebb \u00e9s egy non-profit bring\u00e1s klubbal t\u00f6bb","og_description":"Joel Duignan 5 \u00e9ve ker\u00e9kp\u00e1rozik: az\u00e9rt v\u00e1gott bele a sportba, mert fogyni szeretett volna \u00e9s a t\u00fals\u00falya miatt olyan mozg\u00e1st kellett v\u00e1lasztania, ami nem terheli az \u00edz\u00fcleteit.","og_url":"https:\/\/www.welovecycling.com\/hu\/kozosseg-es-kultura\/140-kiloval-kevesebb-es-egy-non-profit-bringas-klubbal-tobb\/","og_site_name":"\u0160koda We Love Cycling - Magyarorsz\u00e1g","article_publisher":"https:\/\/www.facebook.com\/WeLoveCyclingHungary\/","article_published_time":"2021-06-05T06:00:56+00:00","article_modified_time":"2021-06-07T07:47:36+00:00","og_image":[{"width":1200,"height":602,"url":"https:\/\/d2p6e6u75xmxt8.cloudfront.net\/12\/2021\/05\/joel-duignan-hccm-jpg-1621530717.jpg","type":"image\/jpeg"}],"author":"hegyizs","twitter_card":"summary_large_image","twitter_misc":{"Written by":"WLC","Est. reading time":"3 minutes"},"schema":{"@context":"https:\/\/schema.org","@graph":[{"@type":"WebPage","@id":"https:\/\/www.welovecycling.com\/hu\/kozosseg-es-kultura\/140-kiloval-kevesebb-es-egy-non-profit-bringas-klubbal-tobb\/","url":"https:\/\/www.welovecycling.com\/hu\/kozosseg-es-kultura\/140-kiloval-kevesebb-es-egy-non-profit-bringas-klubbal-tobb\/","name":"140 kil\u00f3val kevesebb \u00e9s egy non-profit bring\u00e1s klubbal t\u00f6bb","isPartOf":{"@id":"https:\/\/www.welovecycling.com\/hu\/#website"},"primaryImageOfPage":{"@id":"https:\/\/www.welovecycling.com\/hu\/kozosseg-es-kultura\/140-kiloval-kevesebb-es-egy-non-profit-bringas-klubbal-tobb\/#primaryimage"},"image":{"@id":"https:\/\/www.welovecycling.com\/hu\/kozosseg-es-kultura\/140-kiloval-kevesebb-es-egy-non-profit-bringas-klubbal-tobb\/#primaryimage"},"thumbnailUrl":"https:\/\/d2p6e6u75xmxt8.cloudfront.net\/12\/2021\/05\/joel-duignan-hccm-jpg-1621530717.jpg","datePublished":"2021-06-05T06:00:56+00:00","dateModified":"2021-06-07T07:47:36+00:00","author":{"@id":"https:\/\/www.welovecycling.com\/hu\/#\/schema\/person\/414a2aebf1801691a5320edb6468e194"},"description":"Joel Duignan 5 \u00e9ve ker\u00e9kp\u00e1rozik: az\u00e9rt v\u00e1gott bele a sportba, mert fogyni szeretett volna \u00e9s a t\u00fals\u00falya miatt olyan mozg\u00e1st kellett v\u00e1lasztania, ami nem terheli az \u00edz\u00fcleteit.","breadcrumb":{"@id":"https:\/\/www.welovecycling.com\/hu\/kozosseg-es-kultura\/140-kiloval-kevesebb-es-egy-non-profit-bringas-klubbal-tobb\/#breadcrumb"},"inLanguage":"hu","potentialAction":[{"@type":"ReadAction","target":["https:\/\/www.welovecycling.com\/hu\/kozosseg-es-kultura\/140-kiloval-kevesebb-es-egy-non-profit-bringas-klubbal-tobb\/"]}]},{"@type":"ImageObject","inLanguage":"hu","@id":"https:\/\/www.welovecycling.com\/hu\/kozosseg-es-kultura\/140-kiloval-kevesebb-es-egy-non-profit-bringas-klubbal-tobb\/#primaryimage","url":"https:\/\/d2p6e6u75xmxt8.cloudfront.net\/12\/2021\/05\/joel-duignan-hccm-jpg-1621530717.jpg","contentUrl":"https:\/\/d2p6e6u75xmxt8.cloudfront.net\/12\/2021\/05\/joel-duignan-hccm-jpg-1621530717.jpg","width":1200,"height":602},{"@type":"BreadcrumbList","@id":"https:\/\/www.welovecycling.com\/hu\/kozosseg-es-kultura\/140-kiloval-kevesebb-es-egy-non-profit-bringas-klubbal-tobb\/#breadcrumb","itemListElement":[{"@type":"ListItem","position":1,"name":"Home","item":"https:\/\/www.welovecycling.com\/hu\/"},{"@type":"ListItem","position":2,"name":"140 kil\u00f3val kevesebb \u00e9s egy non-profit bring\u00e1s klubbal t\u00f6bb"}]},{"@type":"WebSite","@id":"https:\/\/www.welovecycling.com\/hu\/#website","url":"https:\/\/www.welovecycling.com\/hu\/","name":"\u0160koda We Love Cycling - Magyarorsz\u00e1g","description":"\u0160koda WeLoveCycling","potentialAction":[{"@type":"SearchAction","target":{"@type":"EntryPoint","urlTemplate":"https:\/\/www.welovecycling.com\/hu\/?s={search_term_string}"},"query-input":{"@type":"PropertyValueSpecification","valueRequired":true,"valueName":"search_term_string"}}],"inLanguage":"hu"},{"@type":"Person","@id":"https:\/\/www.welovecycling.com\/hu\/#\/schema\/person\/414a2aebf1801691a5320edb6468e194","name":"hegyizs","image":{"@type":"ImageObject","inLanguage":"hu","@id":"https:\/\/www.welovecycling.com\/hu\/#\/schema\/person\/image\/","url":"https:\/\/secure.gravatar.com\/avatar\/02cf8a7906b8cf90cecb4679defac7cfd33a1c2e3b88e4903d947f3bb58eedd3?s=96&d=mm&r=g","contentUrl":"https:\/\/secure.gravatar.com\/avatar\/02cf8a7906b8cf90cecb4679defac7cfd33a1c2e3b88e4903d947f3bb58eedd3?s=96&d=mm&r=g","caption":"hegyizs"},"url":"https:\/\/www.welovecycling.com\/hu\/author\/hegyizs\/"}]}},"_links":{"self":[{"href":"https:\/\/www.welovecycling.com\/hu\/wp-json\/wp\/v2\/posts\/11586","targetHints":{"allow":["GET"]}}],"collection":[{"href":"https:\/\/www.welovecycling.com\/hu\/wp-json\/wp\/v2\/posts"}],"about":[{"href":"https:\/\/www.welovecycling.com\/hu\/wp-json\/wp\/v2\/types\/post"}],"author":[{"embeddable":true,"href":"https:\/\/www.welovecycling.com\/hu\/wp-json\/wp\/v2\/users\/71"}],"replies":[{"embeddable":true,"href":"https:\/\/www.welovecycling.com\/hu\/wp-json\/wp\/v2\/comments?post=11586"}],"version-history":[{"count":2,"href":"https:\/\/www.welovecycling.com\/hu\/wp-json\/wp\/v2\/posts\/11586\/revisions"}],"predecessor-version":[{"id":11592,"href":"https:\/\/www.welovecycling.com\/hu\/wp-json\/wp\/v2\/posts\/11586\/revisions\/11592"}],"wp:featuredmedia":[{"embeddable":true,"href":"https:\/\/www.welovecycling.com\/hu\/wp-json\/wp\/v2\/media\/11587"}],"wp:attachment":[{"href":"https:\/\/www.welovecycling.com\/hu\/wp-json\/wp\/v2\/media?parent=11586"}],"wp:term":[{"taxonomy":"category","embeddable":true,"href":"https:\/\/www.welovecycling.com\/hu\/wp-json\/wp\/v2\/categories?post=11586"},{"taxonomy":"post_tag","embeddable":true,"href":"https:\/\/www.welovecycling.com\/hu\/wp-json\/wp\/v2\/tags?post=11586"},{"taxonomy":"global-categories","embeddable":true,"href":"https:\/\/www.welovecycling.com\/hu\/wp-json\/wp\/v2\/global-categories?post=11586"}],"curies":[{"name":"wp","href":"https:\/\/api.w.org\/{rel}","templated":true}]}}