{"id":1153,"date":"2018-07-10T15:35:48","date_gmt":"2018-07-10T15:35:48","guid":{"rendered":"https:\/\/www.welovecycling.com\/hu\/?p=1153"},"modified":"2018-07-10T15:37:37","modified_gmt":"2018-07-10T15:37:37","slug":"a-tour-de-france-uvegtrofeaja","status":"publish","type":"post","link":"https:\/\/www.welovecycling.com\/hu\/tour-de-france\/a-tour-de-france-uvegtrofeaja\/","title":{"rendered":"A Tour de France \u00fcvegtr\u00f3fe\u00e1ja"},"content":{"rendered":"<p><strong>Ma k\u00f6zelebbr\u0151l szem\u00fcgyre vessz\u00fck a ker\u00e9kp\u00e1ros vil\u00e1g egyik legszebb m\u0171alkot\u00e1s\u00e1t. Vess egy pillant\u00e1st az \u00faj diz\u00e1jn\u00fa tr\u00f3fe\u00e1ra, amelyet 2017-ben a Tour de France gy\u0151ztese,\u00a0Chris Froome a Champs-\u00c9lys\u00e9es-n emelhetett a magasba.<\/strong><\/p>\n<h2><!--more--><\/h2>\n<lite-youtube videoid=A979vhv4E-E params=\"enablejsapi=1\" style=\"background-image: url('https:\/\/i.ytimg.com\/vi_webp\/A979vhv4E-E\/maxresdefault.webp');\"><\/lite-youtube>\n<p>A Tour de France \u00fcvegtr\u00f3fe\u00e1ja val\u00f3di szemet gy\u00f6ny\u00f6rk\u00f6dtet\u0151 sz\u00e9ps\u00e9g. N\u00e9lk\u00fcle a Tour \u00a0nem lenne t\u00f6k\u00e9letesen ugyanaz. Jelenlegi form\u00e1j\u00e1ban m\u00e1r 2011 \u00f3ta t\u0171nik fel a p\u00e1rizsi Champs-Elys\u00e9es sug\u00e1r\u00faton fel\u00e1ll\u00edtott gy\u0151zelmi p\u00f3diumon. K\u00f6nnyed, cs\u0151szer\u0171, eleg\u00e1ns alakja m\u00e1ra ikonikuss\u00e1 v\u00e1lt, \u00e9s az elm\u00falt h\u00e9t \u00e9v sor\u00e1n nem v\u00e1ltozott.<\/p>\n<p><a href=\"https:\/\/d2p6e6u75xmxt8.cloudfront.net\/12\/2018\/07\/tour-de-france-uvegtrofea-01.jpg\"><img loading=\"lazy\" decoding=\"async\" class=\"alignnone wp-image-1155\" src=\"https:\/\/d2p6e6u75xmxt8.cloudfront.net\/12\/2018\/07\/tour-de-france-uvegtrofea-01-1282x1920.jpg\" alt=\"tour de france\" width=\"228\" height=\"341\" srcset=\"https:\/\/d2p6e6u75xmxt8.cloudfront.net\/12\/2018\/07\/tour-de-france-uvegtrofea-01-1282x1920.jpg 1282w, https:\/\/d2p6e6u75xmxt8.cloudfront.net\/12\/2018\/07\/tour-de-france-uvegtrofea-01-200x300.jpg 200w, https:\/\/d2p6e6u75xmxt8.cloudfront.net\/12\/2018\/07\/tour-de-france-uvegtrofea-01-768x1150.jpg 768w, https:\/\/d2p6e6u75xmxt8.cloudfront.net\/12\/2018\/07\/tour-de-france-uvegtrofea-01-684x1024.jpg 684w, https:\/\/d2p6e6u75xmxt8.cloudfront.net\/12\/2018\/07\/tour-de-france-uvegtrofea-01-1282x1920.jpg 1282w\" sizes=\"auto, (max-width: 228px) 100vw, 228px\" \/><\/a><\/p>\n<p>Nem titok, hogy a <a href=\"https:\/\/www.skoda.hu\/\">\u0160koda<\/a> m\u00e1r 15 \u00e9ve akt\u00edv partnere \u00e9s t\u00e1mogat\u00f3ja a <a href=\"https:\/\/www.welovecycling.com\/hu\/tour-de-france\/tour-de-france-tortenelem\/\">Tour de France<\/a>-nak, \u00e9s emellett t\u00f6bb m\u00e1s ker\u00e9kp\u00e1ros t\u00f6megrendezv\u00e9nynek szerte a vil\u00e1gban.<\/p>\n<p>Ennek az az oka, hogy a v\u00e1llalat az alap\u00edt\u00f3ir\u00f3l elnevezett, egykori Laurin &amp; Klement cseh manufakt\u00far\u00e1ban el\u0151sz\u00f6r ker\u00e9kp\u00e1rokat gy\u00e1rtottak. Az 1895-ben alap\u00edtott v\u00e1llalatnak csak t\u00edz \u00e9v kellett ahhoz, hogy a min\u0151s\u00e9gi cseh ker\u00e9kp\u00e1rok ut\u00e1n \u00e1t\u00e1lljon az aut\u00f3gy\u00e1rt\u00e1sra. \u00cdgy sz\u00fcletett meg a \u0160koda.<\/p>\n<p>A cseh \u00e9s a ker\u00e9kp\u00e1ros \u00f6r\u00f6ks\u00e9g m\u00e9g jobb kiakn\u00e1z\u00e1sa \u00e9s a t\u00f6rt\u00e9nelemhez val\u00f3 er\u0151sebb k\u00f6t\u0151d\u00e9s\u00e9nek \u00e9rdek\u00e9ben a \u0160koda \u00fagy d\u00f6nt\u00f6tt, eredeti diz\u00e1jner tr\u00f3fe\u00e1kat aj\u00e1nd\u00e9koz a Tour gy\u0151zteseinek. A minimalista k\u00f6rvonalat egy bicikligumi ihlette. \u00a0A tr\u00f3fea diz\u00e1jnja \u00e9vr\u0151l \u00e9vre v\u00e1ltozik, de egyszerre mer\u00edt a m\u00faltb\u00f3l \u00e9s a j\u00f6v\u0151b\u0151l.<\/p>\n<p><a href=\"https:\/\/d2p6e6u75xmxt8.cloudfront.net\/12\/2018\/07\/tour-de-france-uvegtrofea-03.jpg\"><img loading=\"lazy\" decoding=\"async\" class=\"alignnone size-extra-large wp-image-1157\" src=\"https:\/\/d2p6e6u75xmxt8.cloudfront.net\/12\/2018\/07\/tour-de-france-uvegtrofea-03-1920x1282.jpg\" alt=\"tour de france\" width=\"1920\" height=\"1282\" srcset=\"https:\/\/d2p6e6u75xmxt8.cloudfront.net\/12\/2018\/07\/tour-de-france-uvegtrofea-03.jpg 1920w, https:\/\/d2p6e6u75xmxt8.cloudfront.net\/12\/2018\/07\/tour-de-france-uvegtrofea-03-300x200.jpg 300w, https:\/\/d2p6e6u75xmxt8.cloudfront.net\/12\/2018\/07\/tour-de-france-uvegtrofea-03-768x513.jpg 768w, https:\/\/d2p6e6u75xmxt8.cloudfront.net\/12\/2018\/07\/tour-de-france-uvegtrofea-03-1024x684.jpg 1024w, https:\/\/d2p6e6u75xmxt8.cloudfront.net\/12\/2018\/07\/tour-de-france-uvegtrofea-03-272x182.jpg 272w, https:\/\/d2p6e6u75xmxt8.cloudfront.net\/12\/2018\/07\/tour-de-france-uvegtrofea-03-1920x1282.jpg 1920w\" sizes=\"auto, (max-width: 1920px) 100vw, 1920px\" \/><\/a><\/p>\n<p>A m\u00faltat a vil\u00e1gh\u00edr\u0171 cseh krist\u00e1ly \u00e9s a cseh kubizmus szimboliz\u00e1lja, amelyek fokozatosan be\u00e9p\u00fcltek a \u0160koda jelenlegi formanyelv\u00e9be \u00e9s diz\u00e1jnj\u00e1ba, megjelennek a krist\u00e1lyos vonalakban, valamint a minimalista, \u00e9lesen metszett form\u00e1kban, \u00e9s ezek egy\u00fcttesen alkotj\u00e1k a sportvil\u00e1g egyik leg\u00e9rt\u00e9kesebb tr\u00f3fe\u00e1j\u00e1t.<\/p>\n<p><a href=\"https:\/\/d2p6e6u75xmxt8.cloudfront.net\/12\/2018\/07\/tour-de-france-uvegtrofea-05.jpg\"><img loading=\"lazy\" decoding=\"async\" class=\"alignnone wp-image-1159\" src=\"https:\/\/d2p6e6u75xmxt8.cloudfront.net\/12\/2018\/07\/tour-de-france-uvegtrofea-05.jpg\" alt=\"\" width=\"378\" height=\"567\" srcset=\"https:\/\/d2p6e6u75xmxt8.cloudfront.net\/12\/2018\/07\/tour-de-france-uvegtrofea-05.jpg 1000w, https:\/\/d2p6e6u75xmxt8.cloudfront.net\/12\/2018\/07\/tour-de-france-uvegtrofea-05-200x300.jpg 200w, https:\/\/d2p6e6u75xmxt8.cloudfront.net\/12\/2018\/07\/tour-de-france-uvegtrofea-05-768x1152.jpg 768w, https:\/\/d2p6e6u75xmxt8.cloudfront.net\/12\/2018\/07\/tour-de-france-uvegtrofea-05-683x1024.jpg 683w\" sizes=\"auto, (max-width: 378px) 100vw, 378px\" \/><\/a><\/p>\n<p>Mindent egybevetve az a szem\u00e9ly, akihez ez az egyed\u00fcl\u00e1ll\u00f3 \u00fcvegt\u00e1rgy ker\u00fcl, nem csak a legjobb \u00e9l\u0151 ker\u00e9kp\u00e1ros a vil\u00e1gon, de egy kis darab t\u00f6rt\u00e9nelmet is elhelyezhet a kandall\u00f3ja p\u00e1rk\u00e1ny\u00e1n.<\/p>\n<h2>A Tour de France \u00fcvegtr\u00f3fe\u00e1j\u00e1nak jellemz\u0151i:<\/h2>\n<p>S\u00falya: 4 kg (8,8 font): kb. mint egy koalab\u00e9bi vagy egy kifejlett igu\u00e1na<\/p>\n<p>Magass\u00e1ga: 60 cm (23,6 col): kb. mint egy \u00e1tlagos n\u00e9gyh\u00f3napos csecsem\u0151<\/p>\n<p>K\u00e9zzel k\u00e9sz\u00edti a Cseh K\u00f6zt\u00e1rsas\u00e1gban a nagyh\u00edr\u0171 Lasvit \u00fcveggy\u00e1rt\u00f3 m\u0171hely<\/p>\n<p>A \u0160koda diz\u00e1jnerei k\u00f6zvetlen\u00fcl r\u00e9szt vesznek a tr\u00f3fe\u00e1k v\u00e9gs\u0151 k\u00fcllem\u00e9nek kialak\u00edt\u00e1s\u00e1ban \u2013 amelyet id\u00e9n a m\u00e1rka t\u00f6rt\u00e9net\u00e9nek legels\u0151 elektromos aut\u00f3ja, a \u0160koda VISION E m\u0171szerfaldiz\u00e1jnja ihletett.<\/p>\n<p>A \u0160koda 2015 \u00f3ta a z\u00f6ld trik\u00f3 szponzora, \u00e9s a gy\u0151ztes sz\u00e1m\u00e1ra z\u00f6ld \u00fcvegb\u0151l k\u00e9sz\u00edti el a tr\u00f3fea speci\u00e1lis verzi\u00f3j\u00e1t.<\/p>\n<p>A 2015-\u00f6s \u00e9s 2016-os \u00fcvegtr\u00f3fe\u00e1t is ugyanazon szem\u00e9ly nyerte: Peter Sagan<\/p>\n<p>Mindig rendelkez\u00e9sre \u00e1ll n\u00e9h\u00e1ny \u201ep\u00f3t\u201d tr\u00f3fea is, ha valamelyik v\u00e9letlen\u00fcl megs\u00e9r\u00fclne.<\/p>\n<p>A tr\u00f3fe\u00e1k a Tour de France eszm\u00e9nyeit testes\u00edtik meg: szenved\u00e9ly, k\u00e9szs\u00e9g, pontoss\u00e1g, kitart\u00e1s \u00e9s \u00e9rzelmek.<\/p>\n","protected":false},"excerpt":{"rendered":"<p>Ma k\u00f6zelebbr\u0151l szem\u00fcgyre vessz\u00fck a ker\u00e9kp\u00e1ros vil\u00e1g egyik legszebb m\u0171alkot\u00e1s\u00e1t. Vess egy pillant\u00e1st az \u00faj diz\u00e1jn\u00fa tr\u00f3fe\u00e1ra, amelyet 2017-ben a [&hellip;]<\/p>\n","protected":false},"author":71,"featured_media":1160,"comment_status":"open","ping_status":"open","sticky":false,"template":"","format":"standard","meta":{"footnotes":""},"categories":[96],"tags":[16,28,27,87,82,80,79,93],"global-categories":[],"class_list":["post-1153","post","type-post","status-publish","format-standard","has-post-thumbnail","hentry","category-tour-de-france","tag-kerekpar","tag-kerekpar-blog","tag-kerekpar-magazin","tag-kerekpar-verseny","tag-orszaguti-kerekpar","tag-tour","tag-tour-de-france","tag-tour-de-france-2018"],"yoast_head":"<!-- This site is optimized with the Yoast SEO Premium plugin v25.3 (Yoast SEO v25.9) - https:\/\/yoast.com\/wordpress\/plugins\/seo\/ -->\n<title>A Tour de France \u00fcvegtr\u00f3fe\u00e1ja - \u0160koda We Love Cycling - Magyarorsz\u00e1g<\/title>\n<meta name=\"description\" content=\"Igazi m\u0171alkot\u00e1s. Vess egy pillant\u00e1st az \u00faj diz\u00e1jn\u00fa tr\u00f3fe\u00e1ra, amelyet 2017-ben a Tour de France gy\u0151ztese,\u00a0Chris Froome a Champs-\u00c9lys\u00e9es-n emelhetett a magasba.\" \/>\n<meta name=\"robots\" content=\"index, follow, max-snippet:-1, max-image-preview:large, max-video-preview:-1\" \/>\n<link rel=\"canonical\" href=\"https:\/\/www.welovecycling.com\/hu\/tour-de-france\/a-tour-de-france-uvegtrofeaja\/\" \/>\n<meta property=\"og:locale\" content=\"hu_HU\" \/>\n<meta property=\"og:type\" content=\"article\" \/>\n<meta property=\"og:title\" content=\"A Tour de France \u00fcvegtr\u00f3fe\u00e1ja\" \/>\n<meta property=\"og:description\" content=\"Igazi m\u0171alkot\u00e1s. Vess egy pillant\u00e1st az \u00faj diz\u00e1jn\u00fa tr\u00f3fe\u00e1ra, amelyet 2017-ben a Tour de France gy\u0151ztese,\u00a0Chris Froome a Champs-\u00c9lys\u00e9es-n emelhetett a magasba.\" \/>\n<meta property=\"og:url\" content=\"https:\/\/www.welovecycling.com\/hu\/tour-de-france\/a-tour-de-france-uvegtrofeaja\/\" \/>\n<meta property=\"og:site_name\" content=\"\u0160koda We Love Cycling - Magyarorsz\u00e1g\" \/>\n<meta property=\"article:publisher\" content=\"https:\/\/www.facebook.com\/WeLoveCyclingHungary\/\" \/>\n<meta property=\"article:published_time\" content=\"2018-07-10T15:35:48+00:00\" \/>\n<meta property=\"article:modified_time\" content=\"2018-07-10T15:37:37+00:00\" \/>\n<meta property=\"og:image\" content=\"https:\/\/d2p6e6u75xmxt8.cloudfront.net\/12\/2018\/07\/tour-de-france-uvegtrofea-cover.jpg\" \/>\n\t<meta property=\"og:image:width\" content=\"1375\" \/>\n\t<meta property=\"og:image:height\" content=\"600\" \/>\n\t<meta property=\"og:image:type\" content=\"image\/jpeg\" \/>\n<meta name=\"author\" content=\"hegyizs\" \/>\n<meta name=\"twitter:card\" content=\"summary_large_image\" \/>\n<meta name=\"twitter:label1\" content=\"Written by\" \/>\n\t<meta name=\"twitter:data1\" content=\"hegyizs\" \/>\n\t<meta name=\"twitter:label2\" content=\"Est. reading time\" \/>\n\t<meta name=\"twitter:data2\" content=\"3 minutes\" \/>\n<script type=\"application\/ld+json\" class=\"yoast-schema-graph\">{\"@context\":\"https:\/\/schema.org\",\"@graph\":[{\"@type\":\"WebPage\",\"@id\":\"https:\/\/www.welovecycling.com\/hu\/tour-de-france\/a-tour-de-france-uvegtrofeaja\/\",\"url\":\"https:\/\/www.welovecycling.com\/hu\/tour-de-france\/a-tour-de-france-uvegtrofeaja\/\",\"name\":\"A Tour de France \u00fcvegtr\u00f3fe\u00e1ja - \u0160koda We Love Cycling - Magyarorsz\u00e1g\",\"isPartOf\":{\"@id\":\"https:\/\/www.welovecycling.com\/hu\/#website\"},\"primaryImageOfPage\":{\"@id\":\"https:\/\/www.welovecycling.com\/hu\/tour-de-france\/a-tour-de-france-uvegtrofeaja\/#primaryimage\"},\"image\":{\"@id\":\"https:\/\/www.welovecycling.com\/hu\/tour-de-france\/a-tour-de-france-uvegtrofeaja\/#primaryimage\"},\"thumbnailUrl\":\"https:\/\/d2p6e6u75xmxt8.cloudfront.net\/12\/2018\/07\/tour-de-france-uvegtrofea-cover.jpg\",\"datePublished\":\"2018-07-10T15:35:48+00:00\",\"dateModified\":\"2018-07-10T15:37:37+00:00\",\"author\":{\"@id\":\"https:\/\/www.welovecycling.com\/hu\/#\/schema\/person\/414a2aebf1801691a5320edb6468e194\"},\"description\":\"Igazi m\u0171alkot\u00e1s. Vess egy pillant\u00e1st az \u00faj diz\u00e1jn\u00fa tr\u00f3fe\u00e1ra, amelyet 2017-ben a Tour de France gy\u0151ztese,\u00a0Chris Froome a Champs-\u00c9lys\u00e9es-n emelhetett a magasba.\",\"breadcrumb\":{\"@id\":\"https:\/\/www.welovecycling.com\/hu\/tour-de-france\/a-tour-de-france-uvegtrofeaja\/#breadcrumb\"},\"inLanguage\":\"hu\",\"potentialAction\":[{\"@type\":\"ReadAction\",\"target\":[\"https:\/\/www.welovecycling.com\/hu\/tour-de-france\/a-tour-de-france-uvegtrofeaja\/\"]}]},{\"@type\":\"ImageObject\",\"inLanguage\":\"hu\",\"@id\":\"https:\/\/www.welovecycling.com\/hu\/tour-de-france\/a-tour-de-france-uvegtrofeaja\/#primaryimage\",\"url\":\"https:\/\/d2p6e6u75xmxt8.cloudfront.net\/12\/2018\/07\/tour-de-france-uvegtrofea-cover.jpg\",\"contentUrl\":\"https:\/\/d2p6e6u75xmxt8.cloudfront.net\/12\/2018\/07\/tour-de-france-uvegtrofea-cover.jpg\",\"width\":1375,\"height\":600},{\"@type\":\"BreadcrumbList\",\"@id\":\"https:\/\/www.welovecycling.com\/hu\/tour-de-france\/a-tour-de-france-uvegtrofeaja\/#breadcrumb\",\"itemListElement\":[{\"@type\":\"ListItem\",\"position\":1,\"name\":\"Home\",\"item\":\"https:\/\/www.welovecycling.com\/hu\/\"},{\"@type\":\"ListItem\",\"position\":2,\"name\":\"A Tour de France \u00fcvegtr\u00f3fe\u00e1ja\"}]},{\"@type\":\"WebSite\",\"@id\":\"https:\/\/www.welovecycling.com\/hu\/#website\",\"url\":\"https:\/\/www.welovecycling.com\/hu\/\",\"name\":\"\u0160koda We Love Cycling - Magyarorsz\u00e1g\",\"description\":\"\u0160koda WeLoveCycling\",\"potentialAction\":[{\"@type\":\"SearchAction\",\"target\":{\"@type\":\"EntryPoint\",\"urlTemplate\":\"https:\/\/www.welovecycling.com\/hu\/?s={search_term_string}\"},\"query-input\":{\"@type\":\"PropertyValueSpecification\",\"valueRequired\":true,\"valueName\":\"search_term_string\"}}],\"inLanguage\":\"hu\"},{\"@type\":\"Person\",\"@id\":\"https:\/\/www.welovecycling.com\/hu\/#\/schema\/person\/414a2aebf1801691a5320edb6468e194\",\"name\":\"hegyizs\",\"image\":{\"@type\":\"ImageObject\",\"inLanguage\":\"hu\",\"@id\":\"https:\/\/www.welovecycling.com\/hu\/#\/schema\/person\/image\/\",\"url\":\"https:\/\/secure.gravatar.com\/avatar\/02cf8a7906b8cf90cecb4679defac7cfd33a1c2e3b88e4903d947f3bb58eedd3?s=96&d=mm&r=g\",\"contentUrl\":\"https:\/\/secure.gravatar.com\/avatar\/02cf8a7906b8cf90cecb4679defac7cfd33a1c2e3b88e4903d947f3bb58eedd3?s=96&d=mm&r=g\",\"caption\":\"hegyizs\"},\"url\":\"https:\/\/www.welovecycling.com\/hu\/author\/hegyizs\/\"}]}<\/script>\n<!-- \/ Yoast SEO Premium plugin. -->","yoast_head_json":{"title":"A Tour de France \u00fcvegtr\u00f3fe\u00e1ja - \u0160koda We Love Cycling - Magyarorsz\u00e1g","description":"Igazi m\u0171alkot\u00e1s. Vess egy pillant\u00e1st az \u00faj diz\u00e1jn\u00fa tr\u00f3fe\u00e1ra, amelyet 2017-ben a Tour de France gy\u0151ztese,\u00a0Chris Froome a Champs-\u00c9lys\u00e9es-n emelhetett a magasba.","robots":{"index":"index","follow":"follow","max-snippet":"max-snippet:-1","max-image-preview":"max-image-preview:large","max-video-preview":"max-video-preview:-1"},"canonical":"https:\/\/www.welovecycling.com\/hu\/tour-de-france\/a-tour-de-france-uvegtrofeaja\/","og_locale":"hu_HU","og_type":"article","og_title":"A Tour de France \u00fcvegtr\u00f3fe\u00e1ja","og_description":"Igazi m\u0171alkot\u00e1s. Vess egy pillant\u00e1st az \u00faj diz\u00e1jn\u00fa tr\u00f3fe\u00e1ra, amelyet 2017-ben a Tour de France gy\u0151ztese,\u00a0Chris Froome a Champs-\u00c9lys\u00e9es-n emelhetett a magasba.","og_url":"https:\/\/www.welovecycling.com\/hu\/tour-de-france\/a-tour-de-france-uvegtrofeaja\/","og_site_name":"\u0160koda We Love Cycling - Magyarorsz\u00e1g","article_publisher":"https:\/\/www.facebook.com\/WeLoveCyclingHungary\/","article_published_time":"2018-07-10T15:35:48+00:00","article_modified_time":"2018-07-10T15:37:37+00:00","og_image":[{"width":1375,"height":600,"url":"https:\/\/d2p6e6u75xmxt8.cloudfront.net\/12\/2018\/07\/tour-de-france-uvegtrofea-cover.jpg","type":"image\/jpeg"}],"author":"hegyizs","twitter_card":"summary_large_image","twitter_misc":{"Written by":"hegyizs","Est. reading time":"3 minutes"},"schema":{"@context":"https:\/\/schema.org","@graph":[{"@type":"WebPage","@id":"https:\/\/www.welovecycling.com\/hu\/tour-de-france\/a-tour-de-france-uvegtrofeaja\/","url":"https:\/\/www.welovecycling.com\/hu\/tour-de-france\/a-tour-de-france-uvegtrofeaja\/","name":"A Tour de France \u00fcvegtr\u00f3fe\u00e1ja - \u0160koda We Love Cycling - Magyarorsz\u00e1g","isPartOf":{"@id":"https:\/\/www.welovecycling.com\/hu\/#website"},"primaryImageOfPage":{"@id":"https:\/\/www.welovecycling.com\/hu\/tour-de-france\/a-tour-de-france-uvegtrofeaja\/#primaryimage"},"image":{"@id":"https:\/\/www.welovecycling.com\/hu\/tour-de-france\/a-tour-de-france-uvegtrofeaja\/#primaryimage"},"thumbnailUrl":"https:\/\/d2p6e6u75xmxt8.cloudfront.net\/12\/2018\/07\/tour-de-france-uvegtrofea-cover.jpg","datePublished":"2018-07-10T15:35:48+00:00","dateModified":"2018-07-10T15:37:37+00:00","author":{"@id":"https:\/\/www.welovecycling.com\/hu\/#\/schema\/person\/414a2aebf1801691a5320edb6468e194"},"description":"Igazi m\u0171alkot\u00e1s. Vess egy pillant\u00e1st az \u00faj diz\u00e1jn\u00fa tr\u00f3fe\u00e1ra, amelyet 2017-ben a Tour de France gy\u0151ztese,\u00a0Chris Froome a Champs-\u00c9lys\u00e9es-n emelhetett a magasba.","breadcrumb":{"@id":"https:\/\/www.welovecycling.com\/hu\/tour-de-france\/a-tour-de-france-uvegtrofeaja\/#breadcrumb"},"inLanguage":"hu","potentialAction":[{"@type":"ReadAction","target":["https:\/\/www.welovecycling.com\/hu\/tour-de-france\/a-tour-de-france-uvegtrofeaja\/"]}]},{"@type":"ImageObject","inLanguage":"hu","@id":"https:\/\/www.welovecycling.com\/hu\/tour-de-france\/a-tour-de-france-uvegtrofeaja\/#primaryimage","url":"https:\/\/d2p6e6u75xmxt8.cloudfront.net\/12\/2018\/07\/tour-de-france-uvegtrofea-cover.jpg","contentUrl":"https:\/\/d2p6e6u75xmxt8.cloudfront.net\/12\/2018\/07\/tour-de-france-uvegtrofea-cover.jpg","width":1375,"height":600},{"@type":"BreadcrumbList","@id":"https:\/\/www.welovecycling.com\/hu\/tour-de-france\/a-tour-de-france-uvegtrofeaja\/#breadcrumb","itemListElement":[{"@type":"ListItem","position":1,"name":"Home","item":"https:\/\/www.welovecycling.com\/hu\/"},{"@type":"ListItem","position":2,"name":"A Tour de France \u00fcvegtr\u00f3fe\u00e1ja"}]},{"@type":"WebSite","@id":"https:\/\/www.welovecycling.com\/hu\/#website","url":"https:\/\/www.welovecycling.com\/hu\/","name":"\u0160koda We Love Cycling - Magyarorsz\u00e1g","description":"\u0160koda WeLoveCycling","potentialAction":[{"@type":"SearchAction","target":{"@type":"EntryPoint","urlTemplate":"https:\/\/www.welovecycling.com\/hu\/?s={search_term_string}"},"query-input":{"@type":"PropertyValueSpecification","valueRequired":true,"valueName":"search_term_string"}}],"inLanguage":"hu"},{"@type":"Person","@id":"https:\/\/www.welovecycling.com\/hu\/#\/schema\/person\/414a2aebf1801691a5320edb6468e194","name":"hegyizs","image":{"@type":"ImageObject","inLanguage":"hu","@id":"https:\/\/www.welovecycling.com\/hu\/#\/schema\/person\/image\/","url":"https:\/\/secure.gravatar.com\/avatar\/02cf8a7906b8cf90cecb4679defac7cfd33a1c2e3b88e4903d947f3bb58eedd3?s=96&d=mm&r=g","contentUrl":"https:\/\/secure.gravatar.com\/avatar\/02cf8a7906b8cf90cecb4679defac7cfd33a1c2e3b88e4903d947f3bb58eedd3?s=96&d=mm&r=g","caption":"hegyizs"},"url":"https:\/\/www.welovecycling.com\/hu\/author\/hegyizs\/"}]}},"_links":{"self":[{"href":"https:\/\/www.welovecycling.com\/hu\/wp-json\/wp\/v2\/posts\/1153","targetHints":{"allow":["GET"]}}],"collection":[{"href":"https:\/\/www.welovecycling.com\/hu\/wp-json\/wp\/v2\/posts"}],"about":[{"href":"https:\/\/www.welovecycling.com\/hu\/wp-json\/wp\/v2\/types\/post"}],"author":[{"embeddable":true,"href":"https:\/\/www.welovecycling.com\/hu\/wp-json\/wp\/v2\/users\/71"}],"replies":[{"embeddable":true,"href":"https:\/\/www.welovecycling.com\/hu\/wp-json\/wp\/v2\/comments?post=1153"}],"version-history":[{"count":2,"href":"https:\/\/www.welovecycling.com\/hu\/wp-json\/wp\/v2\/posts\/1153\/revisions"}],"predecessor-version":[{"id":1163,"href":"https:\/\/www.welovecycling.com\/hu\/wp-json\/wp\/v2\/posts\/1153\/revisions\/1163"}],"wp:featuredmedia":[{"embeddable":true,"href":"https:\/\/www.welovecycling.com\/hu\/wp-json\/wp\/v2\/media\/1160"}],"wp:attachment":[{"href":"https:\/\/www.welovecycling.com\/hu\/wp-json\/wp\/v2\/media?parent=1153"}],"wp:term":[{"taxonomy":"category","embeddable":true,"href":"https:\/\/www.welovecycling.com\/hu\/wp-json\/wp\/v2\/categories?post=1153"},{"taxonomy":"post_tag","embeddable":true,"href":"https:\/\/www.welovecycling.com\/hu\/wp-json\/wp\/v2\/tags?post=1153"},{"taxonomy":"global-categories","embeddable":true,"href":"https:\/\/www.welovecycling.com\/hu\/wp-json\/wp\/v2\/global-categories?post=1153"}],"curies":[{"name":"wp","href":"https:\/\/api.w.org\/{rel}","templated":true}]}}