{"id":11526,"date":"2021-05-20T10:46:18","date_gmt":"2021-05-20T08:46:18","guid":{"rendered":"https:\/\/www.welovecycling.com\/hu\/?p=11526"},"modified":"2021-05-20T10:46:18","modified_gmt":"2021-05-20T08:46:18","slug":"a-tour-de-hongrie-szive-lelke-eisenkrammer-karoly","status":"publish","type":"post","link":"https:\/\/www.welovecycling.com\/hu\/tour-de-hongrie\/a-tour-de-hongrie-szive-lelke-eisenkrammer-karoly\/","title":{"rendered":"A Tour de Hongrie sz\u00edve-lelke- Eisenkrammer K\u00e1roly"},"content":{"rendered":"<p><strong>A Magyar K\u00f6rverseny felt\u00e1maszt\u00f3ja \u00e9s mai napig els\u0151 embere nagyon boldog, hogy nemzeti ker\u00e9kp\u00e1rviadalunk m\u00e1r a vil\u00e1gelit kapuj\u00e1n kopogtat, amihez persze az kell, hogy m\u00e9g a legapr\u00f3bb r\u00e9szletek is a hely\u00fck\u00f6n legyenek \u2013 p\u00e9ld\u00e1ul a bagett- \u00e9s j\u00e9gfelel\u0151s\u00f6k\u2026!<\/strong><!--more--><\/p>\n<p>Eisenkrammer K\u00e1rolyn\u00e1l jobban senki sem viseli sz\u00edv\u00e9n a Tour de Hongrie sors\u00e1t. A f\u0151szervez\u0151 kor\u00e1bban, m\u00e9g versenyz\u0151k\u00e9nt maga is \u00e1llt a Magyar K\u00f6rverseny dobog\u00f3j\u00e1n (k\u00e9tszer is, 1996-ban \u00e9s \u201998-ban), az \u00faj \u00e9vezredben pedig \u0151 \u201e\u00e9lesztette \u00fajj\u00e1\u201d a TdH-t, mely az\u00f3ta is a sz\u00edv\u00fcgye. Azt azonban tal\u00e1n \u0151 is csak legmer\u00e9szebb \u00e1lmaiban merte rem\u00e9lni, hogy nemzeti ker\u00e9kp\u00e1rverseny\u00fcnk 2021-re ilyen szintre jut, s ahogy \u0151 fogalmazott, a \u201evil\u00e1gelit kapuj\u00e1n kopogtat\u201d, a csapatok, a versenyz\u0151k \u00e9s a k\u00fclf\u00f6ldi szakemberek visszajelz\u00e9sei alapj\u00e1n egyar\u00e1nt.<\/p>\n<p>Mindenki Karcsija egyszer\u0171 f\u00f6ldi haland\u00f3 sz\u00e1m\u00e1ra elk\u00e9pzelhetetlen\u00fcl sok munk\u00e1t tesz bele maroknyi csapat\u00e1val egy\u00fctt a verseny megszervez\u00e9s\u00e9be, s hogy minden a lehet\u0151 legjobban siker\u00fclj\u00f6n. Az \u0151 feladatuk, hogy a TdH zavartalanul lemenjen, \u00fagy az aszfalton, mint a p\u00e1ly\u00e1n k\u00edv\u00fcl, s hogy a hozz\u00e1nk l\u00e1togat\u00f3 nemzetk\u00f6zi h\u00edr\u0171 nagycsapatok semmiben ne szenvedjenek hi\u00e1nyt, s \u00edgy j\u00f3 h\u00edr\u00fcnket vigy\u00e9k a nagyvil\u00e1gban.<\/p>\n<p>Sz\u00e1mos apr\u00f3s\u00e1gra kell odafigyelni\u00fck, ezek k\u00f6z\u00fcl n\u00e9h\u00e1ny olyat is megosztott vel\u00fcnk, amikre nem is gondolna az ember. <strong><em>\u201eAz, hogy a sz\u00e1ll\u00e1sok rendben legyenek, \u00edgy biztos\u00edtva a versenyz\u0151k zavartalan pihen\u00e9s\u00e9t, a legalapabb dolog, ezt m\u00e1r ki sem emelem. De p\u00e9ld\u00e1ul ilyenekre is gondolnunk kell, hogy a verseny alatt az \u00f6sszes \u00e9rintett sz\u00e1lloda parkol\u00f3j\u00e1ban komplett kis kempinget kell ki\u00e9p\u00edten\u00fcnk; \u00e1ramki\u00e1ll\u00e1sokkal, v\u00edzki\u00e1ll\u00e1sokkal, ami teljes leterhelts\u00e9get jelent a hotelek sz\u00e1m\u00e1ra \u2013 nek\u00fcnk pedig napi t\u00f6bbmilli\u00f3 forintunkba ker\u00fcl. Emellett p\u00e9ld\u00e1ul k\u00fcl\u00f6n bagett- \u00e9s j\u00e9gfelel\u0151s\u00fcnk van, hogy a csapatok t\u00e9nyleg semmiben se szenvedjenek hi\u00e1nyt!\u201d<\/em><\/strong><strong><em>\u00a0<\/em><\/strong><\/p>\n<p>Eisenkrammer K\u00e1roly hozz\u00e1tette, a k\u00f6lts\u00e9gvet\u00e9si sz\u00e1maik nem titkosak \u2013 pont az\u00e9rt, mivel annak jelent\u0151s r\u00e9sze a Magyar Turisztikai \u00dcgyn\u00f6ks\u00e9g \u00e9s az \u00e1llam t\u00e1mogat\u00e1s\u00e1b\u00f3l \u00e1ll \u00f6ssze \u2013, a teljes b\u00fcdzs\u00e9 nagyj\u00e1b\u00f3l 700 milli\u00f3 forintot tesz ki. <strong><em>\u201eDe m\u00e9g ez sem az eg\u00e9sz, mert nagyon sok olyan partner\u00fcnk van, akik nem anyagi, hanem p\u00e9ld\u00e1ul technikai vagy eszk\u00f6zseg\u00edts\u00e9get biztos\u00edtanak nek\u00fcnk, gondoljunk csak p\u00e9ld\u00e1ul az Antenna Hung\u00e1ri\u00e1ra \u00e9s az MTVA-ra.\u201d<\/em><\/strong><strong><em>\u00a0<\/em><\/strong><\/p>\n<p>A f\u0151szervez\u0151 el\u00e1rulta, a verseny idei n\u00e9zetts\u00e9ge minden v\u00e1rakoz\u00e1s\u00e1t fel\u00fclm\u00falta, hiszen a Tour de France-t is szervez\u0151 francia A.S.O. c\u00e9g seg\u00edts\u00e9g\u00e9vel vil\u00e1gszerte 150 orsz\u00e1gban k\u00f6vethett\u00e9k a Magyar K\u00f6rversenyt \u00e9l\u0151ben r\u00f6videbb-hosszabb ideig, ami hihetetlen sz\u00e1m.<\/p>\n<p>Budapest n\u00e9gy \u00e9v ut\u00e1n t\u00e9rt vissza a Tour de Hongrie v\u00e9rkering\u00e9s\u00e9be \u2013 arra a k\u00e9rd\u00e9sre, hogy j\u00f6v\u0151re is lesz-e budapesti szakasz, Karcsi a k\u00f6vetkez\u0151t v\u00e1laszolta: <strong><em>\u201eMinden a visszajelz\u00e9sekt\u0151l f\u00fcgg. Azt l\u00e1tni kell, hogy ezzel a szakasszal alaposan beleny\u00faltunk a f\u0151v\u00e1ros \u00e9let\u00e9be \u2013 p\u00e9ld\u00e1ul elterelt\u00fck a hetes buszt \u2013, \u00e9s ha ezerb\u0151l 999 ember ezt nem akarja legk\u00f6zelebb, akkor ak\u00e1rmekkora a m\u00e9diafelhajt\u00e1s, meg kell hajolnunk az akaratuk el\u0151tt. Szerencs\u00e9re eddig csak pozit\u00edv visszajelz\u00e9s \u00e9rkezett hozz\u00e1nk Budapestr\u0151l is, ami tal\u00e1n a profin \u00f6sszerakott z\u00e1r\u00e1snak \u00e9s a megfelel\u0151 t\u00e1j\u00e9koztat\u00e1snak is volt k\u00f6sz\u00f6nhet\u0151. Id\u00e1ig t\u00e9nyleg csak azt hallottuk, hogy mindenki im\u00e1dta az eg\u00e9szet, de az\u00e9rt v\u00e1rjuk ki a v\u00e9g\u00e9t \u2013 a magam r\u00e9sz\u00e9r\u0151l mindenesetre meg\u00edg\u00e9rhetem, hogy ha rajtunk m\u00falik, akkor j\u00f6v\u0151re is lesz budapesti szakasz!\u201d<\/em><\/strong><\/p>\n<p>Szerz\u0151: <em>Koh\u00e1n Gergely<\/em><\/p>\n","protected":false},"excerpt":{"rendered":"<p>A Magyar K\u00f6rverseny felt\u00e1maszt\u00f3ja \u00e9s mai napig els\u0151 embere nagyon boldog, hogy nemzeti ker\u00e9kp\u00e1rviadalunk m\u00e1r a vil\u00e1gelit kapuj\u00e1n kopogtat, amihez [&hellip;]<\/p>\n","protected":false},"author":71,"featured_media":11525,"comment_status":"open","ping_status":"open","sticky":false,"template":"","format":"video","meta":{"footnotes":""},"categories":[462],"tags":[],"global-categories":[419],"class_list":["post-11526","post","type-post","status-publish","format-video","has-post-thumbnail","hentry","category-tour-de-hongrie","post_format-post-format-video","global-categories-cycling"],"yoast_head":"<!-- This site is optimized with the Yoast SEO Premium plugin v25.3 (Yoast SEO v25.9) - https:\/\/yoast.com\/wordpress\/plugins\/seo\/ -->\n<title>A Tour de Hongrie sz\u00edve-lelke- Eisenkrammer K\u00e1roly<\/title>\n<meta name=\"description\" content=\"A Magyar K\u00f6rverseny felt\u00e1maszt\u00f3ja \u00e9s mai napig els\u0151 embere nagyon boldog, hogy nemzeti ker\u00e9kp\u00e1rviadalunk m\u00e1r a vil\u00e1gelit kapuj\u00e1n kopogtat, amihez persze az kell, hogy m\u00e9g a legapr\u00f3bb r\u00e9szletek is a hely\u00fck\u00f6n legyenek \u2013 p\u00e9ld\u00e1ul a bagett- \u00e9s j\u00e9gfelel\u0151s\u00f6k\u2026!\" \/>\n<meta name=\"robots\" content=\"index, follow, max-snippet:-1, max-image-preview:large, max-video-preview:-1\" \/>\n<link rel=\"canonical\" href=\"https:\/\/www.welovecycling.com\/hu\/tour-de-hongrie\/a-tour-de-hongrie-szive-lelke-eisenkrammer-karoly\/\" \/>\n<meta property=\"og:locale\" content=\"hu_HU\" \/>\n<meta property=\"og:type\" content=\"article\" \/>\n<meta property=\"og:title\" content=\"A Tour de Hongrie sz\u00edve-lelke- Eisenkrammer K\u00e1roly\" \/>\n<meta property=\"og:description\" content=\"A Magyar K\u00f6rverseny felt\u00e1maszt\u00f3ja \u00e9s mai napig els\u0151 embere nagyon boldog, hogy nemzeti ker\u00e9kp\u00e1rviadalunk m\u00e1r a vil\u00e1gelit kapuj\u00e1n kopogtat, amihez persze az kell, hogy m\u00e9g a legapr\u00f3bb r\u00e9szletek is a hely\u00fck\u00f6n legyenek \u2013 p\u00e9ld\u00e1ul a bagett- \u00e9s j\u00e9gfelel\u0151s\u00f6k\u2026!\" \/>\n<meta property=\"og:url\" content=\"https:\/\/www.welovecycling.com\/hu\/tour-de-hongrie\/a-tour-de-hongrie-szive-lelke-eisenkrammer-karoly\/\" \/>\n<meta property=\"og:site_name\" content=\"\u0160koda We Love Cycling - Magyarorsz\u00e1g\" \/>\n<meta property=\"article:publisher\" content=\"https:\/\/www.facebook.com\/WeLoveCyclingHungary\/\" \/>\n<meta property=\"article:published_time\" content=\"2021-05-20T08:46:18+00:00\" \/>\n<meta property=\"og:image\" content=\"https:\/\/d2p6e6u75xmxt8.cloudfront.net\/12\/2021\/05\/WL007_elo_eisenkrammer_karoly.jpg\" \/>\n\t<meta property=\"og:image:width\" content=\"1920\" \/>\n\t<meta property=\"og:image:height\" content=\"1080\" \/>\n\t<meta property=\"og:image:type\" content=\"image\/jpeg\" \/>\n<meta name=\"author\" content=\"hegyizs\" \/>\n<meta name=\"twitter:card\" content=\"summary_large_image\" \/>\n<meta name=\"twitter:label1\" content=\"Written by\" \/>\n\t<meta name=\"twitter:data1\" content=\"Koh\u00e1n Gergely\" \/>\n\t<meta name=\"twitter:label2\" content=\"Est. reading time\" \/>\n\t<meta name=\"twitter:data2\" content=\"4 minutes\" \/>\n<script type=\"application\/ld+json\" class=\"yoast-schema-graph\">{\"@context\":\"https:\/\/schema.org\",\"@graph\":[{\"@type\":\"WebPage\",\"@id\":\"https:\/\/www.welovecycling.com\/hu\/tour-de-hongrie\/a-tour-de-hongrie-szive-lelke-eisenkrammer-karoly\/\",\"url\":\"https:\/\/www.welovecycling.com\/hu\/tour-de-hongrie\/a-tour-de-hongrie-szive-lelke-eisenkrammer-karoly\/\",\"name\":\"A Tour de Hongrie sz\u00edve-lelke- Eisenkrammer K\u00e1roly\",\"isPartOf\":{\"@id\":\"https:\/\/www.welovecycling.com\/hu\/#website\"},\"primaryImageOfPage\":{\"@id\":\"https:\/\/www.welovecycling.com\/hu\/tour-de-hongrie\/a-tour-de-hongrie-szive-lelke-eisenkrammer-karoly\/#primaryimage\"},\"image\":{\"@id\":\"https:\/\/www.welovecycling.com\/hu\/tour-de-hongrie\/a-tour-de-hongrie-szive-lelke-eisenkrammer-karoly\/#primaryimage\"},\"thumbnailUrl\":\"https:\/\/d2p6e6u75xmxt8.cloudfront.net\/12\/2021\/05\/WL007_elo_eisenkrammer_karoly.jpg\",\"datePublished\":\"2021-05-20T08:46:18+00:00\",\"author\":{\"@id\":\"https:\/\/www.welovecycling.com\/hu\/#\/schema\/person\/414a2aebf1801691a5320edb6468e194\"},\"description\":\"A Magyar K\u00f6rverseny felt\u00e1maszt\u00f3ja \u00e9s mai napig els\u0151 embere nagyon boldog, hogy nemzeti ker\u00e9kp\u00e1rviadalunk m\u00e1r a vil\u00e1gelit kapuj\u00e1n kopogtat, amihez persze az kell, hogy m\u00e9g a legapr\u00f3bb r\u00e9szletek is a hely\u00fck\u00f6n legyenek \u2013 p\u00e9ld\u00e1ul a bagett- \u00e9s j\u00e9gfelel\u0151s\u00f6k\u2026!\",\"breadcrumb\":{\"@id\":\"https:\/\/www.welovecycling.com\/hu\/tour-de-hongrie\/a-tour-de-hongrie-szive-lelke-eisenkrammer-karoly\/#breadcrumb\"},\"inLanguage\":\"hu\",\"potentialAction\":[{\"@type\":\"ReadAction\",\"target\":[\"https:\/\/www.welovecycling.com\/hu\/tour-de-hongrie\/a-tour-de-hongrie-szive-lelke-eisenkrammer-karoly\/\"]}]},{\"@type\":\"ImageObject\",\"inLanguage\":\"hu\",\"@id\":\"https:\/\/www.welovecycling.com\/hu\/tour-de-hongrie\/a-tour-de-hongrie-szive-lelke-eisenkrammer-karoly\/#primaryimage\",\"url\":\"https:\/\/d2p6e6u75xmxt8.cloudfront.net\/12\/2021\/05\/WL007_elo_eisenkrammer_karoly.jpg\",\"contentUrl\":\"https:\/\/d2p6e6u75xmxt8.cloudfront.net\/12\/2021\/05\/WL007_elo_eisenkrammer_karoly.jpg\",\"width\":1920,\"height\":1080},{\"@type\":\"BreadcrumbList\",\"@id\":\"https:\/\/www.welovecycling.com\/hu\/tour-de-hongrie\/a-tour-de-hongrie-szive-lelke-eisenkrammer-karoly\/#breadcrumb\",\"itemListElement\":[{\"@type\":\"ListItem\",\"position\":1,\"name\":\"Home\",\"item\":\"https:\/\/www.welovecycling.com\/hu\/\"},{\"@type\":\"ListItem\",\"position\":2,\"name\":\"A Tour de Hongrie sz\u00edve-lelke- Eisenkrammer K\u00e1roly\"}]},{\"@type\":\"WebSite\",\"@id\":\"https:\/\/www.welovecycling.com\/hu\/#website\",\"url\":\"https:\/\/www.welovecycling.com\/hu\/\",\"name\":\"\u0160koda We Love Cycling - Magyarorsz\u00e1g\",\"description\":\"\u0160koda WeLoveCycling\",\"potentialAction\":[{\"@type\":\"SearchAction\",\"target\":{\"@type\":\"EntryPoint\",\"urlTemplate\":\"https:\/\/www.welovecycling.com\/hu\/?s={search_term_string}\"},\"query-input\":{\"@type\":\"PropertyValueSpecification\",\"valueRequired\":true,\"valueName\":\"search_term_string\"}}],\"inLanguage\":\"hu\"},{\"@type\":\"Person\",\"@id\":\"https:\/\/www.welovecycling.com\/hu\/#\/schema\/person\/414a2aebf1801691a5320edb6468e194\",\"name\":\"hegyizs\",\"image\":{\"@type\":\"ImageObject\",\"inLanguage\":\"hu\",\"@id\":\"https:\/\/www.welovecycling.com\/hu\/#\/schema\/person\/image\/\",\"url\":\"https:\/\/secure.gravatar.com\/avatar\/02cf8a7906b8cf90cecb4679defac7cfd33a1c2e3b88e4903d947f3bb58eedd3?s=96&d=mm&r=g\",\"contentUrl\":\"https:\/\/secure.gravatar.com\/avatar\/02cf8a7906b8cf90cecb4679defac7cfd33a1c2e3b88e4903d947f3bb58eedd3?s=96&d=mm&r=g\",\"caption\":\"hegyizs\"},\"url\":\"https:\/\/www.welovecycling.com\/hu\/author\/hegyizs\/\"}]}<\/script>\n<!-- \/ Yoast SEO Premium plugin. -->","yoast_head_json":{"title":"A Tour de Hongrie sz\u00edve-lelke- Eisenkrammer K\u00e1roly","description":"A Magyar K\u00f6rverseny felt\u00e1maszt\u00f3ja \u00e9s mai napig els\u0151 embere nagyon boldog, hogy nemzeti ker\u00e9kp\u00e1rviadalunk m\u00e1r a vil\u00e1gelit kapuj\u00e1n kopogtat, amihez persze az kell, hogy m\u00e9g a legapr\u00f3bb r\u00e9szletek is a hely\u00fck\u00f6n legyenek \u2013 p\u00e9ld\u00e1ul a bagett- \u00e9s j\u00e9gfelel\u0151s\u00f6k\u2026!","robots":{"index":"index","follow":"follow","max-snippet":"max-snippet:-1","max-image-preview":"max-image-preview:large","max-video-preview":"max-video-preview:-1"},"canonical":"https:\/\/www.welovecycling.com\/hu\/tour-de-hongrie\/a-tour-de-hongrie-szive-lelke-eisenkrammer-karoly\/","og_locale":"hu_HU","og_type":"article","og_title":"A Tour de Hongrie sz\u00edve-lelke- Eisenkrammer K\u00e1roly","og_description":"A Magyar K\u00f6rverseny felt\u00e1maszt\u00f3ja \u00e9s mai napig els\u0151 embere nagyon boldog, hogy nemzeti ker\u00e9kp\u00e1rviadalunk m\u00e1r a vil\u00e1gelit kapuj\u00e1n kopogtat, amihez persze az kell, hogy m\u00e9g a legapr\u00f3bb r\u00e9szletek is a hely\u00fck\u00f6n legyenek \u2013 p\u00e9ld\u00e1ul a bagett- \u00e9s j\u00e9gfelel\u0151s\u00f6k\u2026!","og_url":"https:\/\/www.welovecycling.com\/hu\/tour-de-hongrie\/a-tour-de-hongrie-szive-lelke-eisenkrammer-karoly\/","og_site_name":"\u0160koda We Love Cycling - Magyarorsz\u00e1g","article_publisher":"https:\/\/www.facebook.com\/WeLoveCyclingHungary\/","article_published_time":"2021-05-20T08:46:18+00:00","og_image":[{"width":1920,"height":1080,"url":"https:\/\/d2p6e6u75xmxt8.cloudfront.net\/12\/2021\/05\/WL007_elo_eisenkrammer_karoly.jpg","type":"image\/jpeg"}],"author":"hegyizs","twitter_card":"summary_large_image","twitter_misc":{"Written by":"Koh\u00e1n Gergely","Est. reading time":"4 minutes"},"schema":{"@context":"https:\/\/schema.org","@graph":[{"@type":"WebPage","@id":"https:\/\/www.welovecycling.com\/hu\/tour-de-hongrie\/a-tour-de-hongrie-szive-lelke-eisenkrammer-karoly\/","url":"https:\/\/www.welovecycling.com\/hu\/tour-de-hongrie\/a-tour-de-hongrie-szive-lelke-eisenkrammer-karoly\/","name":"A Tour de Hongrie sz\u00edve-lelke- Eisenkrammer K\u00e1roly","isPartOf":{"@id":"https:\/\/www.welovecycling.com\/hu\/#website"},"primaryImageOfPage":{"@id":"https:\/\/www.welovecycling.com\/hu\/tour-de-hongrie\/a-tour-de-hongrie-szive-lelke-eisenkrammer-karoly\/#primaryimage"},"image":{"@id":"https:\/\/www.welovecycling.com\/hu\/tour-de-hongrie\/a-tour-de-hongrie-szive-lelke-eisenkrammer-karoly\/#primaryimage"},"thumbnailUrl":"https:\/\/d2p6e6u75xmxt8.cloudfront.net\/12\/2021\/05\/WL007_elo_eisenkrammer_karoly.jpg","datePublished":"2021-05-20T08:46:18+00:00","author":{"@id":"https:\/\/www.welovecycling.com\/hu\/#\/schema\/person\/414a2aebf1801691a5320edb6468e194"},"description":"A Magyar K\u00f6rverseny felt\u00e1maszt\u00f3ja \u00e9s mai napig els\u0151 embere nagyon boldog, hogy nemzeti ker\u00e9kp\u00e1rviadalunk m\u00e1r a vil\u00e1gelit kapuj\u00e1n kopogtat, amihez persze az kell, hogy m\u00e9g a legapr\u00f3bb r\u00e9szletek is a hely\u00fck\u00f6n legyenek \u2013 p\u00e9ld\u00e1ul a bagett- \u00e9s j\u00e9gfelel\u0151s\u00f6k\u2026!","breadcrumb":{"@id":"https:\/\/www.welovecycling.com\/hu\/tour-de-hongrie\/a-tour-de-hongrie-szive-lelke-eisenkrammer-karoly\/#breadcrumb"},"inLanguage":"hu","potentialAction":[{"@type":"ReadAction","target":["https:\/\/www.welovecycling.com\/hu\/tour-de-hongrie\/a-tour-de-hongrie-szive-lelke-eisenkrammer-karoly\/"]}]},{"@type":"ImageObject","inLanguage":"hu","@id":"https:\/\/www.welovecycling.com\/hu\/tour-de-hongrie\/a-tour-de-hongrie-szive-lelke-eisenkrammer-karoly\/#primaryimage","url":"https:\/\/d2p6e6u75xmxt8.cloudfront.net\/12\/2021\/05\/WL007_elo_eisenkrammer_karoly.jpg","contentUrl":"https:\/\/d2p6e6u75xmxt8.cloudfront.net\/12\/2021\/05\/WL007_elo_eisenkrammer_karoly.jpg","width":1920,"height":1080},{"@type":"BreadcrumbList","@id":"https:\/\/www.welovecycling.com\/hu\/tour-de-hongrie\/a-tour-de-hongrie-szive-lelke-eisenkrammer-karoly\/#breadcrumb","itemListElement":[{"@type":"ListItem","position":1,"name":"Home","item":"https:\/\/www.welovecycling.com\/hu\/"},{"@type":"ListItem","position":2,"name":"A Tour de Hongrie sz\u00edve-lelke- Eisenkrammer K\u00e1roly"}]},{"@type":"WebSite","@id":"https:\/\/www.welovecycling.com\/hu\/#website","url":"https:\/\/www.welovecycling.com\/hu\/","name":"\u0160koda We Love Cycling - Magyarorsz\u00e1g","description":"\u0160koda WeLoveCycling","potentialAction":[{"@type":"SearchAction","target":{"@type":"EntryPoint","urlTemplate":"https:\/\/www.welovecycling.com\/hu\/?s={search_term_string}"},"query-input":{"@type":"PropertyValueSpecification","valueRequired":true,"valueName":"search_term_string"}}],"inLanguage":"hu"},{"@type":"Person","@id":"https:\/\/www.welovecycling.com\/hu\/#\/schema\/person\/414a2aebf1801691a5320edb6468e194","name":"hegyizs","image":{"@type":"ImageObject","inLanguage":"hu","@id":"https:\/\/www.welovecycling.com\/hu\/#\/schema\/person\/image\/","url":"https:\/\/secure.gravatar.com\/avatar\/02cf8a7906b8cf90cecb4679defac7cfd33a1c2e3b88e4903d947f3bb58eedd3?s=96&d=mm&r=g","contentUrl":"https:\/\/secure.gravatar.com\/avatar\/02cf8a7906b8cf90cecb4679defac7cfd33a1c2e3b88e4903d947f3bb58eedd3?s=96&d=mm&r=g","caption":"hegyizs"},"url":"https:\/\/www.welovecycling.com\/hu\/author\/hegyizs\/"}]}},"_links":{"self":[{"href":"https:\/\/www.welovecycling.com\/hu\/wp-json\/wp\/v2\/posts\/11526","targetHints":{"allow":["GET"]}}],"collection":[{"href":"https:\/\/www.welovecycling.com\/hu\/wp-json\/wp\/v2\/posts"}],"about":[{"href":"https:\/\/www.welovecycling.com\/hu\/wp-json\/wp\/v2\/types\/post"}],"author":[{"embeddable":true,"href":"https:\/\/www.welovecycling.com\/hu\/wp-json\/wp\/v2\/users\/71"}],"replies":[{"embeddable":true,"href":"https:\/\/www.welovecycling.com\/hu\/wp-json\/wp\/v2\/comments?post=11526"}],"version-history":[{"count":1,"href":"https:\/\/www.welovecycling.com\/hu\/wp-json\/wp\/v2\/posts\/11526\/revisions"}],"predecessor-version":[{"id":11527,"href":"https:\/\/www.welovecycling.com\/hu\/wp-json\/wp\/v2\/posts\/11526\/revisions\/11527"}],"wp:featuredmedia":[{"embeddable":true,"href":"https:\/\/www.welovecycling.com\/hu\/wp-json\/wp\/v2\/media\/11525"}],"wp:attachment":[{"href":"https:\/\/www.welovecycling.com\/hu\/wp-json\/wp\/v2\/media?parent=11526"}],"wp:term":[{"taxonomy":"category","embeddable":true,"href":"https:\/\/www.welovecycling.com\/hu\/wp-json\/wp\/v2\/categories?post=11526"},{"taxonomy":"post_tag","embeddable":true,"href":"https:\/\/www.welovecycling.com\/hu\/wp-json\/wp\/v2\/tags?post=11526"},{"taxonomy":"global-categories","embeddable":true,"href":"https:\/\/www.welovecycling.com\/hu\/wp-json\/wp\/v2\/global-categories?post=11526"}],"curies":[{"name":"wp","href":"https:\/\/api.w.org\/{rel}","templated":true}]}}