{"id":11510,"date":"2021-05-17T18:54:04","date_gmt":"2021-05-17T16:54:04","guid":{"rendered":"https:\/\/www.welovecycling.com\/hu\/?p=11510"},"modified":"2021-05-18T16:24:21","modified_gmt":"2021-05-18T14:24:21","slug":"we-love-tdh-az-idei-tour-de-hongrie-ahogy-mi-eltuk-at-veletek","status":"publish","type":"post","link":"https:\/\/www.welovecycling.com\/hu\/tour-de-hongrie\/we-love-tdh-az-idei-tour-de-hongrie-ahogy-mi-eltuk-at-veletek\/","title":{"rendered":"We Love TdH \u2013 az idei Tour de Hongrie, ahogy mi \u00e9lt\u00fck \u00e1t, veletek"},"content":{"rendered":"<p><strong>V\u00e9get \u00e9rt a 2021-es Magyar k\u00f6rverseny, \u00e9s a tavalyi hi\u00e1ny\u00e9rzetet v\u00e9gre \u00fajra felv\u00e1ltotta a k\u00f6z\u00f6s szurkol\u00e1s izgalma. V\u00e9gigk\u00eds\u00e9rt\u00fck a versenyz\u0151ket, bepillantottunk a kulissz\u00e1k m\u00f6g\u00e9, ott voltunk a befut\u00f3n \u00e9s egy\u00fctt tekert\u00fcnk a legjobbakkal. Mi voltunk az Amat\u0151r szurkol\u00f3k klubja, mert mind bring\u00e1sok vagyunk, \u00e9s nem kell profiknak lenn\u00fcnk ahhoz, hogy ezt kifejezz\u00fck. K\u00f6sz\u00f6nj\u00fck, hogy vel\u00fcnk tartottatok!<\/strong><!--more--><\/p>\n<p>Az ide Tour de Hongrie-n 206-an \u00e1lltak rajthoz, k\u00f6zt\u00fck tehets\u00e9ges magyar versenyz\u0151k \u00e9s vil\u00e1gh\u00edr\u0171 csapatok. A szesz\u00e9lyes m\u00e1jusi id\u0151j\u00e1r\u00e1s nem akad\u00e1lyozta meg a r\u00e9sztvev\u0151ket, hogy mindent beleadjanak, Valter Attila csod\u00e1latos eredm\u00e9nyei a Giro-n pedig extra l\u00f6ketet adtak honfit\u00e1rsainak \u00e9s k\u00fcl\u00f6nleges keretet az esem\u00e9nynek. \u00cdgy lett a piros, s\u00e1rga, z\u00f6ld \u00e9s feh\u00e9r sz\u00edn mellett fontos r\u00e9sze a r\u00f3zsasz\u00edn is a versenynek, amit Olaszorsz\u00e1gban Valter, itthon pedig a Pusk\u00e1s Ar\u00e9na viselt. Buk\u00e1sok, izgalmas sz\u00f6k\u00e9sek, verejt\u00e9kes r\u00e9szhajr\u00e1k \u00e9s \u00fcnnepl\u00e9s: \u00edgy zajlott a 42. magyar k\u00f6rverseny.<\/p>\n<figure id=\"attachment_11512\" aria-describedby=\"caption-attachment-11512\" style=\"width: 1024px\" class=\"wp-caption aligncenter\"><img loading=\"lazy\" decoding=\"async\" class=\"size-large wp-image-11512\" src=\"https:\/\/d2p6e6u75xmxt8.cloudfront.net\/12\/2021\/05\/tdh2021-1-of-1-14-1024x683.jpg\" alt=\"\" width=\"1024\" height=\"683\" srcset=\"https:\/\/d2p6e6u75xmxt8.cloudfront.net\/12\/2021\/05\/tdh2021-1-of-1-14-1024x683.jpg 1024w, https:\/\/d2p6e6u75xmxt8.cloudfront.net\/12\/2021\/05\/tdh2021-1-of-1-14-300x200.jpg 300w, https:\/\/d2p6e6u75xmxt8.cloudfront.net\/12\/2021\/05\/tdh2021-1-of-1-14-768x512.jpg 768w, https:\/\/d2p6e6u75xmxt8.cloudfront.net\/12\/2021\/05\/tdh2021-1-of-1-14-272x182.jpg 272w, https:\/\/d2p6e6u75xmxt8.cloudfront.net\/12\/2021\/05\/tdh2021-1-of-1-14.jpg 1440w\" sizes=\"auto, (max-width: 1024px) 100vw, 1024px\" \/><figcaption id=\"caption-attachment-11512\" class=\"wp-caption-text\">V\u00e9gre \u00e9l\u0151ben is tal\u00e1lkozhattunk.<\/figcaption><\/figure>\n<h2><strong>Mindenki nyeregbe!<\/strong><\/h2>\n<p>M\u00e9g miel\u0151tt elindult volna a Tour, sokan m\u00e1ris rajthoz \u00e1lltak, hogy megszerezz\u00e9k a Z\u00f6ld trik\u00f3t \u2013 na nem az igazit, hanem egy egyedi v\u00e1ltozat\u00e1t, ami\u00e9rt amat\u0151r bring\u00e1sok k\u00fczdhettek meg. A nyerem\u00e9nyj\u00e1t\u00e9k sor\u00e1n, a profikhoz hasonl\u00f3an, \u00f6t etapot kellett teljes\u00edtenie a r\u00e9sztvev\u0151knek, mely mindegyike a TdH szakaszainak egy-egy kih\u00edv\u00e1s\u00e1t \u00e1ll\u00edtotta el\u00e9j\u00fck. Rengeteg kilom\u00e9tert hagytak maguk m\u00f6g\u00f6tt versenyz\u0151ink, ahogy az els\u0151 szakasz 1280 m\u00e9teres szintemelked\u00e9s\u00e9t vagy a harmadik futam 44 km\/\u00f3r\u00e1s \u00e1tlagsebess\u00e9g\u00e9t igyekeztek el\u00e9rni (ha csak egy pillanatra is).\u00a0 Szuper visszajelz\u00e9seket kaptunk, tudjuk, hogy nem volt k\u00f6nny\u0171 a feladat, de sokan teljes\u00edtett\u00e9tek, b\u00fcszk\u00e9k vagyunk r\u00e1tok! Az \u00f6t aj\u00e1nd\u00e9kcsomagot \u00e9s a f\u0151nyerem\u00e9nyt m\u00e1r ki is sorsoltuk.<\/p>\n<figure id=\"attachment_11513\" aria-describedby=\"caption-attachment-11513\" style=\"width: 1024px\" class=\"wp-caption aligncenter\"><img loading=\"lazy\" decoding=\"async\" class=\"size-large wp-image-11513\" src=\"https:\/\/d2p6e6u75xmxt8.cloudfront.net\/12\/2021\/05\/tdh2021-1-of-1-11-1024x683.jpg\" alt=\"\" width=\"1024\" height=\"683\" srcset=\"https:\/\/d2p6e6u75xmxt8.cloudfront.net\/12\/2021\/05\/tdh2021-1-of-1-11-1024x683.jpg 1024w, https:\/\/d2p6e6u75xmxt8.cloudfront.net\/12\/2021\/05\/tdh2021-1-of-1-11-300x200.jpg 300w, https:\/\/d2p6e6u75xmxt8.cloudfront.net\/12\/2021\/05\/tdh2021-1-of-1-11-768x512.jpg 768w, https:\/\/d2p6e6u75xmxt8.cloudfront.net\/12\/2021\/05\/tdh2021-1-of-1-11-272x182.jpg 272w, https:\/\/d2p6e6u75xmxt8.cloudfront.net\/12\/2021\/05\/tdh2021-1-of-1-11.jpg 1440w\" sizes=\"auto, (max-width: 1024px) 100vw, 1024px\" \/><figcaption id=\"caption-attachment-11513\" class=\"wp-caption-text\">Mi tudunk m\u00e9g egy Z\u00f6ld trik\u00f3r\u00f3l, ami gazd\u00e1ra tal\u00e1lt!<\/figcaption><\/figure>\n<h2><strong>A kulissz\u00e1k m\u00f6g\u00f6tt<\/strong><\/h2>\n<p>A versenyz\u00e9s vil\u00e1ga v\u00e9gtelen\u00fcl izgalmas, kisz\u00e1m\u00edthatatlan \u00e9s nagyon intenz\u00edv. Ezt szerett\u00fck volna elhozni nektek \u00e9l\u0151 interj\u00fainkkal, melyek sor\u00e1n a <a href=\"https:\/\/www.welovecycling.com\/hu\/amator-szurkolok-tabora\/\">Tour de Hongrie r\u00e9sztvev\u0151ivel besz\u00e9lgett\u00fcnk<\/a>. Pe\u00e1k Barn\u00e1t\u00f3l, Fetter Erikt\u0151l, Szilasi L\u00e1szl\u00f3t\u00f3l \u00e9s Valter Attil\u00e1t\u00f3l k\u00e9rdezhettek a n\u00e9z\u0151k, \u00e9s az egyik legizgalmasabb esem\u00e9ny\u00fcnk m\u00e9g h\u00e1travan: m\u00e1jus 17-\u00e9n d\u00e9lut\u00e1n 5 \u00f3rakor <a href=\"https:\/\/fb.me\/e\/Bq6LwuQy\">a f\u0151szervez\u0151, Eisenkrammer K\u00e1roly lesz \u00e9l\u0151 ad\u00e1sban<\/a>!<\/p>\n<figure id=\"attachment_11514\" aria-describedby=\"caption-attachment-11514\" style=\"width: 1024px\" class=\"wp-caption aligncenter\"><img loading=\"lazy\" decoding=\"async\" class=\"size-large wp-image-11514\" src=\"https:\/\/d2p6e6u75xmxt8.cloudfront.net\/12\/2021\/05\/tdh2021-1-of-1-3-2-1024x683.jpg\" alt=\"\" width=\"1024\" height=\"683\" srcset=\"https:\/\/d2p6e6u75xmxt8.cloudfront.net\/12\/2021\/05\/tdh2021-1-of-1-3-2-1024x683.jpg 1024w, https:\/\/d2p6e6u75xmxt8.cloudfront.net\/12\/2021\/05\/tdh2021-1-of-1-3-2-300x200.jpg 300w, https:\/\/d2p6e6u75xmxt8.cloudfront.net\/12\/2021\/05\/tdh2021-1-of-1-3-2-768x512.jpg 768w, https:\/\/d2p6e6u75xmxt8.cloudfront.net\/12\/2021\/05\/tdh2021-1-of-1-3-2-272x182.jpg 272w, https:\/\/d2p6e6u75xmxt8.cloudfront.net\/12\/2021\/05\/tdh2021-1-of-1-3-2.jpg 1440w\" sizes=\"auto, (max-width: 1024px) 100vw, 1024px\" \/><figcaption id=\"caption-attachment-11514\" class=\"wp-caption-text\">Id\u00e9n a \u0160koda elektromos modellje, az ENYAQ vezette a karav\u00e1nt.<\/figcaption><\/figure>\n<h2><strong>A befut\u00f3n<\/strong><\/h2>\n<p>Kor\u00e1bban m\u00e1r \u00edrtunk r\u00f3la, hogy hogyan <a href=\"https:\/\/www.welovecycling.com\/hu\/tour-de-hongrie\/zold-triko-es-kisero-autok-a-skoda-szerepe-a-tour-de-hongrie-n\/\">t\u00e1mogatja a \u0160koda a Tour de Hongrie<\/a>-t, a felvezet\u0151 \u00e9s k\u00eds\u00e9r\u0151 aut\u00f3k, illetve a z\u00f6ld mez biztos\u00edt\u00e1sa mellett azonban a befut\u00f3n is r\u00e9szt vett a m\u00e1rka, ahol a We Love Cyclinggal k\u00f6z\u00f6sen tette sz\u00ednesebb\u00e9 a z\u00e1r\u00f3napot. Az utols\u00f3 etapnak a H\u0151s\u00f6k tere adott leny\u0171g\u00f6z\u0151 h\u00e1tteret, ahol \u00f6sszegy\u0171lhettek a bring\u00e1z\u00e1s szerelmesei \u2013 \u00edgy nek\u00fcnk is itt volt a hely\u00fcnk. S\u00e1trunkn\u00e1l b\u00e1rki kipr\u00f3b\u00e1lhatta, milyen \u00e9rz\u00e9s lehet a kamer\u00e1k keresztt\u00fcz\u00e9ben \u00e1tszelni a c\u00e9lszalagot, \u00e9s a versenyen fontos szerepet j\u00e1tsz\u00f3 ENYAQ modellt is szem\u00fcgyre vehette.<\/p>\n<div style=\"width: 1200px;\" class=\"wp-video\"><!--[if lt IE 9]><script>document.createElement('video');<\/script><![endif]-->\n<video class=\"wp-video-shortcode\" id=\"video-11510-1\" width=\"1200\" height=\"1076\" loop autoplay preload=\"metadata\" controls=\"controls\"><source type=\"video\/mp4\" src=\"https:\/\/d2p6e6u75xmxt8.cloudfront.net\/12\/2021\/05\/Viviek.mp4?_=1\" \/><source type=\"video\/webm\" src=\"https:\/\/d2p6e6u75xmxt8.cloudfront.net\/12\/2021\/05\/Viviek.webm?_=1\" \/><a href=\"https:\/\/d2p6e6u75xmxt8.cloudfront.net\/12\/2021\/05\/Viviek.mp4\">https:\/\/d2p6e6u75xmxt8.cloudfront.net\/12\/2021\/05\/Viviek.mp4<\/a><\/video><\/div>\n<p><em>A t\u00e9rbeli hat\u00e1st hat kamer\u00e1val \u00e9rt\u00fck el.<\/em><\/p>\n<h2><strong>Az eredm\u00e9nyek<\/strong><\/h2>\n<p>Ahogy a verseny k\u00f6zben is folyamatosan \u00e9s k\u00f6z\u00e9rthet\u0151en igyekezt\u00fcnk t\u00e1j\u00e9koztatni minden \u00e9rdekl\u0151d\u0151t az esem\u00e9nyekr\u0151l, az eredm\u00e9nyekkel sem maradunk ad\u00f3sok.<\/p>\n<p>A <strong>s\u00e1rga trik\u00f3t<\/strong> az ausztr\u00e1l <strong>Damien Howson<\/strong> nyerte, \u0151 szerezte a legt\u00f6bb pontot az \u00f6sszes\u00edtett versenyen.<\/p>\n<p>A legjobb sprinternek j\u00e1r\u00f3 <strong>z\u00f6ld mezt<\/strong> a n\u00e9met <strong>Phil Bauhaus<\/strong> h\u00fazhatta fel.<\/p>\n<p>A <strong>piros trik\u00f3<\/strong> a legjobb hegyi men\u0151, a lengyel <strong>Macej Paterski<\/strong> szem\u00e9ly\u00e9ben tal\u00e1lt gazd\u00e1ra.<\/p>\n<p>A legjobb magyar versenyz\u0151nek j\u00e1r\u00f3 <strong>feh\u00e9r mezt<\/strong> pedig <strong>Pelik\u00e1n J\u00e1nos<\/strong> \u00e9rdemelte ki.<\/p>\n<figure id=\"attachment_11516\" aria-describedby=\"caption-attachment-11516\" style=\"width: 1024px\" class=\"wp-caption aligncenter\"><img loading=\"lazy\" decoding=\"async\" class=\"size-large wp-image-11516\" src=\"https:\/\/d2p6e6u75xmxt8.cloudfront.net\/12\/2021\/05\/tdh2021-1-of-1-12-1024x683.jpg\" alt=\"\" width=\"1024\" height=\"683\" srcset=\"https:\/\/d2p6e6u75xmxt8.cloudfront.net\/12\/2021\/05\/tdh2021-1-of-1-12-1024x683.jpg 1024w, https:\/\/d2p6e6u75xmxt8.cloudfront.net\/12\/2021\/05\/tdh2021-1-of-1-12-300x200.jpg 300w, https:\/\/d2p6e6u75xmxt8.cloudfront.net\/12\/2021\/05\/tdh2021-1-of-1-12-768x512.jpg 768w, https:\/\/d2p6e6u75xmxt8.cloudfront.net\/12\/2021\/05\/tdh2021-1-of-1-12-272x182.jpg 272w, https:\/\/d2p6e6u75xmxt8.cloudfront.net\/12\/2021\/05\/tdh2021-1-of-1-12.jpg 1440w\" sizes=\"auto, (max-width: 1024px) 100vw, 1024px\" \/><figcaption id=\"caption-attachment-11516\" class=\"wp-caption-text\">A s\u00e1rga mezt Damien Howson szerezte meg.<\/figcaption><\/figure>\n<p>K\u00f6sz\u00f6nj\u00fck, hogy vel\u00fcnk szurkoltatok, gratul\u00e1lunk minden amat\u0151r \u00e9s profi r\u00e9sztvev\u0151nek! J\u00f6v\u0151re ugyanitt, ugyanekkor! J A verseny esem\u00e9nyeir\u0151l r\u00e9szletesen <a href=\"https:\/\/www.welovecycling.com\/hu\/category\/tour-de-hongrie\/napi-osszefoglalo\/\">itt<\/a> olvashatsz.<\/p>\n","protected":false},"excerpt":{"rendered":"<p>V\u00e9get \u00e9rt a 2021-es Magyar k\u00f6rverseny, \u00e9s a tavalyi hi\u00e1ny\u00e9rzetet v\u00e9gre \u00fajra felv\u00e1ltotta a k\u00f6z\u00f6s szurkol\u00e1s izgalma. V\u00e9gigk\u00eds\u00e9rt\u00fck a versenyz\u0151ket, [&hellip;]<\/p>\n","protected":false},"author":71,"featured_media":11511,"comment_status":"open","ping_status":"open","sticky":false,"template":"","format":"standard","meta":{"footnotes":""},"categories":[462],"tags":[],"global-categories":[419],"class_list":["post-11510","post","type-post","status-publish","format-standard","has-post-thumbnail","hentry","category-tour-de-hongrie","global-categories-cycling"],"yoast_head":"<!-- This site is optimized with the Yoast SEO Premium plugin v25.3 (Yoast SEO v25.9) - https:\/\/yoast.com\/wordpress\/plugins\/seo\/ -->\n<title>We Love TdH \u2013 az idei Tour de Hongrie, ahogy mi \u00e9lt\u00fck \u00e1t, veletek - \u0160koda We Love Cycling - Magyarorsz\u00e1g<\/title>\n<meta name=\"description\" content=\"V\u00e9get \u00e9rt a 2021-es Magyar k\u00f6rverseny, \u00e9s a tavalyi hi\u00e1ny\u00e9rzetet v\u00e9gre \u00fajra felv\u00e1ltotta a k\u00f6z\u00f6s szurkol\u00e1s izgalma. V\u00e9gigk\u00eds\u00e9rt\u00fck a versenyz\u0151ket, bepillantottunk a kulissz\u00e1k m\u00f6g\u00e9, ott voltunk a befut\u00f3n \u00e9s egy\u00fctt tekert\u00fcnk a legjobbakkal. Mi voltunk az Amat\u0151r szurkol\u00f3k klubja, mert mind bring\u00e1sok vagyunk, \u00e9s nem kell profiknak lenn\u00fcnk ahhoz, hogy ezt kifejezz\u00fck. K\u00f6sz\u00f6nj\u00fck, hogy vel\u00fcnk tartottatok!\" \/>\n<meta name=\"robots\" content=\"index, follow, max-snippet:-1, max-image-preview:large, max-video-preview:-1\" \/>\n<link rel=\"canonical\" href=\"https:\/\/www.welovecycling.com\/hu\/tour-de-hongrie\/we-love-tdh-az-idei-tour-de-hongrie-ahogy-mi-eltuk-at-veletek\/\" \/>\n<meta property=\"og:locale\" content=\"hu_HU\" \/>\n<meta property=\"og:type\" content=\"article\" \/>\n<meta property=\"og:title\" content=\"We Love TdH \u2013 az idei Tour de Hongrie, ahogy mi \u00e9lt\u00fck \u00e1t, veletek\" \/>\n<meta property=\"og:description\" content=\"V\u00e9get \u00e9rt a 2021-es Magyar k\u00f6rverseny, \u00e9s a tavalyi hi\u00e1ny\u00e9rzetet v\u00e9gre \u00fajra felv\u00e1ltotta a k\u00f6z\u00f6s szurkol\u00e1s izgalma. V\u00e9gigk\u00eds\u00e9rt\u00fck a versenyz\u0151ket, bepillantottunk a kulissz\u00e1k m\u00f6g\u00e9, ott voltunk a befut\u00f3n \u00e9s egy\u00fctt tekert\u00fcnk a legjobbakkal. Mi voltunk az Amat\u0151r szurkol\u00f3k klubja, mert mind bring\u00e1sok vagyunk, \u00e9s nem kell profiknak lenn\u00fcnk ahhoz, hogy ezt kifejezz\u00fck. K\u00f6sz\u00f6nj\u00fck, hogy vel\u00fcnk tartottatok!\" \/>\n<meta property=\"og:url\" content=\"https:\/\/www.welovecycling.com\/hu\/tour-de-hongrie\/we-love-tdh-az-idei-tour-de-hongrie-ahogy-mi-eltuk-at-veletek\/\" \/>\n<meta property=\"og:site_name\" content=\"\u0160koda We Love Cycling - Magyarorsz\u00e1g\" \/>\n<meta property=\"article:publisher\" content=\"https:\/\/www.facebook.com\/WeLoveCyclingHungary\/\" \/>\n<meta property=\"article:published_time\" content=\"2021-05-17T16:54:04+00:00\" \/>\n<meta property=\"article:modified_time\" content=\"2021-05-18T14:24:21+00:00\" \/>\n<meta property=\"og:image\" content=\"https:\/\/d2p6e6u75xmxt8.cloudfront.net\/12\/2021\/05\/tdh2021-1-of-1-3.jpg\" \/>\n\t<meta property=\"og:image:width\" content=\"1440\" \/>\n\t<meta property=\"og:image:height\" content=\"960\" \/>\n\t<meta property=\"og:image:type\" content=\"image\/jpeg\" \/>\n<meta name=\"author\" content=\"hegyizs\" \/>\n<meta name=\"twitter:card\" content=\"summary_large_image\" \/>\n<meta name=\"twitter:label1\" content=\"Written by\" \/>\n\t<meta name=\"twitter:data1\" content=\"WLC\" \/>\n\t<meta name=\"twitter:label2\" content=\"Est. reading time\" \/>\n\t<meta name=\"twitter:data2\" content=\"4 minutes\" \/>\n<script type=\"application\/ld+json\" class=\"yoast-schema-graph\">{\"@context\":\"https:\/\/schema.org\",\"@graph\":[{\"@type\":\"WebPage\",\"@id\":\"https:\/\/www.welovecycling.com\/hu\/tour-de-hongrie\/we-love-tdh-az-idei-tour-de-hongrie-ahogy-mi-eltuk-at-veletek\/\",\"url\":\"https:\/\/www.welovecycling.com\/hu\/tour-de-hongrie\/we-love-tdh-az-idei-tour-de-hongrie-ahogy-mi-eltuk-at-veletek\/\",\"name\":\"We Love TdH \u2013 az idei Tour de Hongrie, ahogy mi \u00e9lt\u00fck \u00e1t, veletek - \u0160koda We Love Cycling - Magyarorsz\u00e1g\",\"isPartOf\":{\"@id\":\"https:\/\/www.welovecycling.com\/hu\/#website\"},\"primaryImageOfPage\":{\"@id\":\"https:\/\/www.welovecycling.com\/hu\/tour-de-hongrie\/we-love-tdh-az-idei-tour-de-hongrie-ahogy-mi-eltuk-at-veletek\/#primaryimage\"},\"image\":{\"@id\":\"https:\/\/www.welovecycling.com\/hu\/tour-de-hongrie\/we-love-tdh-az-idei-tour-de-hongrie-ahogy-mi-eltuk-at-veletek\/#primaryimage\"},\"thumbnailUrl\":\"https:\/\/d2p6e6u75xmxt8.cloudfront.net\/12\/2021\/05\/tdh2021-1-of-1-3.jpg\",\"datePublished\":\"2021-05-17T16:54:04+00:00\",\"dateModified\":\"2021-05-18T14:24:21+00:00\",\"author\":{\"@id\":\"https:\/\/www.welovecycling.com\/hu\/#\/schema\/person\/414a2aebf1801691a5320edb6468e194\"},\"description\":\"V\u00e9get \u00e9rt a 2021-es Magyar k\u00f6rverseny, \u00e9s a tavalyi hi\u00e1ny\u00e9rzetet v\u00e9gre \u00fajra felv\u00e1ltotta a k\u00f6z\u00f6s szurkol\u00e1s izgalma. V\u00e9gigk\u00eds\u00e9rt\u00fck a versenyz\u0151ket, bepillantottunk a kulissz\u00e1k m\u00f6g\u00e9, ott voltunk a befut\u00f3n \u00e9s egy\u00fctt tekert\u00fcnk a legjobbakkal. Mi voltunk az Amat\u0151r szurkol\u00f3k klubja, mert mind bring\u00e1sok vagyunk, \u00e9s nem kell profiknak lenn\u00fcnk ahhoz, hogy ezt kifejezz\u00fck. K\u00f6sz\u00f6nj\u00fck, hogy vel\u00fcnk tartottatok!\",\"breadcrumb\":{\"@id\":\"https:\/\/www.welovecycling.com\/hu\/tour-de-hongrie\/we-love-tdh-az-idei-tour-de-hongrie-ahogy-mi-eltuk-at-veletek\/#breadcrumb\"},\"inLanguage\":\"hu\",\"potentialAction\":[{\"@type\":\"ReadAction\",\"target\":[\"https:\/\/www.welovecycling.com\/hu\/tour-de-hongrie\/we-love-tdh-az-idei-tour-de-hongrie-ahogy-mi-eltuk-at-veletek\/\"]}]},{\"@type\":\"ImageObject\",\"inLanguage\":\"hu\",\"@id\":\"https:\/\/www.welovecycling.com\/hu\/tour-de-hongrie\/we-love-tdh-az-idei-tour-de-hongrie-ahogy-mi-eltuk-at-veletek\/#primaryimage\",\"url\":\"https:\/\/d2p6e6u75xmxt8.cloudfront.net\/12\/2021\/05\/tdh2021-1-of-1-3.jpg\",\"contentUrl\":\"https:\/\/d2p6e6u75xmxt8.cloudfront.net\/12\/2021\/05\/tdh2021-1-of-1-3.jpg\",\"width\":1440,\"height\":960},{\"@type\":\"BreadcrumbList\",\"@id\":\"https:\/\/www.welovecycling.com\/hu\/tour-de-hongrie\/we-love-tdh-az-idei-tour-de-hongrie-ahogy-mi-eltuk-at-veletek\/#breadcrumb\",\"itemListElement\":[{\"@type\":\"ListItem\",\"position\":1,\"name\":\"Home\",\"item\":\"https:\/\/www.welovecycling.com\/hu\/\"},{\"@type\":\"ListItem\",\"position\":2,\"name\":\"We Love TdH \u2013 az idei Tour de Hongrie, ahogy mi \u00e9lt\u00fck \u00e1t, veletek\"}]},{\"@type\":\"WebSite\",\"@id\":\"https:\/\/www.welovecycling.com\/hu\/#website\",\"url\":\"https:\/\/www.welovecycling.com\/hu\/\",\"name\":\"\u0160koda We Love Cycling - Magyarorsz\u00e1g\",\"description\":\"\u0160koda WeLoveCycling\",\"potentialAction\":[{\"@type\":\"SearchAction\",\"target\":{\"@type\":\"EntryPoint\",\"urlTemplate\":\"https:\/\/www.welovecycling.com\/hu\/?s={search_term_string}\"},\"query-input\":{\"@type\":\"PropertyValueSpecification\",\"valueRequired\":true,\"valueName\":\"search_term_string\"}}],\"inLanguage\":\"hu\"},{\"@type\":\"Person\",\"@id\":\"https:\/\/www.welovecycling.com\/hu\/#\/schema\/person\/414a2aebf1801691a5320edb6468e194\",\"name\":\"hegyizs\",\"image\":{\"@type\":\"ImageObject\",\"inLanguage\":\"hu\",\"@id\":\"https:\/\/www.welovecycling.com\/hu\/#\/schema\/person\/image\/\",\"url\":\"https:\/\/secure.gravatar.com\/avatar\/02cf8a7906b8cf90cecb4679defac7cfd33a1c2e3b88e4903d947f3bb58eedd3?s=96&d=mm&r=g\",\"contentUrl\":\"https:\/\/secure.gravatar.com\/avatar\/02cf8a7906b8cf90cecb4679defac7cfd33a1c2e3b88e4903d947f3bb58eedd3?s=96&d=mm&r=g\",\"caption\":\"hegyizs\"},\"url\":\"https:\/\/www.welovecycling.com\/hu\/author\/hegyizs\/\"}]}<\/script>\n<!-- \/ Yoast SEO Premium plugin. -->","yoast_head_json":{"title":"We Love TdH \u2013 az idei Tour de Hongrie, ahogy mi \u00e9lt\u00fck \u00e1t, veletek - \u0160koda We Love Cycling - Magyarorsz\u00e1g","description":"V\u00e9get \u00e9rt a 2021-es Magyar k\u00f6rverseny, \u00e9s a tavalyi hi\u00e1ny\u00e9rzetet v\u00e9gre \u00fajra felv\u00e1ltotta a k\u00f6z\u00f6s szurkol\u00e1s izgalma. V\u00e9gigk\u00eds\u00e9rt\u00fck a versenyz\u0151ket, bepillantottunk a kulissz\u00e1k m\u00f6g\u00e9, ott voltunk a befut\u00f3n \u00e9s egy\u00fctt tekert\u00fcnk a legjobbakkal. Mi voltunk az Amat\u0151r szurkol\u00f3k klubja, mert mind bring\u00e1sok vagyunk, \u00e9s nem kell profiknak lenn\u00fcnk ahhoz, hogy ezt kifejezz\u00fck. K\u00f6sz\u00f6nj\u00fck, hogy vel\u00fcnk tartottatok!","robots":{"index":"index","follow":"follow","max-snippet":"max-snippet:-1","max-image-preview":"max-image-preview:large","max-video-preview":"max-video-preview:-1"},"canonical":"https:\/\/www.welovecycling.com\/hu\/tour-de-hongrie\/we-love-tdh-az-idei-tour-de-hongrie-ahogy-mi-eltuk-at-veletek\/","og_locale":"hu_HU","og_type":"article","og_title":"We Love TdH \u2013 az idei Tour de Hongrie, ahogy mi \u00e9lt\u00fck \u00e1t, veletek","og_description":"V\u00e9get \u00e9rt a 2021-es Magyar k\u00f6rverseny, \u00e9s a tavalyi hi\u00e1ny\u00e9rzetet v\u00e9gre \u00fajra felv\u00e1ltotta a k\u00f6z\u00f6s szurkol\u00e1s izgalma. V\u00e9gigk\u00eds\u00e9rt\u00fck a versenyz\u0151ket, bepillantottunk a kulissz\u00e1k m\u00f6g\u00e9, ott voltunk a befut\u00f3n \u00e9s egy\u00fctt tekert\u00fcnk a legjobbakkal. Mi voltunk az Amat\u0151r szurkol\u00f3k klubja, mert mind bring\u00e1sok vagyunk, \u00e9s nem kell profiknak lenn\u00fcnk ahhoz, hogy ezt kifejezz\u00fck. K\u00f6sz\u00f6nj\u00fck, hogy vel\u00fcnk tartottatok!","og_url":"https:\/\/www.welovecycling.com\/hu\/tour-de-hongrie\/we-love-tdh-az-idei-tour-de-hongrie-ahogy-mi-eltuk-at-veletek\/","og_site_name":"\u0160koda We Love Cycling - Magyarorsz\u00e1g","article_publisher":"https:\/\/www.facebook.com\/WeLoveCyclingHungary\/","article_published_time":"2021-05-17T16:54:04+00:00","article_modified_time":"2021-05-18T14:24:21+00:00","og_image":[{"width":1440,"height":960,"url":"https:\/\/d2p6e6u75xmxt8.cloudfront.net\/12\/2021\/05\/tdh2021-1-of-1-3.jpg","type":"image\/jpeg"}],"author":"hegyizs","twitter_card":"summary_large_image","twitter_misc":{"Written by":"WLC","Est. reading time":"4 minutes"},"schema":{"@context":"https:\/\/schema.org","@graph":[{"@type":"WebPage","@id":"https:\/\/www.welovecycling.com\/hu\/tour-de-hongrie\/we-love-tdh-az-idei-tour-de-hongrie-ahogy-mi-eltuk-at-veletek\/","url":"https:\/\/www.welovecycling.com\/hu\/tour-de-hongrie\/we-love-tdh-az-idei-tour-de-hongrie-ahogy-mi-eltuk-at-veletek\/","name":"We Love TdH \u2013 az idei Tour de Hongrie, ahogy mi \u00e9lt\u00fck \u00e1t, veletek - \u0160koda We Love Cycling - Magyarorsz\u00e1g","isPartOf":{"@id":"https:\/\/www.welovecycling.com\/hu\/#website"},"primaryImageOfPage":{"@id":"https:\/\/www.welovecycling.com\/hu\/tour-de-hongrie\/we-love-tdh-az-idei-tour-de-hongrie-ahogy-mi-eltuk-at-veletek\/#primaryimage"},"image":{"@id":"https:\/\/www.welovecycling.com\/hu\/tour-de-hongrie\/we-love-tdh-az-idei-tour-de-hongrie-ahogy-mi-eltuk-at-veletek\/#primaryimage"},"thumbnailUrl":"https:\/\/d2p6e6u75xmxt8.cloudfront.net\/12\/2021\/05\/tdh2021-1-of-1-3.jpg","datePublished":"2021-05-17T16:54:04+00:00","dateModified":"2021-05-18T14:24:21+00:00","author":{"@id":"https:\/\/www.welovecycling.com\/hu\/#\/schema\/person\/414a2aebf1801691a5320edb6468e194"},"description":"V\u00e9get \u00e9rt a 2021-es Magyar k\u00f6rverseny, \u00e9s a tavalyi hi\u00e1ny\u00e9rzetet v\u00e9gre \u00fajra felv\u00e1ltotta a k\u00f6z\u00f6s szurkol\u00e1s izgalma. V\u00e9gigk\u00eds\u00e9rt\u00fck a versenyz\u0151ket, bepillantottunk a kulissz\u00e1k m\u00f6g\u00e9, ott voltunk a befut\u00f3n \u00e9s egy\u00fctt tekert\u00fcnk a legjobbakkal. Mi voltunk az Amat\u0151r szurkol\u00f3k klubja, mert mind bring\u00e1sok vagyunk, \u00e9s nem kell profiknak lenn\u00fcnk ahhoz, hogy ezt kifejezz\u00fck. K\u00f6sz\u00f6nj\u00fck, hogy vel\u00fcnk tartottatok!","breadcrumb":{"@id":"https:\/\/www.welovecycling.com\/hu\/tour-de-hongrie\/we-love-tdh-az-idei-tour-de-hongrie-ahogy-mi-eltuk-at-veletek\/#breadcrumb"},"inLanguage":"hu","potentialAction":[{"@type":"ReadAction","target":["https:\/\/www.welovecycling.com\/hu\/tour-de-hongrie\/we-love-tdh-az-idei-tour-de-hongrie-ahogy-mi-eltuk-at-veletek\/"]}]},{"@type":"ImageObject","inLanguage":"hu","@id":"https:\/\/www.welovecycling.com\/hu\/tour-de-hongrie\/we-love-tdh-az-idei-tour-de-hongrie-ahogy-mi-eltuk-at-veletek\/#primaryimage","url":"https:\/\/d2p6e6u75xmxt8.cloudfront.net\/12\/2021\/05\/tdh2021-1-of-1-3.jpg","contentUrl":"https:\/\/d2p6e6u75xmxt8.cloudfront.net\/12\/2021\/05\/tdh2021-1-of-1-3.jpg","width":1440,"height":960},{"@type":"BreadcrumbList","@id":"https:\/\/www.welovecycling.com\/hu\/tour-de-hongrie\/we-love-tdh-az-idei-tour-de-hongrie-ahogy-mi-eltuk-at-veletek\/#breadcrumb","itemListElement":[{"@type":"ListItem","position":1,"name":"Home","item":"https:\/\/www.welovecycling.com\/hu\/"},{"@type":"ListItem","position":2,"name":"We Love TdH \u2013 az idei Tour de Hongrie, ahogy mi \u00e9lt\u00fck \u00e1t, veletek"}]},{"@type":"WebSite","@id":"https:\/\/www.welovecycling.com\/hu\/#website","url":"https:\/\/www.welovecycling.com\/hu\/","name":"\u0160koda We Love Cycling - Magyarorsz\u00e1g","description":"\u0160koda WeLoveCycling","potentialAction":[{"@type":"SearchAction","target":{"@type":"EntryPoint","urlTemplate":"https:\/\/www.welovecycling.com\/hu\/?s={search_term_string}"},"query-input":{"@type":"PropertyValueSpecification","valueRequired":true,"valueName":"search_term_string"}}],"inLanguage":"hu"},{"@type":"Person","@id":"https:\/\/www.welovecycling.com\/hu\/#\/schema\/person\/414a2aebf1801691a5320edb6468e194","name":"hegyizs","image":{"@type":"ImageObject","inLanguage":"hu","@id":"https:\/\/www.welovecycling.com\/hu\/#\/schema\/person\/image\/","url":"https:\/\/secure.gravatar.com\/avatar\/02cf8a7906b8cf90cecb4679defac7cfd33a1c2e3b88e4903d947f3bb58eedd3?s=96&d=mm&r=g","contentUrl":"https:\/\/secure.gravatar.com\/avatar\/02cf8a7906b8cf90cecb4679defac7cfd33a1c2e3b88e4903d947f3bb58eedd3?s=96&d=mm&r=g","caption":"hegyizs"},"url":"https:\/\/www.welovecycling.com\/hu\/author\/hegyizs\/"}]}},"_links":{"self":[{"href":"https:\/\/www.welovecycling.com\/hu\/wp-json\/wp\/v2\/posts\/11510","targetHints":{"allow":["GET"]}}],"collection":[{"href":"https:\/\/www.welovecycling.com\/hu\/wp-json\/wp\/v2\/posts"}],"about":[{"href":"https:\/\/www.welovecycling.com\/hu\/wp-json\/wp\/v2\/types\/post"}],"author":[{"embeddable":true,"href":"https:\/\/www.welovecycling.com\/hu\/wp-json\/wp\/v2\/users\/71"}],"replies":[{"embeddable":true,"href":"https:\/\/www.welovecycling.com\/hu\/wp-json\/wp\/v2\/comments?post=11510"}],"version-history":[{"count":2,"href":"https:\/\/www.welovecycling.com\/hu\/wp-json\/wp\/v2\/posts\/11510\/revisions"}],"predecessor-version":[{"id":11523,"href":"https:\/\/www.welovecycling.com\/hu\/wp-json\/wp\/v2\/posts\/11510\/revisions\/11523"}],"wp:featuredmedia":[{"embeddable":true,"href":"https:\/\/www.welovecycling.com\/hu\/wp-json\/wp\/v2\/media\/11511"}],"wp:attachment":[{"href":"https:\/\/www.welovecycling.com\/hu\/wp-json\/wp\/v2\/media?parent=11510"}],"wp:term":[{"taxonomy":"category","embeddable":true,"href":"https:\/\/www.welovecycling.com\/hu\/wp-json\/wp\/v2\/categories?post=11510"},{"taxonomy":"post_tag","embeddable":true,"href":"https:\/\/www.welovecycling.com\/hu\/wp-json\/wp\/v2\/tags?post=11510"},{"taxonomy":"global-categories","embeddable":true,"href":"https:\/\/www.welovecycling.com\/hu\/wp-json\/wp\/v2\/global-categories?post=11510"}],"curies":[{"name":"wp","href":"https:\/\/api.w.org\/{rel}","templated":true}]}}