{"id":11503,"date":"2021-05-17T13:20:37","date_gmt":"2021-05-17T11:20:37","guid":{"rendered":"https:\/\/www.welovecycling.com\/hu\/?p=11503"},"modified":"2021-05-17T13:20:37","modified_gmt":"2021-05-17T11:20:37","slug":"belga-siker-a-budapesti-napsutesben-de-howson-vitte-haza-a-sarga-trikot","status":"publish","type":"post","link":"https:\/\/www.welovecycling.com\/hu\/tour-de-hongrie\/belga-siker-a-budapesti-napsutesben-de-howson-vitte-haza-a-sarga-trikot\/","title":{"rendered":"Belga siker a budapesti naps\u00fct\u00e9sben, de Howson vitte haza a s\u00e1rga trik\u00f3t"},"content":{"rendered":"<p><strong>N\u00e9gy \u00e9v ut\u00e1n t\u00e9rt vissza a Tour de Hongrie Budapestre: a H\u0151s\u00f6k ter\u00e9n\u00e9l fel\u00e1ll\u00edtott c\u00e9lkapun Edward Theuns sz\u00e1guldott \u00e1t els\u0151k\u00e9nt, az \u00f6sszetett gy\u0151ztes viszont az ausztr\u00e1l Damien Howson lett. Fetter Erik bosszankodhat, de a l\u00e9nyeg, hogy nem esett komolyabb baja!<\/strong><!--more-->N\u00e9gy \u00e9ves sz\u00fcnet ut\u00e1n ker\u00fclt vissza a Tour de Hongrie v\u00e9rkering\u00e9s\u00e9be Budapest, ami mindenk\u00e9ppen \u00f6r\u00f6mtelinek mondhat\u00f3, hiszen l\u00e1ssuk be, a f\u0151v\u00e1ros n\u00e9lk\u00fcl nem az igazi a turizmusra \u00e9p\u00edt\u0151 Magyar k\u00f6rverseny \u2013 elv\u00e9gre a Tour de France-r\u00f3l sem veszik ki az ikonikus p\u00e1rizsi z\u00e1r\u00f3etapot\u2026<\/p>\n<p>Vas\u00e1rnap teh\u00e1t a ker\u00e9kp\u00e1roz\u00e1s igazi \u00f6r\u00f6m\u00fcnnep\u00e9t l\u00e1thatta a kil\u00e1togat\u00f3 f\u0151v\u00e1rosi k\u00f6z\u00f6ns\u00e9g a H\u0151s\u00f6k ter\u00e9n\u00e9l, a V\u00e1rosligetn\u00e9l, a Vajdahunyad v\u00e1r\u00e1n\u00e1l, a szombat este m\u00e9g Valter Attila tisztelet\u00e9re r\u00f3zsasz\u00ednben pomp\u00e1z\u00f3 Pusk\u00e1s Ferenc-stadionn\u00e1l, s v\u00e9gig az Andr\u00e1ssy \u00fat ment\u00e9n. Ezt a nagyj\u00e1b\u00f3l nyolc kilom\u00e9teres k\u00f6rt kellett ugyanis megtennie a mez\u0151nynek 12-szer az idei Tour de Hongrie z\u00e1r\u00e1sak\u00e9nt, \u00e9s a majdnem 50 kilom\u00e9ter\/\u00f3r\u00e1s \u00e1tlagsebess\u00e9ggel k\u00f6zleked\u0151 sz\u00ednes karav\u00e1n roppant j\u00f3l is mutatott Budapest legszebb r\u00e9szein \u2013 f\u0151leg, hogy a reggeli borzalmas id\u0151 ut\u00e1n kora d\u00e9lut\u00e1nra szerencs\u00e9re az id\u0151j\u00e1r\u00e1s is a szebbik arc\u00e1t mutatta a f\u0151v\u00e1ros felett.<\/p>\n<p>Az \u00f6sszetett \u00e9s a hegyi pontverseny m\u00e1r a szombati kir\u00e1lyetapon eld\u0151lt, \u00e9s l\u00e9nyeg\u00e9ben a sprinterek versenye is, \u00edgy egy nappal k\u00e9s\u0151bb legfeljebb a szakaszk\u00f6zi r\u00e9szhajr\u00e1kra tudtak r\u00e1menni a motiv\u00e1ltabbak.<\/p>\n<p>K\u00f6zt\u00fck volt Fetter Erik, amit nagyon j\u00f3 volt l\u00e1tni, hiszen t\u00e9nyleg hihetetlen, hogy ez a fiatalember micsoda emberfeletti teljes\u00edtm\u00e9nyt ny\u00fajtott azok ut\u00e1n, hogy p\u00e9nteki cs\u00fanya buk\u00e1s\u00e1t k\u00f6vet\u0151en m\u00e9g a k\u00f3rh\u00e1zban \u00fclt nyakmerev\u00edt\u0151ben. A szombati, k\u00e9kestet\u0151i kir\u00e1lyszakaszon is \u0151 lett a legjobb magyar, \u00e9s vas\u00e1rnap, Budapesten is v\u00e9gig akt\u00edvan versenyzett, t\u00f6bbsz\u00f6r is vezette a sort, azt\u00e1n a nap n\u00e9gyf\u0151s sz\u00f6k\u00e9s\u00e9ben is ott volt, melyet az utols\u00f3 k\u00f6r el\u0151tt, k\u00f6r\u00fclbel\u00fcl 10 km-rel a v\u00e9ge el\u0151tt fogott be a mez\u0151ny.<\/p>\n<p>A H\u0151s\u00f6k ter\u00e9n\u00e9l fel\u00e1ll\u00edtott c\u00e9lkapun v\u00e9g\u00fcl az amerikai szt\u00e1rcsapat, a Trek-Segafredo belga sprintere, Edward Theuns sz\u00e1guldott \u00e1t el\u0151sz\u00f6r, a s\u00e1rga trik\u00f3 azonban a K\u00e9kestet\u0151n diadalmaskod\u00f3 Damien Howson\u00e9 lett; \u0151 nyerte a Tour de Hongrie 2021-es ki\u00edr\u00e1s\u00e1t, m\u00edg az olasz Androni Giocattoli csapat\u00e1ban teker\u0151 Pelik\u00e1n J\u00e1nos meg\u0151rizte a legjobb magyar versenyz\u0151nek j\u00e1r\u00f3 feh\u00e9r trik\u00f3t.<\/p>\n<p>Szeg\u00e9ny Fetter Erik bosszankodhat, mert a form\u00e1j\u00e1t l\u00e1tva, ha nincs az a fr\u00e1nya buk\u00e1s p\u00e9nteken, ebben ak\u00e1r m\u00e9g egy nagyon sz\u00e9p top t\u00edzes helyez\u00e9s is benne lehetett volna \u2013 a f\u0151 azonban, hogy nincs nagyobb baja, j\u00f6v\u0151re tal\u00e1n majd siker\u00fcl!<\/p>\n<p>Bor\u00edt\u00f3k\u00e9p: Pertorini M\u00e1ri\u00f3\/<a href=\"http:\/\/tdh.hu\">tdh.hu<\/a><\/p>\n","protected":false},"excerpt":{"rendered":"<p>N\u00e9gy \u00e9v ut\u00e1n t\u00e9rt vissza a Tour de Hongrie Budapestre: a H\u0151s\u00f6k ter\u00e9n\u00e9l fel\u00e1ll\u00edtott c\u00e9lkapun Edward Theuns sz\u00e1guldott \u00e1t els\u0151k\u00e9nt, [&hellip;]<\/p>\n","protected":false},"author":146,"featured_media":11504,"comment_status":"open","ping_status":"open","sticky":false,"template":"","format":"standard","meta":{"footnotes":""},"categories":[463,462],"tags":[],"global-categories":[419],"class_list":["post-11503","post","type-post","status-publish","format-standard","has-post-thumbnail","hentry","category-napi-osszefoglalo","category-tour-de-hongrie","global-categories-cycling"],"yoast_head":"<!-- This site is optimized with the Yoast SEO Premium plugin v25.3 (Yoast SEO v25.9) - https:\/\/yoast.com\/wordpress\/plugins\/seo\/ -->\n<title>Belga siker a budapesti naps\u00fct\u00e9sben, de Howson vitte haza a s\u00e1rga trik\u00f3t - \u0160koda We Love Cycling - Magyarorsz\u00e1g<\/title>\n<meta name=\"description\" content=\"N\u00e9gy \u00e9v ut\u00e1n t\u00e9rt vissza a Tour de Hongrie Budapestre: a H\u0151s\u00f6k ter\u00e9n\u00e9l fel\u00e1ll\u00edtott c\u00e9lkapun Edward Theuns sz\u00e1guldott \u00e1t els\u0151k\u00e9nt, az \u00f6sszetett gy\u0151ztes viszont az ausztr\u00e1l Damien Howson lett.\" \/>\n<meta name=\"robots\" content=\"index, follow, max-snippet:-1, max-image-preview:large, max-video-preview:-1\" \/>\n<link rel=\"canonical\" href=\"https:\/\/www.welovecycling.com\/hu\/tour-de-hongrie\/belga-siker-a-budapesti-napsutesben-de-howson-vitte-haza-a-sarga-trikot\/\" \/>\n<meta property=\"og:locale\" content=\"hu_HU\" \/>\n<meta property=\"og:type\" content=\"article\" \/>\n<meta property=\"og:title\" content=\"Belga siker a budapesti naps\u00fct\u00e9sben, de Howson vitte haza a s\u00e1rga trik\u00f3t\" \/>\n<meta property=\"og:description\" content=\"N\u00e9gy \u00e9v ut\u00e1n t\u00e9rt vissza a Tour de Hongrie Budapestre: a H\u0151s\u00f6k ter\u00e9n\u00e9l fel\u00e1ll\u00edtott c\u00e9lkapun Edward Theuns sz\u00e1guldott \u00e1t els\u0151k\u00e9nt, az \u00f6sszetett gy\u0151ztes viszont az ausztr\u00e1l Damien Howson lett.\" \/>\n<meta property=\"og:url\" content=\"https:\/\/www.welovecycling.com\/hu\/tour-de-hongrie\/belga-siker-a-budapesti-napsutesben-de-howson-vitte-haza-a-sarga-trikot\/\" \/>\n<meta property=\"og:site_name\" content=\"\u0160koda We Love Cycling - Magyarorsz\u00e1g\" \/>\n<meta property=\"article:publisher\" content=\"https:\/\/www.facebook.com\/WeLoveCyclingHungary\/\" \/>\n<meta property=\"article:published_time\" content=\"2021-05-17T11:20:37+00:00\" \/>\n<meta property=\"og:image\" content=\"https:\/\/d2p6e6u75xmxt8.cloudfront.net\/12\/2021\/05\/210516-1430_TDH_5sz_PM_0154.jpg\" \/>\n\t<meta property=\"og:image:width\" content=\"2048\" \/>\n\t<meta property=\"og:image:height\" content=\"1365\" \/>\n\t<meta property=\"og:image:type\" content=\"image\/jpeg\" \/>\n<meta name=\"author\" content=\"timi\" \/>\n<meta name=\"twitter:card\" content=\"summary_large_image\" \/>\n<meta name=\"twitter:label1\" content=\"Written by\" \/>\n\t<meta name=\"twitter:data1\" content=\"Koh\u00e1n Gergely\" \/>\n\t<meta name=\"twitter:label2\" content=\"Est. reading time\" \/>\n\t<meta name=\"twitter:data2\" content=\"3 minutes\" \/>\n<script type=\"application\/ld+json\" class=\"yoast-schema-graph\">{\"@context\":\"https:\/\/schema.org\",\"@graph\":[{\"@type\":\"WebPage\",\"@id\":\"https:\/\/www.welovecycling.com\/hu\/tour-de-hongrie\/belga-siker-a-budapesti-napsutesben-de-howson-vitte-haza-a-sarga-trikot\/\",\"url\":\"https:\/\/www.welovecycling.com\/hu\/tour-de-hongrie\/belga-siker-a-budapesti-napsutesben-de-howson-vitte-haza-a-sarga-trikot\/\",\"name\":\"Belga siker a budapesti naps\u00fct\u00e9sben, de Howson vitte haza a s\u00e1rga trik\u00f3t - \u0160koda We Love Cycling - Magyarorsz\u00e1g\",\"isPartOf\":{\"@id\":\"https:\/\/www.welovecycling.com\/hu\/#website\"},\"primaryImageOfPage\":{\"@id\":\"https:\/\/www.welovecycling.com\/hu\/tour-de-hongrie\/belga-siker-a-budapesti-napsutesben-de-howson-vitte-haza-a-sarga-trikot\/#primaryimage\"},\"image\":{\"@id\":\"https:\/\/www.welovecycling.com\/hu\/tour-de-hongrie\/belga-siker-a-budapesti-napsutesben-de-howson-vitte-haza-a-sarga-trikot\/#primaryimage\"},\"thumbnailUrl\":\"https:\/\/d2p6e6u75xmxt8.cloudfront.net\/12\/2021\/05\/210516-1430_TDH_5sz_PM_0154.jpg\",\"datePublished\":\"2021-05-17T11:20:37+00:00\",\"author\":{\"@id\":\"https:\/\/www.welovecycling.com\/hu\/#\/schema\/person\/c4acb313e50cae96eef9d92a18794f7c\"},\"description\":\"N\u00e9gy \u00e9v ut\u00e1n t\u00e9rt vissza a Tour de Hongrie Budapestre: a H\u0151s\u00f6k ter\u00e9n\u00e9l fel\u00e1ll\u00edtott c\u00e9lkapun Edward Theuns sz\u00e1guldott \u00e1t els\u0151k\u00e9nt, az \u00f6sszetett gy\u0151ztes viszont az ausztr\u00e1l Damien Howson lett.\",\"breadcrumb\":{\"@id\":\"https:\/\/www.welovecycling.com\/hu\/tour-de-hongrie\/belga-siker-a-budapesti-napsutesben-de-howson-vitte-haza-a-sarga-trikot\/#breadcrumb\"},\"inLanguage\":\"hu\",\"potentialAction\":[{\"@type\":\"ReadAction\",\"target\":[\"https:\/\/www.welovecycling.com\/hu\/tour-de-hongrie\/belga-siker-a-budapesti-napsutesben-de-howson-vitte-haza-a-sarga-trikot\/\"]}]},{\"@type\":\"ImageObject\",\"inLanguage\":\"hu\",\"@id\":\"https:\/\/www.welovecycling.com\/hu\/tour-de-hongrie\/belga-siker-a-budapesti-napsutesben-de-howson-vitte-haza-a-sarga-trikot\/#primaryimage\",\"url\":\"https:\/\/d2p6e6u75xmxt8.cloudfront.net\/12\/2021\/05\/210516-1430_TDH_5sz_PM_0154.jpg\",\"contentUrl\":\"https:\/\/d2p6e6u75xmxt8.cloudfront.net\/12\/2021\/05\/210516-1430_TDH_5sz_PM_0154.jpg\",\"width\":2048,\"height\":1365,\"caption\":\"2021.05.16. TDH 5. szakasz Budapest\"},{\"@type\":\"BreadcrumbList\",\"@id\":\"https:\/\/www.welovecycling.com\/hu\/tour-de-hongrie\/belga-siker-a-budapesti-napsutesben-de-howson-vitte-haza-a-sarga-trikot\/#breadcrumb\",\"itemListElement\":[{\"@type\":\"ListItem\",\"position\":1,\"name\":\"Home\",\"item\":\"https:\/\/www.welovecycling.com\/hu\/\"},{\"@type\":\"ListItem\",\"position\":2,\"name\":\"Belga siker a budapesti naps\u00fct\u00e9sben, de Howson vitte haza a s\u00e1rga trik\u00f3t\"}]},{\"@type\":\"WebSite\",\"@id\":\"https:\/\/www.welovecycling.com\/hu\/#website\",\"url\":\"https:\/\/www.welovecycling.com\/hu\/\",\"name\":\"\u0160koda We Love Cycling - Magyarorsz\u00e1g\",\"description\":\"\u0160koda WeLoveCycling\",\"potentialAction\":[{\"@type\":\"SearchAction\",\"target\":{\"@type\":\"EntryPoint\",\"urlTemplate\":\"https:\/\/www.welovecycling.com\/hu\/?s={search_term_string}\"},\"query-input\":{\"@type\":\"PropertyValueSpecification\",\"valueRequired\":true,\"valueName\":\"search_term_string\"}}],\"inLanguage\":\"hu\"},{\"@type\":\"Person\",\"@id\":\"https:\/\/www.welovecycling.com\/hu\/#\/schema\/person\/c4acb313e50cae96eef9d92a18794f7c\",\"name\":\"timi\",\"image\":{\"@type\":\"ImageObject\",\"inLanguage\":\"hu\",\"@id\":\"https:\/\/www.welovecycling.com\/hu\/#\/schema\/person\/image\/\",\"url\":\"https:\/\/secure.gravatar.com\/avatar\/de12be56b502456eeb235d4b79bce6668897e002c9b7a7966ec5cbef4e061a8b?s=96&d=mm&r=g\",\"contentUrl\":\"https:\/\/secure.gravatar.com\/avatar\/de12be56b502456eeb235d4b79bce6668897e002c9b7a7966ec5cbef4e061a8b?s=96&d=mm&r=g\",\"caption\":\"timi\"},\"url\":\"https:\/\/www.welovecycling.com\/hu\/author\/timi\/\"}]}<\/script>\n<!-- \/ Yoast SEO Premium plugin. -->","yoast_head_json":{"title":"Belga siker a budapesti naps\u00fct\u00e9sben, de Howson vitte haza a s\u00e1rga trik\u00f3t - \u0160koda We Love Cycling - Magyarorsz\u00e1g","description":"N\u00e9gy \u00e9v ut\u00e1n t\u00e9rt vissza a Tour de Hongrie Budapestre: a H\u0151s\u00f6k ter\u00e9n\u00e9l fel\u00e1ll\u00edtott c\u00e9lkapun Edward Theuns sz\u00e1guldott \u00e1t els\u0151k\u00e9nt, az \u00f6sszetett gy\u0151ztes viszont az ausztr\u00e1l Damien Howson lett.","robots":{"index":"index","follow":"follow","max-snippet":"max-snippet:-1","max-image-preview":"max-image-preview:large","max-video-preview":"max-video-preview:-1"},"canonical":"https:\/\/www.welovecycling.com\/hu\/tour-de-hongrie\/belga-siker-a-budapesti-napsutesben-de-howson-vitte-haza-a-sarga-trikot\/","og_locale":"hu_HU","og_type":"article","og_title":"Belga siker a budapesti naps\u00fct\u00e9sben, de Howson vitte haza a s\u00e1rga trik\u00f3t","og_description":"N\u00e9gy \u00e9v ut\u00e1n t\u00e9rt vissza a Tour de Hongrie Budapestre: a H\u0151s\u00f6k ter\u00e9n\u00e9l fel\u00e1ll\u00edtott c\u00e9lkapun Edward Theuns sz\u00e1guldott \u00e1t els\u0151k\u00e9nt, az \u00f6sszetett gy\u0151ztes viszont az ausztr\u00e1l Damien Howson lett.","og_url":"https:\/\/www.welovecycling.com\/hu\/tour-de-hongrie\/belga-siker-a-budapesti-napsutesben-de-howson-vitte-haza-a-sarga-trikot\/","og_site_name":"\u0160koda We Love Cycling - Magyarorsz\u00e1g","article_publisher":"https:\/\/www.facebook.com\/WeLoveCyclingHungary\/","article_published_time":"2021-05-17T11:20:37+00:00","og_image":[{"width":2048,"height":1365,"url":"https:\/\/d2p6e6u75xmxt8.cloudfront.net\/12\/2021\/05\/210516-1430_TDH_5sz_PM_0154.jpg","type":"image\/jpeg"}],"author":"timi","twitter_card":"summary_large_image","twitter_misc":{"Written by":"Koh\u00e1n Gergely","Est. reading time":"3 minutes"},"schema":{"@context":"https:\/\/schema.org","@graph":[{"@type":"WebPage","@id":"https:\/\/www.welovecycling.com\/hu\/tour-de-hongrie\/belga-siker-a-budapesti-napsutesben-de-howson-vitte-haza-a-sarga-trikot\/","url":"https:\/\/www.welovecycling.com\/hu\/tour-de-hongrie\/belga-siker-a-budapesti-napsutesben-de-howson-vitte-haza-a-sarga-trikot\/","name":"Belga siker a budapesti naps\u00fct\u00e9sben, de Howson vitte haza a s\u00e1rga trik\u00f3t - \u0160koda We Love Cycling - Magyarorsz\u00e1g","isPartOf":{"@id":"https:\/\/www.welovecycling.com\/hu\/#website"},"primaryImageOfPage":{"@id":"https:\/\/www.welovecycling.com\/hu\/tour-de-hongrie\/belga-siker-a-budapesti-napsutesben-de-howson-vitte-haza-a-sarga-trikot\/#primaryimage"},"image":{"@id":"https:\/\/www.welovecycling.com\/hu\/tour-de-hongrie\/belga-siker-a-budapesti-napsutesben-de-howson-vitte-haza-a-sarga-trikot\/#primaryimage"},"thumbnailUrl":"https:\/\/d2p6e6u75xmxt8.cloudfront.net\/12\/2021\/05\/210516-1430_TDH_5sz_PM_0154.jpg","datePublished":"2021-05-17T11:20:37+00:00","author":{"@id":"https:\/\/www.welovecycling.com\/hu\/#\/schema\/person\/c4acb313e50cae96eef9d92a18794f7c"},"description":"N\u00e9gy \u00e9v ut\u00e1n t\u00e9rt vissza a Tour de Hongrie Budapestre: a H\u0151s\u00f6k ter\u00e9n\u00e9l fel\u00e1ll\u00edtott c\u00e9lkapun Edward Theuns sz\u00e1guldott \u00e1t els\u0151k\u00e9nt, az \u00f6sszetett gy\u0151ztes viszont az ausztr\u00e1l Damien Howson lett.","breadcrumb":{"@id":"https:\/\/www.welovecycling.com\/hu\/tour-de-hongrie\/belga-siker-a-budapesti-napsutesben-de-howson-vitte-haza-a-sarga-trikot\/#breadcrumb"},"inLanguage":"hu","potentialAction":[{"@type":"ReadAction","target":["https:\/\/www.welovecycling.com\/hu\/tour-de-hongrie\/belga-siker-a-budapesti-napsutesben-de-howson-vitte-haza-a-sarga-trikot\/"]}]},{"@type":"ImageObject","inLanguage":"hu","@id":"https:\/\/www.welovecycling.com\/hu\/tour-de-hongrie\/belga-siker-a-budapesti-napsutesben-de-howson-vitte-haza-a-sarga-trikot\/#primaryimage","url":"https:\/\/d2p6e6u75xmxt8.cloudfront.net\/12\/2021\/05\/210516-1430_TDH_5sz_PM_0154.jpg","contentUrl":"https:\/\/d2p6e6u75xmxt8.cloudfront.net\/12\/2021\/05\/210516-1430_TDH_5sz_PM_0154.jpg","width":2048,"height":1365,"caption":"2021.05.16. TDH 5. szakasz Budapest"},{"@type":"BreadcrumbList","@id":"https:\/\/www.welovecycling.com\/hu\/tour-de-hongrie\/belga-siker-a-budapesti-napsutesben-de-howson-vitte-haza-a-sarga-trikot\/#breadcrumb","itemListElement":[{"@type":"ListItem","position":1,"name":"Home","item":"https:\/\/www.welovecycling.com\/hu\/"},{"@type":"ListItem","position":2,"name":"Belga siker a budapesti naps\u00fct\u00e9sben, de Howson vitte haza a s\u00e1rga trik\u00f3t"}]},{"@type":"WebSite","@id":"https:\/\/www.welovecycling.com\/hu\/#website","url":"https:\/\/www.welovecycling.com\/hu\/","name":"\u0160koda We Love Cycling - Magyarorsz\u00e1g","description":"\u0160koda WeLoveCycling","potentialAction":[{"@type":"SearchAction","target":{"@type":"EntryPoint","urlTemplate":"https:\/\/www.welovecycling.com\/hu\/?s={search_term_string}"},"query-input":{"@type":"PropertyValueSpecification","valueRequired":true,"valueName":"search_term_string"}}],"inLanguage":"hu"},{"@type":"Person","@id":"https:\/\/www.welovecycling.com\/hu\/#\/schema\/person\/c4acb313e50cae96eef9d92a18794f7c","name":"timi","image":{"@type":"ImageObject","inLanguage":"hu","@id":"https:\/\/www.welovecycling.com\/hu\/#\/schema\/person\/image\/","url":"https:\/\/secure.gravatar.com\/avatar\/de12be56b502456eeb235d4b79bce6668897e002c9b7a7966ec5cbef4e061a8b?s=96&d=mm&r=g","contentUrl":"https:\/\/secure.gravatar.com\/avatar\/de12be56b502456eeb235d4b79bce6668897e002c9b7a7966ec5cbef4e061a8b?s=96&d=mm&r=g","caption":"timi"},"url":"https:\/\/www.welovecycling.com\/hu\/author\/timi\/"}]}},"_links":{"self":[{"href":"https:\/\/www.welovecycling.com\/hu\/wp-json\/wp\/v2\/posts\/11503","targetHints":{"allow":["GET"]}}],"collection":[{"href":"https:\/\/www.welovecycling.com\/hu\/wp-json\/wp\/v2\/posts"}],"about":[{"href":"https:\/\/www.welovecycling.com\/hu\/wp-json\/wp\/v2\/types\/post"}],"author":[{"embeddable":true,"href":"https:\/\/www.welovecycling.com\/hu\/wp-json\/wp\/v2\/users\/146"}],"replies":[{"embeddable":true,"href":"https:\/\/www.welovecycling.com\/hu\/wp-json\/wp\/v2\/comments?post=11503"}],"version-history":[{"count":2,"href":"https:\/\/www.welovecycling.com\/hu\/wp-json\/wp\/v2\/posts\/11503\/revisions"}],"predecessor-version":[{"id":11507,"href":"https:\/\/www.welovecycling.com\/hu\/wp-json\/wp\/v2\/posts\/11503\/revisions\/11507"}],"wp:featuredmedia":[{"embeddable":true,"href":"https:\/\/www.welovecycling.com\/hu\/wp-json\/wp\/v2\/media\/11504"}],"wp:attachment":[{"href":"https:\/\/www.welovecycling.com\/hu\/wp-json\/wp\/v2\/media?parent=11503"}],"wp:term":[{"taxonomy":"category","embeddable":true,"href":"https:\/\/www.welovecycling.com\/hu\/wp-json\/wp\/v2\/categories?post=11503"},{"taxonomy":"post_tag","embeddable":true,"href":"https:\/\/www.welovecycling.com\/hu\/wp-json\/wp\/v2\/tags?post=11503"},{"taxonomy":"global-categories","embeddable":true,"href":"https:\/\/www.welovecycling.com\/hu\/wp-json\/wp\/v2\/global-categories?post=11503"}],"curies":[{"name":"wp","href":"https:\/\/api.w.org\/{rel}","templated":true}]}}