{"id":11498,"date":"2021-05-16T13:09:40","date_gmt":"2021-05-16T11:09:40","guid":{"rendered":"https:\/\/www.welovecycling.com\/hu\/?p=11498"},"modified":"2021-05-16T13:09:40","modified_gmt":"2021-05-16T11:09:40","slug":"ausztral-orom-a-kekesteton-de-a-magyarok-is-nagyot-mentek-a-tdh-kiralyszakaszan","status":"publish","type":"post","link":"https:\/\/www.welovecycling.com\/hu\/tour-de-hongrie\/ausztral-orom-a-kekesteton-de-a-magyarok-is-nagyot-mentek-a-tdh-kiralyszakaszan\/","title":{"rendered":"Ausztr\u00e1l \u00f6r\u00f6m a K\u00e9kestet\u0151n, de a magyarok is nagyot mentek a TdH kir\u00e1lyszakasz\u00e1n"},"content":{"rendered":"<p><strong>A legut\u00f3bb hoppon maradt Damien Howson szombaton lem\u00e1solta Valter Attila tavalyi mutatv\u00e1ny\u00e1t, de rengeteget k\u00f6sz\u00f6nhet Pe\u00e1k Barnab\u00e1snak is, mik\u00e9nt Fetter Eriket is csak dics\u00e9ret illeti h\u0151sies helyt\u00e1ll\u00e1s\u00e1\u00e9rt!<\/strong><!--more--><\/p>\n<p>Az elm\u00falt \u00e9vekkel ellent\u00e9tben a Tour de Hongrie idei \u00fatvonala csak egyetlen szakasz erej\u00e9ig kir\u00e1ndult \u00e1t Magyarorsz\u00e1g keleti-\u00e9szaki r\u00e9gi\u00f3j\u00e1ba, de ide mindig meg\u00e9ri elj\u00f6nni, egyr\u00e9szt a gy\u00f6ny\u00f6r\u0171 t\u00e1jak miatt \u2013 melyek az \u00e9v ezen szak\u00e1ban pomp\u00e1s z\u00f6ldbe borulnak minden\u00fctt \u2013, m\u00e1sr\u00e9szt, mert errefel\u00e9 im\u00e1dj\u00e1k a ker\u00e9kp\u00e1roz\u00e1st.<\/p>\n<p>A negyedik szakasz rajtv\u00e1ros\u00e1ban, Balassagyarmaton p\u00e9ld\u00e1ul tavaly \u00f3ta haz\u00e1nkban egyed\u00fcl\u00e1ll\u00f3 bringam\u00fazeum m\u0171k\u00f6dik, szombaton a Tour de Hongrie rajtja el\u0151tt pedig ker\u00e9kp\u00e1ros eml\u00e9km\u0171vet is avattak a balesetet szenvedett bring\u00e1sok eml\u00e9k\u00e9re, miel\u0151tt kezdet\u00e9t vette volna a Magyar k\u00f6rverseny tisztelet\u00e9re rendezett eg\u00e9sz napos programsorozat.<\/p>\n<p>\u00cdgy h\u00e1t nagy \u00e9s lelkes t\u00f6meg szurkol\u00e1s\u00e1t\u00f3l k\u00eds\u00e9rve startolhatott el a karav\u00e1n, amely ugyanakkor id\u0151k\u00f6zben 121 f\u0151re fogyatkozott: a norv\u00e9g Uno-X ist\u00e1ll\u00f3 egyik st\u00e1btagja pozit\u00edv koronav\u00edrustesztet produk\u00e1lt, \u00edgy a versenyz\u0151k k\u00f6z\u00fcl hi\u00e1ba volt mindenki negat\u00edv, mivel a csapatbubor\u00e9kon bel\u00fcl t\u00f6rt\u00e9nt az eset, egys\u00e9gesen ki kellett vonulniuk a versenyr\u0151l. Mellett\u00fck sajnos az egyik nagy p\u00e9nteki buk\u00e1sban \u00e9rintett kor\u00e1bbi magyar bajnok, Szarka Gergely is feladta a versenyt s\u00e9r\u00fcl\u00e9sei miatt.<\/p>\n<p>\u00cdg\u00e9ret\u00e9hez h\u00edven val\u00f3ban ott volt viszont a rajtvonaln\u00e1l Fetter Erik, aki el\u0151z\u0151 nap m\u00e9g ugyancsak a k\u00f3rh\u00e1zban cs\u00fccs\u00fclt szeg\u00e9ny nyakmerev\u00edt\u0151ben, de a kivizsg\u00e1l\u00e1sok t\u00f6r\u00e9st nem mutattak ki n\u00e1la, \u00edgy v\u00e1llalta a m\u00e1snapi indul\u00e1st. S mint kider\u00fclt, nagyon j\u00f3l tette!<\/p>\n<p>Szebbn\u00e9l szebb k\u00f6rny\u00e9keken kanyargott az ezersz\u00edn\u0171 karav\u00e1n, nagyszer\u0171 l\u00e1tv\u00e1ny volt p\u00e9ld\u00e1ul, ahogy B\u00e1tonytereny\u00e9n\u00e9l a v\u00edzt\u00e1roz\u00f3 partj\u00e1ra \u201ekik\u00f6lt\u00f6ztek\u201d a szurkol\u00f3k, s onnan biztatt\u00e1k a versenyz\u0151ket, a h\u00e1tt\u00e9rben magasod\u00f3 M\u00e1tra vonulataival, vagy \u00e9ppen Sirok a v\u00e1rral, \u00e9s \u00edgy tov\u00e1bb. Be\u00e9rve a M\u00e1tr\u00e1ba pedig j\u00f6hetett a f\u0151attrakci\u00f3, avagy a feketeleves: a K\u00e9kestet\u0151re felvezet\u0151 brut\u00e1lis els\u0151 kateg\u00f3ri\u00e1s hegyi emelked\u0151!<\/p>\n<p>Ki ne eml\u00e9kezne itt tavaly Valter Attila szenz\u00e1ci\u00f3s t\u00e1mad\u00e1s\u00e1ra, majd gy\u0151zelm\u00e9re, amellyel egy\u00fctt a versenyt is megnyerte \u2013 azt a kanyart, amelyben a d\u00f6nt\u0151 akci\u00f3j\u00e1t elind\u00edtotta, a szurkol\u00f3k el is keresztelt\u00e9k Valter-kanyarnak, ezt ki is tett\u00e9k az egyik f\u00e1ra, term\u00e9szetesen egy hatalmas r\u00f3zsasz\u00edn t\u00e1bl\u00e1n!<\/p>\n<p>A k\u0151kem\u00e9ny utols\u00f3 20 km-en nagyon sz\u00e9pen mentek a magyarok, a feh\u00e9r trik\u00f3s Pelik\u00e1n J\u00e1nos is tartotta mag\u00e1t, Fetter v\u00e9g\u00fcl be\u00e9rt legjobb magyark\u00e9nt azt k\u00f6vet\u0151en, hogy el\u0151z\u0151 nap m\u00e9g k\u00f3rh\u00e1zban volt, Pe\u00e1k Barnab\u00e1s pedig hatalmas munk\u00e1val, mint kider\u00fclt, v\u00e9g\u00fcl szakasz- \u00e9s ezzel val\u00f3sz\u00edn\u0171leg \u00f6sszetett gy\u0151zelemhez seg\u00edtette csapatt\u00e1rs\u00e1t, Damien Howsont!<\/p>\n<p>\u00c9ppen ez az ausztr\u00e1l sr\u00e1c volt az, akit tavaly Valter Ati eml\u00e9kezetes m\u00f3don hagyott fak\u00e9pn\u00e9l a hegyi befut\u00f3 utols\u00f3 kilom\u00e9ter\u00e9n, de ebb\u0151l tanult is, mert most viszont \u00e9ppen \u0151 tette ezt a kolumbiai Garc\u00ed\u00e1val, ezzel pedig megnyerte a t\u00f6bb mint 200 km-es kir\u00e1lyetapot. K\u00f6vetkez\u00e9sk\u00e9ppen ma m\u00e1r csak v\u00e9gig kell mennie a budapesti z\u00e1r\u00f3 \u201eg\u00e1laetapon\u201d, \u00e9s \u00f6v\u00e9 a 2021-es Tour de Hongrie s\u00e1rga trik\u00f3ja!<\/p>\n<p>Bor\u00edt\u00f3k\u00e9p: Vanik Zolt\u00e1n\/tdh.hu<\/p>\n","protected":false},"excerpt":{"rendered":"<p>A legut\u00f3bb hoppon maradt Damien Howson szombaton lem\u00e1solta Valter Attila tavalyi mutatv\u00e1ny\u00e1t, de rengeteget k\u00f6sz\u00f6nhet Pe\u00e1k Barnab\u00e1snak is, mik\u00e9nt Fetter [&hellip;]<\/p>\n","protected":false},"author":146,"featured_media":11499,"comment_status":"open","ping_status":"open","sticky":false,"template":"","format":"standard","meta":{"footnotes":""},"categories":[463,462],"tags":[],"global-categories":[419],"class_list":["post-11498","post","type-post","status-publish","format-standard","has-post-thumbnail","hentry","category-napi-osszefoglalo","category-tour-de-hongrie","global-categories-cycling"],"yoast_head":"<!-- This site is optimized with the Yoast SEO Premium plugin v25.3 (Yoast SEO v25.9) - https:\/\/yoast.com\/wordpress\/plugins\/seo\/ -->\n<title>Ausztr\u00e1l \u00f6r\u00f6m a K\u00e9kestet\u0151n, de a magyarok is nagyot mentek a TdH kir\u00e1lyszakasz\u00e1n - \u0160koda We Love Cycling - Magyarorsz\u00e1g<\/title>\n<meta name=\"description\" content=\"A legut\u00f3bb hoppon maradt Damien Howson szombaton lem\u00e1solta Valter Attila tavalyi mutatv\u00e1ny\u00e1t.\" \/>\n<meta name=\"robots\" content=\"index, follow, max-snippet:-1, max-image-preview:large, max-video-preview:-1\" \/>\n<link rel=\"canonical\" href=\"https:\/\/www.welovecycling.com\/hu\/tour-de-hongrie\/ausztral-orom-a-kekesteton-de-a-magyarok-is-nagyot-mentek-a-tdh-kiralyszakaszan\/\" \/>\n<meta property=\"og:locale\" content=\"hu_HU\" \/>\n<meta property=\"og:type\" content=\"article\" \/>\n<meta property=\"og:title\" content=\"Ausztr\u00e1l \u00f6r\u00f6m a K\u00e9kestet\u0151n, de a magyarok is nagyot mentek a TdH kir\u00e1lyszakasz\u00e1n\" \/>\n<meta property=\"og:description\" content=\"A legut\u00f3bb hoppon maradt Damien Howson szombaton lem\u00e1solta Valter Attila tavalyi mutatv\u00e1ny\u00e1t.\" \/>\n<meta property=\"og:url\" content=\"https:\/\/www.welovecycling.com\/hu\/tour-de-hongrie\/ausztral-orom-a-kekesteton-de-a-magyarok-is-nagyot-mentek-a-tdh-kiralyszakaszan\/\" \/>\n<meta property=\"og:site_name\" content=\"\u0160koda We Love Cycling - Magyarorsz\u00e1g\" \/>\n<meta property=\"article:publisher\" content=\"https:\/\/www.facebook.com\/WeLoveCyclingHungary\/\" \/>\n<meta property=\"article:published_time\" content=\"2021-05-16T11:09:40+00:00\" \/>\n<meta property=\"og:image\" content=\"https:\/\/d2p6e6u75xmxt8.cloudfront.net\/12\/2021\/05\/szombat.jpg\" \/>\n\t<meta property=\"og:image:width\" content=\"1200\" \/>\n\t<meta property=\"og:image:height\" content=\"800\" \/>\n\t<meta property=\"og:image:type\" content=\"image\/jpeg\" \/>\n<meta name=\"author\" content=\"timi\" \/>\n<meta name=\"twitter:card\" content=\"summary_large_image\" \/>\n<meta name=\"twitter:label1\" content=\"Written by\" \/>\n\t<meta name=\"twitter:data1\" content=\"Koh\u00e1n Gergely\" \/>\n\t<meta name=\"twitter:label2\" content=\"Est. reading time\" \/>\n\t<meta name=\"twitter:data2\" content=\"3 minutes\" \/>\n<script type=\"application\/ld+json\" class=\"yoast-schema-graph\">{\"@context\":\"https:\/\/schema.org\",\"@graph\":[{\"@type\":\"WebPage\",\"@id\":\"https:\/\/www.welovecycling.com\/hu\/tour-de-hongrie\/ausztral-orom-a-kekesteton-de-a-magyarok-is-nagyot-mentek-a-tdh-kiralyszakaszan\/\",\"url\":\"https:\/\/www.welovecycling.com\/hu\/tour-de-hongrie\/ausztral-orom-a-kekesteton-de-a-magyarok-is-nagyot-mentek-a-tdh-kiralyszakaszan\/\",\"name\":\"Ausztr\u00e1l \u00f6r\u00f6m a K\u00e9kestet\u0151n, de a magyarok is nagyot mentek a TdH kir\u00e1lyszakasz\u00e1n - \u0160koda We Love Cycling - Magyarorsz\u00e1g\",\"isPartOf\":{\"@id\":\"https:\/\/www.welovecycling.com\/hu\/#website\"},\"primaryImageOfPage\":{\"@id\":\"https:\/\/www.welovecycling.com\/hu\/tour-de-hongrie\/ausztral-orom-a-kekesteton-de-a-magyarok-is-nagyot-mentek-a-tdh-kiralyszakaszan\/#primaryimage\"},\"image\":{\"@id\":\"https:\/\/www.welovecycling.com\/hu\/tour-de-hongrie\/ausztral-orom-a-kekesteton-de-a-magyarok-is-nagyot-mentek-a-tdh-kiralyszakaszan\/#primaryimage\"},\"thumbnailUrl\":\"https:\/\/d2p6e6u75xmxt8.cloudfront.net\/12\/2021\/05\/szombat.jpg\",\"datePublished\":\"2021-05-16T11:09:40+00:00\",\"author\":{\"@id\":\"https:\/\/www.welovecycling.com\/hu\/#\/schema\/person\/c4acb313e50cae96eef9d92a18794f7c\"},\"description\":\"A legut\u00f3bb hoppon maradt Damien Howson szombaton lem\u00e1solta Valter Attila tavalyi mutatv\u00e1ny\u00e1t.\",\"breadcrumb\":{\"@id\":\"https:\/\/www.welovecycling.com\/hu\/tour-de-hongrie\/ausztral-orom-a-kekesteton-de-a-magyarok-is-nagyot-mentek-a-tdh-kiralyszakaszan\/#breadcrumb\"},\"inLanguage\":\"hu\",\"potentialAction\":[{\"@type\":\"ReadAction\",\"target\":[\"https:\/\/www.welovecycling.com\/hu\/tour-de-hongrie\/ausztral-orom-a-kekesteton-de-a-magyarok-is-nagyot-mentek-a-tdh-kiralyszakaszan\/\"]}]},{\"@type\":\"ImageObject\",\"inLanguage\":\"hu\",\"@id\":\"https:\/\/www.welovecycling.com\/hu\/tour-de-hongrie\/ausztral-orom-a-kekesteton-de-a-magyarok-is-nagyot-mentek-a-tdh-kiralyszakaszan\/#primaryimage\",\"url\":\"https:\/\/d2p6e6u75xmxt8.cloudfront.net\/12\/2021\/05\/szombat.jpg\",\"contentUrl\":\"https:\/\/d2p6e6u75xmxt8.cloudfront.net\/12\/2021\/05\/szombat.jpg\",\"width\":1200,\"height\":800},{\"@type\":\"BreadcrumbList\",\"@id\":\"https:\/\/www.welovecycling.com\/hu\/tour-de-hongrie\/ausztral-orom-a-kekesteton-de-a-magyarok-is-nagyot-mentek-a-tdh-kiralyszakaszan\/#breadcrumb\",\"itemListElement\":[{\"@type\":\"ListItem\",\"position\":1,\"name\":\"Home\",\"item\":\"https:\/\/www.welovecycling.com\/hu\/\"},{\"@type\":\"ListItem\",\"position\":2,\"name\":\"Ausztr\u00e1l \u00f6r\u00f6m a K\u00e9kestet\u0151n, de a magyarok is nagyot mentek a TdH kir\u00e1lyszakasz\u00e1n\"}]},{\"@type\":\"WebSite\",\"@id\":\"https:\/\/www.welovecycling.com\/hu\/#website\",\"url\":\"https:\/\/www.welovecycling.com\/hu\/\",\"name\":\"\u0160koda We Love Cycling - Magyarorsz\u00e1g\",\"description\":\"\u0160koda WeLoveCycling\",\"potentialAction\":[{\"@type\":\"SearchAction\",\"target\":{\"@type\":\"EntryPoint\",\"urlTemplate\":\"https:\/\/www.welovecycling.com\/hu\/?s={search_term_string}\"},\"query-input\":{\"@type\":\"PropertyValueSpecification\",\"valueRequired\":true,\"valueName\":\"search_term_string\"}}],\"inLanguage\":\"hu\"},{\"@type\":\"Person\",\"@id\":\"https:\/\/www.welovecycling.com\/hu\/#\/schema\/person\/c4acb313e50cae96eef9d92a18794f7c\",\"name\":\"timi\",\"image\":{\"@type\":\"ImageObject\",\"inLanguage\":\"hu\",\"@id\":\"https:\/\/www.welovecycling.com\/hu\/#\/schema\/person\/image\/\",\"url\":\"https:\/\/secure.gravatar.com\/avatar\/de12be56b502456eeb235d4b79bce6668897e002c9b7a7966ec5cbef4e061a8b?s=96&d=mm&r=g\",\"contentUrl\":\"https:\/\/secure.gravatar.com\/avatar\/de12be56b502456eeb235d4b79bce6668897e002c9b7a7966ec5cbef4e061a8b?s=96&d=mm&r=g\",\"caption\":\"timi\"},\"url\":\"https:\/\/www.welovecycling.com\/hu\/author\/timi\/\"}]}<\/script>\n<!-- \/ Yoast SEO Premium plugin. -->","yoast_head_json":{"title":"Ausztr\u00e1l \u00f6r\u00f6m a K\u00e9kestet\u0151n, de a magyarok is nagyot mentek a TdH kir\u00e1lyszakasz\u00e1n - \u0160koda We Love Cycling - Magyarorsz\u00e1g","description":"A legut\u00f3bb hoppon maradt Damien Howson szombaton lem\u00e1solta Valter Attila tavalyi mutatv\u00e1ny\u00e1t.","robots":{"index":"index","follow":"follow","max-snippet":"max-snippet:-1","max-image-preview":"max-image-preview:large","max-video-preview":"max-video-preview:-1"},"canonical":"https:\/\/www.welovecycling.com\/hu\/tour-de-hongrie\/ausztral-orom-a-kekesteton-de-a-magyarok-is-nagyot-mentek-a-tdh-kiralyszakaszan\/","og_locale":"hu_HU","og_type":"article","og_title":"Ausztr\u00e1l \u00f6r\u00f6m a K\u00e9kestet\u0151n, de a magyarok is nagyot mentek a TdH kir\u00e1lyszakasz\u00e1n","og_description":"A legut\u00f3bb hoppon maradt Damien Howson szombaton lem\u00e1solta Valter Attila tavalyi mutatv\u00e1ny\u00e1t.","og_url":"https:\/\/www.welovecycling.com\/hu\/tour-de-hongrie\/ausztral-orom-a-kekesteton-de-a-magyarok-is-nagyot-mentek-a-tdh-kiralyszakaszan\/","og_site_name":"\u0160koda We Love Cycling - Magyarorsz\u00e1g","article_publisher":"https:\/\/www.facebook.com\/WeLoveCyclingHungary\/","article_published_time":"2021-05-16T11:09:40+00:00","og_image":[{"width":1200,"height":800,"url":"https:\/\/d2p6e6u75xmxt8.cloudfront.net\/12\/2021\/05\/szombat.jpg","type":"image\/jpeg"}],"author":"timi","twitter_card":"summary_large_image","twitter_misc":{"Written by":"Koh\u00e1n Gergely","Est. reading time":"3 minutes"},"schema":{"@context":"https:\/\/schema.org","@graph":[{"@type":"WebPage","@id":"https:\/\/www.welovecycling.com\/hu\/tour-de-hongrie\/ausztral-orom-a-kekesteton-de-a-magyarok-is-nagyot-mentek-a-tdh-kiralyszakaszan\/","url":"https:\/\/www.welovecycling.com\/hu\/tour-de-hongrie\/ausztral-orom-a-kekesteton-de-a-magyarok-is-nagyot-mentek-a-tdh-kiralyszakaszan\/","name":"Ausztr\u00e1l \u00f6r\u00f6m a K\u00e9kestet\u0151n, de a magyarok is nagyot mentek a TdH kir\u00e1lyszakasz\u00e1n - \u0160koda We Love Cycling - Magyarorsz\u00e1g","isPartOf":{"@id":"https:\/\/www.welovecycling.com\/hu\/#website"},"primaryImageOfPage":{"@id":"https:\/\/www.welovecycling.com\/hu\/tour-de-hongrie\/ausztral-orom-a-kekesteton-de-a-magyarok-is-nagyot-mentek-a-tdh-kiralyszakaszan\/#primaryimage"},"image":{"@id":"https:\/\/www.welovecycling.com\/hu\/tour-de-hongrie\/ausztral-orom-a-kekesteton-de-a-magyarok-is-nagyot-mentek-a-tdh-kiralyszakaszan\/#primaryimage"},"thumbnailUrl":"https:\/\/d2p6e6u75xmxt8.cloudfront.net\/12\/2021\/05\/szombat.jpg","datePublished":"2021-05-16T11:09:40+00:00","author":{"@id":"https:\/\/www.welovecycling.com\/hu\/#\/schema\/person\/c4acb313e50cae96eef9d92a18794f7c"},"description":"A legut\u00f3bb hoppon maradt Damien Howson szombaton lem\u00e1solta Valter Attila tavalyi mutatv\u00e1ny\u00e1t.","breadcrumb":{"@id":"https:\/\/www.welovecycling.com\/hu\/tour-de-hongrie\/ausztral-orom-a-kekesteton-de-a-magyarok-is-nagyot-mentek-a-tdh-kiralyszakaszan\/#breadcrumb"},"inLanguage":"hu","potentialAction":[{"@type":"ReadAction","target":["https:\/\/www.welovecycling.com\/hu\/tour-de-hongrie\/ausztral-orom-a-kekesteton-de-a-magyarok-is-nagyot-mentek-a-tdh-kiralyszakaszan\/"]}]},{"@type":"ImageObject","inLanguage":"hu","@id":"https:\/\/www.welovecycling.com\/hu\/tour-de-hongrie\/ausztral-orom-a-kekesteton-de-a-magyarok-is-nagyot-mentek-a-tdh-kiralyszakaszan\/#primaryimage","url":"https:\/\/d2p6e6u75xmxt8.cloudfront.net\/12\/2021\/05\/szombat.jpg","contentUrl":"https:\/\/d2p6e6u75xmxt8.cloudfront.net\/12\/2021\/05\/szombat.jpg","width":1200,"height":800},{"@type":"BreadcrumbList","@id":"https:\/\/www.welovecycling.com\/hu\/tour-de-hongrie\/ausztral-orom-a-kekesteton-de-a-magyarok-is-nagyot-mentek-a-tdh-kiralyszakaszan\/#breadcrumb","itemListElement":[{"@type":"ListItem","position":1,"name":"Home","item":"https:\/\/www.welovecycling.com\/hu\/"},{"@type":"ListItem","position":2,"name":"Ausztr\u00e1l \u00f6r\u00f6m a K\u00e9kestet\u0151n, de a magyarok is nagyot mentek a TdH kir\u00e1lyszakasz\u00e1n"}]},{"@type":"WebSite","@id":"https:\/\/www.welovecycling.com\/hu\/#website","url":"https:\/\/www.welovecycling.com\/hu\/","name":"\u0160koda We Love Cycling - Magyarorsz\u00e1g","description":"\u0160koda WeLoveCycling","potentialAction":[{"@type":"SearchAction","target":{"@type":"EntryPoint","urlTemplate":"https:\/\/www.welovecycling.com\/hu\/?s={search_term_string}"},"query-input":{"@type":"PropertyValueSpecification","valueRequired":true,"valueName":"search_term_string"}}],"inLanguage":"hu"},{"@type":"Person","@id":"https:\/\/www.welovecycling.com\/hu\/#\/schema\/person\/c4acb313e50cae96eef9d92a18794f7c","name":"timi","image":{"@type":"ImageObject","inLanguage":"hu","@id":"https:\/\/www.welovecycling.com\/hu\/#\/schema\/person\/image\/","url":"https:\/\/secure.gravatar.com\/avatar\/de12be56b502456eeb235d4b79bce6668897e002c9b7a7966ec5cbef4e061a8b?s=96&d=mm&r=g","contentUrl":"https:\/\/secure.gravatar.com\/avatar\/de12be56b502456eeb235d4b79bce6668897e002c9b7a7966ec5cbef4e061a8b?s=96&d=mm&r=g","caption":"timi"},"url":"https:\/\/www.welovecycling.com\/hu\/author\/timi\/"}]}},"_links":{"self":[{"href":"https:\/\/www.welovecycling.com\/hu\/wp-json\/wp\/v2\/posts\/11498","targetHints":{"allow":["GET"]}}],"collection":[{"href":"https:\/\/www.welovecycling.com\/hu\/wp-json\/wp\/v2\/posts"}],"about":[{"href":"https:\/\/www.welovecycling.com\/hu\/wp-json\/wp\/v2\/types\/post"}],"author":[{"embeddable":true,"href":"https:\/\/www.welovecycling.com\/hu\/wp-json\/wp\/v2\/users\/146"}],"replies":[{"embeddable":true,"href":"https:\/\/www.welovecycling.com\/hu\/wp-json\/wp\/v2\/comments?post=11498"}],"version-history":[{"count":1,"href":"https:\/\/www.welovecycling.com\/hu\/wp-json\/wp\/v2\/posts\/11498\/revisions"}],"predecessor-version":[{"id":11500,"href":"https:\/\/www.welovecycling.com\/hu\/wp-json\/wp\/v2\/posts\/11498\/revisions\/11500"}],"wp:featuredmedia":[{"embeddable":true,"href":"https:\/\/www.welovecycling.com\/hu\/wp-json\/wp\/v2\/media\/11499"}],"wp:attachment":[{"href":"https:\/\/www.welovecycling.com\/hu\/wp-json\/wp\/v2\/media?parent=11498"}],"wp:term":[{"taxonomy":"category","embeddable":true,"href":"https:\/\/www.welovecycling.com\/hu\/wp-json\/wp\/v2\/categories?post=11498"},{"taxonomy":"post_tag","embeddable":true,"href":"https:\/\/www.welovecycling.com\/hu\/wp-json\/wp\/v2\/tags?post=11498"},{"taxonomy":"global-categories","embeddable":true,"href":"https:\/\/www.welovecycling.com\/hu\/wp-json\/wp\/v2\/global-categories?post=11498"}],"curies":[{"name":"wp","href":"https:\/\/api.w.org\/{rel}","templated":true}]}}