{"id":11494,"date":"2021-05-15T12:14:14","date_gmt":"2021-05-15T10:14:14","guid":{"rendered":"https:\/\/www.welovecycling.com\/hu\/?p=11494"},"modified":"2021-05-15T12:14:14","modified_gmt":"2021-05-15T10:14:14","slug":"bukasok-utan-bauhaus-dupla-nem-vart-izgalmak-a-tour-de-hongrie-harmadik-szakaszan","status":"publish","type":"post","link":"https:\/\/www.welovecycling.com\/hu\/tour-de-hongrie\/bukasok-utan-bauhaus-dupla-nem-vart-izgalmak-a-tour-de-hongrie-harmadik-szakaszan\/","title":{"rendered":"Buk\u00e1sok ut\u00e1n Bauhaus-dupla \u2013 nem v\u00e1rt izgalmak a Tour de Hongrie harmadik szakasz\u00e1n"},"content":{"rendered":"<p><strong>A tatai c\u00e9l el\u0151tt k\u00e9t v\u00e1ratlan buk\u00e1s is borzolta a ked\u00e9lyeket, sajnos Fetter Erik is nagyot esett, r\u00e1ad\u00e1sul h\u00e1rom kilom\u00e9teren k\u00edv\u00fcl \u2013 szerencs\u00e9re nincs t\u00f6r\u00e9se, \u00edgy \u00f6sszeszor\u00edtott foggal, h\u0151sies helyt\u00e1ll\u00e1ssal szombaton Balassagyarmaton is rajthoz \u00e1ll.<\/strong><!--more--><\/p>\n<p>El\u0151zetesen nem t\u0171nt annyira vesz\u00e9lyesnek a Magyar k\u00f6rverseny p\u00e9nteki etapja, mint amilyen v\u00e9g\u00fcl lett: b\u00e1r az \u00fatvonalban szerepelt k\u00e9t harmadik kateg\u00f3ri\u00e1s emelked\u0151, a t\u00e1v (142 km) ezen a szinten kimondottan r\u00f6vidnek volt mondhat\u00f3, ebb\u0151l is az utols\u00f3 sz\u00e1zas szinte v\u00e9gig s\u00edk terepen vezetett. M\u00e9ghozz\u00e1 gy\u00f6ny\u00f6r\u0171 t\u00e1jakon, Veszpr\u00e9mb\u0151l kiindulva, azt\u00e1n az ap\u00e1ts\u00e1gok l\u00e1bain\u00e1l, hiszen a 128 f\u0151sre fogyatkoz\u00f3 mez\u0151ny Zircen \u00e9s Pannonhalm\u00e1n is kereszt\u00fcltekert. Itt r\u00e9szhajr\u00e1k is voltak, \u00e9s \u00f6r\u00f6mteli, hogy a versenyen szabadk\u00e1rty\u00e1val r\u00e9sztvev\u0151 magyar v\u00e1logatott egyik tagja, Sz\u00f6ll\u0151si Ferenc mindkett\u0151n\u00e9l beh\u00fazott egy-egy harmadik helyet, miut\u00e1n ott tudott lenni a nap sz\u00f6k\u00e9s\u00e9ben.<\/p>\n<p>A gondok azut\u00e1n kezd\u0151dtek, hogy a mez\u0151ny n\u00e9h\u00e1ny kilom\u00e9terrel a tatai c\u00e9lvonal el\u0151tt befogta a sz\u00f6kev\u00e9nycsoportot, \u00edgy mindenki \u00f6ssze\u00e1llt egy nagy massz\u00e1ba. Ekkor ugyanis elkezd\u0151d\u00f6tt a helyezked\u00e9s a hajr\u00e1ra a min\u00e9l jobb poz\u00edci\u00f3k\u00e9rt, \u00e9s a poros \u00fat t\u00f6bbeket is megtr\u00e9f\u00e1lt \u2013 k\u00f6zt\u00fck sajnos magyar es\u00e9lyeseket is.<\/p>\n<p>Ahogy az m\u00e1r csak lenni szokott, a t\u00f6meg h\u00e1ts\u00f3 r\u00e9sz\u00e9ben akadtak \u00f6ssze n\u00e9h\u00e1nyan, \u00e9s pillanatok alatt a f\u00f6ldre ker\u00fcltek. A cs\u00fanya es\u00e9s elszenved\u0151i k\u00f6z\u00f6tt ott volt legnagyobb magyar \u00f6sszetett es\u00e9lyes\u00fcnk, Fetter Erik, valamint a kor\u00e1bbi magyar bajnok Szarka Gergely is. Eleve nem n\u00e9ztek ki j\u00f3l, alig b\u00edrtak visszak\u00e1sz\u00e1l\u00f3dni a nyeregbe, r\u00e1ad\u00e1sul a buk\u00e1s t\u00f6bb mint n\u00e9gy kilom\u00e9terrel a c\u00e9l el\u0151tt t\u00f6rt\u00e9nt, ami az\u00e9rt dupl\u00e1n szerencs\u00e9tlen, mert ha h\u00e1rom kilom\u00e9teren bel\u00fcl estek volna el, akkor a szab\u00e1lyok szerint automatikusan megkapj\u00e1k az azonos id\u0151t a gy\u0151ztessel \u00e9s a mez\u0151ny t\u00f6bbi tagj\u00e1val egy\u00fctt.<\/p>\n<p>\u00cdgy azonban Fetter\u00e9k t\u00f6bb mint k\u00e9t \u00e9s f\u00e9l perces h\u00e1tr\u00e1nnyal \u00e9rtek csak be, \u00e9s a tavalyi edz\u00e9sbalesete ut\u00e1n felgy\u00f3gyul\u00f3 Erik ism\u00e9t k\u00f3rh\u00e1zban k\u00f6t\u00f6tt ki, ahol nyakmerev\u00edt\u0151t tettek r\u00e1 \u00e9s sz\u00e1mos vizsg\u00e1laton kellett \u00e1tesnie. Igazi h\u0151s, mert v\u00e9g\u00fcl ezek ut\u00e1n is v\u00e1llalni tudta az indul\u00e1st, szombat d\u00e9lel\u0151tt \u00fagy d\u00f6nt\u00f6tt, oda\u00e1ll a balassagyarmati rajthoz \u2013 ez\u00e9rt csak tisztelet illeti, f\u00fcggetlen\u00fcl att\u00f3l, hogy az \u00f6sszetett gy\u0151zelmi \u00e1lmai szinte bizonyosan szertefoszlottak.<\/p>\n<p>Kicsivel az egy kilom\u00e9teres kapu el\u0151tt azt\u00e1n \u00fajabb buk\u00e1s t\u00f6rt\u00e9nt, ez\u00fattal a s\u00e1rga trik\u00f3s Jordi Meeus is belekeveredett, szents\u00e9gelt is a belga, de h\u00e1t nem tudott mit csin\u00e1lni \u2013 ezzel bukta is az \u00f6sszetett els\u0151s\u00e9get\u2026<\/p>\n<p>A trik\u00f3t \u00edgy k\u00e9nytelen volt visszaadni Phil Bauhausnak, aki az els\u0151 szakaszt is megnyerte, \u00e9s most is mindenkin\u00e9l gyorsabban sz\u00e1guldott a roppant l\u00e1tv\u00e1nyos sprintbefut\u00f3 sor\u00e1n. Az idei Tour de Hongrie legnagyobb szt\u00e1rj\u00e1val, a Tour de France-szakaszgy\u0151ztes Mike Teunissennel v\u00edvott meg v\u00e1llvetve, \u00e9s annyira kicsi volt a k\u00fcl\u00f6nbs\u00e9g, hogy els\u0151re nem is lehetett eld\u00f6nteni, melyik\u00fck nyert. Teunissen \u00f6r\u00fclt, \u00fagy \u00e9rezte, megvan, \u00e1m c\u00e9lfot\u00f3ra volt sz\u00fcks\u00e9g, \u00e9s ez alapj\u00e1n kider\u00fclt, ha csak n\u00e9h\u00e1ny centim\u00e9terrel is, de Bauhaus kereke volt el\u0151r\u00e9bb\u2026<\/p>\n<p>A legjobb magyarnak j\u00e1r\u00f3 feh\u00e9r trik\u00f3 v\u00e1ltozatlanul Pelik\u00e1n J\u00e1noson fesz\u00fcl, szombaton pedig k\u00f6vetkezik a verseny kir\u00e1lyetapja, a leghosszabb, t\u00f6bb mint 200 km-es szakasz, amely r\u00e1ad\u00e1sul a K\u00e9kestet\u0151n \u00e9r v\u00e9get \u2013 alighanem ez lesz a mindent eld\u00f6nt\u0151 nap!<\/p>\n<p>Bor\u00edt\u00f3k\u00e9p: Vanik Zolt\u00e1n\/<a href=\"http:\/\/tdh.hu\/\">tdh.hu<\/a><\/p>\n","protected":false},"excerpt":{"rendered":"<p>A tatai c\u00e9l el\u0151tt k\u00e9t v\u00e1ratlan buk\u00e1s is borzolta a ked\u00e9lyeket, sajnos Fetter Erik is nagyot esett, r\u00e1ad\u00e1sul h\u00e1rom kilom\u00e9teren [&hellip;]<\/p>\n","protected":false},"author":146,"featured_media":11496,"comment_status":"open","ping_status":"open","sticky":false,"template":"","format":"standard","meta":{"footnotes":""},"categories":[463,462],"tags":[],"global-categories":[419],"class_list":["post-11494","post","type-post","status-publish","format-standard","has-post-thumbnail","hentry","category-napi-osszefoglalo","category-tour-de-hongrie","global-categories-cycling"],"yoast_head":"<!-- This site is optimized with the Yoast SEO Premium plugin v25.3 (Yoast SEO v25.9) - https:\/\/yoast.com\/wordpress\/plugins\/seo\/ -->\n<title>Buk\u00e1sok ut\u00e1n Bauhaus-dupla \u2013 nem v\u00e1rt izgalmak a Tour de Hongrie harmadik szakasz\u00e1n - \u0160koda We Love Cycling - Magyarorsz\u00e1g<\/title>\n<meta name=\"description\" content=\"A tatai c\u00e9l el\u0151tt k\u00e9t v\u00e1ratlan buk\u00e1s is borzolta a ked\u00e9lyeket, sajnos Fetter Erik is nagyot esett, r\u00e1ad\u00e1sul h\u00e1rom kilom\u00e9teren k\u00edv\u00fcl.\" \/>\n<meta name=\"robots\" content=\"index, follow, max-snippet:-1, max-image-preview:large, max-video-preview:-1\" \/>\n<link rel=\"canonical\" href=\"https:\/\/www.welovecycling.com\/hu\/tour-de-hongrie\/bukasok-utan-bauhaus-dupla-nem-vart-izgalmak-a-tour-de-hongrie-harmadik-szakaszan\/\" \/>\n<meta property=\"og:locale\" content=\"hu_HU\" \/>\n<meta property=\"og:type\" content=\"article\" \/>\n<meta property=\"og:title\" content=\"Buk\u00e1sok ut\u00e1n Bauhaus-dupla \u2013 nem v\u00e1rt izgalmak a Tour de Hongrie harmadik szakasz\u00e1n\" \/>\n<meta property=\"og:description\" content=\"A tatai c\u00e9l el\u0151tt k\u00e9t v\u00e1ratlan buk\u00e1s is borzolta a ked\u00e9lyeket, sajnos Fetter Erik is nagyot esett, r\u00e1ad\u00e1sul h\u00e1rom kilom\u00e9teren k\u00edv\u00fcl.\" \/>\n<meta property=\"og:url\" content=\"https:\/\/www.welovecycling.com\/hu\/tour-de-hongrie\/bukasok-utan-bauhaus-dupla-nem-vart-izgalmak-a-tour-de-hongrie-harmadik-szakaszan\/\" \/>\n<meta property=\"og:site_name\" content=\"\u0160koda We Love Cycling - Magyarorsz\u00e1g\" \/>\n<meta property=\"article:publisher\" content=\"https:\/\/www.facebook.com\/WeLoveCyclingHungary\/\" \/>\n<meta property=\"article:published_time\" content=\"2021-05-15T10:14:14+00:00\" \/>\n<meta property=\"og:image\" content=\"https:\/\/d2p6e6u75xmxt8.cloudfront.net\/12\/2021\/05\/apatsag.jpg\" \/>\n\t<meta property=\"og:image:width\" content=\"1600\" \/>\n\t<meta property=\"og:image:height\" content=\"1066\" \/>\n\t<meta property=\"og:image:type\" content=\"image\/jpeg\" \/>\n<meta name=\"author\" content=\"timi\" \/>\n<meta name=\"twitter:card\" content=\"summary_large_image\" \/>\n<meta name=\"twitter:label1\" content=\"Written by\" \/>\n\t<meta name=\"twitter:data1\" content=\"Koh\u00e1n Gergely\" \/>\n\t<meta name=\"twitter:label2\" content=\"Est. reading time\" \/>\n\t<meta name=\"twitter:data2\" content=\"4 minutes\" \/>\n<script type=\"application\/ld+json\" class=\"yoast-schema-graph\">{\"@context\":\"https:\/\/schema.org\",\"@graph\":[{\"@type\":\"WebPage\",\"@id\":\"https:\/\/www.welovecycling.com\/hu\/tour-de-hongrie\/bukasok-utan-bauhaus-dupla-nem-vart-izgalmak-a-tour-de-hongrie-harmadik-szakaszan\/\",\"url\":\"https:\/\/www.welovecycling.com\/hu\/tour-de-hongrie\/bukasok-utan-bauhaus-dupla-nem-vart-izgalmak-a-tour-de-hongrie-harmadik-szakaszan\/\",\"name\":\"Buk\u00e1sok ut\u00e1n Bauhaus-dupla \u2013 nem v\u00e1rt izgalmak a Tour de Hongrie harmadik szakasz\u00e1n - \u0160koda We Love Cycling - Magyarorsz\u00e1g\",\"isPartOf\":{\"@id\":\"https:\/\/www.welovecycling.com\/hu\/#website\"},\"primaryImageOfPage\":{\"@id\":\"https:\/\/www.welovecycling.com\/hu\/tour-de-hongrie\/bukasok-utan-bauhaus-dupla-nem-vart-izgalmak-a-tour-de-hongrie-harmadik-szakaszan\/#primaryimage\"},\"image\":{\"@id\":\"https:\/\/www.welovecycling.com\/hu\/tour-de-hongrie\/bukasok-utan-bauhaus-dupla-nem-vart-izgalmak-a-tour-de-hongrie-harmadik-szakaszan\/#primaryimage\"},\"thumbnailUrl\":\"https:\/\/d2p6e6u75xmxt8.cloudfront.net\/12\/2021\/05\/apatsag.jpg\",\"datePublished\":\"2021-05-15T10:14:14+00:00\",\"author\":{\"@id\":\"https:\/\/www.welovecycling.com\/hu\/#\/schema\/person\/c4acb313e50cae96eef9d92a18794f7c\"},\"description\":\"A tatai c\u00e9l el\u0151tt k\u00e9t v\u00e1ratlan buk\u00e1s is borzolta a ked\u00e9lyeket, sajnos Fetter Erik is nagyot esett, r\u00e1ad\u00e1sul h\u00e1rom kilom\u00e9teren k\u00edv\u00fcl.\",\"breadcrumb\":{\"@id\":\"https:\/\/www.welovecycling.com\/hu\/tour-de-hongrie\/bukasok-utan-bauhaus-dupla-nem-vart-izgalmak-a-tour-de-hongrie-harmadik-szakaszan\/#breadcrumb\"},\"inLanguage\":\"hu\",\"potentialAction\":[{\"@type\":\"ReadAction\",\"target\":[\"https:\/\/www.welovecycling.com\/hu\/tour-de-hongrie\/bukasok-utan-bauhaus-dupla-nem-vart-izgalmak-a-tour-de-hongrie-harmadik-szakaszan\/\"]}]},{\"@type\":\"ImageObject\",\"inLanguage\":\"hu\",\"@id\":\"https:\/\/www.welovecycling.com\/hu\/tour-de-hongrie\/bukasok-utan-bauhaus-dupla-nem-vart-izgalmak-a-tour-de-hongrie-harmadik-szakaszan\/#primaryimage\",\"url\":\"https:\/\/d2p6e6u75xmxt8.cloudfront.net\/12\/2021\/05\/apatsag.jpg\",\"contentUrl\":\"https:\/\/d2p6e6u75xmxt8.cloudfront.net\/12\/2021\/05\/apatsag.jpg\",\"width\":1600,\"height\":1066},{\"@type\":\"BreadcrumbList\",\"@id\":\"https:\/\/www.welovecycling.com\/hu\/tour-de-hongrie\/bukasok-utan-bauhaus-dupla-nem-vart-izgalmak-a-tour-de-hongrie-harmadik-szakaszan\/#breadcrumb\",\"itemListElement\":[{\"@type\":\"ListItem\",\"position\":1,\"name\":\"Home\",\"item\":\"https:\/\/www.welovecycling.com\/hu\/\"},{\"@type\":\"ListItem\",\"position\":2,\"name\":\"Buk\u00e1sok ut\u00e1n Bauhaus-dupla \u2013 nem v\u00e1rt izgalmak a Tour de Hongrie harmadik szakasz\u00e1n\"}]},{\"@type\":\"WebSite\",\"@id\":\"https:\/\/www.welovecycling.com\/hu\/#website\",\"url\":\"https:\/\/www.welovecycling.com\/hu\/\",\"name\":\"\u0160koda We Love Cycling - Magyarorsz\u00e1g\",\"description\":\"\u0160koda WeLoveCycling\",\"potentialAction\":[{\"@type\":\"SearchAction\",\"target\":{\"@type\":\"EntryPoint\",\"urlTemplate\":\"https:\/\/www.welovecycling.com\/hu\/?s={search_term_string}\"},\"query-input\":{\"@type\":\"PropertyValueSpecification\",\"valueRequired\":true,\"valueName\":\"search_term_string\"}}],\"inLanguage\":\"hu\"},{\"@type\":\"Person\",\"@id\":\"https:\/\/www.welovecycling.com\/hu\/#\/schema\/person\/c4acb313e50cae96eef9d92a18794f7c\",\"name\":\"timi\",\"image\":{\"@type\":\"ImageObject\",\"inLanguage\":\"hu\",\"@id\":\"https:\/\/www.welovecycling.com\/hu\/#\/schema\/person\/image\/\",\"url\":\"https:\/\/secure.gravatar.com\/avatar\/de12be56b502456eeb235d4b79bce6668897e002c9b7a7966ec5cbef4e061a8b?s=96&d=mm&r=g\",\"contentUrl\":\"https:\/\/secure.gravatar.com\/avatar\/de12be56b502456eeb235d4b79bce6668897e002c9b7a7966ec5cbef4e061a8b?s=96&d=mm&r=g\",\"caption\":\"timi\"},\"url\":\"https:\/\/www.welovecycling.com\/hu\/author\/timi\/\"}]}<\/script>\n<!-- \/ Yoast SEO Premium plugin. -->","yoast_head_json":{"title":"Buk\u00e1sok ut\u00e1n Bauhaus-dupla \u2013 nem v\u00e1rt izgalmak a Tour de Hongrie harmadik szakasz\u00e1n - \u0160koda We Love Cycling - Magyarorsz\u00e1g","description":"A tatai c\u00e9l el\u0151tt k\u00e9t v\u00e1ratlan buk\u00e1s is borzolta a ked\u00e9lyeket, sajnos Fetter Erik is nagyot esett, r\u00e1ad\u00e1sul h\u00e1rom kilom\u00e9teren k\u00edv\u00fcl.","robots":{"index":"index","follow":"follow","max-snippet":"max-snippet:-1","max-image-preview":"max-image-preview:large","max-video-preview":"max-video-preview:-1"},"canonical":"https:\/\/www.welovecycling.com\/hu\/tour-de-hongrie\/bukasok-utan-bauhaus-dupla-nem-vart-izgalmak-a-tour-de-hongrie-harmadik-szakaszan\/","og_locale":"hu_HU","og_type":"article","og_title":"Buk\u00e1sok ut\u00e1n Bauhaus-dupla \u2013 nem v\u00e1rt izgalmak a Tour de Hongrie harmadik szakasz\u00e1n","og_description":"A tatai c\u00e9l el\u0151tt k\u00e9t v\u00e1ratlan buk\u00e1s is borzolta a ked\u00e9lyeket, sajnos Fetter Erik is nagyot esett, r\u00e1ad\u00e1sul h\u00e1rom kilom\u00e9teren k\u00edv\u00fcl.","og_url":"https:\/\/www.welovecycling.com\/hu\/tour-de-hongrie\/bukasok-utan-bauhaus-dupla-nem-vart-izgalmak-a-tour-de-hongrie-harmadik-szakaszan\/","og_site_name":"\u0160koda We Love Cycling - Magyarorsz\u00e1g","article_publisher":"https:\/\/www.facebook.com\/WeLoveCyclingHungary\/","article_published_time":"2021-05-15T10:14:14+00:00","og_image":[{"width":1600,"height":1066,"url":"https:\/\/d2p6e6u75xmxt8.cloudfront.net\/12\/2021\/05\/apatsag.jpg","type":"image\/jpeg"}],"author":"timi","twitter_card":"summary_large_image","twitter_misc":{"Written by":"Koh\u00e1n Gergely","Est. reading time":"4 minutes"},"schema":{"@context":"https:\/\/schema.org","@graph":[{"@type":"WebPage","@id":"https:\/\/www.welovecycling.com\/hu\/tour-de-hongrie\/bukasok-utan-bauhaus-dupla-nem-vart-izgalmak-a-tour-de-hongrie-harmadik-szakaszan\/","url":"https:\/\/www.welovecycling.com\/hu\/tour-de-hongrie\/bukasok-utan-bauhaus-dupla-nem-vart-izgalmak-a-tour-de-hongrie-harmadik-szakaszan\/","name":"Buk\u00e1sok ut\u00e1n Bauhaus-dupla \u2013 nem v\u00e1rt izgalmak a Tour de Hongrie harmadik szakasz\u00e1n - \u0160koda We Love Cycling - Magyarorsz\u00e1g","isPartOf":{"@id":"https:\/\/www.welovecycling.com\/hu\/#website"},"primaryImageOfPage":{"@id":"https:\/\/www.welovecycling.com\/hu\/tour-de-hongrie\/bukasok-utan-bauhaus-dupla-nem-vart-izgalmak-a-tour-de-hongrie-harmadik-szakaszan\/#primaryimage"},"image":{"@id":"https:\/\/www.welovecycling.com\/hu\/tour-de-hongrie\/bukasok-utan-bauhaus-dupla-nem-vart-izgalmak-a-tour-de-hongrie-harmadik-szakaszan\/#primaryimage"},"thumbnailUrl":"https:\/\/d2p6e6u75xmxt8.cloudfront.net\/12\/2021\/05\/apatsag.jpg","datePublished":"2021-05-15T10:14:14+00:00","author":{"@id":"https:\/\/www.welovecycling.com\/hu\/#\/schema\/person\/c4acb313e50cae96eef9d92a18794f7c"},"description":"A tatai c\u00e9l el\u0151tt k\u00e9t v\u00e1ratlan buk\u00e1s is borzolta a ked\u00e9lyeket, sajnos Fetter Erik is nagyot esett, r\u00e1ad\u00e1sul h\u00e1rom kilom\u00e9teren k\u00edv\u00fcl.","breadcrumb":{"@id":"https:\/\/www.welovecycling.com\/hu\/tour-de-hongrie\/bukasok-utan-bauhaus-dupla-nem-vart-izgalmak-a-tour-de-hongrie-harmadik-szakaszan\/#breadcrumb"},"inLanguage":"hu","potentialAction":[{"@type":"ReadAction","target":["https:\/\/www.welovecycling.com\/hu\/tour-de-hongrie\/bukasok-utan-bauhaus-dupla-nem-vart-izgalmak-a-tour-de-hongrie-harmadik-szakaszan\/"]}]},{"@type":"ImageObject","inLanguage":"hu","@id":"https:\/\/www.welovecycling.com\/hu\/tour-de-hongrie\/bukasok-utan-bauhaus-dupla-nem-vart-izgalmak-a-tour-de-hongrie-harmadik-szakaszan\/#primaryimage","url":"https:\/\/d2p6e6u75xmxt8.cloudfront.net\/12\/2021\/05\/apatsag.jpg","contentUrl":"https:\/\/d2p6e6u75xmxt8.cloudfront.net\/12\/2021\/05\/apatsag.jpg","width":1600,"height":1066},{"@type":"BreadcrumbList","@id":"https:\/\/www.welovecycling.com\/hu\/tour-de-hongrie\/bukasok-utan-bauhaus-dupla-nem-vart-izgalmak-a-tour-de-hongrie-harmadik-szakaszan\/#breadcrumb","itemListElement":[{"@type":"ListItem","position":1,"name":"Home","item":"https:\/\/www.welovecycling.com\/hu\/"},{"@type":"ListItem","position":2,"name":"Buk\u00e1sok ut\u00e1n Bauhaus-dupla \u2013 nem v\u00e1rt izgalmak a Tour de Hongrie harmadik szakasz\u00e1n"}]},{"@type":"WebSite","@id":"https:\/\/www.welovecycling.com\/hu\/#website","url":"https:\/\/www.welovecycling.com\/hu\/","name":"\u0160koda We Love Cycling - Magyarorsz\u00e1g","description":"\u0160koda WeLoveCycling","potentialAction":[{"@type":"SearchAction","target":{"@type":"EntryPoint","urlTemplate":"https:\/\/www.welovecycling.com\/hu\/?s={search_term_string}"},"query-input":{"@type":"PropertyValueSpecification","valueRequired":true,"valueName":"search_term_string"}}],"inLanguage":"hu"},{"@type":"Person","@id":"https:\/\/www.welovecycling.com\/hu\/#\/schema\/person\/c4acb313e50cae96eef9d92a18794f7c","name":"timi","image":{"@type":"ImageObject","inLanguage":"hu","@id":"https:\/\/www.welovecycling.com\/hu\/#\/schema\/person\/image\/","url":"https:\/\/secure.gravatar.com\/avatar\/de12be56b502456eeb235d4b79bce6668897e002c9b7a7966ec5cbef4e061a8b?s=96&d=mm&r=g","contentUrl":"https:\/\/secure.gravatar.com\/avatar\/de12be56b502456eeb235d4b79bce6668897e002c9b7a7966ec5cbef4e061a8b?s=96&d=mm&r=g","caption":"timi"},"url":"https:\/\/www.welovecycling.com\/hu\/author\/timi\/"}]}},"_links":{"self":[{"href":"https:\/\/www.welovecycling.com\/hu\/wp-json\/wp\/v2\/posts\/11494","targetHints":{"allow":["GET"]}}],"collection":[{"href":"https:\/\/www.welovecycling.com\/hu\/wp-json\/wp\/v2\/posts"}],"about":[{"href":"https:\/\/www.welovecycling.com\/hu\/wp-json\/wp\/v2\/types\/post"}],"author":[{"embeddable":true,"href":"https:\/\/www.welovecycling.com\/hu\/wp-json\/wp\/v2\/users\/146"}],"replies":[{"embeddable":true,"href":"https:\/\/www.welovecycling.com\/hu\/wp-json\/wp\/v2\/comments?post=11494"}],"version-history":[{"count":1,"href":"https:\/\/www.welovecycling.com\/hu\/wp-json\/wp\/v2\/posts\/11494\/revisions"}],"predecessor-version":[{"id":11497,"href":"https:\/\/www.welovecycling.com\/hu\/wp-json\/wp\/v2\/posts\/11494\/revisions\/11497"}],"wp:featuredmedia":[{"embeddable":true,"href":"https:\/\/www.welovecycling.com\/hu\/wp-json\/wp\/v2\/media\/11496"}],"wp:attachment":[{"href":"https:\/\/www.welovecycling.com\/hu\/wp-json\/wp\/v2\/media?parent=11494"}],"wp:term":[{"taxonomy":"category","embeddable":true,"href":"https:\/\/www.welovecycling.com\/hu\/wp-json\/wp\/v2\/categories?post=11494"},{"taxonomy":"post_tag","embeddable":true,"href":"https:\/\/www.welovecycling.com\/hu\/wp-json\/wp\/v2\/tags?post=11494"},{"taxonomy":"global-categories","embeddable":true,"href":"https:\/\/www.welovecycling.com\/hu\/wp-json\/wp\/v2\/global-categories?post=11494"}],"curies":[{"name":"wp","href":"https:\/\/api.w.org\/{rel}","templated":true}]}}