{"id":11488,"date":"2021-05-14T13:03:00","date_gmt":"2021-05-14T11:03:00","guid":{"rendered":"https:\/\/www.welovecycling.com\/hu\/?p=11488"},"modified":"2021-05-14T13:03:00","modified_gmt":"2021-05-14T11:03:00","slug":"belga-siker-a-tour-de-hongrie-masodik-szakaszan","status":"publish","type":"post","link":"https:\/\/www.welovecycling.com\/hu\/tour-de-hongrie\/belga-siker-a-tour-de-hongrie-masodik-szakaszan\/","title":{"rendered":"Belga siker a Tour de Hongrie m\u00e1sodik szakasz\u00e1n"},"content":{"rendered":"<p><strong>Nagykanizs\u00e1n is Valter Attil\u00e1t \u00fcnnepelte a magyar k\u00f6z\u00f6ns\u00e9g, miel\u0151tt a Bora belga sprintere, Jordi Meuus mindenkit lehajr\u00e1zva megnyerte nemzeti k\u00f6rverseny\u00fcnk m\u00e1sodik etapj\u00e1t.<\/strong><!--more-->Nagykanizs\u00e1n is ellopta a showt Valter Attila, hiszen a Tour de Hongrie m\u00e1sodik szakasz\u00e1nak c\u00e9legyenes\u00e9ben \u00f3ri\u00e1skivet\u00edt\u0151n k\u00f6vethette a sz\u00e9p sz\u00e1m\u00fa k\u00f6z\u00f6ns\u00e9g a magyar versenyz\u0151 szenz\u00e1ci\u00f3s Giro-menetel\u00e9s\u00e9t \u00e9s r\u00f3zsasz\u00ednbe \u00f6lt\u00f6z\u00e9s\u00e9t.<\/p>\n<p>N\u00e9h\u00e1ny perccel ezt k\u00f6vet\u0151en viszont meg\u00e9rkezett a Magyar k\u00f6rverseny sz\u00e9lv\u00e9szgyors mez\u0151nye, az \u00fajabb sprintbefut\u00f3hoz, a t\u00f6bb mint hetven kilom\u00e9ter\/\u00f3r\u00e1val az aszfalton sz\u00e1guld\u00f3 t\u00f6bb mint sz\u00e1z versenyz\u0151 l\u00e1tv\u00e1nya \u00e9s puszta menetszele pedig mindenkit visszar\u00e1ntott a val\u00f3s\u00e1gba egy pillanat alatt.<\/p>\n<p>Mondj\u00e1k, hogy m\u00e1jusi es\u0151 aranyat \u00e9r, \u00e9s valakinek biztos azt fog majd a Tour de Hongrie v\u00e9g\u00e9n is, de az\u00e9rt a versenyz\u0151k most nem \u00f6r\u00fclnek felh\u0151tlen\u00fcl az \u00e9gi \u00e1ld\u00e1snak, \u00e9s a Magyar k\u00f6r\u00f6n eddig uralkod\u00f3 \u00e1ltal\u00e1nos id\u0151j\u00e1r\u00e1snak. A szerdai, si\u00f3foki rajt ut\u00e1n cs\u00fct\u00f6rt\u00f6k\u00f6n, Balatonf\u00fcreden is szakad\u00f3 es\u0151ben startolt el a 130 versenyz\u0151, akiket \u00fat k\u00f6zben a Balaton-felvid\u00e9k csod\u00e1latos t\u00e1jai, a badacsonyi sz\u0151l\u0151\u00fcltetv\u00e9nyek, a s\u00fcmegi \u00e9s a szigligeti v\u00e1r impoz\u00e1ns l\u00e1tv\u00e1nya vigasztalhatott \u2013 no meg az, hogy szerencs\u00e9re mire Nagykanizs\u00e1ra \u00e9rtek, m\u00e1r sokkal bar\u00e1ts\u00e1gosabb volt az id\u0151.<\/p>\n<p>David Sevilla bizony\u00e1ra extra motiv\u00e1ci\u00f3val felv\u00e9rtezve \u00e9rkezett meg erre az idei Tour de Hongrie-ra, mert a nyit\u00f3 etap ut\u00e1n a m\u00e1sodik szakaszon is folyv\u00e1st akci\u00f3zott, \u00e9s megint siker\u00fclt is elmen\u00e9sbe ker\u00fclnie. Most r\u00e1ad\u00e1sul hatan is csatlakoztak hozz\u00e1 \u2013 k\u00f6zt\u00fck nagy \u00f6r\u00f6m\u00fcnkre a men\u0151 olasz ist\u00e1ll\u00f3, az Androni Giocattoli magyarja, Pelik\u00e1n J\u00e1nos is \u2013, egy nagyobb sz\u00e1m\u00fa sz\u00f6kev\u00e9nycsoport m\u00e1rpedig mindig komolyabb er\u0151t k\u00e9pvisel, mint n\u00e9h\u00e1ny lelkes partiz\u00e1n. \u00cdgy cs\u00fct\u00f6rt\u00f6k\u00f6n majdnem h\u00e9t percesre tudt\u00e1k torn\u00e1zni el\u0151ny\u00fcket a sz\u00f6kev\u00e9nyek a 180 kilom\u00e9teres \u00fatvonalon, \u00e1m ez sem bizonyult elegend\u0151nek a haza\u00e9r\u00e9shez: kevesebb mint 2 km-rel a kanizsai c\u00e9lvonal el\u0151tt a v\u00e9g\u00e9n r\u00e1kapcsol\u00f3 mez\u0151ny befogta az utols\u00f3 sz\u00f6kev\u00e9nyt is, \u00edgy j\u00f6hetett az \u00fajabb t\u00f6megbefut\u00f3.<\/p>\n<p>Nem sok h\u00edja volt, hogy a n\u00e9met Phil Bauhaus k\u00e9t nap ut\u00e1n kett\u0151b\u0151l kett\u0151vel \u00e1lljon, de most az utols\u00f3 m\u00e9tereken a Bora belga sprintere, Jordi Meuus gyorsabbnak bizonyult n\u00e1la, \u00edgy elvitte a szakaszt \u00e9s az \u00f6sszetett versenyben is az \u00e9lre \u00e1llt. R\u00e9gi ismer\u0151s\u00fcnk, a 2018-as Tour de Hongrie hegyi pontverseny\u00e9nek gy\u0151ztese, a lengyel Patryk Stosz pedig a szakasz k\u00f6zben elvitt hegyi r\u00e9szhajr\u00e1knak k\u00f6sz\u00f6nhet\u0151en \u00fajra \u00e1tvette a hegyek kir\u00e1ly\u00e1nak j\u00e1r\u00f3 piros trik\u00f3t, Pelik\u00e1n J\u00e1nos pedig Karl \u00c1d\u00e1mt\u00f3l a legjobb magyart illet\u0151 feh\u00e9r trik\u00f3t.<\/p>\n<p>A fest\u0151i cs\u00fct\u00f6rt\u00f6ki Balaton-felvid\u00e9ki k\u00f6r ut\u00e1n p\u00e9nteken is gy\u00f6ny\u00f6r\u0171 t\u00e1jakon teker majd a mez\u0151ny, Veszpr\u00e9m \u00e9s Tata k\u00f6z\u00f6tt, aki tudja, \u00e9rdemes k\u00f6vetni a telev\u00edzi\u00f3n kereszt\u00fcl, de holnap is jelentkez\u00fcnk majd \u00fajabb \u00f6sszefoglal\u00f3nkkal!<\/p>\n<p>Bor\u00edt\u00f3k\u00e9p: Vanik Zolt\u00e1n\/<a title=\"http:\/\/tdh.hu\" href=\"http:\/\/tdh.hu\/\">tdh.hu<\/a><\/p>\n","protected":false},"excerpt":{"rendered":"<p>Nagykanizs\u00e1n is Valter Attil\u00e1t \u00fcnnepelte a magyar k\u00f6z\u00f6ns\u00e9g, miel\u0151tt a Bora belga sprintere, Jordi Meuus mindenkit lehajr\u00e1zva megnyerte nemzeti k\u00f6rverseny\u00fcnk [&hellip;]<\/p>\n","protected":false},"author":146,"featured_media":11489,"comment_status":"open","ping_status":"open","sticky":false,"template":"","format":"standard","meta":{"footnotes":""},"categories":[463,462],"tags":[],"global-categories":[419],"class_list":["post-11488","post","type-post","status-publish","format-standard","has-post-thumbnail","hentry","category-napi-osszefoglalo","category-tour-de-hongrie","global-categories-cycling"],"yoast_head":"<!-- This site is optimized with the Yoast SEO Premium plugin v25.3 (Yoast SEO v25.9) - https:\/\/yoast.com\/wordpress\/plugins\/seo\/ -->\n<title>Belga siker a Tour de Hongrie m\u00e1sodik szakasz\u00e1n - \u0160koda We Love Cycling - Magyarorsz\u00e1g<\/title>\n<meta name=\"robots\" content=\"index, follow, max-snippet:-1, max-image-preview:large, max-video-preview:-1\" \/>\n<link rel=\"canonical\" href=\"https:\/\/www.welovecycling.com\/hu\/tour-de-hongrie\/belga-siker-a-tour-de-hongrie-masodik-szakaszan\/\" \/>\n<meta property=\"og:locale\" content=\"hu_HU\" \/>\n<meta property=\"og:type\" content=\"article\" \/>\n<meta property=\"og:title\" content=\"Belga siker a Tour de Hongrie m\u00e1sodik szakasz\u00e1n\" \/>\n<meta property=\"og:description\" content=\"Nagykanizs\u00e1n is Valter Attil\u00e1t \u00fcnnepelte a magyar k\u00f6z\u00f6ns\u00e9g, miel\u0151tt a Bora belga sprintere, Jordi Meuus mindenkit lehajr\u00e1zva megnyerte nemzeti k\u00f6rverseny\u00fcnk [&hellip;]\" \/>\n<meta property=\"og:url\" content=\"https:\/\/www.welovecycling.com\/hu\/tour-de-hongrie\/belga-siker-a-tour-de-hongrie-masodik-szakaszan\/\" \/>\n<meta property=\"og:site_name\" content=\"\u0160koda We Love Cycling - Magyarorsz\u00e1g\" \/>\n<meta property=\"article:publisher\" content=\"https:\/\/www.facebook.com\/WeLoveCyclingHungary\/\" \/>\n<meta property=\"article:published_time\" content=\"2021-05-14T11:03:00+00:00\" \/>\n<meta property=\"og:image\" content=\"https:\/\/d2p6e6u75xmxt8.cloudfront.net\/12\/2021\/05\/210513-1416_TDH_2sz_VZ_0250.jpg\" \/>\n\t<meta property=\"og:image:width\" content=\"2048\" \/>\n\t<meta property=\"og:image:height\" content=\"1364\" \/>\n\t<meta property=\"og:image:type\" content=\"image\/jpeg\" \/>\n<meta name=\"author\" content=\"timi\" \/>\n<meta name=\"twitter:card\" content=\"summary_large_image\" \/>\n<meta name=\"twitter:label1\" content=\"Written by\" \/>\n\t<meta name=\"twitter:data1\" content=\"Koh\u00e1n Gergely\" \/>\n\t<meta name=\"twitter:label2\" content=\"Est. reading time\" \/>\n\t<meta name=\"twitter:data2\" content=\"3 minutes\" \/>\n<script type=\"application\/ld+json\" class=\"yoast-schema-graph\">{\"@context\":\"https:\/\/schema.org\",\"@graph\":[{\"@type\":\"WebPage\",\"@id\":\"https:\/\/www.welovecycling.com\/hu\/tour-de-hongrie\/belga-siker-a-tour-de-hongrie-masodik-szakaszan\/\",\"url\":\"https:\/\/www.welovecycling.com\/hu\/tour-de-hongrie\/belga-siker-a-tour-de-hongrie-masodik-szakaszan\/\",\"name\":\"Belga siker a Tour de Hongrie m\u00e1sodik szakasz\u00e1n - \u0160koda We Love Cycling - Magyarorsz\u00e1g\",\"isPartOf\":{\"@id\":\"https:\/\/www.welovecycling.com\/hu\/#website\"},\"primaryImageOfPage\":{\"@id\":\"https:\/\/www.welovecycling.com\/hu\/tour-de-hongrie\/belga-siker-a-tour-de-hongrie-masodik-szakaszan\/#primaryimage\"},\"image\":{\"@id\":\"https:\/\/www.welovecycling.com\/hu\/tour-de-hongrie\/belga-siker-a-tour-de-hongrie-masodik-szakaszan\/#primaryimage\"},\"thumbnailUrl\":\"https:\/\/d2p6e6u75xmxt8.cloudfront.net\/12\/2021\/05\/210513-1416_TDH_2sz_VZ_0250.jpg\",\"datePublished\":\"2021-05-14T11:03:00+00:00\",\"author\":{\"@id\":\"https:\/\/www.welovecycling.com\/hu\/#\/schema\/person\/c4acb313e50cae96eef9d92a18794f7c\"},\"breadcrumb\":{\"@id\":\"https:\/\/www.welovecycling.com\/hu\/tour-de-hongrie\/belga-siker-a-tour-de-hongrie-masodik-szakaszan\/#breadcrumb\"},\"inLanguage\":\"hu\",\"potentialAction\":[{\"@type\":\"ReadAction\",\"target\":[\"https:\/\/www.welovecycling.com\/hu\/tour-de-hongrie\/belga-siker-a-tour-de-hongrie-masodik-szakaszan\/\"]}]},{\"@type\":\"ImageObject\",\"inLanguage\":\"hu\",\"@id\":\"https:\/\/www.welovecycling.com\/hu\/tour-de-hongrie\/belga-siker-a-tour-de-hongrie-masodik-szakaszan\/#primaryimage\",\"url\":\"https:\/\/d2p6e6u75xmxt8.cloudfront.net\/12\/2021\/05\/210513-1416_TDH_2sz_VZ_0250.jpg\",\"contentUrl\":\"https:\/\/d2p6e6u75xmxt8.cloudfront.net\/12\/2021\/05\/210513-1416_TDH_2sz_VZ_0250.jpg\",\"width\":2048,\"height\":1364,\"caption\":\"2021. 05. 13. Tour de Hongrie 2. szakasz Balatonf\u00fcred - Nagykanizsa\"},{\"@type\":\"BreadcrumbList\",\"@id\":\"https:\/\/www.welovecycling.com\/hu\/tour-de-hongrie\/belga-siker-a-tour-de-hongrie-masodik-szakaszan\/#breadcrumb\",\"itemListElement\":[{\"@type\":\"ListItem\",\"position\":1,\"name\":\"Home\",\"item\":\"https:\/\/www.welovecycling.com\/hu\/\"},{\"@type\":\"ListItem\",\"position\":2,\"name\":\"Belga siker a Tour de Hongrie m\u00e1sodik szakasz\u00e1n\"}]},{\"@type\":\"WebSite\",\"@id\":\"https:\/\/www.welovecycling.com\/hu\/#website\",\"url\":\"https:\/\/www.welovecycling.com\/hu\/\",\"name\":\"\u0160koda We Love Cycling - Magyarorsz\u00e1g\",\"description\":\"\u0160koda WeLoveCycling\",\"potentialAction\":[{\"@type\":\"SearchAction\",\"target\":{\"@type\":\"EntryPoint\",\"urlTemplate\":\"https:\/\/www.welovecycling.com\/hu\/?s={search_term_string}\"},\"query-input\":{\"@type\":\"PropertyValueSpecification\",\"valueRequired\":true,\"valueName\":\"search_term_string\"}}],\"inLanguage\":\"hu\"},{\"@type\":\"Person\",\"@id\":\"https:\/\/www.welovecycling.com\/hu\/#\/schema\/person\/c4acb313e50cae96eef9d92a18794f7c\",\"name\":\"timi\",\"image\":{\"@type\":\"ImageObject\",\"inLanguage\":\"hu\",\"@id\":\"https:\/\/www.welovecycling.com\/hu\/#\/schema\/person\/image\/\",\"url\":\"https:\/\/secure.gravatar.com\/avatar\/de12be56b502456eeb235d4b79bce6668897e002c9b7a7966ec5cbef4e061a8b?s=96&d=mm&r=g\",\"contentUrl\":\"https:\/\/secure.gravatar.com\/avatar\/de12be56b502456eeb235d4b79bce6668897e002c9b7a7966ec5cbef4e061a8b?s=96&d=mm&r=g\",\"caption\":\"timi\"},\"url\":\"https:\/\/www.welovecycling.com\/hu\/author\/timi\/\"}]}<\/script>\n<!-- \/ Yoast SEO Premium plugin. -->","yoast_head_json":{"title":"Belga siker a Tour de Hongrie m\u00e1sodik szakasz\u00e1n - \u0160koda We Love Cycling - Magyarorsz\u00e1g","robots":{"index":"index","follow":"follow","max-snippet":"max-snippet:-1","max-image-preview":"max-image-preview:large","max-video-preview":"max-video-preview:-1"},"canonical":"https:\/\/www.welovecycling.com\/hu\/tour-de-hongrie\/belga-siker-a-tour-de-hongrie-masodik-szakaszan\/","og_locale":"hu_HU","og_type":"article","og_title":"Belga siker a Tour de Hongrie m\u00e1sodik szakasz\u00e1n","og_description":"Nagykanizs\u00e1n is Valter Attil\u00e1t \u00fcnnepelte a magyar k\u00f6z\u00f6ns\u00e9g, miel\u0151tt a Bora belga sprintere, Jordi Meuus mindenkit lehajr\u00e1zva megnyerte nemzeti k\u00f6rverseny\u00fcnk [&hellip;]","og_url":"https:\/\/www.welovecycling.com\/hu\/tour-de-hongrie\/belga-siker-a-tour-de-hongrie-masodik-szakaszan\/","og_site_name":"\u0160koda We Love Cycling - Magyarorsz\u00e1g","article_publisher":"https:\/\/www.facebook.com\/WeLoveCyclingHungary\/","article_published_time":"2021-05-14T11:03:00+00:00","og_image":[{"width":2048,"height":1364,"url":"https:\/\/d2p6e6u75xmxt8.cloudfront.net\/12\/2021\/05\/210513-1416_TDH_2sz_VZ_0250.jpg","type":"image\/jpeg"}],"author":"timi","twitter_card":"summary_large_image","twitter_misc":{"Written by":"Koh\u00e1n Gergely","Est. reading time":"3 minutes"},"schema":{"@context":"https:\/\/schema.org","@graph":[{"@type":"WebPage","@id":"https:\/\/www.welovecycling.com\/hu\/tour-de-hongrie\/belga-siker-a-tour-de-hongrie-masodik-szakaszan\/","url":"https:\/\/www.welovecycling.com\/hu\/tour-de-hongrie\/belga-siker-a-tour-de-hongrie-masodik-szakaszan\/","name":"Belga siker a Tour de Hongrie m\u00e1sodik szakasz\u00e1n - \u0160koda We Love Cycling - Magyarorsz\u00e1g","isPartOf":{"@id":"https:\/\/www.welovecycling.com\/hu\/#website"},"primaryImageOfPage":{"@id":"https:\/\/www.welovecycling.com\/hu\/tour-de-hongrie\/belga-siker-a-tour-de-hongrie-masodik-szakaszan\/#primaryimage"},"image":{"@id":"https:\/\/www.welovecycling.com\/hu\/tour-de-hongrie\/belga-siker-a-tour-de-hongrie-masodik-szakaszan\/#primaryimage"},"thumbnailUrl":"https:\/\/d2p6e6u75xmxt8.cloudfront.net\/12\/2021\/05\/210513-1416_TDH_2sz_VZ_0250.jpg","datePublished":"2021-05-14T11:03:00+00:00","author":{"@id":"https:\/\/www.welovecycling.com\/hu\/#\/schema\/person\/c4acb313e50cae96eef9d92a18794f7c"},"breadcrumb":{"@id":"https:\/\/www.welovecycling.com\/hu\/tour-de-hongrie\/belga-siker-a-tour-de-hongrie-masodik-szakaszan\/#breadcrumb"},"inLanguage":"hu","potentialAction":[{"@type":"ReadAction","target":["https:\/\/www.welovecycling.com\/hu\/tour-de-hongrie\/belga-siker-a-tour-de-hongrie-masodik-szakaszan\/"]}]},{"@type":"ImageObject","inLanguage":"hu","@id":"https:\/\/www.welovecycling.com\/hu\/tour-de-hongrie\/belga-siker-a-tour-de-hongrie-masodik-szakaszan\/#primaryimage","url":"https:\/\/d2p6e6u75xmxt8.cloudfront.net\/12\/2021\/05\/210513-1416_TDH_2sz_VZ_0250.jpg","contentUrl":"https:\/\/d2p6e6u75xmxt8.cloudfront.net\/12\/2021\/05\/210513-1416_TDH_2sz_VZ_0250.jpg","width":2048,"height":1364,"caption":"2021. 05. 13. Tour de Hongrie 2. szakasz Balatonf\u00fcred - Nagykanizsa"},{"@type":"BreadcrumbList","@id":"https:\/\/www.welovecycling.com\/hu\/tour-de-hongrie\/belga-siker-a-tour-de-hongrie-masodik-szakaszan\/#breadcrumb","itemListElement":[{"@type":"ListItem","position":1,"name":"Home","item":"https:\/\/www.welovecycling.com\/hu\/"},{"@type":"ListItem","position":2,"name":"Belga siker a Tour de Hongrie m\u00e1sodik szakasz\u00e1n"}]},{"@type":"WebSite","@id":"https:\/\/www.welovecycling.com\/hu\/#website","url":"https:\/\/www.welovecycling.com\/hu\/","name":"\u0160koda We Love Cycling - Magyarorsz\u00e1g","description":"\u0160koda WeLoveCycling","potentialAction":[{"@type":"SearchAction","target":{"@type":"EntryPoint","urlTemplate":"https:\/\/www.welovecycling.com\/hu\/?s={search_term_string}"},"query-input":{"@type":"PropertyValueSpecification","valueRequired":true,"valueName":"search_term_string"}}],"inLanguage":"hu"},{"@type":"Person","@id":"https:\/\/www.welovecycling.com\/hu\/#\/schema\/person\/c4acb313e50cae96eef9d92a18794f7c","name":"timi","image":{"@type":"ImageObject","inLanguage":"hu","@id":"https:\/\/www.welovecycling.com\/hu\/#\/schema\/person\/image\/","url":"https:\/\/secure.gravatar.com\/avatar\/de12be56b502456eeb235d4b79bce6668897e002c9b7a7966ec5cbef4e061a8b?s=96&d=mm&r=g","contentUrl":"https:\/\/secure.gravatar.com\/avatar\/de12be56b502456eeb235d4b79bce6668897e002c9b7a7966ec5cbef4e061a8b?s=96&d=mm&r=g","caption":"timi"},"url":"https:\/\/www.welovecycling.com\/hu\/author\/timi\/"}]}},"_links":{"self":[{"href":"https:\/\/www.welovecycling.com\/hu\/wp-json\/wp\/v2\/posts\/11488","targetHints":{"allow":["GET"]}}],"collection":[{"href":"https:\/\/www.welovecycling.com\/hu\/wp-json\/wp\/v2\/posts"}],"about":[{"href":"https:\/\/www.welovecycling.com\/hu\/wp-json\/wp\/v2\/types\/post"}],"author":[{"embeddable":true,"href":"https:\/\/www.welovecycling.com\/hu\/wp-json\/wp\/v2\/users\/146"}],"replies":[{"embeddable":true,"href":"https:\/\/www.welovecycling.com\/hu\/wp-json\/wp\/v2\/comments?post=11488"}],"version-history":[{"count":2,"href":"https:\/\/www.welovecycling.com\/hu\/wp-json\/wp\/v2\/posts\/11488\/revisions"}],"predecessor-version":[{"id":11492,"href":"https:\/\/www.welovecycling.com\/hu\/wp-json\/wp\/v2\/posts\/11488\/revisions\/11492"}],"wp:featuredmedia":[{"embeddable":true,"href":"https:\/\/www.welovecycling.com\/hu\/wp-json\/wp\/v2\/media\/11489"}],"wp:attachment":[{"href":"https:\/\/www.welovecycling.com\/hu\/wp-json\/wp\/v2\/media?parent=11488"}],"wp:term":[{"taxonomy":"category","embeddable":true,"href":"https:\/\/www.welovecycling.com\/hu\/wp-json\/wp\/v2\/categories?post=11488"},{"taxonomy":"post_tag","embeddable":true,"href":"https:\/\/www.welovecycling.com\/hu\/wp-json\/wp\/v2\/tags?post=11488"},{"taxonomy":"global-categories","embeddable":true,"href":"https:\/\/www.welovecycling.com\/hu\/wp-json\/wp\/v2\/global-categories?post=11488"}],"curies":[{"name":"wp","href":"https:\/\/api.w.org\/{rel}","templated":true}]}}