{"id":11484,"date":"2021-05-22T08:00:47","date_gmt":"2021-05-22T06:00:47","guid":{"rendered":"https:\/\/www.welovecycling.com\/hu\/?p=11484"},"modified":"2021-05-14T11:20:44","modified_gmt":"2021-05-14T09:20:44","slug":"hogyan-hat-a-sziv-egeszsegere-a-feldolgozott-hus","status":"publish","type":"post","link":"https:\/\/www.welovecycling.com\/hu\/edzes-es-eletmod\/hogyan-hat-a-sziv-egeszsegere-a-feldolgozott-hus\/","title":{"rendered":"Hogyan hat a sz\u00edv eg\u00e9szs\u00e9g\u00e9re a feldolgozott h\u00fas?"},"content":{"rendered":"<p><strong>Hossz\u00fa t\u00far\u00e1ra k\u00e9sz\u00fclsz, \u00e9s azon gondolkozol, milyen harapnival\u00f3kat vigy\u00e9l magaddal? \u00c1ltal\u00e1ban felmer\u00fcl ilyenkor a sz\u00e1r\u00edtott marhah\u00fas, az energiag\u00e9lek, a sonk\u00e1s-sajtos szendvics, a ban\u00e1n \u00e9s a mogyor\u00f3vaj, hiszen ezek rengeteg energi\u00e1t adnak. Melyik a j\u00f3 d\u00f6nt\u00e9s?<\/strong><!--more--><\/p>\n<p>A <em>The American Journal of Clinical Nutrition<\/em> <a href=\"https:\/\/academic.oup.com\/ajcn\/advance-article-abstract\/doi\/10.1093\/ajcn\/nqaa448\/6195530?redirectedFrom=fulltext\">\u00faj tanulm\u00e1nya szerint<\/a> a feldolgozott, sz\u00e1r\u00edtott h\u00fas biztosan nem.<\/p>\n<p>A kutat\u00f3k 21 orsz\u00e1gban, t\u00f6bb mint 134 000 ember \u00e1ltal \u00f6sszegy\u0171jt\u00f6tt adatokat vizsg\u00e1ltak, akik t\u00f6bb mint egy \u00e9vtizede k\u00f6vett\u00e9k nyomon h\u00fasfogyaszt\u00e1sukat \u00e9s sz\u00edv- \u00e9s \u00e9rrendszeri betegs\u00e9geiket. Meg\u00e1llap\u00edtott\u00e1k, hogy heti 150 gramm feldolgozott h\u00fas 46 sz\u00e1zal\u00e9kkal megn\u00f6veli a sz\u00edvbetegs\u00e9g, \u00e9s 51 sz\u00e1zal\u00e9kkal a korai hal\u00e1loz\u00e1s kock\u00e1zat\u00e1t. A k\u00eds\u00e9rletben nem vizsg\u00e1lt\u00e1k a feldolgozatlan v\u00f6r\u00f6s h\u00fasokat \u00e9s a baromfit sem.<\/p>\n<p>A kutat\u00e1s egyik korl\u00e1tja volt, hogy a kutat\u00f3k nem k\u00f6vett\u00e9k nyomon, hogy pontosan mit ettek az alanyok, akik kev\u00e9s feldolgozott h\u00fasterm\u00e9ket fogyasztottak. \u00cdgy lehet, hogy a jobb eg\u00e9szs\u00e9g\u00fcgyi eredm\u00e9nyeiket befoly\u00e1solt\u00e1k a z\u00f6lds\u00e9gek \u00e9s a teljes ki\u0151rl\u00e9s\u0171 gabon\u00e1k is.<\/p>\n<figure id=\"attachment_11486\" aria-describedby=\"caption-attachment-11486\" style=\"width: 1024px\" class=\"wp-caption aligncenter\"><img loading=\"lazy\" decoding=\"async\" class=\"size-large wp-image-11486\" src=\"https:\/\/d2p6e6u75xmxt8.cloudfront.net\/12\/2021\/05\/food-2794787_1280-1024x682.jpg\" alt=\"\" width=\"1024\" height=\"682\" srcset=\"https:\/\/d2p6e6u75xmxt8.cloudfront.net\/12\/2021\/05\/food-2794787_1280-1024x682.jpg 1024w, https:\/\/d2p6e6u75xmxt8.cloudfront.net\/12\/2021\/05\/food-2794787_1280-300x200.jpg 300w, https:\/\/d2p6e6u75xmxt8.cloudfront.net\/12\/2021\/05\/food-2794787_1280-768x512.jpg 768w, https:\/\/d2p6e6u75xmxt8.cloudfront.net\/12\/2021\/05\/food-2794787_1280-272x182.jpg 272w, https:\/\/d2p6e6u75xmxt8.cloudfront.net\/12\/2021\/05\/food-2794787_1280.jpg 1280w\" sizes=\"auto, (max-width: 1024px) 100vw, 1024px\" \/><figcaption id=\"caption-attachment-11486\" class=\"wp-caption-text\">Ez azt jelenti, hogy soha t\u00f6bbet nem haraphatsz bele egy sz\u00e1r\u00edtott snack kolb\u00e1szba? Ahogy annyi minden, itt is a m\u00e9rt\u00e9ktart\u00e1s a legfontosabb. Fot\u00f3: Pixabay<\/figcaption><\/figure>\n<p><em>\u201eSzabad feldolgozott h\u00fasokat is fogyasztani, de amikor lehets\u00e9ges, arra kell t\u00f6rekedn\u00fcnk, hogy teljes \u00e9rt\u00e9k\u0171 \u00e9teleket fogyasszunk, ide\u00e9rtve a feldolgozatlan h\u00fasokat is\u201d<\/em> \u2013 mondta Kara Hoerr, dietetikus a Bicycling magazinnak.<\/p>\n<p>Hossz\u00fa t\u00far\u00e1kra \u00e9s edz\u00e9sekre egy\u00e9bk\u00e9nt sem a legjobb v\u00e1laszt\u00e1s a sz\u00e1r\u00edtott h\u00fas. Az adal\u00e9kok, p\u00e9ld\u00e1ul a nagy mennyis\u00e9g\u0171 s\u00f3, nem tesz j\u00f3t a dehidrat\u00e1lt testnek. Hoerr szerint azonban vannak olyan feldolgozott \u00e9lelmiszerek is, amiknek sok az el\u0151ny\u00fck.<\/p>\n<p><em>\u201eAz energiag\u00e9lek, energiaszeletek \u00e9s sok m\u00e1s harapnival\u00f3 is k\u00e9nyelmes \u00e9s gyors m\u00f3dja az \u00fczemanyagrakt\u00e1runk felt\u00f6lt\u00e9s\u00e9nek, ez pedig kritikus fontoss\u00e1g\u00fa a megfelel\u0151 \u00e9trendhez\u201d<\/em> \u2013 mondta. <em>\u201eA gyorsan felsz\u00edv\u00f3d\u00f3 sz\u00e9nhidr\u00e1tokra az\u00e9rt van sz\u00fcks\u00e9g, mert szinte azonnal felt\u00f6ltik a glikog\u00e9nk\u00e9szletet \u00e9s energi\u00e1t adnak a dolgoz\u00f3 izmoknak.\u201d<\/em><\/p>\n<p>Ha edz\u00e9s k\u00f6zben sem szeretn\u00e9l el\u0151recsomagolt \u00e9teletek fogyasztani, Hoerr mazsol\u00e1t, datoly\u00e1t, f\u0151tt burgony\u00e1t \u00e9s gy\u00fcm\u00f6lcs\u00f6t javasol helyett\u00fck. Ezek mind seg\u00edtik a glikog\u00e9nszint helyre\u00e1ll\u00edt\u00e1s\u00e1t \u00e9s nem j\u00e1rnak a sz\u00e1r\u00edtott h\u00fas k\u00e1ros hat\u00e1saival!<\/p>\n<p><em>Forr\u00e1s: <\/em><a href=\"https:\/\/www.bicycling.com\/news\/a36062619\/link-between-processed-meat-and-heart-disease-study\/\"><em>bicycling.com<\/em><\/a><\/p>\n","protected":false},"excerpt":{"rendered":"<p>Hossz\u00fa t\u00far\u00e1ra k\u00e9sz\u00fclsz, \u00e9s azon gondolkozol, milyen harapnival\u00f3kat vigy\u00e9l magaddal? \u00c1ltal\u00e1ban felmer\u00fcl ilyenkor a sz\u00e1r\u00edtott marhah\u00fas, az energiag\u00e9lek, a sonk\u00e1s-sajtos [&hellip;]<\/p>\n","protected":false},"author":71,"featured_media":11485,"comment_status":"closed","ping_status":"closed","sticky":false,"template":"","format":"standard","meta":{"footnotes":""},"categories":[6],"tags":[],"global-categories":[],"class_list":["post-11484","post","type-post","status-publish","format-standard","has-post-thumbnail","hentry","category-edzes-es-eletmod"],"yoast_head":"<!-- This site is optimized with the Yoast SEO Premium plugin v25.3 (Yoast SEO v25.9) - https:\/\/yoast.com\/wordpress\/plugins\/seo\/ -->\n<title>Hogyan hat a sz\u00edv eg\u00e9szs\u00e9g\u00e9re a feldolgozott h\u00fas?<\/title>\n<meta name=\"description\" content=\"Hossz\u00fa t\u00far\u00e1ra k\u00e9sz\u00fclsz, \u00e9s azon gondolkozol, milyen harapnival\u00f3kat vigy\u00e9l magaddal?\" \/>\n<meta name=\"robots\" content=\"index, follow, max-snippet:-1, max-image-preview:large, max-video-preview:-1\" \/>\n<link rel=\"canonical\" href=\"https:\/\/www.welovecycling.com\/hu\/edzes-es-eletmod\/hogyan-hat-a-sziv-egeszsegere-a-feldolgozott-hus\/\" \/>\n<meta property=\"og:locale\" content=\"hu_HU\" \/>\n<meta property=\"og:type\" content=\"article\" \/>\n<meta property=\"og:title\" content=\"Hogyan hat a sz\u00edv eg\u00e9szs\u00e9g\u00e9re a feldolgozott h\u00fas?\" \/>\n<meta property=\"og:description\" content=\"Hossz\u00fa t\u00far\u00e1ra k\u00e9sz\u00fclsz, \u00e9s azon gondolkozol, milyen harapnival\u00f3kat vigy\u00e9l magaddal?\" \/>\n<meta property=\"og:url\" content=\"https:\/\/www.welovecycling.com\/hu\/edzes-es-eletmod\/hogyan-hat-a-sziv-egeszsegere-a-feldolgozott-hus\/\" \/>\n<meta property=\"og:site_name\" content=\"\u0160koda We Love Cycling - Magyarorsz\u00e1g\" \/>\n<meta property=\"article:publisher\" content=\"https:\/\/www.facebook.com\/WeLoveCyclingHungary\/\" \/>\n<meta property=\"article:published_time\" content=\"2021-05-22T06:00:47+00:00\" \/>\n<meta property=\"og:image\" content=\"https:\/\/d2p6e6u75xmxt8.cloudfront.net\/12\/2021\/05\/alex-guillaume-lAZqUCAOvOk-unsplash.jpg\" \/>\n\t<meta property=\"og:image:width\" content=\"1920\" \/>\n\t<meta property=\"og:image:height\" content=\"1280\" \/>\n\t<meta property=\"og:image:type\" content=\"image\/jpeg\" \/>\n<meta name=\"author\" content=\"hegyizs\" \/>\n<meta name=\"twitter:card\" content=\"summary_large_image\" \/>\n<meta name=\"twitter:label1\" content=\"Written by\" \/>\n\t<meta name=\"twitter:data1\" content=\"WLC\" \/>\n\t<meta name=\"twitter:label2\" content=\"Est. reading time\" \/>\n\t<meta name=\"twitter:data2\" content=\"2 minutes\" \/>\n<script type=\"application\/ld+json\" class=\"yoast-schema-graph\">{\"@context\":\"https:\/\/schema.org\",\"@graph\":[{\"@type\":\"WebPage\",\"@id\":\"https:\/\/www.welovecycling.com\/hu\/edzes-es-eletmod\/hogyan-hat-a-sziv-egeszsegere-a-feldolgozott-hus\/\",\"url\":\"https:\/\/www.welovecycling.com\/hu\/edzes-es-eletmod\/hogyan-hat-a-sziv-egeszsegere-a-feldolgozott-hus\/\",\"name\":\"Hogyan hat a sz\u00edv eg\u00e9szs\u00e9g\u00e9re a feldolgozott h\u00fas?\",\"isPartOf\":{\"@id\":\"https:\/\/www.welovecycling.com\/hu\/#website\"},\"primaryImageOfPage\":{\"@id\":\"https:\/\/www.welovecycling.com\/hu\/edzes-es-eletmod\/hogyan-hat-a-sziv-egeszsegere-a-feldolgozott-hus\/#primaryimage\"},\"image\":{\"@id\":\"https:\/\/www.welovecycling.com\/hu\/edzes-es-eletmod\/hogyan-hat-a-sziv-egeszsegere-a-feldolgozott-hus\/#primaryimage\"},\"thumbnailUrl\":\"https:\/\/d2p6e6u75xmxt8.cloudfront.net\/12\/2021\/05\/alex-guillaume-lAZqUCAOvOk-unsplash.jpg\",\"datePublished\":\"2021-05-22T06:00:47+00:00\",\"author\":{\"@id\":\"https:\/\/www.welovecycling.com\/hu\/#\/schema\/person\/414a2aebf1801691a5320edb6468e194\"},\"description\":\"Hossz\u00fa t\u00far\u00e1ra k\u00e9sz\u00fclsz, \u00e9s azon gondolkozol, milyen harapnival\u00f3kat vigy\u00e9l magaddal?\",\"breadcrumb\":{\"@id\":\"https:\/\/www.welovecycling.com\/hu\/edzes-es-eletmod\/hogyan-hat-a-sziv-egeszsegere-a-feldolgozott-hus\/#breadcrumb\"},\"inLanguage\":\"hu\",\"potentialAction\":[{\"@type\":\"ReadAction\",\"target\":[\"https:\/\/www.welovecycling.com\/hu\/edzes-es-eletmod\/hogyan-hat-a-sziv-egeszsegere-a-feldolgozott-hus\/\"]}]},{\"@type\":\"ImageObject\",\"inLanguage\":\"hu\",\"@id\":\"https:\/\/www.welovecycling.com\/hu\/edzes-es-eletmod\/hogyan-hat-a-sziv-egeszsegere-a-feldolgozott-hus\/#primaryimage\",\"url\":\"https:\/\/d2p6e6u75xmxt8.cloudfront.net\/12\/2021\/05\/alex-guillaume-lAZqUCAOvOk-unsplash.jpg\",\"contentUrl\":\"https:\/\/d2p6e6u75xmxt8.cloudfront.net\/12\/2021\/05\/alex-guillaume-lAZqUCAOvOk-unsplash.jpg\",\"width\":1920,\"height\":1280},{\"@type\":\"BreadcrumbList\",\"@id\":\"https:\/\/www.welovecycling.com\/hu\/edzes-es-eletmod\/hogyan-hat-a-sziv-egeszsegere-a-feldolgozott-hus\/#breadcrumb\",\"itemListElement\":[{\"@type\":\"ListItem\",\"position\":1,\"name\":\"Home\",\"item\":\"https:\/\/www.welovecycling.com\/hu\/\"},{\"@type\":\"ListItem\",\"position\":2,\"name\":\"Hogyan hat a sz\u00edv eg\u00e9szs\u00e9g\u00e9re a feldolgozott h\u00fas?\"}]},{\"@type\":\"WebSite\",\"@id\":\"https:\/\/www.welovecycling.com\/hu\/#website\",\"url\":\"https:\/\/www.welovecycling.com\/hu\/\",\"name\":\"\u0160koda We Love Cycling - Magyarorsz\u00e1g\",\"description\":\"\u0160koda WeLoveCycling\",\"potentialAction\":[{\"@type\":\"SearchAction\",\"target\":{\"@type\":\"EntryPoint\",\"urlTemplate\":\"https:\/\/www.welovecycling.com\/hu\/?s={search_term_string}\"},\"query-input\":{\"@type\":\"PropertyValueSpecification\",\"valueRequired\":true,\"valueName\":\"search_term_string\"}}],\"inLanguage\":\"hu\"},{\"@type\":\"Person\",\"@id\":\"https:\/\/www.welovecycling.com\/hu\/#\/schema\/person\/414a2aebf1801691a5320edb6468e194\",\"name\":\"hegyizs\",\"image\":{\"@type\":\"ImageObject\",\"inLanguage\":\"hu\",\"@id\":\"https:\/\/www.welovecycling.com\/hu\/#\/schema\/person\/image\/\",\"url\":\"https:\/\/secure.gravatar.com\/avatar\/02cf8a7906b8cf90cecb4679defac7cfd33a1c2e3b88e4903d947f3bb58eedd3?s=96&d=mm&r=g\",\"contentUrl\":\"https:\/\/secure.gravatar.com\/avatar\/02cf8a7906b8cf90cecb4679defac7cfd33a1c2e3b88e4903d947f3bb58eedd3?s=96&d=mm&r=g\",\"caption\":\"hegyizs\"},\"url\":\"https:\/\/www.welovecycling.com\/hu\/author\/hegyizs\/\"}]}<\/script>\n<!-- \/ Yoast SEO Premium plugin. -->","yoast_head_json":{"title":"Hogyan hat a sz\u00edv eg\u00e9szs\u00e9g\u00e9re a feldolgozott h\u00fas?","description":"Hossz\u00fa t\u00far\u00e1ra k\u00e9sz\u00fclsz, \u00e9s azon gondolkozol, milyen harapnival\u00f3kat vigy\u00e9l magaddal?","robots":{"index":"index","follow":"follow","max-snippet":"max-snippet:-1","max-image-preview":"max-image-preview:large","max-video-preview":"max-video-preview:-1"},"canonical":"https:\/\/www.welovecycling.com\/hu\/edzes-es-eletmod\/hogyan-hat-a-sziv-egeszsegere-a-feldolgozott-hus\/","og_locale":"hu_HU","og_type":"article","og_title":"Hogyan hat a sz\u00edv eg\u00e9szs\u00e9g\u00e9re a feldolgozott h\u00fas?","og_description":"Hossz\u00fa t\u00far\u00e1ra k\u00e9sz\u00fclsz, \u00e9s azon gondolkozol, milyen harapnival\u00f3kat vigy\u00e9l magaddal?","og_url":"https:\/\/www.welovecycling.com\/hu\/edzes-es-eletmod\/hogyan-hat-a-sziv-egeszsegere-a-feldolgozott-hus\/","og_site_name":"\u0160koda We Love Cycling - Magyarorsz\u00e1g","article_publisher":"https:\/\/www.facebook.com\/WeLoveCyclingHungary\/","article_published_time":"2021-05-22T06:00:47+00:00","og_image":[{"width":1920,"height":1280,"url":"https:\/\/d2p6e6u75xmxt8.cloudfront.net\/12\/2021\/05\/alex-guillaume-lAZqUCAOvOk-unsplash.jpg","type":"image\/jpeg"}],"author":"hegyizs","twitter_card":"summary_large_image","twitter_misc":{"Written by":"WLC","Est. reading time":"2 minutes"},"schema":{"@context":"https:\/\/schema.org","@graph":[{"@type":"WebPage","@id":"https:\/\/www.welovecycling.com\/hu\/edzes-es-eletmod\/hogyan-hat-a-sziv-egeszsegere-a-feldolgozott-hus\/","url":"https:\/\/www.welovecycling.com\/hu\/edzes-es-eletmod\/hogyan-hat-a-sziv-egeszsegere-a-feldolgozott-hus\/","name":"Hogyan hat a sz\u00edv eg\u00e9szs\u00e9g\u00e9re a feldolgozott h\u00fas?","isPartOf":{"@id":"https:\/\/www.welovecycling.com\/hu\/#website"},"primaryImageOfPage":{"@id":"https:\/\/www.welovecycling.com\/hu\/edzes-es-eletmod\/hogyan-hat-a-sziv-egeszsegere-a-feldolgozott-hus\/#primaryimage"},"image":{"@id":"https:\/\/www.welovecycling.com\/hu\/edzes-es-eletmod\/hogyan-hat-a-sziv-egeszsegere-a-feldolgozott-hus\/#primaryimage"},"thumbnailUrl":"https:\/\/d2p6e6u75xmxt8.cloudfront.net\/12\/2021\/05\/alex-guillaume-lAZqUCAOvOk-unsplash.jpg","datePublished":"2021-05-22T06:00:47+00:00","author":{"@id":"https:\/\/www.welovecycling.com\/hu\/#\/schema\/person\/414a2aebf1801691a5320edb6468e194"},"description":"Hossz\u00fa t\u00far\u00e1ra k\u00e9sz\u00fclsz, \u00e9s azon gondolkozol, milyen harapnival\u00f3kat vigy\u00e9l magaddal?","breadcrumb":{"@id":"https:\/\/www.welovecycling.com\/hu\/edzes-es-eletmod\/hogyan-hat-a-sziv-egeszsegere-a-feldolgozott-hus\/#breadcrumb"},"inLanguage":"hu","potentialAction":[{"@type":"ReadAction","target":["https:\/\/www.welovecycling.com\/hu\/edzes-es-eletmod\/hogyan-hat-a-sziv-egeszsegere-a-feldolgozott-hus\/"]}]},{"@type":"ImageObject","inLanguage":"hu","@id":"https:\/\/www.welovecycling.com\/hu\/edzes-es-eletmod\/hogyan-hat-a-sziv-egeszsegere-a-feldolgozott-hus\/#primaryimage","url":"https:\/\/d2p6e6u75xmxt8.cloudfront.net\/12\/2021\/05\/alex-guillaume-lAZqUCAOvOk-unsplash.jpg","contentUrl":"https:\/\/d2p6e6u75xmxt8.cloudfront.net\/12\/2021\/05\/alex-guillaume-lAZqUCAOvOk-unsplash.jpg","width":1920,"height":1280},{"@type":"BreadcrumbList","@id":"https:\/\/www.welovecycling.com\/hu\/edzes-es-eletmod\/hogyan-hat-a-sziv-egeszsegere-a-feldolgozott-hus\/#breadcrumb","itemListElement":[{"@type":"ListItem","position":1,"name":"Home","item":"https:\/\/www.welovecycling.com\/hu\/"},{"@type":"ListItem","position":2,"name":"Hogyan hat a sz\u00edv eg\u00e9szs\u00e9g\u00e9re a feldolgozott h\u00fas?"}]},{"@type":"WebSite","@id":"https:\/\/www.welovecycling.com\/hu\/#website","url":"https:\/\/www.welovecycling.com\/hu\/","name":"\u0160koda We Love Cycling - Magyarorsz\u00e1g","description":"\u0160koda WeLoveCycling","potentialAction":[{"@type":"SearchAction","target":{"@type":"EntryPoint","urlTemplate":"https:\/\/www.welovecycling.com\/hu\/?s={search_term_string}"},"query-input":{"@type":"PropertyValueSpecification","valueRequired":true,"valueName":"search_term_string"}}],"inLanguage":"hu"},{"@type":"Person","@id":"https:\/\/www.welovecycling.com\/hu\/#\/schema\/person\/414a2aebf1801691a5320edb6468e194","name":"hegyizs","image":{"@type":"ImageObject","inLanguage":"hu","@id":"https:\/\/www.welovecycling.com\/hu\/#\/schema\/person\/image\/","url":"https:\/\/secure.gravatar.com\/avatar\/02cf8a7906b8cf90cecb4679defac7cfd33a1c2e3b88e4903d947f3bb58eedd3?s=96&d=mm&r=g","contentUrl":"https:\/\/secure.gravatar.com\/avatar\/02cf8a7906b8cf90cecb4679defac7cfd33a1c2e3b88e4903d947f3bb58eedd3?s=96&d=mm&r=g","caption":"hegyizs"},"url":"https:\/\/www.welovecycling.com\/hu\/author\/hegyizs\/"}]}},"_links":{"self":[{"href":"https:\/\/www.welovecycling.com\/hu\/wp-json\/wp\/v2\/posts\/11484","targetHints":{"allow":["GET"]}}],"collection":[{"href":"https:\/\/www.welovecycling.com\/hu\/wp-json\/wp\/v2\/posts"}],"about":[{"href":"https:\/\/www.welovecycling.com\/hu\/wp-json\/wp\/v2\/types\/post"}],"author":[{"embeddable":true,"href":"https:\/\/www.welovecycling.com\/hu\/wp-json\/wp\/v2\/users\/71"}],"replies":[{"embeddable":true,"href":"https:\/\/www.welovecycling.com\/hu\/wp-json\/wp\/v2\/comments?post=11484"}],"version-history":[{"count":1,"href":"https:\/\/www.welovecycling.com\/hu\/wp-json\/wp\/v2\/posts\/11484\/revisions"}],"predecessor-version":[{"id":11487,"href":"https:\/\/www.welovecycling.com\/hu\/wp-json\/wp\/v2\/posts\/11484\/revisions\/11487"}],"wp:featuredmedia":[{"embeddable":true,"href":"https:\/\/www.welovecycling.com\/hu\/wp-json\/wp\/v2\/media\/11485"}],"wp:attachment":[{"href":"https:\/\/www.welovecycling.com\/hu\/wp-json\/wp\/v2\/media?parent=11484"}],"wp:term":[{"taxonomy":"category","embeddable":true,"href":"https:\/\/www.welovecycling.com\/hu\/wp-json\/wp\/v2\/categories?post=11484"},{"taxonomy":"post_tag","embeddable":true,"href":"https:\/\/www.welovecycling.com\/hu\/wp-json\/wp\/v2\/tags?post=11484"},{"taxonomy":"global-categories","embeddable":true,"href":"https:\/\/www.welovecycling.com\/hu\/wp-json\/wp\/v2\/global-categories?post=11484"}],"curies":[{"name":"wp","href":"https:\/\/api.w.org\/{rel}","templated":true}]}}