{"id":11472,"date":"2021-05-13T11:00:36","date_gmt":"2021-05-13T10:00:36","guid":{"rendered":"https:\/\/www.welovecycling.com\/hu\/?p=11472"},"modified":"2021-05-13T11:03:06","modified_gmt":"2021-05-13T10:03:06","slug":"eso-utan-vonat-nemet-siker-a-tour-de-hongrie-nyitoszakaszan","status":"publish","type":"post","link":"https:\/\/www.welovecycling.com\/hu\/tour-de-hongrie\/eso-utan-vonat-nemet-siker-a-tour-de-hongrie-nyitoszakaszan\/","title":{"rendered":"Es\u0151 ut\u00e1n vonat \u2013 n\u00e9met siker a Tour de Hongrie nyit\u00f3szakasz\u00e1n"},"content":{"rendered":"<p><strong>A bar\u00e1ts\u00e1gtalan si\u00f3foki id\u0151 ut\u00e1n a kaposv\u00e1ri c\u00e9lig egyre tisztult az id\u0151 az idei Magyar k\u00f6rverseny els\u0151 etapj\u00e1n: 130 kilom\u00e9ternyi elmen\u00e9s ut\u00e1n a v\u00e9g\u00e9re a mez\u0151ny befogta a sz\u00f6kev\u00e9nytri\u00f3t, a leggyorsabbnak a gazdag bahreini elitist\u00e1ll\u00f3, a Bahrain-Victorious n\u00e9met sprintere, Phil Bauhaus bizonyult. Legjobb magyark\u00e9nt a v\u00e1logatott Karl \u00c1d\u00e1m v\u00e9gzett a 17. helyen.<\/strong><!--more--><\/p>\n<p>A legkev\u00e9sb\u00e9 volt ny\u00e1rias az id\u0151 a \u201eny\u00e1r f\u0151v\u00e1ros\u00e1ban\u201d, a si\u00f3foki rajtn\u00e1l a Tour de Hongrie els\u0151 szakasz\u00e1n, de h\u00e1t ez ugyan\u00fagy a ker\u00e9kp\u00e1rsport r\u00e9sze: itt ha esik, ha f\u00faj, ha szakad, tekerni kell, nincs mese\u2026<\/p>\n<p>\u00cdgy \u00e9rezhette m\u00falt heti vend\u00e9g\u00fcnk, Fetter Erik spanyol csapatt\u00e1rsa, Diego Sevilla is, aki egy\u00e1ltal\u00e1n nem f\u00e9rt a b\u0151r\u00e9be, r\u00f6gt\u00f6n az \u00e9les rajt ut\u00e1n szokatlan aktivit\u00e1st mutatott, \u00e9s addig-addig pr\u00f3b\u00e1lkozott elszakadni a mez\u0151nyt\u0151l, am\u00edg harmadmag\u00e1val siker\u00fclt is sz\u00f6k\u00e9sbe ker\u00fclnie.<\/p>\n<p>A h\u00e1rom \u201epartiz\u00e1n\u201d, azaz Sevilla, a lengyel Patryk Stosz \u00e9s a belga Van Den Bossche innent\u0151l a v\u00e9g\u00e9ig vezette a versenyt, igaz, nem sokkal: a m\u00f6g\u00f6tt\u00fck egyben l\u00e9v\u0151, majd\u2019 130 f\u0151s mez\u0151ny v\u00e9gig szemmel tartotta \u0151ket, tudhat\u00f3 volt, hogy m\u00e1sf\u00e9l perc k\u00f6r\u00fcl \u00e1lland\u00f3sul\u00f3 el\u0151ny\u00fck ezen a szinten biztos, hogy nem lesz elegend\u0151 ahhoz, hogy a c\u00e9ln\u00e1l a gy\u0151zelem\u00e9rt csat\u00e1zzanak.<\/p>\n<p>A sz\u00f6kev\u00e9nytri\u00f3t a mernyei vas\u00fati \u00e1tj\u00e1r\u00f3n\u00e1l egy vonat is megtr\u00e9f\u00e1lta, de csak n\u00e9h\u00e1ny m\u00e1sodpercre kellett meg\u00e1llniuk, ami annyira minim\u00e1lisnak bizonyult, hogy a Szilasi L\u00e1szl\u00f3 vezette versenyigazgat\u00f3s\u00e1g meg sem \u00e1ll\u00edtotta ut\u00e1nuk a mez\u0151nyt. Ez az\u00e9rt l\u00e9nyeges, mert ilyen esetekben az szokott lenni az \u00e1ltal\u00e1nos protokoll, hogy miut\u00e1n a vonat kereszt\u00fclhaladt, a sz\u00f6kev\u00e9nyeket elengedik, a mez\u0151nynek viszont meg\u00e1lljt parancsolnak, \u00e9s csak a vonat el\u0151tt fenn\u00e1ll\u00f3 id\u0151k\u00fcl\u00f6nbs\u00e9g letelte ut\u00e1n engedik \u0151ket az elmen\u00e9s ut\u00e1n \u2013 \u00edgy \u201eigazs\u00e1gos\u201d, hiszen \u00edgy vissza\u00e1ll az eredeti differencia.<\/p>\n<p>De szerd\u00e1n nem ezen m\u00falt a gy\u0151zelem sorsa, hiszen amint az v\u00e1rhat\u00f3 volt, a hajr\u00e1ban a mez\u0151ny r\u00e1kapcsolt \u2013 a temp\u00f3 dikt\u00e1l\u00e1s\u00e1b\u00f3l \u00f6r\u00f6mteli m\u00f3don a k\u00e9t elitcsapat, a Bora \u00e9s a Jumbo mellett a magyar v\u00e1logatott is kivette a r\u00e9sz\u00e9t \u2013, \u00edgy hossz\u00fa, 130 km-nyi sz\u00f6k\u00e9s ut\u00e1n az utols\u00f3 mohik\u00e1nt, Van Den Bossch\u00e9t is begy\u0171jt\u00f6tt\u00e9k h\u00e9t kilom\u00e9terrel a c\u00e9l el\u0151tt.<\/p>\n<p>Kaposv\u00e1ron szerencs\u00e9re m\u00e1r sokkal szebb id\u0151 volt, a c\u00e9legyenesbe sz\u00e9p sz\u00e1m\u00fa k\u00f6z\u00f6ns\u00e9g el\u0151tt egy\u00fctt \u00e9rkezett meg a mez\u0151ny. V\u00e9g\u00fcl \u00f6t \u00e9s f\u00e9l perc h\u00edj\u00e1n n\u00e9gy\u00f3r\u00e1s teker\u00e9st k\u00f6vet\u0151en a tavaly m\u00e9g Bahrain-McLaren n\u00e9ven versenyz\u0151, a bahreini kir\u00e1lys\u00e1g \u00e1ltal t\u00e1mogatott Bahrain-Victorious n\u00e9met sprintere, Phil Bauhaus volt a leggyorsabb, aki a tavalyi h\u00e1romszoros Tour de Hongrie-szakaszgy\u0151ztest, a lengyel sz\u00fclet\u00e9s\u0171, de gyerekkora \u00f3ta Olaszorsz\u00e1gban \u00e9l\u0151 \u00e9s olasz sz\u00ednekben versenyz\u0151 Jakub Mareczk\u00f3t el\u0151zte meg.<\/p>\n<p>Legjobb magyark\u00e9nt \u2013 teljesen meg\u00e9rdemelten \u2013 a v\u00e1logatott versenyz\u0151je, Karl \u00c1d\u00e1m sz\u00e1guldott be a 17. helyen, \u00edgy a cs\u00fct\u00f6rt\u00f6ki m\u00e1sodik szakasz balatonf\u00fcredi rajtj\u00e1n\u00e1l rajta fesz\u00fcl majd a legjobb magyar versenyz\u0151t illet\u0151 feh\u00e9r trik\u00f3!<\/p>\n<p>Bor\u00edt\u00f3k\u00e9p: Pertorini M\u00e1ri\u00f3 \/\u00a0<a class=\"c-link\" href=\"http:\/\/tdh.hu\/\" target=\"_blank\" rel=\"noopener noreferrer\" data-stringify-link=\"http:\/\/tdh.hu\" data-sk=\"tooltip_parent\">tdh.hu<\/a><\/p>\n","protected":false},"excerpt":{"rendered":"<p>A bar\u00e1ts\u00e1gtalan si\u00f3foki id\u0151 ut\u00e1n a kaposv\u00e1ri c\u00e9lig egyre tisztult az id\u0151 az idei Magyar k\u00f6rverseny els\u0151 etapj\u00e1n: 130 kilom\u00e9ternyi [&hellip;]<\/p>\n","protected":false},"author":146,"featured_media":11473,"comment_status":"closed","ping_status":"closed","sticky":false,"template":"","format":"standard","meta":{"footnotes":""},"categories":[463,462],"tags":[],"global-categories":[],"class_list":["post-11472","post","type-post","status-publish","format-standard","has-post-thumbnail","hentry","category-napi-osszefoglalo","category-tour-de-hongrie"],"yoast_head":"<!-- This site is optimized with the Yoast SEO Premium plugin v25.3 (Yoast SEO v25.9) - https:\/\/yoast.com\/wordpress\/plugins\/seo\/ -->\n<title>Es\u0151 ut\u00e1n vonat \u2013 n\u00e9met siker a Tour de Hongrie nyit\u00f3szakasz\u00e1n - \u0160koda We Love Cycling - Magyarorsz\u00e1g<\/title>\n<meta name=\"description\" content=\"A bar\u00e1ts\u00e1gtalan si\u00f3foki id\u0151 ut\u00e1n a kaposv\u00e1ri c\u00e9lig egyre tisztult az id\u0151 az idei Magyar k\u00f6rverseny els\u0151 etapj\u00e1n.\" \/>\n<meta name=\"robots\" content=\"index, follow, max-snippet:-1, max-image-preview:large, max-video-preview:-1\" \/>\n<link rel=\"canonical\" href=\"https:\/\/www.welovecycling.com\/hu\/tour-de-hongrie\/eso-utan-vonat-nemet-siker-a-tour-de-hongrie-nyitoszakaszan\/\" \/>\n<meta property=\"og:locale\" content=\"hu_HU\" \/>\n<meta property=\"og:type\" content=\"article\" \/>\n<meta property=\"og:title\" content=\"Es\u0151 ut\u00e1n vonat \u2013 n\u00e9met siker a Tour de Hongrie nyit\u00f3szakasz\u00e1n\" \/>\n<meta property=\"og:description\" content=\"A bar\u00e1ts\u00e1gtalan si\u00f3foki id\u0151 ut\u00e1n a kaposv\u00e1ri c\u00e9lig egyre tisztult az id\u0151 az idei Magyar k\u00f6rverseny els\u0151 etapj\u00e1n.\" \/>\n<meta property=\"og:url\" content=\"https:\/\/www.welovecycling.com\/hu\/tour-de-hongrie\/eso-utan-vonat-nemet-siker-a-tour-de-hongrie-nyitoszakaszan\/\" \/>\n<meta property=\"og:site_name\" content=\"\u0160koda We Love Cycling - Magyarorsz\u00e1g\" \/>\n<meta property=\"article:publisher\" content=\"https:\/\/www.facebook.com\/WeLoveCyclingHungary\/\" \/>\n<meta property=\"article:published_time\" content=\"2021-05-13T10:00:36+00:00\" \/>\n<meta property=\"article:modified_time\" content=\"2021-05-13T10:03:06+00:00\" \/>\n<meta property=\"og:image\" content=\"https:\/\/d2p6e6u75xmxt8.cloudfront.net\/12\/2021\/05\/210512-1743_TDH_1sz_PM_0526.jpg\" \/>\n\t<meta property=\"og:image:width\" content=\"2048\" \/>\n\t<meta property=\"og:image:height\" content=\"1365\" \/>\n\t<meta property=\"og:image:type\" content=\"image\/jpeg\" \/>\n<meta name=\"author\" content=\"timi\" \/>\n<meta name=\"twitter:card\" content=\"summary_large_image\" \/>\n<meta name=\"twitter:label1\" content=\"Written by\" \/>\n\t<meta name=\"twitter:data1\" content=\"Koh\u00e1n Gergely\" \/>\n\t<meta name=\"twitter:label2\" content=\"Est. reading time\" \/>\n\t<meta name=\"twitter:data2\" content=\"3 minutes\" \/>\n<script type=\"application\/ld+json\" class=\"yoast-schema-graph\">{\"@context\":\"https:\/\/schema.org\",\"@graph\":[{\"@type\":\"WebPage\",\"@id\":\"https:\/\/www.welovecycling.com\/hu\/tour-de-hongrie\/eso-utan-vonat-nemet-siker-a-tour-de-hongrie-nyitoszakaszan\/\",\"url\":\"https:\/\/www.welovecycling.com\/hu\/tour-de-hongrie\/eso-utan-vonat-nemet-siker-a-tour-de-hongrie-nyitoszakaszan\/\",\"name\":\"Es\u0151 ut\u00e1n vonat \u2013 n\u00e9met siker a Tour de Hongrie nyit\u00f3szakasz\u00e1n - \u0160koda We Love Cycling - Magyarorsz\u00e1g\",\"isPartOf\":{\"@id\":\"https:\/\/www.welovecycling.com\/hu\/#website\"},\"primaryImageOfPage\":{\"@id\":\"https:\/\/www.welovecycling.com\/hu\/tour-de-hongrie\/eso-utan-vonat-nemet-siker-a-tour-de-hongrie-nyitoszakaszan\/#primaryimage\"},\"image\":{\"@id\":\"https:\/\/www.welovecycling.com\/hu\/tour-de-hongrie\/eso-utan-vonat-nemet-siker-a-tour-de-hongrie-nyitoszakaszan\/#primaryimage\"},\"thumbnailUrl\":\"https:\/\/d2p6e6u75xmxt8.cloudfront.net\/12\/2021\/05\/210512-1743_TDH_1sz_PM_0526.jpg\",\"datePublished\":\"2021-05-13T10:00:36+00:00\",\"dateModified\":\"2021-05-13T10:03:06+00:00\",\"author\":{\"@id\":\"https:\/\/www.welovecycling.com\/hu\/#\/schema\/person\/c4acb313e50cae96eef9d92a18794f7c\"},\"description\":\"A bar\u00e1ts\u00e1gtalan si\u00f3foki id\u0151 ut\u00e1n a kaposv\u00e1ri c\u00e9lig egyre tisztult az id\u0151 az idei Magyar k\u00f6rverseny els\u0151 etapj\u00e1n.\",\"breadcrumb\":{\"@id\":\"https:\/\/www.welovecycling.com\/hu\/tour-de-hongrie\/eso-utan-vonat-nemet-siker-a-tour-de-hongrie-nyitoszakaszan\/#breadcrumb\"},\"inLanguage\":\"hu\",\"potentialAction\":[{\"@type\":\"ReadAction\",\"target\":[\"https:\/\/www.welovecycling.com\/hu\/tour-de-hongrie\/eso-utan-vonat-nemet-siker-a-tour-de-hongrie-nyitoszakaszan\/\"]}]},{\"@type\":\"ImageObject\",\"inLanguage\":\"hu\",\"@id\":\"https:\/\/www.welovecycling.com\/hu\/tour-de-hongrie\/eso-utan-vonat-nemet-siker-a-tour-de-hongrie-nyitoszakaszan\/#primaryimage\",\"url\":\"https:\/\/d2p6e6u75xmxt8.cloudfront.net\/12\/2021\/05\/210512-1743_TDH_1sz_PM_0526.jpg\",\"contentUrl\":\"https:\/\/d2p6e6u75xmxt8.cloudfront.net\/12\/2021\/05\/210512-1743_TDH_1sz_PM_0526.jpg\",\"width\":2048,\"height\":1365,\"caption\":\"2021.05.12. TDH 1. szakasz Si\u00f3fok-Kaposv\u00e1r\"},{\"@type\":\"BreadcrumbList\",\"@id\":\"https:\/\/www.welovecycling.com\/hu\/tour-de-hongrie\/eso-utan-vonat-nemet-siker-a-tour-de-hongrie-nyitoszakaszan\/#breadcrumb\",\"itemListElement\":[{\"@type\":\"ListItem\",\"position\":1,\"name\":\"Home\",\"item\":\"https:\/\/www.welovecycling.com\/hu\/\"},{\"@type\":\"ListItem\",\"position\":2,\"name\":\"Es\u0151 ut\u00e1n vonat \u2013 n\u00e9met siker a Tour de Hongrie nyit\u00f3szakasz\u00e1n\"}]},{\"@type\":\"WebSite\",\"@id\":\"https:\/\/www.welovecycling.com\/hu\/#website\",\"url\":\"https:\/\/www.welovecycling.com\/hu\/\",\"name\":\"\u0160koda We Love Cycling - Magyarorsz\u00e1g\",\"description\":\"\u0160koda WeLoveCycling\",\"potentialAction\":[{\"@type\":\"SearchAction\",\"target\":{\"@type\":\"EntryPoint\",\"urlTemplate\":\"https:\/\/www.welovecycling.com\/hu\/?s={search_term_string}\"},\"query-input\":{\"@type\":\"PropertyValueSpecification\",\"valueRequired\":true,\"valueName\":\"search_term_string\"}}],\"inLanguage\":\"hu\"},{\"@type\":\"Person\",\"@id\":\"https:\/\/www.welovecycling.com\/hu\/#\/schema\/person\/c4acb313e50cae96eef9d92a18794f7c\",\"name\":\"timi\",\"image\":{\"@type\":\"ImageObject\",\"inLanguage\":\"hu\",\"@id\":\"https:\/\/www.welovecycling.com\/hu\/#\/schema\/person\/image\/\",\"url\":\"https:\/\/secure.gravatar.com\/avatar\/de12be56b502456eeb235d4b79bce6668897e002c9b7a7966ec5cbef4e061a8b?s=96&d=mm&r=g\",\"contentUrl\":\"https:\/\/secure.gravatar.com\/avatar\/de12be56b502456eeb235d4b79bce6668897e002c9b7a7966ec5cbef4e061a8b?s=96&d=mm&r=g\",\"caption\":\"timi\"},\"url\":\"https:\/\/www.welovecycling.com\/hu\/author\/timi\/\"}]}<\/script>\n<!-- \/ Yoast SEO Premium plugin. -->","yoast_head_json":{"title":"Es\u0151 ut\u00e1n vonat \u2013 n\u00e9met siker a Tour de Hongrie nyit\u00f3szakasz\u00e1n - \u0160koda We Love Cycling - Magyarorsz\u00e1g","description":"A bar\u00e1ts\u00e1gtalan si\u00f3foki id\u0151 ut\u00e1n a kaposv\u00e1ri c\u00e9lig egyre tisztult az id\u0151 az idei Magyar k\u00f6rverseny els\u0151 etapj\u00e1n.","robots":{"index":"index","follow":"follow","max-snippet":"max-snippet:-1","max-image-preview":"max-image-preview:large","max-video-preview":"max-video-preview:-1"},"canonical":"https:\/\/www.welovecycling.com\/hu\/tour-de-hongrie\/eso-utan-vonat-nemet-siker-a-tour-de-hongrie-nyitoszakaszan\/","og_locale":"hu_HU","og_type":"article","og_title":"Es\u0151 ut\u00e1n vonat \u2013 n\u00e9met siker a Tour de Hongrie nyit\u00f3szakasz\u00e1n","og_description":"A bar\u00e1ts\u00e1gtalan si\u00f3foki id\u0151 ut\u00e1n a kaposv\u00e1ri c\u00e9lig egyre tisztult az id\u0151 az idei Magyar k\u00f6rverseny els\u0151 etapj\u00e1n.","og_url":"https:\/\/www.welovecycling.com\/hu\/tour-de-hongrie\/eso-utan-vonat-nemet-siker-a-tour-de-hongrie-nyitoszakaszan\/","og_site_name":"\u0160koda We Love Cycling - Magyarorsz\u00e1g","article_publisher":"https:\/\/www.facebook.com\/WeLoveCyclingHungary\/","article_published_time":"2021-05-13T10:00:36+00:00","article_modified_time":"2021-05-13T10:03:06+00:00","og_image":[{"width":2048,"height":1365,"url":"https:\/\/d2p6e6u75xmxt8.cloudfront.net\/12\/2021\/05\/210512-1743_TDH_1sz_PM_0526.jpg","type":"image\/jpeg"}],"author":"timi","twitter_card":"summary_large_image","twitter_misc":{"Written by":"Koh\u00e1n Gergely","Est. reading time":"3 minutes"},"schema":{"@context":"https:\/\/schema.org","@graph":[{"@type":"WebPage","@id":"https:\/\/www.welovecycling.com\/hu\/tour-de-hongrie\/eso-utan-vonat-nemet-siker-a-tour-de-hongrie-nyitoszakaszan\/","url":"https:\/\/www.welovecycling.com\/hu\/tour-de-hongrie\/eso-utan-vonat-nemet-siker-a-tour-de-hongrie-nyitoszakaszan\/","name":"Es\u0151 ut\u00e1n vonat \u2013 n\u00e9met siker a Tour de Hongrie nyit\u00f3szakasz\u00e1n - \u0160koda We Love Cycling - Magyarorsz\u00e1g","isPartOf":{"@id":"https:\/\/www.welovecycling.com\/hu\/#website"},"primaryImageOfPage":{"@id":"https:\/\/www.welovecycling.com\/hu\/tour-de-hongrie\/eso-utan-vonat-nemet-siker-a-tour-de-hongrie-nyitoszakaszan\/#primaryimage"},"image":{"@id":"https:\/\/www.welovecycling.com\/hu\/tour-de-hongrie\/eso-utan-vonat-nemet-siker-a-tour-de-hongrie-nyitoszakaszan\/#primaryimage"},"thumbnailUrl":"https:\/\/d2p6e6u75xmxt8.cloudfront.net\/12\/2021\/05\/210512-1743_TDH_1sz_PM_0526.jpg","datePublished":"2021-05-13T10:00:36+00:00","dateModified":"2021-05-13T10:03:06+00:00","author":{"@id":"https:\/\/www.welovecycling.com\/hu\/#\/schema\/person\/c4acb313e50cae96eef9d92a18794f7c"},"description":"A bar\u00e1ts\u00e1gtalan si\u00f3foki id\u0151 ut\u00e1n a kaposv\u00e1ri c\u00e9lig egyre tisztult az id\u0151 az idei Magyar k\u00f6rverseny els\u0151 etapj\u00e1n.","breadcrumb":{"@id":"https:\/\/www.welovecycling.com\/hu\/tour-de-hongrie\/eso-utan-vonat-nemet-siker-a-tour-de-hongrie-nyitoszakaszan\/#breadcrumb"},"inLanguage":"hu","potentialAction":[{"@type":"ReadAction","target":["https:\/\/www.welovecycling.com\/hu\/tour-de-hongrie\/eso-utan-vonat-nemet-siker-a-tour-de-hongrie-nyitoszakaszan\/"]}]},{"@type":"ImageObject","inLanguage":"hu","@id":"https:\/\/www.welovecycling.com\/hu\/tour-de-hongrie\/eso-utan-vonat-nemet-siker-a-tour-de-hongrie-nyitoszakaszan\/#primaryimage","url":"https:\/\/d2p6e6u75xmxt8.cloudfront.net\/12\/2021\/05\/210512-1743_TDH_1sz_PM_0526.jpg","contentUrl":"https:\/\/d2p6e6u75xmxt8.cloudfront.net\/12\/2021\/05\/210512-1743_TDH_1sz_PM_0526.jpg","width":2048,"height":1365,"caption":"2021.05.12. TDH 1. szakasz Si\u00f3fok-Kaposv\u00e1r"},{"@type":"BreadcrumbList","@id":"https:\/\/www.welovecycling.com\/hu\/tour-de-hongrie\/eso-utan-vonat-nemet-siker-a-tour-de-hongrie-nyitoszakaszan\/#breadcrumb","itemListElement":[{"@type":"ListItem","position":1,"name":"Home","item":"https:\/\/www.welovecycling.com\/hu\/"},{"@type":"ListItem","position":2,"name":"Es\u0151 ut\u00e1n vonat \u2013 n\u00e9met siker a Tour de Hongrie nyit\u00f3szakasz\u00e1n"}]},{"@type":"WebSite","@id":"https:\/\/www.welovecycling.com\/hu\/#website","url":"https:\/\/www.welovecycling.com\/hu\/","name":"\u0160koda We Love Cycling - Magyarorsz\u00e1g","description":"\u0160koda WeLoveCycling","potentialAction":[{"@type":"SearchAction","target":{"@type":"EntryPoint","urlTemplate":"https:\/\/www.welovecycling.com\/hu\/?s={search_term_string}"},"query-input":{"@type":"PropertyValueSpecification","valueRequired":true,"valueName":"search_term_string"}}],"inLanguage":"hu"},{"@type":"Person","@id":"https:\/\/www.welovecycling.com\/hu\/#\/schema\/person\/c4acb313e50cae96eef9d92a18794f7c","name":"timi","image":{"@type":"ImageObject","inLanguage":"hu","@id":"https:\/\/www.welovecycling.com\/hu\/#\/schema\/person\/image\/","url":"https:\/\/secure.gravatar.com\/avatar\/de12be56b502456eeb235d4b79bce6668897e002c9b7a7966ec5cbef4e061a8b?s=96&d=mm&r=g","contentUrl":"https:\/\/secure.gravatar.com\/avatar\/de12be56b502456eeb235d4b79bce6668897e002c9b7a7966ec5cbef4e061a8b?s=96&d=mm&r=g","caption":"timi"},"url":"https:\/\/www.welovecycling.com\/hu\/author\/timi\/"}]}},"_links":{"self":[{"href":"https:\/\/www.welovecycling.com\/hu\/wp-json\/wp\/v2\/posts\/11472","targetHints":{"allow":["GET"]}}],"collection":[{"href":"https:\/\/www.welovecycling.com\/hu\/wp-json\/wp\/v2\/posts"}],"about":[{"href":"https:\/\/www.welovecycling.com\/hu\/wp-json\/wp\/v2\/types\/post"}],"author":[{"embeddable":true,"href":"https:\/\/www.welovecycling.com\/hu\/wp-json\/wp\/v2\/users\/146"}],"replies":[{"embeddable":true,"href":"https:\/\/www.welovecycling.com\/hu\/wp-json\/wp\/v2\/comments?post=11472"}],"version-history":[{"count":2,"href":"https:\/\/www.welovecycling.com\/hu\/wp-json\/wp\/v2\/posts\/11472\/revisions"}],"predecessor-version":[{"id":11476,"href":"https:\/\/www.welovecycling.com\/hu\/wp-json\/wp\/v2\/posts\/11472\/revisions\/11476"}],"wp:featuredmedia":[{"embeddable":true,"href":"https:\/\/www.welovecycling.com\/hu\/wp-json\/wp\/v2\/media\/11473"}],"wp:attachment":[{"href":"https:\/\/www.welovecycling.com\/hu\/wp-json\/wp\/v2\/media?parent=11472"}],"wp:term":[{"taxonomy":"category","embeddable":true,"href":"https:\/\/www.welovecycling.com\/hu\/wp-json\/wp\/v2\/categories?post=11472"},{"taxonomy":"post_tag","embeddable":true,"href":"https:\/\/www.welovecycling.com\/hu\/wp-json\/wp\/v2\/tags?post=11472"},{"taxonomy":"global-categories","embeddable":true,"href":"https:\/\/www.welovecycling.com\/hu\/wp-json\/wp\/v2\/global-categories?post=11472"}],"curies":[{"name":"wp","href":"https:\/\/api.w.org\/{rel}","templated":true}]}}