{"id":11466,"date":"2021-05-20T08:00:30","date_gmt":"2021-05-20T06:00:30","guid":{"rendered":"https:\/\/www.welovecycling.com\/hu\/?p=11466"},"modified":"2021-05-14T11:19:58","modified_gmt":"2021-05-14T09:19:58","slug":"a-zene-hatasa-a-sportteljesitmenyre","status":"publish","type":"post","link":"https:\/\/www.welovecycling.com\/hu\/edzes-es-eletmod\/a-zene-hatasa-a-sportteljesitmenyre\/","title":{"rendered":"A zene hat\u00e1sa a sportteljes\u00edtm\u00e9nyre"},"content":{"rendered":"<p><strong>Ha \u00fagy \u00e9rzed, hogy hat\u00e9konyabban edzel, mik\u00f6zben kedvenc zen\u00e9idet hallgatod, val\u00f3sz\u00edn\u0171leg j\u00f3l \u00e9rzed. Egy kutat\u00e1s szerint az er\u0151t \u00e9s az \u00e1ll\u00f3k\u00e9pess\u00e9get is jav\u00edtj\u00e1k a dallamok.<\/strong><!--more--><\/p>\n<p>A kutat\u00f3k 10 olyan f\u00e9rfit vizsg\u00e1ltak, akik edz\u00e9sben vannak \u00e9s a 20-as \u00e9veikben j\u00e1rnak. K\u00e9t fekvenyom\u00e1sos pr\u00f3b\u00e1t v\u00e9geztettek el vel\u00fck, az egyik el\u0151tt nem hallgattak zen\u00e9t, a m\u00e1sik el\u0151tt viszont igen, h\u00e1rom percen \u00e1t.<\/p>\n<p>Az eredm\u00e9nyek azt mutatt\u00e1k, hogy a zene jelent\u0151s hat\u00e1ssal van a teljes\u00edtm\u00e9nyre: az alanyok nagyobb er\u0151t tudtak kifejteni \u00e9s tov\u00e1bb b\u00edrt\u00e1k az edz\u00e9st, mint zene n\u00e9lk\u00fcl. Azok, akik zen\u00e9t hallgattak, \u00e1tlagosan 15%-kal t\u00f6bbsz\u00f6r tudt\u00e1k megemelni a s\u00falyt.<\/p>\n<p>Az egyik fontos r\u00e9szlet az, hogy a r\u00e9sztvev\u0151k nem az edz\u00e9s alatt hallgattak zen\u00e9t, teh\u00e1t ha valakit zavar a koncentr\u00e1ci\u00f3ban, az is \u00e9lvezheti az el\u0151nyeit. Gondoljunk csak Michael Phelps-re, vagy b\u00e1rmelyik m\u00e1sik sportol\u00f3ra, akiknek a verseny el\u0151tti szertart\u00e1s r\u00e9sz\u00e9t k\u00e9pezi a fejhallgat\u00f3.<\/p>\n<figure id=\"attachment_11468\" aria-describedby=\"caption-attachment-11468\" style=\"width: 1024px\" class=\"wp-caption aligncenter\"><img loading=\"lazy\" decoding=\"async\" class=\"size-large wp-image-11468\" src=\"https:\/\/d2p6e6u75xmxt8.cloudfront.net\/12\/2021\/05\/element5-digital-OBbliBNuJlk-unsplash-1024x683.jpg\" alt=\"\" width=\"1024\" height=\"683\" srcset=\"https:\/\/d2p6e6u75xmxt8.cloudfront.net\/12\/2021\/05\/element5-digital-OBbliBNuJlk-unsplash-1024x683.jpg 1024w, https:\/\/d2p6e6u75xmxt8.cloudfront.net\/12\/2021\/05\/element5-digital-OBbliBNuJlk-unsplash-300x200.jpg 300w, https:\/\/d2p6e6u75xmxt8.cloudfront.net\/12\/2021\/05\/element5-digital-OBbliBNuJlk-unsplash-768x512.jpg 768w, https:\/\/d2p6e6u75xmxt8.cloudfront.net\/12\/2021\/05\/element5-digital-OBbliBNuJlk-unsplash-1536x1024.jpg 1536w, https:\/\/d2p6e6u75xmxt8.cloudfront.net\/12\/2021\/05\/element5-digital-OBbliBNuJlk-unsplash-272x182.jpg 272w, https:\/\/d2p6e6u75xmxt8.cloudfront.net\/12\/2021\/05\/element5-digital-OBbliBNuJlk-unsplash.jpg 1920w\" sizes=\"auto, (max-width: 1024px) 100vw, 1024px\" \/><figcaption id=\"caption-attachment-11468\" class=\"wp-caption-text\">M\u00e1r az is el\u00e9g, ha mozg\u00e1s el\u0151tt meghallgatod a kedvenc sz\u00e1mod. Element5 Digital I Unsplash<\/figcaption><\/figure>\n<p>A kutat\u00e1s vezet\u0151je, Christopher Ballmann kiemelte, hogy maga a zenev\u00e1laszt\u00e1s is nagyon fontos.<\/p>\n<p><em>\u201eM\u00e1r kor\u00e1bbi vizsg\u00e1latok is kimutatt\u00e1k, hogy az alanyok \u00e1ltal prefer\u00e1lt zene m\u0171k\u00f6dik a legjobban<\/em>\u201d \u2013 mondta. \u201e<em>Ha saj\u00e1t magad v\u00e1lasztod ki a lej\u00e1tsz\u00e1si list\u00e1t, amit szeretsz, k\u00f6nnyen \u00e9s hat\u00e9konyan n\u00f6velheted a teljes\u00edtm\u00e9nyed, m\u00e9g akkor is, ha csak edz\u00e9s el\u0151tt hallgatsz bele.\u201d<\/em><\/p>\n<p>Egy 2018-as tanulm\u00e1nya sor\u00e1n, amikor a r\u00e9sztvev\u0151k az \u00e1ltaluk prefer\u00e1lt zen\u00e9t hallgatt\u00e1k, n\u00f6velni tudt\u00e1k a gyakorlatok sz\u00e1m\u00e1t, \u00e9s nagyobb er\u0151vel is rendelkeztek, mint amikor olyan sz\u00e1mokat hallgattak, amiket nem \u0151k v\u00e1lasztottak.<\/p>\n<p>Ballmann szerint ennek ok\u00e1t a motiv\u00e1ci\u00f3ban \u00e9s a pozit\u00edv stresszben kell keresni. A zene nem csak a testmozg\u00e1s ir\u00e1nti v\u00e1gyat befoly\u00e1solhatja drasztikusan, de a harc-vagy-menek\u00fcl\u00e9s reakci\u00f3t is el\u0151id\u00e9zheti, ami maximaliz\u00e1lja az izmok erej\u00e9t.<\/p>\n<p><em>\u201eA legjobb az eg\u00e9szben, hogy val\u00f3sz\u00edn\u0171leg ez mindenkin\u00e9l \u00edgy m\u0171k\u00f6dik\u201d\u2013<\/em> tette hozz\u00e1. Igaz, hogy a kutat\u00e1s sor\u00e1n csak kis mint\u00e1t vizsg\u00e1ltak, nem l\u00e1tja ok\u00e1t, hogy az eredm\u00e9nyek csak az alanyok demogr\u00e1fi\u00e1j\u00e1nak megfelel\u0151 emberekre korl\u00e1toz\u00f3dn\u00e1nak.<\/p>\n<p>Teh\u00e1t ha legk\u00f6zelebb edzeni k\u00e9sz\u00fclsz, hallgasd meg a kedvenc dalaid, hogy kapj egy kis extra l\u00f6ketet!<\/p>\n","protected":false},"excerpt":{"rendered":"<p>Ha \u00fagy \u00e9rzed, hogy hat\u00e9konyabban edzel, mik\u00f6zben kedvenc zen\u00e9idet hallgatod, val\u00f3sz\u00edn\u0171leg j\u00f3l \u00e9rzed. Egy kutat\u00e1s szerint az er\u0151t \u00e9s az [&hellip;]<\/p>\n","protected":false},"author":71,"featured_media":11470,"comment_status":"closed","ping_status":"closed","sticky":false,"template":"","format":"standard","meta":{"footnotes":""},"categories":[6],"tags":[],"global-categories":[],"class_list":["post-11466","post","type-post","status-publish","format-standard","has-post-thumbnail","hentry","category-edzes-es-eletmod"],"yoast_head":"<!-- This site is optimized with the Yoast SEO Premium plugin v25.3 (Yoast SEO v25.9) - https:\/\/yoast.com\/wordpress\/plugins\/seo\/ -->\n<title>A zene hat\u00e1sa a sportteljes\u00edtm\u00e9nyre - \u0160koda We Love Cycling - Magyarorsz\u00e1g<\/title>\n<meta name=\"description\" content=\"Ha \u00fagy \u00e9rzed, hogy hat\u00e9konyabban edzel, mik\u00f6zben kedvenc zen\u00e9idet hallgatod, val\u00f3sz\u00edn\u0171leg j\u00f3l \u00e9rzed. Egy kutat\u00e1s szerint az er\u0151t \u00e9s az \u00e1ll\u00f3k\u00e9pess\u00e9get is jav\u00edtj\u00e1k a dallamok.\" \/>\n<meta name=\"robots\" content=\"index, follow, max-snippet:-1, max-image-preview:large, max-video-preview:-1\" \/>\n<link rel=\"canonical\" href=\"https:\/\/www.welovecycling.com\/hu\/edzes-es-eletmod\/a-zene-hatasa-a-sportteljesitmenyre\/\" \/>\n<meta property=\"og:locale\" content=\"hu_HU\" \/>\n<meta property=\"og:type\" content=\"article\" \/>\n<meta property=\"og:title\" content=\"A zene hat\u00e1sa a sportteljes\u00edtm\u00e9nyre\" \/>\n<meta property=\"og:description\" content=\"Ha \u00fagy \u00e9rzed, hogy hat\u00e9konyabban edzel, mik\u00f6zben kedvenc zen\u00e9idet hallgatod, val\u00f3sz\u00edn\u0171leg j\u00f3l \u00e9rzed. Egy kutat\u00e1s szerint az er\u0151t \u00e9s az \u00e1ll\u00f3k\u00e9pess\u00e9get is jav\u00edtj\u00e1k a dallamok.\" \/>\n<meta property=\"og:url\" content=\"https:\/\/www.welovecycling.com\/hu\/edzes-es-eletmod\/a-zene-hatasa-a-sportteljesitmenyre\/\" \/>\n<meta property=\"og:site_name\" content=\"\u0160koda We Love Cycling - Magyarorsz\u00e1g\" \/>\n<meta property=\"article:publisher\" content=\"https:\/\/www.facebook.com\/WeLoveCyclingHungary\/\" \/>\n<meta property=\"article:published_time\" content=\"2021-05-20T06:00:30+00:00\" \/>\n<meta property=\"og:image\" content=\"https:\/\/d2p6e6u75xmxt8.cloudfront.net\/12\/2021\/05\/wlc_sport_zene.jpg\" \/>\n\t<meta property=\"og:image:width\" content=\"1622\" \/>\n\t<meta property=\"og:image:height\" content=\"746\" \/>\n\t<meta property=\"og:image:type\" content=\"image\/jpeg\" \/>\n<meta name=\"author\" content=\"hegyizs\" \/>\n<meta name=\"twitter:card\" content=\"summary_large_image\" \/>\n<meta name=\"twitter:label1\" content=\"Written by\" \/>\n\t<meta name=\"twitter:data1\" content=\"WLC\" \/>\n\t<meta name=\"twitter:label2\" content=\"Est. reading time\" \/>\n\t<meta name=\"twitter:data2\" content=\"2 minutes\" \/>\n<script type=\"application\/ld+json\" class=\"yoast-schema-graph\">{\"@context\":\"https:\/\/schema.org\",\"@graph\":[{\"@type\":\"WebPage\",\"@id\":\"https:\/\/www.welovecycling.com\/hu\/edzes-es-eletmod\/a-zene-hatasa-a-sportteljesitmenyre\/\",\"url\":\"https:\/\/www.welovecycling.com\/hu\/edzes-es-eletmod\/a-zene-hatasa-a-sportteljesitmenyre\/\",\"name\":\"A zene hat\u00e1sa a sportteljes\u00edtm\u00e9nyre - \u0160koda We Love Cycling - Magyarorsz\u00e1g\",\"isPartOf\":{\"@id\":\"https:\/\/www.welovecycling.com\/hu\/#website\"},\"primaryImageOfPage\":{\"@id\":\"https:\/\/www.welovecycling.com\/hu\/edzes-es-eletmod\/a-zene-hatasa-a-sportteljesitmenyre\/#primaryimage\"},\"image\":{\"@id\":\"https:\/\/www.welovecycling.com\/hu\/edzes-es-eletmod\/a-zene-hatasa-a-sportteljesitmenyre\/#primaryimage\"},\"thumbnailUrl\":\"https:\/\/d2p6e6u75xmxt8.cloudfront.net\/12\/2021\/05\/wlc_sport_zene.jpg\",\"datePublished\":\"2021-05-20T06:00:30+00:00\",\"author\":{\"@id\":\"https:\/\/www.welovecycling.com\/hu\/#\/schema\/person\/414a2aebf1801691a5320edb6468e194\"},\"description\":\"Ha \u00fagy \u00e9rzed, hogy hat\u00e9konyabban edzel, mik\u00f6zben kedvenc zen\u00e9idet hallgatod, val\u00f3sz\u00edn\u0171leg j\u00f3l \u00e9rzed. Egy kutat\u00e1s szerint az er\u0151t \u00e9s az \u00e1ll\u00f3k\u00e9pess\u00e9get is jav\u00edtj\u00e1k a dallamok.\",\"breadcrumb\":{\"@id\":\"https:\/\/www.welovecycling.com\/hu\/edzes-es-eletmod\/a-zene-hatasa-a-sportteljesitmenyre\/#breadcrumb\"},\"inLanguage\":\"hu\",\"potentialAction\":[{\"@type\":\"ReadAction\",\"target\":[\"https:\/\/www.welovecycling.com\/hu\/edzes-es-eletmod\/a-zene-hatasa-a-sportteljesitmenyre\/\"]}]},{\"@type\":\"ImageObject\",\"inLanguage\":\"hu\",\"@id\":\"https:\/\/www.welovecycling.com\/hu\/edzes-es-eletmod\/a-zene-hatasa-a-sportteljesitmenyre\/#primaryimage\",\"url\":\"https:\/\/d2p6e6u75xmxt8.cloudfront.net\/12\/2021\/05\/wlc_sport_zene.jpg\",\"contentUrl\":\"https:\/\/d2p6e6u75xmxt8.cloudfront.net\/12\/2021\/05\/wlc_sport_zene.jpg\",\"width\":1622,\"height\":746},{\"@type\":\"BreadcrumbList\",\"@id\":\"https:\/\/www.welovecycling.com\/hu\/edzes-es-eletmod\/a-zene-hatasa-a-sportteljesitmenyre\/#breadcrumb\",\"itemListElement\":[{\"@type\":\"ListItem\",\"position\":1,\"name\":\"Home\",\"item\":\"https:\/\/www.welovecycling.com\/hu\/\"},{\"@type\":\"ListItem\",\"position\":2,\"name\":\"A zene hat\u00e1sa a sportteljes\u00edtm\u00e9nyre\"}]},{\"@type\":\"WebSite\",\"@id\":\"https:\/\/www.welovecycling.com\/hu\/#website\",\"url\":\"https:\/\/www.welovecycling.com\/hu\/\",\"name\":\"\u0160koda We Love Cycling - Magyarorsz\u00e1g\",\"description\":\"\u0160koda WeLoveCycling\",\"potentialAction\":[{\"@type\":\"SearchAction\",\"target\":{\"@type\":\"EntryPoint\",\"urlTemplate\":\"https:\/\/www.welovecycling.com\/hu\/?s={search_term_string}\"},\"query-input\":{\"@type\":\"PropertyValueSpecification\",\"valueRequired\":true,\"valueName\":\"search_term_string\"}}],\"inLanguage\":\"hu\"},{\"@type\":\"Person\",\"@id\":\"https:\/\/www.welovecycling.com\/hu\/#\/schema\/person\/414a2aebf1801691a5320edb6468e194\",\"name\":\"hegyizs\",\"image\":{\"@type\":\"ImageObject\",\"inLanguage\":\"hu\",\"@id\":\"https:\/\/www.welovecycling.com\/hu\/#\/schema\/person\/image\/\",\"url\":\"https:\/\/secure.gravatar.com\/avatar\/02cf8a7906b8cf90cecb4679defac7cfd33a1c2e3b88e4903d947f3bb58eedd3?s=96&d=mm&r=g\",\"contentUrl\":\"https:\/\/secure.gravatar.com\/avatar\/02cf8a7906b8cf90cecb4679defac7cfd33a1c2e3b88e4903d947f3bb58eedd3?s=96&d=mm&r=g\",\"caption\":\"hegyizs\"},\"url\":\"https:\/\/www.welovecycling.com\/hu\/author\/hegyizs\/\"}]}<\/script>\n<!-- \/ Yoast SEO Premium plugin. -->","yoast_head_json":{"title":"A zene hat\u00e1sa a sportteljes\u00edtm\u00e9nyre - \u0160koda We Love Cycling - Magyarorsz\u00e1g","description":"Ha \u00fagy \u00e9rzed, hogy hat\u00e9konyabban edzel, mik\u00f6zben kedvenc zen\u00e9idet hallgatod, val\u00f3sz\u00edn\u0171leg j\u00f3l \u00e9rzed. Egy kutat\u00e1s szerint az er\u0151t \u00e9s az \u00e1ll\u00f3k\u00e9pess\u00e9get is jav\u00edtj\u00e1k a dallamok.","robots":{"index":"index","follow":"follow","max-snippet":"max-snippet:-1","max-image-preview":"max-image-preview:large","max-video-preview":"max-video-preview:-1"},"canonical":"https:\/\/www.welovecycling.com\/hu\/edzes-es-eletmod\/a-zene-hatasa-a-sportteljesitmenyre\/","og_locale":"hu_HU","og_type":"article","og_title":"A zene hat\u00e1sa a sportteljes\u00edtm\u00e9nyre","og_description":"Ha \u00fagy \u00e9rzed, hogy hat\u00e9konyabban edzel, mik\u00f6zben kedvenc zen\u00e9idet hallgatod, val\u00f3sz\u00edn\u0171leg j\u00f3l \u00e9rzed. Egy kutat\u00e1s szerint az er\u0151t \u00e9s az \u00e1ll\u00f3k\u00e9pess\u00e9get is jav\u00edtj\u00e1k a dallamok.","og_url":"https:\/\/www.welovecycling.com\/hu\/edzes-es-eletmod\/a-zene-hatasa-a-sportteljesitmenyre\/","og_site_name":"\u0160koda We Love Cycling - Magyarorsz\u00e1g","article_publisher":"https:\/\/www.facebook.com\/WeLoveCyclingHungary\/","article_published_time":"2021-05-20T06:00:30+00:00","og_image":[{"width":1622,"height":746,"url":"https:\/\/d2p6e6u75xmxt8.cloudfront.net\/12\/2021\/05\/wlc_sport_zene.jpg","type":"image\/jpeg"}],"author":"hegyizs","twitter_card":"summary_large_image","twitter_misc":{"Written by":"WLC","Est. reading time":"2 minutes"},"schema":{"@context":"https:\/\/schema.org","@graph":[{"@type":"WebPage","@id":"https:\/\/www.welovecycling.com\/hu\/edzes-es-eletmod\/a-zene-hatasa-a-sportteljesitmenyre\/","url":"https:\/\/www.welovecycling.com\/hu\/edzes-es-eletmod\/a-zene-hatasa-a-sportteljesitmenyre\/","name":"A zene hat\u00e1sa a sportteljes\u00edtm\u00e9nyre - \u0160koda We Love Cycling - Magyarorsz\u00e1g","isPartOf":{"@id":"https:\/\/www.welovecycling.com\/hu\/#website"},"primaryImageOfPage":{"@id":"https:\/\/www.welovecycling.com\/hu\/edzes-es-eletmod\/a-zene-hatasa-a-sportteljesitmenyre\/#primaryimage"},"image":{"@id":"https:\/\/www.welovecycling.com\/hu\/edzes-es-eletmod\/a-zene-hatasa-a-sportteljesitmenyre\/#primaryimage"},"thumbnailUrl":"https:\/\/d2p6e6u75xmxt8.cloudfront.net\/12\/2021\/05\/wlc_sport_zene.jpg","datePublished":"2021-05-20T06:00:30+00:00","author":{"@id":"https:\/\/www.welovecycling.com\/hu\/#\/schema\/person\/414a2aebf1801691a5320edb6468e194"},"description":"Ha \u00fagy \u00e9rzed, hogy hat\u00e9konyabban edzel, mik\u00f6zben kedvenc zen\u00e9idet hallgatod, val\u00f3sz\u00edn\u0171leg j\u00f3l \u00e9rzed. Egy kutat\u00e1s szerint az er\u0151t \u00e9s az \u00e1ll\u00f3k\u00e9pess\u00e9get is jav\u00edtj\u00e1k a dallamok.","breadcrumb":{"@id":"https:\/\/www.welovecycling.com\/hu\/edzes-es-eletmod\/a-zene-hatasa-a-sportteljesitmenyre\/#breadcrumb"},"inLanguage":"hu","potentialAction":[{"@type":"ReadAction","target":["https:\/\/www.welovecycling.com\/hu\/edzes-es-eletmod\/a-zene-hatasa-a-sportteljesitmenyre\/"]}]},{"@type":"ImageObject","inLanguage":"hu","@id":"https:\/\/www.welovecycling.com\/hu\/edzes-es-eletmod\/a-zene-hatasa-a-sportteljesitmenyre\/#primaryimage","url":"https:\/\/d2p6e6u75xmxt8.cloudfront.net\/12\/2021\/05\/wlc_sport_zene.jpg","contentUrl":"https:\/\/d2p6e6u75xmxt8.cloudfront.net\/12\/2021\/05\/wlc_sport_zene.jpg","width":1622,"height":746},{"@type":"BreadcrumbList","@id":"https:\/\/www.welovecycling.com\/hu\/edzes-es-eletmod\/a-zene-hatasa-a-sportteljesitmenyre\/#breadcrumb","itemListElement":[{"@type":"ListItem","position":1,"name":"Home","item":"https:\/\/www.welovecycling.com\/hu\/"},{"@type":"ListItem","position":2,"name":"A zene hat\u00e1sa a sportteljes\u00edtm\u00e9nyre"}]},{"@type":"WebSite","@id":"https:\/\/www.welovecycling.com\/hu\/#website","url":"https:\/\/www.welovecycling.com\/hu\/","name":"\u0160koda We Love Cycling - Magyarorsz\u00e1g","description":"\u0160koda WeLoveCycling","potentialAction":[{"@type":"SearchAction","target":{"@type":"EntryPoint","urlTemplate":"https:\/\/www.welovecycling.com\/hu\/?s={search_term_string}"},"query-input":{"@type":"PropertyValueSpecification","valueRequired":true,"valueName":"search_term_string"}}],"inLanguage":"hu"},{"@type":"Person","@id":"https:\/\/www.welovecycling.com\/hu\/#\/schema\/person\/414a2aebf1801691a5320edb6468e194","name":"hegyizs","image":{"@type":"ImageObject","inLanguage":"hu","@id":"https:\/\/www.welovecycling.com\/hu\/#\/schema\/person\/image\/","url":"https:\/\/secure.gravatar.com\/avatar\/02cf8a7906b8cf90cecb4679defac7cfd33a1c2e3b88e4903d947f3bb58eedd3?s=96&d=mm&r=g","contentUrl":"https:\/\/secure.gravatar.com\/avatar\/02cf8a7906b8cf90cecb4679defac7cfd33a1c2e3b88e4903d947f3bb58eedd3?s=96&d=mm&r=g","caption":"hegyizs"},"url":"https:\/\/www.welovecycling.com\/hu\/author\/hegyizs\/"}]}},"_links":{"self":[{"href":"https:\/\/www.welovecycling.com\/hu\/wp-json\/wp\/v2\/posts\/11466","targetHints":{"allow":["GET"]}}],"collection":[{"href":"https:\/\/www.welovecycling.com\/hu\/wp-json\/wp\/v2\/posts"}],"about":[{"href":"https:\/\/www.welovecycling.com\/hu\/wp-json\/wp\/v2\/types\/post"}],"author":[{"embeddable":true,"href":"https:\/\/www.welovecycling.com\/hu\/wp-json\/wp\/v2\/users\/71"}],"replies":[{"embeddable":true,"href":"https:\/\/www.welovecycling.com\/hu\/wp-json\/wp\/v2\/comments?post=11466"}],"version-history":[{"count":1,"href":"https:\/\/www.welovecycling.com\/hu\/wp-json\/wp\/v2\/posts\/11466\/revisions"}],"predecessor-version":[{"id":11469,"href":"https:\/\/www.welovecycling.com\/hu\/wp-json\/wp\/v2\/posts\/11466\/revisions\/11469"}],"wp:featuredmedia":[{"embeddable":true,"href":"https:\/\/www.welovecycling.com\/hu\/wp-json\/wp\/v2\/media\/11470"}],"wp:attachment":[{"href":"https:\/\/www.welovecycling.com\/hu\/wp-json\/wp\/v2\/media?parent=11466"}],"wp:term":[{"taxonomy":"category","embeddable":true,"href":"https:\/\/www.welovecycling.com\/hu\/wp-json\/wp\/v2\/categories?post=11466"},{"taxonomy":"post_tag","embeddable":true,"href":"https:\/\/www.welovecycling.com\/hu\/wp-json\/wp\/v2\/tags?post=11466"},{"taxonomy":"global-categories","embeddable":true,"href":"https:\/\/www.welovecycling.com\/hu\/wp-json\/wp\/v2\/global-categories?post=11466"}],"curies":[{"name":"wp","href":"https:\/\/api.w.org\/{rel}","templated":true}]}}