{"id":11461,"date":"2021-05-19T08:00:43","date_gmt":"2021-05-19T07:00:43","guid":{"rendered":"https:\/\/www.welovecycling.com\/hu\/?p=11461"},"modified":"2021-05-13T09:31:52","modified_gmt":"2021-05-13T08:31:52","slug":"vigyazat-lehullo-kovek-montizas-az-aktiv-etna-arnyekaban","status":"publish","type":"post","link":"https:\/\/www.welovecycling.com\/hu\/trekking-mtb\/vigyazat-lehullo-kovek-montizas-az-aktiv-etna-arnyekaban\/","title":{"rendered":"Vigy\u00e1zat, lehull\u00f3 k\u00f6vek! Montiz\u00e1s az akt\u00edv Etna \u00e1rny\u00e9k\u00e1ban"},"content":{"rendered":"<p><strong>A Szic\u00edli\u00e1ban tal\u00e1lhat\u00f3 Etna a vil\u00e1g egyik legakt\u00edvabb vulk\u00e1nja. Az \u00e1lland\u00f3 vulk\u00e1ni tev\u00e9kenys\u00e9g miatt k\u00f6r\u00fclbel\u00fcl 3300 m\u00e9teres cs\u00facs\u00e1nak magass\u00e1ga sz\u00fcntelen\u00fcl v\u00e1ltozik. A h\u00edres szic\u00edliai t\u0171zok\u00e1d\u00f3 ter\u00fclete 1200 m<sup>2<\/sup>, ker\u00fclete 140 km. Sant Alfio, Milo \u00e9s Zafferana r\u00e9gi telepesei hossz\u00fa t\u00f6rt\u00e9neteket mes\u00e9lhetn\u00e9nek az Etna alatti \u00e9letr\u0151l, ahol er\u0151sebb kit\u00f6r\u00e9sek sor\u00e1n hat kilogramm vulk\u00e1ni k\u0151zet jut minden n\u00e9gyzetm\u00e9terre.<\/strong><\/p>\n<p><!--more--><\/p>\n<p>Nem csoda, hogy szinte minden n\u0151t, aki a vulk\u00e1n \u00e1rny\u00e9k\u00e1ban \u00e9l, legt\u00f6bbsz\u00f6r sepr\u0171vel a kez\u00e9ben l\u00e1thatjuk, ahogy a h\u00e1z el\u0151tt pr\u00f3b\u00e1lja elt\u00e1vol\u00edtani a fekete port. A f\u00e9rfiak ezzel szemben a tet\u0151k\u00e9rt felelnek. A hagyom\u00e1nyos eresz, amely az es\u0151vizet hivatott elvezetni a tet\u0151kr\u0151l, haszontalan. Helyette egy nagy, sepr\u0171 sz\u00e9less\u00e9g\u0171 betoncsatorn\u00e1val rendelkeznek, ami lehet\u0151v\u00e9 teszi sz\u00e1mukra, hogy a port k\u00f6zvetlen\u00fcl az utc\u00e1ra s\u00f6p\u00f6rj\u00e9k. A fekete hamut hatalmas zs\u00e1kokban t\u00e1rolj\u00e1k a h\u00e1zak el\u0151tt, hogy a v\u00e1roson k\u00edv\u00fcli szem\u00e9ttelepre sz\u00e1ll\u00edts\u00e1k.<\/p>\n<div id='gallery-1' class='gallery galleryid-11461 gallery-columns-2 gallery-size-large'><figure class='gallery-item'>\n\t\t\t<div class='gallery-icon landscape'>\n\t\t\t\t<a href='https:\/\/d2p6e6u75xmxt8.cloudfront.net\/12\/2021\/05\/S3_0129.jpg'><img loading=\"lazy\" decoding=\"async\" width=\"1024\" height=\"684\" src=\"https:\/\/d2p6e6u75xmxt8.cloudfront.net\/12\/2021\/05\/S3_0129-1024x684.jpg\" class=\"attachment-large size-large\" alt=\"\" srcset=\"https:\/\/d2p6e6u75xmxt8.cloudfront.net\/12\/2021\/05\/S3_0129-1024x684.jpg 1024w, https:\/\/d2p6e6u75xmxt8.cloudfront.net\/12\/2021\/05\/S3_0129-300x200.jpg 300w, https:\/\/d2p6e6u75xmxt8.cloudfront.net\/12\/2021\/05\/S3_0129-768x513.jpg 768w, https:\/\/d2p6e6u75xmxt8.cloudfront.net\/12\/2021\/05\/S3_0129-272x182.jpg 272w, https:\/\/d2p6e6u75xmxt8.cloudfront.net\/12\/2021\/05\/S3_0129.jpg 1110w\" sizes=\"auto, (max-width: 1024px) 100vw, 1024px\" \/><\/a>\n\t\t\t<\/div><\/figure><figure class='gallery-item'>\n\t\t\t<div class='gallery-icon landscape'>\n\t\t\t\t<a href='https:\/\/d2p6e6u75xmxt8.cloudfront.net\/12\/2021\/05\/S3_0795.jpg'><img loading=\"lazy\" decoding=\"async\" width=\"1024\" height=\"682\" src=\"https:\/\/d2p6e6u75xmxt8.cloudfront.net\/12\/2021\/05\/S3_0795-1024x682.jpg\" class=\"attachment-large size-large\" alt=\"\" srcset=\"https:\/\/d2p6e6u75xmxt8.cloudfront.net\/12\/2021\/05\/S3_0795-1024x682.jpg 1024w, https:\/\/d2p6e6u75xmxt8.cloudfront.net\/12\/2021\/05\/S3_0795-300x200.jpg 300w, https:\/\/d2p6e6u75xmxt8.cloudfront.net\/12\/2021\/05\/S3_0795-768x512.jpg 768w, https:\/\/d2p6e6u75xmxt8.cloudfront.net\/12\/2021\/05\/S3_0795-272x182.jpg 272w, https:\/\/d2p6e6u75xmxt8.cloudfront.net\/12\/2021\/05\/S3_0795.jpg 1063w\" sizes=\"auto, (max-width: 1024px) 100vw, 1024px\" \/><\/a>\n\t\t\t<\/div><\/figure>\n\t\t<\/div>\n\n<p>Szic\u00edliai bar\u00e1tunk, Giuseppe Coco egy vend\u00e9gh\u00e1z tulajdonosa Zafferana v\u00e1ros\u00e1ban. Az \u00fagynevezett fekete h\u00f3 eltakar\u00edt\u00e1sa mellett gondoskodik az \u00fcgyfelekr\u0151l, akik a vil\u00e1g minden t\u00e1j\u00e1r\u00f3l \u00e9rkeznek, hogy \u00e9l\u0151ben l\u00e1thass\u00e1k a vulk\u00e1nt.<\/p>\n<p>Aki meg szeretn\u00e9 k\u00f6zel\u00edteni a kr\u00e1tert, esetleg egy eml\u00e9kezetes MTB-t\u00far\u00e1t tenne az Etna \u00e1rny\u00e9k\u00e1ban, el\u0151tte j\u00f3 sok szigor\u00fa szab\u00e1lyt kell megismernie. Csak helyi t\u00faravezet\u0151vel indulhatnak \u00fatnak a b\u00e1tor bring\u00e1sok, \u0151k adhatnak naprak\u00e9sz inform\u00e1ci\u00f3kat a k\u00f6zelg\u0151 kit\u00f6r\u00e9sekr\u0151l.<\/p>\n<p>Az exped\u00edci\u00f3 jogi \u00e9s biztons\u00e1gi felt\u00e9teleit szem el\u0151tt tartva nek\u00fcnk is el\u0151re be kellett jelenteni a terveinket. Megbesz\u00e9lt\u00fck, hogy kapcsolatban maradunk Giusepp\u00e9vel, hogy el\u00e9rjen minket, ha a vulk\u00e1n \u00e1llapot\u00e1ban bek\u00f6vetkez\u0151 b\u00e1rmilyen vesz\u00e9lyes v\u00e1ltoz\u00e1ssal kapcsolatos inform\u00e1ci\u00f3k miatt kellene.<\/p>\n<div id='gallery-2' class='gallery galleryid-11461 gallery-columns-2 gallery-size-large'><figure class='gallery-item'>\n\t\t\t<div class='gallery-icon landscape'>\n\t\t\t\t<a href='https:\/\/d2p6e6u75xmxt8.cloudfront.net\/12\/2021\/05\/S3_0750.jpg'><img loading=\"lazy\" decoding=\"async\" width=\"1024\" height=\"683\" src=\"https:\/\/d2p6e6u75xmxt8.cloudfront.net\/12\/2021\/05\/S3_0750-1024x683.jpg\" class=\"attachment-large size-large\" alt=\"Etna cycling\" srcset=\"https:\/\/d2p6e6u75xmxt8.cloudfront.net\/12\/2021\/05\/S3_0750-1024x683.jpg 1024w, https:\/\/d2p6e6u75xmxt8.cloudfront.net\/12\/2021\/05\/S3_0750-300x200.jpg 300w, https:\/\/d2p6e6u75xmxt8.cloudfront.net\/12\/2021\/05\/S3_0750-768x512.jpg 768w, https:\/\/d2p6e6u75xmxt8.cloudfront.net\/12\/2021\/05\/S3_0750-272x182.jpg 272w, https:\/\/d2p6e6u75xmxt8.cloudfront.net\/12\/2021\/05\/S3_0750.jpg 1081w\" sizes=\"auto, (max-width: 1024px) 100vw, 1024px\" \/><\/a>\n\t\t\t<\/div><\/figure><figure class='gallery-item'>\n\t\t\t<div class='gallery-icon landscape'>\n\t\t\t\t<a href='https:\/\/d2p6e6u75xmxt8.cloudfront.net\/12\/2021\/05\/VII_1212.jpg'><img loading=\"lazy\" decoding=\"async\" width=\"1024\" height=\"683\" src=\"https:\/\/d2p6e6u75xmxt8.cloudfront.net\/12\/2021\/05\/VII_1212-1024x683.jpg\" class=\"attachment-large size-large\" alt=\"\" srcset=\"https:\/\/d2p6e6u75xmxt8.cloudfront.net\/12\/2021\/05\/VII_1212-1024x683.jpg 1024w, https:\/\/d2p6e6u75xmxt8.cloudfront.net\/12\/2021\/05\/VII_1212-300x200.jpg 300w, https:\/\/d2p6e6u75xmxt8.cloudfront.net\/12\/2021\/05\/VII_1212-768x512.jpg 768w, https:\/\/d2p6e6u75xmxt8.cloudfront.net\/12\/2021\/05\/VII_1212-1536x1024.jpg 1536w, https:\/\/d2p6e6u75xmxt8.cloudfront.net\/12\/2021\/05\/VII_1212-272x182.jpg 272w, https:\/\/d2p6e6u75xmxt8.cloudfront.net\/12\/2021\/05\/VII_1212.jpg 1800w\" sizes=\"auto, (max-width: 1024px) 100vw, 1024px\" \/><\/a>\n\t\t\t<\/div><\/figure>\n\t\t<\/div>\n\n<p>Mik\u00f6zben megh\u00f3d\u00edtottuk a kr\u00e1tereket, t\u00f6bbek k\u00f6z\u00f6tt a legmagasabbat, a Cerniera di Fuoco 2002-t is, az Etna egy n\u00e9h\u00e1ny \u00f3r\u00e1s kit\u00f6r\u00e9si hull\u00e1m\u00e1val kellett szemben\u00e9zn\u00fcnk. A sz\u00e9l er\u0151ss\u00e9g\u00e9nek \u00e9s ir\u00e1ny\u00e1nak pontos meghat\u00e1roz\u00e1sa kulcsfontoss\u00e1g\u00fa, \u00edgy lehet kisz\u00e1m\u00edtani, hogy a vulk\u00e1nb\u00f3l kirep\u00fcl\u0151 k\u00f6vek hol nem fognak a fej\u00fcnk\u00f6n landolni. S\u00f6t\u00e9ted\u00e9s ut\u00e1n a kit\u00f6r\u0151 Etna f\u00e9nyei csod\u00e1latosak. De \u00e9bernek kellett maradnunk, hogy sz\u00fcks\u00e9g eset\u00e9n azonnal elhagyhassuk a helysz\u00ednt.<\/p>\n<p>Amikor bors\u00f3m\u00e9ret\u0171 szikladarabok kezdenek hullni az \u00e9gb\u0151l, m\u00e1r nincs vesztegetni val\u00f3 id\u0151nk. A lehet\u0151 leggyorsabban \u00f6sszepakolunk \u00e9s elindulunk, eml\u00e9kezve arra a szab\u00e1lyra, hogy a bors\u00f3m\u00e9ret\u0171 k\u00f6vek ut\u00e1n hamarosan szilva- majd almam\u00e9ret\u0171ek k\u00f6vetkezhetnek.<\/p>\n<div id='gallery-3' class='gallery galleryid-11461 gallery-columns-2 gallery-size-large'><figure class='gallery-item'>\n\t\t\t<div class='gallery-icon landscape'>\n\t\t\t\t<a href='https:\/\/d2p6e6u75xmxt8.cloudfront.net\/12\/2021\/05\/S2_0870.jpg'><img loading=\"lazy\" decoding=\"async\" width=\"1024\" height=\"576\" src=\"https:\/\/d2p6e6u75xmxt8.cloudfront.net\/12\/2021\/05\/S2_0870-1024x576.jpg\" class=\"attachment-large size-large\" alt=\"\" srcset=\"https:\/\/d2p6e6u75xmxt8.cloudfront.net\/12\/2021\/05\/S2_0870-1024x576.jpg 1024w, https:\/\/d2p6e6u75xmxt8.cloudfront.net\/12\/2021\/05\/S2_0870-300x169.jpg 300w, https:\/\/d2p6e6u75xmxt8.cloudfront.net\/12\/2021\/05\/S2_0870-768x432.jpg 768w, https:\/\/d2p6e6u75xmxt8.cloudfront.net\/12\/2021\/05\/S2_0870-1536x864.jpg 1536w, https:\/\/d2p6e6u75xmxt8.cloudfront.net\/12\/2021\/05\/S2_0870.jpg 1800w\" sizes=\"auto, (max-width: 1024px) 100vw, 1024px\" \/><\/a>\n\t\t\t<\/div><\/figure><figure class='gallery-item'>\n\t\t\t<div class='gallery-icon landscape'>\n\t\t\t\t<a href='https:\/\/d2p6e6u75xmxt8.cloudfront.net\/12\/2021\/05\/gss.jpg'><img loading=\"lazy\" decoding=\"async\" width=\"1024\" height=\"676\" src=\"https:\/\/d2p6e6u75xmxt8.cloudfront.net\/12\/2021\/05\/gss-1024x676.jpg\" class=\"attachment-large size-large\" alt=\"Sicily\" srcset=\"https:\/\/d2p6e6u75xmxt8.cloudfront.net\/12\/2021\/05\/gss-1024x676.jpg 1024w, https:\/\/d2p6e6u75xmxt8.cloudfront.net\/12\/2021\/05\/gss-300x198.jpg 300w, https:\/\/d2p6e6u75xmxt8.cloudfront.net\/12\/2021\/05\/gss-768x507.jpg 768w, https:\/\/d2p6e6u75xmxt8.cloudfront.net\/12\/2021\/05\/gss.jpg 1039w\" sizes=\"auto, (max-width: 1024px) 100vw, 1024px\" \/><\/a>\n\t\t\t<\/div><\/figure>\n\t\t<\/div>\n\n<p>Hasznunkra v\u00e1lt a rengeteg \u00e9jszakai evaku\u00e1l\u00e1si gyakorlat, tal\u00e1ltunk egy biztons\u00e1gos parkol\u00f3helyet az erd\u0151ben, el\u00e9g messze a hull\u00f3 k\u00f6vekt\u0151l. M\u00e9g Zafferana v\u00e1ros\u00e1ban is z\u00f6r\u00f6gtek az ajt\u00f3k \u00e9s az ablakok a robban\u00e1sokt\u00f3l, az Etna k\u00f6rny\u00e9k\u00e9re pedig halotti csend borult. M\u00e9g a madarak is elhallgattak. V\u00e9g\u00fcl hamut\u00f3l fekete sisakokkal \u00e9s aut\u00f3val menek\u00fclt\u00fcnk meg.<\/p>\n<p>\u00c9s hogy milyen \u00e9rz\u00e9s a vulk\u00e1ni hamuban biciklizni? Eg\u00e9szen olyan, mint friss h\u00f3ban, csak a hamu nem olvad, hanem sz\u00fcrke, cs\u00fasz\u00f3s massz\u00e1v\u00e1 v\u00e1lik, ami er\u0151sen koptatja a v\u00e1zat \u00e9s az alkatr\u00e9szeket is. A vulk\u00e1ni iszap k\u00fcl\u00f6n\u00f6sen a kerekeket roncsolja, ezeket p\u00e1r t\u00fara ut\u00e1n ki is kell cser\u00e9lni.<\/p>\n<div id='gallery-4' class='gallery galleryid-11461 gallery-columns-3 gallery-size-large'><figure class='gallery-item'>\n\t\t\t<div class='gallery-icon landscape'>\n\t\t\t\t<a href='https:\/\/d2p6e6u75xmxt8.cloudfront.net\/12\/2021\/05\/VII_0710.jpg'><img loading=\"lazy\" decoding=\"async\" width=\"1024\" height=\"683\" src=\"https:\/\/d2p6e6u75xmxt8.cloudfront.net\/12\/2021\/05\/VII_0710.jpg\" class=\"attachment-large size-large\" alt=\"\" srcset=\"https:\/\/d2p6e6u75xmxt8.cloudfront.net\/12\/2021\/05\/VII_0710.jpg 1024w, https:\/\/d2p6e6u75xmxt8.cloudfront.net\/12\/2021\/05\/VII_0710-300x200.jpg 300w, https:\/\/d2p6e6u75xmxt8.cloudfront.net\/12\/2021\/05\/VII_0710-768x512.jpg 768w, https:\/\/d2p6e6u75xmxt8.cloudfront.net\/12\/2021\/05\/VII_0710-272x182.jpg 272w\" sizes=\"auto, (max-width: 1024px) 100vw, 1024px\" \/><\/a>\n\t\t\t<\/div><\/figure><figure class='gallery-item'>\n\t\t\t<div class='gallery-icon landscape'>\n\t\t\t\t<a href='https:\/\/d2p6e6u75xmxt8.cloudfront.net\/12\/2021\/05\/VII_0365.jpg'><img loading=\"lazy\" decoding=\"async\" width=\"1024\" height=\"683\" src=\"https:\/\/d2p6e6u75xmxt8.cloudfront.net\/12\/2021\/05\/VII_0365-1024x683.jpg\" class=\"attachment-large size-large\" alt=\"\" srcset=\"https:\/\/d2p6e6u75xmxt8.cloudfront.net\/12\/2021\/05\/VII_0365-1024x683.jpg 1024w, https:\/\/d2p6e6u75xmxt8.cloudfront.net\/12\/2021\/05\/VII_0365-300x200.jpg 300w, https:\/\/d2p6e6u75xmxt8.cloudfront.net\/12\/2021\/05\/VII_0365-768x512.jpg 768w, https:\/\/d2p6e6u75xmxt8.cloudfront.net\/12\/2021\/05\/VII_0365-272x182.jpg 272w, https:\/\/d2p6e6u75xmxt8.cloudfront.net\/12\/2021\/05\/VII_0365.jpg 1330w\" sizes=\"auto, (max-width: 1024px) 100vw, 1024px\" \/><\/a>\n\t\t\t<\/div><\/figure><figure class='gallery-item'>\n\t\t\t<div class='gallery-icon landscape'>\n\t\t\t\t<a href='https:\/\/d2p6e6u75xmxt8.cloudfront.net\/12\/2021\/05\/s7_0045.jpg'><img loading=\"lazy\" decoding=\"async\" width=\"1024\" height=\"683\" src=\"https:\/\/d2p6e6u75xmxt8.cloudfront.net\/12\/2021\/05\/s7_0045-1024x683.jpg\" class=\"attachment-large size-large\" alt=\"\" srcset=\"https:\/\/d2p6e6u75xmxt8.cloudfront.net\/12\/2021\/05\/s7_0045-1024x683.jpg 1024w, https:\/\/d2p6e6u75xmxt8.cloudfront.net\/12\/2021\/05\/s7_0045-300x200.jpg 300w, https:\/\/d2p6e6u75xmxt8.cloudfront.net\/12\/2021\/05\/s7_0045-768x512.jpg 768w, https:\/\/d2p6e6u75xmxt8.cloudfront.net\/12\/2021\/05\/s7_0045-272x182.jpg 272w, https:\/\/d2p6e6u75xmxt8.cloudfront.net\/12\/2021\/05\/s7_0045.jpg 1129w\" sizes=\"auto, (max-width: 1024px) 100vw, 1024px\" \/><\/a>\n\t\t\t<\/div><\/figure>\n\t\t<\/div>\n\n<p>K\u00fcl\u00f6n\u00f6sen felfel\u00e9 haladni, illetve a hamuban a biciklit tolni volt f\u00e1raszt\u00f3. Lefel\u00e9 pedig a kerekek viszonylag hamar els\u00fcllyednek, \u00edgy nehezebb korm\u00e1nyozni. Ahogy haladtunk felfel\u00e9, egyre t\u00f6bb h\u00f3 bor\u00edtotta a talajt, a tetej\u00e9n vastag fekete r\u00e9teggel. Ahogy a h\u00f3 olvad, \u00e1tfolyik a l\u00e1vak\u00f6vek k\u00f6z\u00f6tt, amelyek megsz\u0171rik \u00e9s megtiszt\u00edtj\u00e1k. Ezzel a v\u00edzzel t\u00f6lt\u00f6tt\u00fck fel a kulacsunkat, hogy frissek maradhassunk eg\u00e9sz nap.<\/p>\n<p>Mit\u0151l k\u00fcl\u00f6nleges az Etn\u00e1n tekerni? A vulk\u00e1n folyamatosan v\u00e1ltoz\u00f3 terepe t\u00f6k\u00e9letes a freeridereknek. De nem csak nekik: a ter\u00fclet kiv\u00e1l\u00f3an alkalmas hossz\u00fa t\u00far\u00e1kra \u00e9s b\u00e1rmilyen m\u00e1s ker\u00e9kp\u00e1roz\u00e1sra is. A vulk\u00e1ni m\u0171k\u00f6d\u00e9snek k\u00f6zvetlen hat\u00e1sa van a k\u00f6rnyez\u0151 \u00e9letre. A helyiek m\u00e1r megszokt\u00e1k, \u00e9s \u00e9vezredek \u00f3ta ebben a ritmusban \u00e9lnek. Ha felk\u00e9sz\u00fclsz arra, hogy menek\u00fcln\u00f6d kell, ha a vulk\u00e1n fel\u00e9bredne, \u00e9s betartod a szab\u00e1lyokat, \u00e9leted egyik legszebb t\u00far\u00e1j\u00e1t teheted itt meg.<\/p>\n","protected":false},"excerpt":{"rendered":"<p>A Szic\u00edli\u00e1ban tal\u00e1lhat\u00f3 Etna a vil\u00e1g egyik legakt\u00edvabb vulk\u00e1nja. Az \u00e1lland\u00f3 vulk\u00e1ni tev\u00e9kenys\u00e9g miatt k\u00f6r\u00fclbel\u00fcl 3300 m\u00e9teres cs\u00facs\u00e1nak magass\u00e1ga sz\u00fcntelen\u00fcl [&hellip;]<\/p>\n","protected":false},"author":71,"featured_media":11462,"comment_status":"closed","ping_status":"closed","sticky":false,"template":"","format":"standard","meta":{"footnotes":""},"categories":[7],"tags":[],"global-categories":[],"class_list":["post-11461","post","type-post","status-publish","format-standard","has-post-thumbnail","hentry","category-trekking-mtb"],"yoast_head":"<!-- This site is optimized with the Yoast SEO Premium plugin v25.3 (Yoast SEO v25.9) - https:\/\/yoast.com\/wordpress\/plugins\/seo\/ -->\n<title>Vigy\u00e1zat, lehull\u00f3 k\u00f6vek! Montiz\u00e1s az akt\u00edv Etna \u00e1rny\u00e9k\u00e1ban<\/title>\n<meta name=\"description\" content=\"A Szic\u00edli\u00e1ban tal\u00e1lhat\u00f3 Etna a vil\u00e1g egyik legakt\u00edvabb vulk\u00e1nja. Az \u00e1lland\u00f3 vulk\u00e1ni tev\u00e9kenys\u00e9g miatt k\u00f6r\u00fclbel\u00fcl 3300 m\u00e9teres cs\u00facs\u00e1nak magass\u00e1ga sz\u00fcntelen\u00fcl v\u00e1ltozik.\" \/>\n<meta name=\"robots\" content=\"index, follow, max-snippet:-1, max-image-preview:large, max-video-preview:-1\" \/>\n<link rel=\"canonical\" href=\"https:\/\/www.welovecycling.com\/hu\/trekking-mtb\/vigyazat-lehullo-kovek-montizas-az-aktiv-etna-arnyekaban\/\" \/>\n<meta property=\"og:locale\" content=\"hu_HU\" \/>\n<meta property=\"og:type\" content=\"article\" \/>\n<meta property=\"og:title\" content=\"Vigy\u00e1zat, lehull\u00f3 k\u00f6vek! Montiz\u00e1s az akt\u00edv Etna \u00e1rny\u00e9k\u00e1ban\" \/>\n<meta property=\"og:description\" content=\"A Szic\u00edli\u00e1ban tal\u00e1lhat\u00f3 Etna a vil\u00e1g egyik legakt\u00edvabb vulk\u00e1nja. Az \u00e1lland\u00f3 vulk\u00e1ni tev\u00e9kenys\u00e9g miatt k\u00f6r\u00fclbel\u00fcl 3300 m\u00e9teres cs\u00facs\u00e1nak magass\u00e1ga sz\u00fcntelen\u00fcl v\u00e1ltozik.\" \/>\n<meta property=\"og:url\" content=\"https:\/\/www.welovecycling.com\/hu\/trekking-mtb\/vigyazat-lehullo-kovek-montizas-az-aktiv-etna-arnyekaban\/\" \/>\n<meta property=\"og:site_name\" content=\"\u0160koda We Love Cycling - Magyarorsz\u00e1g\" \/>\n<meta property=\"article:publisher\" content=\"https:\/\/www.facebook.com\/WeLoveCyclingHungary\/\" \/>\n<meta property=\"article:published_time\" content=\"2021-05-19T07:00:43+00:00\" \/>\n<meta property=\"og:image\" content=\"https:\/\/d2p6e6u75xmxt8.cloudfront.net\/12\/2021\/05\/Cycling-on-Etna-CVR.jpg\" \/>\n\t<meta property=\"og:image:width\" content=\"1366\" \/>\n\t<meta property=\"og:image:height\" content=\"600\" \/>\n\t<meta property=\"og:image:type\" content=\"image\/jpeg\" \/>\n<meta name=\"author\" content=\"hegyizs\" \/>\n<meta name=\"twitter:card\" content=\"summary_large_image\" \/>\n<meta name=\"twitter:label1\" content=\"Written by\" \/>\n\t<meta name=\"twitter:data1\" content=\"Adam Marsal\" \/>\n\t<meta name=\"twitter:label2\" content=\"Est. reading time\" \/>\n\t<meta name=\"twitter:data2\" content=\"6\" \/>\n<script type=\"application\/ld+json\" class=\"yoast-schema-graph\">{\"@context\":\"https:\/\/schema.org\",\"@graph\":[{\"@type\":\"WebPage\",\"@id\":\"https:\/\/www.welovecycling.com\/hu\/trekking-mtb\/vigyazat-lehullo-kovek-montizas-az-aktiv-etna-arnyekaban\/\",\"url\":\"https:\/\/www.welovecycling.com\/hu\/trekking-mtb\/vigyazat-lehullo-kovek-montizas-az-aktiv-etna-arnyekaban\/\",\"name\":\"Vigy\u00e1zat, lehull\u00f3 k\u00f6vek! Montiz\u00e1s az akt\u00edv Etna \u00e1rny\u00e9k\u00e1ban\",\"isPartOf\":{\"@id\":\"https:\/\/www.welovecycling.com\/hu\/#website\"},\"primaryImageOfPage\":{\"@id\":\"https:\/\/www.welovecycling.com\/hu\/trekking-mtb\/vigyazat-lehullo-kovek-montizas-az-aktiv-etna-arnyekaban\/#primaryimage\"},\"image\":{\"@id\":\"https:\/\/www.welovecycling.com\/hu\/trekking-mtb\/vigyazat-lehullo-kovek-montizas-az-aktiv-etna-arnyekaban\/#primaryimage\"},\"thumbnailUrl\":\"https:\/\/d2p6e6u75xmxt8.cloudfront.net\/12\/2021\/05\/Cycling-on-Etna-CVR.jpg\",\"datePublished\":\"2021-05-19T07:00:43+00:00\",\"author\":{\"@id\":\"https:\/\/www.welovecycling.com\/hu\/#\/schema\/person\/414a2aebf1801691a5320edb6468e194\"},\"description\":\"A Szic\u00edli\u00e1ban tal\u00e1lhat\u00f3 Etna a vil\u00e1g egyik legakt\u00edvabb vulk\u00e1nja. Az \u00e1lland\u00f3 vulk\u00e1ni tev\u00e9kenys\u00e9g miatt k\u00f6r\u00fclbel\u00fcl 3300 m\u00e9teres cs\u00facs\u00e1nak magass\u00e1ga sz\u00fcntelen\u00fcl v\u00e1ltozik.\",\"breadcrumb\":{\"@id\":\"https:\/\/www.welovecycling.com\/hu\/trekking-mtb\/vigyazat-lehullo-kovek-montizas-az-aktiv-etna-arnyekaban\/#breadcrumb\"},\"inLanguage\":\"hu\",\"potentialAction\":[{\"@type\":\"ReadAction\",\"target\":[\"https:\/\/www.welovecycling.com\/hu\/trekking-mtb\/vigyazat-lehullo-kovek-montizas-az-aktiv-etna-arnyekaban\/\"]}]},{\"@type\":\"ImageObject\",\"inLanguage\":\"hu\",\"@id\":\"https:\/\/www.welovecycling.com\/hu\/trekking-mtb\/vigyazat-lehullo-kovek-montizas-az-aktiv-etna-arnyekaban\/#primaryimage\",\"url\":\"https:\/\/d2p6e6u75xmxt8.cloudfront.net\/12\/2021\/05\/Cycling-on-Etna-CVR.jpg\",\"contentUrl\":\"https:\/\/d2p6e6u75xmxt8.cloudfront.net\/12\/2021\/05\/Cycling-on-Etna-CVR.jpg\",\"width\":1366,\"height\":600},{\"@type\":\"BreadcrumbList\",\"@id\":\"https:\/\/www.welovecycling.com\/hu\/trekking-mtb\/vigyazat-lehullo-kovek-montizas-az-aktiv-etna-arnyekaban\/#breadcrumb\",\"itemListElement\":[{\"@type\":\"ListItem\",\"position\":1,\"name\":\"Home\",\"item\":\"https:\/\/www.welovecycling.com\/hu\/\"},{\"@type\":\"ListItem\",\"position\":2,\"name\":\"Vigy\u00e1zat, lehull\u00f3 k\u00f6vek! Montiz\u00e1s az akt\u00edv Etna \u00e1rny\u00e9k\u00e1ban\"}]},{\"@type\":\"WebSite\",\"@id\":\"https:\/\/www.welovecycling.com\/hu\/#website\",\"url\":\"https:\/\/www.welovecycling.com\/hu\/\",\"name\":\"\u0160koda We Love Cycling - Magyarorsz\u00e1g\",\"description\":\"\u0160koda WeLoveCycling\",\"potentialAction\":[{\"@type\":\"SearchAction\",\"target\":{\"@type\":\"EntryPoint\",\"urlTemplate\":\"https:\/\/www.welovecycling.com\/hu\/?s={search_term_string}\"},\"query-input\":{\"@type\":\"PropertyValueSpecification\",\"valueRequired\":true,\"valueName\":\"search_term_string\"}}],\"inLanguage\":\"hu\"},{\"@type\":\"Person\",\"@id\":\"https:\/\/www.welovecycling.com\/hu\/#\/schema\/person\/414a2aebf1801691a5320edb6468e194\",\"name\":\"hegyizs\",\"image\":{\"@type\":\"ImageObject\",\"inLanguage\":\"hu\",\"@id\":\"https:\/\/www.welovecycling.com\/hu\/#\/schema\/person\/image\/\",\"url\":\"https:\/\/secure.gravatar.com\/avatar\/02cf8a7906b8cf90cecb4679defac7cfd33a1c2e3b88e4903d947f3bb58eedd3?s=96&d=mm&r=g\",\"contentUrl\":\"https:\/\/secure.gravatar.com\/avatar\/02cf8a7906b8cf90cecb4679defac7cfd33a1c2e3b88e4903d947f3bb58eedd3?s=96&d=mm&r=g\",\"caption\":\"hegyizs\"},\"url\":\"https:\/\/www.welovecycling.com\/hu\/author\/hegyizs\/\"}]}<\/script>\n<!-- \/ Yoast SEO Premium plugin. -->","yoast_head_json":{"title":"Vigy\u00e1zat, lehull\u00f3 k\u00f6vek! Montiz\u00e1s az akt\u00edv Etna \u00e1rny\u00e9k\u00e1ban","description":"A Szic\u00edli\u00e1ban tal\u00e1lhat\u00f3 Etna a vil\u00e1g egyik legakt\u00edvabb vulk\u00e1nja. Az \u00e1lland\u00f3 vulk\u00e1ni tev\u00e9kenys\u00e9g miatt k\u00f6r\u00fclbel\u00fcl 3300 m\u00e9teres cs\u00facs\u00e1nak magass\u00e1ga sz\u00fcntelen\u00fcl v\u00e1ltozik.","robots":{"index":"index","follow":"follow","max-snippet":"max-snippet:-1","max-image-preview":"max-image-preview:large","max-video-preview":"max-video-preview:-1"},"canonical":"https:\/\/www.welovecycling.com\/hu\/trekking-mtb\/vigyazat-lehullo-kovek-montizas-az-aktiv-etna-arnyekaban\/","og_locale":"hu_HU","og_type":"article","og_title":"Vigy\u00e1zat, lehull\u00f3 k\u00f6vek! Montiz\u00e1s az akt\u00edv Etna \u00e1rny\u00e9k\u00e1ban","og_description":"A Szic\u00edli\u00e1ban tal\u00e1lhat\u00f3 Etna a vil\u00e1g egyik legakt\u00edvabb vulk\u00e1nja. Az \u00e1lland\u00f3 vulk\u00e1ni tev\u00e9kenys\u00e9g miatt k\u00f6r\u00fclbel\u00fcl 3300 m\u00e9teres cs\u00facs\u00e1nak magass\u00e1ga sz\u00fcntelen\u00fcl v\u00e1ltozik.","og_url":"https:\/\/www.welovecycling.com\/hu\/trekking-mtb\/vigyazat-lehullo-kovek-montizas-az-aktiv-etna-arnyekaban\/","og_site_name":"\u0160koda We Love Cycling - Magyarorsz\u00e1g","article_publisher":"https:\/\/www.facebook.com\/WeLoveCyclingHungary\/","article_published_time":"2021-05-19T07:00:43+00:00","og_image":[{"width":1366,"height":600,"url":"https:\/\/d2p6e6u75xmxt8.cloudfront.net\/12\/2021\/05\/Cycling-on-Etna-CVR.jpg","type":"image\/jpeg"}],"author":"hegyizs","twitter_card":"summary_large_image","twitter_misc":{"Written by":"Adam Marsal","Est. reading time":"6"},"schema":{"@context":"https:\/\/schema.org","@graph":[{"@type":"WebPage","@id":"https:\/\/www.welovecycling.com\/hu\/trekking-mtb\/vigyazat-lehullo-kovek-montizas-az-aktiv-etna-arnyekaban\/","url":"https:\/\/www.welovecycling.com\/hu\/trekking-mtb\/vigyazat-lehullo-kovek-montizas-az-aktiv-etna-arnyekaban\/","name":"Vigy\u00e1zat, lehull\u00f3 k\u00f6vek! Montiz\u00e1s az akt\u00edv Etna \u00e1rny\u00e9k\u00e1ban","isPartOf":{"@id":"https:\/\/www.welovecycling.com\/hu\/#website"},"primaryImageOfPage":{"@id":"https:\/\/www.welovecycling.com\/hu\/trekking-mtb\/vigyazat-lehullo-kovek-montizas-az-aktiv-etna-arnyekaban\/#primaryimage"},"image":{"@id":"https:\/\/www.welovecycling.com\/hu\/trekking-mtb\/vigyazat-lehullo-kovek-montizas-az-aktiv-etna-arnyekaban\/#primaryimage"},"thumbnailUrl":"https:\/\/d2p6e6u75xmxt8.cloudfront.net\/12\/2021\/05\/Cycling-on-Etna-CVR.jpg","datePublished":"2021-05-19T07:00:43+00:00","author":{"@id":"https:\/\/www.welovecycling.com\/hu\/#\/schema\/person\/414a2aebf1801691a5320edb6468e194"},"description":"A Szic\u00edli\u00e1ban tal\u00e1lhat\u00f3 Etna a vil\u00e1g egyik legakt\u00edvabb vulk\u00e1nja. Az \u00e1lland\u00f3 vulk\u00e1ni tev\u00e9kenys\u00e9g miatt k\u00f6r\u00fclbel\u00fcl 3300 m\u00e9teres cs\u00facs\u00e1nak magass\u00e1ga sz\u00fcntelen\u00fcl v\u00e1ltozik.","breadcrumb":{"@id":"https:\/\/www.welovecycling.com\/hu\/trekking-mtb\/vigyazat-lehullo-kovek-montizas-az-aktiv-etna-arnyekaban\/#breadcrumb"},"inLanguage":"hu","potentialAction":[{"@type":"ReadAction","target":["https:\/\/www.welovecycling.com\/hu\/trekking-mtb\/vigyazat-lehullo-kovek-montizas-az-aktiv-etna-arnyekaban\/"]}]},{"@type":"ImageObject","inLanguage":"hu","@id":"https:\/\/www.welovecycling.com\/hu\/trekking-mtb\/vigyazat-lehullo-kovek-montizas-az-aktiv-etna-arnyekaban\/#primaryimage","url":"https:\/\/d2p6e6u75xmxt8.cloudfront.net\/12\/2021\/05\/Cycling-on-Etna-CVR.jpg","contentUrl":"https:\/\/d2p6e6u75xmxt8.cloudfront.net\/12\/2021\/05\/Cycling-on-Etna-CVR.jpg","width":1366,"height":600},{"@type":"BreadcrumbList","@id":"https:\/\/www.welovecycling.com\/hu\/trekking-mtb\/vigyazat-lehullo-kovek-montizas-az-aktiv-etna-arnyekaban\/#breadcrumb","itemListElement":[{"@type":"ListItem","position":1,"name":"Home","item":"https:\/\/www.welovecycling.com\/hu\/"},{"@type":"ListItem","position":2,"name":"Vigy\u00e1zat, lehull\u00f3 k\u00f6vek! Montiz\u00e1s az akt\u00edv Etna \u00e1rny\u00e9k\u00e1ban"}]},{"@type":"WebSite","@id":"https:\/\/www.welovecycling.com\/hu\/#website","url":"https:\/\/www.welovecycling.com\/hu\/","name":"\u0160koda We Love Cycling - Magyarorsz\u00e1g","description":"\u0160koda WeLoveCycling","potentialAction":[{"@type":"SearchAction","target":{"@type":"EntryPoint","urlTemplate":"https:\/\/www.welovecycling.com\/hu\/?s={search_term_string}"},"query-input":{"@type":"PropertyValueSpecification","valueRequired":true,"valueName":"search_term_string"}}],"inLanguage":"hu"},{"@type":"Person","@id":"https:\/\/www.welovecycling.com\/hu\/#\/schema\/person\/414a2aebf1801691a5320edb6468e194","name":"hegyizs","image":{"@type":"ImageObject","inLanguage":"hu","@id":"https:\/\/www.welovecycling.com\/hu\/#\/schema\/person\/image\/","url":"https:\/\/secure.gravatar.com\/avatar\/02cf8a7906b8cf90cecb4679defac7cfd33a1c2e3b88e4903d947f3bb58eedd3?s=96&d=mm&r=g","contentUrl":"https:\/\/secure.gravatar.com\/avatar\/02cf8a7906b8cf90cecb4679defac7cfd33a1c2e3b88e4903d947f3bb58eedd3?s=96&d=mm&r=g","caption":"hegyizs"},"url":"https:\/\/www.welovecycling.com\/hu\/author\/hegyizs\/"}]}},"_links":{"self":[{"href":"https:\/\/www.welovecycling.com\/hu\/wp-json\/wp\/v2\/posts\/11461","targetHints":{"allow":["GET"]}}],"collection":[{"href":"https:\/\/www.welovecycling.com\/hu\/wp-json\/wp\/v2\/posts"}],"about":[{"href":"https:\/\/www.welovecycling.com\/hu\/wp-json\/wp\/v2\/types\/post"}],"author":[{"embeddable":true,"href":"https:\/\/www.welovecycling.com\/hu\/wp-json\/wp\/v2\/users\/71"}],"replies":[{"embeddable":true,"href":"https:\/\/www.welovecycling.com\/hu\/wp-json\/wp\/v2\/comments?post=11461"}],"version-history":[{"count":1,"href":"https:\/\/www.welovecycling.com\/hu\/wp-json\/wp\/v2\/posts\/11461\/revisions"}],"predecessor-version":[{"id":11463,"href":"https:\/\/www.welovecycling.com\/hu\/wp-json\/wp\/v2\/posts\/11461\/revisions\/11463"}],"wp:featuredmedia":[{"embeddable":true,"href":"https:\/\/www.welovecycling.com\/hu\/wp-json\/wp\/v2\/media\/11462"}],"wp:attachment":[{"href":"https:\/\/www.welovecycling.com\/hu\/wp-json\/wp\/v2\/media?parent=11461"}],"wp:term":[{"taxonomy":"category","embeddable":true,"href":"https:\/\/www.welovecycling.com\/hu\/wp-json\/wp\/v2\/categories?post=11461"},{"taxonomy":"post_tag","embeddable":true,"href":"https:\/\/www.welovecycling.com\/hu\/wp-json\/wp\/v2\/tags?post=11461"},{"taxonomy":"global-categories","embeddable":true,"href":"https:\/\/www.welovecycling.com\/hu\/wp-json\/wp\/v2\/global-categories?post=11461"}],"curies":[{"name":"wp","href":"https:\/\/api.w.org\/{rel}","templated":true}]}}