{"id":11443,"date":"2021-05-22T08:00:08","date_gmt":"2021-05-22T06:00:08","guid":{"rendered":"https:\/\/www.welovecycling.com\/hu\/?p=11443"},"modified":"2021-05-25T15:30:37","modified_gmt":"2021-05-25T13:30:37","slug":"a-profi-versenyzes-neha-elviselhetetlen-terhe","status":"publish","type":"post","link":"https:\/\/www.welovecycling.com\/hu\/orszaguti-kerekpar\/a-profi-versenyzes-neha-elviselhetetlen-terhe\/","title":{"rendered":"A profi versenyz\u00e9s (n\u00e9ha) elviselhetetlen terhe"},"content":{"rendered":"<p><strong>Amikor a 2017-es Giro d\u2019Italia \u00e9s az id\u0151futam vil\u00e1gbajnoka, Tom Dumoulin janu\u00e1rban elmondta, hogy felf\u00fcggeszti versenyz\u0151i karrierj\u00e9t, a sokk \u00e9rezhet\u0151 volt a ker\u00e9kp\u00e1ros vil\u00e1gban. N\u00e9h\u00e1ny nappal kor\u00e1bban a Jumbo-Visma csapata kiadott egy interj\u00fat, amelyben a 30 \u00e9ves holland elmondta, hogy alig v\u00e1rja, hogy ebben a szezonban a macskak\u00f6ves klasszikusokon versenyezhessen.<\/strong><\/p>\n<p><!--more--><br \/>\nEgy vide\u00f3ban, amit szint\u00e9n a csapat tett k\u00f6zz\u00e9, Dumoulin \u00edgy magyar\u00e1zta d\u00f6nt\u00e9s\u00e9t: <em>\u201eM\u00e1r egy j\u00f3 ideje, h\u00f3napok, s\u0151t tal\u00e1n egy \u00e9ve azt \u00e9rzem, hogy nem tal\u00e1lom meg a helyem, mint Tom Dumoulin, a ker\u00e9kp\u00e1ros\u201d<\/em> \u2013 mondta. \u201e<em>A hatalmas nyom\u00e1s, ami mindenfel\u0151l \u00e9rkezik, a nagy elv\u00e1r\u00e1sok\u2026 nagyon sok embernek szeretn\u00e9k megfelelni, de ek\u00f6zben elvesz\u00edtettem \u00f6nmagam.\u201d<\/em><\/p>\n<lite-youtube videoid=jEFcmg6iPq0 params=\"enablejsapi=1\" style=\"background-image: url('https:\/\/i.ytimg.com\/vi_webp\/jEFcmg6iPq0\/maxresdefault.webp');\"><\/lite-youtube>\n<p>Nem ez volt az els\u0151 ilyen eset, 2019-ben a n\u00e9met sprinter Marcel Kittel, aki 14 TdF szakaszt nyert meg, szint\u00e9n kil\u00e9pett az \u00e9lsportb\u00f3l. \u0150 akkoriban \u00edgy nyilatkozott: <em>\u201eEz a d\u00f6nt\u00e9s egy hossz\u00fa folyamat eredm\u00e9nye, mely sor\u00e1n sok k\u00e9rd\u00e9st feltettem magamnak azzal kapcsolatban, hogy hogyan \u00e9s hov\u00e1 szeretn\u00e9k eljutni, mint ember, \u00e9s mint sportol\u00f3, \u00e9s mi az, ami igaz\u00e1n fontos sz\u00e1momra. Szeretem a ker\u00e9kp\u00e1roz\u00e1st, \u00e9s soha nem m\u00falt el a szenved\u00e9lyem ez ir\u00e1nt a gy\u00f6ny\u00f6r\u0171 sport ir\u00e1nt, de azt is tudom, hogy mit kell fel\u00e1ldoznom a siker\u00e9rt.\u201d<\/em><\/p>\n<figure id=\"attachment_11447\" aria-describedby=\"caption-attachment-11447\" style=\"width: 1024px\" class=\"wp-caption alignnone\"><a href=\"https:\/\/d2p6e6u75xmxt8.cloudfront.net\/2\/2021\/05\/Marcel-Kittel-profimedia-0412399968.jpg\"><img loading=\"lazy\" decoding=\"async\" class=\"size-large wp-image-11447\" src=\"https:\/\/d2p6e6u75xmxt8.cloudfront.net\/12\/2021\/05\/Marcel-Kittel-profimedia-0412399968-1024x714.jpg\" alt=\"Marcel Kittel\" width=\"1024\" height=\"714\" srcset=\"https:\/\/d2p6e6u75xmxt8.cloudfront.net\/12\/2021\/05\/Marcel-Kittel-profimedia-0412399968-1024x714.jpg 1024w, https:\/\/d2p6e6u75xmxt8.cloudfront.net\/12\/2021\/05\/Marcel-Kittel-profimedia-0412399968-300x209.jpg 300w, https:\/\/d2p6e6u75xmxt8.cloudfront.net\/12\/2021\/05\/Marcel-Kittel-profimedia-0412399968-768x536.jpg 768w, https:\/\/d2p6e6u75xmxt8.cloudfront.net\/12\/2021\/05\/Marcel-Kittel-profimedia-0412399968.jpg 1250w\" sizes=\"auto, (max-width: 1024px) 100vw, 1024px\" \/><\/a><figcaption id=\"caption-attachment-11447\" class=\"wp-caption-text\"><em>Kittel soha nem t\u00e9rt vissza az \u00e9lsportol\u00f3k k\u00f6z\u00e9. \u00a9 Profimedia<\/em><\/figcaption><\/figure>\n<p>Hogy jobban meg\u00e9rts\u00fck a profi ker\u00e9kp\u00e1rosokra nehezed\u0151 nyom\u00e1st \u00e9s stresszt, a Cycling Weekly nemr\u00e9g interj\u00fat k\u00e9sz\u00edtett a 21 \u00e9ves Th\u00e9o Nonnezzel, a francia orsz\u00e1gos ut\u00e1np\u00f3tl\u00e1s bajnoks\u00e1g 2016-os gy\u0151ztes\u00e9vel, aki harmadik \u00e9ve volt a Groupama-FDJ Continentale csapat\u00e1n\u00e1l, amikor ez \u00e9v \u00e1prilis 12-\u00e9n kil\u00e9pett.<\/p>\n<p><em>\u201eEljutottam egy pontra, amikor m\u00e1r nem tudtam tov\u00e1bb csin\u00e1lni<\/em>\u201d \u2013 mondta Nonnez. <em>\u201eRosszul \u00e9reztem magam, ami\u00e9rt nem tartottam be a szerz\u0151d\u00e9st, de \u00fagy \u00e9reztem, hogy nem lenne fair a sr\u00e1cokkal szemben, ha \u00fagy csin\u00e1ln\u00e9k, mintha minden rendben lenne. Ez egy nagyon neh\u00e9z sport, akkor is, amikor 100%-on vagy, amikor pedig nem, akkor lehetetlen teljes\u00edteni.\u201d<\/em><\/p>\n<p>Amikor csapata bejelentette, hogy t\u00e1vozik, <em>\u201es\u00falyos ment\u00e1lis eg\u00e9szs\u00e9g\u00fcgyi probl\u00e9m\u00e1kkal\u201d <\/em>magyar\u00e1zt\u00e1k a d\u00f6nt\u00e9s\u00e9t, melyet \u201e<em>az edz\u00e9s okozta stressz v\u00e1ltott ki<\/em>\u201d.<\/p>\n<p>https:\/\/www.instagram.com\/p\/BZWZR0fh7NV\/?utm_source=ig_web_copy_link<\/p>\n<p>Enn\u00e9l azonban a val\u00f3di ok minden bizonnyal bonyolultabb volt. Nonnez elmondta, hogy sok\u00e1ig gondolkodott, miel\u0151tt elhat\u00e1rozta volna, hogy kil\u00e9p &#8211; \u00e9s nem b\u00e1nta meg. Megjegyezte, hogy egyesek ezt ki\u00e9g\u00e9snek nevezhetik, de ez t\u00fal egyszer\u0171 megfogalmaz\u00e1s. &#8220;<em>Ink\u00e1bb sok dolog l\u00e1ncolata volt, ami id\u00e1ig vezetett.\u201d<\/em><\/p>\n<p>Ahogy tal\u00e1n Kittel \u00e9s Dumoulin sz\u00e1m\u00e1ra, neki is nagy megk\u00f6nnyebb\u00fcl\u00e9s volt, hogy v\u00e9gre kifejezhette, mit \u00e9rez.<\/p>\n<p><em>\u201e\u00d6rd\u00f6gi k\u00f6rbe ker\u00fcltem, \u00e9s nem mertem arr\u00f3l besz\u00e9lni, hogyan \u00e9rzem magam<\/em>\u201d \u2013 mondta. <em>\u201eMost m\u00e1r tudom, hogy helyesen tettem, hogy megt\u00f6rtem ezt a csendet, ki tudja, mi lett volna, ha nem teszem.\u201d<\/em><\/p>\n<div class=\"embed-controller-wrapper\">\n<blockquote class=\"twitter-tweet\" data-width=\"500\" data-dnt=\"true\">\n<p lang=\"fr\" dir=\"ltr\">&quot;Des cas comme moi, il y en a de plus en plus&quot; : le cycliste Th\u00e9o Nonnez brise le tabou de la d\u00e9pression chez les sportifs de haut niveau<a href=\"https:\/\/t.co\/e8jsNTuMSF\">https:\/\/t.co\/e8jsNTuMSF<\/a> <a href=\"https:\/\/t.co\/obmwdyYDMu\">pic.twitter.com\/obmwdyYDMu<\/a><\/p>\n<p>&mdash; franceinfo (@franceinfo) <a href=\"https:\/\/twitter.com\/franceinfo\/status\/1383785966117167122?ref_src=twsrc%5Etfw\">April 18, 2021<\/a><\/p><\/blockquote>\n<p><script async data-src=\"https:\/\/platform.twitter.com\/widgets.js\" charset=\"utf-8\"><\/script><\/div>\n<p>Nonnez elmondta, hogy a helyzet annyira elviselhetetlenn\u00e9 v\u00e1lt, hogy k\u00f6zel \u00e1llt az ideg\u00f6sszeoml\u00e1shoz. <em>&#8220;Volt, hogy els\u00edrtam magam a biciklin&#8221;<\/em> &#8211; mondta. <em>\u201eEkkor azt mondtam magamban: Th\u00e9o, mindezt le kell \u00e1ll\u00edtanod, v\u00e1ltoztatnod kell, valami baj van.<\/em> <em>Ezut\u00e1n tettem egy l\u00e9p\u00e9st h\u00e1tra. Hatalmas t\u00e1mogat\u00e1st kaptam a csapat orvosi szem\u00e9lyzet\u00e9t\u0151l, valamint a rokonaimt\u00f3l is.\u201d<\/em><\/p>\n<p>Amikor besz\u00e9lt a csapattal a neh\u00e9zs\u00e9geir\u0151l, azt mondt\u00e1k neki, hogy sz\u00e1njon n\u00e9h\u00e1ny hetet arra, hogy \u00e1tgondolja a dolgokat, \u00e9s ha nem \u00e9rzi j\u00f3l mag\u00e1t, addig ne tekerjen. <em>&#8220;Ezt nem tudom el\u00e9gg\u00e9 megk\u00f6sz\u00f6nni a csapatnak&#8221; <\/em>&#8211; mondta Nonnez.<\/p>\n<p>A francia ut\u00e1np\u00f3tl\u00e1s bajnoks\u00e1g mellett Nonnez r\u00f6vid p\u00e1lyafut\u00e1sa sor\u00e1n m\u00e1s figyelemre m\u00e9lt\u00f3 eredm\u00e9nyt is el\u00e9rt, k\u00f6zt\u00fck az \u00f6t\u00f6d helyet a Ronde de l\u2019Isard versenyen \u00e9s a leny\u0171g\u00f6z\u0151 negyediket a 23 \u00e9ven aluli Li\u00e8ge-Bastogne-Li\u00e8ge-en. De a sikernek olyan \u00e1ra volt, amit nem volt k\u00e9pes tov\u00e1bb fizetni.<\/p>\n","protected":false},"excerpt":{"rendered":"<p>Amikor a 2017-es Giro d\u2019Italia \u00e9s az id\u0151futam vil\u00e1gbajnoka, Tom Dumoulin janu\u00e1rban elmondta, hogy felf\u00fcggeszti versenyz\u0151i karrierj\u00e9t, a sokk \u00e9rezhet\u0151 [&hellip;]<\/p>\n","protected":false},"author":71,"featured_media":11449,"comment_status":"closed","ping_status":"closed","sticky":false,"template":"","format":"standard","meta":{"footnotes":""},"categories":[8],"tags":[],"global-categories":[],"class_list":["post-11443","post","type-post","status-publish","format-standard","has-post-thumbnail","hentry","category-orszaguti-kerekpar"],"yoast_head":"<!-- This site is optimized with the Yoast SEO Premium plugin v25.3 (Yoast SEO v25.9) - https:\/\/yoast.com\/wordpress\/plugins\/seo\/ -->\n<title>\ud83d\udeb4\ud83c\udfff\u200d\u2642\ufe0f A profi versenyz\u00e9s (n\u00e9ha) elviselhetetlen terhe<\/title>\n<meta name=\"description\" content=\"Amikor a 2017-es Giro d\u2019Italia \u00e9s az id\u0151futam vil\u00e1gbajnoka, Tom Dumoulin janu\u00e1rban elmondta, hogy felf\u00fcggeszti versenyz\u0151i karrierj\u00e9t, a sokk \u00e9rezhet\u0151 volt a ker\u00e9kp\u00e1ros vil\u00e1gban.\" \/>\n<meta name=\"robots\" content=\"index, follow, max-snippet:-1, max-image-preview:large, max-video-preview:-1\" \/>\n<link rel=\"canonical\" href=\"https:\/\/www.welovecycling.com\/hu\/orszaguti-kerekpar\/a-profi-versenyzes-neha-elviselhetetlen-terhe\/\" \/>\n<meta property=\"og:locale\" content=\"hu_HU\" \/>\n<meta property=\"og:type\" content=\"article\" \/>\n<meta property=\"og:title\" content=\"A profi versenyz\u00e9s (n\u00e9ha) elviselhetetlen terhe\" \/>\n<meta property=\"og:description\" content=\"Amikor a 2017-es Giro d\u2019Italia \u00e9s az id\u0151futam vil\u00e1gbajnoka, Tom Dumoulin janu\u00e1rban elmondta, hogy felf\u00fcggeszti versenyz\u0151i karrierj\u00e9t, a sokk \u00e9rezhet\u0151 volt a ker\u00e9kp\u00e1ros vil\u00e1gban.\" \/>\n<meta property=\"og:url\" content=\"https:\/\/www.welovecycling.com\/hu\/orszaguti-kerekpar\/a-profi-versenyzes-neha-elviselhetetlen-terhe\/\" \/>\n<meta property=\"og:site_name\" content=\"\u0160koda We Love Cycling - Magyarorsz\u00e1g\" \/>\n<meta property=\"article:publisher\" content=\"https:\/\/www.facebook.com\/WeLoveCyclingHungary\/\" \/>\n<meta property=\"article:published_time\" content=\"2021-05-22T06:00:08+00:00\" \/>\n<meta property=\"article:modified_time\" content=\"2021-05-25T13:30:37+00:00\" \/>\n<meta property=\"og:image\" content=\"https:\/\/d2p6e6u75xmxt8.cloudfront.net\/12\/2021\/05\/Tom-Dumoulin-profimedia-0560191779-CVR.jpg\" \/>\n\t<meta property=\"og:image:width\" content=\"1366\" \/>\n\t<meta property=\"og:image:height\" content=\"600\" \/>\n\t<meta property=\"og:image:type\" content=\"image\/jpeg\" \/>\n<meta name=\"author\" content=\"hegyizs\" \/>\n<meta name=\"twitter:card\" content=\"summary_large_image\" \/>\n<meta name=\"twitter:label1\" content=\"Written by\" \/>\n\t<meta name=\"twitter:data1\" content=\"Siegfried Mortkowitz\" \/>\n\t<meta name=\"twitter:label2\" content=\"Est. reading time\" \/>\n\t<meta name=\"twitter:data2\" content=\"6\" \/>\n<script type=\"application\/ld+json\" class=\"yoast-schema-graph\">{\"@context\":\"https:\/\/schema.org\",\"@graph\":[{\"@type\":\"WebPage\",\"@id\":\"https:\/\/www.welovecycling.com\/hu\/orszaguti-kerekpar\/a-profi-versenyzes-neha-elviselhetetlen-terhe\/\",\"url\":\"https:\/\/www.welovecycling.com\/hu\/orszaguti-kerekpar\/a-profi-versenyzes-neha-elviselhetetlen-terhe\/\",\"name\":\"\ud83d\udeb4\ud83c\udfff\u200d\u2642\ufe0f A profi versenyz\u00e9s (n\u00e9ha) elviselhetetlen terhe\",\"isPartOf\":{\"@id\":\"https:\/\/www.welovecycling.com\/hu\/#website\"},\"primaryImageOfPage\":{\"@id\":\"https:\/\/www.welovecycling.com\/hu\/orszaguti-kerekpar\/a-profi-versenyzes-neha-elviselhetetlen-terhe\/#primaryimage\"},\"image\":{\"@id\":\"https:\/\/www.welovecycling.com\/hu\/orszaguti-kerekpar\/a-profi-versenyzes-neha-elviselhetetlen-terhe\/#primaryimage\"},\"thumbnailUrl\":\"https:\/\/d2p6e6u75xmxt8.cloudfront.net\/12\/2021\/05\/Tom-Dumoulin-profimedia-0560191779-CVR.jpg\",\"datePublished\":\"2021-05-22T06:00:08+00:00\",\"dateModified\":\"2021-05-25T13:30:37+00:00\",\"author\":{\"@id\":\"https:\/\/www.welovecycling.com\/hu\/#\/schema\/person\/414a2aebf1801691a5320edb6468e194\"},\"description\":\"Amikor a 2017-es Giro d\u2019Italia \u00e9s az id\u0151futam vil\u00e1gbajnoka, Tom Dumoulin janu\u00e1rban elmondta, hogy felf\u00fcggeszti versenyz\u0151i karrierj\u00e9t, a sokk \u00e9rezhet\u0151 volt a ker\u00e9kp\u00e1ros vil\u00e1gban.\",\"breadcrumb\":{\"@id\":\"https:\/\/www.welovecycling.com\/hu\/orszaguti-kerekpar\/a-profi-versenyzes-neha-elviselhetetlen-terhe\/#breadcrumb\"},\"inLanguage\":\"hu\",\"potentialAction\":[{\"@type\":\"ReadAction\",\"target\":[\"https:\/\/www.welovecycling.com\/hu\/orszaguti-kerekpar\/a-profi-versenyzes-neha-elviselhetetlen-terhe\/\"]}]},{\"@type\":\"ImageObject\",\"inLanguage\":\"hu\",\"@id\":\"https:\/\/www.welovecycling.com\/hu\/orszaguti-kerekpar\/a-profi-versenyzes-neha-elviselhetetlen-terhe\/#primaryimage\",\"url\":\"https:\/\/d2p6e6u75xmxt8.cloudfront.net\/12\/2021\/05\/Tom-Dumoulin-profimedia-0560191779-CVR.jpg\",\"contentUrl\":\"https:\/\/d2p6e6u75xmxt8.cloudfront.net\/12\/2021\/05\/Tom-Dumoulin-profimedia-0560191779-CVR.jpg\",\"width\":1366,\"height\":600,\"caption\":\"Tom Dumoulin racing\"},{\"@type\":\"BreadcrumbList\",\"@id\":\"https:\/\/www.welovecycling.com\/hu\/orszaguti-kerekpar\/a-profi-versenyzes-neha-elviselhetetlen-terhe\/#breadcrumb\",\"itemListElement\":[{\"@type\":\"ListItem\",\"position\":1,\"name\":\"Home\",\"item\":\"https:\/\/www.welovecycling.com\/hu\/\"},{\"@type\":\"ListItem\",\"position\":2,\"name\":\"A profi versenyz\u00e9s (n\u00e9ha) elviselhetetlen terhe\"}]},{\"@type\":\"WebSite\",\"@id\":\"https:\/\/www.welovecycling.com\/hu\/#website\",\"url\":\"https:\/\/www.welovecycling.com\/hu\/\",\"name\":\"\u0160koda We Love Cycling - Magyarorsz\u00e1g\",\"description\":\"\u0160koda WeLoveCycling\",\"potentialAction\":[{\"@type\":\"SearchAction\",\"target\":{\"@type\":\"EntryPoint\",\"urlTemplate\":\"https:\/\/www.welovecycling.com\/hu\/?s={search_term_string}\"},\"query-input\":{\"@type\":\"PropertyValueSpecification\",\"valueRequired\":true,\"valueName\":\"search_term_string\"}}],\"inLanguage\":\"hu\"},{\"@type\":\"Person\",\"@id\":\"https:\/\/www.welovecycling.com\/hu\/#\/schema\/person\/414a2aebf1801691a5320edb6468e194\",\"name\":\"hegyizs\",\"image\":{\"@type\":\"ImageObject\",\"inLanguage\":\"hu\",\"@id\":\"https:\/\/www.welovecycling.com\/hu\/#\/schema\/person\/image\/\",\"url\":\"https:\/\/secure.gravatar.com\/avatar\/02cf8a7906b8cf90cecb4679defac7cfd33a1c2e3b88e4903d947f3bb58eedd3?s=96&d=mm&r=g\",\"contentUrl\":\"https:\/\/secure.gravatar.com\/avatar\/02cf8a7906b8cf90cecb4679defac7cfd33a1c2e3b88e4903d947f3bb58eedd3?s=96&d=mm&r=g\",\"caption\":\"hegyizs\"},\"url\":\"https:\/\/www.welovecycling.com\/hu\/author\/hegyizs\/\"}]}<\/script>\n<!-- \/ Yoast SEO Premium plugin. -->","yoast_head_json":{"title":"\ud83d\udeb4\ud83c\udfff\u200d\u2642\ufe0f A profi versenyz\u00e9s (n\u00e9ha) elviselhetetlen terhe","description":"Amikor a 2017-es Giro d\u2019Italia \u00e9s az id\u0151futam vil\u00e1gbajnoka, Tom Dumoulin janu\u00e1rban elmondta, hogy felf\u00fcggeszti versenyz\u0151i karrierj\u00e9t, a sokk \u00e9rezhet\u0151 volt a ker\u00e9kp\u00e1ros vil\u00e1gban.","robots":{"index":"index","follow":"follow","max-snippet":"max-snippet:-1","max-image-preview":"max-image-preview:large","max-video-preview":"max-video-preview:-1"},"canonical":"https:\/\/www.welovecycling.com\/hu\/orszaguti-kerekpar\/a-profi-versenyzes-neha-elviselhetetlen-terhe\/","og_locale":"hu_HU","og_type":"article","og_title":"A profi versenyz\u00e9s (n\u00e9ha) elviselhetetlen terhe","og_description":"Amikor a 2017-es Giro d\u2019Italia \u00e9s az id\u0151futam vil\u00e1gbajnoka, Tom Dumoulin janu\u00e1rban elmondta, hogy felf\u00fcggeszti versenyz\u0151i karrierj\u00e9t, a sokk \u00e9rezhet\u0151 volt a ker\u00e9kp\u00e1ros vil\u00e1gban.","og_url":"https:\/\/www.welovecycling.com\/hu\/orszaguti-kerekpar\/a-profi-versenyzes-neha-elviselhetetlen-terhe\/","og_site_name":"\u0160koda We Love Cycling - Magyarorsz\u00e1g","article_publisher":"https:\/\/www.facebook.com\/WeLoveCyclingHungary\/","article_published_time":"2021-05-22T06:00:08+00:00","article_modified_time":"2021-05-25T13:30:37+00:00","og_image":[{"width":1366,"height":600,"url":"https:\/\/d2p6e6u75xmxt8.cloudfront.net\/12\/2021\/05\/Tom-Dumoulin-profimedia-0560191779-CVR.jpg","type":"image\/jpeg"}],"author":"hegyizs","twitter_card":"summary_large_image","twitter_misc":{"Written by":"Siegfried Mortkowitz","Est. reading time":"6"},"schema":{"@context":"https:\/\/schema.org","@graph":[{"@type":"WebPage","@id":"https:\/\/www.welovecycling.com\/hu\/orszaguti-kerekpar\/a-profi-versenyzes-neha-elviselhetetlen-terhe\/","url":"https:\/\/www.welovecycling.com\/hu\/orszaguti-kerekpar\/a-profi-versenyzes-neha-elviselhetetlen-terhe\/","name":"\ud83d\udeb4\ud83c\udfff\u200d\u2642\ufe0f A profi versenyz\u00e9s (n\u00e9ha) elviselhetetlen terhe","isPartOf":{"@id":"https:\/\/www.welovecycling.com\/hu\/#website"},"primaryImageOfPage":{"@id":"https:\/\/www.welovecycling.com\/hu\/orszaguti-kerekpar\/a-profi-versenyzes-neha-elviselhetetlen-terhe\/#primaryimage"},"image":{"@id":"https:\/\/www.welovecycling.com\/hu\/orszaguti-kerekpar\/a-profi-versenyzes-neha-elviselhetetlen-terhe\/#primaryimage"},"thumbnailUrl":"https:\/\/d2p6e6u75xmxt8.cloudfront.net\/12\/2021\/05\/Tom-Dumoulin-profimedia-0560191779-CVR.jpg","datePublished":"2021-05-22T06:00:08+00:00","dateModified":"2021-05-25T13:30:37+00:00","author":{"@id":"https:\/\/www.welovecycling.com\/hu\/#\/schema\/person\/414a2aebf1801691a5320edb6468e194"},"description":"Amikor a 2017-es Giro d\u2019Italia \u00e9s az id\u0151futam vil\u00e1gbajnoka, Tom Dumoulin janu\u00e1rban elmondta, hogy felf\u00fcggeszti versenyz\u0151i karrierj\u00e9t, a sokk \u00e9rezhet\u0151 volt a ker\u00e9kp\u00e1ros vil\u00e1gban.","breadcrumb":{"@id":"https:\/\/www.welovecycling.com\/hu\/orszaguti-kerekpar\/a-profi-versenyzes-neha-elviselhetetlen-terhe\/#breadcrumb"},"inLanguage":"hu","potentialAction":[{"@type":"ReadAction","target":["https:\/\/www.welovecycling.com\/hu\/orszaguti-kerekpar\/a-profi-versenyzes-neha-elviselhetetlen-terhe\/"]}]},{"@type":"ImageObject","inLanguage":"hu","@id":"https:\/\/www.welovecycling.com\/hu\/orszaguti-kerekpar\/a-profi-versenyzes-neha-elviselhetetlen-terhe\/#primaryimage","url":"https:\/\/d2p6e6u75xmxt8.cloudfront.net\/12\/2021\/05\/Tom-Dumoulin-profimedia-0560191779-CVR.jpg","contentUrl":"https:\/\/d2p6e6u75xmxt8.cloudfront.net\/12\/2021\/05\/Tom-Dumoulin-profimedia-0560191779-CVR.jpg","width":1366,"height":600,"caption":"Tom Dumoulin racing"},{"@type":"BreadcrumbList","@id":"https:\/\/www.welovecycling.com\/hu\/orszaguti-kerekpar\/a-profi-versenyzes-neha-elviselhetetlen-terhe\/#breadcrumb","itemListElement":[{"@type":"ListItem","position":1,"name":"Home","item":"https:\/\/www.welovecycling.com\/hu\/"},{"@type":"ListItem","position":2,"name":"A profi versenyz\u00e9s (n\u00e9ha) elviselhetetlen terhe"}]},{"@type":"WebSite","@id":"https:\/\/www.welovecycling.com\/hu\/#website","url":"https:\/\/www.welovecycling.com\/hu\/","name":"\u0160koda We Love Cycling - Magyarorsz\u00e1g","description":"\u0160koda WeLoveCycling","potentialAction":[{"@type":"SearchAction","target":{"@type":"EntryPoint","urlTemplate":"https:\/\/www.welovecycling.com\/hu\/?s={search_term_string}"},"query-input":{"@type":"PropertyValueSpecification","valueRequired":true,"valueName":"search_term_string"}}],"inLanguage":"hu"},{"@type":"Person","@id":"https:\/\/www.welovecycling.com\/hu\/#\/schema\/person\/414a2aebf1801691a5320edb6468e194","name":"hegyizs","image":{"@type":"ImageObject","inLanguage":"hu","@id":"https:\/\/www.welovecycling.com\/hu\/#\/schema\/person\/image\/","url":"https:\/\/secure.gravatar.com\/avatar\/02cf8a7906b8cf90cecb4679defac7cfd33a1c2e3b88e4903d947f3bb58eedd3?s=96&d=mm&r=g","contentUrl":"https:\/\/secure.gravatar.com\/avatar\/02cf8a7906b8cf90cecb4679defac7cfd33a1c2e3b88e4903d947f3bb58eedd3?s=96&d=mm&r=g","caption":"hegyizs"},"url":"https:\/\/www.welovecycling.com\/hu\/author\/hegyizs\/"}]}},"_links":{"self":[{"href":"https:\/\/www.welovecycling.com\/hu\/wp-json\/wp\/v2\/posts\/11443","targetHints":{"allow":["GET"]}}],"collection":[{"href":"https:\/\/www.welovecycling.com\/hu\/wp-json\/wp\/v2\/posts"}],"about":[{"href":"https:\/\/www.welovecycling.com\/hu\/wp-json\/wp\/v2\/types\/post"}],"author":[{"embeddable":true,"href":"https:\/\/www.welovecycling.com\/hu\/wp-json\/wp\/v2\/users\/71"}],"replies":[{"embeddable":true,"href":"https:\/\/www.welovecycling.com\/hu\/wp-json\/wp\/v2\/comments?post=11443"}],"version-history":[{"count":2,"href":"https:\/\/www.welovecycling.com\/hu\/wp-json\/wp\/v2\/posts\/11443\/revisions"}],"predecessor-version":[{"id":11465,"href":"https:\/\/www.welovecycling.com\/hu\/wp-json\/wp\/v2\/posts\/11443\/revisions\/11465"}],"wp:featuredmedia":[{"embeddable":true,"href":"https:\/\/www.welovecycling.com\/hu\/wp-json\/wp\/v2\/media\/11449"}],"wp:attachment":[{"href":"https:\/\/www.welovecycling.com\/hu\/wp-json\/wp\/v2\/media?parent=11443"}],"wp:term":[{"taxonomy":"category","embeddable":true,"href":"https:\/\/www.welovecycling.com\/hu\/wp-json\/wp\/v2\/categories?post=11443"},{"taxonomy":"post_tag","embeddable":true,"href":"https:\/\/www.welovecycling.com\/hu\/wp-json\/wp\/v2\/tags?post=11443"},{"taxonomy":"global-categories","embeddable":true,"href":"https:\/\/www.welovecycling.com\/hu\/wp-json\/wp\/v2\/global-categories?post=11443"}],"curies":[{"name":"wp","href":"https:\/\/api.w.org\/{rel}","templated":true}]}}