{"id":11433,"date":"2021-05-18T08:00:45","date_gmt":"2021-05-18T07:00:45","guid":{"rendered":"https:\/\/www.welovecycling.com\/hu\/?p=11433"},"modified":"2021-05-13T09:31:02","modified_gmt":"2021-05-13T08:31:02","slug":"egy-jo-eros-kaveval-a-felesleges-zsir-ellen","status":"publish","type":"post","link":"https:\/\/www.welovecycling.com\/hu\/edzes-es-eletmod\/egy-jo-eros-kaveval-a-felesleges-zsir-ellen\/","title":{"rendered":"Egy j\u00f3 er\u0151s k\u00e1v\u00e9val a felesleges zs\u00edr ellen"},"content":{"rendered":"<p><strong>J\u00f3 h\u00edr minden k\u00e1v\u00e9-rajong\u00f3nak, aki fogyni szeretne! Egy tanulm\u00e1ny szerint, ami nem r\u00e9g ker\u00fclt publik\u00e1l\u00e1sra, ha koffeint visz\u00fcnk be edz\u00e9s el\u0151tt, t\u00f6bb zs\u00edrt tudunk el\u00e9getni. De m\u00e9gis mennyi k\u00e1v\u00e9t kell ehhez inni \u00e9s mikor? Vizsg\u00e1ljuk meg k\u00f6zelebbr\u0151l!<\/strong><\/p>\n<p><!--more--><\/p>\n<h2><strong>K\u00e1v\u00e9 \u00e9s ker\u00e9kp\u00e1r<\/strong><\/h2>\n<p>A granadai egyetem kutat\u00f3i a napokban publik\u00e1ltak egy tanulm\u00e1nyt a <em>Journal of the International Society of Sports Nutrition<\/em> foly\u00f3iratban, melynek k\u00f6z\u00e9ppontj\u00e1ban a koffein zs\u00edr\u00e9get\u00e9sre gyakorolt hat\u00e1sa volt, testedz\u00e9s k\u00f6zben. A k\u00e1v\u00e9t sz\u00e9les k\u00f6rben haszn\u00e1lj\u00e1k leg\u00e1lis teljes\u00edtm\u00e9nyn\u00f6vel\u0151 szerk\u00e9nt, ez a tanulm\u00e1ny pedig csak n\u00f6veli a hat\u00e9konys\u00e1g\u00e1t bizony\u00edt\u00f3 kutat\u00e1sok sz\u00e1m\u00e1t.<\/p>\n<figure id=\"attachment_9376\" aria-describedby=\"caption-attachment-9376\" style=\"width: 1024px\" class=\"wp-caption alignnone\"><a href=\"https:\/\/d2p6e6u75xmxt8.cloudfront.net\/2\/2020\/11\/Coffee-pexels-helena-lopes-1394841.jpg\"><img loading=\"lazy\" decoding=\"async\" class=\"wp-image-9376 size-large\" src=\"https:\/\/d2p6e6u75xmxt8.cloudfront.net\/12\/2020\/11\/Coffee-pexels-helena-lopes-1394841-1024x682.jpg\" alt=\"Coffee Pouring\" width=\"1024\" height=\"682\" srcset=\"https:\/\/d2p6e6u75xmxt8.cloudfront.net\/12\/2020\/11\/Coffee-pexels-helena-lopes-1394841-1024x682.jpg 1024w, https:\/\/d2p6e6u75xmxt8.cloudfront.net\/12\/2020\/11\/Coffee-pexels-helena-lopes-1394841-300x200.jpg 300w, https:\/\/d2p6e6u75xmxt8.cloudfront.net\/12\/2020\/11\/Coffee-pexels-helena-lopes-1394841-768x512.jpg 768w, https:\/\/d2p6e6u75xmxt8.cloudfront.net\/12\/2020\/11\/Coffee-pexels-helena-lopes-1394841-272x182.jpg 272w, https:\/\/d2p6e6u75xmxt8.cloudfront.net\/12\/2020\/11\/Coffee-pexels-helena-lopes-1394841.jpg 1280w\" sizes=\"auto, (max-width: 1024px) 100vw, 1024px\" \/><\/a><figcaption id=\"caption-attachment-9376\" class=\"wp-caption-text\"><em>Egy er\u0151s k\u00e1v\u00e9 edz\u00e9s el\u0151tt seg\u00edti a zs\u00edr\u00e9get\u00e9st. \u00a9 Profimedia<\/em><\/figcaption><\/figure>\n<h2><strong>K\u00e1v\u00e9 vagy \u00e9hgyomor?<\/strong><\/h2>\n<p><a href=\"https:\/\/www.welovecycling.com\/hu\/edzes-es-eletmod\/5-erv-miert-tekerj-ures-hassal\/\">Gyakori aj\u00e1nl\u00e1s<\/a>, hogy ha zs\u00edrt akarunk \u00e9getni, induljunk el reggel, \u00fcres hassal.<\/p>\n<p>Azonban a sz\u00f3ban forg\u00f3 tanulm\u00e1ny vezet\u0151je \u00edgy nyilatkozott: <em>\u201eNagyon sokan aj\u00e1nlj\u00e1k, hogy reggel, \u00e9hgyomorral mozogjunk, hogy t\u00f6bb zs\u00edrt \u00e9gethess\u00fcnk el. Ennek a m\u00f3dszernek azonban nincs tudom\u00e1nyos alapja, mivel nem tudjuk, hogy a magasabb zs\u00edroxid\u00e1ci\u00f3 a reggeli id\u0151pont vagy az \u00fcres gyomor k\u00f6vetkezm\u00e9nye.\u201d<\/em><\/p>\n<p>\u00c9ppen ez\u00e9rt osztott\u00e1k k\u00e9t r\u00e9szre a kutat\u00e1s alanyait: az egyik csoport reggel 8:00-kor, a m\u00e1sik pedig d\u00e9lut\u00e1n 17:00-kor fogyasztott koffeint, majd mindk\u00e9t csapatnak ugyanazt a feladatsort kellett elv\u00e9geznie. Az olyan v\u00e1ltoz\u00f3kat, mint a legut\u00f3bbi \u00e9tkez\u00e9s \u00f3ta eltelt id\u0151, a testmozg\u00e1s intenzit\u00e1sa \u00e9s m\u00e1s stimul\u00e1nsok, szigor\u00faan kontroll\u00e1lt\u00e1k.<\/p>\n<figure id=\"attachment_9375\" aria-describedby=\"caption-attachment-9375\" style=\"width: 1024px\" class=\"wp-caption alignnone\"><a href=\"https:\/\/d2p6e6u75xmxt8.cloudfront.net\/2\/2020\/11\/profimedia-0377038146.jpg\"><img loading=\"lazy\" decoding=\"async\" class=\"size-large wp-image-9375\" src=\"https:\/\/d2p6e6u75xmxt8.cloudfront.net\/12\/2020\/11\/profimedia-0377038146-1024x681.jpg\" alt=\"Sagan and coffee\" width=\"1024\" height=\"681\" srcset=\"https:\/\/d2p6e6u75xmxt8.cloudfront.net\/12\/2020\/11\/profimedia-0377038146-1024x681.jpg 1024w, https:\/\/d2p6e6u75xmxt8.cloudfront.net\/12\/2020\/11\/profimedia-0377038146-300x200.jpg 300w, https:\/\/d2p6e6u75xmxt8.cloudfront.net\/12\/2020\/11\/profimedia-0377038146-768x511.jpg 768w, https:\/\/d2p6e6u75xmxt8.cloudfront.net\/12\/2020\/11\/profimedia-0377038146-1536x1021.jpg 1536w, https:\/\/d2p6e6u75xmxt8.cloudfront.net\/12\/2020\/11\/profimedia-0377038146-272x182.jpg 272w, https:\/\/d2p6e6u75xmxt8.cloudfront.net\/12\/2020\/11\/profimedia-0377038146.jpg 1800w\" sizes=\"auto, (max-width: 1024px) 100vw, 1024px\" \/><\/a><figcaption id=\"caption-attachment-9375\" class=\"wp-caption-text\"><em>Vajon a k\u00e1v\u00e9 a titka? \u00a9 Profimedia<\/em><\/figcaption><\/figure>\n<h2><strong>\u00c9rvek a koffein mellett<\/strong><\/h2>\n<p>Az eredm\u00e9nyek \u00f6sszehasonl\u00edt\u00e1s\u00e1b\u00f3l kider\u00fclt, hogy a mozg\u00e1s el\u0151tti k\u00e1v\u00e9fogyaszt\u00e1s seg\u00edt t\u00f6bb zs\u00edrt el\u00e9getni, mint amennyit koffein n\u00e9lk\u00fcl tudn\u00e1nk.<\/p>\n<p><em>\u201eA kutat\u00e1s eredm\u00e9nyei azt mutatt\u00e1k, hogy az akut koffeinfogyaszt\u00e1s, 30 perccel az aerob testgyakorlati teszt elv\u00e9gz\u00e9se el\u0151tt n\u00f6velte a maxim\u00e1lis zs\u00edroxid\u00e1ci\u00f3t edz\u00e9s k\u00f6zben, a napszakt\u00f3l f\u00fcggetlen\u00fcl\u201d<\/em> \u2013 magyar\u00e1zta Francisco J. Amaro.<\/p>\n<h2><strong>D\u00e9lut\u00e1n t\u00f6bb zs\u00edr \u00e9g<\/strong><\/h2>\n<p>A tanulm\u00e1ny m\u00e9g egy \u00e9rdekes t\u00e9nyt t\u00e1rt fel. A r\u00e9sztvev\u0151k t\u00f6bb zs\u00edrt \u00e9gettek a d\u00e9lut\u00e1n v\u00e9gzett edz\u00e9sek sor\u00e1n, mint a reggeli mozg\u00e1s k\u00f6zben. Val\u00f3j\u00e1ban a reggel, koffeinnel v\u00e9gzett testmozg\u00e1s sor\u00e1n a zs\u00edroxid\u00e1ci\u00f3 nagyj\u00e1b\u00f3l ugyanannyival volt magasabb az \u00e9hgyomorra v\u00e9gzett edz\u00e9sn\u00e9l, mint amennyivel egy koffein n\u00e9lk\u00fcl d\u00e9lut\u00e1ni edz\u00e9s. Teh\u00e1t, ha optimaliz\u00e1lni szeretn\u00e9d az el\u00e9getett zs\u00edr mennyis\u00e9g\u00e9t, a k\u00f6vetkez\u0151ket kell tenned: fogyassz 3 mg koffeint testt\u00f6meged minden kilogrammja ut\u00e1n (ez sz\u00e1m\u00edt egy er\u0151s k\u00e1v\u00e9nak) 30 perccel, ezl\u0151tt, hogy d\u00e9lut\u00e1n biciklizni induln\u00e1l!<\/p>\n","protected":false},"excerpt":{"rendered":"<p>J\u00f3 h\u00edr minden k\u00e1v\u00e9-rajong\u00f3nak, aki fogyni szeretne! Egy tanulm\u00e1ny szerint, ami nem r\u00e9g ker\u00fclt publik\u00e1l\u00e1sra, ha koffeint visz\u00fcnk be edz\u00e9s [&hellip;]<\/p>\n","protected":false},"author":71,"featured_media":11435,"comment_status":"closed","ping_status":"closed","sticky":false,"template":"","format":"standard","meta":{"footnotes":""},"categories":[6],"tags":[],"global-categories":[],"class_list":["post-11433","post","type-post","status-publish","format-standard","has-post-thumbnail","hentry","category-edzes-es-eletmod"],"yoast_head":"<!-- This site is optimized with the Yoast SEO Premium plugin v25.3 (Yoast SEO v25.9) - https:\/\/yoast.com\/wordpress\/plugins\/seo\/ -->\n<title>Egy j\u00f3 er\u0151s k\u00e1v\u00e9val a felesleges zs\u00edr ellen<\/title>\n<meta name=\"description\" content=\"J\u00f3 h\u00edr minden k\u00e1v\u00e9-rajong\u00f3nak, aki fogyni szeretne! Egy tanulm\u00e1ny szerint, ami nem r\u00e9g ker\u00fclt publik\u00e1l\u00e1sra, ha koffeint visz\u00fcnk be edz\u00e9s el\u0151tt, t\u00f6bb zs\u00edrt tudunk el\u00e9getni. De m\u00e9gis mennyi k\u00e1v\u00e9t kell ehhez inni \u00e9s mikor? Vizsg\u00e1ljuk meg k\u00f6zelebbr\u0151l!\" \/>\n<meta name=\"robots\" content=\"index, follow, max-snippet:-1, max-image-preview:large, max-video-preview:-1\" \/>\n<link rel=\"canonical\" href=\"https:\/\/www.welovecycling.com\/hu\/edzes-es-eletmod\/egy-jo-eros-kaveval-a-felesleges-zsir-ellen\/\" \/>\n<meta property=\"og:locale\" content=\"hu_HU\" \/>\n<meta property=\"og:type\" content=\"article\" \/>\n<meta property=\"og:title\" content=\"Egy j\u00f3 er\u0151s k\u00e1v\u00e9val a felesleges zs\u00edr ellen\" \/>\n<meta property=\"og:description\" content=\"J\u00f3 h\u00edr minden k\u00e1v\u00e9-rajong\u00f3nak, aki fogyni szeretne! Egy tanulm\u00e1ny szerint, ami nem r\u00e9g ker\u00fclt publik\u00e1l\u00e1sra, ha koffeint visz\u00fcnk be edz\u00e9s el\u0151tt, t\u00f6bb zs\u00edrt tudunk el\u00e9getni. De m\u00e9gis mennyi k\u00e1v\u00e9t kell ehhez inni \u00e9s mikor? Vizsg\u00e1ljuk meg k\u00f6zelebbr\u0151l!\" \/>\n<meta property=\"og:url\" content=\"https:\/\/www.welovecycling.com\/hu\/edzes-es-eletmod\/egy-jo-eros-kaveval-a-felesleges-zsir-ellen\/\" \/>\n<meta property=\"og:site_name\" content=\"\u0160koda We Love Cycling - Magyarorsz\u00e1g\" \/>\n<meta property=\"article:publisher\" content=\"https:\/\/www.facebook.com\/WeLoveCyclingHungary\/\" \/>\n<meta property=\"article:published_time\" content=\"2021-05-18T07:00:45+00:00\" \/>\n<meta property=\"og:image\" content=\"https:\/\/d2p6e6u75xmxt8.cloudfront.net\/12\/2021\/05\/Cup-of-coffee-pexels-kaboompics-com-6347-CVR.jpg\" \/>\n\t<meta property=\"og:image:width\" content=\"1366\" \/>\n\t<meta property=\"og:image:height\" content=\"600\" \/>\n\t<meta property=\"og:image:type\" content=\"image\/jpeg\" \/>\n<meta name=\"author\" content=\"hegyizs\" \/>\n<meta name=\"twitter:card\" content=\"summary_large_image\" \/>\n<meta name=\"twitter:label1\" content=\"Written by\" \/>\n\t<meta name=\"twitter:data1\" content=\"Jiri Kaloc\" \/>\n\t<meta name=\"twitter:label2\" content=\"Est. reading time\" \/>\n\t<meta name=\"twitter:data2\" content=\"5\" \/>\n<script type=\"application\/ld+json\" class=\"yoast-schema-graph\">{\"@context\":\"https:\/\/schema.org\",\"@graph\":[{\"@type\":\"WebPage\",\"@id\":\"https:\/\/www.welovecycling.com\/hu\/edzes-es-eletmod\/egy-jo-eros-kaveval-a-felesleges-zsir-ellen\/\",\"url\":\"https:\/\/www.welovecycling.com\/hu\/edzes-es-eletmod\/egy-jo-eros-kaveval-a-felesleges-zsir-ellen\/\",\"name\":\"Egy j\u00f3 er\u0151s k\u00e1v\u00e9val a felesleges zs\u00edr ellen\",\"isPartOf\":{\"@id\":\"https:\/\/www.welovecycling.com\/hu\/#website\"},\"primaryImageOfPage\":{\"@id\":\"https:\/\/www.welovecycling.com\/hu\/edzes-es-eletmod\/egy-jo-eros-kaveval-a-felesleges-zsir-ellen\/#primaryimage\"},\"image\":{\"@id\":\"https:\/\/www.welovecycling.com\/hu\/edzes-es-eletmod\/egy-jo-eros-kaveval-a-felesleges-zsir-ellen\/#primaryimage\"},\"thumbnailUrl\":\"https:\/\/d2p6e6u75xmxt8.cloudfront.net\/12\/2021\/05\/Cup-of-coffee-pexels-kaboompics-com-6347-CVR.jpg\",\"datePublished\":\"2021-05-18T07:00:45+00:00\",\"author\":{\"@id\":\"https:\/\/www.welovecycling.com\/hu\/#\/schema\/person\/414a2aebf1801691a5320edb6468e194\"},\"description\":\"J\u00f3 h\u00edr minden k\u00e1v\u00e9-rajong\u00f3nak, aki fogyni szeretne! Egy tanulm\u00e1ny szerint, ami nem r\u00e9g ker\u00fclt publik\u00e1l\u00e1sra, ha koffeint visz\u00fcnk be edz\u00e9s el\u0151tt, t\u00f6bb zs\u00edrt tudunk el\u00e9getni. De m\u00e9gis mennyi k\u00e1v\u00e9t kell ehhez inni \u00e9s mikor? Vizsg\u00e1ljuk meg k\u00f6zelebbr\u0151l!\",\"breadcrumb\":{\"@id\":\"https:\/\/www.welovecycling.com\/hu\/edzes-es-eletmod\/egy-jo-eros-kaveval-a-felesleges-zsir-ellen\/#breadcrumb\"},\"inLanguage\":\"hu\",\"potentialAction\":[{\"@type\":\"ReadAction\",\"target\":[\"https:\/\/www.welovecycling.com\/hu\/edzes-es-eletmod\/egy-jo-eros-kaveval-a-felesleges-zsir-ellen\/\"]}]},{\"@type\":\"ImageObject\",\"inLanguage\":\"hu\",\"@id\":\"https:\/\/www.welovecycling.com\/hu\/edzes-es-eletmod\/egy-jo-eros-kaveval-a-felesleges-zsir-ellen\/#primaryimage\",\"url\":\"https:\/\/d2p6e6u75xmxt8.cloudfront.net\/12\/2021\/05\/Cup-of-coffee-pexels-kaboompics-com-6347-CVR.jpg\",\"contentUrl\":\"https:\/\/d2p6e6u75xmxt8.cloudfront.net\/12\/2021\/05\/Cup-of-coffee-pexels-kaboompics-com-6347-CVR.jpg\",\"width\":1366,\"height\":600,\"caption\":\"A cup of coffee\"},{\"@type\":\"BreadcrumbList\",\"@id\":\"https:\/\/www.welovecycling.com\/hu\/edzes-es-eletmod\/egy-jo-eros-kaveval-a-felesleges-zsir-ellen\/#breadcrumb\",\"itemListElement\":[{\"@type\":\"ListItem\",\"position\":1,\"name\":\"Home\",\"item\":\"https:\/\/www.welovecycling.com\/hu\/\"},{\"@type\":\"ListItem\",\"position\":2,\"name\":\"Egy j\u00f3 er\u0151s k\u00e1v\u00e9val a felesleges zs\u00edr ellen\"}]},{\"@type\":\"WebSite\",\"@id\":\"https:\/\/www.welovecycling.com\/hu\/#website\",\"url\":\"https:\/\/www.welovecycling.com\/hu\/\",\"name\":\"\u0160koda We Love Cycling - Magyarorsz\u00e1g\",\"description\":\"\u0160koda WeLoveCycling\",\"potentialAction\":[{\"@type\":\"SearchAction\",\"target\":{\"@type\":\"EntryPoint\",\"urlTemplate\":\"https:\/\/www.welovecycling.com\/hu\/?s={search_term_string}\"},\"query-input\":{\"@type\":\"PropertyValueSpecification\",\"valueRequired\":true,\"valueName\":\"search_term_string\"}}],\"inLanguage\":\"hu\"},{\"@type\":\"Person\",\"@id\":\"https:\/\/www.welovecycling.com\/hu\/#\/schema\/person\/414a2aebf1801691a5320edb6468e194\",\"name\":\"hegyizs\",\"image\":{\"@type\":\"ImageObject\",\"inLanguage\":\"hu\",\"@id\":\"https:\/\/www.welovecycling.com\/hu\/#\/schema\/person\/image\/\",\"url\":\"https:\/\/secure.gravatar.com\/avatar\/02cf8a7906b8cf90cecb4679defac7cfd33a1c2e3b88e4903d947f3bb58eedd3?s=96&d=mm&r=g\",\"contentUrl\":\"https:\/\/secure.gravatar.com\/avatar\/02cf8a7906b8cf90cecb4679defac7cfd33a1c2e3b88e4903d947f3bb58eedd3?s=96&d=mm&r=g\",\"caption\":\"hegyizs\"},\"url\":\"https:\/\/www.welovecycling.com\/hu\/author\/hegyizs\/\"}]}<\/script>\n<!-- \/ Yoast SEO Premium plugin. -->","yoast_head_json":{"title":"Egy j\u00f3 er\u0151s k\u00e1v\u00e9val a felesleges zs\u00edr ellen","description":"J\u00f3 h\u00edr minden k\u00e1v\u00e9-rajong\u00f3nak, aki fogyni szeretne! Egy tanulm\u00e1ny szerint, ami nem r\u00e9g ker\u00fclt publik\u00e1l\u00e1sra, ha koffeint visz\u00fcnk be edz\u00e9s el\u0151tt, t\u00f6bb zs\u00edrt tudunk el\u00e9getni. De m\u00e9gis mennyi k\u00e1v\u00e9t kell ehhez inni \u00e9s mikor? Vizsg\u00e1ljuk meg k\u00f6zelebbr\u0151l!","robots":{"index":"index","follow":"follow","max-snippet":"max-snippet:-1","max-image-preview":"max-image-preview:large","max-video-preview":"max-video-preview:-1"},"canonical":"https:\/\/www.welovecycling.com\/hu\/edzes-es-eletmod\/egy-jo-eros-kaveval-a-felesleges-zsir-ellen\/","og_locale":"hu_HU","og_type":"article","og_title":"Egy j\u00f3 er\u0151s k\u00e1v\u00e9val a felesleges zs\u00edr ellen","og_description":"J\u00f3 h\u00edr minden k\u00e1v\u00e9-rajong\u00f3nak, aki fogyni szeretne! Egy tanulm\u00e1ny szerint, ami nem r\u00e9g ker\u00fclt publik\u00e1l\u00e1sra, ha koffeint visz\u00fcnk be edz\u00e9s el\u0151tt, t\u00f6bb zs\u00edrt tudunk el\u00e9getni. De m\u00e9gis mennyi k\u00e1v\u00e9t kell ehhez inni \u00e9s mikor? Vizsg\u00e1ljuk meg k\u00f6zelebbr\u0151l!","og_url":"https:\/\/www.welovecycling.com\/hu\/edzes-es-eletmod\/egy-jo-eros-kaveval-a-felesleges-zsir-ellen\/","og_site_name":"\u0160koda We Love Cycling - Magyarorsz\u00e1g","article_publisher":"https:\/\/www.facebook.com\/WeLoveCyclingHungary\/","article_published_time":"2021-05-18T07:00:45+00:00","og_image":[{"width":1366,"height":600,"url":"https:\/\/d2p6e6u75xmxt8.cloudfront.net\/12\/2021\/05\/Cup-of-coffee-pexels-kaboompics-com-6347-CVR.jpg","type":"image\/jpeg"}],"author":"hegyizs","twitter_card":"summary_large_image","twitter_misc":{"Written by":"Jiri Kaloc","Est. reading time":"5"},"schema":{"@context":"https:\/\/schema.org","@graph":[{"@type":"WebPage","@id":"https:\/\/www.welovecycling.com\/hu\/edzes-es-eletmod\/egy-jo-eros-kaveval-a-felesleges-zsir-ellen\/","url":"https:\/\/www.welovecycling.com\/hu\/edzes-es-eletmod\/egy-jo-eros-kaveval-a-felesleges-zsir-ellen\/","name":"Egy j\u00f3 er\u0151s k\u00e1v\u00e9val a felesleges zs\u00edr ellen","isPartOf":{"@id":"https:\/\/www.welovecycling.com\/hu\/#website"},"primaryImageOfPage":{"@id":"https:\/\/www.welovecycling.com\/hu\/edzes-es-eletmod\/egy-jo-eros-kaveval-a-felesleges-zsir-ellen\/#primaryimage"},"image":{"@id":"https:\/\/www.welovecycling.com\/hu\/edzes-es-eletmod\/egy-jo-eros-kaveval-a-felesleges-zsir-ellen\/#primaryimage"},"thumbnailUrl":"https:\/\/d2p6e6u75xmxt8.cloudfront.net\/12\/2021\/05\/Cup-of-coffee-pexels-kaboompics-com-6347-CVR.jpg","datePublished":"2021-05-18T07:00:45+00:00","author":{"@id":"https:\/\/www.welovecycling.com\/hu\/#\/schema\/person\/414a2aebf1801691a5320edb6468e194"},"description":"J\u00f3 h\u00edr minden k\u00e1v\u00e9-rajong\u00f3nak, aki fogyni szeretne! Egy tanulm\u00e1ny szerint, ami nem r\u00e9g ker\u00fclt publik\u00e1l\u00e1sra, ha koffeint visz\u00fcnk be edz\u00e9s el\u0151tt, t\u00f6bb zs\u00edrt tudunk el\u00e9getni. De m\u00e9gis mennyi k\u00e1v\u00e9t kell ehhez inni \u00e9s mikor? Vizsg\u00e1ljuk meg k\u00f6zelebbr\u0151l!","breadcrumb":{"@id":"https:\/\/www.welovecycling.com\/hu\/edzes-es-eletmod\/egy-jo-eros-kaveval-a-felesleges-zsir-ellen\/#breadcrumb"},"inLanguage":"hu","potentialAction":[{"@type":"ReadAction","target":["https:\/\/www.welovecycling.com\/hu\/edzes-es-eletmod\/egy-jo-eros-kaveval-a-felesleges-zsir-ellen\/"]}]},{"@type":"ImageObject","inLanguage":"hu","@id":"https:\/\/www.welovecycling.com\/hu\/edzes-es-eletmod\/egy-jo-eros-kaveval-a-felesleges-zsir-ellen\/#primaryimage","url":"https:\/\/d2p6e6u75xmxt8.cloudfront.net\/12\/2021\/05\/Cup-of-coffee-pexels-kaboompics-com-6347-CVR.jpg","contentUrl":"https:\/\/d2p6e6u75xmxt8.cloudfront.net\/12\/2021\/05\/Cup-of-coffee-pexels-kaboompics-com-6347-CVR.jpg","width":1366,"height":600,"caption":"A cup of coffee"},{"@type":"BreadcrumbList","@id":"https:\/\/www.welovecycling.com\/hu\/edzes-es-eletmod\/egy-jo-eros-kaveval-a-felesleges-zsir-ellen\/#breadcrumb","itemListElement":[{"@type":"ListItem","position":1,"name":"Home","item":"https:\/\/www.welovecycling.com\/hu\/"},{"@type":"ListItem","position":2,"name":"Egy j\u00f3 er\u0151s k\u00e1v\u00e9val a felesleges zs\u00edr ellen"}]},{"@type":"WebSite","@id":"https:\/\/www.welovecycling.com\/hu\/#website","url":"https:\/\/www.welovecycling.com\/hu\/","name":"\u0160koda We Love Cycling - Magyarorsz\u00e1g","description":"\u0160koda WeLoveCycling","potentialAction":[{"@type":"SearchAction","target":{"@type":"EntryPoint","urlTemplate":"https:\/\/www.welovecycling.com\/hu\/?s={search_term_string}"},"query-input":{"@type":"PropertyValueSpecification","valueRequired":true,"valueName":"search_term_string"}}],"inLanguage":"hu"},{"@type":"Person","@id":"https:\/\/www.welovecycling.com\/hu\/#\/schema\/person\/414a2aebf1801691a5320edb6468e194","name":"hegyizs","image":{"@type":"ImageObject","inLanguage":"hu","@id":"https:\/\/www.welovecycling.com\/hu\/#\/schema\/person\/image\/","url":"https:\/\/secure.gravatar.com\/avatar\/02cf8a7906b8cf90cecb4679defac7cfd33a1c2e3b88e4903d947f3bb58eedd3?s=96&d=mm&r=g","contentUrl":"https:\/\/secure.gravatar.com\/avatar\/02cf8a7906b8cf90cecb4679defac7cfd33a1c2e3b88e4903d947f3bb58eedd3?s=96&d=mm&r=g","caption":"hegyizs"},"url":"https:\/\/www.welovecycling.com\/hu\/author\/hegyizs\/"}]}},"_links":{"self":[{"href":"https:\/\/www.welovecycling.com\/hu\/wp-json\/wp\/v2\/posts\/11433","targetHints":{"allow":["GET"]}}],"collection":[{"href":"https:\/\/www.welovecycling.com\/hu\/wp-json\/wp\/v2\/posts"}],"about":[{"href":"https:\/\/www.welovecycling.com\/hu\/wp-json\/wp\/v2\/types\/post"}],"author":[{"embeddable":true,"href":"https:\/\/www.welovecycling.com\/hu\/wp-json\/wp\/v2\/users\/71"}],"replies":[{"embeddable":true,"href":"https:\/\/www.welovecycling.com\/hu\/wp-json\/wp\/v2\/comments?post=11433"}],"version-history":[{"count":2,"href":"https:\/\/www.welovecycling.com\/hu\/wp-json\/wp\/v2\/posts\/11433\/revisions"}],"predecessor-version":[{"id":11451,"href":"https:\/\/www.welovecycling.com\/hu\/wp-json\/wp\/v2\/posts\/11433\/revisions\/11451"}],"wp:featuredmedia":[{"embeddable":true,"href":"https:\/\/www.welovecycling.com\/hu\/wp-json\/wp\/v2\/media\/11435"}],"wp:attachment":[{"href":"https:\/\/www.welovecycling.com\/hu\/wp-json\/wp\/v2\/media?parent=11433"}],"wp:term":[{"taxonomy":"category","embeddable":true,"href":"https:\/\/www.welovecycling.com\/hu\/wp-json\/wp\/v2\/categories?post=11433"},{"taxonomy":"post_tag","embeddable":true,"href":"https:\/\/www.welovecycling.com\/hu\/wp-json\/wp\/v2\/tags?post=11433"},{"taxonomy":"global-categories","embeddable":true,"href":"https:\/\/www.welovecycling.com\/hu\/wp-json\/wp\/v2\/global-categories?post=11433"}],"curies":[{"name":"wp","href":"https:\/\/api.w.org\/{rel}","templated":true}]}}