{"id":11426,"date":"2021-05-17T08:00:59","date_gmt":"2021-05-17T07:00:59","guid":{"rendered":"https:\/\/www.welovecycling.com\/hu\/?p=11426"},"modified":"2021-05-13T09:30:19","modified_gmt":"2021-05-13T08:30:19","slug":"kerekpartemeto-kinaban-fotogaleria","status":"publish","type":"post","link":"https:\/\/www.welovecycling.com\/hu\/kozosseg-es-kultura\/kerekpartemeto-kinaban-fotogaleria\/","title":{"rendered":"Ker\u00e9kp\u00e1rtemet\u0151 K\u00edn\u00e1ban \u2013 Fot\u00f3gal\u00e9ria"},"content":{"rendered":"<p><strong>Az elm\u00falt \u00e9vtizedben el\u00e1rasztott\u00e1k K\u00edna utc\u00e1it az olcs\u00f3 k\u00f6z\u00f6ss\u00e9gi ker\u00e9kp\u00e1rok. Befektet\u0151k sora v\u00e1llalkozott arra, hogy t\u00e1mogatja azokat a nagy c\u00e9geket, amik m\u00e1ra m\u00e1r t\u00f6nkrementek, mint p\u00e9ld\u00e1ul az Ofot \u00e9s a Mobike-ot. A kezdem\u00e9nyez\u00e9s ut\u00e1n azonban nem maradt m\u00e1s, csak s\u00e9r\u00fclt ker\u00e9kp\u00e1rok t\u00f6mege, ami kiss\u00e9 ellent\u00e9tes a bicikliz\u00e9s pozit\u00edv k\u00f6rnyezeti hat\u00e1saival\u2026<\/strong><\/p>\n<p><!--more--><\/p>\n<p>Nem sz\u00e1m\u00edt, hogy mi\u00e9rt mentek cs\u0151dbe a v\u00e1llalatok, a kudarc eml\u00e9km\u0171ve sokkol\u00f3. \u00dajabb \u00e9s \u00fajabb fot\u00f3k l\u00e1tnak napvil\u00e1got a ker\u00e9kp\u00e1rtemet\u0151kr\u0151l, a k\u00f6vetkez\u0151 k\u00e9pek p\u00e9ld\u00e1ul Senjang k\u00fclv\u00e1ros\u00e1ban k\u00e9sz\u00fcltek, a m\u00falt h\u00f3napban.<\/p>\n<figure id=\"attachment_11427\" aria-describedby=\"caption-attachment-11427\" style=\"width: 823px\" class=\"wp-caption alignnone\"><a href=\"https:\/\/d2p6e6u75xmxt8.cloudfront.net\/12\/2021\/05\/Bicycle-graveyard-profimedia-0606876233.jpg\"><img loading=\"lazy\" decoding=\"async\" class=\"wp-image-11427 size-full\" src=\"https:\/\/d2p6e6u75xmxt8.cloudfront.net\/12\/2021\/05\/Bicycle-graveyard-profimedia-0606876233.jpg\" alt=\"Shenyang bicycle graveyard\" width=\"823\" height=\"548\" srcset=\"https:\/\/d2p6e6u75xmxt8.cloudfront.net\/12\/2021\/05\/Bicycle-graveyard-profimedia-0606876233.jpg 823w, https:\/\/d2p6e6u75xmxt8.cloudfront.net\/12\/2021\/05\/Bicycle-graveyard-profimedia-0606876233-300x200.jpg 300w, https:\/\/d2p6e6u75xmxt8.cloudfront.net\/12\/2021\/05\/Bicycle-graveyard-profimedia-0606876233-768x511.jpg 768w, https:\/\/d2p6e6u75xmxt8.cloudfront.net\/12\/2021\/05\/Bicycle-graveyard-profimedia-0606876233-272x182.jpg 272w\" sizes=\"auto, (max-width: 823px) 100vw, 823px\" \/><\/a><figcaption id=\"caption-attachment-11427\" class=\"wp-caption-text\">\u00a9 Profimedia<\/figcaption><\/figure>\n<figure id=\"attachment_11428\" aria-describedby=\"caption-attachment-11428\" style=\"width: 826px\" class=\"wp-caption alignnone\"><a href=\"https:\/\/d2p6e6u75xmxt8.cloudfront.net\/12\/2021\/05\/Bike-graveyard-profimedia-0606876231.jpg\"><img loading=\"lazy\" decoding=\"async\" class=\"wp-image-11428\" src=\"https:\/\/d2p6e6u75xmxt8.cloudfront.net\/12\/2021\/05\/Bike-graveyard-profimedia-0606876231.jpg\" alt=\"Bike graveyard\" width=\"826\" height=\"550\" srcset=\"https:\/\/d2p6e6u75xmxt8.cloudfront.net\/12\/2021\/05\/Bike-graveyard-profimedia-0606876231.jpg 781w, https:\/\/d2p6e6u75xmxt8.cloudfront.net\/12\/2021\/05\/Bike-graveyard-profimedia-0606876231-300x200.jpg 300w, https:\/\/d2p6e6u75xmxt8.cloudfront.net\/12\/2021\/05\/Bike-graveyard-profimedia-0606876231-768x511.jpg 768w, https:\/\/d2p6e6u75xmxt8.cloudfront.net\/12\/2021\/05\/Bike-graveyard-profimedia-0606876231-272x182.jpg 272w\" sizes=\"auto, (max-width: 826px) 100vw, 826px\" \/><\/a><figcaption id=\"caption-attachment-11428\" class=\"wp-caption-text\">\u00a9 Profimedia<\/figcaption><\/figure>\n<figure id=\"attachment_11429\" aria-describedby=\"caption-attachment-11429\" style=\"width: 830px\" class=\"wp-caption alignnone\"><a href=\"https:\/\/d2p6e6u75xmxt8.cloudfront.net\/12\/2021\/05\/Shenyang-profimedia-0606876229.jpg\"><img loading=\"lazy\" decoding=\"async\" class=\"wp-image-11429\" src=\"https:\/\/d2p6e6u75xmxt8.cloudfront.net\/12\/2021\/05\/Shenyang-profimedia-0606876229.jpg\" alt=\"China bicycler graveyard\" width=\"830\" height=\"553\" srcset=\"https:\/\/d2p6e6u75xmxt8.cloudfront.net\/12\/2021\/05\/Shenyang-profimedia-0606876229.jpg 806w, https:\/\/d2p6e6u75xmxt8.cloudfront.net\/12\/2021\/05\/Shenyang-profimedia-0606876229-300x200.jpg 300w, https:\/\/d2p6e6u75xmxt8.cloudfront.net\/12\/2021\/05\/Shenyang-profimedia-0606876229-768x512.jpg 768w, https:\/\/d2p6e6u75xmxt8.cloudfront.net\/12\/2021\/05\/Shenyang-profimedia-0606876229-272x182.jpg 272w\" sizes=\"auto, (max-width: 830px) 100vw, 830px\" \/><\/a><figcaption id=\"caption-attachment-11429\" class=\"wp-caption-text\">\u00a9 Profimedia<\/figcaption><\/figure>\n<figure id=\"attachment_11430\" aria-describedby=\"caption-attachment-11430\" style=\"width: 830px\" class=\"wp-caption alignnone\"><a href=\"https:\/\/d2p6e6u75xmxt8.cloudfront.net\/12\/2021\/05\/Bike-graveyard-profimedia-0606876230.jpg\"><img loading=\"lazy\" decoding=\"async\" class=\"wp-image-11430\" src=\"https:\/\/d2p6e6u75xmxt8.cloudfront.net\/12\/2021\/05\/Bike-graveyard-profimedia-0606876230.jpg\" alt=\"Bike graveyard\" width=\"830\" height=\"553\" srcset=\"https:\/\/d2p6e6u75xmxt8.cloudfront.net\/12\/2021\/05\/Bike-graveyard-profimedia-0606876230.jpg 875w, https:\/\/d2p6e6u75xmxt8.cloudfront.net\/12\/2021\/05\/Bike-graveyard-profimedia-0606876230-300x200.jpg 300w, https:\/\/d2p6e6u75xmxt8.cloudfront.net\/12\/2021\/05\/Bike-graveyard-profimedia-0606876230-768x512.jpg 768w, https:\/\/d2p6e6u75xmxt8.cloudfront.net\/12\/2021\/05\/Bike-graveyard-profimedia-0606876230-272x182.jpg 272w\" sizes=\"auto, (max-width: 830px) 100vw, 830px\" \/><\/a><figcaption id=\"caption-attachment-11430\" class=\"wp-caption-text\">\u00a9 Profimedia<\/figcaption><\/figure>\n","protected":false},"excerpt":{"rendered":"<p>Az elm\u00falt \u00e9vtizedben el\u00e1rasztott\u00e1k K\u00edna utc\u00e1it az olcs\u00f3 k\u00f6z\u00f6ss\u00e9gi ker\u00e9kp\u00e1rok. Befektet\u0151k sora v\u00e1llalkozott arra, hogy t\u00e1mogatja azokat a nagy c\u00e9geket, [&hellip;]<\/p>\n","protected":false},"author":71,"featured_media":11432,"comment_status":"closed","ping_status":"closed","sticky":false,"template":"","format":"standard","meta":{"footnotes":""},"categories":[12],"tags":[],"global-categories":[],"class_list":["post-11426","post","type-post","status-publish","format-standard","has-post-thumbnail","hentry","category-kozosseg-es-kultura"],"yoast_head":"<!-- This site is optimized with the Yoast SEO Premium plugin v25.3 (Yoast SEO v25.9) - https:\/\/yoast.com\/wordpress\/plugins\/seo\/ -->\n<title>Ker\u00e9kp\u00e1rtemet\u0151 K\u00edn\u00e1ban \u2013 Fot\u00f3gal\u00e9ria - \u0160koda We Love Cycling - Magyarorsz\u00e1g<\/title>\n<meta name=\"description\" content=\"Az elm\u00falt \u00e9vtizedben el\u00e1rasztott\u00e1k K\u00edna utc\u00e1it az olcs\u00f3 k\u00f6z\u00f6ss\u00e9gi ker\u00e9kp\u00e1rok. Befektet\u0151k sora v\u00e1llalkozott arra, hogy t\u00e1mogatja azokat a nagy c\u00e9geket, amik m\u00e1ra m\u00e1r t\u00f6nkrementek, mint p\u00e9ld\u00e1ul az Ofot \u00e9s a Mobike-ot.\" \/>\n<meta name=\"robots\" content=\"index, follow, max-snippet:-1, max-image-preview:large, max-video-preview:-1\" \/>\n<link rel=\"canonical\" href=\"https:\/\/www.welovecycling.com\/hu\/kozosseg-es-kultura\/kerekpartemeto-kinaban-fotogaleria\/\" \/>\n<meta property=\"og:locale\" content=\"hu_HU\" \/>\n<meta property=\"og:type\" content=\"article\" \/>\n<meta property=\"og:title\" content=\"Ker\u00e9kp\u00e1rtemet\u0151 K\u00edn\u00e1ban \u2013 Fot\u00f3gal\u00e9ria\" \/>\n<meta property=\"og:description\" content=\"Az elm\u00falt \u00e9vtizedben el\u00e1rasztott\u00e1k K\u00edna utc\u00e1it az olcs\u00f3 k\u00f6z\u00f6ss\u00e9gi ker\u00e9kp\u00e1rok. Befektet\u0151k sora v\u00e1llalkozott arra, hogy t\u00e1mogatja azokat a nagy c\u00e9geket, amik m\u00e1ra m\u00e1r t\u00f6nkrementek, mint p\u00e9ld\u00e1ul az Ofot \u00e9s a Mobike-ot.\" \/>\n<meta property=\"og:url\" content=\"https:\/\/www.welovecycling.com\/hu\/kozosseg-es-kultura\/kerekpartemeto-kinaban-fotogaleria\/\" \/>\n<meta property=\"og:site_name\" content=\"\u0160koda We Love Cycling - Magyarorsz\u00e1g\" \/>\n<meta property=\"article:publisher\" content=\"https:\/\/www.facebook.com\/WeLoveCyclingHungary\/\" \/>\n<meta property=\"article:published_time\" content=\"2021-05-17T07:00:59+00:00\" \/>\n<meta property=\"og:image\" content=\"https:\/\/d2p6e6u75xmxt8.cloudfront.net\/12\/2021\/05\/Shenyang-bike-graveyard-profimedia-0606876232-CVR.jpg\" \/>\n\t<meta property=\"og:image:width\" content=\"1366\" \/>\n\t<meta property=\"og:image:height\" content=\"600\" \/>\n\t<meta property=\"og:image:type\" content=\"image\/jpeg\" \/>\n<meta name=\"author\" content=\"hegyizs\" \/>\n<meta name=\"twitter:card\" content=\"summary_large_image\" \/>\n<meta name=\"twitter:label1\" content=\"Written by\" \/>\n\t<meta name=\"twitter:data1\" content=\"Monica Buck\" \/>\n\t<meta name=\"twitter:label2\" content=\"Est. reading time\" \/>\n\t<meta name=\"twitter:data2\" content=\"4\" \/>\n<script type=\"application\/ld+json\" class=\"yoast-schema-graph\">{\"@context\":\"https:\/\/schema.org\",\"@graph\":[{\"@type\":\"WebPage\",\"@id\":\"https:\/\/www.welovecycling.com\/hu\/kozosseg-es-kultura\/kerekpartemeto-kinaban-fotogaleria\/\",\"url\":\"https:\/\/www.welovecycling.com\/hu\/kozosseg-es-kultura\/kerekpartemeto-kinaban-fotogaleria\/\",\"name\":\"Ker\u00e9kp\u00e1rtemet\u0151 K\u00edn\u00e1ban \u2013 Fot\u00f3gal\u00e9ria - \u0160koda We Love Cycling - Magyarorsz\u00e1g\",\"isPartOf\":{\"@id\":\"https:\/\/www.welovecycling.com\/hu\/#website\"},\"primaryImageOfPage\":{\"@id\":\"https:\/\/www.welovecycling.com\/hu\/kozosseg-es-kultura\/kerekpartemeto-kinaban-fotogaleria\/#primaryimage\"},\"image\":{\"@id\":\"https:\/\/www.welovecycling.com\/hu\/kozosseg-es-kultura\/kerekpartemeto-kinaban-fotogaleria\/#primaryimage\"},\"thumbnailUrl\":\"https:\/\/d2p6e6u75xmxt8.cloudfront.net\/12\/2021\/05\/Shenyang-bike-graveyard-profimedia-0606876232-CVR.jpg\",\"datePublished\":\"2021-05-17T07:00:59+00:00\",\"author\":{\"@id\":\"https:\/\/www.welovecycling.com\/hu\/#\/schema\/person\/414a2aebf1801691a5320edb6468e194\"},\"description\":\"Az elm\u00falt \u00e9vtizedben el\u00e1rasztott\u00e1k K\u00edna utc\u00e1it az olcs\u00f3 k\u00f6z\u00f6ss\u00e9gi ker\u00e9kp\u00e1rok. Befektet\u0151k sora v\u00e1llalkozott arra, hogy t\u00e1mogatja azokat a nagy c\u00e9geket, amik m\u00e1ra m\u00e1r t\u00f6nkrementek, mint p\u00e9ld\u00e1ul az Ofot \u00e9s a Mobike-ot.\",\"breadcrumb\":{\"@id\":\"https:\/\/www.welovecycling.com\/hu\/kozosseg-es-kultura\/kerekpartemeto-kinaban-fotogaleria\/#breadcrumb\"},\"inLanguage\":\"hu\",\"potentialAction\":[{\"@type\":\"ReadAction\",\"target\":[\"https:\/\/www.welovecycling.com\/hu\/kozosseg-es-kultura\/kerekpartemeto-kinaban-fotogaleria\/\"]}]},{\"@type\":\"ImageObject\",\"inLanguage\":\"hu\",\"@id\":\"https:\/\/www.welovecycling.com\/hu\/kozosseg-es-kultura\/kerekpartemeto-kinaban-fotogaleria\/#primaryimage\",\"url\":\"https:\/\/d2p6e6u75xmxt8.cloudfront.net\/12\/2021\/05\/Shenyang-bike-graveyard-profimedia-0606876232-CVR.jpg\",\"contentUrl\":\"https:\/\/d2p6e6u75xmxt8.cloudfront.net\/12\/2021\/05\/Shenyang-bike-graveyard-profimedia-0606876232-CVR.jpg\",\"width\":1366,\"height\":600,\"caption\":\"Bicycle Graveyard\"},{\"@type\":\"BreadcrumbList\",\"@id\":\"https:\/\/www.welovecycling.com\/hu\/kozosseg-es-kultura\/kerekpartemeto-kinaban-fotogaleria\/#breadcrumb\",\"itemListElement\":[{\"@type\":\"ListItem\",\"position\":1,\"name\":\"Home\",\"item\":\"https:\/\/www.welovecycling.com\/hu\/\"},{\"@type\":\"ListItem\",\"position\":2,\"name\":\"Ker\u00e9kp\u00e1rtemet\u0151 K\u00edn\u00e1ban \u2013 Fot\u00f3gal\u00e9ria\"}]},{\"@type\":\"WebSite\",\"@id\":\"https:\/\/www.welovecycling.com\/hu\/#website\",\"url\":\"https:\/\/www.welovecycling.com\/hu\/\",\"name\":\"\u0160koda We Love Cycling - Magyarorsz\u00e1g\",\"description\":\"\u0160koda WeLoveCycling\",\"potentialAction\":[{\"@type\":\"SearchAction\",\"target\":{\"@type\":\"EntryPoint\",\"urlTemplate\":\"https:\/\/www.welovecycling.com\/hu\/?s={search_term_string}\"},\"query-input\":{\"@type\":\"PropertyValueSpecification\",\"valueRequired\":true,\"valueName\":\"search_term_string\"}}],\"inLanguage\":\"hu\"},{\"@type\":\"Person\",\"@id\":\"https:\/\/www.welovecycling.com\/hu\/#\/schema\/person\/414a2aebf1801691a5320edb6468e194\",\"name\":\"hegyizs\",\"image\":{\"@type\":\"ImageObject\",\"inLanguage\":\"hu\",\"@id\":\"https:\/\/www.welovecycling.com\/hu\/#\/schema\/person\/image\/\",\"url\":\"https:\/\/secure.gravatar.com\/avatar\/02cf8a7906b8cf90cecb4679defac7cfd33a1c2e3b88e4903d947f3bb58eedd3?s=96&d=mm&r=g\",\"contentUrl\":\"https:\/\/secure.gravatar.com\/avatar\/02cf8a7906b8cf90cecb4679defac7cfd33a1c2e3b88e4903d947f3bb58eedd3?s=96&d=mm&r=g\",\"caption\":\"hegyizs\"},\"url\":\"https:\/\/www.welovecycling.com\/hu\/author\/hegyizs\/\"}]}<\/script>\n<!-- \/ Yoast SEO Premium plugin. -->","yoast_head_json":{"title":"Ker\u00e9kp\u00e1rtemet\u0151 K\u00edn\u00e1ban \u2013 Fot\u00f3gal\u00e9ria - \u0160koda We Love Cycling - Magyarorsz\u00e1g","description":"Az elm\u00falt \u00e9vtizedben el\u00e1rasztott\u00e1k K\u00edna utc\u00e1it az olcs\u00f3 k\u00f6z\u00f6ss\u00e9gi ker\u00e9kp\u00e1rok. Befektet\u0151k sora v\u00e1llalkozott arra, hogy t\u00e1mogatja azokat a nagy c\u00e9geket, amik m\u00e1ra m\u00e1r t\u00f6nkrementek, mint p\u00e9ld\u00e1ul az Ofot \u00e9s a Mobike-ot.","robots":{"index":"index","follow":"follow","max-snippet":"max-snippet:-1","max-image-preview":"max-image-preview:large","max-video-preview":"max-video-preview:-1"},"canonical":"https:\/\/www.welovecycling.com\/hu\/kozosseg-es-kultura\/kerekpartemeto-kinaban-fotogaleria\/","og_locale":"hu_HU","og_type":"article","og_title":"Ker\u00e9kp\u00e1rtemet\u0151 K\u00edn\u00e1ban \u2013 Fot\u00f3gal\u00e9ria","og_description":"Az elm\u00falt \u00e9vtizedben el\u00e1rasztott\u00e1k K\u00edna utc\u00e1it az olcs\u00f3 k\u00f6z\u00f6ss\u00e9gi ker\u00e9kp\u00e1rok. Befektet\u0151k sora v\u00e1llalkozott arra, hogy t\u00e1mogatja azokat a nagy c\u00e9geket, amik m\u00e1ra m\u00e1r t\u00f6nkrementek, mint p\u00e9ld\u00e1ul az Ofot \u00e9s a Mobike-ot.","og_url":"https:\/\/www.welovecycling.com\/hu\/kozosseg-es-kultura\/kerekpartemeto-kinaban-fotogaleria\/","og_site_name":"\u0160koda We Love Cycling - Magyarorsz\u00e1g","article_publisher":"https:\/\/www.facebook.com\/WeLoveCyclingHungary\/","article_published_time":"2021-05-17T07:00:59+00:00","og_image":[{"width":1366,"height":600,"url":"https:\/\/d2p6e6u75xmxt8.cloudfront.net\/12\/2021\/05\/Shenyang-bike-graveyard-profimedia-0606876232-CVR.jpg","type":"image\/jpeg"}],"author":"hegyizs","twitter_card":"summary_large_image","twitter_misc":{"Written by":"Monica Buck","Est. reading time":"4"},"schema":{"@context":"https:\/\/schema.org","@graph":[{"@type":"WebPage","@id":"https:\/\/www.welovecycling.com\/hu\/kozosseg-es-kultura\/kerekpartemeto-kinaban-fotogaleria\/","url":"https:\/\/www.welovecycling.com\/hu\/kozosseg-es-kultura\/kerekpartemeto-kinaban-fotogaleria\/","name":"Ker\u00e9kp\u00e1rtemet\u0151 K\u00edn\u00e1ban \u2013 Fot\u00f3gal\u00e9ria - \u0160koda We Love Cycling - Magyarorsz\u00e1g","isPartOf":{"@id":"https:\/\/www.welovecycling.com\/hu\/#website"},"primaryImageOfPage":{"@id":"https:\/\/www.welovecycling.com\/hu\/kozosseg-es-kultura\/kerekpartemeto-kinaban-fotogaleria\/#primaryimage"},"image":{"@id":"https:\/\/www.welovecycling.com\/hu\/kozosseg-es-kultura\/kerekpartemeto-kinaban-fotogaleria\/#primaryimage"},"thumbnailUrl":"https:\/\/d2p6e6u75xmxt8.cloudfront.net\/12\/2021\/05\/Shenyang-bike-graveyard-profimedia-0606876232-CVR.jpg","datePublished":"2021-05-17T07:00:59+00:00","author":{"@id":"https:\/\/www.welovecycling.com\/hu\/#\/schema\/person\/414a2aebf1801691a5320edb6468e194"},"description":"Az elm\u00falt \u00e9vtizedben el\u00e1rasztott\u00e1k K\u00edna utc\u00e1it az olcs\u00f3 k\u00f6z\u00f6ss\u00e9gi ker\u00e9kp\u00e1rok. Befektet\u0151k sora v\u00e1llalkozott arra, hogy t\u00e1mogatja azokat a nagy c\u00e9geket, amik m\u00e1ra m\u00e1r t\u00f6nkrementek, mint p\u00e9ld\u00e1ul az Ofot \u00e9s a Mobike-ot.","breadcrumb":{"@id":"https:\/\/www.welovecycling.com\/hu\/kozosseg-es-kultura\/kerekpartemeto-kinaban-fotogaleria\/#breadcrumb"},"inLanguage":"hu","potentialAction":[{"@type":"ReadAction","target":["https:\/\/www.welovecycling.com\/hu\/kozosseg-es-kultura\/kerekpartemeto-kinaban-fotogaleria\/"]}]},{"@type":"ImageObject","inLanguage":"hu","@id":"https:\/\/www.welovecycling.com\/hu\/kozosseg-es-kultura\/kerekpartemeto-kinaban-fotogaleria\/#primaryimage","url":"https:\/\/d2p6e6u75xmxt8.cloudfront.net\/12\/2021\/05\/Shenyang-bike-graveyard-profimedia-0606876232-CVR.jpg","contentUrl":"https:\/\/d2p6e6u75xmxt8.cloudfront.net\/12\/2021\/05\/Shenyang-bike-graveyard-profimedia-0606876232-CVR.jpg","width":1366,"height":600,"caption":"Bicycle Graveyard"},{"@type":"BreadcrumbList","@id":"https:\/\/www.welovecycling.com\/hu\/kozosseg-es-kultura\/kerekpartemeto-kinaban-fotogaleria\/#breadcrumb","itemListElement":[{"@type":"ListItem","position":1,"name":"Home","item":"https:\/\/www.welovecycling.com\/hu\/"},{"@type":"ListItem","position":2,"name":"Ker\u00e9kp\u00e1rtemet\u0151 K\u00edn\u00e1ban \u2013 Fot\u00f3gal\u00e9ria"}]},{"@type":"WebSite","@id":"https:\/\/www.welovecycling.com\/hu\/#website","url":"https:\/\/www.welovecycling.com\/hu\/","name":"\u0160koda We Love Cycling - Magyarorsz\u00e1g","description":"\u0160koda WeLoveCycling","potentialAction":[{"@type":"SearchAction","target":{"@type":"EntryPoint","urlTemplate":"https:\/\/www.welovecycling.com\/hu\/?s={search_term_string}"},"query-input":{"@type":"PropertyValueSpecification","valueRequired":true,"valueName":"search_term_string"}}],"inLanguage":"hu"},{"@type":"Person","@id":"https:\/\/www.welovecycling.com\/hu\/#\/schema\/person\/414a2aebf1801691a5320edb6468e194","name":"hegyizs","image":{"@type":"ImageObject","inLanguage":"hu","@id":"https:\/\/www.welovecycling.com\/hu\/#\/schema\/person\/image\/","url":"https:\/\/secure.gravatar.com\/avatar\/02cf8a7906b8cf90cecb4679defac7cfd33a1c2e3b88e4903d947f3bb58eedd3?s=96&d=mm&r=g","contentUrl":"https:\/\/secure.gravatar.com\/avatar\/02cf8a7906b8cf90cecb4679defac7cfd33a1c2e3b88e4903d947f3bb58eedd3?s=96&d=mm&r=g","caption":"hegyizs"},"url":"https:\/\/www.welovecycling.com\/hu\/author\/hegyizs\/"}]}},"_links":{"self":[{"href":"https:\/\/www.welovecycling.com\/hu\/wp-json\/wp\/v2\/posts\/11426","targetHints":{"allow":["GET"]}}],"collection":[{"href":"https:\/\/www.welovecycling.com\/hu\/wp-json\/wp\/v2\/posts"}],"about":[{"href":"https:\/\/www.welovecycling.com\/hu\/wp-json\/wp\/v2\/types\/post"}],"author":[{"embeddable":true,"href":"https:\/\/www.welovecycling.com\/hu\/wp-json\/wp\/v2\/users\/71"}],"replies":[{"embeddable":true,"href":"https:\/\/www.welovecycling.com\/hu\/wp-json\/wp\/v2\/comments?post=11426"}],"version-history":[{"count":2,"href":"https:\/\/www.welovecycling.com\/hu\/wp-json\/wp\/v2\/posts\/11426\/revisions"}],"predecessor-version":[{"id":11450,"href":"https:\/\/www.welovecycling.com\/hu\/wp-json\/wp\/v2\/posts\/11426\/revisions\/11450"}],"wp:featuredmedia":[{"embeddable":true,"href":"https:\/\/www.welovecycling.com\/hu\/wp-json\/wp\/v2\/media\/11432"}],"wp:attachment":[{"href":"https:\/\/www.welovecycling.com\/hu\/wp-json\/wp\/v2\/media?parent=11426"}],"wp:term":[{"taxonomy":"category","embeddable":true,"href":"https:\/\/www.welovecycling.com\/hu\/wp-json\/wp\/v2\/categories?post=11426"},{"taxonomy":"post_tag","embeddable":true,"href":"https:\/\/www.welovecycling.com\/hu\/wp-json\/wp\/v2\/tags?post=11426"},{"taxonomy":"global-categories","embeddable":true,"href":"https:\/\/www.welovecycling.com\/hu\/wp-json\/wp\/v2\/global-categories?post=11426"}],"curies":[{"name":"wp","href":"https:\/\/api.w.org\/{rel}","templated":true}]}}