{"id":11418,"date":"2021-05-13T14:02:25","date_gmt":"2021-05-13T12:02:25","guid":{"rendered":"https:\/\/www.welovecycling.com\/hu\/?p=11418"},"modified":"2021-05-31T11:52:03","modified_gmt":"2021-05-31T09:52:03","slug":"mutasd-meg-te-milyen-bringas-vagy","status":"publish","type":"post","link":"https:\/\/www.welovecycling.com\/hu\/kozosseg-es-kultura\/mutasd-meg-te-milyen-bringas-vagy\/","title":{"rendered":"Mutasd meg, te milyen bring\u00e1s vagy!"},"content":{"rendered":"<p><strong>Szeretn\u00e9nk jobban megismerni titeket, bicikliseket, a szok\u00e1saitokat \u00e9s az ig\u00e9nyeiteket. Szeretn\u00e9nk tudni, kikb\u0151l \u00e1ll a k\u00f6z\u00f6ss\u00e9g\u00fcnk, miben vagytok m\u00e1sok \u00e9s miben hasonl\u00edtotok. Azt m\u00e1r tudjuk, hogy mi k\u00f6t minket \u00f6ssze, de ah\u00e1ny bring\u00e1s, annyif\u00e9le \u00e9lm\u00e9ny, c\u00e9l \u00e9s kapcsolat a sporttal. Hobbi? K\u00f6zleked\u00e9si eszk\u00f6z? H\u00e9tv\u00e9gi t\u00far\u00e1k? Sz\u00e1guld\u00e1s? Szerelem? Mutasd meg, te milyen bring\u00e1s vagy!<\/strong><!--more--><\/p>\n<p>A We Love Cycling Magyarorsz\u00e1g \u00e9s a \u0160koda k\u00f6z\u00f6s, 10 perces k\u00e9rd\u0151\u00edv\u00e9nek kit\u00f6lt\u00e9s\u00e9re invit\u00e1lunk titeket, melyben ker\u00e9kp\u00e1r- \u00e9s aut\u00f3haszn\u00e1lati szok\u00e1saitokra vagyunk k\u00edv\u00e1ncsiak. C\u00e9lunk, hogy min\u00e9l jobban megismerhess\u00fck a magyar ker\u00e9kp\u00e1ros k\u00f6z\u00f6ss\u00e9get \u00e9s olyan tartalmakat, kamp\u00e1nyokat, eszk\u00f6z\u00f6ket \u00e9s kieg\u00e9sz\u00edt\u0151ket tervezhess\u00fcnk, amikre igaz\u00e1n sz\u00fcks\u00e9getek van. A \u0160koda a ker\u00e9kp\u00e1rosok t\u00e1mogat\u00f3jak\u00e9nt, a We Love Cycling pedig k\u00f6z\u00f6ss\u00e9galkot\u00f3k\u00e9nt igyekszik a n\u00f6vekv\u0151 biciklis kult\u00far\u00e1hoz igazodva a lehet\u0151 legjobban t\u00e1mogatni azt.<\/p>\n<h2><strong>D\u00edjazzuk az id\u0151d!<\/strong><\/h2>\n<p>Persze tudjuk, hogy \u00e9rt\u00e9kes az id\u0151t\u00f6k, amit ak\u00e1r teker\u00e9ssel is t\u00f6lthetn\u00e9tek, \u00e9pp ez\u00e9rt igyeksz\u00fcnk p\u00f3tolni a k\u00e9rd\u0151\u00edvre sz\u00e1nt perceket: bring\u00e1d biztosan megbocs\u00e1jtja, hogy megv\u00e1rattad, ha k\u00e9s\u0151bb szuper \u00faj cuccokkal szereled fel!<\/p>\n<p>A k\u00e9rd\u0151\u00edv kit\u00f6lt\u0151i k\u00f6z\u00f6tt h\u00e1rom bring\u00e1s aj\u00e1nd\u00e9kcsomagot sorsolunk ki, melyek egy-egy kulacsot, l\u00e1mpaszettet, k\u00e9zi pump\u00e1t \u00e9s mini szersz\u00e1mosk\u00e9szletet tartalmaznak!<\/p>\n<h2><strong>Hogyan m\u0171k\u00f6dik?<\/strong><\/h2>\n<p>Ha szeretn\u00e9l r\u00e9szt venni a nyerem\u00e9nyj\u00e1t\u00e9kban, a k\u00e9rd\u0151\u00edv kit\u00f6lt\u00e9se sor\u00e1n az adataid megad\u00e1s\u00e1val, illetve a j\u00e1t\u00e9kszab\u00e1ly \u00e9s az adatkezel\u00e9si nyilatkozat elfogad\u00e1s\u00e1val tudod ezt megtenni. Ha pedig csak seg\u00edten\u00e9l, de nyerem\u00e9nyekre nem v\u00e1gysz, akkor az adataid megad\u00e1sa n\u00e9lk\u00fcl is v\u00e1laszolhatsz a k\u00e9rd\u00e9sekre. Ak\u00e1rhogy is d\u00f6ntesz, a v\u00e1laszaid nem lesznek publikusak, sz\u00f3val csak \u0151szint\u00e9n!<\/p>\n<p>Az aj\u00e1nd\u00e9kcsomagokat v\u00e9letlenszer\u0171en sorsoljuk ki, a nyerteseket pedig e-mailben \u00e9rtes\u00edtj\u00fck.<\/p>\n<p>K\u00f6sz\u00f6nj\u00fck a kit\u00f6lt\u00e9st, j\u00f3 szelet k\u00edv\u00e1nunk! \ud83d\ude42<\/p>\n","protected":false},"excerpt":{"rendered":"<p>Szeretn\u00e9nk jobban megismerni titeket, bicikliseket, a szok\u00e1saitokat \u00e9s az ig\u00e9nyeiteket. Szeretn\u00e9nk tudni, kikb\u0151l \u00e1ll a k\u00f6z\u00f6ss\u00e9g\u00fcnk, miben vagytok m\u00e1sok \u00e9s [&hellip;]<\/p>\n","protected":false},"author":71,"featured_media":11419,"comment_status":"open","ping_status":"open","sticky":false,"template":"","format":"standard","meta":{"footnotes":""},"categories":[12],"tags":[],"global-categories":[419],"class_list":["post-11418","post","type-post","status-publish","format-standard","has-post-thumbnail","hentry","category-kozosseg-es-kultura","global-categories-cycling"],"yoast_head":"<!-- This site is optimized with the Yoast SEO Premium plugin v25.3 (Yoast SEO v25.9) - https:\/\/yoast.com\/wordpress\/plugins\/seo\/ -->\n<title>Mutasd meg, te milyen bring\u00e1s vagy! - \u0160koda We Love Cycling - Magyarorsz\u00e1g<\/title>\n<meta name=\"description\" content=\"Szeretn\u00e9nk jobban megismerni titeket, bicikliseket, a szok\u00e1saitokat \u00e9s az ig\u00e9nyeiteket. Szeretn\u00e9nk tudni, kikb\u0151l \u00e1ll a k\u00f6z\u00f6ss\u00e9g\u00fcnk, miben vagytok m\u00e1sok \u00e9s miben hasonl\u00edtotok.\" \/>\n<meta name=\"robots\" content=\"index, follow, max-snippet:-1, max-image-preview:large, max-video-preview:-1\" \/>\n<link rel=\"canonical\" href=\"https:\/\/www.welovecycling.com\/hu\/kozosseg-es-kultura\/mutasd-meg-te-milyen-bringas-vagy\/\" \/>\n<meta property=\"og:locale\" content=\"hu_HU\" \/>\n<meta property=\"og:type\" content=\"article\" \/>\n<meta property=\"og:title\" content=\"Mutasd meg, te milyen bring\u00e1s vagy!\" \/>\n<meta property=\"og:description\" content=\"Szeretn\u00e9nk jobban megismerni titeket, bicikliseket, a szok\u00e1saitokat \u00e9s az ig\u00e9nyeiteket. Szeretn\u00e9nk tudni, kikb\u0151l \u00e1ll a k\u00f6z\u00f6ss\u00e9g\u00fcnk, miben vagytok m\u00e1sok \u00e9s miben hasonl\u00edtotok.\" \/>\n<meta property=\"og:url\" content=\"https:\/\/www.welovecycling.com\/hu\/kozosseg-es-kultura\/mutasd-meg-te-milyen-bringas-vagy\/\" \/>\n<meta property=\"og:site_name\" content=\"\u0160koda We Love Cycling - Magyarorsz\u00e1g\" \/>\n<meta property=\"article:publisher\" content=\"https:\/\/www.facebook.com\/WeLoveCyclingHungary\/\" \/>\n<meta property=\"article:published_time\" content=\"2021-05-13T12:02:25+00:00\" \/>\n<meta property=\"article:modified_time\" content=\"2021-05-31T09:52:03+00:00\" \/>\n<meta property=\"og:image\" content=\"https:\/\/d2p6e6u75xmxt8.cloudfront.net\/12\/2021\/05\/viktor-bystrov-yqmmRN-LyO8-unsplash.jpg\" \/>\n\t<meta property=\"og:image:width\" content=\"1920\" \/>\n\t<meta property=\"og:image:height\" content=\"1280\" \/>\n\t<meta property=\"og:image:type\" content=\"image\/jpeg\" \/>\n<meta name=\"author\" content=\"hegyizs\" \/>\n<meta name=\"twitter:card\" content=\"summary_large_image\" \/>\n<meta name=\"twitter:label1\" content=\"Written by\" \/>\n\t<meta name=\"twitter:data1\" content=\"WLC\" \/>\n\t<meta name=\"twitter:label2\" content=\"Est. reading time\" \/>\n\t<meta name=\"twitter:data2\" content=\"2 minutes\" \/>\n<script type=\"application\/ld+json\" class=\"yoast-schema-graph\">{\"@context\":\"https:\/\/schema.org\",\"@graph\":[{\"@type\":\"WebPage\",\"@id\":\"https:\/\/www.welovecycling.com\/hu\/kozosseg-es-kultura\/mutasd-meg-te-milyen-bringas-vagy\/\",\"url\":\"https:\/\/www.welovecycling.com\/hu\/kozosseg-es-kultura\/mutasd-meg-te-milyen-bringas-vagy\/\",\"name\":\"Mutasd meg, te milyen bring\u00e1s vagy! - \u0160koda We Love Cycling - Magyarorsz\u00e1g\",\"isPartOf\":{\"@id\":\"https:\/\/www.welovecycling.com\/hu\/#website\"},\"primaryImageOfPage\":{\"@id\":\"https:\/\/www.welovecycling.com\/hu\/kozosseg-es-kultura\/mutasd-meg-te-milyen-bringas-vagy\/#primaryimage\"},\"image\":{\"@id\":\"https:\/\/www.welovecycling.com\/hu\/kozosseg-es-kultura\/mutasd-meg-te-milyen-bringas-vagy\/#primaryimage\"},\"thumbnailUrl\":\"https:\/\/d2p6e6u75xmxt8.cloudfront.net\/12\/2021\/05\/viktor-bystrov-yqmmRN-LyO8-unsplash.jpg\",\"datePublished\":\"2021-05-13T12:02:25+00:00\",\"dateModified\":\"2021-05-31T09:52:03+00:00\",\"author\":{\"@id\":\"https:\/\/www.welovecycling.com\/hu\/#\/schema\/person\/414a2aebf1801691a5320edb6468e194\"},\"description\":\"Szeretn\u00e9nk jobban megismerni titeket, bicikliseket, a szok\u00e1saitokat \u00e9s az ig\u00e9nyeiteket. Szeretn\u00e9nk tudni, kikb\u0151l \u00e1ll a k\u00f6z\u00f6ss\u00e9g\u00fcnk, miben vagytok m\u00e1sok \u00e9s miben hasonl\u00edtotok.\",\"breadcrumb\":{\"@id\":\"https:\/\/www.welovecycling.com\/hu\/kozosseg-es-kultura\/mutasd-meg-te-milyen-bringas-vagy\/#breadcrumb\"},\"inLanguage\":\"hu\",\"potentialAction\":[{\"@type\":\"ReadAction\",\"target\":[\"https:\/\/www.welovecycling.com\/hu\/kozosseg-es-kultura\/mutasd-meg-te-milyen-bringas-vagy\/\"]}]},{\"@type\":\"ImageObject\",\"inLanguage\":\"hu\",\"@id\":\"https:\/\/www.welovecycling.com\/hu\/kozosseg-es-kultura\/mutasd-meg-te-milyen-bringas-vagy\/#primaryimage\",\"url\":\"https:\/\/d2p6e6u75xmxt8.cloudfront.net\/12\/2021\/05\/viktor-bystrov-yqmmRN-LyO8-unsplash.jpg\",\"contentUrl\":\"https:\/\/d2p6e6u75xmxt8.cloudfront.net\/12\/2021\/05\/viktor-bystrov-yqmmRN-LyO8-unsplash.jpg\",\"width\":1920,\"height\":1280},{\"@type\":\"BreadcrumbList\",\"@id\":\"https:\/\/www.welovecycling.com\/hu\/kozosseg-es-kultura\/mutasd-meg-te-milyen-bringas-vagy\/#breadcrumb\",\"itemListElement\":[{\"@type\":\"ListItem\",\"position\":1,\"name\":\"Home\",\"item\":\"https:\/\/www.welovecycling.com\/hu\/\"},{\"@type\":\"ListItem\",\"position\":2,\"name\":\"Mutasd meg, te milyen bring\u00e1s vagy!\"}]},{\"@type\":\"WebSite\",\"@id\":\"https:\/\/www.welovecycling.com\/hu\/#website\",\"url\":\"https:\/\/www.welovecycling.com\/hu\/\",\"name\":\"\u0160koda We Love Cycling - Magyarorsz\u00e1g\",\"description\":\"\u0160koda WeLoveCycling\",\"potentialAction\":[{\"@type\":\"SearchAction\",\"target\":{\"@type\":\"EntryPoint\",\"urlTemplate\":\"https:\/\/www.welovecycling.com\/hu\/?s={search_term_string}\"},\"query-input\":{\"@type\":\"PropertyValueSpecification\",\"valueRequired\":true,\"valueName\":\"search_term_string\"}}],\"inLanguage\":\"hu\"},{\"@type\":\"Person\",\"@id\":\"https:\/\/www.welovecycling.com\/hu\/#\/schema\/person\/414a2aebf1801691a5320edb6468e194\",\"name\":\"hegyizs\",\"image\":{\"@type\":\"ImageObject\",\"inLanguage\":\"hu\",\"@id\":\"https:\/\/www.welovecycling.com\/hu\/#\/schema\/person\/image\/\",\"url\":\"https:\/\/secure.gravatar.com\/avatar\/02cf8a7906b8cf90cecb4679defac7cfd33a1c2e3b88e4903d947f3bb58eedd3?s=96&d=mm&r=g\",\"contentUrl\":\"https:\/\/secure.gravatar.com\/avatar\/02cf8a7906b8cf90cecb4679defac7cfd33a1c2e3b88e4903d947f3bb58eedd3?s=96&d=mm&r=g\",\"caption\":\"hegyizs\"},\"url\":\"https:\/\/www.welovecycling.com\/hu\/author\/hegyizs\/\"}]}<\/script>\n<!-- \/ Yoast SEO Premium plugin. -->","yoast_head_json":{"title":"Mutasd meg, te milyen bring\u00e1s vagy! - \u0160koda We Love Cycling - Magyarorsz\u00e1g","description":"Szeretn\u00e9nk jobban megismerni titeket, bicikliseket, a szok\u00e1saitokat \u00e9s az ig\u00e9nyeiteket. Szeretn\u00e9nk tudni, kikb\u0151l \u00e1ll a k\u00f6z\u00f6ss\u00e9g\u00fcnk, miben vagytok m\u00e1sok \u00e9s miben hasonl\u00edtotok.","robots":{"index":"index","follow":"follow","max-snippet":"max-snippet:-1","max-image-preview":"max-image-preview:large","max-video-preview":"max-video-preview:-1"},"canonical":"https:\/\/www.welovecycling.com\/hu\/kozosseg-es-kultura\/mutasd-meg-te-milyen-bringas-vagy\/","og_locale":"hu_HU","og_type":"article","og_title":"Mutasd meg, te milyen bring\u00e1s vagy!","og_description":"Szeretn\u00e9nk jobban megismerni titeket, bicikliseket, a szok\u00e1saitokat \u00e9s az ig\u00e9nyeiteket. Szeretn\u00e9nk tudni, kikb\u0151l \u00e1ll a k\u00f6z\u00f6ss\u00e9g\u00fcnk, miben vagytok m\u00e1sok \u00e9s miben hasonl\u00edtotok.","og_url":"https:\/\/www.welovecycling.com\/hu\/kozosseg-es-kultura\/mutasd-meg-te-milyen-bringas-vagy\/","og_site_name":"\u0160koda We Love Cycling - Magyarorsz\u00e1g","article_publisher":"https:\/\/www.facebook.com\/WeLoveCyclingHungary\/","article_published_time":"2021-05-13T12:02:25+00:00","article_modified_time":"2021-05-31T09:52:03+00:00","og_image":[{"width":1920,"height":1280,"url":"https:\/\/d2p6e6u75xmxt8.cloudfront.net\/12\/2021\/05\/viktor-bystrov-yqmmRN-LyO8-unsplash.jpg","type":"image\/jpeg"}],"author":"hegyizs","twitter_card":"summary_large_image","twitter_misc":{"Written by":"WLC","Est. reading time":"2 minutes"},"schema":{"@context":"https:\/\/schema.org","@graph":[{"@type":"WebPage","@id":"https:\/\/www.welovecycling.com\/hu\/kozosseg-es-kultura\/mutasd-meg-te-milyen-bringas-vagy\/","url":"https:\/\/www.welovecycling.com\/hu\/kozosseg-es-kultura\/mutasd-meg-te-milyen-bringas-vagy\/","name":"Mutasd meg, te milyen bring\u00e1s vagy! - \u0160koda We Love Cycling - Magyarorsz\u00e1g","isPartOf":{"@id":"https:\/\/www.welovecycling.com\/hu\/#website"},"primaryImageOfPage":{"@id":"https:\/\/www.welovecycling.com\/hu\/kozosseg-es-kultura\/mutasd-meg-te-milyen-bringas-vagy\/#primaryimage"},"image":{"@id":"https:\/\/www.welovecycling.com\/hu\/kozosseg-es-kultura\/mutasd-meg-te-milyen-bringas-vagy\/#primaryimage"},"thumbnailUrl":"https:\/\/d2p6e6u75xmxt8.cloudfront.net\/12\/2021\/05\/viktor-bystrov-yqmmRN-LyO8-unsplash.jpg","datePublished":"2021-05-13T12:02:25+00:00","dateModified":"2021-05-31T09:52:03+00:00","author":{"@id":"https:\/\/www.welovecycling.com\/hu\/#\/schema\/person\/414a2aebf1801691a5320edb6468e194"},"description":"Szeretn\u00e9nk jobban megismerni titeket, bicikliseket, a szok\u00e1saitokat \u00e9s az ig\u00e9nyeiteket. Szeretn\u00e9nk tudni, kikb\u0151l \u00e1ll a k\u00f6z\u00f6ss\u00e9g\u00fcnk, miben vagytok m\u00e1sok \u00e9s miben hasonl\u00edtotok.","breadcrumb":{"@id":"https:\/\/www.welovecycling.com\/hu\/kozosseg-es-kultura\/mutasd-meg-te-milyen-bringas-vagy\/#breadcrumb"},"inLanguage":"hu","potentialAction":[{"@type":"ReadAction","target":["https:\/\/www.welovecycling.com\/hu\/kozosseg-es-kultura\/mutasd-meg-te-milyen-bringas-vagy\/"]}]},{"@type":"ImageObject","inLanguage":"hu","@id":"https:\/\/www.welovecycling.com\/hu\/kozosseg-es-kultura\/mutasd-meg-te-milyen-bringas-vagy\/#primaryimage","url":"https:\/\/d2p6e6u75xmxt8.cloudfront.net\/12\/2021\/05\/viktor-bystrov-yqmmRN-LyO8-unsplash.jpg","contentUrl":"https:\/\/d2p6e6u75xmxt8.cloudfront.net\/12\/2021\/05\/viktor-bystrov-yqmmRN-LyO8-unsplash.jpg","width":1920,"height":1280},{"@type":"BreadcrumbList","@id":"https:\/\/www.welovecycling.com\/hu\/kozosseg-es-kultura\/mutasd-meg-te-milyen-bringas-vagy\/#breadcrumb","itemListElement":[{"@type":"ListItem","position":1,"name":"Home","item":"https:\/\/www.welovecycling.com\/hu\/"},{"@type":"ListItem","position":2,"name":"Mutasd meg, te milyen bring\u00e1s vagy!"}]},{"@type":"WebSite","@id":"https:\/\/www.welovecycling.com\/hu\/#website","url":"https:\/\/www.welovecycling.com\/hu\/","name":"\u0160koda We Love Cycling - Magyarorsz\u00e1g","description":"\u0160koda WeLoveCycling","potentialAction":[{"@type":"SearchAction","target":{"@type":"EntryPoint","urlTemplate":"https:\/\/www.welovecycling.com\/hu\/?s={search_term_string}"},"query-input":{"@type":"PropertyValueSpecification","valueRequired":true,"valueName":"search_term_string"}}],"inLanguage":"hu"},{"@type":"Person","@id":"https:\/\/www.welovecycling.com\/hu\/#\/schema\/person\/414a2aebf1801691a5320edb6468e194","name":"hegyizs","image":{"@type":"ImageObject","inLanguage":"hu","@id":"https:\/\/www.welovecycling.com\/hu\/#\/schema\/person\/image\/","url":"https:\/\/secure.gravatar.com\/avatar\/02cf8a7906b8cf90cecb4679defac7cfd33a1c2e3b88e4903d947f3bb58eedd3?s=96&d=mm&r=g","contentUrl":"https:\/\/secure.gravatar.com\/avatar\/02cf8a7906b8cf90cecb4679defac7cfd33a1c2e3b88e4903d947f3bb58eedd3?s=96&d=mm&r=g","caption":"hegyizs"},"url":"https:\/\/www.welovecycling.com\/hu\/author\/hegyizs\/"}]}},"_links":{"self":[{"href":"https:\/\/www.welovecycling.com\/hu\/wp-json\/wp\/v2\/posts\/11418","targetHints":{"allow":["GET"]}}],"collection":[{"href":"https:\/\/www.welovecycling.com\/hu\/wp-json\/wp\/v2\/posts"}],"about":[{"href":"https:\/\/www.welovecycling.com\/hu\/wp-json\/wp\/v2\/types\/post"}],"author":[{"embeddable":true,"href":"https:\/\/www.welovecycling.com\/hu\/wp-json\/wp\/v2\/users\/71"}],"replies":[{"embeddable":true,"href":"https:\/\/www.welovecycling.com\/hu\/wp-json\/wp\/v2\/comments?post=11418"}],"version-history":[{"count":2,"href":"https:\/\/www.welovecycling.com\/hu\/wp-json\/wp\/v2\/posts\/11418\/revisions"}],"predecessor-version":[{"id":11610,"href":"https:\/\/www.welovecycling.com\/hu\/wp-json\/wp\/v2\/posts\/11418\/revisions\/11610"}],"wp:featuredmedia":[{"embeddable":true,"href":"https:\/\/www.welovecycling.com\/hu\/wp-json\/wp\/v2\/media\/11419"}],"wp:attachment":[{"href":"https:\/\/www.welovecycling.com\/hu\/wp-json\/wp\/v2\/media?parent=11418"}],"wp:term":[{"taxonomy":"category","embeddable":true,"href":"https:\/\/www.welovecycling.com\/hu\/wp-json\/wp\/v2\/categories?post=11418"},{"taxonomy":"post_tag","embeddable":true,"href":"https:\/\/www.welovecycling.com\/hu\/wp-json\/wp\/v2\/tags?post=11418"},{"taxonomy":"global-categories","embeddable":true,"href":"https:\/\/www.welovecycling.com\/hu\/wp-json\/wp\/v2\/global-categories?post=11418"}],"curies":[{"name":"wp","href":"https:\/\/api.w.org\/{rel}","templated":true}]}}