{"id":11402,"date":"2021-05-12T08:00:47","date_gmt":"2021-05-12T07:00:47","guid":{"rendered":"https:\/\/www.welovecycling.com\/hu\/?p=11402"},"modified":"2022-02-03T13:01:38","modified_gmt":"2022-02-03T11:01:38","slug":"a-csomori-freeride-kuriozum-nagy-oszkar-utvonala","status":"publish","type":"post","link":"https:\/\/www.welovecycling.com\/hu\/honap-utvonala\/a-csomori-freeride-kuriozum-nagy-oszkar-utvonala\/","title":{"rendered":"A cs\u00f6m\u00f6ri freeride-kuri\u00f3zum \u2013 Nagy Oszk\u00e1r \u00fatvonala"},"content":{"rendered":"<p><strong>Rengeteg ker\u00e9kp\u00e1ros \u00fat, t\u00fara\u00fatvonal, bringap\u00e1lya \u00e9s felfedezetlen \u00f6sv\u00e9ny keresztezi az vil\u00e1got, amiket minden biciklisnek l\u00e1tnia kell! Az\u00e9rt vagyunk k\u00f6z\u00f6ss\u00e9g, hogy megosszuk egym\u00e1ssal tapasztalatainkat, seg\u00edts\u00fcnk m\u00e1soknak \u00faj helyeket felfedezni \u00e9s \u00faj \u00e9lm\u00e9nyekkel er\u0151s\u00edts\u00fck k\u00f6z\u00f6s szenved\u00e9ly\u00fcnk \u00f6sszetart\u00f3 erej\u00e9t. Ez\u00e9rt ind\u00edtottuk el a H\u00f3nap \u00fatvonala kamp\u00e1nyunkat, mely sor\u00e1n b\u00e1rki megoszthatja saj\u00e1t \u00e9lm\u00e9nyeit, hogy m\u00e1sok is \u00e1t\u00e9lhess\u00e9k \u0151ket! Ahogy ezt Nagy Oszk\u00e1r is tette.<\/strong><!--more--><\/p>\n<p>Nagy Oszk\u00e1r nev\u00e9t Eur\u00f3pa-szerte ismerik a dirt jump m\u0171faj kedvel\u0151i, haz\u00e1nkban pedig a legjobb freeriderk\u00e9nt \u00e9s a slopestlye kir\u00e1lyak\u00e9nt emlegetik. Ahogy maguk az elnevez\u00e9sek is \u00e9rz\u00e9keltetik, Oszk\u00e1r sokat van a leveg\u0151ben \u00e9s biciklije nem mindig \u00fagy \u00e1ll, ahogy azt a v\u00e1rosi vagy orsz\u00e1g\u00fati bring\u00e1sok megszokt\u00e1k\u2026<\/p>\n<figure id=\"attachment_11403\" aria-describedby=\"caption-attachment-11403\" style=\"width: 800px\" class=\"wp-caption aligncenter\"><img loading=\"lazy\" decoding=\"async\" class=\"wp-image-11403 size-full\" src=\"https:\/\/d2p6e6u75xmxt8.cloudfront.net\/12\/2021\/05\/p4pb15512440.jpg\" alt=\"\" width=\"800\" height=\"462\" srcset=\"https:\/\/d2p6e6u75xmxt8.cloudfront.net\/12\/2021\/05\/p4pb15512440.jpg 800w, https:\/\/d2p6e6u75xmxt8.cloudfront.net\/12\/2021\/05\/p4pb15512440-300x173.jpg 300w, https:\/\/d2p6e6u75xmxt8.cloudfront.net\/12\/2021\/05\/p4pb15512440-768x444.jpg 768w\" sizes=\"auto, (max-width: 800px) 100vw, 800px\" \/><figcaption id=\"caption-attachment-11403\" class=\"wp-caption-text\">Cs\u00e1sz\u00e1r Viktor fot\u00f3ja<\/figcaption><\/figure>\n<p><em>\u201eA finommozg\u00e1s\u00e9 a f\u0151szerep, nem pedig a testi teljes\u00edtm\u00e9ny\u00e9, mint fut\u00e1sn\u00e1l vagy orsz\u00e1g\u00fati bring\u00e1z\u00e1sn\u00e1l. Sz\u00e1momra ez egy t\u00e1nc, teljes flowba ker\u00fcl\u00e9s a jelenben, ami nyugodts\u00e1ggal t\u00f6lt el\u201d<\/em> \u2013 \u00edrta nek\u00fcnk Oszk\u00e1r. Az\u00e9rt v\u00e1lasztotta ezt a ker\u00e9kp\u00e1ros vonalat, mert \u00edgy nem korl\u00e1tozz\u00e1k szab\u00e1lyok \u00e9s nem az \u00f3ra ellen kell versenyeznie. A freeride az \u00f6nkifejez\u00e9s teljes szabads\u00e1ga.<\/p>\n<p>A Cs\u00f6m\u00f6r\u00f6n ki\u00e9p\u00edtett Dual Szlalom p\u00e1lya l\u00f6sz\u00f6s anyaga miatt t\u00e9len-ny\u00e1ron biztons\u00e1gos, r\u00e1ad\u00e1sul b\u00e1rmilyen edzetts\u00e9gi szinten j\u00f3l \u00e9rezhetj\u00fck itt magunkat. Oszk\u00e1r persze edzeni j\u00e1r ide, minden kanyart j\u00f3l ismer, \u00e9rdemes t\u0151le tanulni, miel\u0151tt ker\u00e9knyomaiba l\u00e9pn\u00e9nk! A pontos <a href=\"https:\/\/www.strava.com\/segments\/9377956?invite=true&amp;_branch_match_id=765943172127888181\">\u00fatvonalat itt \u00e9red el.<\/a><\/p>\n<p>A p\u00e1ly\u00e1t kifejezetten kezd\u0151knek is aj\u00e1nlja, seg\u00edt megtanulni a megfelel\u0151 mozg\u00e1smint\u00e1t, s\u0151t az alapszint\u0171 ugrat\u00e1sokat is. Ez a terep sz\u00f3 szerint egy ugr\u00f3deszka a magasabb szint\u0171 freeride fel\u00e9.<\/p>\n<p>A tavalyi \u00e9vben Oszk\u00e1r is otthonr\u00f3l dolgozott: freeriderk\u00e9nt ez persze picit m\u00e1sk\u00e9pp n\u00e9z ki, mint irodistak\u00e9nt, p\u00e9ld\u00e1ul kell hozz\u00e1 egy p\u00e1lya a h\u00e1ts\u00f3 kertbe.<\/p>\n<figure id=\"attachment_11404\" aria-describedby=\"caption-attachment-11404\" style=\"width: 1024px\" class=\"wp-caption aligncenter\"><img loading=\"lazy\" decoding=\"async\" class=\"size-large wp-image-11404\" src=\"https:\/\/d2p6e6u75xmxt8.cloudfront.net\/12\/2021\/05\/IMG_6926-1920x1280-1-1024x683.jpg\" alt=\"\" width=\"1024\" height=\"683\" srcset=\"https:\/\/d2p6e6u75xmxt8.cloudfront.net\/12\/2021\/05\/IMG_6926-1920x1280-1-1024x683.jpg 1024w, https:\/\/d2p6e6u75xmxt8.cloudfront.net\/12\/2021\/05\/IMG_6926-1920x1280-1-300x200.jpg 300w, https:\/\/d2p6e6u75xmxt8.cloudfront.net\/12\/2021\/05\/IMG_6926-1920x1280-1-768x512.jpg 768w, https:\/\/d2p6e6u75xmxt8.cloudfront.net\/12\/2021\/05\/IMG_6926-1920x1280-1-1536x1024.jpg 1536w, https:\/\/d2p6e6u75xmxt8.cloudfront.net\/12\/2021\/05\/IMG_6926-1920x1280-1-272x182.jpg 272w, https:\/\/d2p6e6u75xmxt8.cloudfront.net\/12\/2021\/05\/IMG_6926-1920x1280-1.jpg 1920w\" sizes=\"auto, (max-width: 1024px) 100vw, 1024px\" \/><figcaption id=\"caption-attachment-11404\" class=\"wp-caption-text\">Kiss Bence fot\u00f3ja<\/figcaption><\/figure>\n<p>Az idei szezonban k\u00e9t versenyre k\u00e9sz\u00fcl, illetve folyamatosan fejleszti mag\u00e1t, igyekszik egyre ink\u00e1bb kitolni k\u00e9pess\u00e9geinek hat\u00e1rait. Mindenekel\u0151tt azonban egy er\u0151s \u00e9s eg\u00e9szs\u00e9ges fizikum fenntart\u00e1s\u00e1ra t\u00f6rekszik, ami mindennek az alapja.<\/p>\n<p>Ha sz\u00e1modra \u00faj ez a st\u00edlus, pr\u00f3b\u00e1ld ki biztons\u00e1gosan a cs\u00f6m\u00f6ri p\u00e1ly\u00e1n! Ha pedig a v\u00e9redben van az ugrat\u00e1s, lesd el Oszk\u00e1r n\u00e9h\u00e1ny tr\u00fckkj\u00e9t!<\/p>\n<figure id=\"attachment_11405\" aria-describedby=\"caption-attachment-11405\" style=\"width: 1024px\" class=\"wp-caption aligncenter\"><img loading=\"lazy\" decoding=\"async\" class=\"size-large wp-image-11405\" src=\"https:\/\/d2p6e6u75xmxt8.cloudfront.net\/12\/2021\/05\/DSC4070-1920x1280-1-1024x683.jpg\" alt=\"\" width=\"1024\" height=\"683\" srcset=\"https:\/\/d2p6e6u75xmxt8.cloudfront.net\/12\/2021\/05\/DSC4070-1920x1280-1-1024x683.jpg 1024w, https:\/\/d2p6e6u75xmxt8.cloudfront.net\/12\/2021\/05\/DSC4070-1920x1280-1-300x200.jpg 300w, https:\/\/d2p6e6u75xmxt8.cloudfront.net\/12\/2021\/05\/DSC4070-1920x1280-1-768x512.jpg 768w, https:\/\/d2p6e6u75xmxt8.cloudfront.net\/12\/2021\/05\/DSC4070-1920x1280-1-1536x1024.jpg 1536w, https:\/\/d2p6e6u75xmxt8.cloudfront.net\/12\/2021\/05\/DSC4070-1920x1280-1-272x182.jpg 272w, https:\/\/d2p6e6u75xmxt8.cloudfront.net\/12\/2021\/05\/DSC4070-1920x1280-1.jpg 1920w\" sizes=\"auto, (max-width: 1024px) 100vw, 1024px\" \/><figcaption id=\"caption-attachment-11405\" class=\"wp-caption-text\">Vas P\u00e9ter fot\u00f3ja<\/figcaption><\/figure>\n<h2><strong>Legyen a tied a k\u00f6vetkez\u0151 H\u00f3nap \u00fatvonala!<\/strong><\/h2>\n<p>Ha Oszk\u00e1rhoz hasonl\u00f3an te is szeretn\u00e9d megmutatni egyik kedvenc \u00fatvonalad ker\u00e9kp\u00e1ros k\u00f6z\u00f6ss\u00e9g\u00fcnknek, k\u00e9sz\u00edts r\u00f3la fot\u00f3kat \u00e9s k\u00fcldj el nek\u00fcnk egy besz\u00e1mol\u00f3t a t\u00far\u00e1r\u00f3l! A r\u00e9szletekr\u0151l <a href=\"https:\/\/www.welovecycling.com\/hu\/honap-utvonala\/legyen-a-te-kedvenc-bringautad-a-honap-utvonala\/\">itt olvashatsz<\/a>.<\/p>\n","protected":false},"excerpt":{"rendered":"<p>Rengeteg ker\u00e9kp\u00e1ros \u00fat, t\u00fara\u00fatvonal, bringap\u00e1lya \u00e9s felfedezetlen \u00f6sv\u00e9ny keresztezi az vil\u00e1got, amiket minden biciklisnek l\u00e1tnia kell! Az\u00e9rt vagyunk k\u00f6z\u00f6ss\u00e9g, hogy [&hellip;]<\/p>\n","protected":false},"author":71,"featured_media":11408,"comment_status":"open","ping_status":"open","sticky":false,"template":"","format":"video","meta":{"footnotes":""},"categories":[461],"tags":[],"global-categories":[],"class_list":["post-11402","post","type-post","status-publish","format-video","has-post-thumbnail","hentry","category-honap-utvonala","post_format-post-format-video"],"yoast_head":"<!-- This site is optimized with the Yoast SEO Premium plugin v25.3 (Yoast SEO v25.9) - https:\/\/yoast.com\/wordpress\/plugins\/seo\/ -->\n<title>A cs\u00f6m\u00f6ri freeride-kuri\u00f3zum \u2013 Nagy Oszk\u00e1r \u00fatvonala<\/title>\n<meta name=\"description\" content=\"Rengeteg ker\u00e9kp\u00e1ros \u00fat, t\u00fara\u00fatvonal, bringap\u00e1lya \u00e9s felfedezetlen \u00f6sv\u00e9ny keresztezi az vil\u00e1got, amiket minden biciklisnek l\u00e1tnia kell!\" \/>\n<meta name=\"robots\" content=\"index, follow, max-snippet:-1, max-image-preview:large, max-video-preview:-1\" \/>\n<link rel=\"canonical\" href=\"https:\/\/www.welovecycling.com\/hu\/honap-utvonala\/a-csomori-freeride-kuriozum-nagy-oszkar-utvonala\/\" \/>\n<meta property=\"og:locale\" content=\"hu_HU\" \/>\n<meta property=\"og:type\" content=\"article\" \/>\n<meta property=\"og:title\" content=\"A cs\u00f6m\u00f6ri freeride-kuri\u00f3zum \u2013 Nagy Oszk\u00e1r \u00fatvonala\" \/>\n<meta property=\"og:description\" content=\"Rengeteg ker\u00e9kp\u00e1ros \u00fat, t\u00fara\u00fatvonal, bringap\u00e1lya \u00e9s felfedezetlen \u00f6sv\u00e9ny keresztezi az vil\u00e1got, amiket minden biciklisnek l\u00e1tnia kell!\" \/>\n<meta property=\"og:url\" content=\"https:\/\/www.welovecycling.com\/hu\/honap-utvonala\/a-csomori-freeride-kuriozum-nagy-oszkar-utvonala\/\" \/>\n<meta property=\"og:site_name\" content=\"\u0160koda We Love Cycling - Magyarorsz\u00e1g\" \/>\n<meta property=\"article:publisher\" content=\"https:\/\/www.facebook.com\/WeLoveCyclingHungary\/\" \/>\n<meta property=\"article:published_time\" content=\"2021-05-12T07:00:47+00:00\" \/>\n<meta property=\"article:modified_time\" content=\"2022-02-03T11:01:38+00:00\" \/>\n<meta property=\"og:image\" content=\"https:\/\/d2p6e6u75xmxt8.cloudfront.net\/12\/2021\/05\/large-WL002_nagy_oszkar_facebook.png\" \/>\n\t<meta property=\"og:image:width\" content=\"1000\" \/>\n\t<meta property=\"og:image:height\" content=\"523\" \/>\n\t<meta property=\"og:image:type\" content=\"image\/png\" \/>\n<meta name=\"author\" content=\"hegyizs\" \/>\n<meta name=\"twitter:card\" content=\"summary_large_image\" \/>\n<meta name=\"twitter:label1\" content=\"Written by\" \/>\n\t<meta name=\"twitter:data1\" content=\"WLC\" \/>\n\t<meta name=\"twitter:label2\" content=\"Est. reading time\" \/>\n\t<meta name=\"twitter:data2\" content=\"3 minutes\" \/>\n<script type=\"application\/ld+json\" class=\"yoast-schema-graph\">{\"@context\":\"https:\/\/schema.org\",\"@graph\":[{\"@type\":\"WebPage\",\"@id\":\"https:\/\/www.welovecycling.com\/hu\/honap-utvonala\/a-csomori-freeride-kuriozum-nagy-oszkar-utvonala\/\",\"url\":\"https:\/\/www.welovecycling.com\/hu\/honap-utvonala\/a-csomori-freeride-kuriozum-nagy-oszkar-utvonala\/\",\"name\":\"A cs\u00f6m\u00f6ri freeride-kuri\u00f3zum \u2013 Nagy Oszk\u00e1r \u00fatvonala\",\"isPartOf\":{\"@id\":\"https:\/\/www.welovecycling.com\/hu\/#website\"},\"primaryImageOfPage\":{\"@id\":\"https:\/\/www.welovecycling.com\/hu\/honap-utvonala\/a-csomori-freeride-kuriozum-nagy-oszkar-utvonala\/#primaryimage\"},\"image\":{\"@id\":\"https:\/\/www.welovecycling.com\/hu\/honap-utvonala\/a-csomori-freeride-kuriozum-nagy-oszkar-utvonala\/#primaryimage\"},\"thumbnailUrl\":\"https:\/\/d2p6e6u75xmxt8.cloudfront.net\/12\/2021\/05\/large-WL002_nagy_oszkar_facebook.png\",\"datePublished\":\"2021-05-12T07:00:47+00:00\",\"dateModified\":\"2022-02-03T11:01:38+00:00\",\"author\":{\"@id\":\"https:\/\/www.welovecycling.com\/hu\/#\/schema\/person\/414a2aebf1801691a5320edb6468e194\"},\"description\":\"Rengeteg ker\u00e9kp\u00e1ros \u00fat, t\u00fara\u00fatvonal, bringap\u00e1lya \u00e9s felfedezetlen \u00f6sv\u00e9ny keresztezi az vil\u00e1got, amiket minden biciklisnek l\u00e1tnia kell!\",\"breadcrumb\":{\"@id\":\"https:\/\/www.welovecycling.com\/hu\/honap-utvonala\/a-csomori-freeride-kuriozum-nagy-oszkar-utvonala\/#breadcrumb\"},\"inLanguage\":\"hu\",\"potentialAction\":[{\"@type\":\"ReadAction\",\"target\":[\"https:\/\/www.welovecycling.com\/hu\/honap-utvonala\/a-csomori-freeride-kuriozum-nagy-oszkar-utvonala\/\"]}]},{\"@type\":\"ImageObject\",\"inLanguage\":\"hu\",\"@id\":\"https:\/\/www.welovecycling.com\/hu\/honap-utvonala\/a-csomori-freeride-kuriozum-nagy-oszkar-utvonala\/#primaryimage\",\"url\":\"https:\/\/d2p6e6u75xmxt8.cloudfront.net\/12\/2021\/05\/large-WL002_nagy_oszkar_facebook.png\",\"contentUrl\":\"https:\/\/d2p6e6u75xmxt8.cloudfront.net\/12\/2021\/05\/large-WL002_nagy_oszkar_facebook.png\",\"width\":1000,\"height\":523},{\"@type\":\"BreadcrumbList\",\"@id\":\"https:\/\/www.welovecycling.com\/hu\/honap-utvonala\/a-csomori-freeride-kuriozum-nagy-oszkar-utvonala\/#breadcrumb\",\"itemListElement\":[{\"@type\":\"ListItem\",\"position\":1,\"name\":\"Home\",\"item\":\"https:\/\/www.welovecycling.com\/hu\/\"},{\"@type\":\"ListItem\",\"position\":2,\"name\":\"A cs\u00f6m\u00f6ri freeride-kuri\u00f3zum \u2013 Nagy Oszk\u00e1r \u00fatvonala\"}]},{\"@type\":\"WebSite\",\"@id\":\"https:\/\/www.welovecycling.com\/hu\/#website\",\"url\":\"https:\/\/www.welovecycling.com\/hu\/\",\"name\":\"\u0160koda We Love Cycling - Magyarorsz\u00e1g\",\"description\":\"\u0160koda WeLoveCycling\",\"potentialAction\":[{\"@type\":\"SearchAction\",\"target\":{\"@type\":\"EntryPoint\",\"urlTemplate\":\"https:\/\/www.welovecycling.com\/hu\/?s={search_term_string}\"},\"query-input\":{\"@type\":\"PropertyValueSpecification\",\"valueRequired\":true,\"valueName\":\"search_term_string\"}}],\"inLanguage\":\"hu\"},{\"@type\":\"Person\",\"@id\":\"https:\/\/www.welovecycling.com\/hu\/#\/schema\/person\/414a2aebf1801691a5320edb6468e194\",\"name\":\"hegyizs\",\"image\":{\"@type\":\"ImageObject\",\"inLanguage\":\"hu\",\"@id\":\"https:\/\/www.welovecycling.com\/hu\/#\/schema\/person\/image\/\",\"url\":\"https:\/\/secure.gravatar.com\/avatar\/02cf8a7906b8cf90cecb4679defac7cfd33a1c2e3b88e4903d947f3bb58eedd3?s=96&d=mm&r=g\",\"contentUrl\":\"https:\/\/secure.gravatar.com\/avatar\/02cf8a7906b8cf90cecb4679defac7cfd33a1c2e3b88e4903d947f3bb58eedd3?s=96&d=mm&r=g\",\"caption\":\"hegyizs\"},\"url\":\"https:\/\/www.welovecycling.com\/hu\/author\/hegyizs\/\"}]}<\/script>\n<!-- \/ Yoast SEO Premium plugin. -->","yoast_head_json":{"title":"A cs\u00f6m\u00f6ri freeride-kuri\u00f3zum \u2013 Nagy Oszk\u00e1r \u00fatvonala","description":"Rengeteg ker\u00e9kp\u00e1ros \u00fat, t\u00fara\u00fatvonal, bringap\u00e1lya \u00e9s felfedezetlen \u00f6sv\u00e9ny keresztezi az vil\u00e1got, amiket minden biciklisnek l\u00e1tnia kell!","robots":{"index":"index","follow":"follow","max-snippet":"max-snippet:-1","max-image-preview":"max-image-preview:large","max-video-preview":"max-video-preview:-1"},"canonical":"https:\/\/www.welovecycling.com\/hu\/honap-utvonala\/a-csomori-freeride-kuriozum-nagy-oszkar-utvonala\/","og_locale":"hu_HU","og_type":"article","og_title":"A cs\u00f6m\u00f6ri freeride-kuri\u00f3zum \u2013 Nagy Oszk\u00e1r \u00fatvonala","og_description":"Rengeteg ker\u00e9kp\u00e1ros \u00fat, t\u00fara\u00fatvonal, bringap\u00e1lya \u00e9s felfedezetlen \u00f6sv\u00e9ny keresztezi az vil\u00e1got, amiket minden biciklisnek l\u00e1tnia kell!","og_url":"https:\/\/www.welovecycling.com\/hu\/honap-utvonala\/a-csomori-freeride-kuriozum-nagy-oszkar-utvonala\/","og_site_name":"\u0160koda We Love Cycling - Magyarorsz\u00e1g","article_publisher":"https:\/\/www.facebook.com\/WeLoveCyclingHungary\/","article_published_time":"2021-05-12T07:00:47+00:00","article_modified_time":"2022-02-03T11:01:38+00:00","og_image":[{"width":1000,"height":523,"url":"https:\/\/d2p6e6u75xmxt8.cloudfront.net\/12\/2021\/05\/large-WL002_nagy_oszkar_facebook.png","type":"image\/png"}],"author":"hegyizs","twitter_card":"summary_large_image","twitter_misc":{"Written by":"WLC","Est. reading time":"3 minutes"},"schema":{"@context":"https:\/\/schema.org","@graph":[{"@type":"WebPage","@id":"https:\/\/www.welovecycling.com\/hu\/honap-utvonala\/a-csomori-freeride-kuriozum-nagy-oszkar-utvonala\/","url":"https:\/\/www.welovecycling.com\/hu\/honap-utvonala\/a-csomori-freeride-kuriozum-nagy-oszkar-utvonala\/","name":"A cs\u00f6m\u00f6ri freeride-kuri\u00f3zum \u2013 Nagy Oszk\u00e1r \u00fatvonala","isPartOf":{"@id":"https:\/\/www.welovecycling.com\/hu\/#website"},"primaryImageOfPage":{"@id":"https:\/\/www.welovecycling.com\/hu\/honap-utvonala\/a-csomori-freeride-kuriozum-nagy-oszkar-utvonala\/#primaryimage"},"image":{"@id":"https:\/\/www.welovecycling.com\/hu\/honap-utvonala\/a-csomori-freeride-kuriozum-nagy-oszkar-utvonala\/#primaryimage"},"thumbnailUrl":"https:\/\/d2p6e6u75xmxt8.cloudfront.net\/12\/2021\/05\/large-WL002_nagy_oszkar_facebook.png","datePublished":"2021-05-12T07:00:47+00:00","dateModified":"2022-02-03T11:01:38+00:00","author":{"@id":"https:\/\/www.welovecycling.com\/hu\/#\/schema\/person\/414a2aebf1801691a5320edb6468e194"},"description":"Rengeteg ker\u00e9kp\u00e1ros \u00fat, t\u00fara\u00fatvonal, bringap\u00e1lya \u00e9s felfedezetlen \u00f6sv\u00e9ny keresztezi az vil\u00e1got, amiket minden biciklisnek l\u00e1tnia kell!","breadcrumb":{"@id":"https:\/\/www.welovecycling.com\/hu\/honap-utvonala\/a-csomori-freeride-kuriozum-nagy-oszkar-utvonala\/#breadcrumb"},"inLanguage":"hu","potentialAction":[{"@type":"ReadAction","target":["https:\/\/www.welovecycling.com\/hu\/honap-utvonala\/a-csomori-freeride-kuriozum-nagy-oszkar-utvonala\/"]}]},{"@type":"ImageObject","inLanguage":"hu","@id":"https:\/\/www.welovecycling.com\/hu\/honap-utvonala\/a-csomori-freeride-kuriozum-nagy-oszkar-utvonala\/#primaryimage","url":"https:\/\/d2p6e6u75xmxt8.cloudfront.net\/12\/2021\/05\/large-WL002_nagy_oszkar_facebook.png","contentUrl":"https:\/\/d2p6e6u75xmxt8.cloudfront.net\/12\/2021\/05\/large-WL002_nagy_oszkar_facebook.png","width":1000,"height":523},{"@type":"BreadcrumbList","@id":"https:\/\/www.welovecycling.com\/hu\/honap-utvonala\/a-csomori-freeride-kuriozum-nagy-oszkar-utvonala\/#breadcrumb","itemListElement":[{"@type":"ListItem","position":1,"name":"Home","item":"https:\/\/www.welovecycling.com\/hu\/"},{"@type":"ListItem","position":2,"name":"A cs\u00f6m\u00f6ri freeride-kuri\u00f3zum \u2013 Nagy Oszk\u00e1r \u00fatvonala"}]},{"@type":"WebSite","@id":"https:\/\/www.welovecycling.com\/hu\/#website","url":"https:\/\/www.welovecycling.com\/hu\/","name":"\u0160koda We Love Cycling - Magyarorsz\u00e1g","description":"\u0160koda WeLoveCycling","potentialAction":[{"@type":"SearchAction","target":{"@type":"EntryPoint","urlTemplate":"https:\/\/www.welovecycling.com\/hu\/?s={search_term_string}"},"query-input":{"@type":"PropertyValueSpecification","valueRequired":true,"valueName":"search_term_string"}}],"inLanguage":"hu"},{"@type":"Person","@id":"https:\/\/www.welovecycling.com\/hu\/#\/schema\/person\/414a2aebf1801691a5320edb6468e194","name":"hegyizs","image":{"@type":"ImageObject","inLanguage":"hu","@id":"https:\/\/www.welovecycling.com\/hu\/#\/schema\/person\/image\/","url":"https:\/\/secure.gravatar.com\/avatar\/02cf8a7906b8cf90cecb4679defac7cfd33a1c2e3b88e4903d947f3bb58eedd3?s=96&d=mm&r=g","contentUrl":"https:\/\/secure.gravatar.com\/avatar\/02cf8a7906b8cf90cecb4679defac7cfd33a1c2e3b88e4903d947f3bb58eedd3?s=96&d=mm&r=g","caption":"hegyizs"},"url":"https:\/\/www.welovecycling.com\/hu\/author\/hegyizs\/"}]}},"_links":{"self":[{"href":"https:\/\/www.welovecycling.com\/hu\/wp-json\/wp\/v2\/posts\/11402","targetHints":{"allow":["GET"]}}],"collection":[{"href":"https:\/\/www.welovecycling.com\/hu\/wp-json\/wp\/v2\/posts"}],"about":[{"href":"https:\/\/www.welovecycling.com\/hu\/wp-json\/wp\/v2\/types\/post"}],"author":[{"embeddable":true,"href":"https:\/\/www.welovecycling.com\/hu\/wp-json\/wp\/v2\/users\/71"}],"replies":[{"embeddable":true,"href":"https:\/\/www.welovecycling.com\/hu\/wp-json\/wp\/v2\/comments?post=11402"}],"version-history":[{"count":2,"href":"https:\/\/www.welovecycling.com\/hu\/wp-json\/wp\/v2\/posts\/11402\/revisions"}],"predecessor-version":[{"id":13531,"href":"https:\/\/www.welovecycling.com\/hu\/wp-json\/wp\/v2\/posts\/11402\/revisions\/13531"}],"wp:featuredmedia":[{"embeddable":true,"href":"https:\/\/www.welovecycling.com\/hu\/wp-json\/wp\/v2\/media\/11408"}],"wp:attachment":[{"href":"https:\/\/www.welovecycling.com\/hu\/wp-json\/wp\/v2\/media?parent=11402"}],"wp:term":[{"taxonomy":"category","embeddable":true,"href":"https:\/\/www.welovecycling.com\/hu\/wp-json\/wp\/v2\/categories?post=11402"},{"taxonomy":"post_tag","embeddable":true,"href":"https:\/\/www.welovecycling.com\/hu\/wp-json\/wp\/v2\/tags?post=11402"},{"taxonomy":"global-categories","embeddable":true,"href":"https:\/\/www.welovecycling.com\/hu\/wp-json\/wp\/v2\/global-categories?post=11402"}],"curies":[{"name":"wp","href":"https:\/\/api.w.org\/{rel}","templated":true}]}}