{"id":11370,"date":"2021-05-11T10:46:44","date_gmt":"2021-05-11T09:46:44","guid":{"rendered":"https:\/\/www.welovecycling.com\/hu\/?p=11370"},"modified":"2021-05-11T10:46:59","modified_gmt":"2021-05-11T09:46:59","slug":"fetter-erik-a-titkos-magyar-igeret","status":"publish","type":"post","link":"https:\/\/www.welovecycling.com\/hu\/tour-de-hongrie\/fetter-erik-a-titkos-magyar-igeret\/","title":{"rendered":"Fetter Erik \u2013 a titkos magyar \u00edg\u00e9ret"},"content":{"rendered":"<p><strong>A szerd\u00e1n Si\u00f3fokr\u00f3l elrajtol\u00f3 Tour de Hongrie-t felvezet\u0151 sorozatunk z\u00e1r\u00f3vend\u00e9ge az alighanem legnagyobb magyar \u00f6sszetett es\u00e9lyes, Fetter Erik volt.<\/strong><!--more--><\/p>\n<p>A jelenleg is a Giro d\u2019Itali\u00e1n teker\u0151 Valter Attila \u00e9s Dina M\u00e1rton ut\u00e1n Fetter Erik nev\u00e9t is ideje egyre jobban megtanulni a bringakedvel\u0151knek. A fiatal, 21 esztend\u0151s tehets\u00e9g Dina Marci csapatt\u00e1rsa az Eolo-Komet\u00e1n\u00e1l, \u00e9s az \u00e1prilisi Alpesi k\u00f6rversenyen vil\u00e1gsz\u00ednvonal\u00fa mez\u0151nyben \u00fagy v\u00e9gzett a nagyszer\u0171, 25. helyen legjobb magyark\u00e9nt, hogy az \u00f6sszetett versenyben t\u00f6bbek k\u00f6z\u00f6tt Valter Atit \u00e9s Dina Marcit is megel\u0151zte.<\/p>\n<p><strong><em>\u201eEredetileg nem az \u00f6sszetett volt a f\u0151 feladatom, hanem a sz\u00f6k\u00e9sek, valamint az els\u0151 ember\u00fcnk seg\u00edt\u00e9se \u2013 de miut\u00e1n v\u00e9gig mentem vele, \u00e9s sokszor m\u00e9g el\u0151tte is tudtam v\u00e9gezni, a negyedik napra kiv\u00edvtam, hogy \u00e9n legyek a csapat f\u0151 embere. Siker\u00fclt kontroll\u00e1lnom a dolgokat, \u00e9s koncentr\u00e1lt teljes\u00edtm\u00e9nnyel egy j\u00f3 \u00f6sszetett eredm\u00e9nyt el\u00e9rnem, aminek nagyon \u00f6r\u00fcl\u00f6k!\u201d<\/em><\/strong><strong><em>\u00a0<\/em><\/strong><\/p>\n<p>Eriknek tavaly volt egy cs\u00fanya edz\u00e9sbalesete, egy figyelmetlen aut\u00f3ssal t\u00f6rt\u00e9nt \u00fctk\u00f6z\u00e9s nyom\u00e1n t\u00f6bbsz\u00f6r\u00f6s csigolyat\u00f6r\u00e9st \u00e9s bordas\u00e9r\u00fcl\u00e9st szenvedett, \u00edgy a 2020-as Tour de Hongrie-n, amelyre ugyancsak nagyon k\u00e9sz\u00fclt, sajnos es\u00e9lytelen volt az indul\u00e1sa. Elmes\u00e9lte, noha a hossz\u00fa kihagy\u00e1s \u00e9s fel\u00e9p\u00fcl\u00e9s ut\u00e1n a biciklire fizikailag k\u00f6nny\u0171 fel\u00fclni, de a lelki t\u00e9nyez\u0151k hosszabb t\u00e1von kihatnak, azok jobban bele\u00e9gnek az emberbe, \u00edgy ma m\u00e1r sokkal el\u0151vigy\u00e1zatosabb minden szitu\u00e1ci\u00f3ban.<\/p>\n<p>Az idei Magyar k\u00f6rversenyre \u00e9pp ez\u00e9rt kett\u0151z\u00f6tt er\u0151vel \u00e9s motiv\u00e1ci\u00f3val k\u00e9sz\u00fcl, s minekut\u00e1na Dina Marci Giro-indul\u00e1s\u00e1val a Komet\u00e1ban a Tour de Hongrie-ra is els\u0151 emberr\u00e9 l\u00e9pett el\u0151, meg is kapja az es\u00e9lyt a bizony\u00edt\u00e1sra. <strong><em>\u201eJ\u00f3l \u00e9rzem magam, az Alpesi k\u00f6rt m\u00e1r siker\u00fclt kipihennem, az edz\u00e9sek j\u00f3l mentek, a form\u00e1m is biztat\u00f3, \u00fagyhogy nagyon v\u00e1rom m\u00e1r a Tour de Hongrie-t, rem\u00e9lem, siker\u00fclt a csapattal egy\u00fctt egy sz\u00e9p eredm\u00e9nyt el\u00e9rn\u00fcnk hazai k\u00f6z\u00f6ns\u00e9g el\u0151tt! Ha sz\u00e1mszer\u0171s\u00edteni kellene a c\u00e9ljaimat, azt mondan\u00e1m, egy \u00f6sszetett top t\u00edzes helyez\u00e9s \u00e1lomszer\u0171 lenne, f\u0151leg, ha azt vessz\u00fck, hogy a tavalyi versenyt majdhogynem t\u00f6r\u00f6tt gerinccel kellett n\u00e9znem k\u00edv\u00fclr\u0151l\u2026\u201d<\/em><\/strong><strong><em>\u00a0<\/em><\/strong><\/p>\n<p>Erik n\u00e9z\u0151i k\u00e9rd\u00e9sre el\u00e1rulta, sz\u00e9p id\u0151ben nyilv\u00e1n jobban szeret versenyezni, de mivel ez nem rajtuk m\u00falik, j\u00f3l kell teljes\u00edteni ha esik, ha f\u00faj. A hegyekkel \u00e9s a meredek emelked\u0151kkel pedig szerencs\u00e9re j\u00f3 bar\u00e1ts\u00e1got \u00e1pol, s b\u00e1r az idei \u00fatvonalon csak egy igaz\u00e1n kem\u00e9ny hegyi etap lesz \u2013 term\u00e9szetesen az utols\u00f3 el\u0151tti, k\u00e9kestet\u0151i \u2013, arra r\u00e1k\u00e9sz\u00fcl, s azon igyekszik a lehet\u0151 legjobban menni, mert k\u00f6nnyen eld\u00f6ntheti az eg\u00e9sz verseny sors\u00e1t. Csak\u00fagy, mint tavaly Valter Ati eml\u00e9kezetes siker\u00e9n\u00e9l \u2013 egy hasonl\u00f3 brav\u00fart most is el tudna viselni a lelkes magyar k\u00f6z\u00f6ns\u00e9g, \u00e9s Fetter Erik nem titkoltan k\u00e9sz\u00fcl is a meglepet\u00e9sre\u2026!<\/p>\n<p>Szerz\u0151: <em>Koh\u00e1n Gergely<\/em><\/p>\n","protected":false},"excerpt":{"rendered":"<p>A szerd\u00e1n Si\u00f3fokr\u00f3l elrajtol\u00f3 Tour de Hongrie-t felvezet\u0151 sorozatunk z\u00e1r\u00f3vend\u00e9ge az alighanem legnagyobb magyar \u00f6sszetett es\u00e9lyes, Fetter Erik volt.<\/p>\n","protected":false},"author":71,"featured_media":11369,"comment_status":"open","ping_status":"open","sticky":false,"template":"","format":"video","meta":{"footnotes":""},"categories":[462],"tags":[],"global-categories":[419],"class_list":["post-11370","post","type-post","status-publish","format-video","has-post-thumbnail","hentry","category-tour-de-hongrie","post_format-post-format-video","global-categories-cycling"],"yoast_head":"<!-- This site is optimized with the Yoast SEO Premium plugin v25.3 (Yoast SEO v25.9) - https:\/\/yoast.com\/wordpress\/plugins\/seo\/ -->\n<title>Fetter Erik \u2013 a titkos magyar \u00edg\u00e9ret - \u0160koda We Love Cycling - Magyarorsz\u00e1g<\/title>\n<meta name=\"description\" content=\"A szerd\u00e1n Si\u00f3fokr\u00f3l elrajtol\u00f3 Tour de Hongrie-t felvezet\u0151 sorozatunk z\u00e1r\u00f3vend\u00e9ge az alighanem\" \/>\n<meta name=\"robots\" content=\"index, follow, max-snippet:-1, max-image-preview:large, max-video-preview:-1\" \/>\n<link rel=\"canonical\" href=\"https:\/\/www.welovecycling.com\/hu\/tour-de-hongrie\/fetter-erik-a-titkos-magyar-igeret\/\" \/>\n<meta property=\"og:locale\" content=\"hu_HU\" \/>\n<meta property=\"og:type\" content=\"article\" \/>\n<meta property=\"og:title\" content=\"Fetter Erik \u2013 a titkos magyar \u00edg\u00e9ret\" \/>\n<meta property=\"og:description\" content=\"A szerd\u00e1n Si\u00f3fokr\u00f3l elrajtol\u00f3 Tour de Hongrie-t felvezet\u0151 sorozatunk z\u00e1r\u00f3vend\u00e9ge az alighanem\" \/>\n<meta property=\"og:url\" content=\"https:\/\/www.welovecycling.com\/hu\/tour-de-hongrie\/fetter-erik-a-titkos-magyar-igeret\/\" \/>\n<meta property=\"og:site_name\" content=\"\u0160koda We Love Cycling - Magyarorsz\u00e1g\" \/>\n<meta property=\"article:publisher\" content=\"https:\/\/www.facebook.com\/WeLoveCyclingHungary\/\" \/>\n<meta property=\"article:published_time\" content=\"2021-05-11T09:46:44+00:00\" \/>\n<meta property=\"article:modified_time\" content=\"2021-05-11T09:46:59+00:00\" \/>\n<meta property=\"og:image\" content=\"https:\/\/d2p6e6u75xmxt8.cloudfront.net\/12\/2021\/05\/large-WL007_elo_interju_fetter_erik_v03-1.png\" \/>\n\t<meta property=\"og:image:width\" content=\"1000\" \/>\n\t<meta property=\"og:image:height\" content=\"563\" \/>\n\t<meta property=\"og:image:type\" content=\"image\/png\" \/>\n<meta name=\"author\" content=\"hegyizs\" \/>\n<meta name=\"twitter:card\" content=\"summary_large_image\" \/>\n<meta name=\"twitter:label1\" content=\"Written by\" \/>\n\t<meta name=\"twitter:data1\" content=\"Koh\u00e1n Gergely\" \/>\n\t<meta name=\"twitter:label2\" content=\"Est. reading time\" \/>\n\t<meta name=\"twitter:data2\" content=\"3 minutes\" \/>\n<script type=\"application\/ld+json\" class=\"yoast-schema-graph\">{\"@context\":\"https:\/\/schema.org\",\"@graph\":[{\"@type\":\"WebPage\",\"@id\":\"https:\/\/www.welovecycling.com\/hu\/tour-de-hongrie\/fetter-erik-a-titkos-magyar-igeret\/\",\"url\":\"https:\/\/www.welovecycling.com\/hu\/tour-de-hongrie\/fetter-erik-a-titkos-magyar-igeret\/\",\"name\":\"Fetter Erik \u2013 a titkos magyar \u00edg\u00e9ret - \u0160koda We Love Cycling - Magyarorsz\u00e1g\",\"isPartOf\":{\"@id\":\"https:\/\/www.welovecycling.com\/hu\/#website\"},\"primaryImageOfPage\":{\"@id\":\"https:\/\/www.welovecycling.com\/hu\/tour-de-hongrie\/fetter-erik-a-titkos-magyar-igeret\/#primaryimage\"},\"image\":{\"@id\":\"https:\/\/www.welovecycling.com\/hu\/tour-de-hongrie\/fetter-erik-a-titkos-magyar-igeret\/#primaryimage\"},\"thumbnailUrl\":\"https:\/\/d2p6e6u75xmxt8.cloudfront.net\/12\/2021\/05\/large-WL007_elo_interju_fetter_erik_v03-1.png\",\"datePublished\":\"2021-05-11T09:46:44+00:00\",\"dateModified\":\"2021-05-11T09:46:59+00:00\",\"author\":{\"@id\":\"https:\/\/www.welovecycling.com\/hu\/#\/schema\/person\/414a2aebf1801691a5320edb6468e194\"},\"description\":\"A szerd\u00e1n Si\u00f3fokr\u00f3l elrajtol\u00f3 Tour de Hongrie-t felvezet\u0151 sorozatunk z\u00e1r\u00f3vend\u00e9ge az alighanem\",\"breadcrumb\":{\"@id\":\"https:\/\/www.welovecycling.com\/hu\/tour-de-hongrie\/fetter-erik-a-titkos-magyar-igeret\/#breadcrumb\"},\"inLanguage\":\"hu\",\"potentialAction\":[{\"@type\":\"ReadAction\",\"target\":[\"https:\/\/www.welovecycling.com\/hu\/tour-de-hongrie\/fetter-erik-a-titkos-magyar-igeret\/\"]}]},{\"@type\":\"ImageObject\",\"inLanguage\":\"hu\",\"@id\":\"https:\/\/www.welovecycling.com\/hu\/tour-de-hongrie\/fetter-erik-a-titkos-magyar-igeret\/#primaryimage\",\"url\":\"https:\/\/d2p6e6u75xmxt8.cloudfront.net\/12\/2021\/05\/large-WL007_elo_interju_fetter_erik_v03-1.png\",\"contentUrl\":\"https:\/\/d2p6e6u75xmxt8.cloudfront.net\/12\/2021\/05\/large-WL007_elo_interju_fetter_erik_v03-1.png\",\"width\":1000,\"height\":563},{\"@type\":\"BreadcrumbList\",\"@id\":\"https:\/\/www.welovecycling.com\/hu\/tour-de-hongrie\/fetter-erik-a-titkos-magyar-igeret\/#breadcrumb\",\"itemListElement\":[{\"@type\":\"ListItem\",\"position\":1,\"name\":\"Home\",\"item\":\"https:\/\/www.welovecycling.com\/hu\/\"},{\"@type\":\"ListItem\",\"position\":2,\"name\":\"Fetter Erik \u2013 a titkos magyar \u00edg\u00e9ret\"}]},{\"@type\":\"WebSite\",\"@id\":\"https:\/\/www.welovecycling.com\/hu\/#website\",\"url\":\"https:\/\/www.welovecycling.com\/hu\/\",\"name\":\"\u0160koda We Love Cycling - Magyarorsz\u00e1g\",\"description\":\"\u0160koda WeLoveCycling\",\"potentialAction\":[{\"@type\":\"SearchAction\",\"target\":{\"@type\":\"EntryPoint\",\"urlTemplate\":\"https:\/\/www.welovecycling.com\/hu\/?s={search_term_string}\"},\"query-input\":{\"@type\":\"PropertyValueSpecification\",\"valueRequired\":true,\"valueName\":\"search_term_string\"}}],\"inLanguage\":\"hu\"},{\"@type\":\"Person\",\"@id\":\"https:\/\/www.welovecycling.com\/hu\/#\/schema\/person\/414a2aebf1801691a5320edb6468e194\",\"name\":\"hegyizs\",\"image\":{\"@type\":\"ImageObject\",\"inLanguage\":\"hu\",\"@id\":\"https:\/\/www.welovecycling.com\/hu\/#\/schema\/person\/image\/\",\"url\":\"https:\/\/secure.gravatar.com\/avatar\/02cf8a7906b8cf90cecb4679defac7cfd33a1c2e3b88e4903d947f3bb58eedd3?s=96&d=mm&r=g\",\"contentUrl\":\"https:\/\/secure.gravatar.com\/avatar\/02cf8a7906b8cf90cecb4679defac7cfd33a1c2e3b88e4903d947f3bb58eedd3?s=96&d=mm&r=g\",\"caption\":\"hegyizs\"},\"url\":\"https:\/\/www.welovecycling.com\/hu\/author\/hegyizs\/\"}]}<\/script>\n<!-- \/ Yoast SEO Premium plugin. -->","yoast_head_json":{"title":"Fetter Erik \u2013 a titkos magyar \u00edg\u00e9ret - \u0160koda We Love Cycling - Magyarorsz\u00e1g","description":"A szerd\u00e1n Si\u00f3fokr\u00f3l elrajtol\u00f3 Tour de Hongrie-t felvezet\u0151 sorozatunk z\u00e1r\u00f3vend\u00e9ge az alighanem","robots":{"index":"index","follow":"follow","max-snippet":"max-snippet:-1","max-image-preview":"max-image-preview:large","max-video-preview":"max-video-preview:-1"},"canonical":"https:\/\/www.welovecycling.com\/hu\/tour-de-hongrie\/fetter-erik-a-titkos-magyar-igeret\/","og_locale":"hu_HU","og_type":"article","og_title":"Fetter Erik \u2013 a titkos magyar \u00edg\u00e9ret","og_description":"A szerd\u00e1n Si\u00f3fokr\u00f3l elrajtol\u00f3 Tour de Hongrie-t felvezet\u0151 sorozatunk z\u00e1r\u00f3vend\u00e9ge az alighanem","og_url":"https:\/\/www.welovecycling.com\/hu\/tour-de-hongrie\/fetter-erik-a-titkos-magyar-igeret\/","og_site_name":"\u0160koda We Love Cycling - Magyarorsz\u00e1g","article_publisher":"https:\/\/www.facebook.com\/WeLoveCyclingHungary\/","article_published_time":"2021-05-11T09:46:44+00:00","article_modified_time":"2021-05-11T09:46:59+00:00","og_image":[{"width":1000,"height":563,"url":"https:\/\/d2p6e6u75xmxt8.cloudfront.net\/12\/2021\/05\/large-WL007_elo_interju_fetter_erik_v03-1.png","type":"image\/png"}],"author":"hegyizs","twitter_card":"summary_large_image","twitter_misc":{"Written by":"Koh\u00e1n Gergely","Est. reading time":"3 minutes"},"schema":{"@context":"https:\/\/schema.org","@graph":[{"@type":"WebPage","@id":"https:\/\/www.welovecycling.com\/hu\/tour-de-hongrie\/fetter-erik-a-titkos-magyar-igeret\/","url":"https:\/\/www.welovecycling.com\/hu\/tour-de-hongrie\/fetter-erik-a-titkos-magyar-igeret\/","name":"Fetter Erik \u2013 a titkos magyar \u00edg\u00e9ret - \u0160koda We Love Cycling - Magyarorsz\u00e1g","isPartOf":{"@id":"https:\/\/www.welovecycling.com\/hu\/#website"},"primaryImageOfPage":{"@id":"https:\/\/www.welovecycling.com\/hu\/tour-de-hongrie\/fetter-erik-a-titkos-magyar-igeret\/#primaryimage"},"image":{"@id":"https:\/\/www.welovecycling.com\/hu\/tour-de-hongrie\/fetter-erik-a-titkos-magyar-igeret\/#primaryimage"},"thumbnailUrl":"https:\/\/d2p6e6u75xmxt8.cloudfront.net\/12\/2021\/05\/large-WL007_elo_interju_fetter_erik_v03-1.png","datePublished":"2021-05-11T09:46:44+00:00","dateModified":"2021-05-11T09:46:59+00:00","author":{"@id":"https:\/\/www.welovecycling.com\/hu\/#\/schema\/person\/414a2aebf1801691a5320edb6468e194"},"description":"A szerd\u00e1n Si\u00f3fokr\u00f3l elrajtol\u00f3 Tour de Hongrie-t felvezet\u0151 sorozatunk z\u00e1r\u00f3vend\u00e9ge az alighanem","breadcrumb":{"@id":"https:\/\/www.welovecycling.com\/hu\/tour-de-hongrie\/fetter-erik-a-titkos-magyar-igeret\/#breadcrumb"},"inLanguage":"hu","potentialAction":[{"@type":"ReadAction","target":["https:\/\/www.welovecycling.com\/hu\/tour-de-hongrie\/fetter-erik-a-titkos-magyar-igeret\/"]}]},{"@type":"ImageObject","inLanguage":"hu","@id":"https:\/\/www.welovecycling.com\/hu\/tour-de-hongrie\/fetter-erik-a-titkos-magyar-igeret\/#primaryimage","url":"https:\/\/d2p6e6u75xmxt8.cloudfront.net\/12\/2021\/05\/large-WL007_elo_interju_fetter_erik_v03-1.png","contentUrl":"https:\/\/d2p6e6u75xmxt8.cloudfront.net\/12\/2021\/05\/large-WL007_elo_interju_fetter_erik_v03-1.png","width":1000,"height":563},{"@type":"BreadcrumbList","@id":"https:\/\/www.welovecycling.com\/hu\/tour-de-hongrie\/fetter-erik-a-titkos-magyar-igeret\/#breadcrumb","itemListElement":[{"@type":"ListItem","position":1,"name":"Home","item":"https:\/\/www.welovecycling.com\/hu\/"},{"@type":"ListItem","position":2,"name":"Fetter Erik \u2013 a titkos magyar \u00edg\u00e9ret"}]},{"@type":"WebSite","@id":"https:\/\/www.welovecycling.com\/hu\/#website","url":"https:\/\/www.welovecycling.com\/hu\/","name":"\u0160koda We Love Cycling - Magyarorsz\u00e1g","description":"\u0160koda WeLoveCycling","potentialAction":[{"@type":"SearchAction","target":{"@type":"EntryPoint","urlTemplate":"https:\/\/www.welovecycling.com\/hu\/?s={search_term_string}"},"query-input":{"@type":"PropertyValueSpecification","valueRequired":true,"valueName":"search_term_string"}}],"inLanguage":"hu"},{"@type":"Person","@id":"https:\/\/www.welovecycling.com\/hu\/#\/schema\/person\/414a2aebf1801691a5320edb6468e194","name":"hegyizs","image":{"@type":"ImageObject","inLanguage":"hu","@id":"https:\/\/www.welovecycling.com\/hu\/#\/schema\/person\/image\/","url":"https:\/\/secure.gravatar.com\/avatar\/02cf8a7906b8cf90cecb4679defac7cfd33a1c2e3b88e4903d947f3bb58eedd3?s=96&d=mm&r=g","contentUrl":"https:\/\/secure.gravatar.com\/avatar\/02cf8a7906b8cf90cecb4679defac7cfd33a1c2e3b88e4903d947f3bb58eedd3?s=96&d=mm&r=g","caption":"hegyizs"},"url":"https:\/\/www.welovecycling.com\/hu\/author\/hegyizs\/"}]}},"_links":{"self":[{"href":"https:\/\/www.welovecycling.com\/hu\/wp-json\/wp\/v2\/posts\/11370","targetHints":{"allow":["GET"]}}],"collection":[{"href":"https:\/\/www.welovecycling.com\/hu\/wp-json\/wp\/v2\/posts"}],"about":[{"href":"https:\/\/www.welovecycling.com\/hu\/wp-json\/wp\/v2\/types\/post"}],"author":[{"embeddable":true,"href":"https:\/\/www.welovecycling.com\/hu\/wp-json\/wp\/v2\/users\/71"}],"replies":[{"embeddable":true,"href":"https:\/\/www.welovecycling.com\/hu\/wp-json\/wp\/v2\/comments?post=11370"}],"version-history":[{"count":2,"href":"https:\/\/www.welovecycling.com\/hu\/wp-json\/wp\/v2\/posts\/11370\/revisions"}],"predecessor-version":[{"id":11372,"href":"https:\/\/www.welovecycling.com\/hu\/wp-json\/wp\/v2\/posts\/11370\/revisions\/11372"}],"wp:featuredmedia":[{"embeddable":true,"href":"https:\/\/www.welovecycling.com\/hu\/wp-json\/wp\/v2\/media\/11369"}],"wp:attachment":[{"href":"https:\/\/www.welovecycling.com\/hu\/wp-json\/wp\/v2\/media?parent=11370"}],"wp:term":[{"taxonomy":"category","embeddable":true,"href":"https:\/\/www.welovecycling.com\/hu\/wp-json\/wp\/v2\/categories?post=11370"},{"taxonomy":"post_tag","embeddable":true,"href":"https:\/\/www.welovecycling.com\/hu\/wp-json\/wp\/v2\/tags?post=11370"},{"taxonomy":"global-categories","embeddable":true,"href":"https:\/\/www.welovecycling.com\/hu\/wp-json\/wp\/v2\/global-categories?post=11370"}],"curies":[{"name":"wp","href":"https:\/\/api.w.org\/{rel}","templated":true}]}}