{"id":11358,"date":"2021-05-11T08:00:22","date_gmt":"2021-05-11T07:00:22","guid":{"rendered":"https:\/\/www.welovecycling.com\/hu\/?p=11358"},"modified":"2021-05-07T13:06:41","modified_gmt":"2021-05-07T12:06:41","slug":"szinek-harcok-reszhajrak-a-tour-de-hongrie-trikoi","status":"publish","type":"post","link":"https:\/\/www.welovecycling.com\/hu\/tour-de-hongrie\/szinek-harcok-reszhajrak-a-tour-de-hongrie-trikoi\/","title":{"rendered":"Sz\u00ednek, harcok, r\u00e9szhajr\u00e1k \u2013 A Tour de Hongrie trik\u00f3i"},"content":{"rendered":"<p><strong>A r\u00f3zsasz\u00edn tuti a Giro-\u00e9, a Tour de France-en van z\u00f6ld, s\u00e1rga \u00e9s p\u00f6tty\u00f6s, az eg\u00e9sz verseny valahogy ezek k\u00f6r\u00fcl forog \u00e9s tavaly Valter Attila h\u00e1rmat is megszerzett a Tour de Hongrie-n. Minden versenyen m\u00e1sok a sz\u00ednek \u2013 van, ahol mint\u00e1k is vannak, s\u0151t sziv\u00e1rv\u00e1ny is &#8211; \u00e9s m\u00e1s a jelent\u00e9s\u00fck, de \u00e1ltal\u00e1ban nem annyira bonyolult, mint amilyennek t\u0171nik. N\u00e9zz\u00fck, mit jelent a TdH n\u00e9gy meze!<\/strong><!--more--><\/p>\n<p>\u00dagy indult az eg\u00e9sz, hogy a Tour de France karszalagokkal emelte ki a verseny legjobbjait, hogy szemmel lehessen \u0151ket tartani, azonban a szponzorok szerint ez nem volt el\u00e9g felt\u0171n\u0151. 1919-ben jelent meg el\u0151sz\u00f6r a s\u00e1rga trik\u00f3 a versenyen, amikor Eugene Christophe \u00f6lthette fel. Ekkor m\u00e9g csak 11-en indultak, a megk\u00fcl\u00f6nb\u00f6ztet\u00e9s teh\u00e1t kicsit t\u00fal j\u00f3l siker\u00fclt: a versenyz\u0151t t\u00e1rsai kan\u00e1rinak cs\u00fafolt\u00e1k \u00e9s egyszer\u0171en lehetetlen volt elvegy\u00fclnie.<\/p>\n<figure id=\"attachment_11360\" aria-describedby=\"caption-attachment-11360\" style=\"width: 1024px\" class=\"wp-caption aligncenter\"><img loading=\"lazy\" decoding=\"async\" class=\"size-large wp-image-11360\" src=\"https:\/\/d2p6e6u75xmxt8.cloudfront.net\/12\/2021\/05\/Eugene-Christophe-1919-Tour-de-France-1024x685.jpg\" alt=\"\" width=\"1024\" height=\"685\" srcset=\"https:\/\/d2p6e6u75xmxt8.cloudfront.net\/12\/2021\/05\/Eugene-Christophe-1919-Tour-de-France-1024x685.jpg 1024w, https:\/\/d2p6e6u75xmxt8.cloudfront.net\/12\/2021\/05\/Eugene-Christophe-1919-Tour-de-France-300x201.jpg 300w, https:\/\/d2p6e6u75xmxt8.cloudfront.net\/12\/2021\/05\/Eugene-Christophe-1919-Tour-de-France-768x514.jpg 768w, https:\/\/d2p6e6u75xmxt8.cloudfront.net\/12\/2021\/05\/Eugene-Christophe-1919-Tour-de-France-272x182.jpg 272w, https:\/\/d2p6e6u75xmxt8.cloudfront.net\/12\/2021\/05\/Eugene-Christophe-1919-Tour-de-France.jpg 1200w\" sizes=\"auto, (max-width: 1024px) 100vw, 1024px\" \/><figcaption id=\"caption-attachment-11360\" class=\"wp-caption-text\">Ugyan nem l\u00e1tszik a r\u00e9gi felv\u00e9teleken, de Eugene Christophe viselte el\u0151sz\u00f6r a TdF s\u00e1rga mez\u00e9t. Fot\u00f3: cycling passion<\/figcaption><\/figure>\n<p>Az\u00f3ta m\u00e1r kiforrta mag\u00e1t a sz\u00ednes trik\u00f3k hagyom\u00e1nya \u00e9s nem is indulhatott n\u00e9lk\u00fcl\u00fck nemzetk\u00f6zi verseny. Persze ma m\u00e1r nagyobb a mezek funkcionalit\u00e1sa is, hiszen kicsit t\u00f6bb, mint 11 versenyz\u0151 k\u00f6z\u00f6tt kell megtal\u00e1lni a n\u00e9gy trik\u00f3t visel\u0151t. A Tour de Hongrie-n n\u00e9gy mezt kell figyelemmel k\u00f6vetni: a pirosat, a feh\u00e9ret, a z\u00f6ldet \u00e9s a s\u00e1rg\u00e1t.<\/p>\n<p>&nbsp;<\/p>\n<p><img loading=\"lazy\" decoding=\"async\" class=\"aligncenter size-full wp-image-11361\" src=\"https:\/\/d2p6e6u75xmxt8.cloudfront.net\/12\/2021\/05\/WL007_TDH_INFO_02-1024x1024-1.jpg\" alt=\"\" width=\"1024\" height=\"1024\" srcset=\"https:\/\/d2p6e6u75xmxt8.cloudfront.net\/12\/2021\/05\/WL007_TDH_INFO_02-1024x1024-1.jpg 1024w, https:\/\/d2p6e6u75xmxt8.cloudfront.net\/12\/2021\/05\/WL007_TDH_INFO_02-1024x1024-1-300x300.jpg 300w, https:\/\/d2p6e6u75xmxt8.cloudfront.net\/12\/2021\/05\/WL007_TDH_INFO_02-1024x1024-1-150x150.jpg 150w, https:\/\/d2p6e6u75xmxt8.cloudfront.net\/12\/2021\/05\/WL007_TDH_INFO_02-1024x1024-1-768x768.jpg 768w\" sizes=\"auto, (max-width: 1024px) 100vw, 1024px\" \/><\/p>\n<h2><strong>Piros<\/strong><\/h2>\n<p>R\u00f6viden: aki a legjobban tud m\u00e1szni, az kapja meg a hegyek kir\u00e1ly\u00e1nak j\u00e1r\u00f3 piros trik\u00f3t.<\/p>\n<p>A verseny etapjain nem csak az sz\u00e1m\u00edt, hogy ki \u00e9r el\u0151sz\u00f6r c\u00e9lba: gyorsas\u00e1gi \u00e9s hegyi r\u00e9szhajr\u00e1kon gy\u0171jthetnek a versenyz\u0151k pontokat. Aki ezeken a r\u00e9szhajr\u00e1kon legjobban teljes\u00edt, jutalmat kap, ez lehet d\u00edj vagy id\u0151j\u00f3v\u00e1\u00edr\u00e1s. Aki pedig a legt\u00f6bb pontot gy\u0171jti \u00f6ssze, megkapja a neki j\u00e1r\u00f3 trik\u00f3t: a gyorsas\u00e1gi r\u00e9szhajr\u00e1k\u00e9rt a z\u00f6ldet, a hegyi r\u00e9szhajr\u00e1k\u00e9rt a pirosat. Ut\u00f3bbi versenyben pontokat a hegytet\u0151k\u00f6n l\u00e9v\u0151 hegyi hajr\u00e1kn\u00e1l lehet szerezni, a hegy megm\u00e1sz\u00e1s\u00e1nak neh\u00e9zs\u00e9ge (hossz\u00fas\u00e1g \u00e9s meredeks\u00e9g) f\u00fcggv\u00e9ny\u00e9ben.<\/p>\n<p>A legt\u00f6bb hegyi pontot \u00f6sszegy\u0171jt\u0151 versenyz\u0151 el\u0151sz\u00f6r 1975-ben h\u00fazhatott fel megk\u00fcl\u00f6nb\u00f6ztet\u0151 trik\u00f3t, term\u00e9szetesen a Tour de France-en, ekkor m\u00e9g p\u00f6tty\u00f6s volt, a verseny egyik szponzora, a francia Poulain Chocolate j\u00f3volt\u00e1b\u00f3l. A magyar k\u00f6rverseny is ezt a p\u00f6tty\u00f6s mint\u00e1zatot vette \u00e1t 1993-ban, h\u00e1rom \u00e9vvel k\u00e9s\u0151bb viselhette el\u0151sz\u00f6r magyar, Steig Csaba, a Szolnoki Cukorgy\u00e1r ker\u00e9kp\u00e1rosa. K\u00e9s\u0151bb t\u00f6bb sz\u00edn is jutott a hegyi men\u0151knek: 2001-ben k\u00e9k mezt kapott a pontversenyben gy\u0151ztes szlov\u00e1kiai Nagy R\u00f3bert, 2005-ben viszont m\u00e1r piros mez j\u00e1rt a \u201ehegyek kir\u00e1ly\u00e1nak\u201d, akkor az ausztr\u00e1l Glen Chadwick h\u00fazhatta fel, 2006 \u00e9s 2008 k\u00f6z\u00f6tt ism\u00e9t a p\u00f6tty\u00f6s mezt jel\u00f6lte e legjobb hegyi kerekest, 2015-ben viszont a Magyar K\u00f6rverseny visszat\u00e9rt a piros trik\u00f3hoz.<\/p>\n<p>Id\u00e9n \u00f6sszesen 8 hegyi r\u00e9szhajr\u00e1 v\u00e1rja a versenyz\u0151ket, a szakaszokat neh\u00e9zs\u00e9g\u00fck alapj\u00e1n h\u00e1rom\u00a0 kateg\u00f3ri\u00e1ba sorolt\u00e1k, az els\u0151 kateg\u00f3ria \u00e9ri a legt\u00f6bb pontot. Ezeken a neh\u00e9z emelked\u0151k\u00f6n az els\u0151 h\u00e9t befut\u00f3 szerezhet pontokat, a m\u00e1sodik kateg\u00f3ri\u00e1s hegyeken az els\u0151 n\u00e9gy, a k\u00f6nnyebbeken pedig az els\u0151 h\u00e1rom.<\/p>\n<p><img loading=\"lazy\" decoding=\"async\" class=\"aligncenter size-full wp-image-11362\" src=\"https:\/\/d2p6e6u75xmxt8.cloudfront.net\/12\/2021\/05\/hegy.jpg\" alt=\"\" width=\"616\" height=\"177\" srcset=\"https:\/\/d2p6e6u75xmxt8.cloudfront.net\/12\/2021\/05\/hegy.jpg 616w, https:\/\/d2p6e6u75xmxt8.cloudfront.net\/12\/2021\/05\/hegy-300x86.jpg 300w\" sizes=\"auto, (max-width: 616px) 100vw, 616px\" \/><\/p>\n<h2><strong>Feh\u00e9r<\/strong><\/h2>\n<p>R\u00f6viden: a legjobb hazai versenyz\u0151nek j\u00e1r.<\/p>\n<p>B\u00e1r a Tour de France-en \u00e9s m\u00e9g sok m\u00e1s nemzetk\u00f6zi versenyen a feh\u00e9r trik\u00f3 a legjobb fiatalnak j\u00e1r, \u00e9s ez eg\u00e9szen 2018-ig a TdH-n is \u00edgy volt, ma m\u00e1r a legjobb magyar versenyz\u0151 nyerheti el. Ha teh\u00e1t az \u00f6sszetett versenyben magyar indul\u00f3 gy\u0151zedelmeskedik, akkor biztosan megkapja a s\u00e1rga trik\u00f3val egy\u00fctt a feh\u00e9ret is. Ha nem, akkor sem bonyolult a rangsor: az a magyar versenyz\u0151 kapja, aki legjobban teljes\u00edtett az \u00f6sszetett versenyen.<\/p>\n<figure id=\"attachment_11363\" aria-describedby=\"caption-attachment-11363\" style=\"width: 1024px\" class=\"wp-caption aligncenter\"><img loading=\"lazy\" decoding=\"async\" class=\"size-large wp-image-11363\" src=\"https:\/\/d2p6e6u75xmxt8.cloudfront.net\/12\/2021\/05\/200902-1701_TDH_1sz_TZ_1025-1024x683.jpg\" alt=\"\" width=\"1024\" height=\"683\" srcset=\"https:\/\/d2p6e6u75xmxt8.cloudfront.net\/12\/2021\/05\/200902-1701_TDH_1sz_TZ_1025-1024x683.jpg 1024w, https:\/\/d2p6e6u75xmxt8.cloudfront.net\/12\/2021\/05\/200902-1701_TDH_1sz_TZ_1025-300x200.jpg 300w, https:\/\/d2p6e6u75xmxt8.cloudfront.net\/12\/2021\/05\/200902-1701_TDH_1sz_TZ_1025-768x512.jpg 768w, https:\/\/d2p6e6u75xmxt8.cloudfront.net\/12\/2021\/05\/200902-1701_TDH_1sz_TZ_1025-1536x1024.jpg 1536w, https:\/\/d2p6e6u75xmxt8.cloudfront.net\/12\/2021\/05\/200902-1701_TDH_1sz_TZ_1025-1920x1280.jpg 1920w, https:\/\/d2p6e6u75xmxt8.cloudfront.net\/12\/2021\/05\/200902-1701_TDH_1sz_TZ_1025-272x182.jpg 272w, https:\/\/d2p6e6u75xmxt8.cloudfront.net\/12\/2021\/05\/200902-1701_TDH_1sz_TZ_1025.jpg 2048w, https:\/\/d2p6e6u75xmxt8.cloudfront.net\/12\/2021\/05\/200902-1701_TDH_1sz_TZ_1025-1920x1280.jpg 1920w\" sizes=\"auto, (max-width: 1024px) 100vw, 1024px\" \/><figcaption id=\"caption-attachment-11363\" class=\"wp-caption-text\">Tavaly Valter Attila nyerte el a feh\u00e9r trik\u00f3t (is).<\/figcaption><\/figure>\n<h2><strong>Z\u00f6ld<\/strong><\/h2>\n<p>R\u00f6viden: a gyorsas\u00e1gi r\u00e9szhajr\u00e1kon \u00e9s a befut\u00f3kon legt\u00f6bb pontot \u00f6sszegy\u0171jt\u0151 versenyz\u0151 trik\u00f3ja, aki \u00e1ltal\u00e1ban a legjobb sprinter.<\/p>\n<p>A k\u00fcl\u00f6n pontverseny, ami a z\u00f6ld trik\u00f3\u00e9rt zajlik k\u00e9t r\u00e9szb\u0151l \u00e1ll: egyr\u00e9szt pontokat szerezhetnek a versenyz\u0151k a gyorsas\u00e1gi r\u00e9szhajr\u00e1kon, melyek az etapok r\u00e9szei, ezeken az els\u0151 h\u00e1rom befut\u00f3 kap pontot. Emellett minden szakasz v\u00e9g\u00e9n pontot szerez az els\u0151 10 befut\u00f3. Ezeket a pontokat \u00f6sszeadva kapjuk meg a z\u00f6ld trik\u00f3 b\u00fcszke tulajdonos\u00e1t.<\/p>\n<figure id=\"attachment_11364\" aria-describedby=\"caption-attachment-11364\" style=\"width: 1024px\" class=\"wp-caption aligncenter\"><img loading=\"lazy\" decoding=\"async\" class=\"size-large wp-image-11364\" src=\"https:\/\/d2p6e6u75xmxt8.cloudfront.net\/12\/2021\/05\/200901-1604_TDH_1sz_HZS_3220-1024x683.jpg\" alt=\"\" width=\"1024\" height=\"683\" srcset=\"https:\/\/d2p6e6u75xmxt8.cloudfront.net\/12\/2021\/05\/200901-1604_TDH_1sz_HZS_3220-1024x683.jpg 1024w, https:\/\/d2p6e6u75xmxt8.cloudfront.net\/12\/2021\/05\/200901-1604_TDH_1sz_HZS_3220-300x200.jpg 300w, https:\/\/d2p6e6u75xmxt8.cloudfront.net\/12\/2021\/05\/200901-1604_TDH_1sz_HZS_3220-768x512.jpg 768w, https:\/\/d2p6e6u75xmxt8.cloudfront.net\/12\/2021\/05\/200901-1604_TDH_1sz_HZS_3220-1536x1024.jpg 1536w, https:\/\/d2p6e6u75xmxt8.cloudfront.net\/12\/2021\/05\/200901-1604_TDH_1sz_HZS_3220-1920x1280.jpg 1920w, https:\/\/d2p6e6u75xmxt8.cloudfront.net\/12\/2021\/05\/200901-1604_TDH_1sz_HZS_3220-272x182.jpg 272w, https:\/\/d2p6e6u75xmxt8.cloudfront.net\/12\/2021\/05\/200901-1604_TDH_1sz_HZS_3220.jpg 2048w, https:\/\/d2p6e6u75xmxt8.cloudfront.net\/12\/2021\/05\/200901-1604_TDH_1sz_HZS_3220-1920x1280.jpg 1920w\" sizes=\"auto, (max-width: 1024px) 100vw, 1024px\" \/><figcaption id=\"caption-attachment-11364\" class=\"wp-caption-text\">Tavaly Jakub Mareczko h\u00e1rom szakaszt is megnyert, \u00edgy \u00f6v\u00e9 lett a z\u00f6ld mez.<\/figcaption><\/figure>\n<p>Eddig mind\u00f6ssze egyszer viselhette magyar a leggyorsabbnak j\u00e1r\u00f3 mezt: 2001-ben Bebt\u00f3 Zolt\u00e1n. A z\u00f6ld trik\u00f3 szponzora a \u0160koda, arr\u00f3l, hogy ez mit is jelent pontosan, <a href=\"https:\/\/www.welovecycling.com\/hu\/tour-de-hongrie\/zold-triko-es-kisero-autok-a-skoda-szerepe-a-tour-de-hongrie-n\/\">itt \u00edrunk r\u00e9szletesebben<\/a>.<\/p>\n<h2><strong>S\u00e1rga<\/strong><\/h2>\n<p>R\u00f6viden: az \u00f6sszetett verseny gy\u0151ztese viselheti.<\/p>\n<p>A legrangosabb mez a s\u00e1rga, az viselheti, aki a legjobb id\u0151eredm\u00e9nnyel rendelkezik, vagyis az \u00f6sszetett versenyben az \u00e9len \u00e1ll. Aki a megm\u00e9rettet\u00e9s v\u00e9g\u00e9n ebben \u00e1llhat a dobog\u00f3ra, az a verseny gy\u0151ztese.<\/p>\n<figure id=\"attachment_11359\" aria-describedby=\"caption-attachment-11359\" style=\"width: 1024px\" class=\"wp-caption aligncenter\"><img loading=\"lazy\" decoding=\"async\" class=\"size-large wp-image-11359\" src=\"https:\/\/d2p6e6u75xmxt8.cloudfront.net\/12\/2021\/05\/RTG_6993-1024x690.jpg\" alt=\"\" width=\"1024\" height=\"690\" srcset=\"https:\/\/d2p6e6u75xmxt8.cloudfront.net\/12\/2021\/05\/RTG_6993-1024x690.jpg 1024w, https:\/\/d2p6e6u75xmxt8.cloudfront.net\/12\/2021\/05\/RTG_6993-300x202.jpg 300w, https:\/\/d2p6e6u75xmxt8.cloudfront.net\/12\/2021\/05\/RTG_6993-768x518.jpg 768w, https:\/\/d2p6e6u75xmxt8.cloudfront.net\/12\/2021\/05\/RTG_6993-272x182.jpg 272w, https:\/\/d2p6e6u75xmxt8.cloudfront.net\/12\/2021\/05\/RTG_6993.jpg 1200w\" sizes=\"auto, (max-width: 1024px) 100vw, 1024px\" \/><figcaption id=\"caption-attachment-11359\" class=\"wp-caption-text\">A 2018-as mez-tulajdonosok. Valter Attila (balr\u00f3l) a feh\u00e9r, Patryk Stosz a piros, Manuel Belletti pedig a s\u00e1rga \u00e9s a z\u00f6ld trik\u00f3t nyerte el.<\/figcaption><\/figure>\n<p><em>\u00a0<\/em><\/p>\n","protected":false},"excerpt":{"rendered":"<p>A r\u00f3zsasz\u00edn tuti a Giro-\u00e9, a Tour de France-en van z\u00f6ld, s\u00e1rga \u00e9s p\u00f6tty\u00f6s, az eg\u00e9sz verseny valahogy ezek k\u00f6r\u00fcl [&hellip;]<\/p>\n","protected":false},"author":71,"featured_media":11359,"comment_status":"closed","ping_status":"closed","sticky":false,"template":"","format":"standard","meta":{"footnotes":""},"categories":[462],"tags":[],"global-categories":[],"class_list":["post-11358","post","type-post","status-publish","format-standard","has-post-thumbnail","hentry","category-tour-de-hongrie"],"yoast_head":"<!-- This site is optimized with the Yoast SEO Premium plugin v25.3 (Yoast SEO v25.9) - https:\/\/yoast.com\/wordpress\/plugins\/seo\/ -->\n<title>Sz\u00ednek, harcok, r\u00e9szhajr\u00e1k \u2013 A Tour de Hongrie trik\u00f3i - \u0160koda We Love Cycling - Magyarorsz\u00e1g<\/title>\n<meta name=\"description\" content=\"A r\u00f3zsasz\u00edn tuti a Giro-\u00e9, a Tour de France-en van z\u00f6ld, s\u00e1rga \u00e9s p\u00f6tty\u00f6s, az eg\u00e9sz verseny valahogy ezek k\u00f6r\u00fcl forog \u00e9s tavaly Valter Attila h\u00e1rmat is megszerzett a Tour de Hongrie-n.\" \/>\n<meta name=\"robots\" content=\"index, follow, max-snippet:-1, max-image-preview:large, max-video-preview:-1\" \/>\n<link rel=\"canonical\" href=\"https:\/\/www.welovecycling.com\/hu\/tour-de-hongrie\/szinek-harcok-reszhajrak-a-tour-de-hongrie-trikoi\/\" \/>\n<meta property=\"og:locale\" content=\"hu_HU\" \/>\n<meta property=\"og:type\" content=\"article\" \/>\n<meta property=\"og:title\" content=\"Sz\u00ednek, harcok, r\u00e9szhajr\u00e1k \u2013 A Tour de Hongrie trik\u00f3i\" \/>\n<meta property=\"og:description\" content=\"A r\u00f3zsasz\u00edn tuti a Giro-\u00e9, a Tour de France-en van z\u00f6ld, s\u00e1rga \u00e9s p\u00f6tty\u00f6s, az eg\u00e9sz verseny valahogy ezek k\u00f6r\u00fcl forog \u00e9s tavaly Valter Attila h\u00e1rmat is megszerzett a Tour de Hongrie-n.\" \/>\n<meta property=\"og:url\" content=\"https:\/\/www.welovecycling.com\/hu\/tour-de-hongrie\/szinek-harcok-reszhajrak-a-tour-de-hongrie-trikoi\/\" \/>\n<meta property=\"og:site_name\" content=\"\u0160koda We Love Cycling - Magyarorsz\u00e1g\" \/>\n<meta property=\"article:publisher\" content=\"https:\/\/www.facebook.com\/WeLoveCyclingHungary\/\" \/>\n<meta property=\"article:published_time\" content=\"2021-05-11T07:00:22+00:00\" \/>\n<meta property=\"og:image\" content=\"https:\/\/d2p6e6u75xmxt8.cloudfront.net\/12\/2021\/05\/RTG_6993.jpg\" \/>\n\t<meta property=\"og:image:width\" content=\"1200\" \/>\n\t<meta property=\"og:image:height\" content=\"809\" \/>\n\t<meta property=\"og:image:type\" content=\"image\/jpeg\" \/>\n<meta name=\"author\" content=\"hegyizs\" \/>\n<meta name=\"twitter:card\" content=\"summary_large_image\" \/>\n<meta name=\"twitter:label1\" content=\"Written by\" \/>\n\t<meta name=\"twitter:data1\" content=\"WLC\" \/>\n\t<meta name=\"twitter:label2\" content=\"Est. reading time\" \/>\n\t<meta name=\"twitter:data2\" content=\"5 minutes\" \/>\n<script type=\"application\/ld+json\" class=\"yoast-schema-graph\">{\"@context\":\"https:\/\/schema.org\",\"@graph\":[{\"@type\":\"WebPage\",\"@id\":\"https:\/\/www.welovecycling.com\/hu\/tour-de-hongrie\/szinek-harcok-reszhajrak-a-tour-de-hongrie-trikoi\/\",\"url\":\"https:\/\/www.welovecycling.com\/hu\/tour-de-hongrie\/szinek-harcok-reszhajrak-a-tour-de-hongrie-trikoi\/\",\"name\":\"Sz\u00ednek, harcok, r\u00e9szhajr\u00e1k \u2013 A Tour de Hongrie trik\u00f3i - \u0160koda We Love Cycling - Magyarorsz\u00e1g\",\"isPartOf\":{\"@id\":\"https:\/\/www.welovecycling.com\/hu\/#website\"},\"primaryImageOfPage\":{\"@id\":\"https:\/\/www.welovecycling.com\/hu\/tour-de-hongrie\/szinek-harcok-reszhajrak-a-tour-de-hongrie-trikoi\/#primaryimage\"},\"image\":{\"@id\":\"https:\/\/www.welovecycling.com\/hu\/tour-de-hongrie\/szinek-harcok-reszhajrak-a-tour-de-hongrie-trikoi\/#primaryimage\"},\"thumbnailUrl\":\"https:\/\/d2p6e6u75xmxt8.cloudfront.net\/12\/2021\/05\/RTG_6993.jpg\",\"datePublished\":\"2021-05-11T07:00:22+00:00\",\"author\":{\"@id\":\"https:\/\/www.welovecycling.com\/hu\/#\/schema\/person\/414a2aebf1801691a5320edb6468e194\"},\"description\":\"A r\u00f3zsasz\u00edn tuti a Giro-\u00e9, a Tour de France-en van z\u00f6ld, s\u00e1rga \u00e9s p\u00f6tty\u00f6s, az eg\u00e9sz verseny valahogy ezek k\u00f6r\u00fcl forog \u00e9s tavaly Valter Attila h\u00e1rmat is megszerzett a Tour de Hongrie-n.\",\"breadcrumb\":{\"@id\":\"https:\/\/www.welovecycling.com\/hu\/tour-de-hongrie\/szinek-harcok-reszhajrak-a-tour-de-hongrie-trikoi\/#breadcrumb\"},\"inLanguage\":\"hu\",\"potentialAction\":[{\"@type\":\"ReadAction\",\"target\":[\"https:\/\/www.welovecycling.com\/hu\/tour-de-hongrie\/szinek-harcok-reszhajrak-a-tour-de-hongrie-trikoi\/\"]}]},{\"@type\":\"ImageObject\",\"inLanguage\":\"hu\",\"@id\":\"https:\/\/www.welovecycling.com\/hu\/tour-de-hongrie\/szinek-harcok-reszhajrak-a-tour-de-hongrie-trikoi\/#primaryimage\",\"url\":\"https:\/\/d2p6e6u75xmxt8.cloudfront.net\/12\/2021\/05\/RTG_6993.jpg\",\"contentUrl\":\"https:\/\/d2p6e6u75xmxt8.cloudfront.net\/12\/2021\/05\/RTG_6993.jpg\",\"width\":1200,\"height\":809,\"caption\":\"A 2018-as mez-tulajdonosok. Valter Attila (balr\u00f3l) a feh\u00e9r, Patryk Stosz a piros, Manuel Belletti pedig a s\u00e1rga \u00e9s a z\u00f6ld trik\u00f3t nyerte el.\"},{\"@type\":\"BreadcrumbList\",\"@id\":\"https:\/\/www.welovecycling.com\/hu\/tour-de-hongrie\/szinek-harcok-reszhajrak-a-tour-de-hongrie-trikoi\/#breadcrumb\",\"itemListElement\":[{\"@type\":\"ListItem\",\"position\":1,\"name\":\"Home\",\"item\":\"https:\/\/www.welovecycling.com\/hu\/\"},{\"@type\":\"ListItem\",\"position\":2,\"name\":\"Sz\u00ednek, harcok, r\u00e9szhajr\u00e1k \u2013 A Tour de Hongrie trik\u00f3i\"}]},{\"@type\":\"WebSite\",\"@id\":\"https:\/\/www.welovecycling.com\/hu\/#website\",\"url\":\"https:\/\/www.welovecycling.com\/hu\/\",\"name\":\"\u0160koda We Love Cycling - Magyarorsz\u00e1g\",\"description\":\"\u0160koda WeLoveCycling\",\"potentialAction\":[{\"@type\":\"SearchAction\",\"target\":{\"@type\":\"EntryPoint\",\"urlTemplate\":\"https:\/\/www.welovecycling.com\/hu\/?s={search_term_string}\"},\"query-input\":{\"@type\":\"PropertyValueSpecification\",\"valueRequired\":true,\"valueName\":\"search_term_string\"}}],\"inLanguage\":\"hu\"},{\"@type\":\"Person\",\"@id\":\"https:\/\/www.welovecycling.com\/hu\/#\/schema\/person\/414a2aebf1801691a5320edb6468e194\",\"name\":\"hegyizs\",\"image\":{\"@type\":\"ImageObject\",\"inLanguage\":\"hu\",\"@id\":\"https:\/\/www.welovecycling.com\/hu\/#\/schema\/person\/image\/\",\"url\":\"https:\/\/secure.gravatar.com\/avatar\/02cf8a7906b8cf90cecb4679defac7cfd33a1c2e3b88e4903d947f3bb58eedd3?s=96&d=mm&r=g\",\"contentUrl\":\"https:\/\/secure.gravatar.com\/avatar\/02cf8a7906b8cf90cecb4679defac7cfd33a1c2e3b88e4903d947f3bb58eedd3?s=96&d=mm&r=g\",\"caption\":\"hegyizs\"},\"url\":\"https:\/\/www.welovecycling.com\/hu\/author\/hegyizs\/\"}]}<\/script>\n<!-- \/ Yoast SEO Premium plugin. -->","yoast_head_json":{"title":"Sz\u00ednek, harcok, r\u00e9szhajr\u00e1k \u2013 A Tour de Hongrie trik\u00f3i - \u0160koda We Love Cycling - Magyarorsz\u00e1g","description":"A r\u00f3zsasz\u00edn tuti a Giro-\u00e9, a Tour de France-en van z\u00f6ld, s\u00e1rga \u00e9s p\u00f6tty\u00f6s, az eg\u00e9sz verseny valahogy ezek k\u00f6r\u00fcl forog \u00e9s tavaly Valter Attila h\u00e1rmat is megszerzett a Tour de Hongrie-n.","robots":{"index":"index","follow":"follow","max-snippet":"max-snippet:-1","max-image-preview":"max-image-preview:large","max-video-preview":"max-video-preview:-1"},"canonical":"https:\/\/www.welovecycling.com\/hu\/tour-de-hongrie\/szinek-harcok-reszhajrak-a-tour-de-hongrie-trikoi\/","og_locale":"hu_HU","og_type":"article","og_title":"Sz\u00ednek, harcok, r\u00e9szhajr\u00e1k \u2013 A Tour de Hongrie trik\u00f3i","og_description":"A r\u00f3zsasz\u00edn tuti a Giro-\u00e9, a Tour de France-en van z\u00f6ld, s\u00e1rga \u00e9s p\u00f6tty\u00f6s, az eg\u00e9sz verseny valahogy ezek k\u00f6r\u00fcl forog \u00e9s tavaly Valter Attila h\u00e1rmat is megszerzett a Tour de Hongrie-n.","og_url":"https:\/\/www.welovecycling.com\/hu\/tour-de-hongrie\/szinek-harcok-reszhajrak-a-tour-de-hongrie-trikoi\/","og_site_name":"\u0160koda We Love Cycling - Magyarorsz\u00e1g","article_publisher":"https:\/\/www.facebook.com\/WeLoveCyclingHungary\/","article_published_time":"2021-05-11T07:00:22+00:00","og_image":[{"width":1200,"height":809,"url":"https:\/\/d2p6e6u75xmxt8.cloudfront.net\/12\/2021\/05\/RTG_6993.jpg","type":"image\/jpeg"}],"author":"hegyizs","twitter_card":"summary_large_image","twitter_misc":{"Written by":"WLC","Est. reading time":"5 minutes"},"schema":{"@context":"https:\/\/schema.org","@graph":[{"@type":"WebPage","@id":"https:\/\/www.welovecycling.com\/hu\/tour-de-hongrie\/szinek-harcok-reszhajrak-a-tour-de-hongrie-trikoi\/","url":"https:\/\/www.welovecycling.com\/hu\/tour-de-hongrie\/szinek-harcok-reszhajrak-a-tour-de-hongrie-trikoi\/","name":"Sz\u00ednek, harcok, r\u00e9szhajr\u00e1k \u2013 A Tour de Hongrie trik\u00f3i - \u0160koda We Love Cycling - Magyarorsz\u00e1g","isPartOf":{"@id":"https:\/\/www.welovecycling.com\/hu\/#website"},"primaryImageOfPage":{"@id":"https:\/\/www.welovecycling.com\/hu\/tour-de-hongrie\/szinek-harcok-reszhajrak-a-tour-de-hongrie-trikoi\/#primaryimage"},"image":{"@id":"https:\/\/www.welovecycling.com\/hu\/tour-de-hongrie\/szinek-harcok-reszhajrak-a-tour-de-hongrie-trikoi\/#primaryimage"},"thumbnailUrl":"https:\/\/d2p6e6u75xmxt8.cloudfront.net\/12\/2021\/05\/RTG_6993.jpg","datePublished":"2021-05-11T07:00:22+00:00","author":{"@id":"https:\/\/www.welovecycling.com\/hu\/#\/schema\/person\/414a2aebf1801691a5320edb6468e194"},"description":"A r\u00f3zsasz\u00edn tuti a Giro-\u00e9, a Tour de France-en van z\u00f6ld, s\u00e1rga \u00e9s p\u00f6tty\u00f6s, az eg\u00e9sz verseny valahogy ezek k\u00f6r\u00fcl forog \u00e9s tavaly Valter Attila h\u00e1rmat is megszerzett a Tour de Hongrie-n.","breadcrumb":{"@id":"https:\/\/www.welovecycling.com\/hu\/tour-de-hongrie\/szinek-harcok-reszhajrak-a-tour-de-hongrie-trikoi\/#breadcrumb"},"inLanguage":"hu","potentialAction":[{"@type":"ReadAction","target":["https:\/\/www.welovecycling.com\/hu\/tour-de-hongrie\/szinek-harcok-reszhajrak-a-tour-de-hongrie-trikoi\/"]}]},{"@type":"ImageObject","inLanguage":"hu","@id":"https:\/\/www.welovecycling.com\/hu\/tour-de-hongrie\/szinek-harcok-reszhajrak-a-tour-de-hongrie-trikoi\/#primaryimage","url":"https:\/\/d2p6e6u75xmxt8.cloudfront.net\/12\/2021\/05\/RTG_6993.jpg","contentUrl":"https:\/\/d2p6e6u75xmxt8.cloudfront.net\/12\/2021\/05\/RTG_6993.jpg","width":1200,"height":809,"caption":"A 2018-as mez-tulajdonosok. Valter Attila (balr\u00f3l) a feh\u00e9r, Patryk Stosz a piros, Manuel Belletti pedig a s\u00e1rga \u00e9s a z\u00f6ld trik\u00f3t nyerte el."},{"@type":"BreadcrumbList","@id":"https:\/\/www.welovecycling.com\/hu\/tour-de-hongrie\/szinek-harcok-reszhajrak-a-tour-de-hongrie-trikoi\/#breadcrumb","itemListElement":[{"@type":"ListItem","position":1,"name":"Home","item":"https:\/\/www.welovecycling.com\/hu\/"},{"@type":"ListItem","position":2,"name":"Sz\u00ednek, harcok, r\u00e9szhajr\u00e1k \u2013 A Tour de Hongrie trik\u00f3i"}]},{"@type":"WebSite","@id":"https:\/\/www.welovecycling.com\/hu\/#website","url":"https:\/\/www.welovecycling.com\/hu\/","name":"\u0160koda We Love Cycling - Magyarorsz\u00e1g","description":"\u0160koda WeLoveCycling","potentialAction":[{"@type":"SearchAction","target":{"@type":"EntryPoint","urlTemplate":"https:\/\/www.welovecycling.com\/hu\/?s={search_term_string}"},"query-input":{"@type":"PropertyValueSpecification","valueRequired":true,"valueName":"search_term_string"}}],"inLanguage":"hu"},{"@type":"Person","@id":"https:\/\/www.welovecycling.com\/hu\/#\/schema\/person\/414a2aebf1801691a5320edb6468e194","name":"hegyizs","image":{"@type":"ImageObject","inLanguage":"hu","@id":"https:\/\/www.welovecycling.com\/hu\/#\/schema\/person\/image\/","url":"https:\/\/secure.gravatar.com\/avatar\/02cf8a7906b8cf90cecb4679defac7cfd33a1c2e3b88e4903d947f3bb58eedd3?s=96&d=mm&r=g","contentUrl":"https:\/\/secure.gravatar.com\/avatar\/02cf8a7906b8cf90cecb4679defac7cfd33a1c2e3b88e4903d947f3bb58eedd3?s=96&d=mm&r=g","caption":"hegyizs"},"url":"https:\/\/www.welovecycling.com\/hu\/author\/hegyizs\/"}]}},"_links":{"self":[{"href":"https:\/\/www.welovecycling.com\/hu\/wp-json\/wp\/v2\/posts\/11358","targetHints":{"allow":["GET"]}}],"collection":[{"href":"https:\/\/www.welovecycling.com\/hu\/wp-json\/wp\/v2\/posts"}],"about":[{"href":"https:\/\/www.welovecycling.com\/hu\/wp-json\/wp\/v2\/types\/post"}],"author":[{"embeddable":true,"href":"https:\/\/www.welovecycling.com\/hu\/wp-json\/wp\/v2\/users\/71"}],"replies":[{"embeddable":true,"href":"https:\/\/www.welovecycling.com\/hu\/wp-json\/wp\/v2\/comments?post=11358"}],"version-history":[{"count":1,"href":"https:\/\/www.welovecycling.com\/hu\/wp-json\/wp\/v2\/posts\/11358\/revisions"}],"predecessor-version":[{"id":11365,"href":"https:\/\/www.welovecycling.com\/hu\/wp-json\/wp\/v2\/posts\/11358\/revisions\/11365"}],"wp:featuredmedia":[{"embeddable":true,"href":"https:\/\/www.welovecycling.com\/hu\/wp-json\/wp\/v2\/media\/11359"}],"wp:attachment":[{"href":"https:\/\/www.welovecycling.com\/hu\/wp-json\/wp\/v2\/media?parent=11358"}],"wp:term":[{"taxonomy":"category","embeddable":true,"href":"https:\/\/www.welovecycling.com\/hu\/wp-json\/wp\/v2\/categories?post=11358"},{"taxonomy":"post_tag","embeddable":true,"href":"https:\/\/www.welovecycling.com\/hu\/wp-json\/wp\/v2\/tags?post=11358"},{"taxonomy":"global-categories","embeddable":true,"href":"https:\/\/www.welovecycling.com\/hu\/wp-json\/wp\/v2\/global-categories?post=11358"}],"curies":[{"name":"wp","href":"https:\/\/api.w.org\/{rel}","templated":true}]}}