{"id":11347,"date":"2021-05-15T08:00:58","date_gmt":"2021-05-15T07:00:58","guid":{"rendered":"https:\/\/www.welovecycling.com\/hu\/?p=11347"},"modified":"2021-05-07T13:10:13","modified_gmt":"2021-05-07T12:10:13","slug":"506-lepcsofok-majd-egy-utazas-a-vilag-korul-a-mentalis-es-fizikai-joletert","status":"publish","type":"post","link":"https:\/\/www.welovecycling.com\/hu\/kozosseg-es-kultura\/506-lepcsofok-majd-egy-utazas-a-vilag-korul-a-mentalis-es-fizikai-joletert\/","title":{"rendered":"506 l\u00e9pcs\u0151fok, majd egy utaz\u00e1s a vil\u00e1g k\u00f6r\u00fcl a ment\u00e1lis \u00e9s fizikai j\u00f3l\u00e9t\u00e9rt"},"content":{"rendered":"<p><strong>L\u00e1ttad m\u00e1r az Atomiumot, Br\u00fcsszel egyik legh\u00edresebb nevezetess\u00e9g\u00e9t? Esetleg elgondolkodt\u00e1l rajta, milyen lenne lesz\u00e1guldani rajta egy biciklivel? Peter Geys kipr\u00f3b\u00e1lta az Atomium Bike Stunt c\u00edm\u0171 m\u0171sor\u00e1ban, hogy ezzel a meglep\u0151 j\u00f3t\u00e9konys\u00e1gi kezdem\u00e9nyez\u00e9ssel t\u00e1mogassa a <em>\u201eTo Walk Again\u201d<\/em> \u00e9s a <em>\u201eTe Gek?!\u201d<\/em> szervezeteket.<\/strong><\/p>\n<p><!--more--><\/p>\n<p>A 92 m\u00e9ter magas Atomium 506 l\u00e9pcs\u0151fok\u00e1n val\u00f3 legurul\u00e1s csak egy sokkal hosszabb \u00fat kezdete volt. M\u00e1jus 1-j\u00e9n ugyanis Geys egy hat szakaszra osztott vil\u00e1gk\u00f6r\u00fcli \u00fatra indult. A rajong\u00f3k Spanyolorsz\u00e1gban, Ir\u00e1nban, Indi\u00e1ban vagy az Egyes\u00fclt \u00c1llamokban is tal\u00e1lkozhatnak majd vele.<\/p>\n<figure id=\"attachment_11348\" aria-describedby=\"caption-attachment-11348\" style=\"width: 1024px\" class=\"wp-caption alignnone\"><a href=\"https:\/\/d2p6e6u75xmxt8.cloudfront.net\/2\/2021\/04\/Atomium-Bike-Stunt-profimedia-0608332801.jpg\"><img loading=\"lazy\" decoding=\"async\" class=\"wp-image-11348 size-large\" src=\"https:\/\/d2p6e6u75xmxt8.cloudfront.net\/12\/2021\/05\/Atomium-Bike-Stunt-profimedia-0608332801-1024x682.jpg\" alt=\"Atomium Bike Stunt\" width=\"1024\" height=\"682\" srcset=\"https:\/\/d2p6e6u75xmxt8.cloudfront.net\/12\/2021\/05\/Atomium-Bike-Stunt-profimedia-0608332801-1024x682.jpg 1024w, https:\/\/d2p6e6u75xmxt8.cloudfront.net\/12\/2021\/05\/Atomium-Bike-Stunt-profimedia-0608332801-300x200.jpg 300w, https:\/\/d2p6e6u75xmxt8.cloudfront.net\/12\/2021\/05\/Atomium-Bike-Stunt-profimedia-0608332801-768x512.jpg 768w, https:\/\/d2p6e6u75xmxt8.cloudfront.net\/12\/2021\/05\/Atomium-Bike-Stunt-profimedia-0608332801-272x182.jpg 272w, https:\/\/d2p6e6u75xmxt8.cloudfront.net\/12\/2021\/05\/Atomium-Bike-Stunt-profimedia-0608332801.jpg 1250w\" sizes=\"auto, (max-width: 1024px) 100vw, 1024px\" \/><\/a><figcaption id=\"caption-attachment-11348\" class=\"wp-caption-text\"><em>A hihetetlen biciklis mutatv\u00e1ny. \u00a9 Profimedia<\/em><\/figcaption><\/figure>\n<p>Geys az eg\u00e9szs\u00e9ges \u00e9letm\u00f3d n\u00e9pszer\u0171s\u00edt\u00e9s\u00e9t c\u00e9lz\u00f3 influenszer, edz\u0151 \u00e9s egykori profi BMX versenyz\u0151. Utaz\u00e1s\u00e1nak k\u00fcldet\u00e9se az emberek ment\u00e1lis \u00e9s fizikai j\u00f3l\u00e9t\u00e9nek t\u00e1mogat\u00e1sa a koronav\u00edrus-j\u00e1rv\u00e1ny idej\u00e9n. <em>\u201eTapasztalt szak\u00e9rt\u0151k\u00e9nt egyszer\u0171 a k\u00fcldet\u00e9sem: Fogd a biciklidet, pakold be a t\u00e1sk\u00e1kat \u00e9s tekerd k\u00f6rbe a vil\u00e1got, mert ez szellemi \u00e9s egyben fizikai gy\u00f3gyul\u00e1si folyamat is.\u201d<\/em><\/p>\n<figure id=\"attachment_11349\" aria-describedby=\"caption-attachment-11349\" style=\"width: 1024px\" class=\"wp-caption alignnone\"><a href=\"https:\/\/d2p6e6u75xmxt8.cloudfront.net\/2\/2021\/04\/Peter-Geys-profimedia-0608332940.jpg\"><img loading=\"lazy\" decoding=\"async\" class=\"size-large wp-image-11349\" src=\"https:\/\/d2p6e6u75xmxt8.cloudfront.net\/12\/2021\/05\/Peter-Geys-profimedia-0608332940-1024x682.jpg\" alt=\"Peter Geys\" width=\"1024\" height=\"682\" srcset=\"https:\/\/d2p6e6u75xmxt8.cloudfront.net\/12\/2021\/05\/Peter-Geys-profimedia-0608332940-1024x682.jpg 1024w, https:\/\/d2p6e6u75xmxt8.cloudfront.net\/12\/2021\/05\/Peter-Geys-profimedia-0608332940-300x200.jpg 300w, https:\/\/d2p6e6u75xmxt8.cloudfront.net\/12\/2021\/05\/Peter-Geys-profimedia-0608332940-768x512.jpg 768w, https:\/\/d2p6e6u75xmxt8.cloudfront.net\/12\/2021\/05\/Peter-Geys-profimedia-0608332940-272x182.jpg 272w, https:\/\/d2p6e6u75xmxt8.cloudfront.net\/12\/2021\/05\/Peter-Geys-profimedia-0608332940.jpg 1250w\" sizes=\"auto, (max-width: 1024px) 100vw, 1024px\" \/><\/a><figcaption id=\"caption-attachment-11349\" class=\"wp-caption-text\"><em>Geys m\u00e1jus 1-j\u00e9n v\u00e1gott neki az \u00fatnak. \u00a9 Profimedia<\/em><\/figcaption><\/figure>\n<p>Geys terve egy t\u00f6bb mint 200 napos t\u00fara \u00e9s olyan helyek megl\u00e1togat\u00e1sa, mint a san francisco-i Golden Gate h\u00edd, valamint a Himal\u00e1ja gy\u00f6ny\u00f6r\u0171 t\u00e1jai.<\/p>\n<p>A <em>\u201eTo Walk Again\u201d<\/em> egy belga non-profit szervezet, amely mozg\u00e1ss\u00e9r\u00fclteket t\u00e1mogat. A <em>\u201eTe Gek?!\u201d<\/em> a tudatoss\u00e1got hirdeti \u00e9s c\u00e9lja a ment\u00e1lis eg\u00e9szs\u00e9gi probl\u00e9m\u00e1kkal kapcsolatos tabuk led\u00f6nt\u00e9se.<\/p>\n","protected":false},"excerpt":{"rendered":"<p>L\u00e1ttad m\u00e1r az Atomiumot, Br\u00fcsszel egyik legh\u00edresebb nevezetess\u00e9g\u00e9t? Esetleg elgondolkodt\u00e1l rajta, milyen lenne lesz\u00e1guldani rajta egy biciklivel? Peter Geys kipr\u00f3b\u00e1lta [&hellip;]<\/p>\n","protected":false},"author":71,"featured_media":11351,"comment_status":"closed","ping_status":"closed","sticky":false,"template":"","format":"standard","meta":{"footnotes":""},"categories":[12],"tags":[],"global-categories":[],"class_list":["post-11347","post","type-post","status-publish","format-standard","has-post-thumbnail","hentry","category-kozosseg-es-kultura"],"yoast_head":"<!-- This site is optimized with the Yoast SEO Premium plugin v25.3 (Yoast SEO v25.9) - https:\/\/yoast.com\/wordpress\/plugins\/seo\/ -->\n<title>506 l\u00e9pcs\u0151fok, majd egy utaz\u00e1s a vil\u00e1g k\u00f6r\u00fcl a ment\u00e1lis \u00e9s fizikai j\u00f3l\u00e9t\u00e9rt<\/title>\n<meta name=\"description\" content=\"L\u00e1ttad m\u00e1r az Atomiumot, Br\u00fcsszel egyik legh\u00edresebb nevezetess\u00e9g\u00e9t? Esetleg elgondolkodt\u00e1l rajta, milyen lenne lesz\u00e1guldani rajta egy biciklivel? Peter Geys kipr\u00f3b\u00e1lta az Atomium Bike Stunt c\u00edm\u0171 m\u0171-sor\u00e1ban, hogy ezzel a meglep\u0151 j\u00f3t\u00e9konys\u00e1gi kezdem\u00e9nyez\u00e9ssel t\u00e1mogassa a \u201eTo Walk Again\u201d \u00e9s a \u201eTe Gek?!\u201d szervezeteket.\" \/>\n<meta name=\"robots\" content=\"index, follow, max-snippet:-1, max-image-preview:large, max-video-preview:-1\" \/>\n<link rel=\"canonical\" href=\"https:\/\/www.welovecycling.com\/hu\/kozosseg-es-kultura\/506-lepcsofok-majd-egy-utazas-a-vilag-korul-a-mentalis-es-fizikai-joletert\/\" \/>\n<meta property=\"og:locale\" content=\"hu_HU\" \/>\n<meta property=\"og:type\" content=\"article\" \/>\n<meta property=\"og:title\" content=\"506 l\u00e9pcs\u0151fok, majd egy utaz\u00e1s a vil\u00e1g k\u00f6r\u00fcl a ment\u00e1lis \u00e9s fizikai j\u00f3l\u00e9t\u00e9rt\" \/>\n<meta property=\"og:description\" content=\"L\u00e1ttad m\u00e1r az Atomiumot, Br\u00fcsszel egyik legh\u00edresebb nevezetess\u00e9g\u00e9t? Esetleg elgondolkodt\u00e1l rajta, milyen lenne lesz\u00e1guldani rajta egy biciklivel? Peter Geys kipr\u00f3b\u00e1lta az Atomium Bike Stunt c\u00edm\u0171 m\u0171-sor\u00e1ban, hogy ezzel a meglep\u0151 j\u00f3t\u00e9konys\u00e1gi kezdem\u00e9nyez\u00e9ssel t\u00e1mogassa a \u201eTo Walk Again\u201d \u00e9s a \u201eTe Gek?!\u201d szervezeteket.\" \/>\n<meta property=\"og:url\" content=\"https:\/\/www.welovecycling.com\/hu\/kozosseg-es-kultura\/506-lepcsofok-majd-egy-utazas-a-vilag-korul-a-mentalis-es-fizikai-joletert\/\" \/>\n<meta property=\"og:site_name\" content=\"\u0160koda We Love Cycling - Magyarorsz\u00e1g\" \/>\n<meta property=\"article:publisher\" content=\"https:\/\/www.facebook.com\/WeLoveCyclingHungary\/\" \/>\n<meta property=\"article:published_time\" content=\"2021-05-15T07:00:58+00:00\" \/>\n<meta property=\"og:image\" content=\"https:\/\/d2p6e6u75xmxt8.cloudfront.net\/12\/2021\/05\/Geys-Atomium-profimedia-0608332890-CVR.jpg\" \/>\n\t<meta property=\"og:image:width\" content=\"1366\" \/>\n\t<meta property=\"og:image:height\" content=\"600\" \/>\n\t<meta property=\"og:image:type\" content=\"image\/jpeg\" \/>\n<meta name=\"author\" content=\"hegyizs\" \/>\n<meta name=\"twitter:card\" content=\"summary_large_image\" \/>\n<meta name=\"twitter:label1\" content=\"Written by\" \/>\n\t<meta name=\"twitter:data1\" content=\"Tereza Antonova\" \/>\n\t<meta name=\"twitter:label2\" content=\"Est. reading time\" \/>\n\t<meta name=\"twitter:data2\" content=\"4\" \/>\n<script type=\"application\/ld+json\" class=\"yoast-schema-graph\">{\"@context\":\"https:\/\/schema.org\",\"@graph\":[{\"@type\":\"WebPage\",\"@id\":\"https:\/\/www.welovecycling.com\/hu\/kozosseg-es-kultura\/506-lepcsofok-majd-egy-utazas-a-vilag-korul-a-mentalis-es-fizikai-joletert\/\",\"url\":\"https:\/\/www.welovecycling.com\/hu\/kozosseg-es-kultura\/506-lepcsofok-majd-egy-utazas-a-vilag-korul-a-mentalis-es-fizikai-joletert\/\",\"name\":\"506 l\u00e9pcs\u0151fok, majd egy utaz\u00e1s a vil\u00e1g k\u00f6r\u00fcl a ment\u00e1lis \u00e9s fizikai j\u00f3l\u00e9t\u00e9rt\",\"isPartOf\":{\"@id\":\"https:\/\/www.welovecycling.com\/hu\/#website\"},\"primaryImageOfPage\":{\"@id\":\"https:\/\/www.welovecycling.com\/hu\/kozosseg-es-kultura\/506-lepcsofok-majd-egy-utazas-a-vilag-korul-a-mentalis-es-fizikai-joletert\/#primaryimage\"},\"image\":{\"@id\":\"https:\/\/www.welovecycling.com\/hu\/kozosseg-es-kultura\/506-lepcsofok-majd-egy-utazas-a-vilag-korul-a-mentalis-es-fizikai-joletert\/#primaryimage\"},\"thumbnailUrl\":\"https:\/\/d2p6e6u75xmxt8.cloudfront.net\/12\/2021\/05\/Geys-Atomium-profimedia-0608332890-CVR.jpg\",\"datePublished\":\"2021-05-15T07:00:58+00:00\",\"author\":{\"@id\":\"https:\/\/www.welovecycling.com\/hu\/#\/schema\/person\/414a2aebf1801691a5320edb6468e194\"},\"description\":\"L\u00e1ttad m\u00e1r az Atomiumot, Br\u00fcsszel egyik legh\u00edresebb nevezetess\u00e9g\u00e9t? Esetleg elgondolkodt\u00e1l rajta, milyen lenne lesz\u00e1guldani rajta egy biciklivel? Peter Geys kipr\u00f3b\u00e1lta az Atomium Bike Stunt c\u00edm\u0171 m\u0171-sor\u00e1ban, hogy ezzel a meglep\u0151 j\u00f3t\u00e9konys\u00e1gi kezdem\u00e9nyez\u00e9ssel t\u00e1mogassa a \u201eTo Walk Again\u201d \u00e9s a \u201eTe Gek?!\u201d szervezeteket.\",\"breadcrumb\":{\"@id\":\"https:\/\/www.welovecycling.com\/hu\/kozosseg-es-kultura\/506-lepcsofok-majd-egy-utazas-a-vilag-korul-a-mentalis-es-fizikai-joletert\/#breadcrumb\"},\"inLanguage\":\"hu\",\"potentialAction\":[{\"@type\":\"ReadAction\",\"target\":[\"https:\/\/www.welovecycling.com\/hu\/kozosseg-es-kultura\/506-lepcsofok-majd-egy-utazas-a-vilag-korul-a-mentalis-es-fizikai-joletert\/\"]}]},{\"@type\":\"ImageObject\",\"inLanguage\":\"hu\",\"@id\":\"https:\/\/www.welovecycling.com\/hu\/kozosseg-es-kultura\/506-lepcsofok-majd-egy-utazas-a-vilag-korul-a-mentalis-es-fizikai-joletert\/#primaryimage\",\"url\":\"https:\/\/d2p6e6u75xmxt8.cloudfront.net\/12\/2021\/05\/Geys-Atomium-profimedia-0608332890-CVR.jpg\",\"contentUrl\":\"https:\/\/d2p6e6u75xmxt8.cloudfront.net\/12\/2021\/05\/Geys-Atomium-profimedia-0608332890-CVR.jpg\",\"width\":1366,\"height\":600,\"caption\":\"Peter Geys\"},{\"@type\":\"BreadcrumbList\",\"@id\":\"https:\/\/www.welovecycling.com\/hu\/kozosseg-es-kultura\/506-lepcsofok-majd-egy-utazas-a-vilag-korul-a-mentalis-es-fizikai-joletert\/#breadcrumb\",\"itemListElement\":[{\"@type\":\"ListItem\",\"position\":1,\"name\":\"Home\",\"item\":\"https:\/\/www.welovecycling.com\/hu\/\"},{\"@type\":\"ListItem\",\"position\":2,\"name\":\"506 l\u00e9pcs\u0151fok, majd egy utaz\u00e1s a vil\u00e1g k\u00f6r\u00fcl a ment\u00e1lis \u00e9s fizikai j\u00f3l\u00e9t\u00e9rt\"}]},{\"@type\":\"WebSite\",\"@id\":\"https:\/\/www.welovecycling.com\/hu\/#website\",\"url\":\"https:\/\/www.welovecycling.com\/hu\/\",\"name\":\"\u0160koda We Love Cycling - Magyarorsz\u00e1g\",\"description\":\"\u0160koda WeLoveCycling\",\"potentialAction\":[{\"@type\":\"SearchAction\",\"target\":{\"@type\":\"EntryPoint\",\"urlTemplate\":\"https:\/\/www.welovecycling.com\/hu\/?s={search_term_string}\"},\"query-input\":{\"@type\":\"PropertyValueSpecification\",\"valueRequired\":true,\"valueName\":\"search_term_string\"}}],\"inLanguage\":\"hu\"},{\"@type\":\"Person\",\"@id\":\"https:\/\/www.welovecycling.com\/hu\/#\/schema\/person\/414a2aebf1801691a5320edb6468e194\",\"name\":\"hegyizs\",\"image\":{\"@type\":\"ImageObject\",\"inLanguage\":\"hu\",\"@id\":\"https:\/\/www.welovecycling.com\/hu\/#\/schema\/person\/image\/\",\"url\":\"https:\/\/secure.gravatar.com\/avatar\/02cf8a7906b8cf90cecb4679defac7cfd33a1c2e3b88e4903d947f3bb58eedd3?s=96&d=mm&r=g\",\"contentUrl\":\"https:\/\/secure.gravatar.com\/avatar\/02cf8a7906b8cf90cecb4679defac7cfd33a1c2e3b88e4903d947f3bb58eedd3?s=96&d=mm&r=g\",\"caption\":\"hegyizs\"},\"url\":\"https:\/\/www.welovecycling.com\/hu\/author\/hegyizs\/\"}]}<\/script>\n<!-- \/ Yoast SEO Premium plugin. -->","yoast_head_json":{"title":"506 l\u00e9pcs\u0151fok, majd egy utaz\u00e1s a vil\u00e1g k\u00f6r\u00fcl a ment\u00e1lis \u00e9s fizikai j\u00f3l\u00e9t\u00e9rt","description":"L\u00e1ttad m\u00e1r az Atomiumot, Br\u00fcsszel egyik legh\u00edresebb nevezetess\u00e9g\u00e9t? Esetleg elgondolkodt\u00e1l rajta, milyen lenne lesz\u00e1guldani rajta egy biciklivel? Peter Geys kipr\u00f3b\u00e1lta az Atomium Bike Stunt c\u00edm\u0171 m\u0171-sor\u00e1ban, hogy ezzel a meglep\u0151 j\u00f3t\u00e9konys\u00e1gi kezdem\u00e9nyez\u00e9ssel t\u00e1mogassa a \u201eTo Walk Again\u201d \u00e9s a \u201eTe Gek?!\u201d szervezeteket.","robots":{"index":"index","follow":"follow","max-snippet":"max-snippet:-1","max-image-preview":"max-image-preview:large","max-video-preview":"max-video-preview:-1"},"canonical":"https:\/\/www.welovecycling.com\/hu\/kozosseg-es-kultura\/506-lepcsofok-majd-egy-utazas-a-vilag-korul-a-mentalis-es-fizikai-joletert\/","og_locale":"hu_HU","og_type":"article","og_title":"506 l\u00e9pcs\u0151fok, majd egy utaz\u00e1s a vil\u00e1g k\u00f6r\u00fcl a ment\u00e1lis \u00e9s fizikai j\u00f3l\u00e9t\u00e9rt","og_description":"L\u00e1ttad m\u00e1r az Atomiumot, Br\u00fcsszel egyik legh\u00edresebb nevezetess\u00e9g\u00e9t? Esetleg elgondolkodt\u00e1l rajta, milyen lenne lesz\u00e1guldani rajta egy biciklivel? Peter Geys kipr\u00f3b\u00e1lta az Atomium Bike Stunt c\u00edm\u0171 m\u0171-sor\u00e1ban, hogy ezzel a meglep\u0151 j\u00f3t\u00e9konys\u00e1gi kezdem\u00e9nyez\u00e9ssel t\u00e1mogassa a \u201eTo Walk Again\u201d \u00e9s a \u201eTe Gek?!\u201d szervezeteket.","og_url":"https:\/\/www.welovecycling.com\/hu\/kozosseg-es-kultura\/506-lepcsofok-majd-egy-utazas-a-vilag-korul-a-mentalis-es-fizikai-joletert\/","og_site_name":"\u0160koda We Love Cycling - Magyarorsz\u00e1g","article_publisher":"https:\/\/www.facebook.com\/WeLoveCyclingHungary\/","article_published_time":"2021-05-15T07:00:58+00:00","og_image":[{"width":1366,"height":600,"url":"https:\/\/d2p6e6u75xmxt8.cloudfront.net\/12\/2021\/05\/Geys-Atomium-profimedia-0608332890-CVR.jpg","type":"image\/jpeg"}],"author":"hegyizs","twitter_card":"summary_large_image","twitter_misc":{"Written by":"Tereza Antonova","Est. reading time":"4"},"schema":{"@context":"https:\/\/schema.org","@graph":[{"@type":"WebPage","@id":"https:\/\/www.welovecycling.com\/hu\/kozosseg-es-kultura\/506-lepcsofok-majd-egy-utazas-a-vilag-korul-a-mentalis-es-fizikai-joletert\/","url":"https:\/\/www.welovecycling.com\/hu\/kozosseg-es-kultura\/506-lepcsofok-majd-egy-utazas-a-vilag-korul-a-mentalis-es-fizikai-joletert\/","name":"506 l\u00e9pcs\u0151fok, majd egy utaz\u00e1s a vil\u00e1g k\u00f6r\u00fcl a ment\u00e1lis \u00e9s fizikai j\u00f3l\u00e9t\u00e9rt","isPartOf":{"@id":"https:\/\/www.welovecycling.com\/hu\/#website"},"primaryImageOfPage":{"@id":"https:\/\/www.welovecycling.com\/hu\/kozosseg-es-kultura\/506-lepcsofok-majd-egy-utazas-a-vilag-korul-a-mentalis-es-fizikai-joletert\/#primaryimage"},"image":{"@id":"https:\/\/www.welovecycling.com\/hu\/kozosseg-es-kultura\/506-lepcsofok-majd-egy-utazas-a-vilag-korul-a-mentalis-es-fizikai-joletert\/#primaryimage"},"thumbnailUrl":"https:\/\/d2p6e6u75xmxt8.cloudfront.net\/12\/2021\/05\/Geys-Atomium-profimedia-0608332890-CVR.jpg","datePublished":"2021-05-15T07:00:58+00:00","author":{"@id":"https:\/\/www.welovecycling.com\/hu\/#\/schema\/person\/414a2aebf1801691a5320edb6468e194"},"description":"L\u00e1ttad m\u00e1r az Atomiumot, Br\u00fcsszel egyik legh\u00edresebb nevezetess\u00e9g\u00e9t? Esetleg elgondolkodt\u00e1l rajta, milyen lenne lesz\u00e1guldani rajta egy biciklivel? Peter Geys kipr\u00f3b\u00e1lta az Atomium Bike Stunt c\u00edm\u0171 m\u0171-sor\u00e1ban, hogy ezzel a meglep\u0151 j\u00f3t\u00e9konys\u00e1gi kezdem\u00e9nyez\u00e9ssel t\u00e1mogassa a \u201eTo Walk Again\u201d \u00e9s a \u201eTe Gek?!\u201d szervezeteket.","breadcrumb":{"@id":"https:\/\/www.welovecycling.com\/hu\/kozosseg-es-kultura\/506-lepcsofok-majd-egy-utazas-a-vilag-korul-a-mentalis-es-fizikai-joletert\/#breadcrumb"},"inLanguage":"hu","potentialAction":[{"@type":"ReadAction","target":["https:\/\/www.welovecycling.com\/hu\/kozosseg-es-kultura\/506-lepcsofok-majd-egy-utazas-a-vilag-korul-a-mentalis-es-fizikai-joletert\/"]}]},{"@type":"ImageObject","inLanguage":"hu","@id":"https:\/\/www.welovecycling.com\/hu\/kozosseg-es-kultura\/506-lepcsofok-majd-egy-utazas-a-vilag-korul-a-mentalis-es-fizikai-joletert\/#primaryimage","url":"https:\/\/d2p6e6u75xmxt8.cloudfront.net\/12\/2021\/05\/Geys-Atomium-profimedia-0608332890-CVR.jpg","contentUrl":"https:\/\/d2p6e6u75xmxt8.cloudfront.net\/12\/2021\/05\/Geys-Atomium-profimedia-0608332890-CVR.jpg","width":1366,"height":600,"caption":"Peter Geys"},{"@type":"BreadcrumbList","@id":"https:\/\/www.welovecycling.com\/hu\/kozosseg-es-kultura\/506-lepcsofok-majd-egy-utazas-a-vilag-korul-a-mentalis-es-fizikai-joletert\/#breadcrumb","itemListElement":[{"@type":"ListItem","position":1,"name":"Home","item":"https:\/\/www.welovecycling.com\/hu\/"},{"@type":"ListItem","position":2,"name":"506 l\u00e9pcs\u0151fok, majd egy utaz\u00e1s a vil\u00e1g k\u00f6r\u00fcl a ment\u00e1lis \u00e9s fizikai j\u00f3l\u00e9t\u00e9rt"}]},{"@type":"WebSite","@id":"https:\/\/www.welovecycling.com\/hu\/#website","url":"https:\/\/www.welovecycling.com\/hu\/","name":"\u0160koda We Love Cycling - Magyarorsz\u00e1g","description":"\u0160koda WeLoveCycling","potentialAction":[{"@type":"SearchAction","target":{"@type":"EntryPoint","urlTemplate":"https:\/\/www.welovecycling.com\/hu\/?s={search_term_string}"},"query-input":{"@type":"PropertyValueSpecification","valueRequired":true,"valueName":"search_term_string"}}],"inLanguage":"hu"},{"@type":"Person","@id":"https:\/\/www.welovecycling.com\/hu\/#\/schema\/person\/414a2aebf1801691a5320edb6468e194","name":"hegyizs","image":{"@type":"ImageObject","inLanguage":"hu","@id":"https:\/\/www.welovecycling.com\/hu\/#\/schema\/person\/image\/","url":"https:\/\/secure.gravatar.com\/avatar\/02cf8a7906b8cf90cecb4679defac7cfd33a1c2e3b88e4903d947f3bb58eedd3?s=96&d=mm&r=g","contentUrl":"https:\/\/secure.gravatar.com\/avatar\/02cf8a7906b8cf90cecb4679defac7cfd33a1c2e3b88e4903d947f3bb58eedd3?s=96&d=mm&r=g","caption":"hegyizs"},"url":"https:\/\/www.welovecycling.com\/hu\/author\/hegyizs\/"}]}},"_links":{"self":[{"href":"https:\/\/www.welovecycling.com\/hu\/wp-json\/wp\/v2\/posts\/11347","targetHints":{"allow":["GET"]}}],"collection":[{"href":"https:\/\/www.welovecycling.com\/hu\/wp-json\/wp\/v2\/posts"}],"about":[{"href":"https:\/\/www.welovecycling.com\/hu\/wp-json\/wp\/v2\/types\/post"}],"author":[{"embeddable":true,"href":"https:\/\/www.welovecycling.com\/hu\/wp-json\/wp\/v2\/users\/71"}],"replies":[{"embeddable":true,"href":"https:\/\/www.welovecycling.com\/hu\/wp-json\/wp\/v2\/comments?post=11347"}],"version-history":[{"count":2,"href":"https:\/\/www.welovecycling.com\/hu\/wp-json\/wp\/v2\/posts\/11347\/revisions"}],"predecessor-version":[{"id":11352,"href":"https:\/\/www.welovecycling.com\/hu\/wp-json\/wp\/v2\/posts\/11347\/revisions\/11352"}],"wp:featuredmedia":[{"embeddable":true,"href":"https:\/\/www.welovecycling.com\/hu\/wp-json\/wp\/v2\/media\/11351"}],"wp:attachment":[{"href":"https:\/\/www.welovecycling.com\/hu\/wp-json\/wp\/v2\/media?parent=11347"}],"wp:term":[{"taxonomy":"category","embeddable":true,"href":"https:\/\/www.welovecycling.com\/hu\/wp-json\/wp\/v2\/categories?post=11347"},{"taxonomy":"post_tag","embeddable":true,"href":"https:\/\/www.welovecycling.com\/hu\/wp-json\/wp\/v2\/tags?post=11347"},{"taxonomy":"global-categories","embeddable":true,"href":"https:\/\/www.welovecycling.com\/hu\/wp-json\/wp\/v2\/global-categories?post=11347"}],"curies":[{"name":"wp","href":"https:\/\/api.w.org\/{rel}","templated":true}]}}