{"id":11341,"date":"2021-05-14T08:00:36","date_gmt":"2021-05-14T07:00:36","guid":{"rendered":"https:\/\/www.welovecycling.com\/hu\/?p=11341"},"modified":"2021-05-07T13:08:59","modified_gmt":"2021-05-07T12:08:59","slug":"igy-vedd-ra-barataidat-a-biciklizesre-orizd-meg-a-langot","status":"publish","type":"post","link":"https:\/\/www.welovecycling.com\/hu\/edzes-es-eletmod\/igy-vedd-ra-barataidat-a-biciklizesre-orizd-meg-a-langot\/","title":{"rendered":"\u00cdgy vedd r\u00e1 bar\u00e1taidat a bicikliz\u00e9sre \u2013 \u0150rizd meg a l\u00e1ngot!"},"content":{"rendered":"<p><strong>Amikor letudj\u00e1tok az els\u0151 menetet \u00e9s a bar\u00e1taid nagy mosollyal az arcukon sz\u00e1llnak le a bicajr\u00f3l, akkor t\u00fal is vagy a munka legfontosabb r\u00e9sz\u00e9n. De m\u00e9g mindig tehetsz az\u00e9rt, hogy a t\u00e1rsaid ragaszkodjanak a ker\u00e9kp\u00e1roz\u00e1shoz \u00e9s v\u00e9g\u00fcl tal\u00e1n olyan rajong\u00f3v\u00e1 v\u00e1ljanak, mint te magad. \u00cdme n\u00e9h\u00e1ny tipp!<\/strong><\/p>\n<p><!--more--><\/p>\n<h2><strong>L\u00e9gy re\u00e1lis!<\/strong><\/h2>\n<p>El\u0151sz\u00f6r is fontos felismerni, hogy a bicikliz\u00e9s nem v\u00e1lik majd mindenki szenved\u00e9ly\u00e9v\u00e9. Tal\u00e1n a haverjaidnak m\u00e1r sok m\u00e1s hobbijuk van, \u00e9s a ker\u00e9kp\u00e1roz\u00e1s csak alkalmi elfoglalts\u00e1g lesz, amit \u00e9vente n\u00e9h\u00e1nyszor f\u00e9r csak bele az idej\u00fckbe. Ez j\u00f3l is van \u00edgy. Ne er\u0151ltesd a dolgot, a bar\u00e1ts\u00e1gotok sokkal fontosabb, mint az, hogy milyen gyakran j\u00e1rtok egy\u00fctt biciklizni.<\/p>\n<p>De ha a bar\u00e1taid \u00e9rdekl\u0151d\u00e9st mutatnak, akkor vesd bele magad, mert ekkor k\u00f6nnyebben alak\u00edthatod \u0151ket igazi rajong\u00f3kk\u00e1.<\/p>\n<figure id=\"attachment_11342\" aria-describedby=\"caption-attachment-11342\" style=\"width: 1024px\" class=\"wp-caption alignnone\"><a href=\"https:\/\/d2p6e6u75xmxt8.cloudfront.net\/2\/2021\/04\/Cycling-in-a-park-profimedia-0605804383.jpg\"><img loading=\"lazy\" decoding=\"async\" class=\"wp-image-11342 size-large\" src=\"https:\/\/d2p6e6u75xmxt8.cloudfront.net\/12\/2021\/05\/Cycling-in-a-park-profimedia-0605804383-1024x682.jpg\" alt=\"Friends cycling\" width=\"1024\" height=\"682\" srcset=\"https:\/\/d2p6e6u75xmxt8.cloudfront.net\/12\/2021\/05\/Cycling-in-a-park-profimedia-0605804383-1024x682.jpg 1024w, https:\/\/d2p6e6u75xmxt8.cloudfront.net\/12\/2021\/05\/Cycling-in-a-park-profimedia-0605804383-300x200.jpg 300w, https:\/\/d2p6e6u75xmxt8.cloudfront.net\/12\/2021\/05\/Cycling-in-a-park-profimedia-0605804383-768x512.jpg 768w, https:\/\/d2p6e6u75xmxt8.cloudfront.net\/12\/2021\/05\/Cycling-in-a-park-profimedia-0605804383-272x182.jpg 272w, https:\/\/d2p6e6u75xmxt8.cloudfront.net\/12\/2021\/05\/Cycling-in-a-park-profimedia-0605804383.jpg 1250w\" sizes=\"auto, (max-width: 1024px) 100vw, 1024px\" \/><\/a><figcaption id=\"caption-attachment-11342\" class=\"wp-caption-text\"><em>Ne er\u0151ltesd bar\u00e1taidra a bicikliz\u00e9st! \u00a9 Profimedia<\/em><\/figcaption><\/figure>\n<h2><strong>\u00c9rdekes helyeket l\u00e1togassatok meg!<\/strong><\/h2>\n<p>A haverok val\u00f3sz\u00edn\u0171leg magukt\u00f3l is felvetik majd ezt, de ha m\u00e9gsem, tegy\u00e9l javaslatokat. A ker\u00e9kp\u00e1roz\u00e1sban az egyik legegyedibb \u00e9s legcs\u00e1b\u00edt\u00f3bb dolog, hogy sokkal nagyobb ter\u00fcletet tudsz felfedezni, mint amire gyalog k\u00e9pes lenn\u00e9l, mindek\u00f6zben pedig a saj\u00e1t testedet haszn\u00e1lod egyed\u00fcli motork\u00e9nt. K\u00e9sz\u00edts egy list\u00e1t a k\u00f6rny\u00e9k \u00e9rdekes l\u00e1tnival\u00f3ir\u00f3l, \u00e9s meg is van a terv a k\u00f6vetkez\u0151 n\u00e9h\u00e1ny h\u00f3napra.<\/p>\n<h2><strong>Pr\u00f3b\u00e1lj\u00e1tok ki a bicikliz\u00e9s k\u00fcl\u00f6nb\u00f6z\u0151 fajt\u00e1it!<\/strong><\/h2>\n<p>Annyif\u00e9lek\u00e9ppen \u00e9lvezhetitek a ker\u00e9kp\u00e1roz\u00e1st! Elviheted bar\u00e1taidat egy fantasztikus, 100 kilom\u00e9teres utaz\u00e1sra, megkereshetitek a legizgalmasabb lejt\u0151ket, felfedezhetitek az erd\u0151 m\u00e9ly\u00e9n h\u00faz\u00f3d\u00f3 \u00f6sv\u00e9nyeket, megm\u00e1szhatj\u00e1tok a legmagasabb hegyeket! Figyeld meg, mire \u00e9reznek r\u00e1 legjobban a haverok \u00e9s hajr\u00e1!<\/p>\n<figure id=\"attachment_11343\" aria-describedby=\"caption-attachment-11343\" style=\"width: 1024px\" class=\"wp-caption alignnone\"><a href=\"https:\/\/d2p6e6u75xmxt8.cloudfront.net\/2\/2021\/04\/MTB-friends-profimedia-0601328250.jpg\"><img loading=\"lazy\" decoding=\"async\" class=\"wp-image-11343 size-large\" src=\"https:\/\/d2p6e6u75xmxt8.cloudfront.net\/12\/2021\/05\/MTB-friends-profimedia-0601328250-1024x682.jpg\" alt=\"Cycling in the woods\" width=\"1024\" height=\"682\" srcset=\"https:\/\/d2p6e6u75xmxt8.cloudfront.net\/12\/2021\/05\/MTB-friends-profimedia-0601328250-1024x682.jpg 1024w, https:\/\/d2p6e6u75xmxt8.cloudfront.net\/12\/2021\/05\/MTB-friends-profimedia-0601328250-300x200.jpg 300w, https:\/\/d2p6e6u75xmxt8.cloudfront.net\/12\/2021\/05\/MTB-friends-profimedia-0601328250-768x512.jpg 768w, https:\/\/d2p6e6u75xmxt8.cloudfront.net\/12\/2021\/05\/MTB-friends-profimedia-0601328250-272x182.jpg 272w, https:\/\/d2p6e6u75xmxt8.cloudfront.net\/12\/2021\/05\/MTB-friends-profimedia-0601328250.jpg 1250w\" sizes=\"auto, (max-width: 1024px) 100vw, 1024px\" \/><\/a><figcaption id=\"caption-attachment-11343\" class=\"wp-caption-text\"><em>Mit sz\u00f3ln\u00e1l egy erdei \u00f6sv\u00e9nyhez? \u00a9 Profimedia<\/em><\/figcaption><\/figure>\n<h2><strong>Vedd sz\u00e1m\u00edt\u00e1sba, mennyivel fittebbek!<\/strong><\/h2>\n<p>A legt\u00f6bb ember nem az\u00e9rt v\u00e1g bele a ker\u00e9kp\u00e1roz\u00e1sba, hogy fitt legyen, de mindig j\u00f3 l\u00e1tni, ha \u00fagy v\u00e1lsz eg\u00e9szs\u00e9gesebb\u00e9, hogy k\u00f6zben valami sz\u00f3rakoztat\u00f3t csin\u00e1lsz. Seg\u00edts a t\u00e1rsaidnak l\u00e1tni, mennyivel jobbak ahhoz k\u00e9pest, mint amilyenek kezd\u0151kk\u00e9nt voltak. P\u00e9ld\u00e1ul n\u00e9h\u00e1ny h\u00f3nappal k\u00e9s\u0151bb megpr\u00f3b\u00e1lhatj\u00e1tok megism\u00e9telni az els\u0151 menetet, hogy val\u00f3ban \u00e9rezz\u00e9k a k\u00fcl\u00f6nbs\u00e9get. Amikor kezdik fittebbnek \u00e9rezni magukat, tal\u00e1n jav\u00edtani szeretn\u00e9nek majd az \u00e9letm\u00f3djuk egy\u00e9b aspektusain is, p\u00e9ld\u00e1ul az \u00e9trendj\u00fck\u00f6n. Mutass nekik n\u00e9h\u00e1ny j\u00f3 tippet az elindul\u00e1shoz!<\/p>\n<h2><strong>Mutasd be \u0151ket a biciklis k\u00f6z\u00f6ss\u00e9gnek!<\/strong><\/h2>\n<p>Az egyik leghat\u00e9konyabb m\u00f3dja annak, hogy valakit \u00e9letre sz\u00f3l\u00f3an a ker\u00e9kp\u00e1roz\u00e1s rajong\u00f3j\u00e1v\u00e1 tegy\u00fcnk, ha bemutatjuk m\u00e1s ker\u00e9kp\u00e1rosoknak, akikkel kapcsolatba ker\u00fclhetnek. Ha az \u00e9letedben van egy eg\u00e9szs\u00e9ges biciklis bar\u00e1ti t\u00e1rsas\u00e1g, garant\u00e1ltan rendszeresen nyeregbe sz\u00e1llsz majd. Ez lehet a forr\u00e1sa a bar\u00e1ts\u00e1gos versenyeknek, a t\u00e1mogat\u00e1snak, a k\u00f6z\u00f6s sz\u00f3rakoz\u00e1snak, a motiv\u00e1ci\u00f3nak \u00e9s olyan embereknek, akik partnerek lesznek a kalandokban.<\/p>\n<h2><strong>Javasold a bicikliz\u00e9st, mint ing\u00e1z\u00e1si m\u00f3dot!<\/strong><\/h2>\n<p>Az egyik legbiztosabb m\u00f3dja annak, hogy valaki az \u00e9lete rendszeres r\u00e9sz\u00e9v\u00e9 tegye a ker\u00e9kp\u00e1roz\u00e1st, ha k\u00f6zleked\u00e9si eszk\u00f6zk\u00e9nt haszn\u00e1lja azt. Azok az emberek, akik m\u00e9g \u00fajak a bicikliz\u00e9sben \u00e9s izgatottan v\u00e1rj\u00e1k, hogy min\u00e9l t\u00f6bb id\u0151t t\u00f6lthessenek az \u00faj ker\u00e9kp\u00e1rjukkal, im\u00e1dni fogj\u00e1k ezt a javaslatot.<\/p>\n<figure id=\"attachment_11344\" aria-describedby=\"caption-attachment-11344\" style=\"width: 1024px\" class=\"wp-caption alignnone\"><a href=\"https:\/\/d2p6e6u75xmxt8.cloudfront.net\/2\/2021\/04\/Turkey-cyclists-profimedia-0607734230.jpg\"><img loading=\"lazy\" decoding=\"async\" class=\"wp-image-11344 size-large\" src=\"https:\/\/d2p6e6u75xmxt8.cloudfront.net\/12\/2021\/05\/Turkey-cyclists-profimedia-0607734230-1024x656.jpg\" alt=\"Cycling in Turkey\" width=\"1024\" height=\"656\" srcset=\"https:\/\/d2p6e6u75xmxt8.cloudfront.net\/12\/2021\/05\/Turkey-cyclists-profimedia-0607734230-1024x656.jpg 1024w, https:\/\/d2p6e6u75xmxt8.cloudfront.net\/12\/2021\/05\/Turkey-cyclists-profimedia-0607734230-300x192.jpg 300w, https:\/\/d2p6e6u75xmxt8.cloudfront.net\/12\/2021\/05\/Turkey-cyclists-profimedia-0607734230-768x492.jpg 768w, https:\/\/d2p6e6u75xmxt8.cloudfront.net\/12\/2021\/05\/Turkey-cyclists-profimedia-0607734230.jpg 1250w\" sizes=\"auto, (max-width: 1024px) 100vw, 1024px\" \/><\/a><figcaption id=\"caption-attachment-11344\" class=\"wp-caption-text\"><em>Tan\u00edtsd meg bar\u00e1tod arra, hogyan haszn\u00e1lhatja biciklij\u00e9t k\u00f6zleked\u00e9si eszk\u00f6zk\u00e9nt! \u00a9 Profimedia<\/em><\/figcaption><\/figure>\n<h2><strong>Nevezzetek be egy\u00fctt egy versenyre!<\/strong><\/h2>\n<p>Ha a haverjaidat hajtja a versenyszellem, eml\u00edts meg nekik n\u00e9h\u00e1ny izgalmas futamot, amelyet fontolgatsz. Ha \u00e9rdekl\u0151d\u00e9st mutatnak, akkor megvan a t\u00f6k\u00e9letes lehet\u0151s\u00e9ged arra, hogy \u00f6sszekapcsold az edz\u00e9s neh\u00e9zs\u00e9geit a versenyz\u00e9s izgalmaival.<\/p>\n<h2><strong>Tan\u00edtsd meg nekik, hogyan tarts\u00e1k karban ker\u00e9kp\u00e1rjaikat!<\/strong><\/h2>\n<p>Az, ami ritk\u00e1n sz\u00f3rakoztat\u00f3 az \u00faj bring\u00e1sok sz\u00e1m\u00e1ra, nem m\u00e1s, mint a ker\u00e9kp\u00e1r karbantart\u00e1sa. Pr\u00f3b\u00e1lj seg\u00edt\u0151 kezet ny\u00fajtani, \u00e9s tan\u00edtsd meg nekik az alapokat! Ha nem kell minden apr\u00f3 dologgal egy ker\u00e9kp\u00e1r\u00fczletbe rohanniuk, nem fogj\u00e1k olyan k\u00f6nnyen feladni ezt a csod\u00e1latos hobbit. A v\u00e1lt\u00f3 be\u00e1ll\u00edt\u00e1sa, a gumiabroncs vagy a f\u00e9kbet\u00e9tek cser\u00e9je \u00e9rt\u00e9kes tapasztalatok lehetnek sz\u00e1mukra.<\/p>\n","protected":false},"excerpt":{"rendered":"<p>Amikor letudj\u00e1tok az els\u0151 menetet \u00e9s a bar\u00e1taid nagy mosollyal az arcukon sz\u00e1llnak le a bicajr\u00f3l, akkor t\u00fal is vagy [&hellip;]<\/p>\n","protected":false},"author":71,"featured_media":11346,"comment_status":"closed","ping_status":"closed","sticky":false,"template":"","format":"standard","meta":{"footnotes":""},"categories":[6],"tags":[],"global-categories":[],"class_list":["post-11341","post","type-post","status-publish","format-standard","has-post-thumbnail","hentry","category-edzes-es-eletmod"],"yoast_head":"<!-- This site is optimized with the Yoast SEO Premium plugin v25.3 (Yoast SEO v25.9) - https:\/\/yoast.com\/wordpress\/plugins\/seo\/ -->\n<title>\u00cdgy vedd r\u00e1 bar\u00e1taidat a bicikliz\u00e9sre \u2013 \u0150rizd meg a l\u00e1ngot!<\/title>\n<meta name=\"description\" content=\"Amikor letudj\u00e1tok az els\u0151 menetet \u00e9s a bar\u00e1taid nagy mosollyal az arcukon sz\u00e1llnak le a bicajr\u00f3l, akkor t\u00fal is vagy a munka legfontosabb r\u00e9sz\u00e9n.\" \/>\n<meta name=\"robots\" content=\"index, follow, max-snippet:-1, max-image-preview:large, max-video-preview:-1\" \/>\n<link rel=\"canonical\" href=\"https:\/\/www.welovecycling.com\/hu\/edzes-es-eletmod\/igy-vedd-ra-barataidat-a-biciklizesre-orizd-meg-a-langot\/\" \/>\n<meta property=\"og:locale\" content=\"hu_HU\" \/>\n<meta property=\"og:type\" content=\"article\" \/>\n<meta property=\"og:title\" content=\"\u00cdgy vedd r\u00e1 bar\u00e1taidat a bicikliz\u00e9sre \u2013 \u0150rizd meg a l\u00e1ngot!\" \/>\n<meta property=\"og:description\" content=\"Amikor letudj\u00e1tok az els\u0151 menetet \u00e9s a bar\u00e1taid nagy mosollyal az arcukon sz\u00e1llnak le a bicajr\u00f3l, akkor t\u00fal is vagy a munka legfontosabb r\u00e9sz\u00e9n.\" \/>\n<meta property=\"og:url\" content=\"https:\/\/www.welovecycling.com\/hu\/edzes-es-eletmod\/igy-vedd-ra-barataidat-a-biciklizesre-orizd-meg-a-langot\/\" \/>\n<meta property=\"og:site_name\" content=\"\u0160koda We Love Cycling - Magyarorsz\u00e1g\" \/>\n<meta property=\"article:publisher\" content=\"https:\/\/www.facebook.com\/WeLoveCyclingHungary\/\" \/>\n<meta property=\"article:published_time\" content=\"2021-05-14T07:00:36+00:00\" \/>\n<meta property=\"og:image\" content=\"https:\/\/d2p6e6u75xmxt8.cloudfront.net\/12\/2021\/05\/MTB-friends-profimedia-0607233188-CVR.jpg\" \/>\n\t<meta property=\"og:image:width\" content=\"1366\" \/>\n\t<meta property=\"og:image:height\" content=\"600\" \/>\n\t<meta property=\"og:image:type\" content=\"image\/jpeg\" \/>\n<meta name=\"author\" content=\"hegyizs\" \/>\n<meta name=\"twitter:card\" content=\"summary_large_image\" \/>\n<meta name=\"twitter:label1\" content=\"Written by\" \/>\n\t<meta name=\"twitter:data1\" content=\"Jiri Kaloc\" \/>\n\t<meta name=\"twitter:label2\" content=\"Est. reading time\" \/>\n\t<meta name=\"twitter:data2\" content=\"5\" \/>\n<script type=\"application\/ld+json\" class=\"yoast-schema-graph\">{\"@context\":\"https:\/\/schema.org\",\"@graph\":[{\"@type\":\"WebPage\",\"@id\":\"https:\/\/www.welovecycling.com\/hu\/edzes-es-eletmod\/igy-vedd-ra-barataidat-a-biciklizesre-orizd-meg-a-langot\/\",\"url\":\"https:\/\/www.welovecycling.com\/hu\/edzes-es-eletmod\/igy-vedd-ra-barataidat-a-biciklizesre-orizd-meg-a-langot\/\",\"name\":\"\u00cdgy vedd r\u00e1 bar\u00e1taidat a bicikliz\u00e9sre \u2013 \u0150rizd meg a l\u00e1ngot!\",\"isPartOf\":{\"@id\":\"https:\/\/www.welovecycling.com\/hu\/#website\"},\"primaryImageOfPage\":{\"@id\":\"https:\/\/www.welovecycling.com\/hu\/edzes-es-eletmod\/igy-vedd-ra-barataidat-a-biciklizesre-orizd-meg-a-langot\/#primaryimage\"},\"image\":{\"@id\":\"https:\/\/www.welovecycling.com\/hu\/edzes-es-eletmod\/igy-vedd-ra-barataidat-a-biciklizesre-orizd-meg-a-langot\/#primaryimage\"},\"thumbnailUrl\":\"https:\/\/d2p6e6u75xmxt8.cloudfront.net\/12\/2021\/05\/MTB-friends-profimedia-0607233188-CVR.jpg\",\"datePublished\":\"2021-05-14T07:00:36+00:00\",\"author\":{\"@id\":\"https:\/\/www.welovecycling.com\/hu\/#\/schema\/person\/414a2aebf1801691a5320edb6468e194\"},\"description\":\"Amikor letudj\u00e1tok az els\u0151 menetet \u00e9s a bar\u00e1taid nagy mosollyal az arcukon sz\u00e1llnak le a bicajr\u00f3l, akkor t\u00fal is vagy a munka legfontosabb r\u00e9sz\u00e9n.\",\"breadcrumb\":{\"@id\":\"https:\/\/www.welovecycling.com\/hu\/edzes-es-eletmod\/igy-vedd-ra-barataidat-a-biciklizesre-orizd-meg-a-langot\/#breadcrumb\"},\"inLanguage\":\"hu\",\"potentialAction\":[{\"@type\":\"ReadAction\",\"target\":[\"https:\/\/www.welovecycling.com\/hu\/edzes-es-eletmod\/igy-vedd-ra-barataidat-a-biciklizesre-orizd-meg-a-langot\/\"]}]},{\"@type\":\"ImageObject\",\"inLanguage\":\"hu\",\"@id\":\"https:\/\/www.welovecycling.com\/hu\/edzes-es-eletmod\/igy-vedd-ra-barataidat-a-biciklizesre-orizd-meg-a-langot\/#primaryimage\",\"url\":\"https:\/\/d2p6e6u75xmxt8.cloudfront.net\/12\/2021\/05\/MTB-friends-profimedia-0607233188-CVR.jpg\",\"contentUrl\":\"https:\/\/d2p6e6u75xmxt8.cloudfront.net\/12\/2021\/05\/MTB-friends-profimedia-0607233188-CVR.jpg\",\"width\":1366,\"height\":600,\"caption\":\"Friends with bicycles\"},{\"@type\":\"BreadcrumbList\",\"@id\":\"https:\/\/www.welovecycling.com\/hu\/edzes-es-eletmod\/igy-vedd-ra-barataidat-a-biciklizesre-orizd-meg-a-langot\/#breadcrumb\",\"itemListElement\":[{\"@type\":\"ListItem\",\"position\":1,\"name\":\"Home\",\"item\":\"https:\/\/www.welovecycling.com\/hu\/\"},{\"@type\":\"ListItem\",\"position\":2,\"name\":\"\u00cdgy vedd r\u00e1 bar\u00e1taidat a bicikliz\u00e9sre \u2013 \u0150rizd meg a l\u00e1ngot!\"}]},{\"@type\":\"WebSite\",\"@id\":\"https:\/\/www.welovecycling.com\/hu\/#website\",\"url\":\"https:\/\/www.welovecycling.com\/hu\/\",\"name\":\"\u0160koda We Love Cycling - Magyarorsz\u00e1g\",\"description\":\"\u0160koda WeLoveCycling\",\"potentialAction\":[{\"@type\":\"SearchAction\",\"target\":{\"@type\":\"EntryPoint\",\"urlTemplate\":\"https:\/\/www.welovecycling.com\/hu\/?s={search_term_string}\"},\"query-input\":{\"@type\":\"PropertyValueSpecification\",\"valueRequired\":true,\"valueName\":\"search_term_string\"}}],\"inLanguage\":\"hu\"},{\"@type\":\"Person\",\"@id\":\"https:\/\/www.welovecycling.com\/hu\/#\/schema\/person\/414a2aebf1801691a5320edb6468e194\",\"name\":\"hegyizs\",\"image\":{\"@type\":\"ImageObject\",\"inLanguage\":\"hu\",\"@id\":\"https:\/\/www.welovecycling.com\/hu\/#\/schema\/person\/image\/\",\"url\":\"https:\/\/secure.gravatar.com\/avatar\/02cf8a7906b8cf90cecb4679defac7cfd33a1c2e3b88e4903d947f3bb58eedd3?s=96&d=mm&r=g\",\"contentUrl\":\"https:\/\/secure.gravatar.com\/avatar\/02cf8a7906b8cf90cecb4679defac7cfd33a1c2e3b88e4903d947f3bb58eedd3?s=96&d=mm&r=g\",\"caption\":\"hegyizs\"},\"url\":\"https:\/\/www.welovecycling.com\/hu\/author\/hegyizs\/\"}]}<\/script>\n<!-- \/ Yoast SEO Premium plugin. -->","yoast_head_json":{"title":"\u00cdgy vedd r\u00e1 bar\u00e1taidat a bicikliz\u00e9sre \u2013 \u0150rizd meg a l\u00e1ngot!","description":"Amikor letudj\u00e1tok az els\u0151 menetet \u00e9s a bar\u00e1taid nagy mosollyal az arcukon sz\u00e1llnak le a bicajr\u00f3l, akkor t\u00fal is vagy a munka legfontosabb r\u00e9sz\u00e9n.","robots":{"index":"index","follow":"follow","max-snippet":"max-snippet:-1","max-image-preview":"max-image-preview:large","max-video-preview":"max-video-preview:-1"},"canonical":"https:\/\/www.welovecycling.com\/hu\/edzes-es-eletmod\/igy-vedd-ra-barataidat-a-biciklizesre-orizd-meg-a-langot\/","og_locale":"hu_HU","og_type":"article","og_title":"\u00cdgy vedd r\u00e1 bar\u00e1taidat a bicikliz\u00e9sre \u2013 \u0150rizd meg a l\u00e1ngot!","og_description":"Amikor letudj\u00e1tok az els\u0151 menetet \u00e9s a bar\u00e1taid nagy mosollyal az arcukon sz\u00e1llnak le a bicajr\u00f3l, akkor t\u00fal is vagy a munka legfontosabb r\u00e9sz\u00e9n.","og_url":"https:\/\/www.welovecycling.com\/hu\/edzes-es-eletmod\/igy-vedd-ra-barataidat-a-biciklizesre-orizd-meg-a-langot\/","og_site_name":"\u0160koda We Love Cycling - Magyarorsz\u00e1g","article_publisher":"https:\/\/www.facebook.com\/WeLoveCyclingHungary\/","article_published_time":"2021-05-14T07:00:36+00:00","og_image":[{"width":1366,"height":600,"url":"https:\/\/d2p6e6u75xmxt8.cloudfront.net\/12\/2021\/05\/MTB-friends-profimedia-0607233188-CVR.jpg","type":"image\/jpeg"}],"author":"hegyizs","twitter_card":"summary_large_image","twitter_misc":{"Written by":"Jiri Kaloc","Est. reading time":"5"},"schema":{"@context":"https:\/\/schema.org","@graph":[{"@type":"WebPage","@id":"https:\/\/www.welovecycling.com\/hu\/edzes-es-eletmod\/igy-vedd-ra-barataidat-a-biciklizesre-orizd-meg-a-langot\/","url":"https:\/\/www.welovecycling.com\/hu\/edzes-es-eletmod\/igy-vedd-ra-barataidat-a-biciklizesre-orizd-meg-a-langot\/","name":"\u00cdgy vedd r\u00e1 bar\u00e1taidat a bicikliz\u00e9sre \u2013 \u0150rizd meg a l\u00e1ngot!","isPartOf":{"@id":"https:\/\/www.welovecycling.com\/hu\/#website"},"primaryImageOfPage":{"@id":"https:\/\/www.welovecycling.com\/hu\/edzes-es-eletmod\/igy-vedd-ra-barataidat-a-biciklizesre-orizd-meg-a-langot\/#primaryimage"},"image":{"@id":"https:\/\/www.welovecycling.com\/hu\/edzes-es-eletmod\/igy-vedd-ra-barataidat-a-biciklizesre-orizd-meg-a-langot\/#primaryimage"},"thumbnailUrl":"https:\/\/d2p6e6u75xmxt8.cloudfront.net\/12\/2021\/05\/MTB-friends-profimedia-0607233188-CVR.jpg","datePublished":"2021-05-14T07:00:36+00:00","author":{"@id":"https:\/\/www.welovecycling.com\/hu\/#\/schema\/person\/414a2aebf1801691a5320edb6468e194"},"description":"Amikor letudj\u00e1tok az els\u0151 menetet \u00e9s a bar\u00e1taid nagy mosollyal az arcukon sz\u00e1llnak le a bicajr\u00f3l, akkor t\u00fal is vagy a munka legfontosabb r\u00e9sz\u00e9n.","breadcrumb":{"@id":"https:\/\/www.welovecycling.com\/hu\/edzes-es-eletmod\/igy-vedd-ra-barataidat-a-biciklizesre-orizd-meg-a-langot\/#breadcrumb"},"inLanguage":"hu","potentialAction":[{"@type":"ReadAction","target":["https:\/\/www.welovecycling.com\/hu\/edzes-es-eletmod\/igy-vedd-ra-barataidat-a-biciklizesre-orizd-meg-a-langot\/"]}]},{"@type":"ImageObject","inLanguage":"hu","@id":"https:\/\/www.welovecycling.com\/hu\/edzes-es-eletmod\/igy-vedd-ra-barataidat-a-biciklizesre-orizd-meg-a-langot\/#primaryimage","url":"https:\/\/d2p6e6u75xmxt8.cloudfront.net\/12\/2021\/05\/MTB-friends-profimedia-0607233188-CVR.jpg","contentUrl":"https:\/\/d2p6e6u75xmxt8.cloudfront.net\/12\/2021\/05\/MTB-friends-profimedia-0607233188-CVR.jpg","width":1366,"height":600,"caption":"Friends with bicycles"},{"@type":"BreadcrumbList","@id":"https:\/\/www.welovecycling.com\/hu\/edzes-es-eletmod\/igy-vedd-ra-barataidat-a-biciklizesre-orizd-meg-a-langot\/#breadcrumb","itemListElement":[{"@type":"ListItem","position":1,"name":"Home","item":"https:\/\/www.welovecycling.com\/hu\/"},{"@type":"ListItem","position":2,"name":"\u00cdgy vedd r\u00e1 bar\u00e1taidat a bicikliz\u00e9sre \u2013 \u0150rizd meg a l\u00e1ngot!"}]},{"@type":"WebSite","@id":"https:\/\/www.welovecycling.com\/hu\/#website","url":"https:\/\/www.welovecycling.com\/hu\/","name":"\u0160koda We Love Cycling - Magyarorsz\u00e1g","description":"\u0160koda WeLoveCycling","potentialAction":[{"@type":"SearchAction","target":{"@type":"EntryPoint","urlTemplate":"https:\/\/www.welovecycling.com\/hu\/?s={search_term_string}"},"query-input":{"@type":"PropertyValueSpecification","valueRequired":true,"valueName":"search_term_string"}}],"inLanguage":"hu"},{"@type":"Person","@id":"https:\/\/www.welovecycling.com\/hu\/#\/schema\/person\/414a2aebf1801691a5320edb6468e194","name":"hegyizs","image":{"@type":"ImageObject","inLanguage":"hu","@id":"https:\/\/www.welovecycling.com\/hu\/#\/schema\/person\/image\/","url":"https:\/\/secure.gravatar.com\/avatar\/02cf8a7906b8cf90cecb4679defac7cfd33a1c2e3b88e4903d947f3bb58eedd3?s=96&d=mm&r=g","contentUrl":"https:\/\/secure.gravatar.com\/avatar\/02cf8a7906b8cf90cecb4679defac7cfd33a1c2e3b88e4903d947f3bb58eedd3?s=96&d=mm&r=g","caption":"hegyizs"},"url":"https:\/\/www.welovecycling.com\/hu\/author\/hegyizs\/"}]}},"_links":{"self":[{"href":"https:\/\/www.welovecycling.com\/hu\/wp-json\/wp\/v2\/posts\/11341","targetHints":{"allow":["GET"]}}],"collection":[{"href":"https:\/\/www.welovecycling.com\/hu\/wp-json\/wp\/v2\/posts"}],"about":[{"href":"https:\/\/www.welovecycling.com\/hu\/wp-json\/wp\/v2\/types\/post"}],"author":[{"embeddable":true,"href":"https:\/\/www.welovecycling.com\/hu\/wp-json\/wp\/v2\/users\/71"}],"replies":[{"embeddable":true,"href":"https:\/\/www.welovecycling.com\/hu\/wp-json\/wp\/v2\/comments?post=11341"}],"version-history":[{"count":2,"href":"https:\/\/www.welovecycling.com\/hu\/wp-json\/wp\/v2\/posts\/11341\/revisions"}],"predecessor-version":[{"id":11353,"href":"https:\/\/www.welovecycling.com\/hu\/wp-json\/wp\/v2\/posts\/11341\/revisions\/11353"}],"wp:featuredmedia":[{"embeddable":true,"href":"https:\/\/www.welovecycling.com\/hu\/wp-json\/wp\/v2\/media\/11346"}],"wp:attachment":[{"href":"https:\/\/www.welovecycling.com\/hu\/wp-json\/wp\/v2\/media?parent=11341"}],"wp:term":[{"taxonomy":"category","embeddable":true,"href":"https:\/\/www.welovecycling.com\/hu\/wp-json\/wp\/v2\/categories?post=11341"},{"taxonomy":"post_tag","embeddable":true,"href":"https:\/\/www.welovecycling.com\/hu\/wp-json\/wp\/v2\/tags?post=11341"},{"taxonomy":"global-categories","embeddable":true,"href":"https:\/\/www.welovecycling.com\/hu\/wp-json\/wp\/v2\/global-categories?post=11341"}],"curies":[{"name":"wp","href":"https:\/\/api.w.org\/{rel}","templated":true}]}}