{"id":11324,"date":"2021-05-13T08:00:13","date_gmt":"2021-05-13T07:00:13","guid":{"rendered":"https:\/\/www.welovecycling.com\/hu\/?p=11324"},"modified":"2021-05-07T13:08:19","modified_gmt":"2021-05-07T12:08:19","slug":"ride2unite-podcast-iris-slappendellel-ha-latod-beszelj-rola","status":"publish","type":"post","link":"https:\/\/www.welovecycling.com\/hu\/kozosseg-es-kultura\/ride2unite-podcast-iris-slappendellel-ha-latod-beszelj-rola\/","title":{"rendered":"#Ride2Unite Podcast Iris Slappendellel: \u201eHa l\u00e1tod, besz\u00e9lj r\u00f3la\u201d"},"content":{"rendered":"<p><strong>Milyen akad\u00e1lyokkal kell szemben\u00e9zni\u00fck a n\u0151i ker\u00e9kp\u00e1rosoknak \u00e9s hogyan t\u00e1mogathatjuk \u0151ket? \u00d6szt\u00f6n\u00f6zne-e egy tapasztalt ker\u00e9kp\u00e1ros n\u0151 arra egy fiatal l\u00e1nyt, hogy \u00a0belev\u00e1gjon a versenysportba? Iris Slappendellal, a meg\u00fajult #Ride2Unite podcastunk vend\u00e9g\u00e9vel besz\u00e9lgett\u00fcnk ezekr\u0151l a k\u00e9rd\u00e9sekr\u0151l, \u00e9s m\u00e9g sok minden m\u00e1sr\u00f3l.<\/strong><\/p>\n<p><!--more--><\/p>\n<p>A sokoldal\u00fa, ex- profi ker\u00e9kp\u00e1ros, diz\u00e1jner \u00e9s a n\u0151i ker\u00e9kp\u00e1rosok jogai\u00e9rt k\u00fczd\u0151 Iris leny\u0171g\u00f6z\u0151 12 \u00e9ves versenyz\u0151i karrierj\u00e9r\u0151l, a profi biciklis vil\u00e1g l\u00e9gk\u00f6r\u00e9r\u0151l \u00e9s a visszavonul\u00e1s\u00e1r\u00f3l mes\u00e9lt, ami ut\u00e1n megalap\u00edtotta a Cyclists\u2019 Alliance-t.<\/p>\n<div class=\"embed-controller-wrapper\"><iframe title=\"Spotify Embed: &quot;If You See It, Speak About It&quot;: #Ride2Unite Podcast with Iris Slappendel\" style=\"border-radius: 12px\" width=\"100%\" height=\"152\" frameborder=\"0\" allowfullscreen allow=\"autoplay; clipboard-write; encrypted-media; fullscreen; picture-in-picture\" loading=\"lazy\" data-src=\"https:\/\/open.spotify.com\/embed\/episode\/1EUkoaq3ZQmOiBCuCKegBc?si=0po7BUQATkioCHtGQ2Jdfg&#038;utm_source=oembed\"><\/iframe><\/div>\n<p>Profi versenyz\u0151k\u00e9nt Iris l\u00e1tta, mennyire neh\u00e9z \u00e9s n\u00e9ha mag\u00e1nyos tud lenni a ker\u00e9kp\u00e1ros \u00e9letm\u00f3d. Sajnos nincs ki\u00e9p\u00fclt t\u00e1mogat\u00e1si rendszer azok sz\u00e1m\u00e1ra, akiknek sz\u00fcks\u00e9ge lenne r\u00e1. Ez\u00e9rt alap\u00edtotta meg a Cyclists\u2019 Alliance-t 2017-ben, egy \u00e9vvel a nyugd\u00edjaz\u00e1sa ut\u00e1n. Ez egy olyan egyes\u00fclet, amely minden versenyz\u0151 rendelkez\u00e9s\u00e9re \u00e1ll, ha t\u00e1mogat\u00e1sra van sz\u00fcks\u00e9ge. A \u201eha l\u00e1tod, besz\u00e9lj r\u00f3la\u201d elvet k\u00f6vetve ez a nemzetk\u00f6zi szakszervezet arra \u00f6szt\u00f6nzi az eg\u00e9sz ker\u00e9kp\u00e1ros k\u00f6z\u00f6ss\u00e9get, hogy besz\u00e9ljen a ter\u00fclet\u00e9n tapasztalhat\u00f3 egyenl\u0151tlens\u00e9gekr\u0151l vagy igazs\u00e1gtalans\u00e1gokr\u00f3l.<\/p>\n<p>Annak ellen\u00e9re, hogy a professzion\u00e1lis ker\u00e9kp\u00e1roz\u00e1s probl\u00e9m\u00e1ival tov\u00e1bbra is foglalkozni kell, Iris rem\u00e9nytelinek t\u0171nt \u00e9s kifejezte elismer\u00e9s\u00e9t a n\u0151i ker\u00e9kp\u00e1roz\u00e1s elm\u00falt \u00e9vekben tett el\u0151rehalad\u00e1s\u00e1\u00e9rt.<\/p>\n<p>https:\/\/www.instagram.com\/p\/CJ-oFT6le0y\/<\/p>\n<p>A besz\u00e9lget\u00e9s Iris grafikai tervez\u0151i karrier\u00e9vel z\u00e1rult. Csod\u00e1latos \u00e9rz\u00e9s lehet megtervezni a holland olimpiai kollekci\u00f3t, \u00e9s v\u00e9gign\u00e9zni, ahogy Anna van der Breggen viseli a mezt, mik\u00f6zben a gy\u0151zelem\u00e9rt k\u00fczd a ri\u00f3i olimpiai j\u00e1t\u00e9kokon!<\/p>\n","protected":false},"excerpt":{"rendered":"<p>Milyen akad\u00e1lyokkal kell szemben\u00e9zni\u00fck a n\u0151i ker\u00e9kp\u00e1rosoknak \u00e9s hogyan t\u00e1mogathatjuk \u0151ket? \u00d6szt\u00f6n\u00f6zne-e egy tapasztalt ker\u00e9kp\u00e1ros n\u0151 arra egy fiatal l\u00e1nyt, [&hellip;]<\/p>\n","protected":false},"author":71,"featured_media":11327,"comment_status":"closed","ping_status":"closed","sticky":false,"template":"","format":"standard","meta":{"footnotes":""},"categories":[12],"tags":[],"global-categories":[],"class_list":["post-11324","post","type-post","status-publish","format-standard","has-post-thumbnail","hentry","category-kozosseg-es-kultura"],"yoast_head":"<!-- This site is optimized with the Yoast SEO Premium plugin v25.3 (Yoast SEO v25.9) - https:\/\/yoast.com\/wordpress\/plugins\/seo\/ -->\n<title>#Ride2Unite Podcast Iris Slappendellel: \u201eHa l\u00e1tod, besz\u00e9lj r\u00f3la\u201d<\/title>\n<meta name=\"description\" content=\"Milyen akad\u00e1lyokkal kell szemben\u00e9zni\u00fck a n\u0151i ker\u00e9kp\u00e1rosoknak \u00e9s hogyan t\u00e1mogathatjuk \u0151ket? \u00d6sz-t\u00f6n\u00f6zne-e egy tapasztalt ker\u00e9kp\u00e1ros n\u0151 arra egy fiatal l\u00e1nyt, hogy belev\u00e1gjon a versenysportba?\" \/>\n<meta name=\"robots\" content=\"index, follow, max-snippet:-1, max-image-preview:large, max-video-preview:-1\" \/>\n<link rel=\"canonical\" href=\"https:\/\/www.welovecycling.com\/hu\/kozosseg-es-kultura\/ride2unite-podcast-iris-slappendellel-ha-latod-beszelj-rola\/\" \/>\n<meta property=\"og:locale\" content=\"hu_HU\" \/>\n<meta property=\"og:type\" content=\"article\" \/>\n<meta property=\"og:title\" content=\"#Ride2Unite Podcast Iris Slappendellel: \u201eHa l\u00e1tod, besz\u00e9lj r\u00f3la\u201d\" \/>\n<meta property=\"og:description\" content=\"Milyen akad\u00e1lyokkal kell szemben\u00e9zni\u00fck a n\u0151i ker\u00e9kp\u00e1rosoknak \u00e9s hogyan t\u00e1mogathatjuk \u0151ket? \u00d6sz-t\u00f6n\u00f6zne-e egy tapasztalt ker\u00e9kp\u00e1ros n\u0151 arra egy fiatal l\u00e1nyt, hogy belev\u00e1gjon a versenysportba?\" \/>\n<meta property=\"og:url\" content=\"https:\/\/www.welovecycling.com\/hu\/kozosseg-es-kultura\/ride2unite-podcast-iris-slappendellel-ha-latod-beszelj-rola\/\" \/>\n<meta property=\"og:site_name\" content=\"\u0160koda We Love Cycling - Magyarorsz\u00e1g\" \/>\n<meta property=\"article:publisher\" content=\"https:\/\/www.facebook.com\/WeLoveCyclingHungary\/\" \/>\n<meta property=\"article:published_time\" content=\"2021-05-13T07:00:13+00:00\" \/>\n<meta property=\"og:image\" content=\"https:\/\/d2p6e6u75xmxt8.cloudfront.net\/12\/2021\/05\/Iris-Slappendel-CVR.jpg\" \/>\n\t<meta property=\"og:image:width\" content=\"1366\" \/>\n\t<meta property=\"og:image:height\" content=\"600\" \/>\n\t<meta property=\"og:image:type\" content=\"image\/jpeg\" \/>\n<meta name=\"author\" content=\"hegyizs\" \/>\n<meta name=\"twitter:card\" content=\"summary_large_image\" \/>\n<meta name=\"twitter:label1\" content=\"Written by\" \/>\n\t<meta name=\"twitter:data1\" content=\"We Love Cycling\" \/>\n\t<meta name=\"twitter:label2\" content=\"Est. reading time\" \/>\n\t<meta name=\"twitter:data2\" content=\"4\" \/>\n<script type=\"application\/ld+json\" class=\"yoast-schema-graph\">{\"@context\":\"https:\/\/schema.org\",\"@graph\":[{\"@type\":\"WebPage\",\"@id\":\"https:\/\/www.welovecycling.com\/hu\/kozosseg-es-kultura\/ride2unite-podcast-iris-slappendellel-ha-latod-beszelj-rola\/\",\"url\":\"https:\/\/www.welovecycling.com\/hu\/kozosseg-es-kultura\/ride2unite-podcast-iris-slappendellel-ha-latod-beszelj-rola\/\",\"name\":\"#Ride2Unite Podcast Iris Slappendellel: \u201eHa l\u00e1tod, besz\u00e9lj r\u00f3la\u201d\",\"isPartOf\":{\"@id\":\"https:\/\/www.welovecycling.com\/hu\/#website\"},\"primaryImageOfPage\":{\"@id\":\"https:\/\/www.welovecycling.com\/hu\/kozosseg-es-kultura\/ride2unite-podcast-iris-slappendellel-ha-latod-beszelj-rola\/#primaryimage\"},\"image\":{\"@id\":\"https:\/\/www.welovecycling.com\/hu\/kozosseg-es-kultura\/ride2unite-podcast-iris-slappendellel-ha-latod-beszelj-rola\/#primaryimage\"},\"thumbnailUrl\":\"https:\/\/d2p6e6u75xmxt8.cloudfront.net\/12\/2021\/05\/Iris-Slappendel-CVR.jpg\",\"datePublished\":\"2021-05-13T07:00:13+00:00\",\"author\":{\"@id\":\"https:\/\/www.welovecycling.com\/hu\/#\/schema\/person\/414a2aebf1801691a5320edb6468e194\"},\"description\":\"Milyen akad\u00e1lyokkal kell szemben\u00e9zni\u00fck a n\u0151i ker\u00e9kp\u00e1rosoknak \u00e9s hogyan t\u00e1mogathatjuk \u0151ket? \u00d6sz-t\u00f6n\u00f6zne-e egy tapasztalt ker\u00e9kp\u00e1ros n\u0151 arra egy fiatal l\u00e1nyt, hogy belev\u00e1gjon a versenysportba?\",\"breadcrumb\":{\"@id\":\"https:\/\/www.welovecycling.com\/hu\/kozosseg-es-kultura\/ride2unite-podcast-iris-slappendellel-ha-latod-beszelj-rola\/#breadcrumb\"},\"inLanguage\":\"hu\",\"potentialAction\":[{\"@type\":\"ReadAction\",\"target\":[\"https:\/\/www.welovecycling.com\/hu\/kozosseg-es-kultura\/ride2unite-podcast-iris-slappendellel-ha-latod-beszelj-rola\/\"]}]},{\"@type\":\"ImageObject\",\"inLanguage\":\"hu\",\"@id\":\"https:\/\/www.welovecycling.com\/hu\/kozosseg-es-kultura\/ride2unite-podcast-iris-slappendellel-ha-latod-beszelj-rola\/#primaryimage\",\"url\":\"https:\/\/d2p6e6u75xmxt8.cloudfront.net\/12\/2021\/05\/Iris-Slappendel-CVR.jpg\",\"contentUrl\":\"https:\/\/d2p6e6u75xmxt8.cloudfront.net\/12\/2021\/05\/Iris-Slappendel-CVR.jpg\",\"width\":1366,\"height\":600,\"caption\":\"Iris Slappendel\"},{\"@type\":\"BreadcrumbList\",\"@id\":\"https:\/\/www.welovecycling.com\/hu\/kozosseg-es-kultura\/ride2unite-podcast-iris-slappendellel-ha-latod-beszelj-rola\/#breadcrumb\",\"itemListElement\":[{\"@type\":\"ListItem\",\"position\":1,\"name\":\"Home\",\"item\":\"https:\/\/www.welovecycling.com\/hu\/\"},{\"@type\":\"ListItem\",\"position\":2,\"name\":\"#Ride2Unite Podcast Iris Slappendellel: \u201eHa l\u00e1tod, besz\u00e9lj r\u00f3la\u201d\"}]},{\"@type\":\"WebSite\",\"@id\":\"https:\/\/www.welovecycling.com\/hu\/#website\",\"url\":\"https:\/\/www.welovecycling.com\/hu\/\",\"name\":\"\u0160koda We Love Cycling - Magyarorsz\u00e1g\",\"description\":\"\u0160koda WeLoveCycling\",\"potentialAction\":[{\"@type\":\"SearchAction\",\"target\":{\"@type\":\"EntryPoint\",\"urlTemplate\":\"https:\/\/www.welovecycling.com\/hu\/?s={search_term_string}\"},\"query-input\":{\"@type\":\"PropertyValueSpecification\",\"valueRequired\":true,\"valueName\":\"search_term_string\"}}],\"inLanguage\":\"hu\"},{\"@type\":\"Person\",\"@id\":\"https:\/\/www.welovecycling.com\/hu\/#\/schema\/person\/414a2aebf1801691a5320edb6468e194\",\"name\":\"hegyizs\",\"image\":{\"@type\":\"ImageObject\",\"inLanguage\":\"hu\",\"@id\":\"https:\/\/www.welovecycling.com\/hu\/#\/schema\/person\/image\/\",\"url\":\"https:\/\/secure.gravatar.com\/avatar\/02cf8a7906b8cf90cecb4679defac7cfd33a1c2e3b88e4903d947f3bb58eedd3?s=96&d=mm&r=g\",\"contentUrl\":\"https:\/\/secure.gravatar.com\/avatar\/02cf8a7906b8cf90cecb4679defac7cfd33a1c2e3b88e4903d947f3bb58eedd3?s=96&d=mm&r=g\",\"caption\":\"hegyizs\"},\"url\":\"https:\/\/www.welovecycling.com\/hu\/author\/hegyizs\/\"}]}<\/script>\n<!-- \/ Yoast SEO Premium plugin. -->","yoast_head_json":{"title":"#Ride2Unite Podcast Iris Slappendellel: \u201eHa l\u00e1tod, besz\u00e9lj r\u00f3la\u201d","description":"Milyen akad\u00e1lyokkal kell szemben\u00e9zni\u00fck a n\u0151i ker\u00e9kp\u00e1rosoknak \u00e9s hogyan t\u00e1mogathatjuk \u0151ket? \u00d6sz-t\u00f6n\u00f6zne-e egy tapasztalt ker\u00e9kp\u00e1ros n\u0151 arra egy fiatal l\u00e1nyt, hogy belev\u00e1gjon a versenysportba?","robots":{"index":"index","follow":"follow","max-snippet":"max-snippet:-1","max-image-preview":"max-image-preview:large","max-video-preview":"max-video-preview:-1"},"canonical":"https:\/\/www.welovecycling.com\/hu\/kozosseg-es-kultura\/ride2unite-podcast-iris-slappendellel-ha-latod-beszelj-rola\/","og_locale":"hu_HU","og_type":"article","og_title":"#Ride2Unite Podcast Iris Slappendellel: \u201eHa l\u00e1tod, besz\u00e9lj r\u00f3la\u201d","og_description":"Milyen akad\u00e1lyokkal kell szemben\u00e9zni\u00fck a n\u0151i ker\u00e9kp\u00e1rosoknak \u00e9s hogyan t\u00e1mogathatjuk \u0151ket? \u00d6sz-t\u00f6n\u00f6zne-e egy tapasztalt ker\u00e9kp\u00e1ros n\u0151 arra egy fiatal l\u00e1nyt, hogy belev\u00e1gjon a versenysportba?","og_url":"https:\/\/www.welovecycling.com\/hu\/kozosseg-es-kultura\/ride2unite-podcast-iris-slappendellel-ha-latod-beszelj-rola\/","og_site_name":"\u0160koda We Love Cycling - Magyarorsz\u00e1g","article_publisher":"https:\/\/www.facebook.com\/WeLoveCyclingHungary\/","article_published_time":"2021-05-13T07:00:13+00:00","og_image":[{"width":1366,"height":600,"url":"https:\/\/d2p6e6u75xmxt8.cloudfront.net\/12\/2021\/05\/Iris-Slappendel-CVR.jpg","type":"image\/jpeg"}],"author":"hegyizs","twitter_card":"summary_large_image","twitter_misc":{"Written by":"We Love Cycling","Est. reading time":"4"},"schema":{"@context":"https:\/\/schema.org","@graph":[{"@type":"WebPage","@id":"https:\/\/www.welovecycling.com\/hu\/kozosseg-es-kultura\/ride2unite-podcast-iris-slappendellel-ha-latod-beszelj-rola\/","url":"https:\/\/www.welovecycling.com\/hu\/kozosseg-es-kultura\/ride2unite-podcast-iris-slappendellel-ha-latod-beszelj-rola\/","name":"#Ride2Unite Podcast Iris Slappendellel: \u201eHa l\u00e1tod, besz\u00e9lj r\u00f3la\u201d","isPartOf":{"@id":"https:\/\/www.welovecycling.com\/hu\/#website"},"primaryImageOfPage":{"@id":"https:\/\/www.welovecycling.com\/hu\/kozosseg-es-kultura\/ride2unite-podcast-iris-slappendellel-ha-latod-beszelj-rola\/#primaryimage"},"image":{"@id":"https:\/\/www.welovecycling.com\/hu\/kozosseg-es-kultura\/ride2unite-podcast-iris-slappendellel-ha-latod-beszelj-rola\/#primaryimage"},"thumbnailUrl":"https:\/\/d2p6e6u75xmxt8.cloudfront.net\/12\/2021\/05\/Iris-Slappendel-CVR.jpg","datePublished":"2021-05-13T07:00:13+00:00","author":{"@id":"https:\/\/www.welovecycling.com\/hu\/#\/schema\/person\/414a2aebf1801691a5320edb6468e194"},"description":"Milyen akad\u00e1lyokkal kell szemben\u00e9zni\u00fck a n\u0151i ker\u00e9kp\u00e1rosoknak \u00e9s hogyan t\u00e1mogathatjuk \u0151ket? \u00d6sz-t\u00f6n\u00f6zne-e egy tapasztalt ker\u00e9kp\u00e1ros n\u0151 arra egy fiatal l\u00e1nyt, hogy belev\u00e1gjon a versenysportba?","breadcrumb":{"@id":"https:\/\/www.welovecycling.com\/hu\/kozosseg-es-kultura\/ride2unite-podcast-iris-slappendellel-ha-latod-beszelj-rola\/#breadcrumb"},"inLanguage":"hu","potentialAction":[{"@type":"ReadAction","target":["https:\/\/www.welovecycling.com\/hu\/kozosseg-es-kultura\/ride2unite-podcast-iris-slappendellel-ha-latod-beszelj-rola\/"]}]},{"@type":"ImageObject","inLanguage":"hu","@id":"https:\/\/www.welovecycling.com\/hu\/kozosseg-es-kultura\/ride2unite-podcast-iris-slappendellel-ha-latod-beszelj-rola\/#primaryimage","url":"https:\/\/d2p6e6u75xmxt8.cloudfront.net\/12\/2021\/05\/Iris-Slappendel-CVR.jpg","contentUrl":"https:\/\/d2p6e6u75xmxt8.cloudfront.net\/12\/2021\/05\/Iris-Slappendel-CVR.jpg","width":1366,"height":600,"caption":"Iris Slappendel"},{"@type":"BreadcrumbList","@id":"https:\/\/www.welovecycling.com\/hu\/kozosseg-es-kultura\/ride2unite-podcast-iris-slappendellel-ha-latod-beszelj-rola\/#breadcrumb","itemListElement":[{"@type":"ListItem","position":1,"name":"Home","item":"https:\/\/www.welovecycling.com\/hu\/"},{"@type":"ListItem","position":2,"name":"#Ride2Unite Podcast Iris Slappendellel: \u201eHa l\u00e1tod, besz\u00e9lj r\u00f3la\u201d"}]},{"@type":"WebSite","@id":"https:\/\/www.welovecycling.com\/hu\/#website","url":"https:\/\/www.welovecycling.com\/hu\/","name":"\u0160koda We Love Cycling - Magyarorsz\u00e1g","description":"\u0160koda WeLoveCycling","potentialAction":[{"@type":"SearchAction","target":{"@type":"EntryPoint","urlTemplate":"https:\/\/www.welovecycling.com\/hu\/?s={search_term_string}"},"query-input":{"@type":"PropertyValueSpecification","valueRequired":true,"valueName":"search_term_string"}}],"inLanguage":"hu"},{"@type":"Person","@id":"https:\/\/www.welovecycling.com\/hu\/#\/schema\/person\/414a2aebf1801691a5320edb6468e194","name":"hegyizs","image":{"@type":"ImageObject","inLanguage":"hu","@id":"https:\/\/www.welovecycling.com\/hu\/#\/schema\/person\/image\/","url":"https:\/\/secure.gravatar.com\/avatar\/02cf8a7906b8cf90cecb4679defac7cfd33a1c2e3b88e4903d947f3bb58eedd3?s=96&d=mm&r=g","contentUrl":"https:\/\/secure.gravatar.com\/avatar\/02cf8a7906b8cf90cecb4679defac7cfd33a1c2e3b88e4903d947f3bb58eedd3?s=96&d=mm&r=g","caption":"hegyizs"},"url":"https:\/\/www.welovecycling.com\/hu\/author\/hegyizs\/"}]}},"_links":{"self":[{"href":"https:\/\/www.welovecycling.com\/hu\/wp-json\/wp\/v2\/posts\/11324","targetHints":{"allow":["GET"]}}],"collection":[{"href":"https:\/\/www.welovecycling.com\/hu\/wp-json\/wp\/v2\/posts"}],"about":[{"href":"https:\/\/www.welovecycling.com\/hu\/wp-json\/wp\/v2\/types\/post"}],"author":[{"embeddable":true,"href":"https:\/\/www.welovecycling.com\/hu\/wp-json\/wp\/v2\/users\/71"}],"replies":[{"embeddable":true,"href":"https:\/\/www.welovecycling.com\/hu\/wp-json\/wp\/v2\/comments?post=11324"}],"version-history":[{"count":1,"href":"https:\/\/www.welovecycling.com\/hu\/wp-json\/wp\/v2\/posts\/11324\/revisions"}],"predecessor-version":[{"id":11357,"href":"https:\/\/www.welovecycling.com\/hu\/wp-json\/wp\/v2\/posts\/11324\/revisions\/11357"}],"wp:featuredmedia":[{"embeddable":true,"href":"https:\/\/www.welovecycling.com\/hu\/wp-json\/wp\/v2\/media\/11327"}],"wp:attachment":[{"href":"https:\/\/www.welovecycling.com\/hu\/wp-json\/wp\/v2\/media?parent=11324"}],"wp:term":[{"taxonomy":"category","embeddable":true,"href":"https:\/\/www.welovecycling.com\/hu\/wp-json\/wp\/v2\/categories?post=11324"},{"taxonomy":"post_tag","embeddable":true,"href":"https:\/\/www.welovecycling.com\/hu\/wp-json\/wp\/v2\/tags?post=11324"},{"taxonomy":"global-categories","embeddable":true,"href":"https:\/\/www.welovecycling.com\/hu\/wp-json\/wp\/v2\/global-categories?post=11324"}],"curies":[{"name":"wp","href":"https:\/\/api.w.org\/{rel}","templated":true}]}}