{"id":11318,"date":"2021-05-06T14:08:09","date_gmt":"2021-05-06T13:08:09","guid":{"rendered":"https:\/\/www.welovecycling.com\/hu\/?p=11318"},"modified":"2021-05-06T14:14:44","modified_gmt":"2021-05-06T13:14:44","slug":"valter-attila-a-kekesteto-ura-a-csomori-giro-hos","status":"publish","type":"post","link":"https:\/\/www.welovecycling.com\/hu\/tour-de-hongrie\/valter-attila-a-kekesteto-ura-a-csomori-giro-hos\/","title":{"rendered":"Valter Attila \u2013 a K\u00e9kestet\u0151 ura, a cs\u00f6m\u00f6ri Giro-h\u0151s"},"content":{"rendered":"<p><strong>A m\u00e1jus 12-\u00e9n rajtol\u00f3 Tour de Hongrie-t felvezet\u0151 sorozatunk harmadik ad\u00e1s\u00e1ban a c\u00edmv\u00e9d\u0151 hazai k\u00f6z\u00f6ns\u00e9gkedvenccel, Valter Attil\u00e1val besz\u00e9lgett\u00fcnk. Az FDJ bring\u00e1sa id\u00e9n m\u00e1r m\u00e1sodmag\u00e1val k\u00e9pviseli majd a magyar sz\u00edneket a vil\u00e1g egyik legnagyobb verseny\u00e9n, a Giro d\u2019Itali\u00e1n.<\/strong><!--more--><\/p>\n<p>Az id\u00e9nt\u0151l a legr\u00e9gebbi francia elitcsapatban, a Groupama-FDJ-ben teker\u0151 22 \u00e9ves kiv\u00e1l\u00f3s\u00e1gunk m\u00e1r a szombati Nagy Rajt helysz\u00edn\u00e9r\u0151l, Torin\u00f3b\u00f3l jelentkezett be, \u00e9s el\u00e1rulta, furcs\u00e1n felem\u00e1s \u00e9rz\u00e9sek vannak benne, hogy id\u00e9n nem ism\u00e9telhet hazai k\u00f6z\u00f6ns\u00e9g el\u0151tt, viszont nyilv\u00e1n nagyon \u00f6r\u00fcl, hogy ism\u00e9t ott lehet az Olasz k\u00f6rversenyen.<\/p>\n<p>R\u00e1ad\u00e1sul, mint mondta, az FDJ legnagyobb szt\u00e1rja, a csapatkapit\u00e1ny Thibaut Pinot h\u00e1tf\u00e1jdalmai miatt kihagyja az idei Gir\u00f3t, s mivel Ati az \u0151 egyik f\u0151 seg\u00edt\u0151je lett volna, \u00edgy val\u00f3sz\u00edn\u0171leg \u00faj szerepk\u00f6rben tetszeleghet majd, s rem\u00e9lhet\u0151leg valamennyire \u201eszabad kezet kap\u201d a csapatvezet\u00e9st\u0151l. Az pedig a hab a tort\u00e1n, hogy imm\u00e1r nem egyed\u00fcli magyark\u00e9nt indul majd, hiszen az EOLO-Komet\u00e1n\u00e1l szerepl\u0151 gyerekkori j\u00f3 bar\u00e1tja, Dina M\u00e1rton is ott lesz a torin\u00f3i rajtn\u00e1l!<strong><em>\u00a0<\/em><\/strong><\/p>\n<p><strong><em>\u201eAz ut\u00f3bbi p\u00e1r napban nem volt egyszer\u0171 magamban tartani ezt az \u00f6r\u00f6mh\u00edrt, mert Marci nekem m\u00e1r napokkal ezel\u0151tt el\u00e1rulta, hogy \u0151 is ott lesz \u2013 csak am\u00edg nem volt hivatalos, nem mondhattam el\u2026 Alig b\u00edrtam ki, hogy ne kotyogjam el! Nagyon \u00f6r\u00fcl\u00f6k neki, hogy nem egyed\u00fcli magyark\u00e9nt indulok ezen a Gir\u00f3n, hanem r\u00e1ad\u00e1sk\u00e9nt egy bar\u00e1tom, Dina Marci lesz ott velem! Nagy dolog ez mindkett\u0151nknek, hiszen nekem \u00e9desap\u00e1m volt az edz\u0151m, de \u0151 is sokat k\u00f6sz\u00f6nhet apunak.\u201d<\/em><\/strong><\/p>\n<p>Ati ugyanis Cs\u00f6m\u00f6rr\u0151l (ahogy \u0151 szokta mondani viccesen: a \u201ecs\u00f6m\u00f6ri havasokb\u00f3l\u201d) jutott el a bringasport cs\u00facs\u00e1ra, \u00e9desapja, a sokszoros magyar bajnok Valter Tibor ir\u00e1ny\u00edt\u00e1s\u00e1val, \u00e9s sok\u00e1ig cs\u00f6m\u00f6ri sz\u00ednekben versenyzett az akkor m\u00e9g els\u0151sorban ugyancsak mountain bike-ban utaz\u00f3 Dina Marci is.<\/p>\n<p>Ati azt is elmondta, mi a legnehezebb a h\u00e1rom h\u00e9ten \u00e1t tart\u00f3 non-stop teker\u00e9sben, t\u00f6bb ezer kilom\u00e9teren \u00e1t. <strong><em>\u201eItt b\u00e1rmelyik \u00f6t napot ha v\u00e9letlenszer\u0171en kiemelj\u00fck, az az \u00f6t nap nehezebb, mint egy \u00f6n\u00e1ll\u00f3 egyhetes \u2013 \u00e9s akkor m\u00e9g van el\u0151tte is egy h\u00e9t, meg ut\u00e1na is egy\u2026 A napok pedig el\u00e9g zs\u00fafoltak, folyton azon kapja mag\u00e1t az ember, hogy m\u00e1r megint a bring\u00e1n vagyok, m\u00e1r megint\u2026 Estefel\u00e9 vannak pihen\u0151sebb \u00f3r\u00e1k, de nagyon gyorsan telik az id\u0151 \u00edgy, hogy \u00e1ltal\u00e1ban n\u00e9gy-\u00f6t \u00f3r\u00e1kat teker\u00fcnk minden nap. De k\u00f6zben m\u00e9gis nagyon hossz\u00fa is: ez a h\u00e1rom h\u00e9t tavaly egy \u00e9vnek t\u0171nt\u2026 Vannak nyugodtabb \u00f3r\u00e1k, de valahogy mindig ott a stressz \u2013 egysz\u00f3val nem nagyon foghat\u00f3 semmi m\u00e1shoz.\u201d<\/em><\/strong><\/p>\n<p>Az edz\u00e9sfanatikus h\u00edr\u00e9ben \u00e1ll\u00f3 Valter sokszor m\u00e9g jobban is \u00e9lvezi a hossz\u00fa \u00f3r\u00e1kon \u00e1t tart\u00f3 teker\u00e9st \u00e9s edz\u00e9seket, mint magukat a versenyeket. Magyarorsz\u00e1gon a cs\u00f6m\u00f6ri havasokon k\u00edv\u00fcl a dobog\u00f3k\u0151i k\u00f6rny\u00e9k a kedvence, de \u00e9rthet\u0151 okokb\u00f3l sz\u00edvesen teker a M\u00e1tr\u00e1ban is \u2013 itt nyerte meg tavaly eml\u00e9kezetes m\u00f3don a Tour de Hongrie-t a z\u00e1r\u00f3 szakaszon. <strong><em>\u201eMinden egyes alkalommal, amikor abban a kanyarban tekerek, az jut eszembe, hogy b\u00e1rcsak \u00fajra \u00e1t\u00e9lhetn\u00e9m! Rengetegszer visszan\u00e9ztem a felv\u00e9teleket, mindig libab\u0151r\u00f6s leszek t\u0151le. B\u00edzom benne, hogy visszat\u00e9rhetek ide \u2013 m\u00e1r csak az\u00e9rt is, mert amilyen \u00fctemben fejl\u0151dik a Tour de Hongrie, lassan m\u00e1r egy Groupama-FDJ-nek is k\u00f6telez\u0151 program lesz\u2026\u201d<\/em><\/strong><strong><em>\u00a0<\/em><\/strong><\/p>\n<p>B\u00e1r id\u00e9n Valter nem indul a Tour de Hongrie-n, a Giro-n nagy sz\u00fcks\u00e9ge lesz a szurkol\u00f3ira! K\u00e9nytelenek lesz\u00fcnk megosztani a figyelm\u00fcnket a k\u00e9t verseny k\u00f6z\u00f6tt!\u00a0Hajr\u00e1 Ati!<\/p>\n<p>Szerz\u0151: <em>Koh\u00e1n Gergely<\/em><\/p>\n","protected":false},"excerpt":{"rendered":"<p>A m\u00e1jus 12-\u00e9n rajtol\u00f3 Tour de Hongrie-t felvezet\u0151 sorozatunk harmadik ad\u00e1s\u00e1ban a c\u00edmv\u00e9d\u0151 hazai k\u00f6z\u00f6ns\u00e9gkedvenccel, Valter Attil\u00e1val besz\u00e9lgett\u00fcnk. Az FDJ [&hellip;]<\/p>\n","protected":false},"author":71,"featured_media":11315,"comment_status":"open","ping_status":"open","sticky":false,"template":"","format":"video","meta":{"footnotes":""},"categories":[462],"tags":[],"global-categories":[419],"class_list":["post-11318","post","type-post","status-publish","format-video","has-post-thumbnail","hentry","category-tour-de-hongrie","post_format-post-format-video","global-categories-cycling"],"yoast_head":"<!-- This site is optimized with the Yoast SEO Premium plugin v25.3 (Yoast SEO v25.9) - https:\/\/yoast.com\/wordpress\/plugins\/seo\/ -->\n<title>Valter Attila \u2013 a K\u00e9kestet\u0151 ura, a cs\u00f6m\u00f6ri Giro-h\u0151s<\/title>\n<meta name=\"description\" content=\"A m\u00e1jus 12-\u00e9n rajtol\u00f3 Tour de Hongrie-t felvezet\u0151 sorozatunk harmadik ad\u00e1s\u00e1ban a c\u00edmv\u00e9d\u0151 hazai k\u00f6z\u00f6ns\u00e9gkedvenccel, Valter Attil\u00e1val besz\u00e9lgett\u00fcnk. Az FDJ bring\u00e1sa id\u00e9n m\u00e1r m\u00e1sodmag\u00e1val k\u00e9pviseli majd a magyar sz\u00edneket a vil\u00e1g egyik legnagyobb verseny\u00e9n, a Giro d\u2019Itali\u00e1n.\" \/>\n<meta name=\"robots\" content=\"index, follow, max-snippet:-1, max-image-preview:large, max-video-preview:-1\" \/>\n<link rel=\"canonical\" href=\"https:\/\/www.welovecycling.com\/hu\/tour-de-hongrie\/valter-attila-a-kekesteto-ura-a-csomori-giro-hos\/\" \/>\n<meta property=\"og:locale\" content=\"hu_HU\" \/>\n<meta property=\"og:type\" content=\"article\" \/>\n<meta property=\"og:title\" content=\"Valter Attila \u2013 a K\u00e9kestet\u0151 ura, a cs\u00f6m\u00f6ri Giro-h\u0151s\" \/>\n<meta property=\"og:description\" content=\"A m\u00e1jus 12-\u00e9n rajtol\u00f3 Tour de Hongrie-t felvezet\u0151 sorozatunk harmadik ad\u00e1s\u00e1ban a c\u00edmv\u00e9d\u0151 hazai k\u00f6z\u00f6ns\u00e9gkedvenccel, Valter Attil\u00e1val besz\u00e9lgett\u00fcnk. Az FDJ bring\u00e1sa id\u00e9n m\u00e1r m\u00e1sodmag\u00e1val k\u00e9pviseli majd a magyar sz\u00edneket a vil\u00e1g egyik legnagyobb verseny\u00e9n, a Giro d\u2019Itali\u00e1n.\" \/>\n<meta property=\"og:url\" content=\"https:\/\/www.welovecycling.com\/hu\/tour-de-hongrie\/valter-attila-a-kekesteto-ura-a-csomori-giro-hos\/\" \/>\n<meta property=\"og:site_name\" content=\"\u0160koda We Love Cycling - Magyarorsz\u00e1g\" \/>\n<meta property=\"article:publisher\" content=\"https:\/\/www.facebook.com\/WeLoveCyclingHungary\/\" \/>\n<meta property=\"article:published_time\" content=\"2021-05-06T13:08:09+00:00\" \/>\n<meta property=\"article:modified_time\" content=\"2021-05-06T13:14:44+00:00\" \/>\n<meta property=\"og:image\" content=\"https:\/\/d2p6e6u75xmxt8.cloudfront.net\/12\/2021\/05\/WL007_elo_interju_valter_attila_v03-min.png\" \/>\n\t<meta property=\"og:image:width\" content=\"1920\" \/>\n\t<meta property=\"og:image:height\" content=\"1080\" \/>\n\t<meta property=\"og:image:type\" content=\"image\/png\" \/>\n<meta name=\"author\" content=\"hegyizs\" \/>\n<meta name=\"twitter:card\" content=\"summary_large_image\" \/>\n<meta name=\"twitter:label1\" content=\"Written by\" \/>\n\t<meta name=\"twitter:data1\" content=\"WLC\" \/>\n\t<meta name=\"twitter:label2\" content=\"Est. reading time\" \/>\n\t<meta name=\"twitter:data2\" content=\"4 minutes\" \/>\n<script type=\"application\/ld+json\" class=\"yoast-schema-graph\">{\"@context\":\"https:\/\/schema.org\",\"@graph\":[{\"@type\":\"WebPage\",\"@id\":\"https:\/\/www.welovecycling.com\/hu\/tour-de-hongrie\/valter-attila-a-kekesteto-ura-a-csomori-giro-hos\/\",\"url\":\"https:\/\/www.welovecycling.com\/hu\/tour-de-hongrie\/valter-attila-a-kekesteto-ura-a-csomori-giro-hos\/\",\"name\":\"Valter Attila \u2013 a K\u00e9kestet\u0151 ura, a cs\u00f6m\u00f6ri Giro-h\u0151s\",\"isPartOf\":{\"@id\":\"https:\/\/www.welovecycling.com\/hu\/#website\"},\"primaryImageOfPage\":{\"@id\":\"https:\/\/www.welovecycling.com\/hu\/tour-de-hongrie\/valter-attila-a-kekesteto-ura-a-csomori-giro-hos\/#primaryimage\"},\"image\":{\"@id\":\"https:\/\/www.welovecycling.com\/hu\/tour-de-hongrie\/valter-attila-a-kekesteto-ura-a-csomori-giro-hos\/#primaryimage\"},\"thumbnailUrl\":\"https:\/\/d2p6e6u75xmxt8.cloudfront.net\/12\/2021\/05\/WL007_elo_interju_valter_attila_v03-min.png\",\"datePublished\":\"2021-05-06T13:08:09+00:00\",\"dateModified\":\"2021-05-06T13:14:44+00:00\",\"author\":{\"@id\":\"https:\/\/www.welovecycling.com\/hu\/#\/schema\/person\/414a2aebf1801691a5320edb6468e194\"},\"description\":\"A m\u00e1jus 12-\u00e9n rajtol\u00f3 Tour de Hongrie-t felvezet\u0151 sorozatunk harmadik ad\u00e1s\u00e1ban a c\u00edmv\u00e9d\u0151 hazai k\u00f6z\u00f6ns\u00e9gkedvenccel, Valter Attil\u00e1val besz\u00e9lgett\u00fcnk. Az FDJ bring\u00e1sa id\u00e9n m\u00e1r m\u00e1sodmag\u00e1val k\u00e9pviseli majd a magyar sz\u00edneket a vil\u00e1g egyik legnagyobb verseny\u00e9n, a Giro d\u2019Itali\u00e1n.\",\"breadcrumb\":{\"@id\":\"https:\/\/www.welovecycling.com\/hu\/tour-de-hongrie\/valter-attila-a-kekesteto-ura-a-csomori-giro-hos\/#breadcrumb\"},\"inLanguage\":\"hu\",\"potentialAction\":[{\"@type\":\"ReadAction\",\"target\":[\"https:\/\/www.welovecycling.com\/hu\/tour-de-hongrie\/valter-attila-a-kekesteto-ura-a-csomori-giro-hos\/\"]}]},{\"@type\":\"ImageObject\",\"inLanguage\":\"hu\",\"@id\":\"https:\/\/www.welovecycling.com\/hu\/tour-de-hongrie\/valter-attila-a-kekesteto-ura-a-csomori-giro-hos\/#primaryimage\",\"url\":\"https:\/\/d2p6e6u75xmxt8.cloudfront.net\/12\/2021\/05\/WL007_elo_interju_valter_attila_v03-min.png\",\"contentUrl\":\"https:\/\/d2p6e6u75xmxt8.cloudfront.net\/12\/2021\/05\/WL007_elo_interju_valter_attila_v03-min.png\",\"width\":1920,\"height\":1080},{\"@type\":\"BreadcrumbList\",\"@id\":\"https:\/\/www.welovecycling.com\/hu\/tour-de-hongrie\/valter-attila-a-kekesteto-ura-a-csomori-giro-hos\/#breadcrumb\",\"itemListElement\":[{\"@type\":\"ListItem\",\"position\":1,\"name\":\"Home\",\"item\":\"https:\/\/www.welovecycling.com\/hu\/\"},{\"@type\":\"ListItem\",\"position\":2,\"name\":\"Valter Attila \u2013 a K\u00e9kestet\u0151 ura, a cs\u00f6m\u00f6ri Giro-h\u0151s\"}]},{\"@type\":\"WebSite\",\"@id\":\"https:\/\/www.welovecycling.com\/hu\/#website\",\"url\":\"https:\/\/www.welovecycling.com\/hu\/\",\"name\":\"\u0160koda We Love Cycling - Magyarorsz\u00e1g\",\"description\":\"\u0160koda WeLoveCycling\",\"potentialAction\":[{\"@type\":\"SearchAction\",\"target\":{\"@type\":\"EntryPoint\",\"urlTemplate\":\"https:\/\/www.welovecycling.com\/hu\/?s={search_term_string}\"},\"query-input\":{\"@type\":\"PropertyValueSpecification\",\"valueRequired\":true,\"valueName\":\"search_term_string\"}}],\"inLanguage\":\"hu\"},{\"@type\":\"Person\",\"@id\":\"https:\/\/www.welovecycling.com\/hu\/#\/schema\/person\/414a2aebf1801691a5320edb6468e194\",\"name\":\"hegyizs\",\"image\":{\"@type\":\"ImageObject\",\"inLanguage\":\"hu\",\"@id\":\"https:\/\/www.welovecycling.com\/hu\/#\/schema\/person\/image\/\",\"url\":\"https:\/\/secure.gravatar.com\/avatar\/02cf8a7906b8cf90cecb4679defac7cfd33a1c2e3b88e4903d947f3bb58eedd3?s=96&d=mm&r=g\",\"contentUrl\":\"https:\/\/secure.gravatar.com\/avatar\/02cf8a7906b8cf90cecb4679defac7cfd33a1c2e3b88e4903d947f3bb58eedd3?s=96&d=mm&r=g\",\"caption\":\"hegyizs\"},\"url\":\"https:\/\/www.welovecycling.com\/hu\/author\/hegyizs\/\"}]}<\/script>\n<!-- \/ Yoast SEO Premium plugin. -->","yoast_head_json":{"title":"Valter Attila \u2013 a K\u00e9kestet\u0151 ura, a cs\u00f6m\u00f6ri Giro-h\u0151s","description":"A m\u00e1jus 12-\u00e9n rajtol\u00f3 Tour de Hongrie-t felvezet\u0151 sorozatunk harmadik ad\u00e1s\u00e1ban a c\u00edmv\u00e9d\u0151 hazai k\u00f6z\u00f6ns\u00e9gkedvenccel, Valter Attil\u00e1val besz\u00e9lgett\u00fcnk. Az FDJ bring\u00e1sa id\u00e9n m\u00e1r m\u00e1sodmag\u00e1val k\u00e9pviseli majd a magyar sz\u00edneket a vil\u00e1g egyik legnagyobb verseny\u00e9n, a Giro d\u2019Itali\u00e1n.","robots":{"index":"index","follow":"follow","max-snippet":"max-snippet:-1","max-image-preview":"max-image-preview:large","max-video-preview":"max-video-preview:-1"},"canonical":"https:\/\/www.welovecycling.com\/hu\/tour-de-hongrie\/valter-attila-a-kekesteto-ura-a-csomori-giro-hos\/","og_locale":"hu_HU","og_type":"article","og_title":"Valter Attila \u2013 a K\u00e9kestet\u0151 ura, a cs\u00f6m\u00f6ri Giro-h\u0151s","og_description":"A m\u00e1jus 12-\u00e9n rajtol\u00f3 Tour de Hongrie-t felvezet\u0151 sorozatunk harmadik ad\u00e1s\u00e1ban a c\u00edmv\u00e9d\u0151 hazai k\u00f6z\u00f6ns\u00e9gkedvenccel, Valter Attil\u00e1val besz\u00e9lgett\u00fcnk. Az FDJ bring\u00e1sa id\u00e9n m\u00e1r m\u00e1sodmag\u00e1val k\u00e9pviseli majd a magyar sz\u00edneket a vil\u00e1g egyik legnagyobb verseny\u00e9n, a Giro d\u2019Itali\u00e1n.","og_url":"https:\/\/www.welovecycling.com\/hu\/tour-de-hongrie\/valter-attila-a-kekesteto-ura-a-csomori-giro-hos\/","og_site_name":"\u0160koda We Love Cycling - Magyarorsz\u00e1g","article_publisher":"https:\/\/www.facebook.com\/WeLoveCyclingHungary\/","article_published_time":"2021-05-06T13:08:09+00:00","article_modified_time":"2021-05-06T13:14:44+00:00","og_image":[{"width":1920,"height":1080,"url":"https:\/\/d2p6e6u75xmxt8.cloudfront.net\/12\/2021\/05\/WL007_elo_interju_valter_attila_v03-min.png","type":"image\/png"}],"author":"hegyizs","twitter_card":"summary_large_image","twitter_misc":{"Written by":"WLC","Est. reading time":"4 minutes"},"schema":{"@context":"https:\/\/schema.org","@graph":[{"@type":"WebPage","@id":"https:\/\/www.welovecycling.com\/hu\/tour-de-hongrie\/valter-attila-a-kekesteto-ura-a-csomori-giro-hos\/","url":"https:\/\/www.welovecycling.com\/hu\/tour-de-hongrie\/valter-attila-a-kekesteto-ura-a-csomori-giro-hos\/","name":"Valter Attila \u2013 a K\u00e9kestet\u0151 ura, a cs\u00f6m\u00f6ri Giro-h\u0151s","isPartOf":{"@id":"https:\/\/www.welovecycling.com\/hu\/#website"},"primaryImageOfPage":{"@id":"https:\/\/www.welovecycling.com\/hu\/tour-de-hongrie\/valter-attila-a-kekesteto-ura-a-csomori-giro-hos\/#primaryimage"},"image":{"@id":"https:\/\/www.welovecycling.com\/hu\/tour-de-hongrie\/valter-attila-a-kekesteto-ura-a-csomori-giro-hos\/#primaryimage"},"thumbnailUrl":"https:\/\/d2p6e6u75xmxt8.cloudfront.net\/12\/2021\/05\/WL007_elo_interju_valter_attila_v03-min.png","datePublished":"2021-05-06T13:08:09+00:00","dateModified":"2021-05-06T13:14:44+00:00","author":{"@id":"https:\/\/www.welovecycling.com\/hu\/#\/schema\/person\/414a2aebf1801691a5320edb6468e194"},"description":"A m\u00e1jus 12-\u00e9n rajtol\u00f3 Tour de Hongrie-t felvezet\u0151 sorozatunk harmadik ad\u00e1s\u00e1ban a c\u00edmv\u00e9d\u0151 hazai k\u00f6z\u00f6ns\u00e9gkedvenccel, Valter Attil\u00e1val besz\u00e9lgett\u00fcnk. Az FDJ bring\u00e1sa id\u00e9n m\u00e1r m\u00e1sodmag\u00e1val k\u00e9pviseli majd a magyar sz\u00edneket a vil\u00e1g egyik legnagyobb verseny\u00e9n, a Giro d\u2019Itali\u00e1n.","breadcrumb":{"@id":"https:\/\/www.welovecycling.com\/hu\/tour-de-hongrie\/valter-attila-a-kekesteto-ura-a-csomori-giro-hos\/#breadcrumb"},"inLanguage":"hu","potentialAction":[{"@type":"ReadAction","target":["https:\/\/www.welovecycling.com\/hu\/tour-de-hongrie\/valter-attila-a-kekesteto-ura-a-csomori-giro-hos\/"]}]},{"@type":"ImageObject","inLanguage":"hu","@id":"https:\/\/www.welovecycling.com\/hu\/tour-de-hongrie\/valter-attila-a-kekesteto-ura-a-csomori-giro-hos\/#primaryimage","url":"https:\/\/d2p6e6u75xmxt8.cloudfront.net\/12\/2021\/05\/WL007_elo_interju_valter_attila_v03-min.png","contentUrl":"https:\/\/d2p6e6u75xmxt8.cloudfront.net\/12\/2021\/05\/WL007_elo_interju_valter_attila_v03-min.png","width":1920,"height":1080},{"@type":"BreadcrumbList","@id":"https:\/\/www.welovecycling.com\/hu\/tour-de-hongrie\/valter-attila-a-kekesteto-ura-a-csomori-giro-hos\/#breadcrumb","itemListElement":[{"@type":"ListItem","position":1,"name":"Home","item":"https:\/\/www.welovecycling.com\/hu\/"},{"@type":"ListItem","position":2,"name":"Valter Attila \u2013 a K\u00e9kestet\u0151 ura, a cs\u00f6m\u00f6ri Giro-h\u0151s"}]},{"@type":"WebSite","@id":"https:\/\/www.welovecycling.com\/hu\/#website","url":"https:\/\/www.welovecycling.com\/hu\/","name":"\u0160koda We Love Cycling - Magyarorsz\u00e1g","description":"\u0160koda WeLoveCycling","potentialAction":[{"@type":"SearchAction","target":{"@type":"EntryPoint","urlTemplate":"https:\/\/www.welovecycling.com\/hu\/?s={search_term_string}"},"query-input":{"@type":"PropertyValueSpecification","valueRequired":true,"valueName":"search_term_string"}}],"inLanguage":"hu"},{"@type":"Person","@id":"https:\/\/www.welovecycling.com\/hu\/#\/schema\/person\/414a2aebf1801691a5320edb6468e194","name":"hegyizs","image":{"@type":"ImageObject","inLanguage":"hu","@id":"https:\/\/www.welovecycling.com\/hu\/#\/schema\/person\/image\/","url":"https:\/\/secure.gravatar.com\/avatar\/02cf8a7906b8cf90cecb4679defac7cfd33a1c2e3b88e4903d947f3bb58eedd3?s=96&d=mm&r=g","contentUrl":"https:\/\/secure.gravatar.com\/avatar\/02cf8a7906b8cf90cecb4679defac7cfd33a1c2e3b88e4903d947f3bb58eedd3?s=96&d=mm&r=g","caption":"hegyizs"},"url":"https:\/\/www.welovecycling.com\/hu\/author\/hegyizs\/"}]}},"_links":{"self":[{"href":"https:\/\/www.welovecycling.com\/hu\/wp-json\/wp\/v2\/posts\/11318","targetHints":{"allow":["GET"]}}],"collection":[{"href":"https:\/\/www.welovecycling.com\/hu\/wp-json\/wp\/v2\/posts"}],"about":[{"href":"https:\/\/www.welovecycling.com\/hu\/wp-json\/wp\/v2\/types\/post"}],"author":[{"embeddable":true,"href":"https:\/\/www.welovecycling.com\/hu\/wp-json\/wp\/v2\/users\/71"}],"replies":[{"embeddable":true,"href":"https:\/\/www.welovecycling.com\/hu\/wp-json\/wp\/v2\/comments?post=11318"}],"version-history":[{"count":2,"href":"https:\/\/www.welovecycling.com\/hu\/wp-json\/wp\/v2\/posts\/11318\/revisions"}],"predecessor-version":[{"id":11323,"href":"https:\/\/www.welovecycling.com\/hu\/wp-json\/wp\/v2\/posts\/11318\/revisions\/11323"}],"wp:featuredmedia":[{"embeddable":true,"href":"https:\/\/www.welovecycling.com\/hu\/wp-json\/wp\/v2\/media\/11315"}],"wp:attachment":[{"href":"https:\/\/www.welovecycling.com\/hu\/wp-json\/wp\/v2\/media?parent=11318"}],"wp:term":[{"taxonomy":"category","embeddable":true,"href":"https:\/\/www.welovecycling.com\/hu\/wp-json\/wp\/v2\/categories?post=11318"},{"taxonomy":"post_tag","embeddable":true,"href":"https:\/\/www.welovecycling.com\/hu\/wp-json\/wp\/v2\/tags?post=11318"},{"taxonomy":"global-categories","embeddable":true,"href":"https:\/\/www.welovecycling.com\/hu\/wp-json\/wp\/v2\/global-categories?post=11318"}],"curies":[{"name":"wp","href":"https:\/\/api.w.org\/{rel}","templated":true}]}}