{"id":11316,"date":"2021-05-06T14:06:30","date_gmt":"2021-05-06T13:06:30","guid":{"rendered":"https:\/\/www.welovecycling.com\/hu\/?p=11316"},"modified":"2021-05-06T14:14:22","modified_gmt":"2021-05-06T13:14:22","slug":"szilasi-laszlo-a-fontos-dontesek-felelose","status":"publish","type":"post","link":"https:\/\/www.welovecycling.com\/hu\/tour-de-hongrie\/szilasi-laszlo-a-fontos-dontesek-felelose\/","title":{"rendered":"Szilasi L\u00e1szl\u00f3 \u2013 a fontos d\u00f6nt\u00e9sek felel\u0151se"},"content":{"rendered":"<p><strong>A m\u00e1jus 12-\u00e9n rajtol\u00f3 Tour de Hongrie hazai f\u0151szerepl\u0151it bemutat\u00f3 sorozatunk m\u00e1sodik ad\u00e1s\u00e1ban a Magyar k\u00f6r egyik \u201emindenes\u00e9vel\u201d, a versenyigazgat\u00f3 Szilasi L\u00e1szl\u00f3val besz\u00e9lgett\u00fcnk izgalmas feladatair\u00f3l, a vil\u00e1gszerte milli\u00f3s n\u00e9zetts\u00e9gr\u0151l \u00e9s m\u00e9g sok egy\u00e9b \u00e9rdekess\u00e9gr\u0151l.<\/strong><!--more--><\/p>\n<p>Szilasi L\u00e1szl\u00f3 neve sok-sok t\u00e9ren \u00f6sszeforrt a hazai bring\u00e1s\u00e9lettel, mi most a Tour de Hongrie-ra k\u00e9sz\u00fclv\u00e9n els\u0151sorban a viadal versenyigazgat\u00f3i min\u0151s\u00e9g\u00e9ben k\u00e9rdezt\u00fck.<\/p>\n<p>A szakember elmes\u00e9lte, annak idej\u00e9n Eisenkrammer K\u00e1roly f\u0151szervez\u0151 r\u00e9v\u00e9n ismerkedett meg k\u00f6zelebbr\u0151l a ker\u00e9kp\u00e1rsport ezen ter\u00fclet\u00e9vel, majd r\u00e9szletesebben besz\u00e9lt szerte\u00e1gaz\u00f3, rengeteg tennival\u00f3val \u00e9s felel\u0151ss\u00e9ggel j\u00e1r\u00f3 feladatair\u00f3l. <strong><em>\u201eKicsit m\u00e1st jelent, mint ami az embereknek \u00e1ltal\u00e1ban az igazgat\u00f3 sz\u00f3r\u00f3l esz\u00e9be jut. \u00c9n csak \u00e9s kiz\u00e1r\u00f3lag a sportszakmai k\u00e9rd\u00e9sekkel foglalkozom, azaz nem hozok p\u00e9nz\u00fcgyi d\u00f6nt\u00e9seket, nem veszek fel vagy k\u00fcld\u00f6k el alkalmazottakat adott esetben. A legfontosabb feladatom a csapatokkal val\u00f3 kommunik\u00e1ci\u00f3, az \u0151 megh\u00edv\u00e1suk a versenyre, illetve az \u00fatvonal sportszakmai aspektusai: hogy a rajtt\u00f3l a c\u00e9lkapuig minden a nemzetk\u00f6zi sz\u00f6vets\u00e9g el\u0151\u00edr\u00e1sai szerint t\u00f6rt\u00e9njen. Nekem teh\u00e1t a versenykarav\u00e1nt kell ir\u00e1ny\u00edtanom, \u00e9s d\u00f6nt\u00e9seket hoznom, adott esetben azonnal: p\u00e9ld\u00e1ul a versenyigazgat\u00f3 d\u00f6nt arr\u00f3l, hogy amikor a szakasz k\u00f6zben egy nem v\u00e1rt esem\u00e9ny \u2013 mondjuk, hirtelen havaz\u00e1s \u2013 k\u00f6vetkezik be, akkor meg kell-e \u00e1ll\u00edtani a versenyt, vagy sem.\u201d<\/em><\/strong><strong><em>\u00a0<\/em><\/strong><\/p>\n<p>Szilasi L\u00e1szl\u00f3 hozz\u00e1tette, rengeteg, de \u00f6r\u00f6mteli pluszmunk\u00e1val j\u00e1r a Tour de Hongrie folyamatos szintl\u00e9p\u00e9se; hogy az id\u00e9n m\u00e1r majdnem a mez\u0151ny fele, sz\u00e1m szerint a 22 csapatb\u00f3l nyolc ist\u00e1ll\u00f3 egyenesen a vil\u00e1gelitnek sz\u00e1m\u00edt\u00f3 legmagasabb, world tour szintr\u0151l \u00e9rkezik hozz\u00e1nk. Ez term\u00e9szetesen minden szempontb\u00f3l, l\u00e1tv\u00e1ny\u00e1ban, szakmailag \u00e9s turisztikailag is jelent\u0151sen n\u00f6veli a verseny \u00e9rt\u00e9k\u00e9t.<\/p>\n<p><strong><em>\u201eTudatos \u00e9p\u00edtkez\u00e9s folyik, \u00e9s szerencs\u00e9re azt l\u00e1tjuk, hogy sikeresen: a csapatok szeretnek idej\u00f6nni, \u00e9s nagyon j\u00f3 visszajelz\u00e9s a verseny ut\u00e1n ilyen nagy ist\u00e1ll\u00f3kt\u00f3l azt hallani, hogy mindennel el\u00e9gedettek voltak. Van egy nagyon fontos strat\u00e9giai partner\u00fcnk a francia ASO szem\u00e9ly\u00e9ben \u2013 amely olyan \u00bbkisebb\u00ab esem\u00e9nyeket szervez vil\u00e1gszerte, mint a Tour de France, vagy a P\u00e1rizs\u2013Dakar \u2013, \u0151k m\u00e9diadisztrib\u00faci\u00f3val is foglalkoznak, vagyis m\u00e1s esem\u00e9nyek k\u00e9panyag\u00e1t adj\u00e1k el, tov\u00e1bb\u00edtj\u00e1k sz\u00e9lesebb k\u00f6rben. Nekik k\u00f6sz\u00f6nhet\u0151en \u00e9vek \u00f3ta milli\u00f3s nagys\u00e1grendben k\u00f6vethetik a Magyar k\u00f6rversenyt vil\u00e1gszerte: id\u00e9n p\u00e9ld\u00e1ul sz\u00e1z\u00f6tven orsz\u00e1gban lesz\u00fcnk ott vagy \u00e9l\u0151 ad\u00e1s, vagy hosszabb-r\u00f6videbb \u00f6sszefoglal\u00f3 form\u00e1j\u00e1ban. \u00c9n mindig elmondom: a ker\u00e9kp\u00e1rverseny egy turisztikai esem\u00e9ny, az orsz\u00e1goknak az\u00e9rt \u00e9ri meg ebbe sok p\u00e9nzt belerakni, mert \u00edgy megmutathatj\u00e1k a vil\u00e1gnak az adott orsz\u00e1g sz\u00e9ps\u00e9geit.\u201d<\/em><\/strong><strong><em>\u00a0<\/em><\/strong><\/p>\n<p>A versenyigazgat\u00f3 el\u00e1rulta, nem volt egyszer\u0171 dolga a szervez\u0151bizotts\u00e1gnak, hiszen tavaly augusztus v\u00e9g\u00e9re ker\u00fclt a TdH a vil\u00e1gj\u00e1rv\u00e1ny miatt, most viszont m\u00e1jus 12-\u00e9n rajtol majd, teh\u00e1t id\u00e9n h\u00e1rom h\u00f3nappal kevesebb id\u0151 \u00e1llt rendelkez\u00e9sre \u2013 \u00e9s nyilv\u00e1n a Covid-helyzet sem k\u00f6nny\u00edtette meg a dolgukat. Egy h\u00e9ttel a rajt el\u0151tt m\u00e9gis remek\u00fcl \u00e1llnak a dolgok, stabil a helyzet, a szervez\u0151k is nagyon v\u00e1rj\u00e1k m\u00e1r a versenyt \u2013 melyen rem\u00e9nyeik szerint a magyar versenyz\u0151k, p\u00e9ld\u00e1ul a Dina M\u00e1rton Giro-indul\u00e1s\u00e1nak bejelent\u00e9se ut\u00e1n Kometa-vez\u00e9rr\u00e9 el\u0151l\u00e9p\u0151 Fetter Erik is nagyot dobbanthatnak majd!<\/p>\n<p>Szerz\u0151: <em>Koh\u00e1n Gergely<\/em><\/p>\n","protected":false},"excerpt":{"rendered":"<p>A m\u00e1jus 12-\u00e9n rajtol\u00f3 Tour de Hongrie hazai f\u0151szerepl\u0151it bemutat\u00f3 sorozatunk m\u00e1sodik ad\u00e1s\u00e1ban a Magyar k\u00f6r egyik \u201emindenes\u00e9vel\u201d, a versenyigazgat\u00f3 [&hellip;]<\/p>\n","protected":false},"author":71,"featured_media":11314,"comment_status":"open","ping_status":"open","sticky":false,"template":"","format":"video","meta":{"footnotes":""},"categories":[462],"tags":[],"global-categories":[419],"class_list":["post-11316","post","type-post","status-publish","format-video","has-post-thumbnail","hentry","category-tour-de-hongrie","post_format-post-format-video","global-categories-cycling"],"yoast_head":"<!-- This site is optimized with the Yoast SEO Premium plugin v25.3 (Yoast SEO v25.9) - https:\/\/yoast.com\/wordpress\/plugins\/seo\/ -->\n<title>Szilasi L\u00e1szl\u00f3 \u2013 a fontos d\u00f6nt\u00e9sek felel\u0151se<\/title>\n<meta name=\"description\" content=\"A m\u00e1jus 12-\u00e9n rajtol\u00f3 Tour de Hongrie hazai f\u0151szerepl\u0151it bemutat\u00f3 sorozatunk m\u00e1sodik ad\u00e1s\u00e1ban a Magyar k\u00f6r egyik \u201emindenes\u00e9vel\u201d, a versenyigazgat\u00f3 Szilasi L\u00e1szl\u00f3val besz\u00e9lgett\u00fcnk izgalmas feladatair\u00f3l, a vil\u00e1gszerte milli\u00f3s n\u00e9zetts\u00e9gr\u0151l \u00e9s m\u00e9g sok egy\u00e9b \u00e9rdekess\u00e9gr\u0151l.\" \/>\n<meta name=\"robots\" content=\"index, follow, max-snippet:-1, max-image-preview:large, max-video-preview:-1\" \/>\n<link rel=\"canonical\" href=\"https:\/\/www.welovecycling.com\/hu\/tour-de-hongrie\/szilasi-laszlo-a-fontos-dontesek-felelose\/\" \/>\n<meta property=\"og:locale\" content=\"hu_HU\" \/>\n<meta property=\"og:type\" content=\"article\" \/>\n<meta property=\"og:title\" content=\"Szilasi L\u00e1szl\u00f3 \u2013 a fontos d\u00f6nt\u00e9sek felel\u0151se\" \/>\n<meta property=\"og:description\" content=\"A m\u00e1jus 12-\u00e9n rajtol\u00f3 Tour de Hongrie hazai f\u0151szerepl\u0151it bemutat\u00f3 sorozatunk m\u00e1sodik ad\u00e1s\u00e1ban a Magyar k\u00f6r egyik \u201emindenes\u00e9vel\u201d, a versenyigazgat\u00f3 Szilasi L\u00e1szl\u00f3val besz\u00e9lgett\u00fcnk izgalmas feladatair\u00f3l, a vil\u00e1gszerte milli\u00f3s n\u00e9zetts\u00e9gr\u0151l \u00e9s m\u00e9g sok egy\u00e9b \u00e9rdekess\u00e9gr\u0151l.\" \/>\n<meta property=\"og:url\" content=\"https:\/\/www.welovecycling.com\/hu\/tour-de-hongrie\/szilasi-laszlo-a-fontos-dontesek-felelose\/\" \/>\n<meta property=\"og:site_name\" content=\"\u0160koda We Love Cycling - Magyarorsz\u00e1g\" \/>\n<meta property=\"article:publisher\" content=\"https:\/\/www.facebook.com\/WeLoveCyclingHungary\/\" \/>\n<meta property=\"article:published_time\" content=\"2021-05-06T13:06:30+00:00\" \/>\n<meta property=\"article:modified_time\" content=\"2021-05-06T13:14:22+00:00\" \/>\n<meta property=\"og:image\" content=\"https:\/\/d2p6e6u75xmxt8.cloudfront.net\/12\/2021\/05\/WL007_elo_interju_szilasi_laszlo_youtube_thumbnail1-min.png\" \/>\n\t<meta property=\"og:image:width\" content=\"1920\" \/>\n\t<meta property=\"og:image:height\" content=\"1080\" \/>\n\t<meta property=\"og:image:type\" content=\"image\/png\" \/>\n<meta name=\"author\" content=\"hegyizs\" \/>\n<meta name=\"twitter:card\" content=\"summary_large_image\" \/>\n<meta name=\"twitter:label1\" content=\"Written by\" \/>\n\t<meta name=\"twitter:data1\" content=\"WLC\" \/>\n\t<meta name=\"twitter:label2\" content=\"Est. reading time\" \/>\n\t<meta name=\"twitter:data2\" content=\"3 minutes\" \/>\n<script type=\"application\/ld+json\" class=\"yoast-schema-graph\">{\"@context\":\"https:\/\/schema.org\",\"@graph\":[{\"@type\":\"WebPage\",\"@id\":\"https:\/\/www.welovecycling.com\/hu\/tour-de-hongrie\/szilasi-laszlo-a-fontos-dontesek-felelose\/\",\"url\":\"https:\/\/www.welovecycling.com\/hu\/tour-de-hongrie\/szilasi-laszlo-a-fontos-dontesek-felelose\/\",\"name\":\"Szilasi L\u00e1szl\u00f3 \u2013 a fontos d\u00f6nt\u00e9sek felel\u0151se\",\"isPartOf\":{\"@id\":\"https:\/\/www.welovecycling.com\/hu\/#website\"},\"primaryImageOfPage\":{\"@id\":\"https:\/\/www.welovecycling.com\/hu\/tour-de-hongrie\/szilasi-laszlo-a-fontos-dontesek-felelose\/#primaryimage\"},\"image\":{\"@id\":\"https:\/\/www.welovecycling.com\/hu\/tour-de-hongrie\/szilasi-laszlo-a-fontos-dontesek-felelose\/#primaryimage\"},\"thumbnailUrl\":\"https:\/\/d2p6e6u75xmxt8.cloudfront.net\/12\/2021\/05\/WL007_elo_interju_szilasi_laszlo_youtube_thumbnail1-min.png\",\"datePublished\":\"2021-05-06T13:06:30+00:00\",\"dateModified\":\"2021-05-06T13:14:22+00:00\",\"author\":{\"@id\":\"https:\/\/www.welovecycling.com\/hu\/#\/schema\/person\/414a2aebf1801691a5320edb6468e194\"},\"description\":\"A m\u00e1jus 12-\u00e9n rajtol\u00f3 Tour de Hongrie hazai f\u0151szerepl\u0151it bemutat\u00f3 sorozatunk m\u00e1sodik ad\u00e1s\u00e1ban a Magyar k\u00f6r egyik \u201emindenes\u00e9vel\u201d, a versenyigazgat\u00f3 Szilasi L\u00e1szl\u00f3val besz\u00e9lgett\u00fcnk izgalmas feladatair\u00f3l, a vil\u00e1gszerte milli\u00f3s n\u00e9zetts\u00e9gr\u0151l \u00e9s m\u00e9g sok egy\u00e9b \u00e9rdekess\u00e9gr\u0151l.\",\"breadcrumb\":{\"@id\":\"https:\/\/www.welovecycling.com\/hu\/tour-de-hongrie\/szilasi-laszlo-a-fontos-dontesek-felelose\/#breadcrumb\"},\"inLanguage\":\"hu\",\"potentialAction\":[{\"@type\":\"ReadAction\",\"target\":[\"https:\/\/www.welovecycling.com\/hu\/tour-de-hongrie\/szilasi-laszlo-a-fontos-dontesek-felelose\/\"]}]},{\"@type\":\"ImageObject\",\"inLanguage\":\"hu\",\"@id\":\"https:\/\/www.welovecycling.com\/hu\/tour-de-hongrie\/szilasi-laszlo-a-fontos-dontesek-felelose\/#primaryimage\",\"url\":\"https:\/\/d2p6e6u75xmxt8.cloudfront.net\/12\/2021\/05\/WL007_elo_interju_szilasi_laszlo_youtube_thumbnail1-min.png\",\"contentUrl\":\"https:\/\/d2p6e6u75xmxt8.cloudfront.net\/12\/2021\/05\/WL007_elo_interju_szilasi_laszlo_youtube_thumbnail1-min.png\",\"width\":1920,\"height\":1080},{\"@type\":\"BreadcrumbList\",\"@id\":\"https:\/\/www.welovecycling.com\/hu\/tour-de-hongrie\/szilasi-laszlo-a-fontos-dontesek-felelose\/#breadcrumb\",\"itemListElement\":[{\"@type\":\"ListItem\",\"position\":1,\"name\":\"Home\",\"item\":\"https:\/\/www.welovecycling.com\/hu\/\"},{\"@type\":\"ListItem\",\"position\":2,\"name\":\"Szilasi L\u00e1szl\u00f3 \u2013 a fontos d\u00f6nt\u00e9sek felel\u0151se\"}]},{\"@type\":\"WebSite\",\"@id\":\"https:\/\/www.welovecycling.com\/hu\/#website\",\"url\":\"https:\/\/www.welovecycling.com\/hu\/\",\"name\":\"\u0160koda We Love Cycling - Magyarorsz\u00e1g\",\"description\":\"\u0160koda WeLoveCycling\",\"potentialAction\":[{\"@type\":\"SearchAction\",\"target\":{\"@type\":\"EntryPoint\",\"urlTemplate\":\"https:\/\/www.welovecycling.com\/hu\/?s={search_term_string}\"},\"query-input\":{\"@type\":\"PropertyValueSpecification\",\"valueRequired\":true,\"valueName\":\"search_term_string\"}}],\"inLanguage\":\"hu\"},{\"@type\":\"Person\",\"@id\":\"https:\/\/www.welovecycling.com\/hu\/#\/schema\/person\/414a2aebf1801691a5320edb6468e194\",\"name\":\"hegyizs\",\"image\":{\"@type\":\"ImageObject\",\"inLanguage\":\"hu\",\"@id\":\"https:\/\/www.welovecycling.com\/hu\/#\/schema\/person\/image\/\",\"url\":\"https:\/\/secure.gravatar.com\/avatar\/02cf8a7906b8cf90cecb4679defac7cfd33a1c2e3b88e4903d947f3bb58eedd3?s=96&d=mm&r=g\",\"contentUrl\":\"https:\/\/secure.gravatar.com\/avatar\/02cf8a7906b8cf90cecb4679defac7cfd33a1c2e3b88e4903d947f3bb58eedd3?s=96&d=mm&r=g\",\"caption\":\"hegyizs\"},\"url\":\"https:\/\/www.welovecycling.com\/hu\/author\/hegyizs\/\"}]}<\/script>\n<!-- \/ Yoast SEO Premium plugin. -->","yoast_head_json":{"title":"Szilasi L\u00e1szl\u00f3 \u2013 a fontos d\u00f6nt\u00e9sek felel\u0151se","description":"A m\u00e1jus 12-\u00e9n rajtol\u00f3 Tour de Hongrie hazai f\u0151szerepl\u0151it bemutat\u00f3 sorozatunk m\u00e1sodik ad\u00e1s\u00e1ban a Magyar k\u00f6r egyik \u201emindenes\u00e9vel\u201d, a versenyigazgat\u00f3 Szilasi L\u00e1szl\u00f3val besz\u00e9lgett\u00fcnk izgalmas feladatair\u00f3l, a vil\u00e1gszerte milli\u00f3s n\u00e9zetts\u00e9gr\u0151l \u00e9s m\u00e9g sok egy\u00e9b \u00e9rdekess\u00e9gr\u0151l.","robots":{"index":"index","follow":"follow","max-snippet":"max-snippet:-1","max-image-preview":"max-image-preview:large","max-video-preview":"max-video-preview:-1"},"canonical":"https:\/\/www.welovecycling.com\/hu\/tour-de-hongrie\/szilasi-laszlo-a-fontos-dontesek-felelose\/","og_locale":"hu_HU","og_type":"article","og_title":"Szilasi L\u00e1szl\u00f3 \u2013 a fontos d\u00f6nt\u00e9sek felel\u0151se","og_description":"A m\u00e1jus 12-\u00e9n rajtol\u00f3 Tour de Hongrie hazai f\u0151szerepl\u0151it bemutat\u00f3 sorozatunk m\u00e1sodik ad\u00e1s\u00e1ban a Magyar k\u00f6r egyik \u201emindenes\u00e9vel\u201d, a versenyigazgat\u00f3 Szilasi L\u00e1szl\u00f3val besz\u00e9lgett\u00fcnk izgalmas feladatair\u00f3l, a vil\u00e1gszerte milli\u00f3s n\u00e9zetts\u00e9gr\u0151l \u00e9s m\u00e9g sok egy\u00e9b \u00e9rdekess\u00e9gr\u0151l.","og_url":"https:\/\/www.welovecycling.com\/hu\/tour-de-hongrie\/szilasi-laszlo-a-fontos-dontesek-felelose\/","og_site_name":"\u0160koda We Love Cycling - Magyarorsz\u00e1g","article_publisher":"https:\/\/www.facebook.com\/WeLoveCyclingHungary\/","article_published_time":"2021-05-06T13:06:30+00:00","article_modified_time":"2021-05-06T13:14:22+00:00","og_image":[{"width":1920,"height":1080,"url":"https:\/\/d2p6e6u75xmxt8.cloudfront.net\/12\/2021\/05\/WL007_elo_interju_szilasi_laszlo_youtube_thumbnail1-min.png","type":"image\/png"}],"author":"hegyizs","twitter_card":"summary_large_image","twitter_misc":{"Written by":"WLC","Est. reading time":"3 minutes"},"schema":{"@context":"https:\/\/schema.org","@graph":[{"@type":"WebPage","@id":"https:\/\/www.welovecycling.com\/hu\/tour-de-hongrie\/szilasi-laszlo-a-fontos-dontesek-felelose\/","url":"https:\/\/www.welovecycling.com\/hu\/tour-de-hongrie\/szilasi-laszlo-a-fontos-dontesek-felelose\/","name":"Szilasi L\u00e1szl\u00f3 \u2013 a fontos d\u00f6nt\u00e9sek felel\u0151se","isPartOf":{"@id":"https:\/\/www.welovecycling.com\/hu\/#website"},"primaryImageOfPage":{"@id":"https:\/\/www.welovecycling.com\/hu\/tour-de-hongrie\/szilasi-laszlo-a-fontos-dontesek-felelose\/#primaryimage"},"image":{"@id":"https:\/\/www.welovecycling.com\/hu\/tour-de-hongrie\/szilasi-laszlo-a-fontos-dontesek-felelose\/#primaryimage"},"thumbnailUrl":"https:\/\/d2p6e6u75xmxt8.cloudfront.net\/12\/2021\/05\/WL007_elo_interju_szilasi_laszlo_youtube_thumbnail1-min.png","datePublished":"2021-05-06T13:06:30+00:00","dateModified":"2021-05-06T13:14:22+00:00","author":{"@id":"https:\/\/www.welovecycling.com\/hu\/#\/schema\/person\/414a2aebf1801691a5320edb6468e194"},"description":"A m\u00e1jus 12-\u00e9n rajtol\u00f3 Tour de Hongrie hazai f\u0151szerepl\u0151it bemutat\u00f3 sorozatunk m\u00e1sodik ad\u00e1s\u00e1ban a Magyar k\u00f6r egyik \u201emindenes\u00e9vel\u201d, a versenyigazgat\u00f3 Szilasi L\u00e1szl\u00f3val besz\u00e9lgett\u00fcnk izgalmas feladatair\u00f3l, a vil\u00e1gszerte milli\u00f3s n\u00e9zetts\u00e9gr\u0151l \u00e9s m\u00e9g sok egy\u00e9b \u00e9rdekess\u00e9gr\u0151l.","breadcrumb":{"@id":"https:\/\/www.welovecycling.com\/hu\/tour-de-hongrie\/szilasi-laszlo-a-fontos-dontesek-felelose\/#breadcrumb"},"inLanguage":"hu","potentialAction":[{"@type":"ReadAction","target":["https:\/\/www.welovecycling.com\/hu\/tour-de-hongrie\/szilasi-laszlo-a-fontos-dontesek-felelose\/"]}]},{"@type":"ImageObject","inLanguage":"hu","@id":"https:\/\/www.welovecycling.com\/hu\/tour-de-hongrie\/szilasi-laszlo-a-fontos-dontesek-felelose\/#primaryimage","url":"https:\/\/d2p6e6u75xmxt8.cloudfront.net\/12\/2021\/05\/WL007_elo_interju_szilasi_laszlo_youtube_thumbnail1-min.png","contentUrl":"https:\/\/d2p6e6u75xmxt8.cloudfront.net\/12\/2021\/05\/WL007_elo_interju_szilasi_laszlo_youtube_thumbnail1-min.png","width":1920,"height":1080},{"@type":"BreadcrumbList","@id":"https:\/\/www.welovecycling.com\/hu\/tour-de-hongrie\/szilasi-laszlo-a-fontos-dontesek-felelose\/#breadcrumb","itemListElement":[{"@type":"ListItem","position":1,"name":"Home","item":"https:\/\/www.welovecycling.com\/hu\/"},{"@type":"ListItem","position":2,"name":"Szilasi L\u00e1szl\u00f3 \u2013 a fontos d\u00f6nt\u00e9sek felel\u0151se"}]},{"@type":"WebSite","@id":"https:\/\/www.welovecycling.com\/hu\/#website","url":"https:\/\/www.welovecycling.com\/hu\/","name":"\u0160koda We Love Cycling - Magyarorsz\u00e1g","description":"\u0160koda WeLoveCycling","potentialAction":[{"@type":"SearchAction","target":{"@type":"EntryPoint","urlTemplate":"https:\/\/www.welovecycling.com\/hu\/?s={search_term_string}"},"query-input":{"@type":"PropertyValueSpecification","valueRequired":true,"valueName":"search_term_string"}}],"inLanguage":"hu"},{"@type":"Person","@id":"https:\/\/www.welovecycling.com\/hu\/#\/schema\/person\/414a2aebf1801691a5320edb6468e194","name":"hegyizs","image":{"@type":"ImageObject","inLanguage":"hu","@id":"https:\/\/www.welovecycling.com\/hu\/#\/schema\/person\/image\/","url":"https:\/\/secure.gravatar.com\/avatar\/02cf8a7906b8cf90cecb4679defac7cfd33a1c2e3b88e4903d947f3bb58eedd3?s=96&d=mm&r=g","contentUrl":"https:\/\/secure.gravatar.com\/avatar\/02cf8a7906b8cf90cecb4679defac7cfd33a1c2e3b88e4903d947f3bb58eedd3?s=96&d=mm&r=g","caption":"hegyizs"},"url":"https:\/\/www.welovecycling.com\/hu\/author\/hegyizs\/"}]}},"_links":{"self":[{"href":"https:\/\/www.welovecycling.com\/hu\/wp-json\/wp\/v2\/posts\/11316","targetHints":{"allow":["GET"]}}],"collection":[{"href":"https:\/\/www.welovecycling.com\/hu\/wp-json\/wp\/v2\/posts"}],"about":[{"href":"https:\/\/www.welovecycling.com\/hu\/wp-json\/wp\/v2\/types\/post"}],"author":[{"embeddable":true,"href":"https:\/\/www.welovecycling.com\/hu\/wp-json\/wp\/v2\/users\/71"}],"replies":[{"embeddable":true,"href":"https:\/\/www.welovecycling.com\/hu\/wp-json\/wp\/v2\/comments?post=11316"}],"version-history":[{"count":2,"href":"https:\/\/www.welovecycling.com\/hu\/wp-json\/wp\/v2\/posts\/11316\/revisions"}],"predecessor-version":[{"id":11322,"href":"https:\/\/www.welovecycling.com\/hu\/wp-json\/wp\/v2\/posts\/11316\/revisions\/11322"}],"wp:featuredmedia":[{"embeddable":true,"href":"https:\/\/www.welovecycling.com\/hu\/wp-json\/wp\/v2\/media\/11314"}],"wp:attachment":[{"href":"https:\/\/www.welovecycling.com\/hu\/wp-json\/wp\/v2\/media?parent=11316"}],"wp:term":[{"taxonomy":"category","embeddable":true,"href":"https:\/\/www.welovecycling.com\/hu\/wp-json\/wp\/v2\/categories?post=11316"},{"taxonomy":"post_tag","embeddable":true,"href":"https:\/\/www.welovecycling.com\/hu\/wp-json\/wp\/v2\/tags?post=11316"},{"taxonomy":"global-categories","embeddable":true,"href":"https:\/\/www.welovecycling.com\/hu\/wp-json\/wp\/v2\/global-categories?post=11316"}],"curies":[{"name":"wp","href":"https:\/\/api.w.org\/{rel}","templated":true}]}}