{"id":1125,"date":"2018-07-06T12:49:21","date_gmt":"2018-07-06T10:49:21","guid":{"rendered":"https:\/\/www.welovecycling.com\/hu\/?p=1125"},"modified":"2022-02-09T09:59:04","modified_gmt":"2022-02-09T07:59:04","slug":"a-tour-de-france-autoi","status":"publish","type":"post","link":"https:\/\/www.welovecycling.com\/hu\/tour-de-france\/a-tour-de-france-autoi\/","title":{"rendered":"A Tour de France aut\u00f3i"},"content":{"rendered":"<p><strong>A Tour de France versenyz\u0151i, ak\u00e1rcsak ker\u00e9kp\u00e1rjaik, gondoskod\u00e1st ig\u00e9nyelnek. A \u0160koda \u00e1ltal biztos\u00edtott aut\u00f3k 2,8 milli\u00f3 kilom\u00e9tert tettek meg a 2016-os verseny alatt egy 250 aut\u00f3b\u00f3l \u00e1ll\u00f3 flott\u00e1ban. Ezt a konvojos k\u00eds\u00e9retet b\u00e1rmelyik eln\u00f6k megirigyeln\u00e9. De mit is csin\u00e1lnak ezek az aut\u00f3k?<\/strong><\/p>\n<p><!--more--><\/p>\n<h2>S\u00e1rga f\u00fcggetlen szervizkocsik<\/h2>\n<p>Ha lerobban a bring\u00e1d, a t\u00f6megben k\u00f6nnyen kisz\u00farhat\u00f3 aut\u00f3ra van sz\u00fcks\u00e9g, ez\u00e9rt a seg\u00edts\u00e9g egy s\u00e1rg\u00e1ra festett, Mavic matric\u00e1s <a href=\"https:\/\/www.skoda.hu\/octavia\">\u0160koda OCTAVIA<\/a> form\u00e1j\u00e1ban jelenik meg. Ezek el\u00e9g nagyok ahhoz, hogy vizet, kereket \u00e9s komplett bicikliket tudjanak sz\u00e1ll\u00edtani v\u00e9szhelyzet eset\u00e9re.<\/p>\n<p><a href=\"https:\/\/d2p6e6u75xmxt8.cloudfront.net\/12\/2018\/07\/a-tour-de-france-autoi-01.jpg\"><img loading=\"lazy\" decoding=\"async\" class=\"alignnone wp-image-1126 size-full\" src=\"https:\/\/d2p6e6u75xmxt8.cloudfront.net\/12\/2018\/07\/a-tour-de-france-autoi-01.jpg\" alt=\"tour de france\" width=\"1250\" height=\"833\" srcset=\"https:\/\/d2p6e6u75xmxt8.cloudfront.net\/12\/2018\/07\/a-tour-de-france-autoi-01.jpg 1250w, https:\/\/d2p6e6u75xmxt8.cloudfront.net\/12\/2018\/07\/a-tour-de-france-autoi-01-300x200.jpg 300w, https:\/\/d2p6e6u75xmxt8.cloudfront.net\/12\/2018\/07\/a-tour-de-france-autoi-01-768x512.jpg 768w, https:\/\/d2p6e6u75xmxt8.cloudfront.net\/12\/2018\/07\/a-tour-de-france-autoi-01-1024x682.jpg 1024w, https:\/\/d2p6e6u75xmxt8.cloudfront.net\/12\/2018\/07\/a-tour-de-france-autoi-01-272x182.jpg 272w\" sizes=\"auto, (max-width: 1250px) 100vw, 1250px\" \/><\/a><\/p>\n<p style=\"text-align: left;\"><span style=\"font-size: 10pt;\"><em>Christopher Froome a Team Sky t\u00e1mogat\u00f3aut\u00f3b\u00f3l \u00faj bring\u00e1t kapott azut\u00e1n, hogy a 103. Tour de France 12. szakasz\u00e1n a 178. kilom\u00e9ter ut\u00e1n Montpellier \u00e9s Mont Ventoux k\u00f6z\u00f6tt \u00fctk\u00f6z\u00f6tt 2016. j\u00falius 14-\u00e9n.<\/em><\/span><\/p>\n<p>2010-ben Jens Voigt olyan cs\u00fany\u00e1n \u00f6sszet\u00f6rte a bring\u00e1j\u00e1t, hogy a jav\u00edt\u00e1s sz\u00f3ba sem j\u00f6hetett. Levett egy Mavic biciklit a legk\u00f6zelebbi s\u00e1rga \u0160koda tetej\u00e9r\u0151l, \u00e9s noha p\u00e1r sz\u00e1mmal kisebb volt, mint az \u0151 m\u00e9rete, arra legal\u00e1bb j\u00f3 volt, hogy versenyben maradhasson.<\/p>\n<h2>A versenyigazgat\u00f3 piros aut\u00f3ja<\/h2>\n<p>Senkit nem lep meg, hogy Christian Prudhomme a \u0160koda z\u00e1szl\u00f3shaj\u00f3nak sz\u00e1m\u00edt\u00f3 modellj\u00e9ben, a SUPERB-ben utazik \u2013 b\u00e1r ez a darab egyedi. Prudhomme Superbj\u00e9n egyedi tervez\u00e9s\u0171 tet\u0151ablak van, amely lehet\u0151s\u00e9get ny\u00fajt a k\u00fcl\u00f6nb\u00f6z\u0151 versenyigazgat\u00f3i feladatok ell\u00e1t\u00e1s\u00e1ra.\u00a0 Ezon kereszt\u00fcl jelezheti az egyes szakaszok elej\u00e9n z\u00e1szl\u00f3lenget\u00e9ssel a verseny hivatalos elind\u00edt\u00e1s\u00e1t.<\/p>\n<p><a href=\"https:\/\/d2p6e6u75xmxt8.cloudfront.net\/12\/2018\/07\/a-tour-de-france-autoi-02.jpg\"><img loading=\"lazy\" decoding=\"async\" class=\"alignnone wp-image-1128 size-full\" src=\"https:\/\/d2p6e6u75xmxt8.cloudfront.net\/12\/2018\/07\/a-tour-de-france-autoi-02.jpg\" alt=\"tour de france\" width=\"1024\" height=\"695\" srcset=\"https:\/\/d2p6e6u75xmxt8.cloudfront.net\/12\/2018\/07\/a-tour-de-france-autoi-02.jpg 1024w, https:\/\/d2p6e6u75xmxt8.cloudfront.net\/12\/2018\/07\/a-tour-de-france-autoi-02-300x204.jpg 300w, https:\/\/d2p6e6u75xmxt8.cloudfront.net\/12\/2018\/07\/a-tour-de-france-autoi-02-768x521.jpg 768w\" sizes=\"auto, (max-width: 1024px) 100vw, 1024px\" \/><\/a><\/p>\n<p><em><span style=\"font-size: 10pt;\">A piros SUPERB ezenfel\u00fcl rendelkezik speci\u00e1lis pezsg\u0151s fl\u0151te tart\u00f3kkal \u00e9s egyedi ig\u00e9nyekre szabott kommunik\u00e1ci\u00f3s rendszerrel, \u00edgy Prudhomme koccinthat is a versenyz\u0151k sikereire, \u00e9s a kapcsolatot is tarthatja a csapatokkal.<\/span><\/em><\/p>\n<h2>Kommunik\u00e1ci\u00f3, agilit\u00e1s \u00e9s biztons\u00e1g<\/h2>\n<p>A Mavic f\u00fcggetlen szervizaut\u00f3i mellett csapatonk\u00e9nt k\u00e9t kocsi k\u00f6veti a mez\u0151nyt. A k\u00f6vet\u00e9si sorrendj\u00fcket az egyes csapatok \u00e9llovas\u00e1nak helyez\u00e9se hat\u00e1rozza meg.<\/p>\n<p>Prudhomme tartja a kapcsolatot \u00e9s oszt meg versenyinform\u00e1ci\u00f3kat ezekkel az aut\u00f3flott\u00e1kkal, amelyek z\u00f6m\u00e9ben OCTAVIA-kb\u00f3l \u00e1llnak. Az aut\u00f3k k\u00f6z\u00f6tti kommunik\u00e1ci\u00f3 elengedhetetlen fontoss\u00e1g\u00fa, hiszen a sz\u00f6k\u00e9seket \u00e9s es\u00e9seket jelenteni kell, hogy a szervizaut\u00f3k enged\u00e9lyt kapjanak a k\u00f6vet\u00e9si sorrend megv\u00e1ltoztat\u00e1s\u00e1ra, \u00e9s a helyzet f\u00fcggv\u00e9ny\u00e9ben a versenyszakaszon bel\u00fcl fel vagy le mozoghassanak.<\/p>\n<p><a href=\"https:\/\/d2p6e6u75xmxt8.cloudfront.net\/12\/2018\/07\/a-tour-de-france-autoi-03.jpg\"><img loading=\"lazy\" decoding=\"async\" class=\"alignnone wp-image-1129 size-full\" src=\"https:\/\/d2p6e6u75xmxt8.cloudfront.net\/12\/2018\/07\/a-tour-de-france-autoi-03.jpg\" alt=\"tour de france\" width=\"1250\" height=\"834\" srcset=\"https:\/\/d2p6e6u75xmxt8.cloudfront.net\/12\/2018\/07\/a-tour-de-france-autoi-03.jpg 1250w, https:\/\/d2p6e6u75xmxt8.cloudfront.net\/12\/2018\/07\/a-tour-de-france-autoi-03-300x200.jpg 300w, https:\/\/d2p6e6u75xmxt8.cloudfront.net\/12\/2018\/07\/a-tour-de-france-autoi-03-768x512.jpg 768w, https:\/\/d2p6e6u75xmxt8.cloudfront.net\/12\/2018\/07\/a-tour-de-france-autoi-03-1024x683.jpg 1024w, https:\/\/d2p6e6u75xmxt8.cloudfront.net\/12\/2018\/07\/a-tour-de-france-autoi-03-272x182.jpg 272w\" sizes=\"auto, (max-width: 1250px) 100vw, 1250px\" \/><\/a><\/p>\n<p><span style=\"font-size: 10pt;\"><em>A Team Dimension Data versenyz\u0151je, a brit Mark Cavendish a csapataut\u00f3val besz\u00e9lget a 2016-os Tour de France 4. szakasz\u00e1n (2016. j\u00falius 5.)<\/em><\/span><\/p>\n<p>Valamennyi \u0160koda egy mozg\u00f3 m\u0171hely, \u00e9s ha arr\u00f3l \u00e9rtes\u00edtik, hogy valamelyik versenyz\u0151 bajba ker\u00fclt, el\u00e9g \u00fcgyesnek kell lennie ahhoz, hogy a motorbiciklik, a versenyz\u0151k, a TV-st\u00e1bok \u00e9s egy\u00e9b szervizaut\u00f3k k\u00f6z\u00f6tt el tudjon hozz\u00e1 man\u0151verezni. Min\u00e9l gyorsabban \u00e9r egy ilyen aut\u00f3 a versenyz\u0151h\u00f6z, az ann\u00e1l hamarabb tud vissza\u00e1llni a versenybe, \u00e9s \u00edgy a csapatok, a szponzorok \u00e9s a szurkol\u00f3k is el\u00e9gedettek lehetnek.<\/p>\n<p>A Tour de France t\u00f6rt\u00e9nelm\u00e9r\u0151l <a href=\"https:\/\/www.welovecycling.com\/hu\/orszaguti-kerekpar\/ezek-ferfiakigazi-hosok-voltak\/\">itt olvashatsz<\/a> r\u00e9szletesebben.<\/p>\n","protected":false},"excerpt":{"rendered":"<p>A Tour de France versenyz\u0151i, ak\u00e1rcsak ker\u00e9kp\u00e1rjaik, gondoskod\u00e1st ig\u00e9nyelnek. A \u0160koda \u00e1ltal biztos\u00edtott aut\u00f3k 2,8 milli\u00f3 kilom\u00e9tert tettek meg a [&hellip;]<\/p>\n","protected":false},"author":71,"featured_media":1130,"comment_status":"open","ping_status":"open","sticky":false,"template":"","format":"standard","meta":{"footnotes":""},"categories":[468,96],"tags":[95,28,27,87,82,94,88,79,93],"global-categories":[],"class_list":["post-1125","post","type-post","status-publish","format-standard","has-post-thumbnail","hentry","category-skoda","category-tour-de-france","tag-auto","tag-kerekpar-blog","tag-kerekpar-magazin","tag-kerekpar-verseny","tag-orszaguti-kerekpar","tag-skoda","tag-tdf","tag-tour-de-france","tag-tour-de-france-2018"],"yoast_head":"<!-- This site is optimized with the Yoast SEO Premium plugin v25.3 (Yoast SEO v25.9) - https:\/\/yoast.com\/wordpress\/plugins\/seo\/ -->\n<title>A Tour de France aut\u00f3i - We Love Cycling Magyarorsz\u00e1g<\/title>\n<meta name=\"description\" content=\"A Tour de France versenyz\u0151it \u00e9vek \u00f3ta a \u0160koda \u00e1ltal biztos\u00edtott aut\u00f3k v\u00e9dik verseny k\u00f6zben. De pontosan mit csin\u00e1lnak ezek az aut\u00f3k?\" \/>\n<meta name=\"robots\" content=\"index, follow, max-snippet:-1, max-image-preview:large, max-video-preview:-1\" \/>\n<link rel=\"canonical\" href=\"https:\/\/www.welovecycling.com\/hu\/tour-de-france\/a-tour-de-france-autoi\/\" \/>\n<meta property=\"og:locale\" content=\"hu_HU\" \/>\n<meta property=\"og:type\" content=\"article\" \/>\n<meta property=\"og:title\" content=\"A Tour de France aut\u00f3i\" \/>\n<meta property=\"og:description\" content=\"A Tour de France versenyz\u0151it \u00e9vek \u00f3ta a \u0160koda \u00e1ltal biztos\u00edtott aut\u00f3k v\u00e9dik verseny k\u00f6zben. De pontosan mit csin\u00e1lnak ezek az aut\u00f3k?\" \/>\n<meta property=\"og:url\" content=\"https:\/\/www.welovecycling.com\/hu\/tour-de-france\/a-tour-de-france-autoi\/\" \/>\n<meta property=\"og:site_name\" content=\"\u0160koda We Love Cycling - Magyarorsz\u00e1g\" \/>\n<meta property=\"article:publisher\" content=\"https:\/\/www.facebook.com\/WeLoveCyclingHungary\/\" \/>\n<meta property=\"article:published_time\" content=\"2018-07-06T10:49:21+00:00\" \/>\n<meta property=\"article:modified_time\" content=\"2022-02-09T07:59:04+00:00\" \/>\n<meta property=\"og:image\" content=\"https:\/\/d2p6e6u75xmxt8.cloudfront.net\/12\/2018\/07\/a-tour-de-france-autoi-cover.jpg\" \/>\n\t<meta property=\"og:image:width\" content=\"1800\" \/>\n\t<meta property=\"og:image:height\" content=\"785\" \/>\n\t<meta property=\"og:image:type\" content=\"image\/jpeg\" \/>\n<meta name=\"author\" content=\"hegyizs\" \/>\n<meta name=\"twitter:card\" content=\"summary_large_image\" \/>\n<meta name=\"twitter:label1\" content=\"Written by\" \/>\n\t<meta name=\"twitter:data1\" content=\"hegyizs\" \/>\n\t<meta name=\"twitter:label2\" content=\"Est. reading time\" \/>\n\t<meta name=\"twitter:data2\" content=\"3 minutes\" \/>\n<script type=\"application\/ld+json\" class=\"yoast-schema-graph\">{\"@context\":\"https:\/\/schema.org\",\"@graph\":[{\"@type\":\"WebPage\",\"@id\":\"https:\/\/www.welovecycling.com\/hu\/tour-de-france\/a-tour-de-france-autoi\/\",\"url\":\"https:\/\/www.welovecycling.com\/hu\/tour-de-france\/a-tour-de-france-autoi\/\",\"name\":\"A Tour de France aut\u00f3i - We Love Cycling Magyarorsz\u00e1g\",\"isPartOf\":{\"@id\":\"https:\/\/www.welovecycling.com\/hu\/#website\"},\"primaryImageOfPage\":{\"@id\":\"https:\/\/www.welovecycling.com\/hu\/tour-de-france\/a-tour-de-france-autoi\/#primaryimage\"},\"image\":{\"@id\":\"https:\/\/www.welovecycling.com\/hu\/tour-de-france\/a-tour-de-france-autoi\/#primaryimage\"},\"thumbnailUrl\":\"https:\/\/d2p6e6u75xmxt8.cloudfront.net\/12\/2018\/07\/a-tour-de-france-autoi-cover.jpg\",\"datePublished\":\"2018-07-06T10:49:21+00:00\",\"dateModified\":\"2022-02-09T07:59:04+00:00\",\"author\":{\"@id\":\"https:\/\/www.welovecycling.com\/hu\/#\/schema\/person\/414a2aebf1801691a5320edb6468e194\"},\"description\":\"A Tour de France versenyz\u0151it \u00e9vek \u00f3ta a \u0160koda \u00e1ltal biztos\u00edtott aut\u00f3k v\u00e9dik verseny k\u00f6zben. De pontosan mit csin\u00e1lnak ezek az aut\u00f3k?\",\"breadcrumb\":{\"@id\":\"https:\/\/www.welovecycling.com\/hu\/tour-de-france\/a-tour-de-france-autoi\/#breadcrumb\"},\"inLanguage\":\"hu\",\"potentialAction\":[{\"@type\":\"ReadAction\",\"target\":[\"https:\/\/www.welovecycling.com\/hu\/tour-de-france\/a-tour-de-france-autoi\/\"]}]},{\"@type\":\"ImageObject\",\"inLanguage\":\"hu\",\"@id\":\"https:\/\/www.welovecycling.com\/hu\/tour-de-france\/a-tour-de-france-autoi\/#primaryimage\",\"url\":\"https:\/\/d2p6e6u75xmxt8.cloudfront.net\/12\/2018\/07\/a-tour-de-france-autoi-cover.jpg\",\"contentUrl\":\"https:\/\/d2p6e6u75xmxt8.cloudfront.net\/12\/2018\/07\/a-tour-de-france-autoi-cover.jpg\",\"width\":1800,\"height\":785},{\"@type\":\"BreadcrumbList\",\"@id\":\"https:\/\/www.welovecycling.com\/hu\/tour-de-france\/a-tour-de-france-autoi\/#breadcrumb\",\"itemListElement\":[{\"@type\":\"ListItem\",\"position\":1,\"name\":\"Home\",\"item\":\"https:\/\/www.welovecycling.com\/hu\/\"},{\"@type\":\"ListItem\",\"position\":2,\"name\":\"A Tour de France aut\u00f3i\"}]},{\"@type\":\"WebSite\",\"@id\":\"https:\/\/www.welovecycling.com\/hu\/#website\",\"url\":\"https:\/\/www.welovecycling.com\/hu\/\",\"name\":\"\u0160koda We Love Cycling - Magyarorsz\u00e1g\",\"description\":\"\u0160koda WeLoveCycling\",\"potentialAction\":[{\"@type\":\"SearchAction\",\"target\":{\"@type\":\"EntryPoint\",\"urlTemplate\":\"https:\/\/www.welovecycling.com\/hu\/?s={search_term_string}\"},\"query-input\":{\"@type\":\"PropertyValueSpecification\",\"valueRequired\":true,\"valueName\":\"search_term_string\"}}],\"inLanguage\":\"hu\"},{\"@type\":\"Person\",\"@id\":\"https:\/\/www.welovecycling.com\/hu\/#\/schema\/person\/414a2aebf1801691a5320edb6468e194\",\"name\":\"hegyizs\",\"image\":{\"@type\":\"ImageObject\",\"inLanguage\":\"hu\",\"@id\":\"https:\/\/www.welovecycling.com\/hu\/#\/schema\/person\/image\/\",\"url\":\"https:\/\/secure.gravatar.com\/avatar\/02cf8a7906b8cf90cecb4679defac7cfd33a1c2e3b88e4903d947f3bb58eedd3?s=96&d=mm&r=g\",\"contentUrl\":\"https:\/\/secure.gravatar.com\/avatar\/02cf8a7906b8cf90cecb4679defac7cfd33a1c2e3b88e4903d947f3bb58eedd3?s=96&d=mm&r=g\",\"caption\":\"hegyizs\"},\"url\":\"https:\/\/www.welovecycling.com\/hu\/author\/hegyizs\/\"}]}<\/script>\n<!-- \/ Yoast SEO Premium plugin. -->","yoast_head_json":{"title":"A Tour de France aut\u00f3i - We Love Cycling Magyarorsz\u00e1g","description":"A Tour de France versenyz\u0151it \u00e9vek \u00f3ta a \u0160koda \u00e1ltal biztos\u00edtott aut\u00f3k v\u00e9dik verseny k\u00f6zben. De pontosan mit csin\u00e1lnak ezek az aut\u00f3k?","robots":{"index":"index","follow":"follow","max-snippet":"max-snippet:-1","max-image-preview":"max-image-preview:large","max-video-preview":"max-video-preview:-1"},"canonical":"https:\/\/www.welovecycling.com\/hu\/tour-de-france\/a-tour-de-france-autoi\/","og_locale":"hu_HU","og_type":"article","og_title":"A Tour de France aut\u00f3i","og_description":"A Tour de France versenyz\u0151it \u00e9vek \u00f3ta a \u0160koda \u00e1ltal biztos\u00edtott aut\u00f3k v\u00e9dik verseny k\u00f6zben. De pontosan mit csin\u00e1lnak ezek az aut\u00f3k?","og_url":"https:\/\/www.welovecycling.com\/hu\/tour-de-france\/a-tour-de-france-autoi\/","og_site_name":"\u0160koda We Love Cycling - Magyarorsz\u00e1g","article_publisher":"https:\/\/www.facebook.com\/WeLoveCyclingHungary\/","article_published_time":"2018-07-06T10:49:21+00:00","article_modified_time":"2022-02-09T07:59:04+00:00","og_image":[{"width":1800,"height":785,"url":"https:\/\/d2p6e6u75xmxt8.cloudfront.net\/12\/2018\/07\/a-tour-de-france-autoi-cover.jpg","type":"image\/jpeg"}],"author":"hegyizs","twitter_card":"summary_large_image","twitter_misc":{"Written by":"hegyizs","Est. reading time":"3 minutes"},"schema":{"@context":"https:\/\/schema.org","@graph":[{"@type":"WebPage","@id":"https:\/\/www.welovecycling.com\/hu\/tour-de-france\/a-tour-de-france-autoi\/","url":"https:\/\/www.welovecycling.com\/hu\/tour-de-france\/a-tour-de-france-autoi\/","name":"A Tour de France aut\u00f3i - We Love Cycling Magyarorsz\u00e1g","isPartOf":{"@id":"https:\/\/www.welovecycling.com\/hu\/#website"},"primaryImageOfPage":{"@id":"https:\/\/www.welovecycling.com\/hu\/tour-de-france\/a-tour-de-france-autoi\/#primaryimage"},"image":{"@id":"https:\/\/www.welovecycling.com\/hu\/tour-de-france\/a-tour-de-france-autoi\/#primaryimage"},"thumbnailUrl":"https:\/\/d2p6e6u75xmxt8.cloudfront.net\/12\/2018\/07\/a-tour-de-france-autoi-cover.jpg","datePublished":"2018-07-06T10:49:21+00:00","dateModified":"2022-02-09T07:59:04+00:00","author":{"@id":"https:\/\/www.welovecycling.com\/hu\/#\/schema\/person\/414a2aebf1801691a5320edb6468e194"},"description":"A Tour de France versenyz\u0151it \u00e9vek \u00f3ta a \u0160koda \u00e1ltal biztos\u00edtott aut\u00f3k v\u00e9dik verseny k\u00f6zben. De pontosan mit csin\u00e1lnak ezek az aut\u00f3k?","breadcrumb":{"@id":"https:\/\/www.welovecycling.com\/hu\/tour-de-france\/a-tour-de-france-autoi\/#breadcrumb"},"inLanguage":"hu","potentialAction":[{"@type":"ReadAction","target":["https:\/\/www.welovecycling.com\/hu\/tour-de-france\/a-tour-de-france-autoi\/"]}]},{"@type":"ImageObject","inLanguage":"hu","@id":"https:\/\/www.welovecycling.com\/hu\/tour-de-france\/a-tour-de-france-autoi\/#primaryimage","url":"https:\/\/d2p6e6u75xmxt8.cloudfront.net\/12\/2018\/07\/a-tour-de-france-autoi-cover.jpg","contentUrl":"https:\/\/d2p6e6u75xmxt8.cloudfront.net\/12\/2018\/07\/a-tour-de-france-autoi-cover.jpg","width":1800,"height":785},{"@type":"BreadcrumbList","@id":"https:\/\/www.welovecycling.com\/hu\/tour-de-france\/a-tour-de-france-autoi\/#breadcrumb","itemListElement":[{"@type":"ListItem","position":1,"name":"Home","item":"https:\/\/www.welovecycling.com\/hu\/"},{"@type":"ListItem","position":2,"name":"A Tour de France aut\u00f3i"}]},{"@type":"WebSite","@id":"https:\/\/www.welovecycling.com\/hu\/#website","url":"https:\/\/www.welovecycling.com\/hu\/","name":"\u0160koda We Love Cycling - Magyarorsz\u00e1g","description":"\u0160koda WeLoveCycling","potentialAction":[{"@type":"SearchAction","target":{"@type":"EntryPoint","urlTemplate":"https:\/\/www.welovecycling.com\/hu\/?s={search_term_string}"},"query-input":{"@type":"PropertyValueSpecification","valueRequired":true,"valueName":"search_term_string"}}],"inLanguage":"hu"},{"@type":"Person","@id":"https:\/\/www.welovecycling.com\/hu\/#\/schema\/person\/414a2aebf1801691a5320edb6468e194","name":"hegyizs","image":{"@type":"ImageObject","inLanguage":"hu","@id":"https:\/\/www.welovecycling.com\/hu\/#\/schema\/person\/image\/","url":"https:\/\/secure.gravatar.com\/avatar\/02cf8a7906b8cf90cecb4679defac7cfd33a1c2e3b88e4903d947f3bb58eedd3?s=96&d=mm&r=g","contentUrl":"https:\/\/secure.gravatar.com\/avatar\/02cf8a7906b8cf90cecb4679defac7cfd33a1c2e3b88e4903d947f3bb58eedd3?s=96&d=mm&r=g","caption":"hegyizs"},"url":"https:\/\/www.welovecycling.com\/hu\/author\/hegyizs\/"}]}},"_links":{"self":[{"href":"https:\/\/www.welovecycling.com\/hu\/wp-json\/wp\/v2\/posts\/1125","targetHints":{"allow":["GET"]}}],"collection":[{"href":"https:\/\/www.welovecycling.com\/hu\/wp-json\/wp\/v2\/posts"}],"about":[{"href":"https:\/\/www.welovecycling.com\/hu\/wp-json\/wp\/v2\/types\/post"}],"author":[{"embeddable":true,"href":"https:\/\/www.welovecycling.com\/hu\/wp-json\/wp\/v2\/users\/71"}],"replies":[{"embeddable":true,"href":"https:\/\/www.welovecycling.com\/hu\/wp-json\/wp\/v2\/comments?post=1125"}],"version-history":[{"count":2,"href":"https:\/\/www.welovecycling.com\/hu\/wp-json\/wp\/v2\/posts\/1125\/revisions"}],"predecessor-version":[{"id":1134,"href":"https:\/\/www.welovecycling.com\/hu\/wp-json\/wp\/v2\/posts\/1125\/revisions\/1134"}],"wp:featuredmedia":[{"embeddable":true,"href":"https:\/\/www.welovecycling.com\/hu\/wp-json\/wp\/v2\/media\/1130"}],"wp:attachment":[{"href":"https:\/\/www.welovecycling.com\/hu\/wp-json\/wp\/v2\/media?parent=1125"}],"wp:term":[{"taxonomy":"category","embeddable":true,"href":"https:\/\/www.welovecycling.com\/hu\/wp-json\/wp\/v2\/categories?post=1125"},{"taxonomy":"post_tag","embeddable":true,"href":"https:\/\/www.welovecycling.com\/hu\/wp-json\/wp\/v2\/tags?post=1125"},{"taxonomy":"global-categories","embeddable":true,"href":"https:\/\/www.welovecycling.com\/hu\/wp-json\/wp\/v2\/global-categories?post=1125"}],"curies":[{"name":"wp","href":"https:\/\/api.w.org\/{rel}","templated":true}]}}