{"id":11234,"date":"2021-05-03T16:21:55","date_gmt":"2021-05-03T15:21:55","guid":{"rendered":"https:\/\/www.welovecycling.com\/hu\/?p=11234"},"modified":"2021-05-04T13:08:43","modified_gmt":"2021-05-04T12:08:43","slug":"peak-barna-magyar-bringas-kulfoldi-csapatban","status":"publish","type":"post","link":"https:\/\/www.welovecycling.com\/hu\/tour-de-hongrie\/peak-barna-magyar-bringas-kulfoldi-csapatban\/","title":{"rendered":"Pe\u00e1k Barna &#8211; magyar bring\u00e1s k\u00fclf\u00f6ldi csapatban"},"content":{"rendered":"<p><strong>A m\u00e1jus 12-\u00e9n rajtol\u00f3 Tour de Hongrie-t felvezet\u0151 sorozatunk els\u0151 vend\u00e9ge az ausztr\u00e1l bejegyz\u00e9s\u0171 elitcsapatban, a Team BikeExchange-ben versenyz\u0151 Pe\u00e1k Barnab\u00e1s volt.<\/strong><!--more--><\/p>\n<p>Barna 2017-ben m\u00e1sodikk\u00e9nt v\u00e9gzett a Magyar k\u00f6rversenyen, a k\u00f6vetkez\u0151 \u00e9vben megnyerte az orsz\u00e1gos bajnoks\u00e1got a hazai bring\u00e1sok mez\u0151nyverseny\u00e9ben \u00e9s id\u0151futam\u00e1ban is, egy r\u00f6vid id\u0151t pedig \u201egyakornokk\u00e9nt\u201d az egyik legnagyobb ist\u00e1ll\u00f3, a belga Quick-Step fi\u00f3kegy\u00fcttes\u00e9n\u00e9l t\u00f6lt\u00f6tt, miel\u0151tt a SEG Racing Academyhez igazolt. Az igaz\u00e1n nagy durran\u00e1s azonban csak ezut\u00e1n k\u00f6vetkezett: szerz\u0151d\u00e9st k\u00edn\u00e1lt neki az eml\u00edtett ausztr\u00e1l profi csapat, az akkor m\u00e9g a j\u00f3l ismert Mitchelton-Scott n\u00e9ven versenyz\u0151 world tour egy\u00fcttes, \u00edgy Barna hossz\u00fa id\u0151 ut\u00e1n az els\u0151 magyar ker\u00e9kp\u00e1ros lett, aki \u00fajra a nemzetk\u00f6zi ker\u00e9kp\u00e1rsport legmagasabb szintj\u00e9n kapott lehet\u0151s\u00e9get!<\/p>\n<p>Barna 11 \u00e9vesen evez\u00e9ssel kezdett, ut\u00e1na v\u00e1ltott ker\u00e9kp\u00e1rra, s mik\u00e9nt elmes\u00e9lte, a rengeteg munka mellett azon m\u00falott a folyamatos el\u0151rel\u00e9p\u00e9se, hogy nagyon sok k\u00fclf\u00f6ldi versenyen vett r\u00e9szt el\u0151bb magyarorsz\u00e1gi, majd k\u00fclf\u00f6ldi csapatokkal \u2013 ezeken figyeltek fel r\u00e1, valamint kiv\u00e1l\u00f3, k\u00e9s\u0151bb kamatoz\u00f3 kapcsolatokat is ki tudott \u00e9p\u00edteni.<\/p>\n<p>Kicsit bevezetett minket a profi ker\u00e9kp\u00e1roz\u00e1s rejtelmeibe is. Mint mondta, noha a csapat ausztr\u00e1l bejegyz\u00e9s\u0171, a logisztikai k\u00f6zpontja a ker\u00e9kp\u00e1rsport eur\u00f3pai paradicsom\u00e1ban, Olaszorsz\u00e1gban van, \u00edgy a szem\u00e9lyzet nagy r\u00e9sze is olasz. Barna Magyarorsz\u00e1gon \u00e9l, a versenyekre rep\u00fcl, azt\u00e1n haza is, ami a lehet\u0151 legk\u00e9nyelmesebb megold\u00e1s; ugyanakkor a m\u00e1sodik otthona m\u00e1r most is a katal\u00f3niai Girona.<\/p>\n<p>Mint mondta, a ker\u00e9kp\u00e1rsport <strong><em>\u201eabb\u00f3l a szempontb\u00f3l nagyon speci\u00e1lis sport, hogy az embernek m\u00e1r a testalkata meg tudja hat\u00e1rozni, milyen t\u00edpus\u00fa versenyz\u0151 lesz bel\u0151le. \u00c9ppen ez\u00e9rt nagyon sokf\u00e9le versenyz\u0151 k\u00e9pes \u00e9rv\u00e9nyes\u00fclni a k\u00fcl\u00f6nf\u00e9le szerepekben. Hozok egy konkr\u00e9t p\u00e9ld\u00e1t is: \u00e9n p\u00e9ld\u00e1ul egy Forma 1-es aut\u00f3t a Lidl-parkol\u00f3ban egy Astr\u00e1val le tudok ker\u00fclni, de a versenyp\u00e1ly\u00e1n, hossz\u00fa t\u00e1von nyilv\u00e1n a Forma 1-es aut\u00f3 lesz a hat\u00e9konyabb. Ugyan\u00edgy a ker\u00e9kp\u00e1rsportban is: egy nagy hegyen egy j\u00f3 sprintert sim\u00e1n meg tud verni egy hatvankil\u00f3s z\u00f6ldf\u00fcl\u0171, de a versenyt a v\u00e9g\u00e9n val\u00f3sz\u00edn\u0171leg nem \u0151 fogja nyerni.\u201d<\/em><\/strong><strong><em>\u00a0<\/em><\/strong><\/p>\n<p>Barna hozz\u00e1tette, tapasztalatai szerint a k\u00f6rnyez\u0151 orsz\u00e1gokhoz \u00e9s Eur\u00f3p\u00e1hoz k\u00e9pest az itthoni k\u00f6zleked\u00e9si kult\u00fara sajnos les\u00fajt\u00f3, ezt els\u0151sorban az emberek sokir\u00e1ny\u00fa frusztr\u00e1ci\u00f3j\u00e1b\u00f3l, s abb\u00f3l ad\u00f3d\u00f3an a tolerancia csaknem teljes hi\u00e1ny\u00e1b\u00f3l eredezteti.<\/p>\n<p>Rem\u00e9lhet\u0151leg ezen a t\u00e9ren is ugyan\u00fagy \u00e9rz\u00e9kelj\u00fck majd a javul\u00e1st, mint ker\u00e9kp\u00e1rosaink elm\u00falt \u00e9vekbeli nagyszer\u0171 sportteljes\u00edtm\u00e9nyein!<\/p>\n<p>Szerz\u0151: <em>Koh\u00e1n Gergely<\/em><\/p>\n","protected":false},"excerpt":{"rendered":"<p>A m\u00e1jus 12-\u00e9n rajtol\u00f3 Tour de Hongrie-t felvezet\u0151 sorozatunk els\u0151 vend\u00e9ge az ausztr\u00e1l bejegyz\u00e9s\u0171 elitcsapatban, a Team BikeExchange-ben versenyz\u0151 Pe\u00e1k [&hellip;]<\/p>\n","protected":false},"author":71,"featured_media":11236,"comment_status":"open","ping_status":"open","sticky":false,"template":"","format":"video","meta":{"footnotes":""},"categories":[462],"tags":[],"global-categories":[419],"class_list":["post-11234","post","type-post","status-publish","format-video","has-post-thumbnail","hentry","category-tour-de-hongrie","post_format-post-format-video","global-categories-cycling"],"yoast_head":"<!-- This site is optimized with the Yoast SEO Premium plugin v25.3 (Yoast SEO v25.9) - https:\/\/yoast.com\/wordpress\/plugins\/seo\/ -->\n<title>Pe\u00e1k Barna - magyar bring\u00e1s k\u00fclf\u00f6ldi csapatban<\/title>\n<meta name=\"description\" content=\"A m\u00e1jus 12-\u00e9n rajtol\u00f3 Tour de Hongrie-t felvezet\u0151 sorozatunk els\u0151 vend\u00e9ge az ausztr\u00e1l bejegyz\u00e9s\u0171 elitcsapatban, a Team BikeExchange-ben versenyz\u0151 Pe\u00e1k Barnab\u00e1s volt.\" \/>\n<meta name=\"robots\" content=\"index, follow, max-snippet:-1, max-image-preview:large, max-video-preview:-1\" \/>\n<link rel=\"canonical\" href=\"https:\/\/www.welovecycling.com\/hu\/tour-de-hongrie\/peak-barna-magyar-bringas-kulfoldi-csapatban\/\" \/>\n<meta property=\"og:locale\" content=\"hu_HU\" \/>\n<meta property=\"og:type\" content=\"article\" \/>\n<meta property=\"og:title\" content=\"Pe\u00e1k Barna - magyar bring\u00e1s k\u00fclf\u00f6ldi csapatban\" \/>\n<meta property=\"og:description\" content=\"A m\u00e1jus 12-\u00e9n rajtol\u00f3 Tour de Hongrie-t felvezet\u0151 sorozatunk els\u0151 vend\u00e9ge az ausztr\u00e1l bejegyz\u00e9s\u0171 elitcsapatban, a Team BikeExchange-ben versenyz\u0151 Pe\u00e1k Barnab\u00e1s volt.\" \/>\n<meta property=\"og:url\" content=\"https:\/\/www.welovecycling.com\/hu\/tour-de-hongrie\/peak-barna-magyar-bringas-kulfoldi-csapatban\/\" \/>\n<meta property=\"og:site_name\" content=\"\u0160koda We Love Cycling - Magyarorsz\u00e1g\" \/>\n<meta property=\"article:publisher\" content=\"https:\/\/www.facebook.com\/WeLoveCyclingHungary\/\" \/>\n<meta property=\"article:published_time\" content=\"2021-05-03T15:21:55+00:00\" \/>\n<meta property=\"article:modified_time\" content=\"2021-05-04T12:08:43+00:00\" \/>\n<meta property=\"og:image\" content=\"https:\/\/d2p6e6u75xmxt8.cloudfront.net\/12\/2021\/05\/wlc_peak_barna_interju.jpg\" \/>\n\t<meta property=\"og:image:width\" content=\"1280\" \/>\n\t<meta property=\"og:image:height\" content=\"720\" \/>\n\t<meta property=\"og:image:type\" content=\"image\/jpeg\" \/>\n<meta name=\"author\" content=\"hegyizs\" \/>\n<meta name=\"twitter:card\" content=\"summary_large_image\" \/>\n<meta name=\"twitter:label1\" content=\"Written by\" \/>\n\t<meta name=\"twitter:data1\" content=\"Koh\u00e1n Gergely\" \/>\n\t<meta name=\"twitter:label2\" content=\"Est. reading time\" \/>\n\t<meta name=\"twitter:data2\" content=\"3 minutes\" \/>\n<script type=\"application\/ld+json\" class=\"yoast-schema-graph\">{\"@context\":\"https:\/\/schema.org\",\"@graph\":[{\"@type\":\"WebPage\",\"@id\":\"https:\/\/www.welovecycling.com\/hu\/tour-de-hongrie\/peak-barna-magyar-bringas-kulfoldi-csapatban\/\",\"url\":\"https:\/\/www.welovecycling.com\/hu\/tour-de-hongrie\/peak-barna-magyar-bringas-kulfoldi-csapatban\/\",\"name\":\"Pe\u00e1k Barna - magyar bring\u00e1s k\u00fclf\u00f6ldi csapatban\",\"isPartOf\":{\"@id\":\"https:\/\/www.welovecycling.com\/hu\/#website\"},\"primaryImageOfPage\":{\"@id\":\"https:\/\/www.welovecycling.com\/hu\/tour-de-hongrie\/peak-barna-magyar-bringas-kulfoldi-csapatban\/#primaryimage\"},\"image\":{\"@id\":\"https:\/\/www.welovecycling.com\/hu\/tour-de-hongrie\/peak-barna-magyar-bringas-kulfoldi-csapatban\/#primaryimage\"},\"thumbnailUrl\":\"https:\/\/d2p6e6u75xmxt8.cloudfront.net\/12\/2021\/05\/wlc_peak_barna_interju.jpg\",\"datePublished\":\"2021-05-03T15:21:55+00:00\",\"dateModified\":\"2021-05-04T12:08:43+00:00\",\"author\":{\"@id\":\"https:\/\/www.welovecycling.com\/hu\/#\/schema\/person\/414a2aebf1801691a5320edb6468e194\"},\"description\":\"A m\u00e1jus 12-\u00e9n rajtol\u00f3 Tour de Hongrie-t felvezet\u0151 sorozatunk els\u0151 vend\u00e9ge az ausztr\u00e1l bejegyz\u00e9s\u0171 elitcsapatban, a Team BikeExchange-ben versenyz\u0151 Pe\u00e1k Barnab\u00e1s volt.\",\"breadcrumb\":{\"@id\":\"https:\/\/www.welovecycling.com\/hu\/tour-de-hongrie\/peak-barna-magyar-bringas-kulfoldi-csapatban\/#breadcrumb\"},\"inLanguage\":\"hu\",\"potentialAction\":[{\"@type\":\"ReadAction\",\"target\":[\"https:\/\/www.welovecycling.com\/hu\/tour-de-hongrie\/peak-barna-magyar-bringas-kulfoldi-csapatban\/\"]}]},{\"@type\":\"ImageObject\",\"inLanguage\":\"hu\",\"@id\":\"https:\/\/www.welovecycling.com\/hu\/tour-de-hongrie\/peak-barna-magyar-bringas-kulfoldi-csapatban\/#primaryimage\",\"url\":\"https:\/\/d2p6e6u75xmxt8.cloudfront.net\/12\/2021\/05\/wlc_peak_barna_interju.jpg\",\"contentUrl\":\"https:\/\/d2p6e6u75xmxt8.cloudfront.net\/12\/2021\/05\/wlc_peak_barna_interju.jpg\",\"width\":1280,\"height\":720},{\"@type\":\"BreadcrumbList\",\"@id\":\"https:\/\/www.welovecycling.com\/hu\/tour-de-hongrie\/peak-barna-magyar-bringas-kulfoldi-csapatban\/#breadcrumb\",\"itemListElement\":[{\"@type\":\"ListItem\",\"position\":1,\"name\":\"Home\",\"item\":\"https:\/\/www.welovecycling.com\/hu\/\"},{\"@type\":\"ListItem\",\"position\":2,\"name\":\"Pe\u00e1k Barna &#8211; magyar bring\u00e1s k\u00fclf\u00f6ldi csapatban\"}]},{\"@type\":\"WebSite\",\"@id\":\"https:\/\/www.welovecycling.com\/hu\/#website\",\"url\":\"https:\/\/www.welovecycling.com\/hu\/\",\"name\":\"\u0160koda We Love Cycling - Magyarorsz\u00e1g\",\"description\":\"\u0160koda WeLoveCycling\",\"potentialAction\":[{\"@type\":\"SearchAction\",\"target\":{\"@type\":\"EntryPoint\",\"urlTemplate\":\"https:\/\/www.welovecycling.com\/hu\/?s={search_term_string}\"},\"query-input\":{\"@type\":\"PropertyValueSpecification\",\"valueRequired\":true,\"valueName\":\"search_term_string\"}}],\"inLanguage\":\"hu\"},{\"@type\":\"Person\",\"@id\":\"https:\/\/www.welovecycling.com\/hu\/#\/schema\/person\/414a2aebf1801691a5320edb6468e194\",\"name\":\"hegyizs\",\"image\":{\"@type\":\"ImageObject\",\"inLanguage\":\"hu\",\"@id\":\"https:\/\/www.welovecycling.com\/hu\/#\/schema\/person\/image\/\",\"url\":\"https:\/\/secure.gravatar.com\/avatar\/02cf8a7906b8cf90cecb4679defac7cfd33a1c2e3b88e4903d947f3bb58eedd3?s=96&d=mm&r=g\",\"contentUrl\":\"https:\/\/secure.gravatar.com\/avatar\/02cf8a7906b8cf90cecb4679defac7cfd33a1c2e3b88e4903d947f3bb58eedd3?s=96&d=mm&r=g\",\"caption\":\"hegyizs\"},\"url\":\"https:\/\/www.welovecycling.com\/hu\/author\/hegyizs\/\"}]}<\/script>\n<!-- \/ Yoast SEO Premium plugin. -->","yoast_head_json":{"title":"Pe\u00e1k Barna - magyar bring\u00e1s k\u00fclf\u00f6ldi csapatban","description":"A m\u00e1jus 12-\u00e9n rajtol\u00f3 Tour de Hongrie-t felvezet\u0151 sorozatunk els\u0151 vend\u00e9ge az ausztr\u00e1l bejegyz\u00e9s\u0171 elitcsapatban, a Team BikeExchange-ben versenyz\u0151 Pe\u00e1k Barnab\u00e1s volt.","robots":{"index":"index","follow":"follow","max-snippet":"max-snippet:-1","max-image-preview":"max-image-preview:large","max-video-preview":"max-video-preview:-1"},"canonical":"https:\/\/www.welovecycling.com\/hu\/tour-de-hongrie\/peak-barna-magyar-bringas-kulfoldi-csapatban\/","og_locale":"hu_HU","og_type":"article","og_title":"Pe\u00e1k Barna - magyar bring\u00e1s k\u00fclf\u00f6ldi csapatban","og_description":"A m\u00e1jus 12-\u00e9n rajtol\u00f3 Tour de Hongrie-t felvezet\u0151 sorozatunk els\u0151 vend\u00e9ge az ausztr\u00e1l bejegyz\u00e9s\u0171 elitcsapatban, a Team BikeExchange-ben versenyz\u0151 Pe\u00e1k Barnab\u00e1s volt.","og_url":"https:\/\/www.welovecycling.com\/hu\/tour-de-hongrie\/peak-barna-magyar-bringas-kulfoldi-csapatban\/","og_site_name":"\u0160koda We Love Cycling - Magyarorsz\u00e1g","article_publisher":"https:\/\/www.facebook.com\/WeLoveCyclingHungary\/","article_published_time":"2021-05-03T15:21:55+00:00","article_modified_time":"2021-05-04T12:08:43+00:00","og_image":[{"width":1280,"height":720,"url":"https:\/\/d2p6e6u75xmxt8.cloudfront.net\/12\/2021\/05\/wlc_peak_barna_interju.jpg","type":"image\/jpeg"}],"author":"hegyizs","twitter_card":"summary_large_image","twitter_misc":{"Written by":"Koh\u00e1n Gergely","Est. reading time":"3 minutes"},"schema":{"@context":"https:\/\/schema.org","@graph":[{"@type":"WebPage","@id":"https:\/\/www.welovecycling.com\/hu\/tour-de-hongrie\/peak-barna-magyar-bringas-kulfoldi-csapatban\/","url":"https:\/\/www.welovecycling.com\/hu\/tour-de-hongrie\/peak-barna-magyar-bringas-kulfoldi-csapatban\/","name":"Pe\u00e1k Barna - magyar bring\u00e1s k\u00fclf\u00f6ldi csapatban","isPartOf":{"@id":"https:\/\/www.welovecycling.com\/hu\/#website"},"primaryImageOfPage":{"@id":"https:\/\/www.welovecycling.com\/hu\/tour-de-hongrie\/peak-barna-magyar-bringas-kulfoldi-csapatban\/#primaryimage"},"image":{"@id":"https:\/\/www.welovecycling.com\/hu\/tour-de-hongrie\/peak-barna-magyar-bringas-kulfoldi-csapatban\/#primaryimage"},"thumbnailUrl":"https:\/\/d2p6e6u75xmxt8.cloudfront.net\/12\/2021\/05\/wlc_peak_barna_interju.jpg","datePublished":"2021-05-03T15:21:55+00:00","dateModified":"2021-05-04T12:08:43+00:00","author":{"@id":"https:\/\/www.welovecycling.com\/hu\/#\/schema\/person\/414a2aebf1801691a5320edb6468e194"},"description":"A m\u00e1jus 12-\u00e9n rajtol\u00f3 Tour de Hongrie-t felvezet\u0151 sorozatunk els\u0151 vend\u00e9ge az ausztr\u00e1l bejegyz\u00e9s\u0171 elitcsapatban, a Team BikeExchange-ben versenyz\u0151 Pe\u00e1k Barnab\u00e1s volt.","breadcrumb":{"@id":"https:\/\/www.welovecycling.com\/hu\/tour-de-hongrie\/peak-barna-magyar-bringas-kulfoldi-csapatban\/#breadcrumb"},"inLanguage":"hu","potentialAction":[{"@type":"ReadAction","target":["https:\/\/www.welovecycling.com\/hu\/tour-de-hongrie\/peak-barna-magyar-bringas-kulfoldi-csapatban\/"]}]},{"@type":"ImageObject","inLanguage":"hu","@id":"https:\/\/www.welovecycling.com\/hu\/tour-de-hongrie\/peak-barna-magyar-bringas-kulfoldi-csapatban\/#primaryimage","url":"https:\/\/d2p6e6u75xmxt8.cloudfront.net\/12\/2021\/05\/wlc_peak_barna_interju.jpg","contentUrl":"https:\/\/d2p6e6u75xmxt8.cloudfront.net\/12\/2021\/05\/wlc_peak_barna_interju.jpg","width":1280,"height":720},{"@type":"BreadcrumbList","@id":"https:\/\/www.welovecycling.com\/hu\/tour-de-hongrie\/peak-barna-magyar-bringas-kulfoldi-csapatban\/#breadcrumb","itemListElement":[{"@type":"ListItem","position":1,"name":"Home","item":"https:\/\/www.welovecycling.com\/hu\/"},{"@type":"ListItem","position":2,"name":"Pe\u00e1k Barna &#8211; magyar bring\u00e1s k\u00fclf\u00f6ldi csapatban"}]},{"@type":"WebSite","@id":"https:\/\/www.welovecycling.com\/hu\/#website","url":"https:\/\/www.welovecycling.com\/hu\/","name":"\u0160koda We Love Cycling - Magyarorsz\u00e1g","description":"\u0160koda WeLoveCycling","potentialAction":[{"@type":"SearchAction","target":{"@type":"EntryPoint","urlTemplate":"https:\/\/www.welovecycling.com\/hu\/?s={search_term_string}"},"query-input":{"@type":"PropertyValueSpecification","valueRequired":true,"valueName":"search_term_string"}}],"inLanguage":"hu"},{"@type":"Person","@id":"https:\/\/www.welovecycling.com\/hu\/#\/schema\/person\/414a2aebf1801691a5320edb6468e194","name":"hegyizs","image":{"@type":"ImageObject","inLanguage":"hu","@id":"https:\/\/www.welovecycling.com\/hu\/#\/schema\/person\/image\/","url":"https:\/\/secure.gravatar.com\/avatar\/02cf8a7906b8cf90cecb4679defac7cfd33a1c2e3b88e4903d947f3bb58eedd3?s=96&d=mm&r=g","contentUrl":"https:\/\/secure.gravatar.com\/avatar\/02cf8a7906b8cf90cecb4679defac7cfd33a1c2e3b88e4903d947f3bb58eedd3?s=96&d=mm&r=g","caption":"hegyizs"},"url":"https:\/\/www.welovecycling.com\/hu\/author\/hegyizs\/"}]}},"_links":{"self":[{"href":"https:\/\/www.welovecycling.com\/hu\/wp-json\/wp\/v2\/posts\/11234","targetHints":{"allow":["GET"]}}],"collection":[{"href":"https:\/\/www.welovecycling.com\/hu\/wp-json\/wp\/v2\/posts"}],"about":[{"href":"https:\/\/www.welovecycling.com\/hu\/wp-json\/wp\/v2\/types\/post"}],"author":[{"embeddable":true,"href":"https:\/\/www.welovecycling.com\/hu\/wp-json\/wp\/v2\/users\/71"}],"replies":[{"embeddable":true,"href":"https:\/\/www.welovecycling.com\/hu\/wp-json\/wp\/v2\/comments?post=11234"}],"version-history":[{"count":2,"href":"https:\/\/www.welovecycling.com\/hu\/wp-json\/wp\/v2\/posts\/11234\/revisions"}],"predecessor-version":[{"id":11247,"href":"https:\/\/www.welovecycling.com\/hu\/wp-json\/wp\/v2\/posts\/11234\/revisions\/11247"}],"wp:featuredmedia":[{"embeddable":true,"href":"https:\/\/www.welovecycling.com\/hu\/wp-json\/wp\/v2\/media\/11236"}],"wp:attachment":[{"href":"https:\/\/www.welovecycling.com\/hu\/wp-json\/wp\/v2\/media?parent=11234"}],"wp:term":[{"taxonomy":"category","embeddable":true,"href":"https:\/\/www.welovecycling.com\/hu\/wp-json\/wp\/v2\/categories?post=11234"},{"taxonomy":"post_tag","embeddable":true,"href":"https:\/\/www.welovecycling.com\/hu\/wp-json\/wp\/v2\/tags?post=11234"},{"taxonomy":"global-categories","embeddable":true,"href":"https:\/\/www.welovecycling.com\/hu\/wp-json\/wp\/v2\/global-categories?post=11234"}],"curies":[{"name":"wp","href":"https:\/\/api.w.org\/{rel}","templated":true}]}}