{"id":11226,"date":"2021-05-06T08:00:30","date_gmt":"2021-05-06T07:00:30","guid":{"rendered":"https:\/\/www.welovecycling.com\/hu\/?p=11226"},"modified":"2021-04-30T16:23:35","modified_gmt":"2021-04-30T15:23:35","slug":"a-tour-de-hongrie-szakaszai-ut-az-orszagon-at","status":"publish","type":"post","link":"https:\/\/www.welovecycling.com\/hu\/tour-de-hongrie\/a-tour-de-hongrie-szakaszai-ut-az-orszagon-at\/","title":{"rendered":"A Tour de Hongrie szakaszai \u2013 \u00fat az orsz\u00e1gon \u00e1t"},"content":{"rendered":"<p><strong>Minden \u00e9vben Magyarorsz\u00e1g \u00fajabb szelet\u00e9t mutathatjuk meg a Tour de Hongrie nemzetk\u00f6zi r\u00e9sztvev\u0151inek \u00e9s n\u00e9z\u0151inek, \u00e9s biztosak vagyunk benne, hogy sem a l\u00e1tv\u00e1ny, sem a szakaszok kih\u00edv\u00e1sai nem okoznak csal\u00f3d\u00e1st. Az idei \u00e9v \u00fatvonala az orsz\u00e1g nyugati fel\u00e9t \u00f6leli fel, egy kihagyhatatlan kit\u00e9r\u0151vel az \u00c9szaki-k\u00f6z\u00e9phegys\u00e9gbe.<\/strong><!--more--><\/p>\n<p>Id\u00e9n 792 km-t kell megtenni\u00fck a versenyz\u0151knek, a karav\u00e1n Si\u00f3fokr\u00f3l indul \u00e9s Budapesten \u00e9r v\u00e9get, de ez nem azt jelenti, hogy az \u00fat a k\u00e9t v\u00e1ros k\u00f6z\u00f6tt halad. Az \u00f6t etap v\u00e1ltozatos t\u00e1jakon, kis-\u00e9s nagyv\u00e1rosokon \u00e1t, a Balaton partj\u00e1t\u00f3l kezdve a legmagasabb magyar hegycs\u00facsig sz\u00f6vi \u00e1t az orsz\u00e1got.<\/p>\n<h2><strong>A Nagy Rajt<\/strong><\/h2>\n<p>A verseny Si\u00f3fok f\u0151ter\u00e9r\u0151l indul, m\u00e1r nem el\u0151sz\u00f6r: 1962-ben is a Balaton parti v\u00e1ros adta a Nagy Rajt helysz\u00edn\u00e9t, az\u00f3ta pedig kilencszer volt az \u00fatvonal r\u00e9sze. A mez\u0151ny egy darabig a magyar tenger partj\u00e1n halad, majd Balatonf\u00f6ldv\u00e1rn\u00e1l nekiv\u00e1g a Somogyi domboknak. Az igali hegyi menet ut\u00e1n visszat\u00e9rnek a versenyz\u0151k a Balaton partj\u00e1ra, majd Lengyelt\u00f3tin, Osztop\u00e1non \u00e9s Jut\u00e1n \u00e1t \u00e9rkeznek meg Kaposv\u00e1rra, ahol egy, a v\u00e1ros k\u00f6r\u00fcli k\u00f6r ut\u00e1n \u00e9rhetnek be a c\u00e9lba. Kaposv\u00e1r 1935-ben nagy magyar siker szemtan\u00faja lehetett: N\u00e9meth K\u00e1roly volt az els\u0151, aki a belv\u00e1rosba \u00e9rt.<\/p>\n<p><img loading=\"lazy\" decoding=\"async\" class=\"aligncenter size-full wp-image-11228\" src=\"https:\/\/d2p6e6u75xmxt8.cloudfront.net\/12\/2021\/04\/TdH-2021-Utvonal-fuzet_9.png\" alt=\"\" width=\"800\" height=\"563\" srcset=\"https:\/\/d2p6e6u75xmxt8.cloudfront.net\/12\/2021\/04\/TdH-2021-Utvonal-fuzet_9.png 800w, https:\/\/d2p6e6u75xmxt8.cloudfront.net\/12\/2021\/04\/TdH-2021-Utvonal-fuzet_9-300x211.png 300w, https:\/\/d2p6e6u75xmxt8.cloudfront.net\/12\/2021\/04\/TdH-2021-Utvonal-fuzet_9-768x540.png 768w\" sizes=\"auto, (max-width: 800px) 100vw, 800px\" \/><\/p>\n<p>Az els\u0151 szakasz 173 km hossz\u00fa, 1280 m\u00e9teres szintemelked\u00e9ssel. Balatonf\u00f6ldv\u00e1ron, Balatonbogl\u00e1ron \u00e9s Kaposv\u00e1ron gyorsas\u00e1gi r\u00e9szhajr\u00e1kat foglal mag\u00e1ba, \u00edgy a hegyi szakasszal egy\u00fctt, n\u00e9gyszer van es\u00e9ly\u00fck a versenyz\u0151knek pontokat gy\u0171jteni, melyek a z\u00f6ld trik\u00f3\u00e9rt folytatott versenybe sz\u00e1m\u00edtanak bele. A befut\u00f3 v\u00e1rhat\u00f3 3 \u00f3ra \u00e9s 59 perc alatt teszi majd meg a teljes etapot, ami azt jelenti, hogy majdnem 44 km\/\u00f3r\u00e1s \u00e1tlagsebess\u00e9ggel kell haladnia a szakaszgy\u0151ztesnek!<\/p>\n<h2><strong>A m\u00e1sodik szakasz<\/strong><\/h2>\n<p>A k\u00f6vetkez\u0151 napon 13:15-kor \u00e1llnak rajthoz a versenyz\u0151k Balatonf\u00fcreden, a 2004-es verseny ut\u00e1n m\u00e1sodszor. Ism\u00e9t egy dombos szakasz \u00e1ll el\u0151tt\u00fck: Balatonsz\u0151l\u0151s\u00f6n \u00e9s Vig\u00e1ntpetenden hegyi r\u00e9szhajr\u00e1kkal indul az etap, majd Tapolc\u00e1n, \u00e9s a Badacsony megker\u00fcl\u00e9se ut\u00e1n H\u00e9v\u00edz \u00e9s Zalakaros k\u00f6zel\u00e9ben gyorsas\u00e1gi szakaszokon szerezhetnek pontokat. A 183 km-es etap befut\u00f3j\u00e1nak Nagykanizsa ad otthont. A zalai v\u00e1ros el\u0151sz\u00f6r 1927-ben volt a verseny egyik fontos \u00e1llom\u00e1sa, amikor a k\u00e9tszeres TdH-bajnok, Vida L\u00e1szl\u00f3 itt \u00fcnnepelhette gy\u0151zelm\u00e9t.<\/p>\n<p><img loading=\"lazy\" decoding=\"async\" class=\"aligncenter size-full wp-image-11229\" src=\"https:\/\/d2p6e6u75xmxt8.cloudfront.net\/12\/2021\/04\/TdH-2021-Utvonal-fuzet_13.png\" alt=\"\" width=\"800\" height=\"563\" srcset=\"https:\/\/d2p6e6u75xmxt8.cloudfront.net\/12\/2021\/04\/TdH-2021-Utvonal-fuzet_13.png 800w, https:\/\/d2p6e6u75xmxt8.cloudfront.net\/12\/2021\/04\/TdH-2021-Utvonal-fuzet_13-300x211.png 300w, https:\/\/d2p6e6u75xmxt8.cloudfront.net\/12\/2021\/04\/TdH-2021-Utvonal-fuzet_13-768x540.png 768w\" sizes=\"auto, (max-width: 800px) 100vw, 800px\" \/><\/p>\n<p>A szakasz teljes szintemelked\u00e9se 1648 m\u00e9ter, ami m\u00e9g mindig csak a fele a kir\u00e1lyetap m\u00e1sz\u00e1sainak!<\/p>\n<h2><strong>A harmadik szakasz<\/strong><\/h2>\n<p>A M\u00e1jus 14-\u00e9n valamivel r\u00f6videbb megm\u00e9rettet\u00e9sre k\u00e9sz\u00fclhetnek a versenyz\u0151k: a harmadik etapot 142 km hossz\u00fa \u00e9s 1585 m\u00e9ter szintemelked\u00e9se foglal mag\u00e1ba, amit a befut\u00f3 el\u0151rel\u00e1that\u00f3lag 3 \u00f3ra 14 perc alatt tesz majd meg, ha 44 km\/\u00f3r\u00e1s sebess\u00e9ggel halad.<\/p>\n<p><img loading=\"lazy\" decoding=\"async\" class=\"aligncenter size-full wp-image-11230\" src=\"https:\/\/d2p6e6u75xmxt8.cloudfront.net\/12\/2021\/04\/TdH-2021-Utvonal-fuzet_17.png\" alt=\"\" width=\"800\" height=\"563\" srcset=\"https:\/\/d2p6e6u75xmxt8.cloudfront.net\/12\/2021\/04\/TdH-2021-Utvonal-fuzet_17.png 800w, https:\/\/d2p6e6u75xmxt8.cloudfront.net\/12\/2021\/04\/TdH-2021-Utvonal-fuzet_17-300x211.png 300w, https:\/\/d2p6e6u75xmxt8.cloudfront.net\/12\/2021\/04\/TdH-2021-Utvonal-fuzet_17-768x540.png 768w\" sizes=\"auto, (max-width: 800px) 100vw, 800px\" \/><\/p>\n<p>A karav\u00e1n Veszpr\u00e9mben rajtol. A kir\u00e1lyn\u00e9k v\u00e1rosa 1962-ben volt el\u0151sz\u00f6r a verseny r\u00e9sze \u00e9s m\u00e1ris \u00fcnnepelhetett: m\u00e9ghozz\u00e1 Megyerdi Antal gy\u0151zelm\u00e9t. K\u00e9s\u0151bb, 2005-ben ism\u00e9t magyar siker helysz\u00edn\u00e9t adta a v\u00e1ros, amikor Rem\u00e1k Zolt\u00e1n szerezte meg az els\u0151s\u00e9get.<\/p>\n<p>A dombos szakasz k\u00e9t hegyi \u00e9s k\u00e9t gyorsas\u00e1gi r\u00e9szhajr\u00e1val v\u00e1rja a versenyz\u0151ket: H\u00e1rsk\u00faton \u00e9s Pannonhalm\u00e1n az emelked\u0151kkel, Zircen \u00e9s Oroszl\u00e1nyban pedig az \u00f3r\u00e1val kell megk\u00fczdeni\u00fck. Az etap Tat\u00e1n v\u00e9gz\u0151dik.<\/p>\n<h2><strong>A kir\u00e1lyetap<\/strong><\/h2>\n<p>A k\u00f6vetkez\u0151 napon a legnehezebb szakasszal kell szemben\u00e9zni\u00fck a r\u00e9sztvev\u0151knek: nem v\u00e9letlen\u00fcl h\u00edvj\u00e1k kir\u00e1lyetapnak a K\u00e9kestet\u0151t is mag\u00e1ba foglal\u00f3 204 km-es \u00fatvonalat! \u00d6t \u00f3r\u00e1n \u00e1t tekernek majd \u00e9s nagyr\u00e9szt felfel\u00e9: \u00f6sszesen 3221 m\u00e9teres szintemelked\u00e9st kell teljes\u00edteni\u00fck. A cs\u00facsbefut\u00f3 el\u0151tt m\u00e9g M\u00e1trah\u00e1z\u00e1n is v\u00e1rja \u0151ket egy hegyi r\u00e9szhajr\u00e1, emellett Sz\u00e9cs\u00e9nyben \u00e9s M\u00e1traf\u00fcreden a leggyorsabbak is pontokat kapnak.<\/p>\n<p><img loading=\"lazy\" decoding=\"async\" class=\"aligncenter size-full wp-image-11231\" src=\"https:\/\/d2p6e6u75xmxt8.cloudfront.net\/12\/2021\/04\/TdH-2021-Utvonal-fuzet_21.png\" alt=\"\" width=\"800\" height=\"563\" srcset=\"https:\/\/d2p6e6u75xmxt8.cloudfront.net\/12\/2021\/04\/TdH-2021-Utvonal-fuzet_21.png 800w, https:\/\/d2p6e6u75xmxt8.cloudfront.net\/12\/2021\/04\/TdH-2021-Utvonal-fuzet_21-300x211.png 300w, https:\/\/d2p6e6u75xmxt8.cloudfront.net\/12\/2021\/04\/TdH-2021-Utvonal-fuzet_21-768x540.png 768w\" sizes=\"auto, (max-width: 800px) 100vw, 800px\" \/><\/p>\n<p>A kir\u00e1lyetap Balassagyarmatr\u00f3l indul, 12:40-kor \u00e9s v\u00e1rhat\u00f3an 17:38-kor \u00e9rkezik meg a mez\u0151ny eleje a K\u00e9kestet\u0151re. Imm\u00e1r tizenegyedszerre kell bevenni\u00fck a versenyz\u0151knek az orsz\u00e1g legmagasabb pontj\u00e1t, ami helyenk\u00e9nt 10%-os emelked\u0151t jelent, 18 kilom\u00e9teren \u00e1t. A tavalyi \u00e9vben ezen a szakaszon szerezte meg Valter Attila a s\u00e1rga trik\u00f3t!<\/p>\n<h2><strong>Az utols\u00f3 szakasz<\/strong><\/h2>\n<p>1925-ben innen indult el az els\u0151 verseny, id\u00e9n pedig itt \u00e9r v\u00e9get. Budapest m\u00e9lt\u00f3 helysz\u00edn a k\u00f6rverseny lez\u00e1r\u00e1s\u00e1ra, a 92 km-es szakaszon a karav\u00e1n a V\u00e1rosliget, a Pusk\u00e1s Ar\u00e9na \u00e9s a H\u0151s\u00f6k tere k\u00f6r\u00fcl tesz meg 12 k\u00f6rt, miel\u0151tt az Andr\u00e1ssy \u00faton be\u00e9r a c\u00e9lba. A z\u00e1r\u00f3szakaszon a sprintereknek ny\u00edlik lehet\u0151s\u00e9ge, hogy megv\u00e1ltoztass\u00e1k az \u00e1ll\u00e1st a z\u00f6ld trik\u00f3\u00e9rt folytatott harcban: h\u00e1rom gyorsas\u00e1gi r\u00e9szhajr\u00e1 v\u00e1r a r\u00e9sztvev\u0151kre a f\u0151v\u00e1rosban.<\/p>\n<p><em>Forr\u00e1s: <\/em><a href=\"https:\/\/www.tourdehongrie.hu\/szakaszok2020\"><em>tourdehongrie.hu<\/em><\/a><\/p>\n","protected":false},"excerpt":{"rendered":"<p>Minden \u00e9vben Magyarorsz\u00e1g \u00fajabb szelet\u00e9t mutathatjuk meg a Tour de Hongrie nemzetk\u00f6zi r\u00e9sztvev\u0151inek \u00e9s n\u00e9z\u0151inek, \u00e9s biztosak vagyunk benne, hogy [&hellip;]<\/p>\n","protected":false},"author":71,"featured_media":11227,"comment_status":"closed","ping_status":"closed","sticky":false,"template":"","format":"standard","meta":{"footnotes":""},"categories":[462],"tags":[],"global-categories":[],"class_list":["post-11226","post","type-post","status-publish","format-standard","has-post-thumbnail","hentry","category-tour-de-hongrie"],"yoast_head":"<!-- This site is optimized with the Yoast SEO Premium plugin v25.3 (Yoast SEO v25.9) - https:\/\/yoast.com\/wordpress\/plugins\/seo\/ -->\n<title>A Tour de Hongrie szakaszai \u2013 \u00fat az orsz\u00e1gon \u00e1t - \u0160koda We Love Cycling - Magyarorsz\u00e1g<\/title>\n<meta name=\"description\" content=\"Minden \u00e9vben Magyarorsz\u00e1g \u00fajabb szelet\u00e9t mutathatjuk meg a Tour de Hongrie nemzetk\u00f6zi r\u00e9sztvev\u0151inek \u00e9s n\u00e9z\u0151inek, \u00e9s biztosak vagyunk benne, hogy sem a l\u00e1tv\u00e1ny, sem a szakaszok kih\u00edv\u00e1sai nem okoznak csal\u00f3d\u00e1st. Az idei \u00e9v \u00fatvonala az orsz\u00e1g nyugati fel\u00e9t \u00f6leli fel, egy kihagyhatatlan kit\u00e9r\u0151vel az \u00c9szaki-k\u00f6z\u00e9phegys\u00e9gbe.\" \/>\n<meta name=\"robots\" content=\"index, follow, max-snippet:-1, max-image-preview:large, max-video-preview:-1\" \/>\n<link rel=\"canonical\" href=\"https:\/\/www.welovecycling.com\/hu\/tour-de-hongrie\/a-tour-de-hongrie-szakaszai-ut-az-orszagon-at\/\" \/>\n<meta property=\"og:locale\" content=\"hu_HU\" \/>\n<meta property=\"og:type\" content=\"article\" \/>\n<meta property=\"og:title\" content=\"A Tour de Hongrie szakaszai \u2013 \u00fat az orsz\u00e1gon \u00e1t\" \/>\n<meta property=\"og:description\" content=\"Minden \u00e9vben Magyarorsz\u00e1g \u00fajabb szelet\u00e9t mutathatjuk meg a Tour de Hongrie nemzetk\u00f6zi r\u00e9sztvev\u0151inek \u00e9s n\u00e9z\u0151inek, \u00e9s biztosak vagyunk benne, hogy sem a l\u00e1tv\u00e1ny, sem a szakaszok kih\u00edv\u00e1sai nem okoznak csal\u00f3d\u00e1st. Az idei \u00e9v \u00fatvonala az orsz\u00e1g nyugati fel\u00e9t \u00f6leli fel, egy kihagyhatatlan kit\u00e9r\u0151vel az \u00c9szaki-k\u00f6z\u00e9phegys\u00e9gbe.\" \/>\n<meta property=\"og:url\" content=\"https:\/\/www.welovecycling.com\/hu\/tour-de-hongrie\/a-tour-de-hongrie-szakaszai-ut-az-orszagon-at\/\" \/>\n<meta property=\"og:site_name\" content=\"\u0160koda We Love Cycling - Magyarorsz\u00e1g\" \/>\n<meta property=\"article:publisher\" content=\"https:\/\/www.facebook.com\/WeLoveCyclingHungary\/\" \/>\n<meta property=\"article:published_time\" content=\"2021-05-06T07:00:30+00:00\" \/>\n<meta property=\"og:image\" content=\"https:\/\/d2p6e6u75xmxt8.cloudfront.net\/12\/2021\/04\/tdh001.jpg\" \/>\n\t<meta property=\"og:image:width\" content=\"1171\" \/>\n\t<meta property=\"og:image:height\" content=\"779\" \/>\n\t<meta property=\"og:image:type\" content=\"image\/jpeg\" \/>\n<meta name=\"author\" content=\"hegyizs\" \/>\n<meta name=\"twitter:card\" content=\"summary_large_image\" \/>\n<meta name=\"twitter:label1\" content=\"Written by\" \/>\n\t<meta name=\"twitter:data1\" content=\"WLC\" \/>\n\t<meta name=\"twitter:label2\" content=\"Est. reading time\" \/>\n\t<meta name=\"twitter:data2\" content=\"4 minutes\" \/>\n<script type=\"application\/ld+json\" class=\"yoast-schema-graph\">{\"@context\":\"https:\/\/schema.org\",\"@graph\":[{\"@type\":\"WebPage\",\"@id\":\"https:\/\/www.welovecycling.com\/hu\/tour-de-hongrie\/a-tour-de-hongrie-szakaszai-ut-az-orszagon-at\/\",\"url\":\"https:\/\/www.welovecycling.com\/hu\/tour-de-hongrie\/a-tour-de-hongrie-szakaszai-ut-az-orszagon-at\/\",\"name\":\"A Tour de Hongrie szakaszai \u2013 \u00fat az orsz\u00e1gon \u00e1t - \u0160koda We Love Cycling - Magyarorsz\u00e1g\",\"isPartOf\":{\"@id\":\"https:\/\/www.welovecycling.com\/hu\/#website\"},\"primaryImageOfPage\":{\"@id\":\"https:\/\/www.welovecycling.com\/hu\/tour-de-hongrie\/a-tour-de-hongrie-szakaszai-ut-az-orszagon-at\/#primaryimage\"},\"image\":{\"@id\":\"https:\/\/www.welovecycling.com\/hu\/tour-de-hongrie\/a-tour-de-hongrie-szakaszai-ut-az-orszagon-at\/#primaryimage\"},\"thumbnailUrl\":\"https:\/\/d2p6e6u75xmxt8.cloudfront.net\/12\/2021\/04\/tdh001.jpg\",\"datePublished\":\"2021-05-06T07:00:30+00:00\",\"author\":{\"@id\":\"https:\/\/www.welovecycling.com\/hu\/#\/schema\/person\/414a2aebf1801691a5320edb6468e194\"},\"description\":\"Minden \u00e9vben Magyarorsz\u00e1g \u00fajabb szelet\u00e9t mutathatjuk meg a Tour de Hongrie nemzetk\u00f6zi r\u00e9sztvev\u0151inek \u00e9s n\u00e9z\u0151inek, \u00e9s biztosak vagyunk benne, hogy sem a l\u00e1tv\u00e1ny, sem a szakaszok kih\u00edv\u00e1sai nem okoznak csal\u00f3d\u00e1st. Az idei \u00e9v \u00fatvonala az orsz\u00e1g nyugati fel\u00e9t \u00f6leli fel, egy kihagyhatatlan kit\u00e9r\u0151vel az \u00c9szaki-k\u00f6z\u00e9phegys\u00e9gbe.\",\"breadcrumb\":{\"@id\":\"https:\/\/www.welovecycling.com\/hu\/tour-de-hongrie\/a-tour-de-hongrie-szakaszai-ut-az-orszagon-at\/#breadcrumb\"},\"inLanguage\":\"hu\",\"potentialAction\":[{\"@type\":\"ReadAction\",\"target\":[\"https:\/\/www.welovecycling.com\/hu\/tour-de-hongrie\/a-tour-de-hongrie-szakaszai-ut-az-orszagon-at\/\"]}]},{\"@type\":\"ImageObject\",\"inLanguage\":\"hu\",\"@id\":\"https:\/\/www.welovecycling.com\/hu\/tour-de-hongrie\/a-tour-de-hongrie-szakaszai-ut-az-orszagon-at\/#primaryimage\",\"url\":\"https:\/\/d2p6e6u75xmxt8.cloudfront.net\/12\/2021\/04\/tdh001.jpg\",\"contentUrl\":\"https:\/\/d2p6e6u75xmxt8.cloudfront.net\/12\/2021\/04\/tdh001.jpg\",\"width\":1171,\"height\":779},{\"@type\":\"BreadcrumbList\",\"@id\":\"https:\/\/www.welovecycling.com\/hu\/tour-de-hongrie\/a-tour-de-hongrie-szakaszai-ut-az-orszagon-at\/#breadcrumb\",\"itemListElement\":[{\"@type\":\"ListItem\",\"position\":1,\"name\":\"Home\",\"item\":\"https:\/\/www.welovecycling.com\/hu\/\"},{\"@type\":\"ListItem\",\"position\":2,\"name\":\"A Tour de Hongrie szakaszai \u2013 \u00fat az orsz\u00e1gon \u00e1t\"}]},{\"@type\":\"WebSite\",\"@id\":\"https:\/\/www.welovecycling.com\/hu\/#website\",\"url\":\"https:\/\/www.welovecycling.com\/hu\/\",\"name\":\"\u0160koda We Love Cycling - Magyarorsz\u00e1g\",\"description\":\"\u0160koda WeLoveCycling\",\"potentialAction\":[{\"@type\":\"SearchAction\",\"target\":{\"@type\":\"EntryPoint\",\"urlTemplate\":\"https:\/\/www.welovecycling.com\/hu\/?s={search_term_string}\"},\"query-input\":{\"@type\":\"PropertyValueSpecification\",\"valueRequired\":true,\"valueName\":\"search_term_string\"}}],\"inLanguage\":\"hu\"},{\"@type\":\"Person\",\"@id\":\"https:\/\/www.welovecycling.com\/hu\/#\/schema\/person\/414a2aebf1801691a5320edb6468e194\",\"name\":\"hegyizs\",\"image\":{\"@type\":\"ImageObject\",\"inLanguage\":\"hu\",\"@id\":\"https:\/\/www.welovecycling.com\/hu\/#\/schema\/person\/image\/\",\"url\":\"https:\/\/secure.gravatar.com\/avatar\/02cf8a7906b8cf90cecb4679defac7cfd33a1c2e3b88e4903d947f3bb58eedd3?s=96&d=mm&r=g\",\"contentUrl\":\"https:\/\/secure.gravatar.com\/avatar\/02cf8a7906b8cf90cecb4679defac7cfd33a1c2e3b88e4903d947f3bb58eedd3?s=96&d=mm&r=g\",\"caption\":\"hegyizs\"},\"url\":\"https:\/\/www.welovecycling.com\/hu\/author\/hegyizs\/\"}]}<\/script>\n<!-- \/ Yoast SEO Premium plugin. -->","yoast_head_json":{"title":"A Tour de Hongrie szakaszai \u2013 \u00fat az orsz\u00e1gon \u00e1t - \u0160koda We Love Cycling - Magyarorsz\u00e1g","description":"Minden \u00e9vben Magyarorsz\u00e1g \u00fajabb szelet\u00e9t mutathatjuk meg a Tour de Hongrie nemzetk\u00f6zi r\u00e9sztvev\u0151inek \u00e9s n\u00e9z\u0151inek, \u00e9s biztosak vagyunk benne, hogy sem a l\u00e1tv\u00e1ny, sem a szakaszok kih\u00edv\u00e1sai nem okoznak csal\u00f3d\u00e1st. Az idei \u00e9v \u00fatvonala az orsz\u00e1g nyugati fel\u00e9t \u00f6leli fel, egy kihagyhatatlan kit\u00e9r\u0151vel az \u00c9szaki-k\u00f6z\u00e9phegys\u00e9gbe.","robots":{"index":"index","follow":"follow","max-snippet":"max-snippet:-1","max-image-preview":"max-image-preview:large","max-video-preview":"max-video-preview:-1"},"canonical":"https:\/\/www.welovecycling.com\/hu\/tour-de-hongrie\/a-tour-de-hongrie-szakaszai-ut-az-orszagon-at\/","og_locale":"hu_HU","og_type":"article","og_title":"A Tour de Hongrie szakaszai \u2013 \u00fat az orsz\u00e1gon \u00e1t","og_description":"Minden \u00e9vben Magyarorsz\u00e1g \u00fajabb szelet\u00e9t mutathatjuk meg a Tour de Hongrie nemzetk\u00f6zi r\u00e9sztvev\u0151inek \u00e9s n\u00e9z\u0151inek, \u00e9s biztosak vagyunk benne, hogy sem a l\u00e1tv\u00e1ny, sem a szakaszok kih\u00edv\u00e1sai nem okoznak csal\u00f3d\u00e1st. Az idei \u00e9v \u00fatvonala az orsz\u00e1g nyugati fel\u00e9t \u00f6leli fel, egy kihagyhatatlan kit\u00e9r\u0151vel az \u00c9szaki-k\u00f6z\u00e9phegys\u00e9gbe.","og_url":"https:\/\/www.welovecycling.com\/hu\/tour-de-hongrie\/a-tour-de-hongrie-szakaszai-ut-az-orszagon-at\/","og_site_name":"\u0160koda We Love Cycling - Magyarorsz\u00e1g","article_publisher":"https:\/\/www.facebook.com\/WeLoveCyclingHungary\/","article_published_time":"2021-05-06T07:00:30+00:00","og_image":[{"width":1171,"height":779,"url":"https:\/\/d2p6e6u75xmxt8.cloudfront.net\/12\/2021\/04\/tdh001.jpg","type":"image\/jpeg"}],"author":"hegyizs","twitter_card":"summary_large_image","twitter_misc":{"Written by":"WLC","Est. reading time":"4 minutes"},"schema":{"@context":"https:\/\/schema.org","@graph":[{"@type":"WebPage","@id":"https:\/\/www.welovecycling.com\/hu\/tour-de-hongrie\/a-tour-de-hongrie-szakaszai-ut-az-orszagon-at\/","url":"https:\/\/www.welovecycling.com\/hu\/tour-de-hongrie\/a-tour-de-hongrie-szakaszai-ut-az-orszagon-at\/","name":"A Tour de Hongrie szakaszai \u2013 \u00fat az orsz\u00e1gon \u00e1t - \u0160koda We Love Cycling - Magyarorsz\u00e1g","isPartOf":{"@id":"https:\/\/www.welovecycling.com\/hu\/#website"},"primaryImageOfPage":{"@id":"https:\/\/www.welovecycling.com\/hu\/tour-de-hongrie\/a-tour-de-hongrie-szakaszai-ut-az-orszagon-at\/#primaryimage"},"image":{"@id":"https:\/\/www.welovecycling.com\/hu\/tour-de-hongrie\/a-tour-de-hongrie-szakaszai-ut-az-orszagon-at\/#primaryimage"},"thumbnailUrl":"https:\/\/d2p6e6u75xmxt8.cloudfront.net\/12\/2021\/04\/tdh001.jpg","datePublished":"2021-05-06T07:00:30+00:00","author":{"@id":"https:\/\/www.welovecycling.com\/hu\/#\/schema\/person\/414a2aebf1801691a5320edb6468e194"},"description":"Minden \u00e9vben Magyarorsz\u00e1g \u00fajabb szelet\u00e9t mutathatjuk meg a Tour de Hongrie nemzetk\u00f6zi r\u00e9sztvev\u0151inek \u00e9s n\u00e9z\u0151inek, \u00e9s biztosak vagyunk benne, hogy sem a l\u00e1tv\u00e1ny, sem a szakaszok kih\u00edv\u00e1sai nem okoznak csal\u00f3d\u00e1st. Az idei \u00e9v \u00fatvonala az orsz\u00e1g nyugati fel\u00e9t \u00f6leli fel, egy kihagyhatatlan kit\u00e9r\u0151vel az \u00c9szaki-k\u00f6z\u00e9phegys\u00e9gbe.","breadcrumb":{"@id":"https:\/\/www.welovecycling.com\/hu\/tour-de-hongrie\/a-tour-de-hongrie-szakaszai-ut-az-orszagon-at\/#breadcrumb"},"inLanguage":"hu","potentialAction":[{"@type":"ReadAction","target":["https:\/\/www.welovecycling.com\/hu\/tour-de-hongrie\/a-tour-de-hongrie-szakaszai-ut-az-orszagon-at\/"]}]},{"@type":"ImageObject","inLanguage":"hu","@id":"https:\/\/www.welovecycling.com\/hu\/tour-de-hongrie\/a-tour-de-hongrie-szakaszai-ut-az-orszagon-at\/#primaryimage","url":"https:\/\/d2p6e6u75xmxt8.cloudfront.net\/12\/2021\/04\/tdh001.jpg","contentUrl":"https:\/\/d2p6e6u75xmxt8.cloudfront.net\/12\/2021\/04\/tdh001.jpg","width":1171,"height":779},{"@type":"BreadcrumbList","@id":"https:\/\/www.welovecycling.com\/hu\/tour-de-hongrie\/a-tour-de-hongrie-szakaszai-ut-az-orszagon-at\/#breadcrumb","itemListElement":[{"@type":"ListItem","position":1,"name":"Home","item":"https:\/\/www.welovecycling.com\/hu\/"},{"@type":"ListItem","position":2,"name":"A Tour de Hongrie szakaszai \u2013 \u00fat az orsz\u00e1gon \u00e1t"}]},{"@type":"WebSite","@id":"https:\/\/www.welovecycling.com\/hu\/#website","url":"https:\/\/www.welovecycling.com\/hu\/","name":"\u0160koda We Love Cycling - Magyarorsz\u00e1g","description":"\u0160koda WeLoveCycling","potentialAction":[{"@type":"SearchAction","target":{"@type":"EntryPoint","urlTemplate":"https:\/\/www.welovecycling.com\/hu\/?s={search_term_string}"},"query-input":{"@type":"PropertyValueSpecification","valueRequired":true,"valueName":"search_term_string"}}],"inLanguage":"hu"},{"@type":"Person","@id":"https:\/\/www.welovecycling.com\/hu\/#\/schema\/person\/414a2aebf1801691a5320edb6468e194","name":"hegyizs","image":{"@type":"ImageObject","inLanguage":"hu","@id":"https:\/\/www.welovecycling.com\/hu\/#\/schema\/person\/image\/","url":"https:\/\/secure.gravatar.com\/avatar\/02cf8a7906b8cf90cecb4679defac7cfd33a1c2e3b88e4903d947f3bb58eedd3?s=96&d=mm&r=g","contentUrl":"https:\/\/secure.gravatar.com\/avatar\/02cf8a7906b8cf90cecb4679defac7cfd33a1c2e3b88e4903d947f3bb58eedd3?s=96&d=mm&r=g","caption":"hegyizs"},"url":"https:\/\/www.welovecycling.com\/hu\/author\/hegyizs\/"}]}},"_links":{"self":[{"href":"https:\/\/www.welovecycling.com\/hu\/wp-json\/wp\/v2\/posts\/11226","targetHints":{"allow":["GET"]}}],"collection":[{"href":"https:\/\/www.welovecycling.com\/hu\/wp-json\/wp\/v2\/posts"}],"about":[{"href":"https:\/\/www.welovecycling.com\/hu\/wp-json\/wp\/v2\/types\/post"}],"author":[{"embeddable":true,"href":"https:\/\/www.welovecycling.com\/hu\/wp-json\/wp\/v2\/users\/71"}],"replies":[{"embeddable":true,"href":"https:\/\/www.welovecycling.com\/hu\/wp-json\/wp\/v2\/comments?post=11226"}],"version-history":[{"count":1,"href":"https:\/\/www.welovecycling.com\/hu\/wp-json\/wp\/v2\/posts\/11226\/revisions"}],"predecessor-version":[{"id":11232,"href":"https:\/\/www.welovecycling.com\/hu\/wp-json\/wp\/v2\/posts\/11226\/revisions\/11232"}],"wp:featuredmedia":[{"embeddable":true,"href":"https:\/\/www.welovecycling.com\/hu\/wp-json\/wp\/v2\/media\/11227"}],"wp:attachment":[{"href":"https:\/\/www.welovecycling.com\/hu\/wp-json\/wp\/v2\/media?parent=11226"}],"wp:term":[{"taxonomy":"category","embeddable":true,"href":"https:\/\/www.welovecycling.com\/hu\/wp-json\/wp\/v2\/categories?post=11226"},{"taxonomy":"post_tag","embeddable":true,"href":"https:\/\/www.welovecycling.com\/hu\/wp-json\/wp\/v2\/tags?post=11226"},{"taxonomy":"global-categories","embeddable":true,"href":"https:\/\/www.welovecycling.com\/hu\/wp-json\/wp\/v2\/global-categories?post=11226"}],"curies":[{"name":"wp","href":"https:\/\/api.w.org\/{rel}","templated":true}]}}