{"id":11219,"date":"2021-05-07T08:00:05","date_gmt":"2021-05-07T07:00:05","guid":{"rendered":"https:\/\/www.welovecycling.com\/hu\/?p=11219"},"modified":"2021-04-30T16:24:15","modified_gmt":"2021-04-30T15:24:15","slug":"peter-sagan-tul-a-koronaviruson","status":"publish","type":"post","link":"https:\/\/www.welovecycling.com\/hu\/orszaguti-kerekpar\/peter-sagan-tul-a-koronaviruson\/","title":{"rendered":"Peter Sagan: t\u00fal a koronav\u00edruson"},"content":{"rendered":"<p><strong>Miut\u00e1n \u00e1tesett a koronav\u00edruson \u00e9s csapata, a BORA \u2013 hansgrohe \u00fagy t\u0171nik, meg szeretne v\u00e1lni t\u0151le, hogy 5 milli\u00f3 eur\u00f3s \u00e9ves fizet\u00e9s\u00e9t az \u00edg\u00e9retes fiatalokra ford\u00edthassa, azt gondolhatn\u00e1nk, hogy megingott a 31 \u00e9ves Peter Sagan \u00f6nbizalma.<\/strong><\/p>\n<p><!--more--><\/p>\n<p>\u00d6sszess\u00e9g\u00e9ben 2020 nem volt t\u00fal j\u00f3 \u00e9v sz\u00e1m\u00e1ra. Tal\u00e1n csak az\u00e9rt, mert a vil\u00e1gj\u00e1rv\u00e1ny megzavarta az edz\u00e9sek \u00e9s a versenyek szok\u00e1sos menet\u00e9t, de Sagan csak \u00e1rny\u00e9ka volt domin\u00e1ns \u00f6nmag\u00e1nak \u00e9s mind\u00f6ssze egy gy\u0151zelmet aratott eg\u00e9sz \u00e9vben, amikor megnyerte a Giro d\u2019Italia egyik szakasz\u00e1t. Ez a k\u00f6z\u00e9pszer\u0171 teljes\u00edtm\u00e9ny lehet az oka, hogy a csapat menedzsere, Ralph Denk azt nyilatkozta: a szlov\u00e1k csillag m\u00e1r t\u00faljutott karrierje cs\u00facspontj\u00e1n.<\/p>\n<p>Azonban az idei \u00e9v tartogathat m\u00e9g meglepet\u00e9seket.<\/p>\n<figure id=\"attachment_11221\" aria-describedby=\"caption-attachment-11221\" style=\"width: 1000px\" class=\"wp-caption alignnone\"><a href=\"https:\/\/d2p6e6u75xmxt8.cloudfront.net\/12\/2021\/04\/Sagan-profimedia-0604054161.jpg\"><img loading=\"lazy\" decoding=\"async\" class=\"size-full wp-image-11221\" src=\"https:\/\/d2p6e6u75xmxt8.cloudfront.net\/12\/2021\/04\/Sagan-profimedia-0604054161.jpg\" alt=\"Peter Sagan\" width=\"1000\" height=\"666\" srcset=\"https:\/\/d2p6e6u75xmxt8.cloudfront.net\/12\/2021\/04\/Sagan-profimedia-0604054161.jpg 1000w, https:\/\/d2p6e6u75xmxt8.cloudfront.net\/12\/2021\/04\/Sagan-profimedia-0604054161-300x200.jpg 300w, https:\/\/d2p6e6u75xmxt8.cloudfront.net\/12\/2021\/04\/Sagan-profimedia-0604054161-768x511.jpg 768w, https:\/\/d2p6e6u75xmxt8.cloudfront.net\/12\/2021\/04\/Sagan-profimedia-0604054161-272x182.jpg 272w\" sizes=\"auto, (max-width: 1000px) 100vw, 1000px\" \/><\/a><figcaption id=\"caption-attachment-11221\" class=\"wp-caption-text\"><em>Sagan a 2021-es Flandri\u00e1n. \u00a9 Profimedia<\/em><\/figcaption><\/figure>\n<p>Miut\u00e1n betegs\u00e9g miatt k\u00e9nytelen volt kihagyni a szezon els\u0151 klasszikusait febru\u00e1r v\u00e9g\u00e9n, Sagan m\u00e1rcius 10-\u00e9n deb\u00fct\u00e1lt a h\u00e9tnapos Tirreno-Adriatico versenyen, ahol 130. lett, t\u00f6bb mint 1 \u00f3ra 7 perces h\u00e1tr\u00e1nnyal Tadej Poga\u010dar m\u00f6g\u00f6tt. A sz\u00e1m\u00e1ra kedvez\u0151 etapok sem alakultak j\u00f3l a szlov\u00e1k klasszisnak: legjobb eredm\u00e9nye egy 11. hely volt az els\u0151 szakaszon.<\/p>\n<p>A k\u00f6vetkez\u0151 megm\u00e9rettet\u00e9s\u00e9re m\u00e1rcius 20-\u00e1n ker\u00fclt sor: Sagan kisebb meglepet\u00e9sre negyedik helyen v\u00e9gzett az egynapos Mil\u00e1n\u00f3-Sanremo versenyen, \u00e9ppen megel\u0151zve a cs\u00facsform\u00e1ban l\u00e9v\u0151 Mathieu Van der Poelt. A 299 km-es t\u00e1von az \u00e1tlagsebess\u00e9ge valamivel t\u00f6bb volt, mint 45 km\/\u00f3ra, ami remek egy fel\u00e9p\u00fcl\u0151 ker\u00e9kp\u00e1rost\u00f3l.<\/p>\n<div class=\"embed-controller-wrapper\">\n<blockquote class=\"twitter-tweet\" data-width=\"500\" data-dnt=\"true\">\n<p lang=\"en\" dir=\"ltr\">One week to go until my next race, I look forward to hitting the start line at the <a href=\"https:\/\/twitter.com\/TourDeRomandie?ref_src=twsrc%5Etfw\">@TourDeRomandie<\/a>!  <a href=\"https:\/\/twitter.com\/iamspecialized?ref_src=twsrc%5Etfw\">@iamspecialized<\/a> <a href=\"https:\/\/twitter.com\/sportful?ref_src=twsrc%5Etfw\">@sportful<\/a> <a href=\"https:\/\/twitter.com\/ride100percent?ref_src=twsrc%5Etfw\">@ride100percent<\/a><\/p>\n<p>(Photo <a href=\"https:\/\/twitter.com\/bettiniphoto?ref_src=twsrc%5Etfw\">@bettiniphoto<\/a>) <a href=\"https:\/\/t.co\/Dyp94SbcWj\">pic.twitter.com\/Dyp94SbcWj<\/a><\/p>\n<p>&mdash; Peter Sagan (@petosagan) <a href=\"https:\/\/twitter.com\/petosagan\/status\/1384558640145870849?ref_src=twsrc%5Etfw\">April 20, 2021<\/a><\/p><\/blockquote>\n<p><script async data-src=\"https:\/\/platform.twitter.com\/widgets.js\" charset=\"utf-8\"><\/script><\/div>\n<p>Sagan fejl\u0151d\u00e9se azt sugallta, hogy hamarosan megszerezheti idei els\u0151 gy\u0151zelm\u00e9t \u2013 erre nem is kellett sokat v\u00e1rni. Egy h\u00e9ttel a mil\u00e1n\u00f3i verseny ut\u00e1n a Katal\u00e1n K\u00f6rverseny hatodik szakasz\u00e1n megt\u00f6rt a j\u00e9g. Az \u00fatvonal r\u00f6vid emelked\u0151i kifejezetten kedveztek Sagannak, aki k\u00e9nyelmes gy\u0151zelmet aratott Daryl Impey (Israel Start-Up Nation) \u00e9s Juan Sebasti\u00e1n Molano (UAE-Team Emirates) el\u0151tt. Az \u00f6sszetett pontversenyben v\u00e9g\u00fcl m\u00e1sodik lett Thomas de Gendttel (Lotto-Soudal) holtversenyben, mind\u00f6ssze 3 ponttal a gy\u0151ztes Esteban Chaves (Team BikeExchange) m\u00f6g\u00f6tt. Az m\u00e1r most biztos, hogy az idei szezonja jobban alakul, mint a tavalyi.<\/p>\n<p><em>\u201e\u00d6r\u00fcl\u00f6k ennek a gy\u0151zelemnek\u201d<\/em> \u2013 \u00edrta a honlapj\u00e1n. <em>\u201eEz egy j\u00f3 szezonkezd\u00e9s volt, f\u0151leg azok ut\u00e1n, amiket az elm\u00falt p\u00e1r h\u00f3napban \u00e1t\u00e9ltem. Nem volt k\u00f6nny\u0171 id\u0151szak, de \u00fagy t\u0171nik, v\u00e9ge.\u201d<\/em><\/p>\n<figure id=\"attachment_11222\" aria-describedby=\"caption-attachment-11222\" style=\"width: 1024px\" class=\"wp-caption alignnone\"><a href=\"https:\/\/d2p6e6u75xmxt8.cloudfront.net\/2\/2021\/04\/Sagan-Volta-Catalunya-profimedia-0601696169.jpg\"><img loading=\"lazy\" decoding=\"async\" class=\"wp-image-11222 size-large\" src=\"https:\/\/d2p6e6u75xmxt8.cloudfront.net\/12\/2021\/04\/Sagan-Volta-Catalunya-profimedia-0601696169-1024x688.jpg\" alt=\"La Volta Catalunya\" width=\"1024\" height=\"688\" srcset=\"https:\/\/d2p6e6u75xmxt8.cloudfront.net\/12\/2021\/04\/Sagan-Volta-Catalunya-profimedia-0601696169-1024x688.jpg 1024w, https:\/\/d2p6e6u75xmxt8.cloudfront.net\/12\/2021\/04\/Sagan-Volta-Catalunya-profimedia-0601696169-300x202.jpg 300w, https:\/\/d2p6e6u75xmxt8.cloudfront.net\/12\/2021\/04\/Sagan-Volta-Catalunya-profimedia-0601696169-768x516.jpg 768w, https:\/\/d2p6e6u75xmxt8.cloudfront.net\/12\/2021\/04\/Sagan-Volta-Catalunya-profimedia-0601696169-272x182.jpg 272w, https:\/\/d2p6e6u75xmxt8.cloudfront.net\/12\/2021\/04\/Sagan-Volta-Catalunya-profimedia-0601696169.jpg 1250w\" sizes=\"auto, (max-width: 1024px) 100vw, 1024px\" \/><\/a><figcaption id=\"caption-attachment-11222\" class=\"wp-caption-text\"><em>A Katal\u00e1n K\u00f6rversenyen szakaszgy\u0151zelmet aratott Sagan. \u00a9 Profimedia<\/em><\/figcaption><\/figure>\n<p>A k\u00f6vetkez\u0151 teszt \u00e1prilis 4-\u00e9n a legend\u00e1s Flandriai K\u00f6rverseny monumentuma volt, melyet Sagan 2016-ban meg is nyert. Ez\u00fattal 15. lett az elk\u00e9peszt\u0151en er\u0151s mez\u0151nyben, mind\u00f6ssze 2 perc 15 m\u00e1sodperccel a gy\u0151ztes Kasper Asgreen (Deceuninck-Quick Step) m\u00f6g\u00f6tt. Ezt k\u00f6vet\u0151en a Romandiai K\u00f6rverseny nyit\u00f3 szakasz\u00e1n \u00fajabb gy\u0151zelmet szerzett egy kiscsoportos mez\u0151nyhajr\u00e1ban, amely \u00fajfent igazolta javul\u00f3 form\u00e1j\u00e1t.<\/p>\n<p>Nagy rem\u00e9nyekkel v\u00e1rjuk teh\u00e1t a holnap indul\u00f3 Giro d\u2019Italia-t: sz\u00e1m\u00edthatunk r\u00e1, hogy Sagan legal\u00e1bb egy szakaszt megnyer. Azt\u00e1n j\u00f6het a Tour de France, \u00e9s az es\u00e9ly a nyolcadik z\u00f6ld trik\u00f3 megszerz\u00e9s\u00e9re!<\/p>\n","protected":false},"excerpt":{"rendered":"<p>Miut\u00e1n \u00e1tesett a koronav\u00edruson \u00e9s csapata, a BORA \u2013 hansgrohe \u00fagy t\u0171nik, meg szeretne v\u00e1lni t\u0151le, hogy 5 milli\u00f3 eur\u00f3s [&hellip;]<\/p>\n","protected":false},"author":71,"featured_media":11224,"comment_status":"closed","ping_status":"closed","sticky":false,"template":"","format":"standard","meta":{"footnotes":""},"categories":[8],"tags":[],"global-categories":[],"class_list":["post-11219","post","type-post","status-publish","format-standard","has-post-thumbnail","hentry","category-orszaguti-kerekpar"],"yoast_head":"<!-- This site is optimized with the Yoast SEO Premium plugin v25.3 (Yoast SEO v25.9) - https:\/\/yoast.com\/wordpress\/plugins\/seo\/ -->\n<title>Peter Sagan: t\u00fal a koronav\u00edruson - \u0160koda We Love Cycling - Magyarorsz\u00e1g<\/title>\n<meta name=\"description\" content=\"Miut\u00e1n \u00e1tesett a koronav\u00edruson \u00e9s csapata, a BORA \u2013 hansgrohe \u00fagy t\u0171nik, meg szeretne v\u00e1lni t\u0151le, hogy 5 milli\u00f3 eur\u00f3s \u00e9ves fizet\u00e9s\u00e9t az \u00edg\u00e9retes fiatalokra ford\u00edthassa, azt gondolhatn\u00e1nk, hogy megingott a 31 \u00e9ves Peter Sagan \u00f6nbizalma.\" \/>\n<meta name=\"robots\" content=\"index, follow, max-snippet:-1, max-image-preview:large, max-video-preview:-1\" \/>\n<link rel=\"canonical\" href=\"https:\/\/www.welovecycling.com\/hu\/orszaguti-kerekpar\/peter-sagan-tul-a-koronaviruson\/\" \/>\n<meta property=\"og:locale\" content=\"hu_HU\" \/>\n<meta property=\"og:type\" content=\"article\" \/>\n<meta property=\"og:title\" content=\"Peter Sagan: t\u00fal a koronav\u00edruson\" \/>\n<meta property=\"og:description\" content=\"Miut\u00e1n \u00e1tesett a koronav\u00edruson \u00e9s csapata, a BORA \u2013 hansgrohe \u00fagy t\u0171nik, meg szeretne v\u00e1lni t\u0151le, hogy 5 milli\u00f3 eur\u00f3s \u00e9ves fizet\u00e9s\u00e9t az \u00edg\u00e9retes fiatalokra ford\u00edthassa, azt gondolhatn\u00e1nk, hogy megingott a 31 \u00e9ves Peter Sagan \u00f6nbizalma.\" \/>\n<meta property=\"og:url\" content=\"https:\/\/www.welovecycling.com\/hu\/orszaguti-kerekpar\/peter-sagan-tul-a-koronaviruson\/\" \/>\n<meta property=\"og:site_name\" content=\"\u0160koda We Love Cycling - Magyarorsz\u00e1g\" \/>\n<meta property=\"article:publisher\" content=\"https:\/\/www.facebook.com\/WeLoveCyclingHungary\/\" \/>\n<meta property=\"article:published_time\" content=\"2021-05-07T07:00:05+00:00\" \/>\n<meta property=\"og:image\" content=\"https:\/\/d2p6e6u75xmxt8.cloudfront.net\/12\/2021\/04\/Sagan-profimedia-0565363486-CVR.jpg\" \/>\n\t<meta property=\"og:image:width\" content=\"1366\" \/>\n\t<meta property=\"og:image:height\" content=\"600\" \/>\n\t<meta property=\"og:image:type\" content=\"image\/jpeg\" \/>\n<meta name=\"author\" content=\"hegyizs\" \/>\n<meta name=\"twitter:card\" content=\"summary_large_image\" \/>\n<meta name=\"twitter:label1\" content=\"Written by\" \/>\n\t<meta name=\"twitter:data1\" content=\"Siegfried Mortkowitz\" \/>\n\t<meta name=\"twitter:label2\" content=\"Est. reading time\" \/>\n\t<meta name=\"twitter:data2\" content=\"5\" \/>\n<script type=\"application\/ld+json\" class=\"yoast-schema-graph\">{\"@context\":\"https:\/\/schema.org\",\"@graph\":[{\"@type\":\"WebPage\",\"@id\":\"https:\/\/www.welovecycling.com\/hu\/orszaguti-kerekpar\/peter-sagan-tul-a-koronaviruson\/\",\"url\":\"https:\/\/www.welovecycling.com\/hu\/orszaguti-kerekpar\/peter-sagan-tul-a-koronaviruson\/\",\"name\":\"Peter Sagan: t\u00fal a koronav\u00edruson - \u0160koda We Love Cycling - Magyarorsz\u00e1g\",\"isPartOf\":{\"@id\":\"https:\/\/www.welovecycling.com\/hu\/#website\"},\"primaryImageOfPage\":{\"@id\":\"https:\/\/www.welovecycling.com\/hu\/orszaguti-kerekpar\/peter-sagan-tul-a-koronaviruson\/#primaryimage\"},\"image\":{\"@id\":\"https:\/\/www.welovecycling.com\/hu\/orszaguti-kerekpar\/peter-sagan-tul-a-koronaviruson\/#primaryimage\"},\"thumbnailUrl\":\"https:\/\/d2p6e6u75xmxt8.cloudfront.net\/12\/2021\/04\/Sagan-profimedia-0565363486-CVR.jpg\",\"datePublished\":\"2021-05-07T07:00:05+00:00\",\"author\":{\"@id\":\"https:\/\/www.welovecycling.com\/hu\/#\/schema\/person\/414a2aebf1801691a5320edb6468e194\"},\"description\":\"Miut\u00e1n \u00e1tesett a koronav\u00edruson \u00e9s csapata, a BORA \u2013 hansgrohe \u00fagy t\u0171nik, meg szeretne v\u00e1lni t\u0151le, hogy 5 milli\u00f3 eur\u00f3s \u00e9ves fizet\u00e9s\u00e9t az \u00edg\u00e9retes fiatalokra ford\u00edthassa, azt gondolhatn\u00e1nk, hogy megingott a 31 \u00e9ves Peter Sagan \u00f6nbizalma.\",\"breadcrumb\":{\"@id\":\"https:\/\/www.welovecycling.com\/hu\/orszaguti-kerekpar\/peter-sagan-tul-a-koronaviruson\/#breadcrumb\"},\"inLanguage\":\"hu\",\"potentialAction\":[{\"@type\":\"ReadAction\",\"target\":[\"https:\/\/www.welovecycling.com\/hu\/orszaguti-kerekpar\/peter-sagan-tul-a-koronaviruson\/\"]}]},{\"@type\":\"ImageObject\",\"inLanguage\":\"hu\",\"@id\":\"https:\/\/www.welovecycling.com\/hu\/orszaguti-kerekpar\/peter-sagan-tul-a-koronaviruson\/#primaryimage\",\"url\":\"https:\/\/d2p6e6u75xmxt8.cloudfront.net\/12\/2021\/04\/Sagan-profimedia-0565363486-CVR.jpg\",\"contentUrl\":\"https:\/\/d2p6e6u75xmxt8.cloudfront.net\/12\/2021\/04\/Sagan-profimedia-0565363486-CVR.jpg\",\"width\":1366,\"height\":600,\"caption\":\"Peter Sagan\"},{\"@type\":\"BreadcrumbList\",\"@id\":\"https:\/\/www.welovecycling.com\/hu\/orszaguti-kerekpar\/peter-sagan-tul-a-koronaviruson\/#breadcrumb\",\"itemListElement\":[{\"@type\":\"ListItem\",\"position\":1,\"name\":\"Home\",\"item\":\"https:\/\/www.welovecycling.com\/hu\/\"},{\"@type\":\"ListItem\",\"position\":2,\"name\":\"Peter Sagan: t\u00fal a koronav\u00edruson\"}]},{\"@type\":\"WebSite\",\"@id\":\"https:\/\/www.welovecycling.com\/hu\/#website\",\"url\":\"https:\/\/www.welovecycling.com\/hu\/\",\"name\":\"\u0160koda We Love Cycling - Magyarorsz\u00e1g\",\"description\":\"\u0160koda WeLoveCycling\",\"potentialAction\":[{\"@type\":\"SearchAction\",\"target\":{\"@type\":\"EntryPoint\",\"urlTemplate\":\"https:\/\/www.welovecycling.com\/hu\/?s={search_term_string}\"},\"query-input\":{\"@type\":\"PropertyValueSpecification\",\"valueRequired\":true,\"valueName\":\"search_term_string\"}}],\"inLanguage\":\"hu\"},{\"@type\":\"Person\",\"@id\":\"https:\/\/www.welovecycling.com\/hu\/#\/schema\/person\/414a2aebf1801691a5320edb6468e194\",\"name\":\"hegyizs\",\"image\":{\"@type\":\"ImageObject\",\"inLanguage\":\"hu\",\"@id\":\"https:\/\/www.welovecycling.com\/hu\/#\/schema\/person\/image\/\",\"url\":\"https:\/\/secure.gravatar.com\/avatar\/02cf8a7906b8cf90cecb4679defac7cfd33a1c2e3b88e4903d947f3bb58eedd3?s=96&d=mm&r=g\",\"contentUrl\":\"https:\/\/secure.gravatar.com\/avatar\/02cf8a7906b8cf90cecb4679defac7cfd33a1c2e3b88e4903d947f3bb58eedd3?s=96&d=mm&r=g\",\"caption\":\"hegyizs\"},\"url\":\"https:\/\/www.welovecycling.com\/hu\/author\/hegyizs\/\"}]}<\/script>\n<!-- \/ Yoast SEO Premium plugin. -->","yoast_head_json":{"title":"Peter Sagan: t\u00fal a koronav\u00edruson - \u0160koda We Love Cycling - Magyarorsz\u00e1g","description":"Miut\u00e1n \u00e1tesett a koronav\u00edruson \u00e9s csapata, a BORA \u2013 hansgrohe \u00fagy t\u0171nik, meg szeretne v\u00e1lni t\u0151le, hogy 5 milli\u00f3 eur\u00f3s \u00e9ves fizet\u00e9s\u00e9t az \u00edg\u00e9retes fiatalokra ford\u00edthassa, azt gondolhatn\u00e1nk, hogy megingott a 31 \u00e9ves Peter Sagan \u00f6nbizalma.","robots":{"index":"index","follow":"follow","max-snippet":"max-snippet:-1","max-image-preview":"max-image-preview:large","max-video-preview":"max-video-preview:-1"},"canonical":"https:\/\/www.welovecycling.com\/hu\/orszaguti-kerekpar\/peter-sagan-tul-a-koronaviruson\/","og_locale":"hu_HU","og_type":"article","og_title":"Peter Sagan: t\u00fal a koronav\u00edruson","og_description":"Miut\u00e1n \u00e1tesett a koronav\u00edruson \u00e9s csapata, a BORA \u2013 hansgrohe \u00fagy t\u0171nik, meg szeretne v\u00e1lni t\u0151le, hogy 5 milli\u00f3 eur\u00f3s \u00e9ves fizet\u00e9s\u00e9t az \u00edg\u00e9retes fiatalokra ford\u00edthassa, azt gondolhatn\u00e1nk, hogy megingott a 31 \u00e9ves Peter Sagan \u00f6nbizalma.","og_url":"https:\/\/www.welovecycling.com\/hu\/orszaguti-kerekpar\/peter-sagan-tul-a-koronaviruson\/","og_site_name":"\u0160koda We Love Cycling - Magyarorsz\u00e1g","article_publisher":"https:\/\/www.facebook.com\/WeLoveCyclingHungary\/","article_published_time":"2021-05-07T07:00:05+00:00","og_image":[{"width":1366,"height":600,"url":"https:\/\/d2p6e6u75xmxt8.cloudfront.net\/12\/2021\/04\/Sagan-profimedia-0565363486-CVR.jpg","type":"image\/jpeg"}],"author":"hegyizs","twitter_card":"summary_large_image","twitter_misc":{"Written by":"Siegfried Mortkowitz","Est. reading time":"5"},"schema":{"@context":"https:\/\/schema.org","@graph":[{"@type":"WebPage","@id":"https:\/\/www.welovecycling.com\/hu\/orszaguti-kerekpar\/peter-sagan-tul-a-koronaviruson\/","url":"https:\/\/www.welovecycling.com\/hu\/orszaguti-kerekpar\/peter-sagan-tul-a-koronaviruson\/","name":"Peter Sagan: t\u00fal a koronav\u00edruson - \u0160koda We Love Cycling - Magyarorsz\u00e1g","isPartOf":{"@id":"https:\/\/www.welovecycling.com\/hu\/#website"},"primaryImageOfPage":{"@id":"https:\/\/www.welovecycling.com\/hu\/orszaguti-kerekpar\/peter-sagan-tul-a-koronaviruson\/#primaryimage"},"image":{"@id":"https:\/\/www.welovecycling.com\/hu\/orszaguti-kerekpar\/peter-sagan-tul-a-koronaviruson\/#primaryimage"},"thumbnailUrl":"https:\/\/d2p6e6u75xmxt8.cloudfront.net\/12\/2021\/04\/Sagan-profimedia-0565363486-CVR.jpg","datePublished":"2021-05-07T07:00:05+00:00","author":{"@id":"https:\/\/www.welovecycling.com\/hu\/#\/schema\/person\/414a2aebf1801691a5320edb6468e194"},"description":"Miut\u00e1n \u00e1tesett a koronav\u00edruson \u00e9s csapata, a BORA \u2013 hansgrohe \u00fagy t\u0171nik, meg szeretne v\u00e1lni t\u0151le, hogy 5 milli\u00f3 eur\u00f3s \u00e9ves fizet\u00e9s\u00e9t az \u00edg\u00e9retes fiatalokra ford\u00edthassa, azt gondolhatn\u00e1nk, hogy megingott a 31 \u00e9ves Peter Sagan \u00f6nbizalma.","breadcrumb":{"@id":"https:\/\/www.welovecycling.com\/hu\/orszaguti-kerekpar\/peter-sagan-tul-a-koronaviruson\/#breadcrumb"},"inLanguage":"hu","potentialAction":[{"@type":"ReadAction","target":["https:\/\/www.welovecycling.com\/hu\/orszaguti-kerekpar\/peter-sagan-tul-a-koronaviruson\/"]}]},{"@type":"ImageObject","inLanguage":"hu","@id":"https:\/\/www.welovecycling.com\/hu\/orszaguti-kerekpar\/peter-sagan-tul-a-koronaviruson\/#primaryimage","url":"https:\/\/d2p6e6u75xmxt8.cloudfront.net\/12\/2021\/04\/Sagan-profimedia-0565363486-CVR.jpg","contentUrl":"https:\/\/d2p6e6u75xmxt8.cloudfront.net\/12\/2021\/04\/Sagan-profimedia-0565363486-CVR.jpg","width":1366,"height":600,"caption":"Peter Sagan"},{"@type":"BreadcrumbList","@id":"https:\/\/www.welovecycling.com\/hu\/orszaguti-kerekpar\/peter-sagan-tul-a-koronaviruson\/#breadcrumb","itemListElement":[{"@type":"ListItem","position":1,"name":"Home","item":"https:\/\/www.welovecycling.com\/hu\/"},{"@type":"ListItem","position":2,"name":"Peter Sagan: t\u00fal a koronav\u00edruson"}]},{"@type":"WebSite","@id":"https:\/\/www.welovecycling.com\/hu\/#website","url":"https:\/\/www.welovecycling.com\/hu\/","name":"\u0160koda We Love Cycling - Magyarorsz\u00e1g","description":"\u0160koda WeLoveCycling","potentialAction":[{"@type":"SearchAction","target":{"@type":"EntryPoint","urlTemplate":"https:\/\/www.welovecycling.com\/hu\/?s={search_term_string}"},"query-input":{"@type":"PropertyValueSpecification","valueRequired":true,"valueName":"search_term_string"}}],"inLanguage":"hu"},{"@type":"Person","@id":"https:\/\/www.welovecycling.com\/hu\/#\/schema\/person\/414a2aebf1801691a5320edb6468e194","name":"hegyizs","image":{"@type":"ImageObject","inLanguage":"hu","@id":"https:\/\/www.welovecycling.com\/hu\/#\/schema\/person\/image\/","url":"https:\/\/secure.gravatar.com\/avatar\/02cf8a7906b8cf90cecb4679defac7cfd33a1c2e3b88e4903d947f3bb58eedd3?s=96&d=mm&r=g","contentUrl":"https:\/\/secure.gravatar.com\/avatar\/02cf8a7906b8cf90cecb4679defac7cfd33a1c2e3b88e4903d947f3bb58eedd3?s=96&d=mm&r=g","caption":"hegyizs"},"url":"https:\/\/www.welovecycling.com\/hu\/author\/hegyizs\/"}]}},"_links":{"self":[{"href":"https:\/\/www.welovecycling.com\/hu\/wp-json\/wp\/v2\/posts\/11219","targetHints":{"allow":["GET"]}}],"collection":[{"href":"https:\/\/www.welovecycling.com\/hu\/wp-json\/wp\/v2\/posts"}],"about":[{"href":"https:\/\/www.welovecycling.com\/hu\/wp-json\/wp\/v2\/types\/post"}],"author":[{"embeddable":true,"href":"https:\/\/www.welovecycling.com\/hu\/wp-json\/wp\/v2\/users\/71"}],"replies":[{"embeddable":true,"href":"https:\/\/www.welovecycling.com\/hu\/wp-json\/wp\/v2\/comments?post=11219"}],"version-history":[{"count":2,"href":"https:\/\/www.welovecycling.com\/hu\/wp-json\/wp\/v2\/posts\/11219\/revisions"}],"predecessor-version":[{"id":11225,"href":"https:\/\/www.welovecycling.com\/hu\/wp-json\/wp\/v2\/posts\/11219\/revisions\/11225"}],"wp:featuredmedia":[{"embeddable":true,"href":"https:\/\/www.welovecycling.com\/hu\/wp-json\/wp\/v2\/media\/11224"}],"wp:attachment":[{"href":"https:\/\/www.welovecycling.com\/hu\/wp-json\/wp\/v2\/media?parent=11219"}],"wp:term":[{"taxonomy":"category","embeddable":true,"href":"https:\/\/www.welovecycling.com\/hu\/wp-json\/wp\/v2\/categories?post=11219"},{"taxonomy":"post_tag","embeddable":true,"href":"https:\/\/www.welovecycling.com\/hu\/wp-json\/wp\/v2\/tags?post=11219"},{"taxonomy":"global-categories","embeddable":true,"href":"https:\/\/www.welovecycling.com\/hu\/wp-json\/wp\/v2\/global-categories?post=11219"}],"curies":[{"name":"wp","href":"https:\/\/api.w.org\/{rel}","templated":true}]}}