{"id":11213,"date":"2021-05-03T08:00:37","date_gmt":"2021-05-03T07:00:37","guid":{"rendered":"https:\/\/www.welovecycling.com\/hu\/?p=11213"},"modified":"2021-04-30T16:22:18","modified_gmt":"2021-04-30T15:22:18","slug":"julian-alaphilippe-lett-a-fleche-wallonne-gyoztese","status":"publish","type":"post","link":"https:\/\/www.welovecycling.com\/hu\/orszaguti-kerekpar\/julian-alaphilippe-lett-a-fleche-wallonne-gyoztese\/","title":{"rendered":"Julian Alaphilippe lett a Fl\u00e8che Wallonne gy\u0151ztese"},"content":{"rendered":"<p><strong>A vil\u00e1gbajnokot alig l\u00e1thattuk a verseny alatt, miel\u0151tt csapata az utols\u00f3 emelked\u0151n az \u00e9lre \u00e1llt. Ezut\u00e1n \u00fcld\u00f6z\u0151be vette Primo\u017e Rogli\u010dot (Jumbo-Visma) a Mur de Huy-on, \u00e9s a verseny utols\u00f3 75 m\u00e9ter\u00e9n siker\u00fclt is lehagynia. A 28 \u00e9ves francia karrierje sor\u00e1n harmadszor nyerte meg az ardenneki egynapost.<\/strong><\/p>\n<p><!--more--><\/p>\n<p><em>\u201eMeg akartam mutatni, hogy er\u0151s vagyok fejben is\u201d<\/em> \u2013 nyilatkozta Julian Alaphilippe (Deceuninck &#8211; Quick-Step) a verseny ut\u00e1n. <em>\u201eNem nyertem m\u00e9g t\u00fal sokszor ebben a szezonban, fontos volt, hogy \u00fajra el\u0151t\u00e9rbe ker\u00fcljek. Nagyon szerettem volna egy ilyen neh\u00e9z versenyen els\u0151k\u00e9nt be\u00e9rni a c\u00e9lba! B\u00fcszke vagyok a csapatt\u00e1rsaimra, csod\u00e1latos munk\u00e1t v\u00e9geztek, igaz\u00e1n sokat seg\u00edtettek, hogy a lehet\u0151 legjobb poz\u00edci\u00f3ba ker\u00fcljek. Azt\u00e1n m\u00e1r csak a l\u00e1baimra sz\u00e1m\u00edthattam. Tudtam, hogy nem lesz k\u00f6nny\u0171 Rogli\u010d, Valverde \u00e9s a t\u00f6bbiek ellen. Nagyon j\u00f3 \u00e9rz\u00e9s a siker ebben a mezben!\u201d<\/em><\/p>\n<figure id=\"attachment_11214\" aria-describedby=\"caption-attachment-11214\" style=\"width: 1024px\" class=\"wp-caption alignnone\"><a href=\"https:\/\/d2p6e6u75xmxt8.cloudfront.net\/2\/2021\/04\/La-Fleche-Wallone-profimedia-0606988323.jpg\"><img loading=\"lazy\" decoding=\"async\" class=\"wp-image-11214 size-large\" src=\"https:\/\/d2p6e6u75xmxt8.cloudfront.net\/12\/2021\/04\/La-Fleche-Wallone-profimedia-0606988323-1024x682.jpg\" alt=\"La Fleche Wallonne\" width=\"1024\" height=\"682\" srcset=\"https:\/\/d2p6e6u75xmxt8.cloudfront.net\/12\/2021\/04\/La-Fleche-Wallone-profimedia-0606988323-1024x682.jpg 1024w, https:\/\/d2p6e6u75xmxt8.cloudfront.net\/12\/2021\/04\/La-Fleche-Wallone-profimedia-0606988323-300x200.jpg 300w, https:\/\/d2p6e6u75xmxt8.cloudfront.net\/12\/2021\/04\/La-Fleche-Wallone-profimedia-0606988323-768x512.jpg 768w, https:\/\/d2p6e6u75xmxt8.cloudfront.net\/12\/2021\/04\/La-Fleche-Wallone-profimedia-0606988323-272x182.jpg 272w, https:\/\/d2p6e6u75xmxt8.cloudfront.net\/12\/2021\/04\/La-Fleche-Wallone-profimedia-0606988323.jpg 1250w\" sizes=\"auto, (max-width: 1024px) 100vw, 1024px\" \/><\/a><figcaption id=\"caption-attachment-11214\" class=\"wp-caption-text\"><em>Akci\u00f3ban a mez\u0151ny. \u00a9 Profimedia<\/em><\/figcaption><\/figure>\n<p>Primoz Rogli\u010d mindenkit meglepett a korai t\u00e1mad\u00e1s\u00e1val: jelent\u0151s el\u0151nyre tett szert \u00e9s karny\u00fajt\u00e1snyira volt t\u0151le a gy\u0151zelem. A szlov\u00e9n versenyz\u0151 elismerte, hogy Alaphilippe egyszer\u0171en jobb volt n\u00e1la.<\/p>\n<p><em>\u201eGyors verseny volt, kev\u00e9s meglepet\u00e9ssel. Julian valamivel er\u0151sebb volt, \u00edgy meg\u00e9rdemelte a gy\u0151zelmet. \u00c9pp egy kicsi kellett volna m\u00e9g, hogy gyorsabb legyek, de nem volt bennem m\u00e1r t\u00f6bb.\u201d<\/em><\/p>\n<p>Mivel a n\u0151i versenyen a holland Anna van der Breggen \u00e9rt els\u0151k\u00e9nt c\u00e9lba, \u00edgy az a k\u00fcl\u00f6nleges helyzet \u00e1llt el\u0151, hogy mindk\u00e9t viadalt az aktu\u00e1lis vil\u00e1gbajnok nyerte! Van der Breggen karrierje hetedik \u00e9s egyben utols\u00f3 Fl\u00e8che Wallonne-gy\u0151zelm\u00e9t szerezte \u2013 a szezon v\u00e9g\u00e9n ugyanis visszavonul.<\/p>\n<figure id=\"attachment_11215\" aria-describedby=\"caption-attachment-11215\" style=\"width: 1024px\" class=\"wp-caption alignnone\"><a href=\"https:\/\/d2p6e6u75xmxt8.cloudfront.net\/2\/2021\/04\/profimedia-0606999207.jpg\"><img loading=\"lazy\" decoding=\"async\" class=\"wp-image-11215 size-large\" src=\"https:\/\/d2p6e6u75xmxt8.cloudfront.net\/12\/2021\/04\/profimedia-0606999207-1024x673.jpg\" alt=\"La Fl\u00e8che Wallonne\" width=\"1024\" height=\"673\" srcset=\"https:\/\/d2p6e6u75xmxt8.cloudfront.net\/12\/2021\/04\/profimedia-0606999207-1024x673.jpg 1024w, https:\/\/d2p6e6u75xmxt8.cloudfront.net\/12\/2021\/04\/profimedia-0606999207-300x197.jpg 300w, https:\/\/d2p6e6u75xmxt8.cloudfront.net\/12\/2021\/04\/profimedia-0606999207-768x505.jpg 768w, https:\/\/d2p6e6u75xmxt8.cloudfront.net\/12\/2021\/04\/profimedia-0606999207.jpg 1250w\" sizes=\"auto, (max-width: 1024px) 100vw, 1024px\" \/><\/a><figcaption id=\"caption-attachment-11215\" class=\"wp-caption-text\">\u00a9 Profimedia<\/figcaption><\/figure>\n<h2><strong>Fl\u00e8che Wallonne 2021 eredm\u00e9nyek<br \/>\n<\/strong><\/h2>\n<ol>\n<li>Julian Alaphilippe (Deceuninck \u2013 Quick-Step) \u2013 4:36:25<\/li>\n<li>Primo\u017e Rogli\u010d (Jumbo-Visma)<\/li>\n<li>Alejandro Valverde (Movistar) + 6s<\/li>\n<li>Michael Woods (Israel Start-Up Nation) + 8s<\/li>\n<li>Warren Barguil (Ark\u00e9a-Samsic) + 11s<\/li>\n<li>Tom Pidcock (Ineos Grenadiers)<\/li>\n<li>David Gaudu (Groupama-FDJ)<\/li>\n<li>Esteban Chaves (Team BikeExchange)<\/li>\n<li>Richard Carapaz (Ineos Grenadiers)<\/li>\n<li>Maximilian Schachmann (Bora-Hansgrohe) + 16s<\/li>\n<\/ol>\n","protected":false},"excerpt":{"rendered":"<p>A vil\u00e1gbajnokot alig l\u00e1thattuk a verseny alatt, miel\u0151tt csapata az utols\u00f3 emelked\u0151n az \u00e9lre \u00e1llt. Ezut\u00e1n \u00fcld\u00f6z\u0151be vette Primo\u017e Rogli\u010dot [&hellip;]<\/p>\n","protected":false},"author":71,"featured_media":11217,"comment_status":"closed","ping_status":"closed","sticky":false,"template":"","format":"standard","meta":{"footnotes":""},"categories":[8],"tags":[],"global-categories":[],"class_list":["post-11213","post","type-post","status-publish","format-standard","has-post-thumbnail","hentry","category-orszaguti-kerekpar"],"yoast_head":"<!-- This site is optimized with the Yoast SEO Premium plugin v25.3 (Yoast SEO v25.9) - https:\/\/yoast.com\/wordpress\/plugins\/seo\/ -->\n<title>Julian Alaphilippe lett a Fl\u00e8che Wallonne gy\u0151ztese - \u0160koda We Love Cycling - Magyarorsz\u00e1g<\/title>\n<meta name=\"robots\" content=\"index, follow, max-snippet:-1, max-image-preview:large, max-video-preview:-1\" \/>\n<link rel=\"canonical\" href=\"https:\/\/www.welovecycling.com\/hu\/orszaguti-kerekpar\/julian-alaphilippe-lett-a-fleche-wallonne-gyoztese\/\" \/>\n<meta property=\"og:locale\" content=\"hu_HU\" \/>\n<meta property=\"og:type\" content=\"article\" \/>\n<meta property=\"og:title\" content=\"Julian Alaphilippe lett a Fl\u00e8che Wallonne gy\u0151ztese\" \/>\n<meta property=\"og:description\" content=\"A vil\u00e1gbajnokot alig l\u00e1thattuk a verseny alatt, miel\u0151tt csapata az utols\u00f3 emelked\u0151n az \u00e9lre \u00e1llt. Ezut\u00e1n \u00fcld\u00f6z\u0151be vette Primo\u017e Rogli\u010dot [&hellip;]\" \/>\n<meta property=\"og:url\" content=\"https:\/\/www.welovecycling.com\/hu\/orszaguti-kerekpar\/julian-alaphilippe-lett-a-fleche-wallonne-gyoztese\/\" \/>\n<meta property=\"og:site_name\" content=\"\u0160koda We Love Cycling - Magyarorsz\u00e1g\" \/>\n<meta property=\"article:publisher\" content=\"https:\/\/www.facebook.com\/WeLoveCyclingHungary\/\" \/>\n<meta property=\"article:published_time\" content=\"2021-05-03T07:00:37+00:00\" \/>\n<meta property=\"og:image\" content=\"https:\/\/d2p6e6u75xmxt8.cloudfront.net\/12\/2021\/04\/Alaphilippe-profimedia-0607026702-CVR.jpg\" \/>\n\t<meta property=\"og:image:width\" content=\"1366\" \/>\n\t<meta property=\"og:image:height\" content=\"600\" \/>\n\t<meta property=\"og:image:type\" content=\"image\/jpeg\" \/>\n<meta name=\"author\" content=\"hegyizs\" \/>\n<meta name=\"twitter:card\" content=\"summary_large_image\" \/>\n<meta name=\"twitter:label1\" content=\"Written by\" \/>\n\t<meta name=\"twitter:data1\" content=\"Monica Buck\" \/>\n\t<meta name=\"twitter:label2\" content=\"Est. reading time\" \/>\n\t<meta name=\"twitter:data2\" content=\"4\" \/>\n<script type=\"application\/ld+json\" class=\"yoast-schema-graph\">{\"@context\":\"https:\/\/schema.org\",\"@graph\":[{\"@type\":\"WebPage\",\"@id\":\"https:\/\/www.welovecycling.com\/hu\/orszaguti-kerekpar\/julian-alaphilippe-lett-a-fleche-wallonne-gyoztese\/\",\"url\":\"https:\/\/www.welovecycling.com\/hu\/orszaguti-kerekpar\/julian-alaphilippe-lett-a-fleche-wallonne-gyoztese\/\",\"name\":\"Julian Alaphilippe lett a Fl\u00e8che Wallonne gy\u0151ztese - \u0160koda We Love Cycling - Magyarorsz\u00e1g\",\"isPartOf\":{\"@id\":\"https:\/\/www.welovecycling.com\/hu\/#website\"},\"primaryImageOfPage\":{\"@id\":\"https:\/\/www.welovecycling.com\/hu\/orszaguti-kerekpar\/julian-alaphilippe-lett-a-fleche-wallonne-gyoztese\/#primaryimage\"},\"image\":{\"@id\":\"https:\/\/www.welovecycling.com\/hu\/orszaguti-kerekpar\/julian-alaphilippe-lett-a-fleche-wallonne-gyoztese\/#primaryimage\"},\"thumbnailUrl\":\"https:\/\/d2p6e6u75xmxt8.cloudfront.net\/12\/2021\/04\/Alaphilippe-profimedia-0607026702-CVR.jpg\",\"datePublished\":\"2021-05-03T07:00:37+00:00\",\"author\":{\"@id\":\"https:\/\/www.welovecycling.com\/hu\/#\/schema\/person\/414a2aebf1801691a5320edb6468e194\"},\"breadcrumb\":{\"@id\":\"https:\/\/www.welovecycling.com\/hu\/orszaguti-kerekpar\/julian-alaphilippe-lett-a-fleche-wallonne-gyoztese\/#breadcrumb\"},\"inLanguage\":\"hu\",\"potentialAction\":[{\"@type\":\"ReadAction\",\"target\":[\"https:\/\/www.welovecycling.com\/hu\/orszaguti-kerekpar\/julian-alaphilippe-lett-a-fleche-wallonne-gyoztese\/\"]}]},{\"@type\":\"ImageObject\",\"inLanguage\":\"hu\",\"@id\":\"https:\/\/www.welovecycling.com\/hu\/orszaguti-kerekpar\/julian-alaphilippe-lett-a-fleche-wallonne-gyoztese\/#primaryimage\",\"url\":\"https:\/\/d2p6e6u75xmxt8.cloudfront.net\/12\/2021\/04\/Alaphilippe-profimedia-0607026702-CVR.jpg\",\"contentUrl\":\"https:\/\/d2p6e6u75xmxt8.cloudfront.net\/12\/2021\/04\/Alaphilippe-profimedia-0607026702-CVR.jpg\",\"width\":1366,\"height\":600,\"caption\":\"Julian Alaphilippe\"},{\"@type\":\"BreadcrumbList\",\"@id\":\"https:\/\/www.welovecycling.com\/hu\/orszaguti-kerekpar\/julian-alaphilippe-lett-a-fleche-wallonne-gyoztese\/#breadcrumb\",\"itemListElement\":[{\"@type\":\"ListItem\",\"position\":1,\"name\":\"Home\",\"item\":\"https:\/\/www.welovecycling.com\/hu\/\"},{\"@type\":\"ListItem\",\"position\":2,\"name\":\"Julian Alaphilippe lett a Fl\u00e8che Wallonne gy\u0151ztese\"}]},{\"@type\":\"WebSite\",\"@id\":\"https:\/\/www.welovecycling.com\/hu\/#website\",\"url\":\"https:\/\/www.welovecycling.com\/hu\/\",\"name\":\"\u0160koda We Love Cycling - Magyarorsz\u00e1g\",\"description\":\"\u0160koda WeLoveCycling\",\"potentialAction\":[{\"@type\":\"SearchAction\",\"target\":{\"@type\":\"EntryPoint\",\"urlTemplate\":\"https:\/\/www.welovecycling.com\/hu\/?s={search_term_string}\"},\"query-input\":{\"@type\":\"PropertyValueSpecification\",\"valueRequired\":true,\"valueName\":\"search_term_string\"}}],\"inLanguage\":\"hu\"},{\"@type\":\"Person\",\"@id\":\"https:\/\/www.welovecycling.com\/hu\/#\/schema\/person\/414a2aebf1801691a5320edb6468e194\",\"name\":\"hegyizs\",\"image\":{\"@type\":\"ImageObject\",\"inLanguage\":\"hu\",\"@id\":\"https:\/\/www.welovecycling.com\/hu\/#\/schema\/person\/image\/\",\"url\":\"https:\/\/secure.gravatar.com\/avatar\/02cf8a7906b8cf90cecb4679defac7cfd33a1c2e3b88e4903d947f3bb58eedd3?s=96&d=mm&r=g\",\"contentUrl\":\"https:\/\/secure.gravatar.com\/avatar\/02cf8a7906b8cf90cecb4679defac7cfd33a1c2e3b88e4903d947f3bb58eedd3?s=96&d=mm&r=g\",\"caption\":\"hegyizs\"},\"url\":\"https:\/\/www.welovecycling.com\/hu\/author\/hegyizs\/\"}]}<\/script>\n<!-- \/ Yoast SEO Premium plugin. -->","yoast_head_json":{"title":"Julian Alaphilippe lett a Fl\u00e8che Wallonne gy\u0151ztese - \u0160koda We Love Cycling - Magyarorsz\u00e1g","robots":{"index":"index","follow":"follow","max-snippet":"max-snippet:-1","max-image-preview":"max-image-preview:large","max-video-preview":"max-video-preview:-1"},"canonical":"https:\/\/www.welovecycling.com\/hu\/orszaguti-kerekpar\/julian-alaphilippe-lett-a-fleche-wallonne-gyoztese\/","og_locale":"hu_HU","og_type":"article","og_title":"Julian Alaphilippe lett a Fl\u00e8che Wallonne gy\u0151ztese","og_description":"A vil\u00e1gbajnokot alig l\u00e1thattuk a verseny alatt, miel\u0151tt csapata az utols\u00f3 emelked\u0151n az \u00e9lre \u00e1llt. Ezut\u00e1n \u00fcld\u00f6z\u0151be vette Primo\u017e Rogli\u010dot [&hellip;]","og_url":"https:\/\/www.welovecycling.com\/hu\/orszaguti-kerekpar\/julian-alaphilippe-lett-a-fleche-wallonne-gyoztese\/","og_site_name":"\u0160koda We Love Cycling - Magyarorsz\u00e1g","article_publisher":"https:\/\/www.facebook.com\/WeLoveCyclingHungary\/","article_published_time":"2021-05-03T07:00:37+00:00","og_image":[{"width":1366,"height":600,"url":"https:\/\/d2p6e6u75xmxt8.cloudfront.net\/12\/2021\/04\/Alaphilippe-profimedia-0607026702-CVR.jpg","type":"image\/jpeg"}],"author":"hegyizs","twitter_card":"summary_large_image","twitter_misc":{"Written by":"Monica Buck","Est. reading time":"4"},"schema":{"@context":"https:\/\/schema.org","@graph":[{"@type":"WebPage","@id":"https:\/\/www.welovecycling.com\/hu\/orszaguti-kerekpar\/julian-alaphilippe-lett-a-fleche-wallonne-gyoztese\/","url":"https:\/\/www.welovecycling.com\/hu\/orszaguti-kerekpar\/julian-alaphilippe-lett-a-fleche-wallonne-gyoztese\/","name":"Julian Alaphilippe lett a Fl\u00e8che Wallonne gy\u0151ztese - \u0160koda We Love Cycling - Magyarorsz\u00e1g","isPartOf":{"@id":"https:\/\/www.welovecycling.com\/hu\/#website"},"primaryImageOfPage":{"@id":"https:\/\/www.welovecycling.com\/hu\/orszaguti-kerekpar\/julian-alaphilippe-lett-a-fleche-wallonne-gyoztese\/#primaryimage"},"image":{"@id":"https:\/\/www.welovecycling.com\/hu\/orszaguti-kerekpar\/julian-alaphilippe-lett-a-fleche-wallonne-gyoztese\/#primaryimage"},"thumbnailUrl":"https:\/\/d2p6e6u75xmxt8.cloudfront.net\/12\/2021\/04\/Alaphilippe-profimedia-0607026702-CVR.jpg","datePublished":"2021-05-03T07:00:37+00:00","author":{"@id":"https:\/\/www.welovecycling.com\/hu\/#\/schema\/person\/414a2aebf1801691a5320edb6468e194"},"breadcrumb":{"@id":"https:\/\/www.welovecycling.com\/hu\/orszaguti-kerekpar\/julian-alaphilippe-lett-a-fleche-wallonne-gyoztese\/#breadcrumb"},"inLanguage":"hu","potentialAction":[{"@type":"ReadAction","target":["https:\/\/www.welovecycling.com\/hu\/orszaguti-kerekpar\/julian-alaphilippe-lett-a-fleche-wallonne-gyoztese\/"]}]},{"@type":"ImageObject","inLanguage":"hu","@id":"https:\/\/www.welovecycling.com\/hu\/orszaguti-kerekpar\/julian-alaphilippe-lett-a-fleche-wallonne-gyoztese\/#primaryimage","url":"https:\/\/d2p6e6u75xmxt8.cloudfront.net\/12\/2021\/04\/Alaphilippe-profimedia-0607026702-CVR.jpg","contentUrl":"https:\/\/d2p6e6u75xmxt8.cloudfront.net\/12\/2021\/04\/Alaphilippe-profimedia-0607026702-CVR.jpg","width":1366,"height":600,"caption":"Julian Alaphilippe"},{"@type":"BreadcrumbList","@id":"https:\/\/www.welovecycling.com\/hu\/orszaguti-kerekpar\/julian-alaphilippe-lett-a-fleche-wallonne-gyoztese\/#breadcrumb","itemListElement":[{"@type":"ListItem","position":1,"name":"Home","item":"https:\/\/www.welovecycling.com\/hu\/"},{"@type":"ListItem","position":2,"name":"Julian Alaphilippe lett a Fl\u00e8che Wallonne gy\u0151ztese"}]},{"@type":"WebSite","@id":"https:\/\/www.welovecycling.com\/hu\/#website","url":"https:\/\/www.welovecycling.com\/hu\/","name":"\u0160koda We Love Cycling - Magyarorsz\u00e1g","description":"\u0160koda WeLoveCycling","potentialAction":[{"@type":"SearchAction","target":{"@type":"EntryPoint","urlTemplate":"https:\/\/www.welovecycling.com\/hu\/?s={search_term_string}"},"query-input":{"@type":"PropertyValueSpecification","valueRequired":true,"valueName":"search_term_string"}}],"inLanguage":"hu"},{"@type":"Person","@id":"https:\/\/www.welovecycling.com\/hu\/#\/schema\/person\/414a2aebf1801691a5320edb6468e194","name":"hegyizs","image":{"@type":"ImageObject","inLanguage":"hu","@id":"https:\/\/www.welovecycling.com\/hu\/#\/schema\/person\/image\/","url":"https:\/\/secure.gravatar.com\/avatar\/02cf8a7906b8cf90cecb4679defac7cfd33a1c2e3b88e4903d947f3bb58eedd3?s=96&d=mm&r=g","contentUrl":"https:\/\/secure.gravatar.com\/avatar\/02cf8a7906b8cf90cecb4679defac7cfd33a1c2e3b88e4903d947f3bb58eedd3?s=96&d=mm&r=g","caption":"hegyizs"},"url":"https:\/\/www.welovecycling.com\/hu\/author\/hegyizs\/"}]}},"_links":{"self":[{"href":"https:\/\/www.welovecycling.com\/hu\/wp-json\/wp\/v2\/posts\/11213","targetHints":{"allow":["GET"]}}],"collection":[{"href":"https:\/\/www.welovecycling.com\/hu\/wp-json\/wp\/v2\/posts"}],"about":[{"href":"https:\/\/www.welovecycling.com\/hu\/wp-json\/wp\/v2\/types\/post"}],"author":[{"embeddable":true,"href":"https:\/\/www.welovecycling.com\/hu\/wp-json\/wp\/v2\/users\/71"}],"replies":[{"embeddable":true,"href":"https:\/\/www.welovecycling.com\/hu\/wp-json\/wp\/v2\/comments?post=11213"}],"version-history":[{"count":2,"href":"https:\/\/www.welovecycling.com\/hu\/wp-json\/wp\/v2\/posts\/11213\/revisions"}],"predecessor-version":[{"id":11218,"href":"https:\/\/www.welovecycling.com\/hu\/wp-json\/wp\/v2\/posts\/11213\/revisions\/11218"}],"wp:featuredmedia":[{"embeddable":true,"href":"https:\/\/www.welovecycling.com\/hu\/wp-json\/wp\/v2\/media\/11217"}],"wp:attachment":[{"href":"https:\/\/www.welovecycling.com\/hu\/wp-json\/wp\/v2\/media?parent=11213"}],"wp:term":[{"taxonomy":"category","embeddable":true,"href":"https:\/\/www.welovecycling.com\/hu\/wp-json\/wp\/v2\/categories?post=11213"},{"taxonomy":"post_tag","embeddable":true,"href":"https:\/\/www.welovecycling.com\/hu\/wp-json\/wp\/v2\/tags?post=11213"},{"taxonomy":"global-categories","embeddable":true,"href":"https:\/\/www.welovecycling.com\/hu\/wp-json\/wp\/v2\/global-categories?post=11213"}],"curies":[{"name":"wp","href":"https:\/\/api.w.org\/{rel}","templated":true}]}}