{"id":11192,"date":"2021-05-09T08:00:30","date_gmt":"2021-05-09T07:00:30","guid":{"rendered":"https:\/\/www.welovecycling.com\/hu\/?p=11192"},"modified":"2021-04-30T16:25:17","modified_gmt":"2021-04-30T15:25:17","slug":"a-ragados-kulacs-jelenseg-egy-megkerdojelezheto-verseny-trukk","status":"publish","type":"post","link":"https:\/\/www.welovecycling.com\/hu\/tour-de-hongrie\/a-ragados-kulacs-jelenseg-egy-megkerdojelezheto-verseny-trukk\/","title":{"rendered":"A ragad\u00f3s kulacs jelens\u00e9g: egy megk\u00e9rd\u0151jelezhet\u0151 verseny-tr\u00fckk"},"content":{"rendered":"<p><strong>Mint minden m\u00e1s profi sport eset\u00e9ben, a ker\u00e9kp\u00e1rosoknak is sz\u00fcks\u00e9g\u00fck van n\u00e9ha t\u00e1mogat\u00e1sra. Felmer\u00fcl azonban a k\u00e9rd\u00e9s, hogy mennyi k\u00fcls\u0151 seg\u00edts\u00e9get tartunk elfogadhat\u00f3nak egy versenyen, \u00e9s mi az a hat\u00e1r, amin t\u00fal a seg\u00edts\u00e9g m\u00e1r csal\u00e1snak sz\u00e1m\u00edt. \u00dagy t\u0171nik, hogy a \u201eragad\u00f3s kulacs\u201d tr\u00fckk valahol a kett\u0151 k\u00f6z\u00f6tt \u00e1ll.<\/strong><\/p>\n<p><!--more--><\/p>\n<p>A ragad\u00f3s kulacs a kimer\u00fclt ker\u00e9kp\u00e1rversenyz\u0151 legjobb bar\u00e1tja. Amikor elmarad a mez\u0151nyt\u0151l, a csapat menedzsere mell\u00e9 hajt az aut\u00f3val. Amint el\u00e9rhet\u0151 k\u00f6zels\u00e9gbe ker\u00fcl, a menedzser egy vizes palackot ny\u00fajt neki a nyitott ablakb\u00f3l. \u00c9s most j\u00f6n a sorsford\u00edt\u00f3 pillanat&#8230;<\/p>\n<p>A palack nem enged. Mindk\u00e9t f\u00e9l keze odaragad hozz\u00e1, \u00edgy a versenyz\u0151 kap n\u00e9mi extra l\u00f6ketet az aut\u00f3 lend\u00fclet\u00e9b\u0151l. Ezt a tr\u00fckk\u00f6t h\u00edvj\u00e1k ragad\u00f3s kulacs jelens\u00e9gnek.<\/p>\n<figure id=\"attachment_11194\" aria-describedby=\"caption-attachment-11194\" style=\"width: 1024px\" class=\"wp-caption alignnone\"><a href=\"https:\/\/d2p6e6u75xmxt8.cloudfront.net\/2\/2021\/04\/Bardet-profimedia-0323740790.jpg\"><img loading=\"lazy\" decoding=\"async\" class=\"wp-image-11194 size-large\" src=\"https:\/\/d2p6e6u75xmxt8.cloudfront.net\/12\/2021\/04\/Bardet-profimedia-0323740790-1024x682.jpg\" alt=\"Romain Bardet cycling\" width=\"1024\" height=\"682\" srcset=\"https:\/\/d2p6e6u75xmxt8.cloudfront.net\/12\/2021\/04\/Bardet-profimedia-0323740790-1024x682.jpg 1024w, https:\/\/d2p6e6u75xmxt8.cloudfront.net\/12\/2021\/04\/Bardet-profimedia-0323740790-300x200.jpg 300w, https:\/\/d2p6e6u75xmxt8.cloudfront.net\/12\/2021\/04\/Bardet-profimedia-0323740790-768x512.jpg 768w, https:\/\/d2p6e6u75xmxt8.cloudfront.net\/12\/2021\/04\/Bardet-profimedia-0323740790-272x182.jpg 272w, https:\/\/d2p6e6u75xmxt8.cloudfront.net\/12\/2021\/04\/Bardet-profimedia-0323740790.jpg 1250w\" sizes=\"auto, (max-width: 1024px) 100vw, 1024px\" \/><\/a><figcaption id=\"caption-attachment-11194\" class=\"wp-caption-text\"><em>A francia Romain Bardet (C) kiz\u00e1rt\u00e1k a 2017-es P\u00e1rizs-Nizza versenyb\u0151l. \u00a9 Profimedia<\/em><\/figcaption><\/figure>\n<p>Nyilv\u00e1nval\u00f3, hogy a csel nem ismeretlen a b\u00edr\u00e1k el\u0151tt. Ha az \u00e1tad\u00e1s az elfogadhat\u00f3n\u00e1l kiss\u00e9 hosszabb ideig zajlik, a versenyszervez\u0151k r\u00f6vid hangjelz\u00e9ssel figyelmeztetik a versenyz\u0151t, hogy vegye el az \u00fcveget, \u00e9s tegye vissza a korm\u00e1nyra a kez\u00e9t.<\/p>\n<p>Ha az \u00e1tv\u00e9tel pillanata meghaladja az \u00edratlan hat\u00e1rt, a versenyz\u0151t megb\u00fcntethetik. Ez a k\u00f6nny\u0171 p\u00e9nzb\u00edrs\u00e1gokt\u00f3l a versenyt\u0151l val\u00f3 kiz\u00e1r\u00e1sig terjedhet, ami az eg\u00e9sz \u00fcgyet m\u00e9g zavarosabb\u00e1 teszi. Az UCI a kezdeti b\u00edrs\u00e1got 30 CHF-ig \u00e1llap\u00edtja meg, ha egy r\u00e9sztvev\u0151 aut\u00f3val vontattatja mag\u00e1t. Hosszabb vontat\u00e1s eset\u00e9n ez 50 CHF is lehet. A hatjegy\u0171 fizet\u00e9st keres\u0151 versenyz\u0151k \u00e9s a t\u00f6bb milli\u00f3 k\u00f6lts\u00e9gvet\u00e9ssel rendelkez\u0151 csapatok sz\u00e1m\u00e1ra ezek a b\u00fcntet\u00e9sek aligha jelentenek komoly fenyeget\u00e9st.<\/p>\n<p>Azonban ugyanez a szab\u00e1lytalankod\u00e1s rendk\u00edv\u00fcl komoly k\u00f6vetkezm\u00e9nyekkel is j\u00e1rhat. Romain Bardet-t p\u00e9ld\u00e1ul 2017-ben kiz\u00e1rt\u00e1k a P\u00e1rizs-Nizza versenyb\u0151l, amikor az egyik kamera r\u00f6gz\u00edtette, ahogy egy aut\u00f3 vontatja. A legh\u00edrhedtebb esetre 2015-ben ker\u00fclt sor, amikor az olasz Vincenzo Nibalit kiz\u00e1rt\u00e1k a Vuelt\u00e1b\u00f3l, mert aut\u00f3ba kapaszkodott. Az esetr\u0151l k\u00e9sz\u00fclt vide\u00f3t n\u00e9zve k\u00f6nnyen \u00e9szrevehet\u0151, hogy Nibali eset\u00e9ben a ragacsos \u00fcveg p\u00e9ld\u00e1tlanul sok\u00e1ig tartott, ami vitathatatlan el\u0151nyt adott neki a verseny t\u00f6bbi r\u00e9sztvev\u0151j\u00e9vel szemben. Nibali, mintha egy rak\u00e9tamotor hajtotta volna, maga m\u00f6g\u00f6tt hagyta az \u00f6sszes t\u00f6bbi versenyz\u0151t. Olyan nagy lett a t\u00e1vols\u00e1g, hogy a b\u00edr\u00f3k nem hagyhatt\u00e1k sz\u00f3 n\u00e9lk\u00fcl.<\/p>\n<lite-youtube videoid=7E4vRtC7IcY params=\"enablejsapi=1\" style=\"background-image: url('https:\/\/i.ytimg.com\/vi_webp\/7E4vRtC7IcY\/maxresdefault.webp');\"><\/lite-youtube>\n<p>El\u0151fordul, hogy a versenyz\u0151k a kellet\u00e9n\u00e9l tov\u00e1bb kapaszkodnak a k\u00eds\u00e9r\u0151 aut\u00f3kba, mik\u00f6zben \u00e9telt vagy orvosi ell\u00e1t\u00e1st kapnak. \u00dajabb vita mer\u00fclhet fel akkor is, ha a szervizel\u00e9sr\u0151l van sz\u00f3: mik\u00f6zben a szerel\u0151 dolgozik, az aut\u00f3 maga mellett h\u00fazza a biciklist. Olyan p\u00e9ld\u00e1k ezek a szab\u00e1lyok megs\u00e9rt\u00e9s\u00e9re, amik hivatalosan nem szab\u00e1lyellenesek. Hacsak a versenyz\u0151 nem szerez felt\u0171n\u0151en nagy el\u0151nyt a t\u00f6bbiekkel szemben egy sprint vagy egy d\u00f6nt\u0151 szakasz el\u0151tt, ezek a tr\u00fckk\u00f6k val\u00f3sz\u00edn\u0171leg elf\u00e9rnek a radar alatt.<\/p>\n","protected":false},"excerpt":{"rendered":"<p>Mint minden m\u00e1s profi sport eset\u00e9ben, a ker\u00e9kp\u00e1rosoknak is sz\u00fcks\u00e9g\u00fck van n\u00e9ha t\u00e1mogat\u00e1sra. Felmer\u00fcl azonban a k\u00e9rd\u00e9s, hogy mennyi k\u00fcls\u0151 [&hellip;]<\/p>\n","protected":false},"author":71,"featured_media":11196,"comment_status":"closed","ping_status":"closed","sticky":false,"template":"","format":"standard","meta":{"footnotes":""},"categories":[462],"tags":[],"global-categories":[],"class_list":["post-11192","post","type-post","status-publish","format-standard","has-post-thumbnail","hentry","category-tour-de-hongrie"],"yoast_head":"<!-- This site is optimized with the Yoast SEO Premium plugin v25.3 (Yoast SEO v25.9) - https:\/\/yoast.com\/wordpress\/plugins\/seo\/ -->\n<title>A ragad\u00f3s kulacs jelens\u00e9g: egy megk\u00e9rd\u0151jelezhet\u0151 verseny-tr\u00fckk<\/title>\n<meta name=\"description\" content=\"Mint minden m\u00e1s profi sport eset\u00e9ben, a ker\u00e9kp\u00e1rosoknak is sz\u00fcks\u00e9g\u00fck van n\u00e9ha t\u00e1mogat\u00e1sra.\" \/>\n<meta name=\"robots\" content=\"index, follow, max-snippet:-1, max-image-preview:large, max-video-preview:-1\" \/>\n<link rel=\"canonical\" href=\"https:\/\/www.welovecycling.com\/hu\/tour-de-hongrie\/a-ragados-kulacs-jelenseg-egy-megkerdojelezheto-verseny-trukk\/\" \/>\n<meta property=\"og:locale\" content=\"hu_HU\" \/>\n<meta property=\"og:type\" content=\"article\" \/>\n<meta property=\"og:title\" content=\"A ragad\u00f3s kulacs jelens\u00e9g: egy megk\u00e9rd\u0151jelezhet\u0151 verseny-tr\u00fckk\" \/>\n<meta property=\"og:description\" content=\"Mint minden m\u00e1s profi sport eset\u00e9ben, a ker\u00e9kp\u00e1rosoknak is sz\u00fcks\u00e9g\u00fck van n\u00e9ha t\u00e1mogat\u00e1sra.\" \/>\n<meta property=\"og:url\" content=\"https:\/\/www.welovecycling.com\/hu\/tour-de-hongrie\/a-ragados-kulacs-jelenseg-egy-megkerdojelezheto-verseny-trukk\/\" \/>\n<meta property=\"og:site_name\" content=\"\u0160koda We Love Cycling - Magyarorsz\u00e1g\" \/>\n<meta property=\"article:publisher\" content=\"https:\/\/www.facebook.com\/WeLoveCyclingHungary\/\" \/>\n<meta property=\"article:published_time\" content=\"2021-05-09T07:00:30+00:00\" \/>\n<meta property=\"og:image\" content=\"https:\/\/d2p6e6u75xmxt8.cloudfront.net\/12\/2021\/04\/Nibali-drinking-profimedia-0253186386-CVR.jpg\" \/>\n\t<meta property=\"og:image:width\" content=\"1366\" \/>\n\t<meta property=\"og:image:height\" content=\"600\" \/>\n\t<meta property=\"og:image:type\" content=\"image\/jpeg\" \/>\n<meta name=\"author\" content=\"hegyizs\" \/>\n<meta name=\"twitter:card\" content=\"summary_large_image\" \/>\n<meta name=\"twitter:label1\" content=\"Written by\" \/>\n\t<meta name=\"twitter:data1\" content=\"Adam Marsal\" \/>\n\t<meta name=\"twitter:label2\" content=\"Est. reading time\" \/>\n\t<meta name=\"twitter:data2\" content=\"5\" \/>\n<script type=\"application\/ld+json\" class=\"yoast-schema-graph\">{\"@context\":\"https:\/\/schema.org\",\"@graph\":[{\"@type\":\"WebPage\",\"@id\":\"https:\/\/www.welovecycling.com\/hu\/tour-de-hongrie\/a-ragados-kulacs-jelenseg-egy-megkerdojelezheto-verseny-trukk\/\",\"url\":\"https:\/\/www.welovecycling.com\/hu\/tour-de-hongrie\/a-ragados-kulacs-jelenseg-egy-megkerdojelezheto-verseny-trukk\/\",\"name\":\"A ragad\u00f3s kulacs jelens\u00e9g: egy megk\u00e9rd\u0151jelezhet\u0151 verseny-tr\u00fckk\",\"isPartOf\":{\"@id\":\"https:\/\/www.welovecycling.com\/hu\/#website\"},\"primaryImageOfPage\":{\"@id\":\"https:\/\/www.welovecycling.com\/hu\/tour-de-hongrie\/a-ragados-kulacs-jelenseg-egy-megkerdojelezheto-verseny-trukk\/#primaryimage\"},\"image\":{\"@id\":\"https:\/\/www.welovecycling.com\/hu\/tour-de-hongrie\/a-ragados-kulacs-jelenseg-egy-megkerdojelezheto-verseny-trukk\/#primaryimage\"},\"thumbnailUrl\":\"https:\/\/d2p6e6u75xmxt8.cloudfront.net\/12\/2021\/04\/Nibali-drinking-profimedia-0253186386-CVR.jpg\",\"datePublished\":\"2021-05-09T07:00:30+00:00\",\"author\":{\"@id\":\"https:\/\/www.welovecycling.com\/hu\/#\/schema\/person\/414a2aebf1801691a5320edb6468e194\"},\"description\":\"Mint minden m\u00e1s profi sport eset\u00e9ben, a ker\u00e9kp\u00e1rosoknak is sz\u00fcks\u00e9g\u00fck van n\u00e9ha t\u00e1mogat\u00e1sra.\",\"breadcrumb\":{\"@id\":\"https:\/\/www.welovecycling.com\/hu\/tour-de-hongrie\/a-ragados-kulacs-jelenseg-egy-megkerdojelezheto-verseny-trukk\/#breadcrumb\"},\"inLanguage\":\"hu\",\"potentialAction\":[{\"@type\":\"ReadAction\",\"target\":[\"https:\/\/www.welovecycling.com\/hu\/tour-de-hongrie\/a-ragados-kulacs-jelenseg-egy-megkerdojelezheto-verseny-trukk\/\"]}]},{\"@type\":\"ImageObject\",\"inLanguage\":\"hu\",\"@id\":\"https:\/\/www.welovecycling.com\/hu\/tour-de-hongrie\/a-ragados-kulacs-jelenseg-egy-megkerdojelezheto-verseny-trukk\/#primaryimage\",\"url\":\"https:\/\/d2p6e6u75xmxt8.cloudfront.net\/12\/2021\/04\/Nibali-drinking-profimedia-0253186386-CVR.jpg\",\"contentUrl\":\"https:\/\/d2p6e6u75xmxt8.cloudfront.net\/12\/2021\/04\/Nibali-drinking-profimedia-0253186386-CVR.jpg\",\"width\":1366,\"height\":600,\"caption\":\"Vincenzo Nibali\"},{\"@type\":\"BreadcrumbList\",\"@id\":\"https:\/\/www.welovecycling.com\/hu\/tour-de-hongrie\/a-ragados-kulacs-jelenseg-egy-megkerdojelezheto-verseny-trukk\/#breadcrumb\",\"itemListElement\":[{\"@type\":\"ListItem\",\"position\":1,\"name\":\"Home\",\"item\":\"https:\/\/www.welovecycling.com\/hu\/\"},{\"@type\":\"ListItem\",\"position\":2,\"name\":\"A ragad\u00f3s kulacs jelens\u00e9g: egy megk\u00e9rd\u0151jelezhet\u0151 verseny-tr\u00fckk\"}]},{\"@type\":\"WebSite\",\"@id\":\"https:\/\/www.welovecycling.com\/hu\/#website\",\"url\":\"https:\/\/www.welovecycling.com\/hu\/\",\"name\":\"\u0160koda We Love Cycling - Magyarorsz\u00e1g\",\"description\":\"\u0160koda WeLoveCycling\",\"potentialAction\":[{\"@type\":\"SearchAction\",\"target\":{\"@type\":\"EntryPoint\",\"urlTemplate\":\"https:\/\/www.welovecycling.com\/hu\/?s={search_term_string}\"},\"query-input\":{\"@type\":\"PropertyValueSpecification\",\"valueRequired\":true,\"valueName\":\"search_term_string\"}}],\"inLanguage\":\"hu\"},{\"@type\":\"Person\",\"@id\":\"https:\/\/www.welovecycling.com\/hu\/#\/schema\/person\/414a2aebf1801691a5320edb6468e194\",\"name\":\"hegyizs\",\"image\":{\"@type\":\"ImageObject\",\"inLanguage\":\"hu\",\"@id\":\"https:\/\/www.welovecycling.com\/hu\/#\/schema\/person\/image\/\",\"url\":\"https:\/\/secure.gravatar.com\/avatar\/02cf8a7906b8cf90cecb4679defac7cfd33a1c2e3b88e4903d947f3bb58eedd3?s=96&d=mm&r=g\",\"contentUrl\":\"https:\/\/secure.gravatar.com\/avatar\/02cf8a7906b8cf90cecb4679defac7cfd33a1c2e3b88e4903d947f3bb58eedd3?s=96&d=mm&r=g\",\"caption\":\"hegyizs\"},\"url\":\"https:\/\/www.welovecycling.com\/hu\/author\/hegyizs\/\"}]}<\/script>\n<!-- \/ Yoast SEO Premium plugin. -->","yoast_head_json":{"title":"A ragad\u00f3s kulacs jelens\u00e9g: egy megk\u00e9rd\u0151jelezhet\u0151 verseny-tr\u00fckk","description":"Mint minden m\u00e1s profi sport eset\u00e9ben, a ker\u00e9kp\u00e1rosoknak is sz\u00fcks\u00e9g\u00fck van n\u00e9ha t\u00e1mogat\u00e1sra.","robots":{"index":"index","follow":"follow","max-snippet":"max-snippet:-1","max-image-preview":"max-image-preview:large","max-video-preview":"max-video-preview:-1"},"canonical":"https:\/\/www.welovecycling.com\/hu\/tour-de-hongrie\/a-ragados-kulacs-jelenseg-egy-megkerdojelezheto-verseny-trukk\/","og_locale":"hu_HU","og_type":"article","og_title":"A ragad\u00f3s kulacs jelens\u00e9g: egy megk\u00e9rd\u0151jelezhet\u0151 verseny-tr\u00fckk","og_description":"Mint minden m\u00e1s profi sport eset\u00e9ben, a ker\u00e9kp\u00e1rosoknak is sz\u00fcks\u00e9g\u00fck van n\u00e9ha t\u00e1mogat\u00e1sra.","og_url":"https:\/\/www.welovecycling.com\/hu\/tour-de-hongrie\/a-ragados-kulacs-jelenseg-egy-megkerdojelezheto-verseny-trukk\/","og_site_name":"\u0160koda We Love Cycling - Magyarorsz\u00e1g","article_publisher":"https:\/\/www.facebook.com\/WeLoveCyclingHungary\/","article_published_time":"2021-05-09T07:00:30+00:00","og_image":[{"width":1366,"height":600,"url":"https:\/\/d2p6e6u75xmxt8.cloudfront.net\/12\/2021\/04\/Nibali-drinking-profimedia-0253186386-CVR.jpg","type":"image\/jpeg"}],"author":"hegyizs","twitter_card":"summary_large_image","twitter_misc":{"Written by":"Adam Marsal","Est. reading time":"5"},"schema":{"@context":"https:\/\/schema.org","@graph":[{"@type":"WebPage","@id":"https:\/\/www.welovecycling.com\/hu\/tour-de-hongrie\/a-ragados-kulacs-jelenseg-egy-megkerdojelezheto-verseny-trukk\/","url":"https:\/\/www.welovecycling.com\/hu\/tour-de-hongrie\/a-ragados-kulacs-jelenseg-egy-megkerdojelezheto-verseny-trukk\/","name":"A ragad\u00f3s kulacs jelens\u00e9g: egy megk\u00e9rd\u0151jelezhet\u0151 verseny-tr\u00fckk","isPartOf":{"@id":"https:\/\/www.welovecycling.com\/hu\/#website"},"primaryImageOfPage":{"@id":"https:\/\/www.welovecycling.com\/hu\/tour-de-hongrie\/a-ragados-kulacs-jelenseg-egy-megkerdojelezheto-verseny-trukk\/#primaryimage"},"image":{"@id":"https:\/\/www.welovecycling.com\/hu\/tour-de-hongrie\/a-ragados-kulacs-jelenseg-egy-megkerdojelezheto-verseny-trukk\/#primaryimage"},"thumbnailUrl":"https:\/\/d2p6e6u75xmxt8.cloudfront.net\/12\/2021\/04\/Nibali-drinking-profimedia-0253186386-CVR.jpg","datePublished":"2021-05-09T07:00:30+00:00","author":{"@id":"https:\/\/www.welovecycling.com\/hu\/#\/schema\/person\/414a2aebf1801691a5320edb6468e194"},"description":"Mint minden m\u00e1s profi sport eset\u00e9ben, a ker\u00e9kp\u00e1rosoknak is sz\u00fcks\u00e9g\u00fck van n\u00e9ha t\u00e1mogat\u00e1sra.","breadcrumb":{"@id":"https:\/\/www.welovecycling.com\/hu\/tour-de-hongrie\/a-ragados-kulacs-jelenseg-egy-megkerdojelezheto-verseny-trukk\/#breadcrumb"},"inLanguage":"hu","potentialAction":[{"@type":"ReadAction","target":["https:\/\/www.welovecycling.com\/hu\/tour-de-hongrie\/a-ragados-kulacs-jelenseg-egy-megkerdojelezheto-verseny-trukk\/"]}]},{"@type":"ImageObject","inLanguage":"hu","@id":"https:\/\/www.welovecycling.com\/hu\/tour-de-hongrie\/a-ragados-kulacs-jelenseg-egy-megkerdojelezheto-verseny-trukk\/#primaryimage","url":"https:\/\/d2p6e6u75xmxt8.cloudfront.net\/12\/2021\/04\/Nibali-drinking-profimedia-0253186386-CVR.jpg","contentUrl":"https:\/\/d2p6e6u75xmxt8.cloudfront.net\/12\/2021\/04\/Nibali-drinking-profimedia-0253186386-CVR.jpg","width":1366,"height":600,"caption":"Vincenzo Nibali"},{"@type":"BreadcrumbList","@id":"https:\/\/www.welovecycling.com\/hu\/tour-de-hongrie\/a-ragados-kulacs-jelenseg-egy-megkerdojelezheto-verseny-trukk\/#breadcrumb","itemListElement":[{"@type":"ListItem","position":1,"name":"Home","item":"https:\/\/www.welovecycling.com\/hu\/"},{"@type":"ListItem","position":2,"name":"A ragad\u00f3s kulacs jelens\u00e9g: egy megk\u00e9rd\u0151jelezhet\u0151 verseny-tr\u00fckk"}]},{"@type":"WebSite","@id":"https:\/\/www.welovecycling.com\/hu\/#website","url":"https:\/\/www.welovecycling.com\/hu\/","name":"\u0160koda We Love Cycling - Magyarorsz\u00e1g","description":"\u0160koda WeLoveCycling","potentialAction":[{"@type":"SearchAction","target":{"@type":"EntryPoint","urlTemplate":"https:\/\/www.welovecycling.com\/hu\/?s={search_term_string}"},"query-input":{"@type":"PropertyValueSpecification","valueRequired":true,"valueName":"search_term_string"}}],"inLanguage":"hu"},{"@type":"Person","@id":"https:\/\/www.welovecycling.com\/hu\/#\/schema\/person\/414a2aebf1801691a5320edb6468e194","name":"hegyizs","image":{"@type":"ImageObject","inLanguage":"hu","@id":"https:\/\/www.welovecycling.com\/hu\/#\/schema\/person\/image\/","url":"https:\/\/secure.gravatar.com\/avatar\/02cf8a7906b8cf90cecb4679defac7cfd33a1c2e3b88e4903d947f3bb58eedd3?s=96&d=mm&r=g","contentUrl":"https:\/\/secure.gravatar.com\/avatar\/02cf8a7906b8cf90cecb4679defac7cfd33a1c2e3b88e4903d947f3bb58eedd3?s=96&d=mm&r=g","caption":"hegyizs"},"url":"https:\/\/www.welovecycling.com\/hu\/author\/hegyizs\/"}]}},"_links":{"self":[{"href":"https:\/\/www.welovecycling.com\/hu\/wp-json\/wp\/v2\/posts\/11192","targetHints":{"allow":["GET"]}}],"collection":[{"href":"https:\/\/www.welovecycling.com\/hu\/wp-json\/wp\/v2\/posts"}],"about":[{"href":"https:\/\/www.welovecycling.com\/hu\/wp-json\/wp\/v2\/types\/post"}],"author":[{"embeddable":true,"href":"https:\/\/www.welovecycling.com\/hu\/wp-json\/wp\/v2\/users\/71"}],"replies":[{"embeddable":true,"href":"https:\/\/www.welovecycling.com\/hu\/wp-json\/wp\/v2\/comments?post=11192"}],"version-history":[{"count":2,"href":"https:\/\/www.welovecycling.com\/hu\/wp-json\/wp\/v2\/posts\/11192\/revisions"}],"predecessor-version":[{"id":11210,"href":"https:\/\/www.welovecycling.com\/hu\/wp-json\/wp\/v2\/posts\/11192\/revisions\/11210"}],"wp:featuredmedia":[{"embeddable":true,"href":"https:\/\/www.welovecycling.com\/hu\/wp-json\/wp\/v2\/media\/11196"}],"wp:attachment":[{"href":"https:\/\/www.welovecycling.com\/hu\/wp-json\/wp\/v2\/media?parent=11192"}],"wp:term":[{"taxonomy":"category","embeddable":true,"href":"https:\/\/www.welovecycling.com\/hu\/wp-json\/wp\/v2\/categories?post=11192"},{"taxonomy":"post_tag","embeddable":true,"href":"https:\/\/www.welovecycling.com\/hu\/wp-json\/wp\/v2\/tags?post=11192"},{"taxonomy":"global-categories","embeddable":true,"href":"https:\/\/www.welovecycling.com\/hu\/wp-json\/wp\/v2\/global-categories?post=11192"}],"curies":[{"name":"wp","href":"https:\/\/api.w.org\/{rel}","templated":true}]}}