{"id":11182,"date":"2021-04-28T09:36:46","date_gmt":"2021-04-28T07:36:46","guid":{"rendered":"https:\/\/www.welovecycling.com\/hu\/?p=11182"},"modified":"2022-02-09T09:56:39","modified_gmt":"2022-02-09T07:56:39","slug":"zold-triko-es-kisero-autok-a-skoda-szerepe-a-tour-de-hongrie-n","status":"publish","type":"post","link":"https:\/\/www.welovecycling.com\/hu\/tour-de-hongrie\/zold-triko-es-kisero-autok-a-skoda-szerepe-a-tour-de-hongrie-n\/","title":{"rendered":"Z\u00f6ld trik\u00f3 \u00e9s k\u00eds\u00e9r\u0151 aut\u00f3k \u2013 a \u0160koda szerepe a Tour de Hongrie-n"},"content":{"rendered":"<p><strong>A \u0160koda ker\u00e9kp\u00e1rm\u00e1rkak\u00e9nt indult, \u00e9s b\u00e1r m\u00e1r r\u00e9g\u00f3ta az aut\u00f3k a f\u0151 ir\u00e1ny, nem felejtette el a gy\u00f6kereit. Amellett, hogy l\u00e9trehozta a We Love Cycling k\u00f6z\u00f6ss\u00e9get, a versenyker\u00e9kp\u00e1roz\u00e1st is t\u00e1mogatja, t\u00f6bbek k\u00f6z\u00f6tt a Tour de Hongrie szponzorak\u00e9nt. De mit tud adni egy aut\u00f3m\u00e1rka a bicikliversenynek?<\/strong><!--more--><\/p>\n<h2><strong>Felvezet\u0151 aut\u00f3t \u00e9s k\u00eds\u00e9r\u0151 aut\u00f3kat<\/strong><\/h2>\n<p>A felvezet\u0151 aut\u00f3 minden m\u00e1s r\u00e9sztvev\u0151 el\u0151tt halad, biztos\u00edtva az akad\u00e1lymentes versenyz\u00e9st. Id\u00e9n <a href=\"https:\/\/www.skoda.hu\/enyaq-iv\/enyaq-iv\">a \u0160koda els\u0151 teljesen elektromos modellje, az ENYAQ<\/a> t\u00f6lti be ezt a tiszts\u00e9get, megk\u00edm\u00e9lve a m\u00f6g\u00f6tte halad\u00f3 versenyz\u0151ket a k\u00e1rosanyagok bel\u00e9legz\u00e9s\u00e9t\u0151l.<\/p>\n<figure id=\"attachment_11184\" aria-describedby=\"caption-attachment-11184\" style=\"width: 1024px\" class=\"wp-caption aligncenter\"><img loading=\"lazy\" decoding=\"async\" class=\"size-large wp-image-11184\" src=\"https:\/\/d2p6e6u75xmxt8.cloudfront.net\/12\/2021\/04\/skoda_enyaq_iv_m90-1024x508.jpg\" alt=\"\" width=\"1024\" height=\"508\" srcset=\"https:\/\/d2p6e6u75xmxt8.cloudfront.net\/12\/2021\/04\/skoda_enyaq_iv_m90-1024x508.jpg 1024w, https:\/\/d2p6e6u75xmxt8.cloudfront.net\/12\/2021\/04\/skoda_enyaq_iv_m90-300x149.jpg 300w, https:\/\/d2p6e6u75xmxt8.cloudfront.net\/12\/2021\/04\/skoda_enyaq_iv_m90-768x381.jpg 768w, https:\/\/d2p6e6u75xmxt8.cloudfront.net\/12\/2021\/04\/skoda_enyaq_iv_m90.jpg 1147w\" sizes=\"auto, (max-width: 1024px) 100vw, 1024px\" \/><figcaption id=\"caption-attachment-11184\" class=\"wp-caption-text\">Id\u00e9n az elektromos \u0160koda ENYAQ vezeti a Tour de Hongrie mez\u0151ny\u00e9t.<\/figcaption><\/figure>\n<p>A k\u00eds\u00e9r\u0151 aut\u00f3k feladata sz\u00e9les k\u00f6r\u0171: egyr\u00e9szt a verseny orvosai \u00e9s a versenyfel\u00fcgyel\u0151k \u00fclnek benn\u00fck, m\u00e1sr\u00e9szt \u00e9telt, italt \u00e9s csere-ker\u00e9kp\u00e1rokat sz\u00e1ll\u00edtanak, \u00e9s a sajt\u00f3 munkat\u00e1rsai is \u00edgy tudj\u00e1k legpontosabban nyomon k\u00f6vetni az esem\u00e9nyeket. A neutr\u00e1l-aut\u00f3k \u2013 mint amilyen p\u00e9ld\u00e1ul az orvos\u00e9 \u2013 minden versenyz\u0151nek seg\u00edtenek, akinek sz\u00fcks\u00e9ge van r\u00e1, a csapataut\u00f3k pedig egy-egy egy\u00fcttest t\u00e1mogatnak. Nemcsak orvosi, hanem technikai seg\u00edts\u00e9get is kaphatnak a bajba jutottak a neutr\u00e1l-aut\u00f3kt\u00f3l, ha nincs a k\u00f6zel\u00fckben saj\u00e1t csapataut\u00f3, aki seg\u00edteni tud nekik.<\/p>\n<p>Az aut\u00f3k sof\u0151rjei, a rend\u0151ri felvezet\u00e9s, az \u00f6nk\u00e9ntesek \u00e9s a ment\u0151k folyamatos r\u00e1di\u00f3s kapcsolatban \u00e1llnak egym\u00e1ssal, \u00edgy tudnak azonnal reag\u00e1lni az esetleges balesetekre. Ennek \u00e9rdek\u00e9ben minden k\u00eds\u00e9r\u0151 aut\u00f3 \u00e9s a felvezet\u0151 ENYAQ modell is extra felszerelts\u00e9ggel rendelkezik. A kisebb s\u00e9r\u00fcl\u00e9seket az orvosi aut\u00f3 szem\u00e9lyzete menet k\u00f6zben l\u00e1tja el: a s\u00e9r\u00fclt ker\u00e9kp\u00e1ros egyszer\u0171en az aut\u00f3 mellett teker k\u00f6zben.<\/p>\n<p>A versenyigazgat\u00f3 szerepe pedig igencsak meghat\u00e1roz\u00f3: \u0151 ind\u00edtja el a versenyt, v\u00e9gig figyeli a mez\u0151nyt \u00e9s \u0151 ad enged\u00e9lyt arra, hogy a csapatok k\u00eds\u00e9r\u0151 aut\u00f3i odagurulhassanak a versenyz\u0151ik mell\u00e9. Ha sz\u00fcks\u00e9gesnek l\u00e1tja, ler\u00f6vid\u00edtheti a versenyt, vagy szakaszokat is t\u00f6r\u00f6lhet.<\/p>\n<h2><strong>A z\u00f6ld trik\u00f3 d\u00edjat<\/strong><\/h2>\n<p>Z\u00f6ld, mint a \u0160koda. Persze a sz\u00ednes trik\u00f3k j\u00f3val el\u0151bb megjelentek a versenyeken, mint a \u0160koda, s\u0151t, t\u00f6rt\u00e9net\u00fck m\u00e9g a Tour de Hongrie el\u0151tti id\u0151kre ny\u00falik vissza.<\/p>\n<p>Kezdetben, a Tour de France els\u0151 verseny\u00e9n m\u00e9g karszalagokat haszn\u00e1ltak a trik\u00f3k helyett, azonban ezek nem voltak t\u00fal felt\u0171n\u0151k, aminek nem \u00f6r\u00fcltek a szponzorok, \u00e9s a n\u00e9z\u0151k \u00e9s a sajt\u00f3sok sem l\u00e1tt\u00e1k j\u00f3l az es\u00e9lyeseket. 1919-ben jelent meg el\u0151sz\u00f6r a s\u00e1rga trik\u00f3 a versenyen, amikor Eugene Christophe \u00f6lthette fel. Ekkor m\u00e9g csak 11-en indultak, a megk\u00fcl\u00f6nb\u00f6ztet\u00e9s teh\u00e1t kicsit t\u00fal j\u00f3l siker\u00fclt: a versenyz\u0151t t\u00e1rsai kan\u00e1rinak cs\u00fafolt\u00e1k \u00e9s egyszer\u0171en lehetetlen volt elvegy\u00fclnie.<\/p>\n<p>Az\u00f3ta a trik\u00f3kat felh\u00fazni igazi megtiszteltet\u00e9snek sz\u00e1m\u00edt, a kezdeti fogadtat\u00e1s m\u00e1r r\u00e9g a m\u00falt\u00e9. Minden nagy versenynek saj\u00e1t trik\u00f3-rendszere van, a legt\u00f6bb mez a korai szponzorok sz\u00edneire eml\u00e9keztet.<\/p>\n<figure id=\"attachment_11185\" aria-describedby=\"caption-attachment-11185\" style=\"width: 768px\" class=\"wp-caption aligncenter\"><img loading=\"lazy\" decoding=\"async\" class=\"size-full wp-image-11185\" src=\"https:\/\/d2p6e6u75xmxt8.cloudfront.net\/12\/2021\/04\/vza7110_769x512t0_ic.jpg\" alt=\"\" width=\"768\" height=\"512\" srcset=\"https:\/\/d2p6e6u75xmxt8.cloudfront.net\/12\/2021\/04\/vza7110_769x512t0_ic.jpg 768w, https:\/\/d2p6e6u75xmxt8.cloudfront.net\/12\/2021\/04\/vza7110_769x512t0_ic-300x200.jpg 300w, https:\/\/d2p6e6u75xmxt8.cloudfront.net\/12\/2021\/04\/vza7110_769x512t0_ic-272x182.jpg 272w\" sizes=\"auto, (max-width: 768px) 100vw, 768px\" \/><figcaption id=\"caption-attachment-11185\" class=\"wp-caption-text\">Tavaly Jakub Mareczko nyerte meg a z\u00f6ld trik\u00f3 d\u00edj\u00e1t.<\/figcaption><\/figure>\n<p>A z\u00f6ld mez 1953-ban jelent meg el\u0151sz\u00f6r, a Tour de France 50. \u00e9vfordul\u00f3j\u00e1nak alkalm\u00e1b\u00f3l. A trik\u00f3t a pontverseny \u00e9l\u00e9n \u00e1ll\u00f3 ker\u00e9kp\u00e1ros viselheti, pontokat a r\u00e9szhajr\u00e1k \u00e9s a befut\u00f3k sor\u00e1n szerezhetnek a versenyz\u0151k. Az els\u0151 z\u00f6ld trik\u00f3t a sv\u00e1jci Fritz Schar szerezte meg, legt\u00f6bbsz\u00f6r pedig a szlov\u00e1k Peter Sagan, aki h\u00e9tszer nyerte el a z\u00f6ld mezt.<\/p>\n<p>A Tour de Hongrie-n m\u00e1r a hatvanas \u00e9vekben is ki\u00edrtak k\u00fcl\u00f6n pontversenyt, de azt m\u00e9g nem d\u00edjazt\u00e1k megk\u00fcl\u00f6nb\u00f6ztet\u0151 mezzel, ezt csak 1993-t\u00f3l vezett\u00e9k be. Az egyetlen magyar, aki a z\u00f6ld trik\u00f3t megszerezte, Bebt\u00f3 Zolt\u00e1n volt, aki 2001-ben lett a pontverseny gy\u0151ztese.<\/p>\n<h2><strong>K\u00f6z\u00f6ss\u00e9get<\/strong><\/h2>\n<p>A COVID miatt sokkal t\u00f6bb most az \u00fajonc a bicikliz\u00e9s vil\u00e1g\u00e1ban, mint eddig. A \u0160koda \u00e9s a We Love Cycling t\u00e1rt karokkal v\u00e1rja a kezd\u0151ket, \u00e9s szeretn\u00e9nk, ha az elit sport vil\u00e1g\u00e1ba is k\u00f6nnyed\u00e9n bekapcsol\u00f3dhatna mindenki, aki szeret tekerni. A megszokott bring\u00e1s kitelep\u00fcl\u00e9s mellett \u00e9l\u0151 interj\u00fakkal, \u00e9rdekess\u00e9gekkel \u00e9s napi tud\u00f3s\u00edt\u00e1ssal igyeksz\u00fcnk k\u00f6zelebb hozni a versenyt hozz\u00e1tok, a magyar ker\u00e9kp\u00e1ros k\u00f6z\u00f6ss\u00e9g tagjaihoz, hogy egy\u00fctt szurkolhassunk kedvenc indul\u00f3inknak!<\/p>\n<p>Az els\u0151 \u00e9l\u0151 interj\u00fankban az egyik magyar versenyz\u0151vel, Pe\u00e1k Barn\u00e1val besz\u00e9lget Koh\u00e1n Gergely. Az esem\u00e9nyt <a href=\"https:\/\/www.facebook.com\/events\/504485514264554\">itt tudod majd meghallgatni<\/a>, ma este 8 \u00f3rakor!<\/p>\n<p><em>Forr\u00e1s: <\/em><a href=\"https:\/\/www.tourdehongrie.hu\/hirek\/kulonharc-a-zold-trikoert\"><em>tourdehongrie.hu<\/em><\/a><\/p>\n","protected":false},"excerpt":{"rendered":"<p>A \u0160koda ker\u00e9kp\u00e1rm\u00e1rkak\u00e9nt indult, \u00e9s b\u00e1r m\u00e1r r\u00e9g\u00f3ta az aut\u00f3k a f\u0151 ir\u00e1ny, nem felejtette el a gy\u00f6kereit. Amellett, hogy [&hellip;]<\/p>\n","protected":false},"author":71,"featured_media":11187,"comment_status":"open","ping_status":"open","sticky":false,"template":"","format":"standard","meta":{"footnotes":""},"categories":[468,462],"tags":[],"global-categories":[419],"class_list":["post-11182","post","type-post","status-publish","format-standard","has-post-thumbnail","hentry","category-skoda","category-tour-de-hongrie","global-categories-cycling"],"yoast_head":"<!-- This site is optimized with the Yoast SEO Premium plugin v25.3 (Yoast SEO v25.9) - https:\/\/yoast.com\/wordpress\/plugins\/seo\/ -->\n<title>Z\u00f6ld trik\u00f3 \u00e9s k\u00eds\u00e9r\u0151 aut\u00f3k \u2013 a \u0160koda szerepe a Tour de Hongrie-n<\/title>\n<meta name=\"description\" content=\"A \u0160koda ker\u00e9kp\u00e1rm\u00e1rkak\u00e9nt indult, \u00e9s b\u00e1r m\u00e1r r\u00e9g\u00f3ta az aut\u00f3k a f\u0151 ir\u00e1ny, nem felejtette el a gy\u00f6kereit. Amellett, hogy l\u00e9trehozta a We Love Cycling k\u00f6z\u00f6ss\u00e9get, a versenyker\u00e9kp\u00e1roz\u00e1st is t\u00e1mogatja, t\u00f6bbek k\u00f6z\u00f6tt a Tour de Hongrie szponzorak\u00e9nt. De mit tud adni egy aut\u00f3m\u00e1rka a bicikliversenynek?\" \/>\n<meta name=\"robots\" content=\"index, follow, max-snippet:-1, max-image-preview:large, max-video-preview:-1\" \/>\n<link rel=\"canonical\" href=\"https:\/\/www.welovecycling.com\/hu\/tour-de-hongrie\/zold-triko-es-kisero-autok-a-skoda-szerepe-a-tour-de-hongrie-n\/\" \/>\n<meta property=\"og:locale\" content=\"hu_HU\" \/>\n<meta property=\"og:type\" content=\"article\" \/>\n<meta property=\"og:title\" content=\"Z\u00f6ld trik\u00f3 \u00e9s k\u00eds\u00e9r\u0151 aut\u00f3k \u2013 a \u0160koda szerepe a Tour de Hongrie-n\" \/>\n<meta property=\"og:description\" content=\"A \u0160koda ker\u00e9kp\u00e1rm\u00e1rkak\u00e9nt indult, \u00e9s b\u00e1r m\u00e1r r\u00e9g\u00f3ta az aut\u00f3k a f\u0151 ir\u00e1ny, nem felejtette el a gy\u00f6kereit. Amellett, hogy l\u00e9trehozta a We Love Cycling k\u00f6z\u00f6ss\u00e9get, a versenyker\u00e9kp\u00e1roz\u00e1st is t\u00e1mogatja, t\u00f6bbek k\u00f6z\u00f6tt a Tour de Hongrie szponzorak\u00e9nt. De mit tud adni egy aut\u00f3m\u00e1rka a bicikliversenynek?\" \/>\n<meta property=\"og:url\" content=\"https:\/\/www.welovecycling.com\/hu\/tour-de-hongrie\/zold-triko-es-kisero-autok-a-skoda-szerepe-a-tour-de-hongrie-n\/\" \/>\n<meta property=\"og:site_name\" content=\"\u0160koda We Love Cycling - Magyarorsz\u00e1g\" \/>\n<meta property=\"article:publisher\" content=\"https:\/\/www.facebook.com\/WeLoveCyclingHungary\/\" \/>\n<meta property=\"article:published_time\" content=\"2021-04-28T07:36:46+00:00\" \/>\n<meta property=\"article:modified_time\" content=\"2022-02-09T07:56:39+00:00\" \/>\n<meta property=\"og:image\" content=\"https:\/\/d2p6e6u75xmxt8.cloudfront.net\/12\/2021\/04\/belletti2.jpg\" \/>\n\t<meta property=\"og:image:width\" content=\"1000\" \/>\n\t<meta property=\"og:image:height\" content=\"550\" \/>\n\t<meta property=\"og:image:type\" content=\"image\/jpeg\" \/>\n<meta name=\"author\" content=\"hegyizs\" \/>\n<meta name=\"twitter:card\" content=\"summary_large_image\" \/>\n<meta name=\"twitter:label1\" content=\"Written by\" \/>\n\t<meta name=\"twitter:data1\" content=\"WLC\" \/>\n\t<meta name=\"twitter:label2\" content=\"Est. reading time\" \/>\n\t<meta name=\"twitter:data2\" content=\"4 minutes\" \/>\n<script type=\"application\/ld+json\" class=\"yoast-schema-graph\">{\"@context\":\"https:\/\/schema.org\",\"@graph\":[{\"@type\":\"WebPage\",\"@id\":\"https:\/\/www.welovecycling.com\/hu\/tour-de-hongrie\/zold-triko-es-kisero-autok-a-skoda-szerepe-a-tour-de-hongrie-n\/\",\"url\":\"https:\/\/www.welovecycling.com\/hu\/tour-de-hongrie\/zold-triko-es-kisero-autok-a-skoda-szerepe-a-tour-de-hongrie-n\/\",\"name\":\"Z\u00f6ld trik\u00f3 \u00e9s k\u00eds\u00e9r\u0151 aut\u00f3k \u2013 a \u0160koda szerepe a Tour de Hongrie-n\",\"isPartOf\":{\"@id\":\"https:\/\/www.welovecycling.com\/hu\/#website\"},\"primaryImageOfPage\":{\"@id\":\"https:\/\/www.welovecycling.com\/hu\/tour-de-hongrie\/zold-triko-es-kisero-autok-a-skoda-szerepe-a-tour-de-hongrie-n\/#primaryimage\"},\"image\":{\"@id\":\"https:\/\/www.welovecycling.com\/hu\/tour-de-hongrie\/zold-triko-es-kisero-autok-a-skoda-szerepe-a-tour-de-hongrie-n\/#primaryimage\"},\"thumbnailUrl\":\"https:\/\/d2p6e6u75xmxt8.cloudfront.net\/12\/2021\/04\/belletti2.jpg\",\"datePublished\":\"2021-04-28T07:36:46+00:00\",\"dateModified\":\"2022-02-09T07:56:39+00:00\",\"author\":{\"@id\":\"https:\/\/www.welovecycling.com\/hu\/#\/schema\/person\/414a2aebf1801691a5320edb6468e194\"},\"description\":\"A \u0160koda ker\u00e9kp\u00e1rm\u00e1rkak\u00e9nt indult, \u00e9s b\u00e1r m\u00e1r r\u00e9g\u00f3ta az aut\u00f3k a f\u0151 ir\u00e1ny, nem felejtette el a gy\u00f6kereit. Amellett, hogy l\u00e9trehozta a We Love Cycling k\u00f6z\u00f6ss\u00e9get, a versenyker\u00e9kp\u00e1roz\u00e1st is t\u00e1mogatja, t\u00f6bbek k\u00f6z\u00f6tt a Tour de Hongrie szponzorak\u00e9nt. De mit tud adni egy aut\u00f3m\u00e1rka a bicikliversenynek?\",\"breadcrumb\":{\"@id\":\"https:\/\/www.welovecycling.com\/hu\/tour-de-hongrie\/zold-triko-es-kisero-autok-a-skoda-szerepe-a-tour-de-hongrie-n\/#breadcrumb\"},\"inLanguage\":\"hu\",\"potentialAction\":[{\"@type\":\"ReadAction\",\"target\":[\"https:\/\/www.welovecycling.com\/hu\/tour-de-hongrie\/zold-triko-es-kisero-autok-a-skoda-szerepe-a-tour-de-hongrie-n\/\"]}]},{\"@type\":\"ImageObject\",\"inLanguage\":\"hu\",\"@id\":\"https:\/\/www.welovecycling.com\/hu\/tour-de-hongrie\/zold-triko-es-kisero-autok-a-skoda-szerepe-a-tour-de-hongrie-n\/#primaryimage\",\"url\":\"https:\/\/d2p6e6u75xmxt8.cloudfront.net\/12\/2021\/04\/belletti2.jpg\",\"contentUrl\":\"https:\/\/d2p6e6u75xmxt8.cloudfront.net\/12\/2021\/04\/belletti2.jpg\",\"width\":1000,\"height\":550},{\"@type\":\"BreadcrumbList\",\"@id\":\"https:\/\/www.welovecycling.com\/hu\/tour-de-hongrie\/zold-triko-es-kisero-autok-a-skoda-szerepe-a-tour-de-hongrie-n\/#breadcrumb\",\"itemListElement\":[{\"@type\":\"ListItem\",\"position\":1,\"name\":\"Home\",\"item\":\"https:\/\/www.welovecycling.com\/hu\/\"},{\"@type\":\"ListItem\",\"position\":2,\"name\":\"Z\u00f6ld trik\u00f3 \u00e9s k\u00eds\u00e9r\u0151 aut\u00f3k \u2013 a \u0160koda szerepe a Tour de Hongrie-n\"}]},{\"@type\":\"WebSite\",\"@id\":\"https:\/\/www.welovecycling.com\/hu\/#website\",\"url\":\"https:\/\/www.welovecycling.com\/hu\/\",\"name\":\"\u0160koda We Love Cycling - Magyarorsz\u00e1g\",\"description\":\"\u0160koda WeLoveCycling\",\"potentialAction\":[{\"@type\":\"SearchAction\",\"target\":{\"@type\":\"EntryPoint\",\"urlTemplate\":\"https:\/\/www.welovecycling.com\/hu\/?s={search_term_string}\"},\"query-input\":{\"@type\":\"PropertyValueSpecification\",\"valueRequired\":true,\"valueName\":\"search_term_string\"}}],\"inLanguage\":\"hu\"},{\"@type\":\"Person\",\"@id\":\"https:\/\/www.welovecycling.com\/hu\/#\/schema\/person\/414a2aebf1801691a5320edb6468e194\",\"name\":\"hegyizs\",\"image\":{\"@type\":\"ImageObject\",\"inLanguage\":\"hu\",\"@id\":\"https:\/\/www.welovecycling.com\/hu\/#\/schema\/person\/image\/\",\"url\":\"https:\/\/secure.gravatar.com\/avatar\/02cf8a7906b8cf90cecb4679defac7cfd33a1c2e3b88e4903d947f3bb58eedd3?s=96&d=mm&r=g\",\"contentUrl\":\"https:\/\/secure.gravatar.com\/avatar\/02cf8a7906b8cf90cecb4679defac7cfd33a1c2e3b88e4903d947f3bb58eedd3?s=96&d=mm&r=g\",\"caption\":\"hegyizs\"},\"url\":\"https:\/\/www.welovecycling.com\/hu\/author\/hegyizs\/\"}]}<\/script>\n<!-- \/ Yoast SEO Premium plugin. -->","yoast_head_json":{"title":"Z\u00f6ld trik\u00f3 \u00e9s k\u00eds\u00e9r\u0151 aut\u00f3k \u2013 a \u0160koda szerepe a Tour de Hongrie-n","description":"A \u0160koda ker\u00e9kp\u00e1rm\u00e1rkak\u00e9nt indult, \u00e9s b\u00e1r m\u00e1r r\u00e9g\u00f3ta az aut\u00f3k a f\u0151 ir\u00e1ny, nem felejtette el a gy\u00f6kereit. Amellett, hogy l\u00e9trehozta a We Love Cycling k\u00f6z\u00f6ss\u00e9get, a versenyker\u00e9kp\u00e1roz\u00e1st is t\u00e1mogatja, t\u00f6bbek k\u00f6z\u00f6tt a Tour de Hongrie szponzorak\u00e9nt. De mit tud adni egy aut\u00f3m\u00e1rka a bicikliversenynek?","robots":{"index":"index","follow":"follow","max-snippet":"max-snippet:-1","max-image-preview":"max-image-preview:large","max-video-preview":"max-video-preview:-1"},"canonical":"https:\/\/www.welovecycling.com\/hu\/tour-de-hongrie\/zold-triko-es-kisero-autok-a-skoda-szerepe-a-tour-de-hongrie-n\/","og_locale":"hu_HU","og_type":"article","og_title":"Z\u00f6ld trik\u00f3 \u00e9s k\u00eds\u00e9r\u0151 aut\u00f3k \u2013 a \u0160koda szerepe a Tour de Hongrie-n","og_description":"A \u0160koda ker\u00e9kp\u00e1rm\u00e1rkak\u00e9nt indult, \u00e9s b\u00e1r m\u00e1r r\u00e9g\u00f3ta az aut\u00f3k a f\u0151 ir\u00e1ny, nem felejtette el a gy\u00f6kereit. Amellett, hogy l\u00e9trehozta a We Love Cycling k\u00f6z\u00f6ss\u00e9get, a versenyker\u00e9kp\u00e1roz\u00e1st is t\u00e1mogatja, t\u00f6bbek k\u00f6z\u00f6tt a Tour de Hongrie szponzorak\u00e9nt. De mit tud adni egy aut\u00f3m\u00e1rka a bicikliversenynek?","og_url":"https:\/\/www.welovecycling.com\/hu\/tour-de-hongrie\/zold-triko-es-kisero-autok-a-skoda-szerepe-a-tour-de-hongrie-n\/","og_site_name":"\u0160koda We Love Cycling - Magyarorsz\u00e1g","article_publisher":"https:\/\/www.facebook.com\/WeLoveCyclingHungary\/","article_published_time":"2021-04-28T07:36:46+00:00","article_modified_time":"2022-02-09T07:56:39+00:00","og_image":[{"width":1000,"height":550,"url":"https:\/\/d2p6e6u75xmxt8.cloudfront.net\/12\/2021\/04\/belletti2.jpg","type":"image\/jpeg"}],"author":"hegyizs","twitter_card":"summary_large_image","twitter_misc":{"Written by":"WLC","Est. reading time":"4 minutes"},"schema":{"@context":"https:\/\/schema.org","@graph":[{"@type":"WebPage","@id":"https:\/\/www.welovecycling.com\/hu\/tour-de-hongrie\/zold-triko-es-kisero-autok-a-skoda-szerepe-a-tour-de-hongrie-n\/","url":"https:\/\/www.welovecycling.com\/hu\/tour-de-hongrie\/zold-triko-es-kisero-autok-a-skoda-szerepe-a-tour-de-hongrie-n\/","name":"Z\u00f6ld trik\u00f3 \u00e9s k\u00eds\u00e9r\u0151 aut\u00f3k \u2013 a \u0160koda szerepe a Tour de Hongrie-n","isPartOf":{"@id":"https:\/\/www.welovecycling.com\/hu\/#website"},"primaryImageOfPage":{"@id":"https:\/\/www.welovecycling.com\/hu\/tour-de-hongrie\/zold-triko-es-kisero-autok-a-skoda-szerepe-a-tour-de-hongrie-n\/#primaryimage"},"image":{"@id":"https:\/\/www.welovecycling.com\/hu\/tour-de-hongrie\/zold-triko-es-kisero-autok-a-skoda-szerepe-a-tour-de-hongrie-n\/#primaryimage"},"thumbnailUrl":"https:\/\/d2p6e6u75xmxt8.cloudfront.net\/12\/2021\/04\/belletti2.jpg","datePublished":"2021-04-28T07:36:46+00:00","dateModified":"2022-02-09T07:56:39+00:00","author":{"@id":"https:\/\/www.welovecycling.com\/hu\/#\/schema\/person\/414a2aebf1801691a5320edb6468e194"},"description":"A \u0160koda ker\u00e9kp\u00e1rm\u00e1rkak\u00e9nt indult, \u00e9s b\u00e1r m\u00e1r r\u00e9g\u00f3ta az aut\u00f3k a f\u0151 ir\u00e1ny, nem felejtette el a gy\u00f6kereit. Amellett, hogy l\u00e9trehozta a We Love Cycling k\u00f6z\u00f6ss\u00e9get, a versenyker\u00e9kp\u00e1roz\u00e1st is t\u00e1mogatja, t\u00f6bbek k\u00f6z\u00f6tt a Tour de Hongrie szponzorak\u00e9nt. De mit tud adni egy aut\u00f3m\u00e1rka a bicikliversenynek?","breadcrumb":{"@id":"https:\/\/www.welovecycling.com\/hu\/tour-de-hongrie\/zold-triko-es-kisero-autok-a-skoda-szerepe-a-tour-de-hongrie-n\/#breadcrumb"},"inLanguage":"hu","potentialAction":[{"@type":"ReadAction","target":["https:\/\/www.welovecycling.com\/hu\/tour-de-hongrie\/zold-triko-es-kisero-autok-a-skoda-szerepe-a-tour-de-hongrie-n\/"]}]},{"@type":"ImageObject","inLanguage":"hu","@id":"https:\/\/www.welovecycling.com\/hu\/tour-de-hongrie\/zold-triko-es-kisero-autok-a-skoda-szerepe-a-tour-de-hongrie-n\/#primaryimage","url":"https:\/\/d2p6e6u75xmxt8.cloudfront.net\/12\/2021\/04\/belletti2.jpg","contentUrl":"https:\/\/d2p6e6u75xmxt8.cloudfront.net\/12\/2021\/04\/belletti2.jpg","width":1000,"height":550},{"@type":"BreadcrumbList","@id":"https:\/\/www.welovecycling.com\/hu\/tour-de-hongrie\/zold-triko-es-kisero-autok-a-skoda-szerepe-a-tour-de-hongrie-n\/#breadcrumb","itemListElement":[{"@type":"ListItem","position":1,"name":"Home","item":"https:\/\/www.welovecycling.com\/hu\/"},{"@type":"ListItem","position":2,"name":"Z\u00f6ld trik\u00f3 \u00e9s k\u00eds\u00e9r\u0151 aut\u00f3k \u2013 a \u0160koda szerepe a Tour de Hongrie-n"}]},{"@type":"WebSite","@id":"https:\/\/www.welovecycling.com\/hu\/#website","url":"https:\/\/www.welovecycling.com\/hu\/","name":"\u0160koda We Love Cycling - Magyarorsz\u00e1g","description":"\u0160koda WeLoveCycling","potentialAction":[{"@type":"SearchAction","target":{"@type":"EntryPoint","urlTemplate":"https:\/\/www.welovecycling.com\/hu\/?s={search_term_string}"},"query-input":{"@type":"PropertyValueSpecification","valueRequired":true,"valueName":"search_term_string"}}],"inLanguage":"hu"},{"@type":"Person","@id":"https:\/\/www.welovecycling.com\/hu\/#\/schema\/person\/414a2aebf1801691a5320edb6468e194","name":"hegyizs","image":{"@type":"ImageObject","inLanguage":"hu","@id":"https:\/\/www.welovecycling.com\/hu\/#\/schema\/person\/image\/","url":"https:\/\/secure.gravatar.com\/avatar\/02cf8a7906b8cf90cecb4679defac7cfd33a1c2e3b88e4903d947f3bb58eedd3?s=96&d=mm&r=g","contentUrl":"https:\/\/secure.gravatar.com\/avatar\/02cf8a7906b8cf90cecb4679defac7cfd33a1c2e3b88e4903d947f3bb58eedd3?s=96&d=mm&r=g","caption":"hegyizs"},"url":"https:\/\/www.welovecycling.com\/hu\/author\/hegyizs\/"}]}},"_links":{"self":[{"href":"https:\/\/www.welovecycling.com\/hu\/wp-json\/wp\/v2\/posts\/11182","targetHints":{"allow":["GET"]}}],"collection":[{"href":"https:\/\/www.welovecycling.com\/hu\/wp-json\/wp\/v2\/posts"}],"about":[{"href":"https:\/\/www.welovecycling.com\/hu\/wp-json\/wp\/v2\/types\/post"}],"author":[{"embeddable":true,"href":"https:\/\/www.welovecycling.com\/hu\/wp-json\/wp\/v2\/users\/71"}],"replies":[{"embeddable":true,"href":"https:\/\/www.welovecycling.com\/hu\/wp-json\/wp\/v2\/comments?post=11182"}],"version-history":[{"count":2,"href":"https:\/\/www.welovecycling.com\/hu\/wp-json\/wp\/v2\/posts\/11182\/revisions"}],"predecessor-version":[{"id":11188,"href":"https:\/\/www.welovecycling.com\/hu\/wp-json\/wp\/v2\/posts\/11182\/revisions\/11188"}],"wp:featuredmedia":[{"embeddable":true,"href":"https:\/\/www.welovecycling.com\/hu\/wp-json\/wp\/v2\/media\/11187"}],"wp:attachment":[{"href":"https:\/\/www.welovecycling.com\/hu\/wp-json\/wp\/v2\/media?parent=11182"}],"wp:term":[{"taxonomy":"category","embeddable":true,"href":"https:\/\/www.welovecycling.com\/hu\/wp-json\/wp\/v2\/categories?post=11182"},{"taxonomy":"post_tag","embeddable":true,"href":"https:\/\/www.welovecycling.com\/hu\/wp-json\/wp\/v2\/tags?post=11182"},{"taxonomy":"global-categories","embeddable":true,"href":"https:\/\/www.welovecycling.com\/hu\/wp-json\/wp\/v2\/global-categories?post=11182"}],"curies":[{"name":"wp","href":"https:\/\/api.w.org\/{rel}","templated":true}]}}