{"id":11172,"date":"2021-05-02T08:00:29","date_gmt":"2021-05-02T07:00:29","guid":{"rendered":"https:\/\/www.welovecycling.com\/hu\/?p=11172"},"modified":"2021-05-04T09:01:53","modified_gmt":"2021-05-04T08:01:53","slug":"vedd-ra-barataid-a-biciklizesre-figyelj-oda-a-felszerelesre","status":"publish","type":"post","link":"https:\/\/www.welovecycling.com\/hu\/edzes-es-eletmod\/vedd-ra-barataid-a-biciklizesre-figyelj-oda-a-felszerelesre\/","title":{"rendered":"Vedd r\u00e1 bar\u00e1taid a bicikliz\u00e9sre \u2013 Figyelj oda a felszerel\u00e9sre!"},"content":{"rendered":"<p><strong>Ha m\u00e1r <\/strong><a href=\"https:\/\/www.welovecycling.com\/hu\/edzes-es-eletmod\/igy-vedd-ra-barataidat-a-biciklizesre\/\"><strong>el\u0151z\u0151 cikk\u00fcnk seg\u00edts\u00e9g\u00e9vel<\/strong><\/a><strong> siker\u00fclt felcsig\u00e1znod a bar\u00e1taidat, itt az ideje, hogy \u00fatnak induljatok! Minden ker\u00e9kp\u00e1ros tapasztalatodra sz\u00fcks\u00e9g lesz ahhoz, hogy az \u00e9lm\u00e9ny a lehet\u0151 legjobb legyen. Az els\u0151 l\u00e9p\u00e9s, hogy gondoskodj a biciklikr\u0151l \u00e9s a felszerel\u00e9sekr\u0151l, hogy minden k\u00e9szen \u00e1lljon az els\u0151 \u00fatra.<\/strong><\/p>\n<p><!--more--><\/p>\n<h2><strong>Mutasd meg, hogy nincs mit\u0151l f\u00e9lni!<\/strong><\/h2>\n<p>A bicikliz\u00e9s els\u0151re ijeszt\u0151nek t\u0171nhet, mert l\u00e1tsz\u00f3lag nagyon sok dologra van sz\u00fcks\u00e9g hozz\u00e1 \u2013 ker\u00e9kp\u00e1r, sisak, p\u00e1rn\u00e1zott nadr\u00e1g, biciklis cip\u0151, ker\u00e9kp\u00e1ros \u00f3ra, kulacs \u00e9s m\u00e9g sorolhatn\u00e1nk. A te feladatod az, hogy mindez \u00fagy t\u0171nj\u00f6n, mintha semmis\u00e9g lenne. Ne \u00e1raszd el a haverod men\u0151 k\u00fcty\u00fckkel, ne komplik\u00e1ld t\u00fal! Gy\u0151z\u0151dj meg arr\u00f3l, hogy rendelkezik azzal az alapvet\u0151 felszerel\u00e9ssel, ami lehet\u0151 teszi a biztons\u00e1gos bicajoz\u00e1st.<\/p>\n<figure id=\"attachment_11173\" aria-describedby=\"caption-attachment-11173\" style=\"width: 1024px\" class=\"wp-caption alignnone\"><a href=\"https:\/\/d2p6e6u75xmxt8.cloudfront.net\/2\/2021\/04\/Friends-cycling-profimedia-0592273368.jpg\"><img loading=\"lazy\" decoding=\"async\" class=\"wp-image-11173 size-large\" src=\"https:\/\/d2p6e6u75xmxt8.cloudfront.net\/12\/2021\/04\/Friends-cycling-profimedia-0592273368-1024x681.jpg\" alt=\"Friends by the river\" width=\"1024\" height=\"681\" srcset=\"https:\/\/d2p6e6u75xmxt8.cloudfront.net\/12\/2021\/04\/Friends-cycling-profimedia-0592273368-1024x681.jpg 1024w, https:\/\/d2p6e6u75xmxt8.cloudfront.net\/12\/2021\/04\/Friends-cycling-profimedia-0592273368-300x199.jpg 300w, https:\/\/d2p6e6u75xmxt8.cloudfront.net\/12\/2021\/04\/Friends-cycling-profimedia-0592273368-768x511.jpg 768w, https:\/\/d2p6e6u75xmxt8.cloudfront.net\/12\/2021\/04\/Friends-cycling-profimedia-0592273368-272x182.jpg 272w, https:\/\/d2p6e6u75xmxt8.cloudfront.net\/12\/2021\/04\/Friends-cycling-profimedia-0592273368.jpg 1250w\" sizes=\"auto, (max-width: 1024px) 100vw, 1024px\" \/><\/a><figcaption id=\"caption-attachment-11173\" class=\"wp-caption-text\"><em>Tan\u00edtsd meg a haverodnak a legfontosabb dolgot a bicikliz\u00e9sben: a teker\u00e9s \u00f6r\u00f6m\u00e9t. \u00a9 Profimedia<\/em><\/figcaption><\/figure>\n<h2><strong>Seg\u00edts nekik biciklit szerezni!<\/strong><\/h2>\n<p>El\u0151sz\u00f6r is, gy\u0151z\u0151dj meg arr\u00f3l, hogy a haverod rendelkezik olyan ker\u00e9kp\u00e1rral, ami megfelel a k\u00e9pess\u00e9g\u00e9nek \u00e9s a lelkesed\u00e9s\u00e9nek. Ha van extra biciklid, ami megfelelne neki, akkor egyel\u0151re ez a legjobb megold\u00e1s. De a biciklib\u00e9rl\u00e9st is fontol\u00f3ra veheti. Javasolj egy helyet, ahol tud b\u00e9relni, \u00e9s seg\u00edts neki kiv\u00e1lasztani a megfelel\u0151 ker\u00e9kp\u00e1rt az \u00e1ltalad tervezett \u00fatra.<\/p>\n<p>Amennyiben a bar\u00e1tod m\u00e1r k\u00e9szen \u00e1ll r\u00e1, hogy saj\u00e1t biciklije legyen, akkor ideje bevetned a ker\u00e9kp\u00e1ros szak\u00e9rtelmed. Seg\u00edts neki v\u00e9gigb\u00f6ng\u00e9szni az eBay-t, a Facebook Marketplace-t vagy a helyi online \u00fczleteket, hogy sorba vehesse a lehet\u0151s\u00e9geit! \u00daj bicikli v\u00e1s\u00e1rl\u00e1sa sem kiz\u00e1rt. Seg\u00edts neki feltenni a megfelel\u0151 k\u00e9rd\u00e9seket, hogy j\u00f3 \u00fczletet \u00fcss\u00f6n ny\u00e9lbe!<\/p>\n<figure id=\"attachment_8724\" aria-describedby=\"caption-attachment-8724\" style=\"width: 1024px\" class=\"wp-caption alignnone\"><a href=\"https:\/\/d2p6e6u75xmxt8.cloudfront.net\/2\/2020\/09\/profimedia-0087287776.jpg\"><img loading=\"lazy\" decoding=\"async\" class=\"size-large wp-image-8724\" src=\"https:\/\/d2p6e6u75xmxt8.cloudfront.net\/12\/2020\/10\/profimedia-0087287776-1024x768.jpg\" alt=\"Bicycle shop\" width=\"1024\" height=\"768\" srcset=\"https:\/\/d2p6e6u75xmxt8.cloudfront.net\/12\/2020\/10\/profimedia-0087287776-1024x768.jpg 1024w, https:\/\/d2p6e6u75xmxt8.cloudfront.net\/12\/2020\/10\/profimedia-0087287776-300x225.jpg 300w, https:\/\/d2p6e6u75xmxt8.cloudfront.net\/12\/2020\/10\/profimedia-0087287776-768x576.jpg 768w, https:\/\/d2p6e6u75xmxt8.cloudfront.net\/12\/2020\/10\/profimedia-0087287776.jpg 1250w\" sizes=\"auto, (max-width: 1024px) 100vw, 1024px\" \/><\/a><figcaption id=\"caption-attachment-8724\" class=\"wp-caption-text\"><em>Seg\u00edts a haverodnak kiv\u00e1lasztani a t\u00f6k\u00e9letes biciklit! \u00a9 Profimedia<\/em>a<\/figcaption><\/figure>\n<h2><strong>Csak a legfontosabb kieg\u00e9sz\u00edt\u0151kre lesz sz\u00fcks\u00e9g<\/strong><\/h2>\n<p>K\u00e9t alapvet\u0151 felszerel\u00e9st nem szabad kihagyni: a biciklit \u00e9s a sisakot. Ne engedd, hogy ez ut\u00f3bbi az opcion\u00e1lis kateg\u00f3ri\u00e1ba ker\u00fclj\u00f6n! Motiv\u00e1ld bar\u00e1taidat arra, hogy kezdett\u0151l fogva vegy\u00e9k komolyan a biztons\u00e1got! Ezen k\u00edv\u00fcl szerezz be n\u00e9h\u00e1ny kieg\u00e9sz\u00edt\u0151t, amik, amik \u00e9lvezetesebb\u00e9 tehetik az els\u0151 utat.<\/p>\n<p><strong>Palacktart\u00f3 \u00e9s v\u00edzzel megt\u00f6lt\u00f6tt kulacs:<\/strong> A kulacs h\u00e1tizs\u00e1kban val\u00f3 cipel\u00e9se is rendben van, de a palacktart\u00f3 profibb!<\/p>\n<p><strong>P\u00e1rn\u00e1zott r\u00f6vidnadr\u00e1g<\/strong>: Az els\u0151 \u00fat ut\u00e1ni f\u00e1j\u00f3 popsi cs\u00f6kkentheti a k\u00e9s\u0151bbi motiv\u00e1ci\u00f3t.<\/p>\n<p><strong>Szell\u0151s mez vagy p\u00f3l\u00f3<\/strong>: \u00d3ri\u00e1si k\u00fcl\u00f6nbs\u00e9get jelenthet akkor, ha meleg, naps\u00fct\u00e9ses id\u0151ben bring\u00e1ztok. Ha azt szeretn\u00e9d, hogy az els\u0151 \u00fat pont ilyen id\u0151ben legyen, mindenk\u00e9pp aj\u00e1nljuk!<\/p>\n<p><strong>Napszem\u00fcveg \u00e9s f\u00e9nyv\u00e9d\u0151<\/strong>: Nagyon fontos kieg\u00e9sz\u00edt\u0151 egy naps\u00fct\u00e9ses napon.<\/p>\n<p><strong>R\u00e1gcs\u00e1lnival\u00f3k:<\/strong> Nincs ann\u00e1l rosszabb egy biciklis sz\u00e1m\u00e1ra, mint amikor a teker\u00e9s k\u00f6zep\u00e9n elfogy a r\u00e1gcsa.<\/p>\n<figure id=\"attachment_11174\" aria-describedby=\"caption-attachment-11174\" style=\"width: 1024px\" class=\"wp-caption alignnone\"><a href=\"https:\/\/d2p6e6u75xmxt8.cloudfront.net\/2\/2021\/04\/Cycling-on-a-meadow-profimedia-0536369570.jpg\"><img loading=\"lazy\" decoding=\"async\" class=\"wp-image-11174 size-large\" src=\"https:\/\/d2p6e6u75xmxt8.cloudfront.net\/12\/2021\/04\/Cycling-on-a-meadow-profimedia-0536369570-1024x682.jpg\" alt=\"Outdoor cycling\" width=\"1024\" height=\"682\" srcset=\"https:\/\/d2p6e6u75xmxt8.cloudfront.net\/12\/2021\/04\/Cycling-on-a-meadow-profimedia-0536369570-1024x682.jpg 1024w, https:\/\/d2p6e6u75xmxt8.cloudfront.net\/12\/2021\/04\/Cycling-on-a-meadow-profimedia-0536369570-300x200.jpg 300w, https:\/\/d2p6e6u75xmxt8.cloudfront.net\/12\/2021\/04\/Cycling-on-a-meadow-profimedia-0536369570-768x512.jpg 768w, https:\/\/d2p6e6u75xmxt8.cloudfront.net\/12\/2021\/04\/Cycling-on-a-meadow-profimedia-0536369570-272x182.jpg 272w, https:\/\/d2p6e6u75xmxt8.cloudfront.net\/12\/2021\/04\/Cycling-on-a-meadow-profimedia-0536369570.jpg 1250w\" sizes=\"auto, (max-width: 1024px) 100vw, 1024px\" \/><\/a><figcaption id=\"caption-attachment-11174\" class=\"wp-caption-text\"><em>Tartsd be a legfontosabb dolgokat! \u00a9 Profimedia<\/em><\/figcaption><\/figure>\n<p>Pr\u00f3b\u00e1ld betartani a tan\u00e1csokat \u00e9s szerezz\u00e9tek be az alapvet\u0151 dolgokat! Hoztunk egy olyan list\u00e1t is, ami azoknak a bar\u00e1taidnak aj\u00e1nlott, akik komolyabban szeretn\u00e9nek foglalkozni a bicikliz\u00e9ssel vagy egy hosszabb, sport n\u00e9lk\u00fcli id\u0151szak ut\u00e1n t\u00e9rnek vissza a ker\u00e9kp\u00e1roz\u00e1shoz.<\/p>\n<p><strong>Sz\u00e9ldzseki, s\u00e1rv\u00e9d\u0151k, els\u0151 \u00e9s h\u00e1ts\u00f3 l\u00e1mp\u00e1k:<\/strong> Ha bar\u00e1tod megszereti a bicikliz\u00e9st, egyre gyakrabban fog rossz id\u0151ben, gyenge f\u00e9nyviszonyok k\u00f6z\u00f6tt ker\u00e9kp\u00e1rozni.<\/p>\n<p><strong>Speci\u00e1lis ker\u00e9kp\u00e1ros cip\u0151k<\/strong>: Hat\u00e9konyabb\u00e1 teszik a ped\u00e1loz\u00e1st. A haverod csak akkor fogja igaz\u00e1n \u00e9rt\u00e9kelni \u0151ket, miut\u00e1n n\u00e9h\u00e1ny t\u00far\u00e1t n\u00e9lk\u00fcl\u00fck nyomott le.<\/p>\n<p><strong>Ker\u00e9kp\u00e1ros \u00f3ra:<\/strong> Amennyiben versenyk\u00e9pesek lesznek, vagy csak \u00e9lvezik nyomon k\u00f6vetni fejl\u0151d\u00e9s\u00fcket, egy ker\u00e9kp\u00e1ros \u00f3ra nagyon j\u00f3l j\u00f6het.<\/p>\n<p><strong>Biciklis keszty\u0171, t\u00e9rdv\u00e9d\u0151:<\/strong> A kieg\u00e9sz\u00edt\u0151 v\u00e9delem fontos, ha bar\u00e1tod technik\u00e1sabb MTB bicajoz\u00e1sba kezd.<\/p>\n<p><strong>Z\u00e1r \u00e9s ker\u00e9kp\u00e1ros poggy\u00e1sz<\/strong>: Ha bar\u00e1tod a v\u00e1rosban kezd biciklizni, sz\u00fcks\u00e9g lehet egy j\u00f3 z\u00e1rra \u00e9s valamire, amiben cipelni tudja a felszerel\u00e9st.<\/p>\n<p><strong>Pumpa, p\u00f3talkatr\u00e9szek \u00e9s szersz\u00e1mok:<\/strong> Ha hosszabb \u00fatra indul, ezek a dolgok \u00e9letment\u0151k lehetnek.<\/p>\n<figure id=\"attachment_6156\" aria-describedby=\"caption-attachment-6156\" style=\"width: 1024px\" class=\"wp-caption alignnone\"><a href=\"https:\/\/d2p6e6u75xmxt8.cloudfront.net\/2\/2019\/11\/Friends-MTB-profimedia-0281706401.jpg\"><img loading=\"lazy\" decoding=\"async\" class=\"size-large wp-image-6156\" src=\"https:\/\/d2p6e6u75xmxt8.cloudfront.net\/12\/2019\/12\/Friends-MTB-profimedia-0281706401-1024x681.jpg\" alt=\"Friends Cycling\" width=\"1024\" height=\"681\" srcset=\"https:\/\/d2p6e6u75xmxt8.cloudfront.net\/12\/2019\/12\/Friends-MTB-profimedia-0281706401-1024x681.jpg 1024w, https:\/\/d2p6e6u75xmxt8.cloudfront.net\/12\/2019\/12\/Friends-MTB-profimedia-0281706401-300x199.jpg 300w, https:\/\/d2p6e6u75xmxt8.cloudfront.net\/12\/2019\/12\/Friends-MTB-profimedia-0281706401-768x511.jpg 768w, https:\/\/d2p6e6u75xmxt8.cloudfront.net\/12\/2019\/12\/Friends-MTB-profimedia-0281706401-272x182.jpg 272w, https:\/\/d2p6e6u75xmxt8.cloudfront.net\/12\/2019\/12\/Friends-MTB-profimedia-0281706401.jpg 1250w\" sizes=\"auto, (max-width: 1024px) 100vw, 1024px\" \/><\/a><figcaption id=\"caption-attachment-6156\" class=\"wp-caption-text\"><em>Szerelkezz fel a tervezett \u00fatnak megfelel\u0151en! \u00a9 Profimedia<\/em><\/figcaption><\/figure>\n<h2><strong>A menet el\u0151tt ellen\u0151rizd a felszerel\u00e9st!<\/strong><\/h2>\n<p>Miel\u0151tt elinduln\u00e1l, gy\u0151z\u0151dj meg arr\u00f3l, hogy bar\u00e1tod biciklije j\u00f3 \u00e1llapotban van \u00e9s a m\u00e9ret\u00e9nek megfelel\u0151en van be\u00e1ll\u00edtva. Ez a lista seg\u00edts\u00e9gedre lehet:<\/p>\n<p>1. Ellen\u0151rizd a gumiabroncs nyom\u00e1s\u00e1t \u00e9s sz\u00fcks\u00e9g eset\u00e9n pump\u00e1ld fel!<\/p>\n<p>2. Ellen\u0151rizd a f\u00e9keket, hogy megfelel\u0151en m\u0171k\u00f6dnek-e. Gy\u0151z\u0151dj meg r\u00f3la, hogy a bar\u00e1tod k\u00f6nnyen el\u00e9ri a f\u00e9kkarokat.<\/p>\n<p>3. \u00c1ll\u00edtsd be az \u00fcl\u00e9s magass\u00e1g\u00e1t! Ha a haverod kezd\u0151, gy\u0151z\u0151dj meg arr\u00f3l, hogy biztons\u00e1gban \u00e9rzi mag\u00e1t, \u00e9s mindk\u00e9t l\u00e1ba le\u00e9r a f\u00f6ldre.<\/p>\n<p>4. R\u00f6gz\u00edtsd az els\u0151 \u00e9s a h\u00e1ts\u00f3 ker\u00e9k gyorsz\u00e1rjait!<\/p>\n<p>5. Ellen\u0151rizd, hogy tud-e probl\u00e9mamentesen v\u00e1ltani!<\/p>\n<p>6. Most, hogy minden k\u00e9szen \u00e1ll, indulhattok is! A k\u00f6vetkez\u0151 cikkb\u0151l kider\u00fcl, milyen az ide\u00e1lis els\u0151 bicikli\u00fat.<\/p>\n","protected":false},"excerpt":{"rendered":"<p>Ha m\u00e1r el\u0151z\u0151 cikk\u00fcnk seg\u00edts\u00e9g\u00e9vel siker\u00fclt felcsig\u00e1znod a bar\u00e1taidat, itt az ideje, hogy \u00fatnak induljatok! Minden ker\u00e9kp\u00e1ros tapasztalatodra sz\u00fcks\u00e9g lesz [&hellip;]<\/p>\n","protected":false},"author":71,"featured_media":11176,"comment_status":"closed","ping_status":"closed","sticky":false,"template":"","format":"standard","meta":{"footnotes":""},"categories":[6],"tags":[],"global-categories":[],"class_list":["post-11172","post","type-post","status-publish","format-standard","has-post-thumbnail","hentry","category-edzes-es-eletmod"],"yoast_head":"<!-- This site is optimized with the Yoast SEO Premium plugin v25.3 (Yoast SEO v25.9) - https:\/\/yoast.com\/wordpress\/plugins\/seo\/ -->\n<title>Vedd r\u00e1 bar\u00e1taid a bicikliz\u00e9sre \u2013 Figyelj oda a felszerel\u00e9sre!<\/title>\n<meta name=\"description\" content=\"Ha m\u00e1r el\u0151z\u0151 cikk\u00fcnk seg\u00edts\u00e9g\u00e9vel siker\u00fclt felcsig\u00e1znod a bar\u00e1taidat, itt az ideje, hogy \u00fatnak induljatok! Minden ker\u00e9kp\u00e1ros tapasztalatodra sz\u00fcks\u00e9g lesz ahhoz, hogy az \u00e9lm\u00e9ny a lehet\u0151 legjobb legyen. Az els\u0151 l\u00e9p\u00e9s, hogy gondoskodj a biciklikr\u0151l \u00e9s a felszerel\u00e9sekr\u0151l, hogy minden k\u00e9szen \u00e1lljon az els\u0151 \u00fara.\" \/>\n<meta name=\"robots\" content=\"index, follow, max-snippet:-1, max-image-preview:large, max-video-preview:-1\" \/>\n<link rel=\"canonical\" href=\"https:\/\/www.welovecycling.com\/hu\/edzes-es-eletmod\/vedd-ra-barataid-a-biciklizesre-figyelj-oda-a-felszerelesre\/\" \/>\n<meta property=\"og:locale\" content=\"hu_HU\" \/>\n<meta property=\"og:type\" content=\"article\" \/>\n<meta property=\"og:title\" content=\"Vedd r\u00e1 bar\u00e1taid a bicikliz\u00e9sre \u2013 Figyelj oda a felszerel\u00e9sre!\" \/>\n<meta property=\"og:description\" content=\"Ha m\u00e1r el\u0151z\u0151 cikk\u00fcnk seg\u00edts\u00e9g\u00e9vel siker\u00fclt felcsig\u00e1znod a bar\u00e1taidat, itt az ideje, hogy \u00fatnak induljatok! Minden ker\u00e9kp\u00e1ros tapasztalatodra sz\u00fcks\u00e9g lesz ahhoz, hogy az \u00e9lm\u00e9ny a lehet\u0151 legjobb legyen. Az els\u0151 l\u00e9p\u00e9s, hogy gondoskodj a biciklikr\u0151l \u00e9s a felszerel\u00e9sekr\u0151l, hogy minden k\u00e9szen \u00e1lljon az els\u0151 \u00fara.\" \/>\n<meta property=\"og:url\" content=\"https:\/\/www.welovecycling.com\/hu\/edzes-es-eletmod\/vedd-ra-barataid-a-biciklizesre-figyelj-oda-a-felszerelesre\/\" \/>\n<meta property=\"og:site_name\" content=\"\u0160koda We Love Cycling - Magyarorsz\u00e1g\" \/>\n<meta property=\"article:publisher\" content=\"https:\/\/www.facebook.com\/WeLoveCyclingHungary\/\" \/>\n<meta property=\"article:published_time\" content=\"2021-05-02T07:00:29+00:00\" \/>\n<meta property=\"article:modified_time\" content=\"2021-05-04T08:01:53+00:00\" \/>\n<meta property=\"og:image\" content=\"https:\/\/d2p6e6u75xmxt8.cloudfront.net\/12\/2021\/04\/Friends-cycling-profimedia-0604329970-CVR.jpg\" \/>\n\t<meta property=\"og:image:width\" content=\"1366\" \/>\n\t<meta property=\"og:image:height\" content=\"600\" \/>\n\t<meta property=\"og:image:type\" content=\"image\/jpeg\" \/>\n<meta name=\"author\" content=\"hegyizs\" \/>\n<meta name=\"twitter:card\" content=\"summary_large_image\" \/>\n<meta name=\"twitter:label1\" content=\"Written by\" \/>\n\t<meta name=\"twitter:data1\" content=\"Jiri Kaloc\" \/>\n\t<meta name=\"twitter:label2\" content=\"Est. reading time\" \/>\n\t<meta name=\"twitter:data2\" content=\"5\" \/>\n<script type=\"application\/ld+json\" class=\"yoast-schema-graph\">{\"@context\":\"https:\/\/schema.org\",\"@graph\":[{\"@type\":\"WebPage\",\"@id\":\"https:\/\/www.welovecycling.com\/hu\/edzes-es-eletmod\/vedd-ra-barataid-a-biciklizesre-figyelj-oda-a-felszerelesre\/\",\"url\":\"https:\/\/www.welovecycling.com\/hu\/edzes-es-eletmod\/vedd-ra-barataid-a-biciklizesre-figyelj-oda-a-felszerelesre\/\",\"name\":\"Vedd r\u00e1 bar\u00e1taid a bicikliz\u00e9sre \u2013 Figyelj oda a felszerel\u00e9sre!\",\"isPartOf\":{\"@id\":\"https:\/\/www.welovecycling.com\/hu\/#website\"},\"primaryImageOfPage\":{\"@id\":\"https:\/\/www.welovecycling.com\/hu\/edzes-es-eletmod\/vedd-ra-barataid-a-biciklizesre-figyelj-oda-a-felszerelesre\/#primaryimage\"},\"image\":{\"@id\":\"https:\/\/www.welovecycling.com\/hu\/edzes-es-eletmod\/vedd-ra-barataid-a-biciklizesre-figyelj-oda-a-felszerelesre\/#primaryimage\"},\"thumbnailUrl\":\"https:\/\/d2p6e6u75xmxt8.cloudfront.net\/12\/2021\/04\/Friends-cycling-profimedia-0604329970-CVR.jpg\",\"datePublished\":\"2021-05-02T07:00:29+00:00\",\"dateModified\":\"2021-05-04T08:01:53+00:00\",\"author\":{\"@id\":\"https:\/\/www.welovecycling.com\/hu\/#\/schema\/person\/414a2aebf1801691a5320edb6468e194\"},\"description\":\"Ha m\u00e1r el\u0151z\u0151 cikk\u00fcnk seg\u00edts\u00e9g\u00e9vel siker\u00fclt felcsig\u00e1znod a bar\u00e1taidat, itt az ideje, hogy \u00fatnak induljatok! Minden ker\u00e9kp\u00e1ros tapasztalatodra sz\u00fcks\u00e9g lesz ahhoz, hogy az \u00e9lm\u00e9ny a lehet\u0151 legjobb legyen. Az els\u0151 l\u00e9p\u00e9s, hogy gondoskodj a biciklikr\u0151l \u00e9s a felszerel\u00e9sekr\u0151l, hogy minden k\u00e9szen \u00e1lljon az els\u0151 \u00fara.\",\"breadcrumb\":{\"@id\":\"https:\/\/www.welovecycling.com\/hu\/edzes-es-eletmod\/vedd-ra-barataid-a-biciklizesre-figyelj-oda-a-felszerelesre\/#breadcrumb\"},\"inLanguage\":\"hu\",\"potentialAction\":[{\"@type\":\"ReadAction\",\"target\":[\"https:\/\/www.welovecycling.com\/hu\/edzes-es-eletmod\/vedd-ra-barataid-a-biciklizesre-figyelj-oda-a-felszerelesre\/\"]}]},{\"@type\":\"ImageObject\",\"inLanguage\":\"hu\",\"@id\":\"https:\/\/www.welovecycling.com\/hu\/edzes-es-eletmod\/vedd-ra-barataid-a-biciklizesre-figyelj-oda-a-felszerelesre\/#primaryimage\",\"url\":\"https:\/\/d2p6e6u75xmxt8.cloudfront.net\/12\/2021\/04\/Friends-cycling-profimedia-0604329970-CVR.jpg\",\"contentUrl\":\"https:\/\/d2p6e6u75xmxt8.cloudfront.net\/12\/2021\/04\/Friends-cycling-profimedia-0604329970-CVR.jpg\",\"width\":1366,\"height\":600,\"caption\":\"Friends cycling\"},{\"@type\":\"BreadcrumbList\",\"@id\":\"https:\/\/www.welovecycling.com\/hu\/edzes-es-eletmod\/vedd-ra-barataid-a-biciklizesre-figyelj-oda-a-felszerelesre\/#breadcrumb\",\"itemListElement\":[{\"@type\":\"ListItem\",\"position\":1,\"name\":\"Home\",\"item\":\"https:\/\/www.welovecycling.com\/hu\/\"},{\"@type\":\"ListItem\",\"position\":2,\"name\":\"Vedd r\u00e1 bar\u00e1taid a bicikliz\u00e9sre \u2013 Figyelj oda a felszerel\u00e9sre!\"}]},{\"@type\":\"WebSite\",\"@id\":\"https:\/\/www.welovecycling.com\/hu\/#website\",\"url\":\"https:\/\/www.welovecycling.com\/hu\/\",\"name\":\"\u0160koda We Love Cycling - Magyarorsz\u00e1g\",\"description\":\"\u0160koda WeLoveCycling\",\"potentialAction\":[{\"@type\":\"SearchAction\",\"target\":{\"@type\":\"EntryPoint\",\"urlTemplate\":\"https:\/\/www.welovecycling.com\/hu\/?s={search_term_string}\"},\"query-input\":{\"@type\":\"PropertyValueSpecification\",\"valueRequired\":true,\"valueName\":\"search_term_string\"}}],\"inLanguage\":\"hu\"},{\"@type\":\"Person\",\"@id\":\"https:\/\/www.welovecycling.com\/hu\/#\/schema\/person\/414a2aebf1801691a5320edb6468e194\",\"name\":\"hegyizs\",\"image\":{\"@type\":\"ImageObject\",\"inLanguage\":\"hu\",\"@id\":\"https:\/\/www.welovecycling.com\/hu\/#\/schema\/person\/image\/\",\"url\":\"https:\/\/secure.gravatar.com\/avatar\/02cf8a7906b8cf90cecb4679defac7cfd33a1c2e3b88e4903d947f3bb58eedd3?s=96&d=mm&r=g\",\"contentUrl\":\"https:\/\/secure.gravatar.com\/avatar\/02cf8a7906b8cf90cecb4679defac7cfd33a1c2e3b88e4903d947f3bb58eedd3?s=96&d=mm&r=g\",\"caption\":\"hegyizs\"},\"url\":\"https:\/\/www.welovecycling.com\/hu\/author\/hegyizs\/\"}]}<\/script>\n<!-- \/ Yoast SEO Premium plugin. -->","yoast_head_json":{"title":"Vedd r\u00e1 bar\u00e1taid a bicikliz\u00e9sre \u2013 Figyelj oda a felszerel\u00e9sre!","description":"Ha m\u00e1r el\u0151z\u0151 cikk\u00fcnk seg\u00edts\u00e9g\u00e9vel siker\u00fclt felcsig\u00e1znod a bar\u00e1taidat, itt az ideje, hogy \u00fatnak induljatok! Minden ker\u00e9kp\u00e1ros tapasztalatodra sz\u00fcks\u00e9g lesz ahhoz, hogy az \u00e9lm\u00e9ny a lehet\u0151 legjobb legyen. Az els\u0151 l\u00e9p\u00e9s, hogy gondoskodj a biciklikr\u0151l \u00e9s a felszerel\u00e9sekr\u0151l, hogy minden k\u00e9szen \u00e1lljon az els\u0151 \u00fara.","robots":{"index":"index","follow":"follow","max-snippet":"max-snippet:-1","max-image-preview":"max-image-preview:large","max-video-preview":"max-video-preview:-1"},"canonical":"https:\/\/www.welovecycling.com\/hu\/edzes-es-eletmod\/vedd-ra-barataid-a-biciklizesre-figyelj-oda-a-felszerelesre\/","og_locale":"hu_HU","og_type":"article","og_title":"Vedd r\u00e1 bar\u00e1taid a bicikliz\u00e9sre \u2013 Figyelj oda a felszerel\u00e9sre!","og_description":"Ha m\u00e1r el\u0151z\u0151 cikk\u00fcnk seg\u00edts\u00e9g\u00e9vel siker\u00fclt felcsig\u00e1znod a bar\u00e1taidat, itt az ideje, hogy \u00fatnak induljatok! Minden ker\u00e9kp\u00e1ros tapasztalatodra sz\u00fcks\u00e9g lesz ahhoz, hogy az \u00e9lm\u00e9ny a lehet\u0151 legjobb legyen. Az els\u0151 l\u00e9p\u00e9s, hogy gondoskodj a biciklikr\u0151l \u00e9s a felszerel\u00e9sekr\u0151l, hogy minden k\u00e9szen \u00e1lljon az els\u0151 \u00fara.","og_url":"https:\/\/www.welovecycling.com\/hu\/edzes-es-eletmod\/vedd-ra-barataid-a-biciklizesre-figyelj-oda-a-felszerelesre\/","og_site_name":"\u0160koda We Love Cycling - Magyarorsz\u00e1g","article_publisher":"https:\/\/www.facebook.com\/WeLoveCyclingHungary\/","article_published_time":"2021-05-02T07:00:29+00:00","article_modified_time":"2021-05-04T08:01:53+00:00","og_image":[{"width":1366,"height":600,"url":"https:\/\/d2p6e6u75xmxt8.cloudfront.net\/12\/2021\/04\/Friends-cycling-profimedia-0604329970-CVR.jpg","type":"image\/jpeg"}],"author":"hegyizs","twitter_card":"summary_large_image","twitter_misc":{"Written by":"Jiri Kaloc","Est. reading time":"5"},"schema":{"@context":"https:\/\/schema.org","@graph":[{"@type":"WebPage","@id":"https:\/\/www.welovecycling.com\/hu\/edzes-es-eletmod\/vedd-ra-barataid-a-biciklizesre-figyelj-oda-a-felszerelesre\/","url":"https:\/\/www.welovecycling.com\/hu\/edzes-es-eletmod\/vedd-ra-barataid-a-biciklizesre-figyelj-oda-a-felszerelesre\/","name":"Vedd r\u00e1 bar\u00e1taid a bicikliz\u00e9sre \u2013 Figyelj oda a felszerel\u00e9sre!","isPartOf":{"@id":"https:\/\/www.welovecycling.com\/hu\/#website"},"primaryImageOfPage":{"@id":"https:\/\/www.welovecycling.com\/hu\/edzes-es-eletmod\/vedd-ra-barataid-a-biciklizesre-figyelj-oda-a-felszerelesre\/#primaryimage"},"image":{"@id":"https:\/\/www.welovecycling.com\/hu\/edzes-es-eletmod\/vedd-ra-barataid-a-biciklizesre-figyelj-oda-a-felszerelesre\/#primaryimage"},"thumbnailUrl":"https:\/\/d2p6e6u75xmxt8.cloudfront.net\/12\/2021\/04\/Friends-cycling-profimedia-0604329970-CVR.jpg","datePublished":"2021-05-02T07:00:29+00:00","dateModified":"2021-05-04T08:01:53+00:00","author":{"@id":"https:\/\/www.welovecycling.com\/hu\/#\/schema\/person\/414a2aebf1801691a5320edb6468e194"},"description":"Ha m\u00e1r el\u0151z\u0151 cikk\u00fcnk seg\u00edts\u00e9g\u00e9vel siker\u00fclt felcsig\u00e1znod a bar\u00e1taidat, itt az ideje, hogy \u00fatnak induljatok! Minden ker\u00e9kp\u00e1ros tapasztalatodra sz\u00fcks\u00e9g lesz ahhoz, hogy az \u00e9lm\u00e9ny a lehet\u0151 legjobb legyen. Az els\u0151 l\u00e9p\u00e9s, hogy gondoskodj a biciklikr\u0151l \u00e9s a felszerel\u00e9sekr\u0151l, hogy minden k\u00e9szen \u00e1lljon az els\u0151 \u00fara.","breadcrumb":{"@id":"https:\/\/www.welovecycling.com\/hu\/edzes-es-eletmod\/vedd-ra-barataid-a-biciklizesre-figyelj-oda-a-felszerelesre\/#breadcrumb"},"inLanguage":"hu","potentialAction":[{"@type":"ReadAction","target":["https:\/\/www.welovecycling.com\/hu\/edzes-es-eletmod\/vedd-ra-barataid-a-biciklizesre-figyelj-oda-a-felszerelesre\/"]}]},{"@type":"ImageObject","inLanguage":"hu","@id":"https:\/\/www.welovecycling.com\/hu\/edzes-es-eletmod\/vedd-ra-barataid-a-biciklizesre-figyelj-oda-a-felszerelesre\/#primaryimage","url":"https:\/\/d2p6e6u75xmxt8.cloudfront.net\/12\/2021\/04\/Friends-cycling-profimedia-0604329970-CVR.jpg","contentUrl":"https:\/\/d2p6e6u75xmxt8.cloudfront.net\/12\/2021\/04\/Friends-cycling-profimedia-0604329970-CVR.jpg","width":1366,"height":600,"caption":"Friends cycling"},{"@type":"BreadcrumbList","@id":"https:\/\/www.welovecycling.com\/hu\/edzes-es-eletmod\/vedd-ra-barataid-a-biciklizesre-figyelj-oda-a-felszerelesre\/#breadcrumb","itemListElement":[{"@type":"ListItem","position":1,"name":"Home","item":"https:\/\/www.welovecycling.com\/hu\/"},{"@type":"ListItem","position":2,"name":"Vedd r\u00e1 bar\u00e1taid a bicikliz\u00e9sre \u2013 Figyelj oda a felszerel\u00e9sre!"}]},{"@type":"WebSite","@id":"https:\/\/www.welovecycling.com\/hu\/#website","url":"https:\/\/www.welovecycling.com\/hu\/","name":"\u0160koda We Love Cycling - Magyarorsz\u00e1g","description":"\u0160koda WeLoveCycling","potentialAction":[{"@type":"SearchAction","target":{"@type":"EntryPoint","urlTemplate":"https:\/\/www.welovecycling.com\/hu\/?s={search_term_string}"},"query-input":{"@type":"PropertyValueSpecification","valueRequired":true,"valueName":"search_term_string"}}],"inLanguage":"hu"},{"@type":"Person","@id":"https:\/\/www.welovecycling.com\/hu\/#\/schema\/person\/414a2aebf1801691a5320edb6468e194","name":"hegyizs","image":{"@type":"ImageObject","inLanguage":"hu","@id":"https:\/\/www.welovecycling.com\/hu\/#\/schema\/person\/image\/","url":"https:\/\/secure.gravatar.com\/avatar\/02cf8a7906b8cf90cecb4679defac7cfd33a1c2e3b88e4903d947f3bb58eedd3?s=96&d=mm&r=g","contentUrl":"https:\/\/secure.gravatar.com\/avatar\/02cf8a7906b8cf90cecb4679defac7cfd33a1c2e3b88e4903d947f3bb58eedd3?s=96&d=mm&r=g","caption":"hegyizs"},"url":"https:\/\/www.welovecycling.com\/hu\/author\/hegyizs\/"}]}},"_links":{"self":[{"href":"https:\/\/www.welovecycling.com\/hu\/wp-json\/wp\/v2\/posts\/11172","targetHints":{"allow":["GET"]}}],"collection":[{"href":"https:\/\/www.welovecycling.com\/hu\/wp-json\/wp\/v2\/posts"}],"about":[{"href":"https:\/\/www.welovecycling.com\/hu\/wp-json\/wp\/v2\/types\/post"}],"author":[{"embeddable":true,"href":"https:\/\/www.welovecycling.com\/hu\/wp-json\/wp\/v2\/users\/71"}],"replies":[{"embeddable":true,"href":"https:\/\/www.welovecycling.com\/hu\/wp-json\/wp\/v2\/comments?post=11172"}],"version-history":[{"count":2,"href":"https:\/\/www.welovecycling.com\/hu\/wp-json\/wp\/v2\/posts\/11172\/revisions"}],"predecessor-version":[{"id":11242,"href":"https:\/\/www.welovecycling.com\/hu\/wp-json\/wp\/v2\/posts\/11172\/revisions\/11242"}],"wp:featuredmedia":[{"embeddable":true,"href":"https:\/\/www.welovecycling.com\/hu\/wp-json\/wp\/v2\/media\/11176"}],"wp:attachment":[{"href":"https:\/\/www.welovecycling.com\/hu\/wp-json\/wp\/v2\/media?parent=11172"}],"wp:term":[{"taxonomy":"category","embeddable":true,"href":"https:\/\/www.welovecycling.com\/hu\/wp-json\/wp\/v2\/categories?post=11172"},{"taxonomy":"post_tag","embeddable":true,"href":"https:\/\/www.welovecycling.com\/hu\/wp-json\/wp\/v2\/tags?post=11172"},{"taxonomy":"global-categories","embeddable":true,"href":"https:\/\/www.welovecycling.com\/hu\/wp-json\/wp\/v2\/global-categories?post=11172"}],"curies":[{"name":"wp","href":"https:\/\/api.w.org\/{rel}","templated":true}]}}