{"id":11167,"date":"2021-04-27T08:00:37","date_gmt":"2021-04-27T07:00:37","guid":{"rendered":"https:\/\/www.welovecycling.com\/hu\/?p=11167"},"modified":"2021-04-26T08:35:04","modified_gmt":"2021-04-26T07:35:04","slug":"miert-nem-tesz-minket-boldogga-ha-tul-sok-biciklit-vasarolunk","status":"publish","type":"post","link":"https:\/\/www.welovecycling.com\/hu\/kozosseg-es-kultura\/miert-nem-tesz-minket-boldogga-ha-tul-sok-biciklit-vasarolunk\/","title":{"rendered":"Mi\u00e9rt nem tesz minket boldogg\u00e1, ha t\u00fal sok biciklit v\u00e1s\u00e1rolunk?"},"content":{"rendered":"<p><strong>A m\u00e9rn\u00f6k\u00f6k \u00e9s tervez\u0151k m\u00e1r rengeteg k\u00fcl\u00f6nf\u00e9le ker\u00e9kp\u00e1rt fejlesztettek ki, hogy mindenf\u00e9le k\u00f6rnyezetben j\u00f3l \u00e9rezhess\u00fck magunkat. A t\u00fal sok ker\u00e9kp\u00e1r birtokl\u00e1sa azonban nem tesz minket boldogabb\u00e1. Felid\u00e9zhetj\u00fck azokat a sz\u00e9p napokat, amikor m\u00e9g fiatalok voltunk, \u00e9s szuper\u00fcl \u00e9rezt\u00fck magunkat azzal az egy bring\u00e1val, amit a j\u00f3 jegyeink\u00e9rt kaptunk a sz\u00fcleinkt\u0151l. Suli ut\u00e1n minden d\u00e9lut\u00e1n fel\u00fclt\u00fcnk r\u00e1 \u00e9s egy\u00fctt tekert\u00fcnk a k\u00f6rny\u00e9kbeli bar\u00e1tainkkal. Egyszer\u0171 \u00e9s tiszta \u00f6r\u00f6m volt a ker\u00e9kp\u00e1roz\u00e1s, amit sz\u00edvesen osztottunk meg m\u00e1sokkal.<\/strong><\/p>\n<p><!--more--><\/p>\n<p>Ma m\u00e1r ennek az ellenkez\u0151je igaz. A ker\u00e9kp\u00e1rgy\u00e1rt\u00f3k megpr\u00f3b\u00e1lnak meggy\u0151zni minket arr\u00f3l, hogy ha t\u00f6bb biciklit halmozunk fel a gar\u00e1zsunkban, az nagyszer\u0171 lehet\u0151s\u00e9get k\u00edn\u00e1l arra, hogy amikor csak sz\u00fcks\u00e9g\u00fcnk van r\u00e1, ki tudjuk v\u00e1lasztani a sz\u00e1nd\u00e9kunknak t\u00f6k\u00e9letesen megfelel\u0151 ker\u00e9kp\u00e1rt. \u00cdgy \u00e1ll\u00edt\u00f3lag k\u00e9szen \u00e1llunk majd lek\u00fczdeni b\u00e1rmilyen downhill p\u00e1ly\u00e1t egy rugalmas DH bicajjal, vagy ki\u00e9lhetj\u00fck a sebess\u00e9gm\u00e1ni\u00e1nkat is egy cs\u00facskateg\u00f3ri\u00e1s, sz\u00e9nsz\u00e1las, ultrak\u00f6nny\u0171 g\u00e9ppel.<\/p>\n<figure id=\"attachment_11168\" aria-describedby=\"caption-attachment-11168\" style=\"width: 1024px\" class=\"wp-caption alignnone\"><a href=\"https:\/\/d2p6e6u75xmxt8.cloudfront.net\/2\/2021\/04\/Bike-shop-profimedia-0519148909.jpg\"><img loading=\"lazy\" decoding=\"async\" class=\"wp-image-11168 size-large\" src=\"https:\/\/d2p6e6u75xmxt8.cloudfront.net\/12\/2021\/04\/Bike-shop-profimedia-0519148909-1024x682.jpg\" alt=\"Bike shop\" width=\"1024\" height=\"682\" srcset=\"https:\/\/d2p6e6u75xmxt8.cloudfront.net\/12\/2021\/04\/Bike-shop-profimedia-0519148909-1024x682.jpg 1024w, https:\/\/d2p6e6u75xmxt8.cloudfront.net\/12\/2021\/04\/Bike-shop-profimedia-0519148909-300x200.jpg 300w, https:\/\/d2p6e6u75xmxt8.cloudfront.net\/12\/2021\/04\/Bike-shop-profimedia-0519148909-768x512.jpg 768w, https:\/\/d2p6e6u75xmxt8.cloudfront.net\/12\/2021\/04\/Bike-shop-profimedia-0519148909-272x182.jpg 272w, https:\/\/d2p6e6u75xmxt8.cloudfront.net\/12\/2021\/04\/Bike-shop-profimedia-0519148909.jpg 1250w\" sizes=\"auto, (max-width: 1024px) 100vw, 1024px\" \/><\/a><figcaption id=\"caption-attachment-11168\" class=\"wp-caption-text\"><em>H\u00e1ny biciklire van sz\u00fcks\u00e9ged val\u00f3j\u00e1ban? \u00a9 Profimedia<\/em><\/figcaption><\/figure>\n<p>S\u0151t, beszerezhet\u00fcnk egy mountain bike-ot, hogy \u00e9lvezhess\u00fck a vadabb \u00f6sv\u00e9nyeket, egy jump bring\u00e1t a dirt parkokba, egy olyan ker\u00e9kp\u00e1rt, amivel csak munk\u00e1ba j\u00e1runk \u00e9s egy gravel bike-ot b\u00e1rmely m\u00e1s terephez. A k\u00fcl\u00f6nb\u00f6z\u0151 biciklik felhalmoz\u00e1sa v\u00e9g\u00fcl egy leny\u0171g\u00f6z\u0151 ker\u00e9kp\u00e1rgy\u0171jtem\u00e9nyt eredm\u00e9nyezhet. Ilyen m\u00f3don minden elk\u00e9pzelhet\u0151 alkalomra v\u00e1laszthatunk egy megfelel\u0151 bicajt, azonban az a ment\u00e1lis folyamat, amikor m\u00e9rlegelj\u00fck az egyes ker\u00e9kp\u00e1rok el\u0151nyeit \u00e9s h\u00e1tr\u00e1nyait, nem tesz minket boldogabb\u00e1.<\/p>\n<p>A tud\u00f3sok k\u00f6r\u00e9ben a jelens\u00e9get \u201eoverchoice\u201d-k\u00e9nt vagy \u201ea t\u00fal nagy v\u00e1laszt\u00e9k probl\u00e9m\u00e1ja\u201d-k\u00e9nt ismerik. A kifejez\u00e9st el\u0151sz\u00f6r az amerikai \u00edr\u00f3, futurista \u00e9s \u00fczletember, Alvin Toffler vezette be 1970-ben, Future Shock c\u00edm\u0171 k\u00f6nyv\u00e9ben. Toffler le\u00edrta, hogy ha t\u00fal sok v\u00e1laszt\u00e1si lehet\u0151s\u00e9g \u00e1ll rendelkez\u00e9s\u00fcnkre, akkor a d\u00f6nt\u00e9sek meghozatala ment\u00e1lisan kimer\u00edt\u0151, mert az egyes lehet\u0151s\u00e9geket \u00f6ssze kell vetni azok alternat\u00edv\u00e1ival. A v\u00e1laszt\u00e1si lehet\u0151s\u00e9gek n\u00f6veked\u00e9s\u00e9vel az emberek fokozott nyom\u00e1snak vannak kit\u00e9ve, amely zavarts\u00e1ghoz vezet, v\u00e9g\u00fcl pedig azt az \u00e9rz\u00e9st keltheti benn\u00fck, hogy el\u00e9gedetlenek a v\u00e1laszt\u00e1sukkal.<\/p>\n<p>A ker\u00e9kp\u00e1roz\u00e1sban az a probl\u00e9ma, hogy sok id\u0151re van sz\u00fcks\u00e9g\u00fcnk annak eld\u00f6nt\u00e9s\u00e9re, hogy melyik ker\u00e9kp\u00e1r illene a tervezett \u00fathoz, nyomvonalhoz vagy fel\u00fclethez. Ha rengeteg biciklink van, b\u00e1rmikor fel\u00fclvizsg\u00e1lhatjuk a v\u00e1laszt\u00e1sunkat, ak\u00e1r egy t\u00fal technik\u00e1san kialak\u00edtott \u00f6sv\u00e9nnyel, ak\u00e1r egy t\u00fal sima aszfaltos \u00fattal tal\u00e1lkozunk. Az edz\u00e9s b\u00e1rmelyik pillanat\u00e1ban k\u00eds\u00e9rt\u00e9st \u00e9rezhet\u00fcnk arra, hogy megb\u00e1njuk a d\u00f6nt\u00e9s\u00fcnket.<\/p>\n<figure id=\"attachment_11169\" aria-describedby=\"caption-attachment-11169\" style=\"width: 1024px\" class=\"wp-caption alignnone\"><a href=\"https:\/\/d2p6e6u75xmxt8.cloudfront.net\/2\/2021\/04\/MTB-stairs-profimedia-0604942769.jpg\"><img loading=\"lazy\" decoding=\"async\" class=\"wp-image-11169 size-large\" src=\"https:\/\/d2p6e6u75xmxt8.cloudfront.net\/12\/2021\/04\/MTB-stairs-profimedia-0604942769-1024x682.jpg\" alt=\"MTB\" width=\"1024\" height=\"682\" srcset=\"https:\/\/d2p6e6u75xmxt8.cloudfront.net\/12\/2021\/04\/MTB-stairs-profimedia-0604942769-1024x682.jpg 1024w, https:\/\/d2p6e6u75xmxt8.cloudfront.net\/12\/2021\/04\/MTB-stairs-profimedia-0604942769-300x200.jpg 300w, https:\/\/d2p6e6u75xmxt8.cloudfront.net\/12\/2021\/04\/MTB-stairs-profimedia-0604942769-768x512.jpg 768w, https:\/\/d2p6e6u75xmxt8.cloudfront.net\/12\/2021\/04\/MTB-stairs-profimedia-0604942769-272x182.jpg 272w, https:\/\/d2p6e6u75xmxt8.cloudfront.net\/12\/2021\/04\/MTB-stairs-profimedia-0604942769.jpg 1250w\" sizes=\"auto, (max-width: 1024px) 100vw, 1024px\" \/><\/a><figcaption id=\"caption-attachment-11169\" class=\"wp-caption-text\"><em>A k\u00fcl\u00f6nb\u00f6z\u0151 utak \u00e9s terepek megk\u00e9rd\u0151jelezhetik bicikli-v\u00e1laszt\u00e1sunkat. \u00a9 Profimedia<\/em><\/figcaption><\/figure>\n<p>De ezzel m\u00e9g nincs v\u00e9ge. Minden ker\u00e9kp\u00e1rhoz kiss\u00e9 elt\u00e9r\u0151 ruh\u00e1k, felszerel\u00e9s, cip\u0151 \u00e9s sisak sz\u00fcks\u00e9ges. M\u00edg a laza r\u00f6vidnadr\u00e1g a helyes v\u00e1laszt\u00e1s egy mountain bike-oz\u00e1shoz, addig egy k\u00f6z\u00fati ker\u00e9kp\u00e1roz\u00e1s sor\u00e1n &#8211; ahol a spandexet r\u00e9szes\u00edtik el\u0151nyben &#8211; m\u00e1r el\u00e9g k\u00e9nyelmetlen\u00fcl \u00e9rezn\u00e9nk magunkat benne. Ha t\u00f6bb ker\u00e9kp\u00e1ros kih\u00edv\u00e1st szeretn\u00e9l, t\u00f6bb ker\u00e9kp\u00e1ros viseletre is lesz sz\u00fcks\u00e9ged, amelyeket minden alkalommal ki kell mosnod \u00e9s k\u00e9szenl\u00e9tbe kell helyezned, hogy azonnal \u00fatnak indulhass, ha valaki esetleg elh\u00edv bring\u00e1zni.<\/p>\n<p>Egy m\u00e1sik jelent\u0151s t\u00e9nyez\u0151, hogy csak korl\u00e1tozott id\u0151t tudunk a ker\u00e9kp\u00e1roz\u00e1snak szentelni. Ha csatlakozunk egy bicikliklubhoz egy szombat reggeli teker\u00e9sre, az automatikusan azt eredm\u00e9nyezi, hogy ezt az id\u0151t nem t\u00f6lthetj\u00fck egy k\u00f6tetlen bicajoz\u00e1ssal a parkban. Kihaszn\u00e1lni egy adott lehet\u0151s\u00e9get azt jelenti, hogy k\u00f6zben kihagyunk egy m\u00e1sikat. Egy r\u00e9gi k\u00f6zmond\u00e1s szerint: M\u00e9g mindig jobb egy dolgot helyesen csin\u00e1lni, mint sok mindent rosszul.<\/p>\n<p>A ker\u00e9kp\u00e1roz\u00e1sban nem lehet multitaskingolni. Mag\u00e1nyt \u00e9s elszigetelts\u00e9get eredm\u00e9nyezhet, ha t\u00fal sok biciklis csoport tagj\u00e1v\u00e1 v\u00e1lunk. \u00cdgy m\u00e9g a fejlett id\u0151gazd\u00e1lkod\u00e1si k\u00e9pess\u00e9gekkel rendelkez\u0151 ker\u00e9kp\u00e1rosok is v\u00e9g\u00fcl egyed\u00fcl tal\u00e1lhatj\u00e1k magukat egy gar\u00e1zsba biciklijeik k\u00f6z\u00f6tt v\u00e1logatva.<\/p>\n","protected":false},"excerpt":{"rendered":"<p>A m\u00e9rn\u00f6k\u00f6k \u00e9s tervez\u0151k m\u00e1r rengeteg k\u00fcl\u00f6nf\u00e9le ker\u00e9kp\u00e1rt fejlesztettek ki, hogy mindenf\u00e9le k\u00f6rnyezetben j\u00f3l \u00e9rezhess\u00fck magunkat. A t\u00fal sok ker\u00e9kp\u00e1r [&hellip;]<\/p>\n","protected":false},"author":71,"featured_media":11171,"comment_status":"closed","ping_status":"closed","sticky":false,"template":"","format":"standard","meta":{"footnotes":""},"categories":[12],"tags":[],"global-categories":[],"class_list":["post-11167","post","type-post","status-publish","format-standard","has-post-thumbnail","hentry","category-kozosseg-es-kultura"],"yoast_head":"<!-- This site is optimized with the Yoast SEO Premium plugin v25.3 (Yoast SEO v25.9) - https:\/\/yoast.com\/wordpress\/plugins\/seo\/ -->\n<title>Mi\u00e9rt nem tesz minket boldogg\u00e1, ha t\u00fal sok biciklit v\u00e1s\u00e1rolunk?<\/title>\n<meta name=\"description\" content=\"A m\u00e9rn\u00f6k\u00f6k \u00e9s tervez\u0151k m\u00e1r rengeteg k\u00fcl\u00f6nf\u00e9le ker\u00e9kp\u00e1rt fejlesztettek ki, hogy mindenf\u00e9le k\u00f6rnye-zetben j\u00f3l \u00e9rezhess\u00fck magunkat. A t\u00fal sok ker\u00e9kp\u00e1r birtokl\u00e1sa azonban nem tesz minket boldogabb\u00e1.\" \/>\n<meta name=\"robots\" content=\"index, follow, max-snippet:-1, max-image-preview:large, max-video-preview:-1\" \/>\n<link rel=\"canonical\" href=\"https:\/\/www.welovecycling.com\/hu\/kozosseg-es-kultura\/miert-nem-tesz-minket-boldogga-ha-tul-sok-biciklit-vasarolunk\/\" \/>\n<meta property=\"og:locale\" content=\"hu_HU\" \/>\n<meta property=\"og:type\" content=\"article\" \/>\n<meta property=\"og:title\" content=\"Mi\u00e9rt nem tesz minket boldogg\u00e1, ha t\u00fal sok biciklit v\u00e1s\u00e1rolunk?\" \/>\n<meta property=\"og:description\" content=\"A m\u00e9rn\u00f6k\u00f6k \u00e9s tervez\u0151k m\u00e1r rengeteg k\u00fcl\u00f6nf\u00e9le ker\u00e9kp\u00e1rt fejlesztettek ki, hogy mindenf\u00e9le k\u00f6rnye-zetben j\u00f3l \u00e9rezhess\u00fck magunkat. A t\u00fal sok ker\u00e9kp\u00e1r birtokl\u00e1sa azonban nem tesz minket boldogabb\u00e1.\" \/>\n<meta property=\"og:url\" content=\"https:\/\/www.welovecycling.com\/hu\/kozosseg-es-kultura\/miert-nem-tesz-minket-boldogga-ha-tul-sok-biciklit-vasarolunk\/\" \/>\n<meta property=\"og:site_name\" content=\"\u0160koda We Love Cycling - Magyarorsz\u00e1g\" \/>\n<meta property=\"article:publisher\" content=\"https:\/\/www.facebook.com\/WeLoveCyclingHungary\/\" \/>\n<meta property=\"article:published_time\" content=\"2021-04-27T07:00:37+00:00\" \/>\n<meta property=\"og:image\" content=\"https:\/\/d2p6e6u75xmxt8.cloudfront.net\/12\/2021\/04\/Bicycle-shop-detail-profimedia-0519148889-CVR.jpg\" \/>\n\t<meta property=\"og:image:width\" content=\"1366\" \/>\n\t<meta property=\"og:image:height\" content=\"600\" \/>\n\t<meta property=\"og:image:type\" content=\"image\/jpeg\" \/>\n<meta name=\"author\" content=\"hegyizs\" \/>\n<meta name=\"twitter:card\" content=\"summary_large_image\" \/>\n<meta name=\"twitter:label1\" content=\"Written by\" \/>\n\t<meta name=\"twitter:data1\" content=\"Adam Marsal\" \/>\n\t<meta name=\"twitter:label2\" content=\"Est. reading time\" \/>\n\t<meta name=\"twitter:data2\" content=\"5\" \/>\n<script type=\"application\/ld+json\" class=\"yoast-schema-graph\">{\"@context\":\"https:\/\/schema.org\",\"@graph\":[{\"@type\":\"WebPage\",\"@id\":\"https:\/\/www.welovecycling.com\/hu\/kozosseg-es-kultura\/miert-nem-tesz-minket-boldogga-ha-tul-sok-biciklit-vasarolunk\/\",\"url\":\"https:\/\/www.welovecycling.com\/hu\/kozosseg-es-kultura\/miert-nem-tesz-minket-boldogga-ha-tul-sok-biciklit-vasarolunk\/\",\"name\":\"Mi\u00e9rt nem tesz minket boldogg\u00e1, ha t\u00fal sok biciklit v\u00e1s\u00e1rolunk?\",\"isPartOf\":{\"@id\":\"https:\/\/www.welovecycling.com\/hu\/#website\"},\"primaryImageOfPage\":{\"@id\":\"https:\/\/www.welovecycling.com\/hu\/kozosseg-es-kultura\/miert-nem-tesz-minket-boldogga-ha-tul-sok-biciklit-vasarolunk\/#primaryimage\"},\"image\":{\"@id\":\"https:\/\/www.welovecycling.com\/hu\/kozosseg-es-kultura\/miert-nem-tesz-minket-boldogga-ha-tul-sok-biciklit-vasarolunk\/#primaryimage\"},\"thumbnailUrl\":\"https:\/\/d2p6e6u75xmxt8.cloudfront.net\/12\/2021\/04\/Bicycle-shop-detail-profimedia-0519148889-CVR.jpg\",\"datePublished\":\"2021-04-27T07:00:37+00:00\",\"author\":{\"@id\":\"https:\/\/www.welovecycling.com\/hu\/#\/schema\/person\/414a2aebf1801691a5320edb6468e194\"},\"description\":\"A m\u00e9rn\u00f6k\u00f6k \u00e9s tervez\u0151k m\u00e1r rengeteg k\u00fcl\u00f6nf\u00e9le ker\u00e9kp\u00e1rt fejlesztettek ki, hogy mindenf\u00e9le k\u00f6rnye-zetben j\u00f3l \u00e9rezhess\u00fck magunkat. A t\u00fal sok ker\u00e9kp\u00e1r birtokl\u00e1sa azonban nem tesz minket boldogabb\u00e1.\",\"breadcrumb\":{\"@id\":\"https:\/\/www.welovecycling.com\/hu\/kozosseg-es-kultura\/miert-nem-tesz-minket-boldogga-ha-tul-sok-biciklit-vasarolunk\/#breadcrumb\"},\"inLanguage\":\"hu\",\"potentialAction\":[{\"@type\":\"ReadAction\",\"target\":[\"https:\/\/www.welovecycling.com\/hu\/kozosseg-es-kultura\/miert-nem-tesz-minket-boldogga-ha-tul-sok-biciklit-vasarolunk\/\"]}]},{\"@type\":\"ImageObject\",\"inLanguage\":\"hu\",\"@id\":\"https:\/\/www.welovecycling.com\/hu\/kozosseg-es-kultura\/miert-nem-tesz-minket-boldogga-ha-tul-sok-biciklit-vasarolunk\/#primaryimage\",\"url\":\"https:\/\/d2p6e6u75xmxt8.cloudfront.net\/12\/2021\/04\/Bicycle-shop-detail-profimedia-0519148889-CVR.jpg\",\"contentUrl\":\"https:\/\/d2p6e6u75xmxt8.cloudfront.net\/12\/2021\/04\/Bicycle-shop-detail-profimedia-0519148889-CVR.jpg\",\"width\":1366,\"height\":600,\"caption\":\"Bicycle shop\"},{\"@type\":\"BreadcrumbList\",\"@id\":\"https:\/\/www.welovecycling.com\/hu\/kozosseg-es-kultura\/miert-nem-tesz-minket-boldogga-ha-tul-sok-biciklit-vasarolunk\/#breadcrumb\",\"itemListElement\":[{\"@type\":\"ListItem\",\"position\":1,\"name\":\"Home\",\"item\":\"https:\/\/www.welovecycling.com\/hu\/\"},{\"@type\":\"ListItem\",\"position\":2,\"name\":\"Mi\u00e9rt nem tesz minket boldogg\u00e1, ha t\u00fal sok biciklit v\u00e1s\u00e1rolunk?\"}]},{\"@type\":\"WebSite\",\"@id\":\"https:\/\/www.welovecycling.com\/hu\/#website\",\"url\":\"https:\/\/www.welovecycling.com\/hu\/\",\"name\":\"\u0160koda We Love Cycling - Magyarorsz\u00e1g\",\"description\":\"\u0160koda WeLoveCycling\",\"potentialAction\":[{\"@type\":\"SearchAction\",\"target\":{\"@type\":\"EntryPoint\",\"urlTemplate\":\"https:\/\/www.welovecycling.com\/hu\/?s={search_term_string}\"},\"query-input\":{\"@type\":\"PropertyValueSpecification\",\"valueRequired\":true,\"valueName\":\"search_term_string\"}}],\"inLanguage\":\"hu\"},{\"@type\":\"Person\",\"@id\":\"https:\/\/www.welovecycling.com\/hu\/#\/schema\/person\/414a2aebf1801691a5320edb6468e194\",\"name\":\"hegyizs\",\"image\":{\"@type\":\"ImageObject\",\"inLanguage\":\"hu\",\"@id\":\"https:\/\/www.welovecycling.com\/hu\/#\/schema\/person\/image\/\",\"url\":\"https:\/\/secure.gravatar.com\/avatar\/02cf8a7906b8cf90cecb4679defac7cfd33a1c2e3b88e4903d947f3bb58eedd3?s=96&d=mm&r=g\",\"contentUrl\":\"https:\/\/secure.gravatar.com\/avatar\/02cf8a7906b8cf90cecb4679defac7cfd33a1c2e3b88e4903d947f3bb58eedd3?s=96&d=mm&r=g\",\"caption\":\"hegyizs\"},\"url\":\"https:\/\/www.welovecycling.com\/hu\/author\/hegyizs\/\"}]}<\/script>\n<!-- \/ Yoast SEO Premium plugin. -->","yoast_head_json":{"title":"Mi\u00e9rt nem tesz minket boldogg\u00e1, ha t\u00fal sok biciklit v\u00e1s\u00e1rolunk?","description":"A m\u00e9rn\u00f6k\u00f6k \u00e9s tervez\u0151k m\u00e1r rengeteg k\u00fcl\u00f6nf\u00e9le ker\u00e9kp\u00e1rt fejlesztettek ki, hogy mindenf\u00e9le k\u00f6rnye-zetben j\u00f3l \u00e9rezhess\u00fck magunkat. A t\u00fal sok ker\u00e9kp\u00e1r birtokl\u00e1sa azonban nem tesz minket boldogabb\u00e1.","robots":{"index":"index","follow":"follow","max-snippet":"max-snippet:-1","max-image-preview":"max-image-preview:large","max-video-preview":"max-video-preview:-1"},"canonical":"https:\/\/www.welovecycling.com\/hu\/kozosseg-es-kultura\/miert-nem-tesz-minket-boldogga-ha-tul-sok-biciklit-vasarolunk\/","og_locale":"hu_HU","og_type":"article","og_title":"Mi\u00e9rt nem tesz minket boldogg\u00e1, ha t\u00fal sok biciklit v\u00e1s\u00e1rolunk?","og_description":"A m\u00e9rn\u00f6k\u00f6k \u00e9s tervez\u0151k m\u00e1r rengeteg k\u00fcl\u00f6nf\u00e9le ker\u00e9kp\u00e1rt fejlesztettek ki, hogy mindenf\u00e9le k\u00f6rnye-zetben j\u00f3l \u00e9rezhess\u00fck magunkat. A t\u00fal sok ker\u00e9kp\u00e1r birtokl\u00e1sa azonban nem tesz minket boldogabb\u00e1.","og_url":"https:\/\/www.welovecycling.com\/hu\/kozosseg-es-kultura\/miert-nem-tesz-minket-boldogga-ha-tul-sok-biciklit-vasarolunk\/","og_site_name":"\u0160koda We Love Cycling - Magyarorsz\u00e1g","article_publisher":"https:\/\/www.facebook.com\/WeLoveCyclingHungary\/","article_published_time":"2021-04-27T07:00:37+00:00","og_image":[{"width":1366,"height":600,"url":"https:\/\/d2p6e6u75xmxt8.cloudfront.net\/12\/2021\/04\/Bicycle-shop-detail-profimedia-0519148889-CVR.jpg","type":"image\/jpeg"}],"author":"hegyizs","twitter_card":"summary_large_image","twitter_misc":{"Written by":"Adam Marsal","Est. reading time":"5"},"schema":{"@context":"https:\/\/schema.org","@graph":[{"@type":"WebPage","@id":"https:\/\/www.welovecycling.com\/hu\/kozosseg-es-kultura\/miert-nem-tesz-minket-boldogga-ha-tul-sok-biciklit-vasarolunk\/","url":"https:\/\/www.welovecycling.com\/hu\/kozosseg-es-kultura\/miert-nem-tesz-minket-boldogga-ha-tul-sok-biciklit-vasarolunk\/","name":"Mi\u00e9rt nem tesz minket boldogg\u00e1, ha t\u00fal sok biciklit v\u00e1s\u00e1rolunk?","isPartOf":{"@id":"https:\/\/www.welovecycling.com\/hu\/#website"},"primaryImageOfPage":{"@id":"https:\/\/www.welovecycling.com\/hu\/kozosseg-es-kultura\/miert-nem-tesz-minket-boldogga-ha-tul-sok-biciklit-vasarolunk\/#primaryimage"},"image":{"@id":"https:\/\/www.welovecycling.com\/hu\/kozosseg-es-kultura\/miert-nem-tesz-minket-boldogga-ha-tul-sok-biciklit-vasarolunk\/#primaryimage"},"thumbnailUrl":"https:\/\/d2p6e6u75xmxt8.cloudfront.net\/12\/2021\/04\/Bicycle-shop-detail-profimedia-0519148889-CVR.jpg","datePublished":"2021-04-27T07:00:37+00:00","author":{"@id":"https:\/\/www.welovecycling.com\/hu\/#\/schema\/person\/414a2aebf1801691a5320edb6468e194"},"description":"A m\u00e9rn\u00f6k\u00f6k \u00e9s tervez\u0151k m\u00e1r rengeteg k\u00fcl\u00f6nf\u00e9le ker\u00e9kp\u00e1rt fejlesztettek ki, hogy mindenf\u00e9le k\u00f6rnye-zetben j\u00f3l \u00e9rezhess\u00fck magunkat. A t\u00fal sok ker\u00e9kp\u00e1r birtokl\u00e1sa azonban nem tesz minket boldogabb\u00e1.","breadcrumb":{"@id":"https:\/\/www.welovecycling.com\/hu\/kozosseg-es-kultura\/miert-nem-tesz-minket-boldogga-ha-tul-sok-biciklit-vasarolunk\/#breadcrumb"},"inLanguage":"hu","potentialAction":[{"@type":"ReadAction","target":["https:\/\/www.welovecycling.com\/hu\/kozosseg-es-kultura\/miert-nem-tesz-minket-boldogga-ha-tul-sok-biciklit-vasarolunk\/"]}]},{"@type":"ImageObject","inLanguage":"hu","@id":"https:\/\/www.welovecycling.com\/hu\/kozosseg-es-kultura\/miert-nem-tesz-minket-boldogga-ha-tul-sok-biciklit-vasarolunk\/#primaryimage","url":"https:\/\/d2p6e6u75xmxt8.cloudfront.net\/12\/2021\/04\/Bicycle-shop-detail-profimedia-0519148889-CVR.jpg","contentUrl":"https:\/\/d2p6e6u75xmxt8.cloudfront.net\/12\/2021\/04\/Bicycle-shop-detail-profimedia-0519148889-CVR.jpg","width":1366,"height":600,"caption":"Bicycle shop"},{"@type":"BreadcrumbList","@id":"https:\/\/www.welovecycling.com\/hu\/kozosseg-es-kultura\/miert-nem-tesz-minket-boldogga-ha-tul-sok-biciklit-vasarolunk\/#breadcrumb","itemListElement":[{"@type":"ListItem","position":1,"name":"Home","item":"https:\/\/www.welovecycling.com\/hu\/"},{"@type":"ListItem","position":2,"name":"Mi\u00e9rt nem tesz minket boldogg\u00e1, ha t\u00fal sok biciklit v\u00e1s\u00e1rolunk?"}]},{"@type":"WebSite","@id":"https:\/\/www.welovecycling.com\/hu\/#website","url":"https:\/\/www.welovecycling.com\/hu\/","name":"\u0160koda We Love Cycling - Magyarorsz\u00e1g","description":"\u0160koda WeLoveCycling","potentialAction":[{"@type":"SearchAction","target":{"@type":"EntryPoint","urlTemplate":"https:\/\/www.welovecycling.com\/hu\/?s={search_term_string}"},"query-input":{"@type":"PropertyValueSpecification","valueRequired":true,"valueName":"search_term_string"}}],"inLanguage":"hu"},{"@type":"Person","@id":"https:\/\/www.welovecycling.com\/hu\/#\/schema\/person\/414a2aebf1801691a5320edb6468e194","name":"hegyizs","image":{"@type":"ImageObject","inLanguage":"hu","@id":"https:\/\/www.welovecycling.com\/hu\/#\/schema\/person\/image\/","url":"https:\/\/secure.gravatar.com\/avatar\/02cf8a7906b8cf90cecb4679defac7cfd33a1c2e3b88e4903d947f3bb58eedd3?s=96&d=mm&r=g","contentUrl":"https:\/\/secure.gravatar.com\/avatar\/02cf8a7906b8cf90cecb4679defac7cfd33a1c2e3b88e4903d947f3bb58eedd3?s=96&d=mm&r=g","caption":"hegyizs"},"url":"https:\/\/www.welovecycling.com\/hu\/author\/hegyizs\/"}]}},"_links":{"self":[{"href":"https:\/\/www.welovecycling.com\/hu\/wp-json\/wp\/v2\/posts\/11167","targetHints":{"allow":["GET"]}}],"collection":[{"href":"https:\/\/www.welovecycling.com\/hu\/wp-json\/wp\/v2\/posts"}],"about":[{"href":"https:\/\/www.welovecycling.com\/hu\/wp-json\/wp\/v2\/types\/post"}],"author":[{"embeddable":true,"href":"https:\/\/www.welovecycling.com\/hu\/wp-json\/wp\/v2\/users\/71"}],"replies":[{"embeddable":true,"href":"https:\/\/www.welovecycling.com\/hu\/wp-json\/wp\/v2\/comments?post=11167"}],"version-history":[{"count":2,"href":"https:\/\/www.welovecycling.com\/hu\/wp-json\/wp\/v2\/posts\/11167\/revisions"}],"predecessor-version":[{"id":11180,"href":"https:\/\/www.welovecycling.com\/hu\/wp-json\/wp\/v2\/posts\/11167\/revisions\/11180"}],"wp:featuredmedia":[{"embeddable":true,"href":"https:\/\/www.welovecycling.com\/hu\/wp-json\/wp\/v2\/media\/11171"}],"wp:attachment":[{"href":"https:\/\/www.welovecycling.com\/hu\/wp-json\/wp\/v2\/media?parent=11167"}],"wp:term":[{"taxonomy":"category","embeddable":true,"href":"https:\/\/www.welovecycling.com\/hu\/wp-json\/wp\/v2\/categories?post=11167"},{"taxonomy":"post_tag","embeddable":true,"href":"https:\/\/www.welovecycling.com\/hu\/wp-json\/wp\/v2\/tags?post=11167"},{"taxonomy":"global-categories","embeddable":true,"href":"https:\/\/www.welovecycling.com\/hu\/wp-json\/wp\/v2\/global-categories?post=11167"}],"curies":[{"name":"wp","href":"https:\/\/api.w.org\/{rel}","templated":true}]}}