{"id":11161,"date":"2021-04-30T08:00:53","date_gmt":"2021-04-30T07:00:53","guid":{"rendered":"https:\/\/www.welovecycling.com\/hu\/?p=11161"},"modified":"2021-04-26T08:35:56","modified_gmt":"2021-04-26T07:35:56","slug":"lehet-e-meg-chris-froome-tour-gyoztes","status":"publish","type":"post","link":"https:\/\/www.welovecycling.com\/hu\/orszaguti-kerekpar\/lehet-e-meg-chris-froome-tour-gyoztes\/","title":{"rendered":"Lehet-e m\u00e9g Chris Froome Tour-gy\u0151ztes?"},"content":{"rendered":"<p><strong>K\u00e9ts\u00e9gtelen\u00fcl a n\u00e9gyszeres Tour de France gy\u0151ztes, Chris Froome t\u00f6rt\u00e9nete lesz az egyik legnagyobb sztori az idei versenyszezonban, aki s\u00e9r\u00fcl\u00e9se ut\u00e1n most visszat\u00e9r a versenyz\u00e9sbe. 2019. j\u00fanius 12-\u00e9n a 35 \u00e9ves kenyai sz\u00fclet\u00e9s\u0171 brit ker\u00e9kp\u00e1ros jobb combcsontt\u00f6r\u00e9st, k\u00f6ny\u00f6kt\u00f6r\u00e9st \u00e9s bordat\u00f6r\u00e9st szenvedett egy nagy buk\u00e1s sor\u00e1n. T\u00f6bb mint h\u00e1rom h\u00f3napig tartott a l\u00e1badoz\u00e1sa, \u00edgy a Team Ineos 2020 j\u00falius\u00e1ban v\u00e9g\u00fcl elbocs\u00e1totta \u0151t. Ezt k\u00f6vet\u0151en Chris hossz\u00fa t\u00e1v\u00fa szerz\u0151d\u00e9st \u00edrt al\u00e1 az \u00faj Israel Start-Up Nation csapattal.<\/strong><\/p>\n<p><!--more--><\/p>\n<p>Sok akad\u00e1lyt kell lek\u00fczdeni ahhoz, hogy valaki el\u00e9rje azt a szintet, amit Froome el\u00e9rt karrierje sor\u00e1n \u2013 a s\u00e9r\u00fcl\u00e9se el\u0151tt. Vajon Chris k\u00e9pes lesz \u00fajra ilyen magaslatokra? Megnyerhet egy \u00f6t\u00f6dik Tour de France-t is, ahogy azt megfogadta mag\u00e1nak?<\/p>\n<p><em>&#8220;Nyilv\u00e1nval\u00f3, hogy m\u00e9g sokat kell dolgoznom<\/em>&#8221; &#8211; mondta Froome m\u00e1rcius k\u00f6zep\u00e9n egy vide\u00f3ban a Tenerif\u00e9n tartott edz\u00e9se ut\u00e1n.<\/p>\n<lite-youtube videoid=W07pzuTzH1Y params=\"enablejsapi=1\" style=\"background-image: url('https:\/\/i.ytimg.com\/vi_webp\/W07pzuTzH1Y\/maxresdefault.webp');\"><\/lite-youtube>\n<p>A vide\u00f3n Froome az \u00e9v els\u0151 verseny\u00e9n is l\u00e1that\u00f3, az UAE Tour-on. Az \u00e1ltal\u00e1nos besorol\u00e1sban 47. helyen v\u00e9gzett, k\u00f6zel sem \u00e1llt a gy\u0151zelemhez.<\/p>\n<p>Froome az er\u0151s h\u0151s\u00e9get \u00e9s a fesz\u00edtett temp\u00f3t hib\u00e1ztatta a ki\u00e1br\u00e1nd\u00edt\u00f3 helyez\u00e9s\u00e9\u00e9rt. <em>\u201eAz UAE verseny kiss\u00e9 megterhelte a szervezetem\u201d<\/em> \u2013 mondta.<\/p>\n<p>Azt is elmondta, hogy megl\u00e1t\u00e1sa szerint a legjobb versenyz\u0151k m\u00e1r m\u00e1rciusban k\u00f6zel \u00e1lltak a Tour de France szintj\u00e9hez, ami el\u00e9gg\u00e9 elt\u00e9r att\u00f3l a szintt\u0151l, amin \u0151 \u00e1ll. \u201e<em>\u00c1ltal\u00e1ban az emberek kor\u00e1n kezdik a versenyszezont, hogy folyamatosan fejl\u0151djenek, mire el\u00e9rnek a nagyobb versenyekeig. Most az emberek \u00fagy sz\u00e1guldanak, mint a vill\u00e1m.\u201d <\/em><\/p>\n<figure id=\"attachment_11163\" aria-describedby=\"caption-attachment-11163\" style=\"width: 1024px\" class=\"wp-caption alignnone\"><a href=\"https:\/\/d2p6e6u75xmxt8.cloudfront.net\/2\/2021\/04\/Chris-Froome-profimedia-0592485249.jpg\"><img loading=\"lazy\" decoding=\"async\" class=\"size-large wp-image-11163\" src=\"https:\/\/d2p6e6u75xmxt8.cloudfront.net\/12\/2021\/04\/Chris-Froome-profimedia-0592485249-1024x682.jpg\" alt=\"Chris Froome\" width=\"1024\" height=\"682\" srcset=\"https:\/\/d2p6e6u75xmxt8.cloudfront.net\/12\/2021\/04\/Chris-Froome-profimedia-0592485249-1024x682.jpg 1024w, https:\/\/d2p6e6u75xmxt8.cloudfront.net\/12\/2021\/04\/Chris-Froome-profimedia-0592485249-300x200.jpg 300w, https:\/\/d2p6e6u75xmxt8.cloudfront.net\/12\/2021\/04\/Chris-Froome-profimedia-0592485249-768x512.jpg 768w, https:\/\/d2p6e6u75xmxt8.cloudfront.net\/12\/2021\/04\/Chris-Froome-profimedia-0592485249-272x182.jpg 272w, https:\/\/d2p6e6u75xmxt8.cloudfront.net\/12\/2021\/04\/Chris-Froome-profimedia-0592485249.jpg 1250w\" sizes=\"auto, (max-width: 1024px) 100vw, 1024px\" \/><\/a><figcaption id=\"caption-attachment-11163\" class=\"wp-caption-text\">UAE Tour 2021. \u00a9 Profimedia<\/figcaption><\/figure>\n<p>Froome mondott egy olyan dolgot is, ami aggaszt\u00f3nak t\u0171nhet azok sz\u00e1m\u00e1ra, akik \u00fagy gondolj\u00e1k, hogy \u00fajra megnyerheti a Tour-t, \u00e9s \u00f6tsz\u00f6r\u00f6s gy\u0151ztess\u00e9 v\u00e1lhat, mint a legend\u00e1s Eddy Merckx, Bernard Hinault, Jacques Anquetil vagy Miguel Indurain.<\/p>\n<p><em>\u201eFolytatom az er\u0151s\u00edt\u0151 edz\u00e9seket, \u00e9s ahogy haladok, mindig javulok majd egy kicsit. \u00dagy hiszem, ezt m\u00e1r folyamatosan csin\u00e1lnom kell a karrierem sor\u00e1n.\u201d<\/em><\/p>\n<p>Ez nagyr\u00e9szt azt jelenti, hogy Chris karrierje v\u00e9g\u00e9ig folytatni fogja a rehabilit\u00e1ci\u00f3t, ami sajnos nem sok j\u00f3t \u00edg\u00e9r versenyz\u0151i j\u00f6v\u0151j\u00e9t tekintve. Ahogy a legut\u00f3bbi mutatv\u00e1nya sem a Katal\u00e1n K\u00f6rversenyen, ahol 81. lett, k\u00f6zel 54 perccel lemaradva gy\u0151ztes honfit\u00e1rsa, Adam Yates m\u00f6g\u00f6tt, aki most Froome egykori csapat\u00e1nak, az Ineos Grenadiersnek a tagja.<\/p>\n<figure id=\"attachment_11164\" aria-describedby=\"caption-attachment-11164\" style=\"width: 1024px\" class=\"wp-caption alignnone\"><a href=\"https:\/\/d2p6e6u75xmxt8.cloudfront.net\/2\/2021\/04\/Chris-Froome-profimedia-0600069254.jpg\"><img loading=\"lazy\" decoding=\"async\" class=\"wp-image-11164 size-large\" src=\"https:\/\/d2p6e6u75xmxt8.cloudfront.net\/12\/2021\/04\/Chris-Froome-profimedia-0600069254-1024x683.jpg\" alt=\"Chris Froome\" width=\"1024\" height=\"683\" srcset=\"https:\/\/d2p6e6u75xmxt8.cloudfront.net\/12\/2021\/04\/Chris-Froome-profimedia-0600069254-1024x683.jpg 1024w, https:\/\/d2p6e6u75xmxt8.cloudfront.net\/12\/2021\/04\/Chris-Froome-profimedia-0600069254-300x200.jpg 300w, https:\/\/d2p6e6u75xmxt8.cloudfront.net\/12\/2021\/04\/Chris-Froome-profimedia-0600069254-768x512.jpg 768w, https:\/\/d2p6e6u75xmxt8.cloudfront.net\/12\/2021\/04\/Chris-Froome-profimedia-0600069254-272x182.jpg 272w, https:\/\/d2p6e6u75xmxt8.cloudfront.net\/12\/2021\/04\/Chris-Froome-profimedia-0600069254.jpg 1080w\" sizes=\"auto, (max-width: 1024px) 100vw, 1024px\" \/><\/a><figcaption id=\"caption-attachment-11164\" class=\"wp-caption-text\"><em>A 2021-es Katal\u00e1n K\u00f6rverseny els\u0151 szakasz\u00e1n. \u00a9 Profimedia<\/em><\/figcaption><\/figure>\n<p>Az idei Tour szempontj\u00e1b\u00f3l nem t\u00fal \u00edg\u00e9retes, hogy Chris a legjobb versenyz\u0151kh\u00f6z k\u00e9pest n\u00e9h\u00e1ny h\u00f3nap lemarad\u00e1ssal \u00e1ll a rajthoz. \u00c9s Froome m\u00e1jusban lesz 36 \u00e9ves. A Tour legid\u0151sebb gy\u0151ztese, Firmin Lambot szint\u00e9n 36 \u00e9ves volt, amikor 1922-ben nyert. Ez persze nem azt jelenti, hogy Froome nem nyerhet \u00fajra, csak azt, hogy el\u00e9g val\u00f3sz\u00edn\u0171tlen.<\/p>\n<p>A Cycling Weekly k\u00e9rd\u00e9s\u00e9re, hogy az idei verseny megnyer\u00e9se m\u00e9g mindig \u00e9sszer\u0171 c\u00e9l-e, Froome komoran v\u00e1laszolt: <em>&#8220;Nem igaz\u00e1n tudok r\u00e1 el\u00e9g id\u0151t sz\u00e1nni&#8221;<\/em> &#8211; mondta. <em>\u201eTerm\u00e9szetesen nagyon szeretn\u00e9k k\u00e9szen \u00e1llni a Tour de France versenyre, de k\u00f6vetnem kell a proced\u00far\u00e1t, \u00e9s csak annyit tehetek meg, amennyit meg tudok tenni.\u201d<\/em><\/p>\n","protected":false},"excerpt":{"rendered":"<p>K\u00e9ts\u00e9gtelen\u00fcl a n\u00e9gyszeres Tour de France gy\u0151ztes, Chris Froome t\u00f6rt\u00e9nete lesz az egyik legnagyobb sztori az idei versenyszezonban, aki s\u00e9r\u00fcl\u00e9se [&hellip;]<\/p>\n","protected":false},"author":71,"featured_media":11166,"comment_status":"closed","ping_status":"closed","sticky":false,"template":"","format":"standard","meta":{"footnotes":""},"categories":[8],"tags":[],"global-categories":[],"class_list":["post-11161","post","type-post","status-publish","format-standard","has-post-thumbnail","hentry","category-orszaguti-kerekpar"],"yoast_head":"<!-- This site is optimized with the Yoast SEO Premium plugin v25.3 (Yoast SEO v25.9) - https:\/\/yoast.com\/wordpress\/plugins\/seo\/ -->\n<title>Lehet-e m\u00e9g Chris Froome Tour-gy\u0151ztes?<\/title>\n<meta name=\"description\" content=\"K\u00e9ts\u00e9gtelen\u00fcl a n\u00e9gyszeres Tour de France gy\u0151ztes, Chris Froome t\u00f6rt\u00e9nete lesz az egyik legnagyobb sztori az idei versenyszezonban, aki s\u00e9r\u00fcl\u00e9se ut\u00e1n most visszat\u00e9r a versenyz\u00e9sbe.\" \/>\n<meta name=\"robots\" content=\"index, follow, max-snippet:-1, max-image-preview:large, max-video-preview:-1\" \/>\n<link rel=\"canonical\" href=\"https:\/\/www.welovecycling.com\/hu\/orszaguti-kerekpar\/lehet-e-meg-chris-froome-tour-gyoztes\/\" \/>\n<meta property=\"og:locale\" content=\"hu_HU\" \/>\n<meta property=\"og:type\" content=\"article\" \/>\n<meta property=\"og:title\" content=\"Lehet-e m\u00e9g Chris Froome Tour-gy\u0151ztes?\" \/>\n<meta property=\"og:description\" content=\"K\u00e9ts\u00e9gtelen\u00fcl a n\u00e9gyszeres Tour de France gy\u0151ztes, Chris Froome t\u00f6rt\u00e9nete lesz az egyik legnagyobb sztori az idei versenyszezonban, aki s\u00e9r\u00fcl\u00e9se ut\u00e1n most visszat\u00e9r a versenyz\u00e9sbe.\" \/>\n<meta property=\"og:url\" content=\"https:\/\/www.welovecycling.com\/hu\/orszaguti-kerekpar\/lehet-e-meg-chris-froome-tour-gyoztes\/\" \/>\n<meta property=\"og:site_name\" content=\"\u0160koda We Love Cycling - Magyarorsz\u00e1g\" \/>\n<meta property=\"article:publisher\" content=\"https:\/\/www.facebook.com\/WeLoveCyclingHungary\/\" \/>\n<meta property=\"article:published_time\" content=\"2021-04-30T07:00:53+00:00\" \/>\n<meta property=\"og:image\" content=\"https:\/\/d2p6e6u75xmxt8.cloudfront.net\/12\/2021\/04\/Chris-Froome-profimedia-0592252353-CVR.jpg\" \/>\n\t<meta property=\"og:image:width\" content=\"1366\" \/>\n\t<meta property=\"og:image:height\" content=\"600\" \/>\n\t<meta property=\"og:image:type\" content=\"image\/jpeg\" \/>\n<meta name=\"author\" content=\"hegyizs\" \/>\n<meta name=\"twitter:card\" content=\"summary_large_image\" \/>\n<meta name=\"twitter:label1\" content=\"Written by\" \/>\n\t<meta name=\"twitter:data1\" content=\"Siegfried Mortkowitz\" \/>\n\t<meta name=\"twitter:label2\" content=\"Est. reading time\" \/>\n\t<meta name=\"twitter:data2\" content=\"5\" \/>\n<script type=\"application\/ld+json\" class=\"yoast-schema-graph\">{\"@context\":\"https:\/\/schema.org\",\"@graph\":[{\"@type\":\"WebPage\",\"@id\":\"https:\/\/www.welovecycling.com\/hu\/orszaguti-kerekpar\/lehet-e-meg-chris-froome-tour-gyoztes\/\",\"url\":\"https:\/\/www.welovecycling.com\/hu\/orszaguti-kerekpar\/lehet-e-meg-chris-froome-tour-gyoztes\/\",\"name\":\"Lehet-e m\u00e9g Chris Froome Tour-gy\u0151ztes?\",\"isPartOf\":{\"@id\":\"https:\/\/www.welovecycling.com\/hu\/#website\"},\"primaryImageOfPage\":{\"@id\":\"https:\/\/www.welovecycling.com\/hu\/orszaguti-kerekpar\/lehet-e-meg-chris-froome-tour-gyoztes\/#primaryimage\"},\"image\":{\"@id\":\"https:\/\/www.welovecycling.com\/hu\/orszaguti-kerekpar\/lehet-e-meg-chris-froome-tour-gyoztes\/#primaryimage\"},\"thumbnailUrl\":\"https:\/\/d2p6e6u75xmxt8.cloudfront.net\/12\/2021\/04\/Chris-Froome-profimedia-0592252353-CVR.jpg\",\"datePublished\":\"2021-04-30T07:00:53+00:00\",\"author\":{\"@id\":\"https:\/\/www.welovecycling.com\/hu\/#\/schema\/person\/414a2aebf1801691a5320edb6468e194\"},\"description\":\"K\u00e9ts\u00e9gtelen\u00fcl a n\u00e9gyszeres Tour de France gy\u0151ztes, Chris Froome t\u00f6rt\u00e9nete lesz az egyik legnagyobb sztori az idei versenyszezonban, aki s\u00e9r\u00fcl\u00e9se ut\u00e1n most visszat\u00e9r a versenyz\u00e9sbe.\",\"breadcrumb\":{\"@id\":\"https:\/\/www.welovecycling.com\/hu\/orszaguti-kerekpar\/lehet-e-meg-chris-froome-tour-gyoztes\/#breadcrumb\"},\"inLanguage\":\"hu\",\"potentialAction\":[{\"@type\":\"ReadAction\",\"target\":[\"https:\/\/www.welovecycling.com\/hu\/orszaguti-kerekpar\/lehet-e-meg-chris-froome-tour-gyoztes\/\"]}]},{\"@type\":\"ImageObject\",\"inLanguage\":\"hu\",\"@id\":\"https:\/\/www.welovecycling.com\/hu\/orszaguti-kerekpar\/lehet-e-meg-chris-froome-tour-gyoztes\/#primaryimage\",\"url\":\"https:\/\/d2p6e6u75xmxt8.cloudfront.net\/12\/2021\/04\/Chris-Froome-profimedia-0592252353-CVR.jpg\",\"contentUrl\":\"https:\/\/d2p6e6u75xmxt8.cloudfront.net\/12\/2021\/04\/Chris-Froome-profimedia-0592252353-CVR.jpg\",\"width\":1366,\"height\":600,\"caption\":\"Chris Froome\"},{\"@type\":\"BreadcrumbList\",\"@id\":\"https:\/\/www.welovecycling.com\/hu\/orszaguti-kerekpar\/lehet-e-meg-chris-froome-tour-gyoztes\/#breadcrumb\",\"itemListElement\":[{\"@type\":\"ListItem\",\"position\":1,\"name\":\"Home\",\"item\":\"https:\/\/www.welovecycling.com\/hu\/\"},{\"@type\":\"ListItem\",\"position\":2,\"name\":\"Lehet-e m\u00e9g Chris Froome Tour-gy\u0151ztes?\"}]},{\"@type\":\"WebSite\",\"@id\":\"https:\/\/www.welovecycling.com\/hu\/#website\",\"url\":\"https:\/\/www.welovecycling.com\/hu\/\",\"name\":\"\u0160koda We Love Cycling - Magyarorsz\u00e1g\",\"description\":\"\u0160koda WeLoveCycling\",\"potentialAction\":[{\"@type\":\"SearchAction\",\"target\":{\"@type\":\"EntryPoint\",\"urlTemplate\":\"https:\/\/www.welovecycling.com\/hu\/?s={search_term_string}\"},\"query-input\":{\"@type\":\"PropertyValueSpecification\",\"valueRequired\":true,\"valueName\":\"search_term_string\"}}],\"inLanguage\":\"hu\"},{\"@type\":\"Person\",\"@id\":\"https:\/\/www.welovecycling.com\/hu\/#\/schema\/person\/414a2aebf1801691a5320edb6468e194\",\"name\":\"hegyizs\",\"image\":{\"@type\":\"ImageObject\",\"inLanguage\":\"hu\",\"@id\":\"https:\/\/www.welovecycling.com\/hu\/#\/schema\/person\/image\/\",\"url\":\"https:\/\/secure.gravatar.com\/avatar\/02cf8a7906b8cf90cecb4679defac7cfd33a1c2e3b88e4903d947f3bb58eedd3?s=96&d=mm&r=g\",\"contentUrl\":\"https:\/\/secure.gravatar.com\/avatar\/02cf8a7906b8cf90cecb4679defac7cfd33a1c2e3b88e4903d947f3bb58eedd3?s=96&d=mm&r=g\",\"caption\":\"hegyizs\"},\"url\":\"https:\/\/www.welovecycling.com\/hu\/author\/hegyizs\/\"}]}<\/script>\n<!-- \/ Yoast SEO Premium plugin. -->","yoast_head_json":{"title":"Lehet-e m\u00e9g Chris Froome Tour-gy\u0151ztes?","description":"K\u00e9ts\u00e9gtelen\u00fcl a n\u00e9gyszeres Tour de France gy\u0151ztes, Chris Froome t\u00f6rt\u00e9nete lesz az egyik legnagyobb sztori az idei versenyszezonban, aki s\u00e9r\u00fcl\u00e9se ut\u00e1n most visszat\u00e9r a versenyz\u00e9sbe.","robots":{"index":"index","follow":"follow","max-snippet":"max-snippet:-1","max-image-preview":"max-image-preview:large","max-video-preview":"max-video-preview:-1"},"canonical":"https:\/\/www.welovecycling.com\/hu\/orszaguti-kerekpar\/lehet-e-meg-chris-froome-tour-gyoztes\/","og_locale":"hu_HU","og_type":"article","og_title":"Lehet-e m\u00e9g Chris Froome Tour-gy\u0151ztes?","og_description":"K\u00e9ts\u00e9gtelen\u00fcl a n\u00e9gyszeres Tour de France gy\u0151ztes, Chris Froome t\u00f6rt\u00e9nete lesz az egyik legnagyobb sztori az idei versenyszezonban, aki s\u00e9r\u00fcl\u00e9se ut\u00e1n most visszat\u00e9r a versenyz\u00e9sbe.","og_url":"https:\/\/www.welovecycling.com\/hu\/orszaguti-kerekpar\/lehet-e-meg-chris-froome-tour-gyoztes\/","og_site_name":"\u0160koda We Love Cycling - Magyarorsz\u00e1g","article_publisher":"https:\/\/www.facebook.com\/WeLoveCyclingHungary\/","article_published_time":"2021-04-30T07:00:53+00:00","og_image":[{"width":1366,"height":600,"url":"https:\/\/d2p6e6u75xmxt8.cloudfront.net\/12\/2021\/04\/Chris-Froome-profimedia-0592252353-CVR.jpg","type":"image\/jpeg"}],"author":"hegyizs","twitter_card":"summary_large_image","twitter_misc":{"Written by":"Siegfried Mortkowitz","Est. reading time":"5"},"schema":{"@context":"https:\/\/schema.org","@graph":[{"@type":"WebPage","@id":"https:\/\/www.welovecycling.com\/hu\/orszaguti-kerekpar\/lehet-e-meg-chris-froome-tour-gyoztes\/","url":"https:\/\/www.welovecycling.com\/hu\/orszaguti-kerekpar\/lehet-e-meg-chris-froome-tour-gyoztes\/","name":"Lehet-e m\u00e9g Chris Froome Tour-gy\u0151ztes?","isPartOf":{"@id":"https:\/\/www.welovecycling.com\/hu\/#website"},"primaryImageOfPage":{"@id":"https:\/\/www.welovecycling.com\/hu\/orszaguti-kerekpar\/lehet-e-meg-chris-froome-tour-gyoztes\/#primaryimage"},"image":{"@id":"https:\/\/www.welovecycling.com\/hu\/orszaguti-kerekpar\/lehet-e-meg-chris-froome-tour-gyoztes\/#primaryimage"},"thumbnailUrl":"https:\/\/d2p6e6u75xmxt8.cloudfront.net\/12\/2021\/04\/Chris-Froome-profimedia-0592252353-CVR.jpg","datePublished":"2021-04-30T07:00:53+00:00","author":{"@id":"https:\/\/www.welovecycling.com\/hu\/#\/schema\/person\/414a2aebf1801691a5320edb6468e194"},"description":"K\u00e9ts\u00e9gtelen\u00fcl a n\u00e9gyszeres Tour de France gy\u0151ztes, Chris Froome t\u00f6rt\u00e9nete lesz az egyik legnagyobb sztori az idei versenyszezonban, aki s\u00e9r\u00fcl\u00e9se ut\u00e1n most visszat\u00e9r a versenyz\u00e9sbe.","breadcrumb":{"@id":"https:\/\/www.welovecycling.com\/hu\/orszaguti-kerekpar\/lehet-e-meg-chris-froome-tour-gyoztes\/#breadcrumb"},"inLanguage":"hu","potentialAction":[{"@type":"ReadAction","target":["https:\/\/www.welovecycling.com\/hu\/orszaguti-kerekpar\/lehet-e-meg-chris-froome-tour-gyoztes\/"]}]},{"@type":"ImageObject","inLanguage":"hu","@id":"https:\/\/www.welovecycling.com\/hu\/orszaguti-kerekpar\/lehet-e-meg-chris-froome-tour-gyoztes\/#primaryimage","url":"https:\/\/d2p6e6u75xmxt8.cloudfront.net\/12\/2021\/04\/Chris-Froome-profimedia-0592252353-CVR.jpg","contentUrl":"https:\/\/d2p6e6u75xmxt8.cloudfront.net\/12\/2021\/04\/Chris-Froome-profimedia-0592252353-CVR.jpg","width":1366,"height":600,"caption":"Chris Froome"},{"@type":"BreadcrumbList","@id":"https:\/\/www.welovecycling.com\/hu\/orszaguti-kerekpar\/lehet-e-meg-chris-froome-tour-gyoztes\/#breadcrumb","itemListElement":[{"@type":"ListItem","position":1,"name":"Home","item":"https:\/\/www.welovecycling.com\/hu\/"},{"@type":"ListItem","position":2,"name":"Lehet-e m\u00e9g Chris Froome Tour-gy\u0151ztes?"}]},{"@type":"WebSite","@id":"https:\/\/www.welovecycling.com\/hu\/#website","url":"https:\/\/www.welovecycling.com\/hu\/","name":"\u0160koda We Love Cycling - Magyarorsz\u00e1g","description":"\u0160koda WeLoveCycling","potentialAction":[{"@type":"SearchAction","target":{"@type":"EntryPoint","urlTemplate":"https:\/\/www.welovecycling.com\/hu\/?s={search_term_string}"},"query-input":{"@type":"PropertyValueSpecification","valueRequired":true,"valueName":"search_term_string"}}],"inLanguage":"hu"},{"@type":"Person","@id":"https:\/\/www.welovecycling.com\/hu\/#\/schema\/person\/414a2aebf1801691a5320edb6468e194","name":"hegyizs","image":{"@type":"ImageObject","inLanguage":"hu","@id":"https:\/\/www.welovecycling.com\/hu\/#\/schema\/person\/image\/","url":"https:\/\/secure.gravatar.com\/avatar\/02cf8a7906b8cf90cecb4679defac7cfd33a1c2e3b88e4903d947f3bb58eedd3?s=96&d=mm&r=g","contentUrl":"https:\/\/secure.gravatar.com\/avatar\/02cf8a7906b8cf90cecb4679defac7cfd33a1c2e3b88e4903d947f3bb58eedd3?s=96&d=mm&r=g","caption":"hegyizs"},"url":"https:\/\/www.welovecycling.com\/hu\/author\/hegyizs\/"}]}},"_links":{"self":[{"href":"https:\/\/www.welovecycling.com\/hu\/wp-json\/wp\/v2\/posts\/11161","targetHints":{"allow":["GET"]}}],"collection":[{"href":"https:\/\/www.welovecycling.com\/hu\/wp-json\/wp\/v2\/posts"}],"about":[{"href":"https:\/\/www.welovecycling.com\/hu\/wp-json\/wp\/v2\/types\/post"}],"author":[{"embeddable":true,"href":"https:\/\/www.welovecycling.com\/hu\/wp-json\/wp\/v2\/users\/71"}],"replies":[{"embeddable":true,"href":"https:\/\/www.welovecycling.com\/hu\/wp-json\/wp\/v2\/comments?post=11161"}],"version-history":[{"count":2,"href":"https:\/\/www.welovecycling.com\/hu\/wp-json\/wp\/v2\/posts\/11161\/revisions"}],"predecessor-version":[{"id":11179,"href":"https:\/\/www.welovecycling.com\/hu\/wp-json\/wp\/v2\/posts\/11161\/revisions\/11179"}],"wp:featuredmedia":[{"embeddable":true,"href":"https:\/\/www.welovecycling.com\/hu\/wp-json\/wp\/v2\/media\/11166"}],"wp:attachment":[{"href":"https:\/\/www.welovecycling.com\/hu\/wp-json\/wp\/v2\/media?parent=11161"}],"wp:term":[{"taxonomy":"category","embeddable":true,"href":"https:\/\/www.welovecycling.com\/hu\/wp-json\/wp\/v2\/categories?post=11161"},{"taxonomy":"post_tag","embeddable":true,"href":"https:\/\/www.welovecycling.com\/hu\/wp-json\/wp\/v2\/tags?post=11161"},{"taxonomy":"global-categories","embeddable":true,"href":"https:\/\/www.welovecycling.com\/hu\/wp-json\/wp\/v2\/global-categories?post=11161"}],"curies":[{"name":"wp","href":"https:\/\/api.w.org\/{rel}","templated":true}]}}