{"id":11156,"date":"2021-05-01T08:00:36","date_gmt":"2021-05-01T07:00:36","guid":{"rendered":"https:\/\/www.welovecycling.com\/hu\/?p=11156"},"modified":"2021-04-26T08:36:53","modified_gmt":"2021-04-26T07:36:53","slug":"bioenergia-polo-ami-feltolti-okostelefonod-edzes-kozben","status":"publish","type":"post","link":"https:\/\/www.welovecycling.com\/hu\/kozosseg-es-kultura\/bioenergia-polo-ami-feltolti-okostelefonod-edzes-kozben\/","title":{"rendered":"Bioenergia p\u00f3l\u00f3, ami felt\u00f6lti okostelefonod edz\u00e9s k\u00f6zben"},"content":{"rendered":"<p><strong>A kalifornai San Diego Egyetem nanom\u00e9rn\u00f6kei egy bioenergi\u00e1val ell\u00e1tott p\u00f3l\u00f3t terveztek nem r\u00e9g, ami pontosan \u00fagy hangzik, mint egy j\u00f3 sci-fi egyik kell\u00e9ke. Feltal\u00e1ltak egy microgridet, ami \u00f6sszegy\u0171jti \u00e9s t\u00e1rolja a test \u00e1ltal termelt energi\u00e1t, majd egy \u00e1tlagos p\u00f3l\u00f3hoz r\u00f6gz\u00edtett\u00e9k, amit b\u00e1tran viselhetsz \u00e9s ki is moshatsz. N\u00e9zz\u00fck meg k\u00f6zelebbr\u0151l, vajon k\u00e9pes lesz-e ez a technol\u00f3gia felt\u00f6lteni Garmin k\u00e9sz\u00fcl\u00e9ked!<\/strong><!--more--><\/p>\n<h2><strong>A k\u00f6z\u00f6ss\u00e9gi mikrogridek ihlett\u00e9k<\/strong><\/h2>\n<p><em>\u201eA microgrid koncepci\u00f3j\u00e1t olyan hordhat\u00f3 rendszerek l\u00e9trehoz\u00e1s\u00e1ra alkalmazzuk, amelyek fenntarthat\u00f3an, megb\u00edzhat\u00f3an \u00e9s f\u00fcggetlen\u00fcl m\u0171k\u00f6dnek. Am\u00edg a v\u00e1rosi microgrid olyan meg\u00fajul\u00f3 energiaforr\u00e1sokat integr\u00e1l, mint p\u00e9ld\u00e1ul a sz\u00e9l \u00e9s a nap, a hordhat\u00f3 v\u00e1ltozatok lok\u00e1lisan gy\u0171jtenek energi\u00e1t a test k\u00fcl\u00f6nb\u00f6z\u0151 r\u00e9szeib\u0151l verejt\u00e9kez\u00e9s \u00e9s testmozg\u00e1s k\u00f6zben&#8221;<\/em> \u00a0&#8211; mondta Lu Yin f\u0151 alkot\u00f3, nano\u00e9p\u00edt\u0151, a UC San Diego Jacobs M\u0171szaki Iskola Ph.D. hallgat\u00f3ja.<\/p>\n<h2><strong>Izzads\u00e1gb\u00f3l \u00e9s mozg\u00e1sb\u00f3l nyert energia<\/strong><\/h2>\n<p>Ez a p\u00f3l\u00f3 k\u00e9tf\u00e9le m\u00f3don veszi fel az energi\u00e1t. Egyr\u00e9szt bio\u00fczemanyag cell\u00e1kkal rendelkezik, amik a verejt\u00e9kb\u0151l nyernek energi\u00e1t a p\u00f3l\u00f3 belsej\u00e9ben. M\u00e1sr\u00e9szt a k\u00fcls\u0151 oldalon, az alkaron \u00e9s a der\u00e9k k\u00f6zel\u00e9ben triboelekromos gener\u00e1torok vannak elhelyezve, melyek energi\u00e1t vesznek fel a karok mozg\u00e1s\u00e1b\u00f3l fut\u00e1s vagy s\u00e9ta k\u00f6zben.<\/p>\n<div class=\"embed-controller-wrapper\">\n<div class=\"embed-wrapper\"><iframe title=\"Wearable microgrid runs on renewable energy from the body\" width=\"500\" height=\"281\" data-src=\"https:\/\/www.youtube.com\/embed\/jJSu40ul_Ho?feature=oembed\" frameborder=\"0\" allow=\"accelerometer; autoplay; clipboard-write; encrypted-media; gyroscope; picture-in-picture; web-share\" referrerpolicy=\"strict-origin-when-cross-origin\" allowfullscreen><\/iframe><\/div>\n<\/div>\n<p>\u201eA kett\u0151 egy\u00fctt alkot eg\u00e9szet\u201c \u2013 fejtette ki Yin. \u201eA gyors \u00e9s folyamatos energiaell\u00e1t\u00e1s \u00e9rdek\u00e9ben szinergikusak, kieg\u00e9sz\u00edtik egym\u00e1st. Az eg\u00e9sz rendszer k\u00e9tszer gyorsabban indul be, mint \u00f6nmag\u00e1ban a bio\u00fczemanyag-cell\u00e1k \u00e9s h\u00e1romszor hosszabb ideig tart ki, mint ha csak a triboelektromos gener\u00e1torokat haszn\u00e1ln\u00e1nk.\u201c<\/p>\n<h2><strong>Mindez egy p\u00f3l\u00f3n<\/strong><\/h2>\n<p>V\u00e9gezet\u00fcl, a p\u00f3l\u00f3 k\u00e9pes az energi\u00e1t is k\u00e9pes t\u00e1rolni. A k\u00fcls\u0151 szuperkondenz\u00e1torok ideiglenesen t\u00e1rolj\u00e1k mindk\u00e9t termel\u0151 eszk\u00f6z energi\u00e1j\u00e1t, \u00e9s ezzel k\u00e9pesek kis elektronikai eszk\u00f6z\u00f6k, p\u00e9ld\u00e1ul intelligens \u00f3r\u00e1k \u00e9s biciklis sz\u00e1m\u00edt\u00f3g\u00e9pek \u00e1ramell\u00e1t\u00e1s\u00e1ra. A viselhet\u0151 mikrogrid rugalmas elektronikus alkatr\u00e9szekb\u0151l \u00e9p\u00fcl fel, amiket a p\u00f3l\u00f3ra r\u00f6gz\u00edtenek \u00e9s \u00fagy helyezik el \u0151ket, hogy optimaliz\u00e1lj\u00e1k az \u00f6sszegy\u0171jt\u00f6tt energia mennyis\u00e9g\u00e9t.<\/p>\n<h2><strong>Ak\u00e1r egy \u00f3r\u00e1t is m\u0171k\u00f6dtethets<\/strong>z<\/h2>\n<p>Ezt a cs\u00facstechnol\u00f3gi\u00e1s p\u00f3l\u00f3t 30 perces munkamenetek sor\u00e1n tesztelt\u00e9k, amelyek 10 perc biciklis g\u00e9pen t\u00f6rt\u00e9n\u0151 edz\u00e9sb\u0151l vagy fut\u00e1sb\u00f3l, majd 20 perc pihen\u00e9sb\u0151l \u00e1lltak. A bioenergia p\u00f3l\u00f3 egy LCD kar\u00f3r\u00e1t tudott m\u0171k\u00f6dtetni minden 30 perces munkamenet sor\u00e1n.<\/p>\n<figure id=\"attachment_11158\" aria-describedby=\"caption-attachment-11158\" style=\"width: 1024px\" class=\"wp-caption alignnone\"><a href=\"https:\/\/d2p6e6u75xmxt8.cloudfront.net\/2\/2021\/04\/wearable-microgrid-BFCs.jpeg\"><img loading=\"lazy\" decoding=\"async\" class=\"wp-image-11158 size-large\" src=\"https:\/\/d2p6e6u75xmxt8.cloudfront.net\/12\/2021\/04\/wearable-microgrid-BFCs-1024x683.jpeg\" alt=\"Wearable microgrid T-Shirt\" width=\"1024\" height=\"683\" srcset=\"https:\/\/d2p6e6u75xmxt8.cloudfront.net\/12\/2021\/04\/wearable-microgrid-BFCs-1024x683.jpeg 1024w, https:\/\/d2p6e6u75xmxt8.cloudfront.net\/12\/2021\/04\/wearable-microgrid-BFCs-300x200.jpeg 300w, https:\/\/d2p6e6u75xmxt8.cloudfront.net\/12\/2021\/04\/wearable-microgrid-BFCs-768x512.jpeg 768w, https:\/\/d2p6e6u75xmxt8.cloudfront.net\/12\/2021\/04\/wearable-microgrid-BFCs-1536x1024.jpeg 1536w, https:\/\/d2p6e6u75xmxt8.cloudfront.net\/12\/2021\/04\/wearable-microgrid-BFCs-272x182.jpeg 272w, https:\/\/d2p6e6u75xmxt8.cloudfront.net\/12\/2021\/04\/wearable-microgrid-BFCs.jpeg 1600w\" sizes=\"auto, (max-width: 1024px) 100vw, 1024px\" \/><\/a><figcaption id=\"caption-attachment-11158\" class=\"wp-caption-text\">A bio\u00fczemanyagsejtek energi\u00e1t gy\u0171jtenek a verejt\u00e9kb\u0151l. \u00a9 UC San Diego<\/figcaption><\/figure>\n<h2><strong>Hogyan m\u0171k\u00f6dik?<\/strong><\/h2>\n<p>A bio\u00fczemanyag-cell\u00e1k olyan enzimekkel vannak felszerelve, amik az emberi verejt\u00e9kben lakt\u00e1t- \u00e9s oxig\u00e9nmolekul\u00e1k k\u00f6z\u00f6tti elektroncser\u00e9t ind\u00edtanak el villamos energia el\u0151\u00e1ll\u00edt\u00e1s\u00e1ra. A triboelektromos gener\u00e1torok negat\u00edv t\u00f6lt\u00e9s\u0171 anyagb\u00f3l k\u00e9sz\u00fclnek \u00e9s az alkaron, m\u00edg a pozit\u00edv t\u00f6lt\u00e9s\u0171ek a t\u00f6rzs oldal\u00e1n helyezkednek el. Ahogy s\u00e9ta vagy fut\u00e1s k\u00f6zben a karok a t\u00f6rzs fel\u00e9 lend\u00fclnek, az ellent\u00e9tesen t\u00f6lt\u00e9s\u0171 anyagok \u00e1ramot termelnek.<\/p>\n<p>Van itt olyan bikepacker vagy biciklis t\u00far\u00e1z\u00f3, akit \u00e9rdekel ez a furcsa mez, ami energi\u00e1t gener\u00e1l a mozg\u00e1sb\u00f3l \u00e9s az izzad\u00e1sb\u00f3l?<\/p>\n","protected":false},"excerpt":{"rendered":"<p>A kalifornai San Diego Egyetem nanom\u00e9rn\u00f6kei egy bioenergi\u00e1val ell\u00e1tott p\u00f3l\u00f3t terveztek nem r\u00e9g, ami pontosan \u00fagy hangzik, mint egy j\u00f3 [&hellip;]<\/p>\n","protected":false},"author":71,"featured_media":11160,"comment_status":"closed","ping_status":"closed","sticky":false,"template":"","format":"standard","meta":{"footnotes":""},"categories":[12],"tags":[],"global-categories":[],"class_list":["post-11156","post","type-post","status-publish","format-standard","has-post-thumbnail","hentry","category-kozosseg-es-kultura"],"yoast_head":"<!-- This site is optimized with the Yoast SEO Premium plugin v25.3 (Yoast SEO v25.9) - https:\/\/yoast.com\/wordpress\/plugins\/seo\/ -->\n<title>Bioenergia p\u00f3l\u00f3, ami felt\u00f6lti okostelefonod edz\u00e9s k\u00f6zben<\/title>\n<meta name=\"description\" content=\"A kalifornai San Diego Egyetem nanom\u00e9rn\u00f6kei egy bioenergi\u00e1val ell\u00e1tott p\u00f3l\u00f3t terveztek nem r\u00e9g, ami pontosan \u00fagy hangzik, mint egy j\u00f3 sci-fi egyik kell\u00e9ke.\" \/>\n<meta name=\"robots\" content=\"index, follow, max-snippet:-1, max-image-preview:large, max-video-preview:-1\" \/>\n<link rel=\"canonical\" href=\"https:\/\/www.welovecycling.com\/hu\/kozosseg-es-kultura\/bioenergia-polo-ami-feltolti-okostelefonod-edzes-kozben\/\" \/>\n<meta property=\"og:locale\" content=\"hu_HU\" \/>\n<meta property=\"og:type\" content=\"article\" \/>\n<meta property=\"og:title\" content=\"Bioenergia p\u00f3l\u00f3, ami felt\u00f6lti okostelefonod edz\u00e9s k\u00f6zben\" \/>\n<meta property=\"og:description\" content=\"A kalifornai San Diego Egyetem nanom\u00e9rn\u00f6kei egy bioenergi\u00e1val ell\u00e1tott p\u00f3l\u00f3t terveztek nem r\u00e9g, ami pontosan \u00fagy hangzik, mint egy j\u00f3 sci-fi egyik kell\u00e9ke.\" \/>\n<meta property=\"og:url\" content=\"https:\/\/www.welovecycling.com\/hu\/kozosseg-es-kultura\/bioenergia-polo-ami-feltolti-okostelefonod-edzes-kozben\/\" \/>\n<meta property=\"og:site_name\" content=\"\u0160koda We Love Cycling - Magyarorsz\u00e1g\" \/>\n<meta property=\"article:publisher\" content=\"https:\/\/www.facebook.com\/WeLoveCyclingHungary\/\" \/>\n<meta property=\"article:published_time\" content=\"2021-05-01T07:00:36+00:00\" \/>\n<meta property=\"og:image\" content=\"https:\/\/d2p6e6u75xmxt8.cloudfront.net\/12\/2021\/04\/Wearable-micgrogrid-T-shirt-CVR.jpg\" \/>\n\t<meta property=\"og:image:width\" content=\"1366\" \/>\n\t<meta property=\"og:image:height\" content=\"600\" \/>\n\t<meta property=\"og:image:type\" content=\"image\/jpeg\" \/>\n<meta name=\"author\" content=\"hegyizs\" \/>\n<meta name=\"twitter:card\" content=\"summary_large_image\" \/>\n<meta name=\"twitter:label1\" content=\"Written by\" \/>\n\t<meta name=\"twitter:data1\" content=\"Jiri Kaloc\" \/>\n\t<meta name=\"twitter:label2\" content=\"Est. reading time\" \/>\n\t<meta name=\"twitter:data2\" content=\"6\" \/>\n<script type=\"application\/ld+json\" class=\"yoast-schema-graph\">{\"@context\":\"https:\/\/schema.org\",\"@graph\":[{\"@type\":\"WebPage\",\"@id\":\"https:\/\/www.welovecycling.com\/hu\/kozosseg-es-kultura\/bioenergia-polo-ami-feltolti-okostelefonod-edzes-kozben\/\",\"url\":\"https:\/\/www.welovecycling.com\/hu\/kozosseg-es-kultura\/bioenergia-polo-ami-feltolti-okostelefonod-edzes-kozben\/\",\"name\":\"Bioenergia p\u00f3l\u00f3, ami felt\u00f6lti okostelefonod edz\u00e9s k\u00f6zben\",\"isPartOf\":{\"@id\":\"https:\/\/www.welovecycling.com\/hu\/#website\"},\"primaryImageOfPage\":{\"@id\":\"https:\/\/www.welovecycling.com\/hu\/kozosseg-es-kultura\/bioenergia-polo-ami-feltolti-okostelefonod-edzes-kozben\/#primaryimage\"},\"image\":{\"@id\":\"https:\/\/www.welovecycling.com\/hu\/kozosseg-es-kultura\/bioenergia-polo-ami-feltolti-okostelefonod-edzes-kozben\/#primaryimage\"},\"thumbnailUrl\":\"https:\/\/d2p6e6u75xmxt8.cloudfront.net\/12\/2021\/04\/Wearable-micgrogrid-T-shirt-CVR.jpg\",\"datePublished\":\"2021-05-01T07:00:36+00:00\",\"author\":{\"@id\":\"https:\/\/www.welovecycling.com\/hu\/#\/schema\/person\/414a2aebf1801691a5320edb6468e194\"},\"description\":\"A kalifornai San Diego Egyetem nanom\u00e9rn\u00f6kei egy bioenergi\u00e1val ell\u00e1tott p\u00f3l\u00f3t terveztek nem r\u00e9g, ami pontosan \u00fagy hangzik, mint egy j\u00f3 sci-fi egyik kell\u00e9ke.\",\"breadcrumb\":{\"@id\":\"https:\/\/www.welovecycling.com\/hu\/kozosseg-es-kultura\/bioenergia-polo-ami-feltolti-okostelefonod-edzes-kozben\/#breadcrumb\"},\"inLanguage\":\"hu\",\"potentialAction\":[{\"@type\":\"ReadAction\",\"target\":[\"https:\/\/www.welovecycling.com\/hu\/kozosseg-es-kultura\/bioenergia-polo-ami-feltolti-okostelefonod-edzes-kozben\/\"]}]},{\"@type\":\"ImageObject\",\"inLanguage\":\"hu\",\"@id\":\"https:\/\/www.welovecycling.com\/hu\/kozosseg-es-kultura\/bioenergia-polo-ami-feltolti-okostelefonod-edzes-kozben\/#primaryimage\",\"url\":\"https:\/\/d2p6e6u75xmxt8.cloudfront.net\/12\/2021\/04\/Wearable-micgrogrid-T-shirt-CVR.jpg\",\"contentUrl\":\"https:\/\/d2p6e6u75xmxt8.cloudfront.net\/12\/2021\/04\/Wearable-micgrogrid-T-shirt-CVR.jpg\",\"width\":1366,\"height\":600,\"caption\":\"Wearable microgrid T-Shirt\"},{\"@type\":\"BreadcrumbList\",\"@id\":\"https:\/\/www.welovecycling.com\/hu\/kozosseg-es-kultura\/bioenergia-polo-ami-feltolti-okostelefonod-edzes-kozben\/#breadcrumb\",\"itemListElement\":[{\"@type\":\"ListItem\",\"position\":1,\"name\":\"Home\",\"item\":\"https:\/\/www.welovecycling.com\/hu\/\"},{\"@type\":\"ListItem\",\"position\":2,\"name\":\"Bioenergia p\u00f3l\u00f3, ami felt\u00f6lti okostelefonod edz\u00e9s k\u00f6zben\"}]},{\"@type\":\"WebSite\",\"@id\":\"https:\/\/www.welovecycling.com\/hu\/#website\",\"url\":\"https:\/\/www.welovecycling.com\/hu\/\",\"name\":\"\u0160koda We Love Cycling - Magyarorsz\u00e1g\",\"description\":\"\u0160koda WeLoveCycling\",\"potentialAction\":[{\"@type\":\"SearchAction\",\"target\":{\"@type\":\"EntryPoint\",\"urlTemplate\":\"https:\/\/www.welovecycling.com\/hu\/?s={search_term_string}\"},\"query-input\":{\"@type\":\"PropertyValueSpecification\",\"valueRequired\":true,\"valueName\":\"search_term_string\"}}],\"inLanguage\":\"hu\"},{\"@type\":\"Person\",\"@id\":\"https:\/\/www.welovecycling.com\/hu\/#\/schema\/person\/414a2aebf1801691a5320edb6468e194\",\"name\":\"hegyizs\",\"image\":{\"@type\":\"ImageObject\",\"inLanguage\":\"hu\",\"@id\":\"https:\/\/www.welovecycling.com\/hu\/#\/schema\/person\/image\/\",\"url\":\"https:\/\/secure.gravatar.com\/avatar\/02cf8a7906b8cf90cecb4679defac7cfd33a1c2e3b88e4903d947f3bb58eedd3?s=96&d=mm&r=g\",\"contentUrl\":\"https:\/\/secure.gravatar.com\/avatar\/02cf8a7906b8cf90cecb4679defac7cfd33a1c2e3b88e4903d947f3bb58eedd3?s=96&d=mm&r=g\",\"caption\":\"hegyizs\"},\"url\":\"https:\/\/www.welovecycling.com\/hu\/author\/hegyizs\/\"}]}<\/script>\n<!-- \/ Yoast SEO Premium plugin. -->","yoast_head_json":{"title":"Bioenergia p\u00f3l\u00f3, ami felt\u00f6lti okostelefonod edz\u00e9s k\u00f6zben","description":"A kalifornai San Diego Egyetem nanom\u00e9rn\u00f6kei egy bioenergi\u00e1val ell\u00e1tott p\u00f3l\u00f3t terveztek nem r\u00e9g, ami pontosan \u00fagy hangzik, mint egy j\u00f3 sci-fi egyik kell\u00e9ke.","robots":{"index":"index","follow":"follow","max-snippet":"max-snippet:-1","max-image-preview":"max-image-preview:large","max-video-preview":"max-video-preview:-1"},"canonical":"https:\/\/www.welovecycling.com\/hu\/kozosseg-es-kultura\/bioenergia-polo-ami-feltolti-okostelefonod-edzes-kozben\/","og_locale":"hu_HU","og_type":"article","og_title":"Bioenergia p\u00f3l\u00f3, ami felt\u00f6lti okostelefonod edz\u00e9s k\u00f6zben","og_description":"A kalifornai San Diego Egyetem nanom\u00e9rn\u00f6kei egy bioenergi\u00e1val ell\u00e1tott p\u00f3l\u00f3t terveztek nem r\u00e9g, ami pontosan \u00fagy hangzik, mint egy j\u00f3 sci-fi egyik kell\u00e9ke.","og_url":"https:\/\/www.welovecycling.com\/hu\/kozosseg-es-kultura\/bioenergia-polo-ami-feltolti-okostelefonod-edzes-kozben\/","og_site_name":"\u0160koda We Love Cycling - Magyarorsz\u00e1g","article_publisher":"https:\/\/www.facebook.com\/WeLoveCyclingHungary\/","article_published_time":"2021-05-01T07:00:36+00:00","og_image":[{"width":1366,"height":600,"url":"https:\/\/d2p6e6u75xmxt8.cloudfront.net\/12\/2021\/04\/Wearable-micgrogrid-T-shirt-CVR.jpg","type":"image\/jpeg"}],"author":"hegyizs","twitter_card":"summary_large_image","twitter_misc":{"Written by":"Jiri Kaloc","Est. reading time":"6"},"schema":{"@context":"https:\/\/schema.org","@graph":[{"@type":"WebPage","@id":"https:\/\/www.welovecycling.com\/hu\/kozosseg-es-kultura\/bioenergia-polo-ami-feltolti-okostelefonod-edzes-kozben\/","url":"https:\/\/www.welovecycling.com\/hu\/kozosseg-es-kultura\/bioenergia-polo-ami-feltolti-okostelefonod-edzes-kozben\/","name":"Bioenergia p\u00f3l\u00f3, ami felt\u00f6lti okostelefonod edz\u00e9s k\u00f6zben","isPartOf":{"@id":"https:\/\/www.welovecycling.com\/hu\/#website"},"primaryImageOfPage":{"@id":"https:\/\/www.welovecycling.com\/hu\/kozosseg-es-kultura\/bioenergia-polo-ami-feltolti-okostelefonod-edzes-kozben\/#primaryimage"},"image":{"@id":"https:\/\/www.welovecycling.com\/hu\/kozosseg-es-kultura\/bioenergia-polo-ami-feltolti-okostelefonod-edzes-kozben\/#primaryimage"},"thumbnailUrl":"https:\/\/d2p6e6u75xmxt8.cloudfront.net\/12\/2021\/04\/Wearable-micgrogrid-T-shirt-CVR.jpg","datePublished":"2021-05-01T07:00:36+00:00","author":{"@id":"https:\/\/www.welovecycling.com\/hu\/#\/schema\/person\/414a2aebf1801691a5320edb6468e194"},"description":"A kalifornai San Diego Egyetem nanom\u00e9rn\u00f6kei egy bioenergi\u00e1val ell\u00e1tott p\u00f3l\u00f3t terveztek nem r\u00e9g, ami pontosan \u00fagy hangzik, mint egy j\u00f3 sci-fi egyik kell\u00e9ke.","breadcrumb":{"@id":"https:\/\/www.welovecycling.com\/hu\/kozosseg-es-kultura\/bioenergia-polo-ami-feltolti-okostelefonod-edzes-kozben\/#breadcrumb"},"inLanguage":"hu","potentialAction":[{"@type":"ReadAction","target":["https:\/\/www.welovecycling.com\/hu\/kozosseg-es-kultura\/bioenergia-polo-ami-feltolti-okostelefonod-edzes-kozben\/"]}]},{"@type":"ImageObject","inLanguage":"hu","@id":"https:\/\/www.welovecycling.com\/hu\/kozosseg-es-kultura\/bioenergia-polo-ami-feltolti-okostelefonod-edzes-kozben\/#primaryimage","url":"https:\/\/d2p6e6u75xmxt8.cloudfront.net\/12\/2021\/04\/Wearable-micgrogrid-T-shirt-CVR.jpg","contentUrl":"https:\/\/d2p6e6u75xmxt8.cloudfront.net\/12\/2021\/04\/Wearable-micgrogrid-T-shirt-CVR.jpg","width":1366,"height":600,"caption":"Wearable microgrid T-Shirt"},{"@type":"BreadcrumbList","@id":"https:\/\/www.welovecycling.com\/hu\/kozosseg-es-kultura\/bioenergia-polo-ami-feltolti-okostelefonod-edzes-kozben\/#breadcrumb","itemListElement":[{"@type":"ListItem","position":1,"name":"Home","item":"https:\/\/www.welovecycling.com\/hu\/"},{"@type":"ListItem","position":2,"name":"Bioenergia p\u00f3l\u00f3, ami felt\u00f6lti okostelefonod edz\u00e9s k\u00f6zben"}]},{"@type":"WebSite","@id":"https:\/\/www.welovecycling.com\/hu\/#website","url":"https:\/\/www.welovecycling.com\/hu\/","name":"\u0160koda We Love Cycling - Magyarorsz\u00e1g","description":"\u0160koda WeLoveCycling","potentialAction":[{"@type":"SearchAction","target":{"@type":"EntryPoint","urlTemplate":"https:\/\/www.welovecycling.com\/hu\/?s={search_term_string}"},"query-input":{"@type":"PropertyValueSpecification","valueRequired":true,"valueName":"search_term_string"}}],"inLanguage":"hu"},{"@type":"Person","@id":"https:\/\/www.welovecycling.com\/hu\/#\/schema\/person\/414a2aebf1801691a5320edb6468e194","name":"hegyizs","image":{"@type":"ImageObject","inLanguage":"hu","@id":"https:\/\/www.welovecycling.com\/hu\/#\/schema\/person\/image\/","url":"https:\/\/secure.gravatar.com\/avatar\/02cf8a7906b8cf90cecb4679defac7cfd33a1c2e3b88e4903d947f3bb58eedd3?s=96&d=mm&r=g","contentUrl":"https:\/\/secure.gravatar.com\/avatar\/02cf8a7906b8cf90cecb4679defac7cfd33a1c2e3b88e4903d947f3bb58eedd3?s=96&d=mm&r=g","caption":"hegyizs"},"url":"https:\/\/www.welovecycling.com\/hu\/author\/hegyizs\/"}]}},"_links":{"self":[{"href":"https:\/\/www.welovecycling.com\/hu\/wp-json\/wp\/v2\/posts\/11156","targetHints":{"allow":["GET"]}}],"collection":[{"href":"https:\/\/www.welovecycling.com\/hu\/wp-json\/wp\/v2\/posts"}],"about":[{"href":"https:\/\/www.welovecycling.com\/hu\/wp-json\/wp\/v2\/types\/post"}],"author":[{"embeddable":true,"href":"https:\/\/www.welovecycling.com\/hu\/wp-json\/wp\/v2\/users\/71"}],"replies":[{"embeddable":true,"href":"https:\/\/www.welovecycling.com\/hu\/wp-json\/wp\/v2\/comments?post=11156"}],"version-history":[{"count":2,"href":"https:\/\/www.welovecycling.com\/hu\/wp-json\/wp\/v2\/posts\/11156\/revisions"}],"predecessor-version":[{"id":11178,"href":"https:\/\/www.welovecycling.com\/hu\/wp-json\/wp\/v2\/posts\/11156\/revisions\/11178"}],"wp:featuredmedia":[{"embeddable":true,"href":"https:\/\/www.welovecycling.com\/hu\/wp-json\/wp\/v2\/media\/11160"}],"wp:attachment":[{"href":"https:\/\/www.welovecycling.com\/hu\/wp-json\/wp\/v2\/media?parent=11156"}],"wp:term":[{"taxonomy":"category","embeddable":true,"href":"https:\/\/www.welovecycling.com\/hu\/wp-json\/wp\/v2\/categories?post=11156"},{"taxonomy":"post_tag","embeddable":true,"href":"https:\/\/www.welovecycling.com\/hu\/wp-json\/wp\/v2\/tags?post=11156"},{"taxonomy":"global-categories","embeddable":true,"href":"https:\/\/www.welovecycling.com\/hu\/wp-json\/wp\/v2\/global-categories?post=11156"}],"curies":[{"name":"wp","href":"https:\/\/api.w.org\/{rel}","templated":true}]}}