{"id":11151,"date":"2021-04-26T08:00:15","date_gmt":"2021-04-26T07:00:15","guid":{"rendered":"https:\/\/www.welovecycling.com\/hu\/?p=11151"},"modified":"2021-04-26T08:12:54","modified_gmt":"2021-04-26T07:12:54","slug":"a-szabadsagert-es-moszul-ujjaepiteseert-bicikliztek-az-iraki-nok","status":"publish","type":"post","link":"https:\/\/www.welovecycling.com\/hu\/kozosseg-es-kultura\/a-szabadsagert-es-moszul-ujjaepiteseert-bicikliztek-az-iraki-nok\/","title":{"rendered":"A szabads\u00e1g\u00e9rt \u00e9s Moszul \u00fajj\u00e1\u00e9p\u00edt\u00e9s\u00e9\u00e9rt bicikliztek az iraki n\u0151k"},"content":{"rendered":"<p><strong>A n\u0151i ker\u00e9kp\u00e1rosok t\u00fcntet\u00e9s\u00e9re \u00e1prilis 12-\u00e9n Irakban, Moszulban ker\u00fclt sor. K\u00f6r\u00fclbel\u00fcl 35 15-30 \u00e9ves versenyz\u0151 biciklizett Moszul \u00f3v\u00e1ros\u00e1nak utc\u00e1in azzal a c\u00e9llal, hogy min\u00e9l t\u00f6bb l\u00e1nyt \u00e9s n\u0151t \u00f6szt\u00f6n\u00f6zzenek a ker\u00e9kp\u00e1roz\u00e1sra \u00e9s r\u00e1mutassanak a romos utc\u00e1k \u00e9s az infrastrukt\u00fara helyre\u00e1ll\u00edt\u00e1s\u00e1nak sz\u00fcks\u00e9gess\u00e9g\u00e9re.<\/strong><\/p>\n<p><!--more--><\/p>\n<p>Az esem\u00e9ny kiindul\u00f3pontj\u00e1nak sz\u00e1m\u00edt\u00f3 al-Nuri mecset szimbolikus jelent\u0151s\u00e9ggel b\u00edr, mivel az Iszl\u00e1m \u00c1llam vezet\u0151je \u00e9ppen ezt a helyet v\u00e1lasztotta ahhoz, hogy Moszult \u00f6n\u00e1ll\u00f3 kalif\u00e1tusnak ki\u00e1ltsa ki. Annak ellen\u00e9re, hogy 2017-ig volt a t\u00e9rs\u00e9g az Iszl\u00e1m \u00c1llam megsz\u00e1ll\u00e1sa alatt, a v\u00e1ros m\u00e9g mindig romokban hever.<\/p>\n<figure id=\"attachment_11153\" aria-describedby=\"caption-attachment-11153\" style=\"width: 1024px\" class=\"wp-caption alignnone\"><a href=\"https:\/\/d2p6e6u75xmxt8.cloudfront.net\/2\/2021\/04\/Iraq-women-rally-profimedia-0605022005.jpg\"><img loading=\"lazy\" decoding=\"async\" class=\"wp-image-11153 size-large\" src=\"https:\/\/d2p6e6u75xmxt8.cloudfront.net\/12\/2021\/04\/Iraq-women-rally-profimedia-0605022005-1024x787.jpg\" alt=\"The Iraqi rally\" width=\"1024\" height=\"787\" srcset=\"https:\/\/d2p6e6u75xmxt8.cloudfront.net\/12\/2021\/04\/Iraq-women-rally-profimedia-0605022005-1024x787.jpg 1024w, https:\/\/d2p6e6u75xmxt8.cloudfront.net\/12\/2021\/04\/Iraq-women-rally-profimedia-0605022005-300x231.jpg 300w, https:\/\/d2p6e6u75xmxt8.cloudfront.net\/12\/2021\/04\/Iraq-women-rally-profimedia-0605022005-768x590.jpg 768w, https:\/\/d2p6e6u75xmxt8.cloudfront.net\/12\/2021\/04\/Iraq-women-rally-profimedia-0605022005.jpg 1250w\" sizes=\"auto, (max-width: 1024px) 100vw, 1024px\" \/><\/a><figcaption id=\"caption-attachment-11153\" class=\"wp-caption-text\"><em>A t\u00fcntet\u00e9s Moszulban, az al-Nuri nagy mecsetn\u00e9l kezd\u0151d\u00f6tt. \u00a9 Profimedia<\/em><\/figcaption><\/figure>\n<p>A t\u00fcntet\u00e9sen r\u00e9szt vev\u0151 l\u00e1nyok egy r\u00e9sz\u00e9nek el\u0151zetesen meg kellett tanulniuk biciklizni, mivel Irakban m\u00e9g mindig ritka l\u00e1tv\u00e1ny a n\u0151i ker\u00e9kp\u00e1ros. R\u00e9gi (\u00e9s helytelen) meggy\u0151z\u0151d\u00e9s terjedt el arr\u00f3l, hogy egy n\u0151 bicikliz\u00e9s k\u00f6zben elvesz\u00edtheti a sz\u00fczess\u00e9g\u00e9t \u00e9s a l\u00e1nyoknak illetlens\u00e9g ker\u00e9kp\u00e1rozni. \u00cdgy ennek az \u00fatnak a f\u0151 c\u00e9lja az volt, hogy a n\u0151i bicikliz\u00e9s ne legyen tabu a konzervat\u00edv iraki t\u00e1rsadalomban.<\/p>\n<p>A t\u00fara v\u00e9g\u00e9n minden ker\u00e9kp\u00e1rost \u00e9remmel jutalmaztak a r\u00e9szv\u00e9tel\u00e9rt.<\/p>\n<lite-youtube videoid=WSeiEANEQbU params=\"enablejsapi=1\" style=\"background-image: url('https:\/\/i.ytimg.com\/vi_webp\/WSeiEANEQbU\/maxresdefault.webp');\"><\/lite-youtube>\n","protected":false},"excerpt":{"rendered":"<p>A n\u0151i ker\u00e9kp\u00e1rosok t\u00fcntet\u00e9s\u00e9re \u00e1prilis 12-\u00e9n Irakban, Moszulban ker\u00fclt sor. K\u00f6r\u00fclbel\u00fcl 35 15-30 \u00e9ves versenyz\u0151 biciklizett Moszul \u00f3v\u00e1ros\u00e1nak utc\u00e1in azzal [&hellip;]<\/p>\n","protected":false},"author":71,"featured_media":11155,"comment_status":"open","ping_status":"open","sticky":false,"template":"","format":"standard","meta":{"footnotes":""},"categories":[12],"tags":[],"global-categories":[],"class_list":["post-11151","post","type-post","status-publish","format-standard","has-post-thumbnail","hentry","category-kozosseg-es-kultura"],"yoast_head":"<!-- This site is optimized with the Yoast SEO Premium plugin v25.3 (Yoast SEO v25.9) - https:\/\/yoast.com\/wordpress\/plugins\/seo\/ -->\n<title>A szabads\u00e1g\u00e9rt \u00e9s Moszul \u00fajj\u00e1\u00e9p\u00edt\u00e9s\u00e9\u00e9rt bicikliztek az iraki n\u0151k<\/title>\n<meta name=\"description\" content=\"A n\u0151i ker\u00e9kp\u00e1rosok t\u00fcntet\u00e9s\u00e9re \u00e1prilis 12-\u00e9n Irakban, Moszulban ker\u00fclt sor. K\u00f6r\u00fclbel\u00fcl 35 15-30 \u00e9ves versenyz\u0151 biciklizett Moszul \u00f3v\u00e1ros\u00e1nak utc\u00e1in azzal a c\u00e9llal, hogy min\u00e9l t\u00f6bb l\u00e1nyt \u00e9s n\u0151t \u00f6szt\u00f6n\u00f6zzenek a ker\u00e9kp\u00e1roz\u00e1sra \u00e9s r\u00e1mutassanak a romos utc\u00e1k \u00e9s az infrastrukt\u00fara helyre\u00e1ll\u00edt\u00e1s\u00e1nak sz\u00fcks\u00e9gess\u00e9g\u00e9re.\" \/>\n<meta name=\"robots\" content=\"index, follow, max-snippet:-1, max-image-preview:large, max-video-preview:-1\" \/>\n<link rel=\"canonical\" href=\"https:\/\/www.welovecycling.com\/hu\/kozosseg-es-kultura\/a-szabadsagert-es-moszul-ujjaepiteseert-bicikliztek-az-iraki-nok\/\" \/>\n<meta property=\"og:locale\" content=\"hu_HU\" \/>\n<meta property=\"og:type\" content=\"article\" \/>\n<meta property=\"og:title\" content=\"A szabads\u00e1g\u00e9rt \u00e9s Moszul \u00fajj\u00e1\u00e9p\u00edt\u00e9s\u00e9\u00e9rt bicikliztek az iraki n\u0151k\" \/>\n<meta property=\"og:description\" content=\"A n\u0151i ker\u00e9kp\u00e1rosok t\u00fcntet\u00e9s\u00e9re \u00e1prilis 12-\u00e9n Irakban, Moszulban ker\u00fclt sor. K\u00f6r\u00fclbel\u00fcl 35 15-30 \u00e9ves versenyz\u0151 biciklizett Moszul \u00f3v\u00e1ros\u00e1nak utc\u00e1in azzal a c\u00e9llal, hogy min\u00e9l t\u00f6bb l\u00e1nyt \u00e9s n\u0151t \u00f6szt\u00f6n\u00f6zzenek a ker\u00e9kp\u00e1roz\u00e1sra \u00e9s r\u00e1mutassanak a romos utc\u00e1k \u00e9s az infrastrukt\u00fara helyre\u00e1ll\u00edt\u00e1s\u00e1nak sz\u00fcks\u00e9gess\u00e9g\u00e9re.\" \/>\n<meta property=\"og:url\" content=\"https:\/\/www.welovecycling.com\/hu\/kozosseg-es-kultura\/a-szabadsagert-es-moszul-ujjaepiteseert-bicikliztek-az-iraki-nok\/\" \/>\n<meta property=\"og:site_name\" content=\"\u0160koda We Love Cycling - Magyarorsz\u00e1g\" \/>\n<meta property=\"article:publisher\" content=\"https:\/\/www.facebook.com\/WeLoveCyclingHungary\/\" \/>\n<meta property=\"article:published_time\" content=\"2021-04-26T07:00:15+00:00\" \/>\n<meta property=\"article:modified_time\" content=\"2021-04-26T07:12:54+00:00\" \/>\n<meta property=\"og:image\" content=\"https:\/\/d2p6e6u75xmxt8.cloudfront.net\/12\/2021\/04\/Iraq-rally-women-profimedia-0605021996-CVR.jpg\" \/>\n\t<meta property=\"og:image:width\" content=\"1366\" \/>\n\t<meta property=\"og:image:height\" content=\"600\" \/>\n\t<meta property=\"og:image:type\" content=\"image\/jpeg\" \/>\n<meta name=\"author\" content=\"hegyizs\" \/>\n<meta name=\"twitter:card\" content=\"summary_large_image\" \/>\n<meta name=\"twitter:label1\" content=\"Written by\" \/>\n\t<meta name=\"twitter:data1\" content=\"Tereza Antonova\" \/>\n\t<meta name=\"twitter:label2\" content=\"Est. reading time\" \/>\n\t<meta name=\"twitter:data2\" content=\"4\" \/>\n<script type=\"application\/ld+json\" class=\"yoast-schema-graph\">{\"@context\":\"https:\/\/schema.org\",\"@graph\":[{\"@type\":\"WebPage\",\"@id\":\"https:\/\/www.welovecycling.com\/hu\/kozosseg-es-kultura\/a-szabadsagert-es-moszul-ujjaepiteseert-bicikliztek-az-iraki-nok\/\",\"url\":\"https:\/\/www.welovecycling.com\/hu\/kozosseg-es-kultura\/a-szabadsagert-es-moszul-ujjaepiteseert-bicikliztek-az-iraki-nok\/\",\"name\":\"A szabads\u00e1g\u00e9rt \u00e9s Moszul \u00fajj\u00e1\u00e9p\u00edt\u00e9s\u00e9\u00e9rt bicikliztek az iraki n\u0151k\",\"isPartOf\":{\"@id\":\"https:\/\/www.welovecycling.com\/hu\/#website\"},\"primaryImageOfPage\":{\"@id\":\"https:\/\/www.welovecycling.com\/hu\/kozosseg-es-kultura\/a-szabadsagert-es-moszul-ujjaepiteseert-bicikliztek-az-iraki-nok\/#primaryimage\"},\"image\":{\"@id\":\"https:\/\/www.welovecycling.com\/hu\/kozosseg-es-kultura\/a-szabadsagert-es-moszul-ujjaepiteseert-bicikliztek-az-iraki-nok\/#primaryimage\"},\"thumbnailUrl\":\"https:\/\/d2p6e6u75xmxt8.cloudfront.net\/12\/2021\/04\/Iraq-rally-women-profimedia-0605021996-CVR.jpg\",\"datePublished\":\"2021-04-26T07:00:15+00:00\",\"dateModified\":\"2021-04-26T07:12:54+00:00\",\"author\":{\"@id\":\"https:\/\/www.welovecycling.com\/hu\/#\/schema\/person\/414a2aebf1801691a5320edb6468e194\"},\"description\":\"A n\u0151i ker\u00e9kp\u00e1rosok t\u00fcntet\u00e9s\u00e9re \u00e1prilis 12-\u00e9n Irakban, Moszulban ker\u00fclt sor. K\u00f6r\u00fclbel\u00fcl 35 15-30 \u00e9ves versenyz\u0151 biciklizett Moszul \u00f3v\u00e1ros\u00e1nak utc\u00e1in azzal a c\u00e9llal, hogy min\u00e9l t\u00f6bb l\u00e1nyt \u00e9s n\u0151t \u00f6szt\u00f6n\u00f6zzenek a ker\u00e9kp\u00e1roz\u00e1sra \u00e9s r\u00e1mutassanak a romos utc\u00e1k \u00e9s az infrastrukt\u00fara helyre\u00e1ll\u00edt\u00e1s\u00e1nak sz\u00fcks\u00e9gess\u00e9g\u00e9re.\",\"breadcrumb\":{\"@id\":\"https:\/\/www.welovecycling.com\/hu\/kozosseg-es-kultura\/a-szabadsagert-es-moszul-ujjaepiteseert-bicikliztek-az-iraki-nok\/#breadcrumb\"},\"inLanguage\":\"hu\",\"potentialAction\":[{\"@type\":\"ReadAction\",\"target\":[\"https:\/\/www.welovecycling.com\/hu\/kozosseg-es-kultura\/a-szabadsagert-es-moszul-ujjaepiteseert-bicikliztek-az-iraki-nok\/\"]}]},{\"@type\":\"ImageObject\",\"inLanguage\":\"hu\",\"@id\":\"https:\/\/www.welovecycling.com\/hu\/kozosseg-es-kultura\/a-szabadsagert-es-moszul-ujjaepiteseert-bicikliztek-az-iraki-nok\/#primaryimage\",\"url\":\"https:\/\/d2p6e6u75xmxt8.cloudfront.net\/12\/2021\/04\/Iraq-rally-women-profimedia-0605021996-CVR.jpg\",\"contentUrl\":\"https:\/\/d2p6e6u75xmxt8.cloudfront.net\/12\/2021\/04\/Iraq-rally-women-profimedia-0605021996-CVR.jpg\",\"width\":1366,\"height\":600},{\"@type\":\"BreadcrumbList\",\"@id\":\"https:\/\/www.welovecycling.com\/hu\/kozosseg-es-kultura\/a-szabadsagert-es-moszul-ujjaepiteseert-bicikliztek-az-iraki-nok\/#breadcrumb\",\"itemListElement\":[{\"@type\":\"ListItem\",\"position\":1,\"name\":\"Home\",\"item\":\"https:\/\/www.welovecycling.com\/hu\/\"},{\"@type\":\"ListItem\",\"position\":2,\"name\":\"A szabads\u00e1g\u00e9rt \u00e9s Moszul \u00fajj\u00e1\u00e9p\u00edt\u00e9s\u00e9\u00e9rt bicikliztek az iraki n\u0151k\"}]},{\"@type\":\"WebSite\",\"@id\":\"https:\/\/www.welovecycling.com\/hu\/#website\",\"url\":\"https:\/\/www.welovecycling.com\/hu\/\",\"name\":\"\u0160koda We Love Cycling - Magyarorsz\u00e1g\",\"description\":\"\u0160koda WeLoveCycling\",\"potentialAction\":[{\"@type\":\"SearchAction\",\"target\":{\"@type\":\"EntryPoint\",\"urlTemplate\":\"https:\/\/www.welovecycling.com\/hu\/?s={search_term_string}\"},\"query-input\":{\"@type\":\"PropertyValueSpecification\",\"valueRequired\":true,\"valueName\":\"search_term_string\"}}],\"inLanguage\":\"hu\"},{\"@type\":\"Person\",\"@id\":\"https:\/\/www.welovecycling.com\/hu\/#\/schema\/person\/414a2aebf1801691a5320edb6468e194\",\"name\":\"hegyizs\",\"image\":{\"@type\":\"ImageObject\",\"inLanguage\":\"hu\",\"@id\":\"https:\/\/www.welovecycling.com\/hu\/#\/schema\/person\/image\/\",\"url\":\"https:\/\/secure.gravatar.com\/avatar\/02cf8a7906b8cf90cecb4679defac7cfd33a1c2e3b88e4903d947f3bb58eedd3?s=96&d=mm&r=g\",\"contentUrl\":\"https:\/\/secure.gravatar.com\/avatar\/02cf8a7906b8cf90cecb4679defac7cfd33a1c2e3b88e4903d947f3bb58eedd3?s=96&d=mm&r=g\",\"caption\":\"hegyizs\"},\"url\":\"https:\/\/www.welovecycling.com\/hu\/author\/hegyizs\/\"}]}<\/script>\n<!-- \/ Yoast SEO Premium plugin. -->","yoast_head_json":{"title":"A szabads\u00e1g\u00e9rt \u00e9s Moszul \u00fajj\u00e1\u00e9p\u00edt\u00e9s\u00e9\u00e9rt bicikliztek az iraki n\u0151k","description":"A n\u0151i ker\u00e9kp\u00e1rosok t\u00fcntet\u00e9s\u00e9re \u00e1prilis 12-\u00e9n Irakban, Moszulban ker\u00fclt sor. K\u00f6r\u00fclbel\u00fcl 35 15-30 \u00e9ves versenyz\u0151 biciklizett Moszul \u00f3v\u00e1ros\u00e1nak utc\u00e1in azzal a c\u00e9llal, hogy min\u00e9l t\u00f6bb l\u00e1nyt \u00e9s n\u0151t \u00f6szt\u00f6n\u00f6zzenek a ker\u00e9kp\u00e1roz\u00e1sra \u00e9s r\u00e1mutassanak a romos utc\u00e1k \u00e9s az infrastrukt\u00fara helyre\u00e1ll\u00edt\u00e1s\u00e1nak sz\u00fcks\u00e9gess\u00e9g\u00e9re.","robots":{"index":"index","follow":"follow","max-snippet":"max-snippet:-1","max-image-preview":"max-image-preview:large","max-video-preview":"max-video-preview:-1"},"canonical":"https:\/\/www.welovecycling.com\/hu\/kozosseg-es-kultura\/a-szabadsagert-es-moszul-ujjaepiteseert-bicikliztek-az-iraki-nok\/","og_locale":"hu_HU","og_type":"article","og_title":"A szabads\u00e1g\u00e9rt \u00e9s Moszul \u00fajj\u00e1\u00e9p\u00edt\u00e9s\u00e9\u00e9rt bicikliztek az iraki n\u0151k","og_description":"A n\u0151i ker\u00e9kp\u00e1rosok t\u00fcntet\u00e9s\u00e9re \u00e1prilis 12-\u00e9n Irakban, Moszulban ker\u00fclt sor. K\u00f6r\u00fclbel\u00fcl 35 15-30 \u00e9ves versenyz\u0151 biciklizett Moszul \u00f3v\u00e1ros\u00e1nak utc\u00e1in azzal a c\u00e9llal, hogy min\u00e9l t\u00f6bb l\u00e1nyt \u00e9s n\u0151t \u00f6szt\u00f6n\u00f6zzenek a ker\u00e9kp\u00e1roz\u00e1sra \u00e9s r\u00e1mutassanak a romos utc\u00e1k \u00e9s az infrastrukt\u00fara helyre\u00e1ll\u00edt\u00e1s\u00e1nak sz\u00fcks\u00e9gess\u00e9g\u00e9re.","og_url":"https:\/\/www.welovecycling.com\/hu\/kozosseg-es-kultura\/a-szabadsagert-es-moszul-ujjaepiteseert-bicikliztek-az-iraki-nok\/","og_site_name":"\u0160koda We Love Cycling - Magyarorsz\u00e1g","article_publisher":"https:\/\/www.facebook.com\/WeLoveCyclingHungary\/","article_published_time":"2021-04-26T07:00:15+00:00","article_modified_time":"2021-04-26T07:12:54+00:00","og_image":[{"width":1366,"height":600,"url":"https:\/\/d2p6e6u75xmxt8.cloudfront.net\/12\/2021\/04\/Iraq-rally-women-profimedia-0605021996-CVR.jpg","type":"image\/jpeg"}],"author":"hegyizs","twitter_card":"summary_large_image","twitter_misc":{"Written by":"Tereza Antonova","Est. reading time":"4"},"schema":{"@context":"https:\/\/schema.org","@graph":[{"@type":"WebPage","@id":"https:\/\/www.welovecycling.com\/hu\/kozosseg-es-kultura\/a-szabadsagert-es-moszul-ujjaepiteseert-bicikliztek-az-iraki-nok\/","url":"https:\/\/www.welovecycling.com\/hu\/kozosseg-es-kultura\/a-szabadsagert-es-moszul-ujjaepiteseert-bicikliztek-az-iraki-nok\/","name":"A szabads\u00e1g\u00e9rt \u00e9s Moszul \u00fajj\u00e1\u00e9p\u00edt\u00e9s\u00e9\u00e9rt bicikliztek az iraki n\u0151k","isPartOf":{"@id":"https:\/\/www.welovecycling.com\/hu\/#website"},"primaryImageOfPage":{"@id":"https:\/\/www.welovecycling.com\/hu\/kozosseg-es-kultura\/a-szabadsagert-es-moszul-ujjaepiteseert-bicikliztek-az-iraki-nok\/#primaryimage"},"image":{"@id":"https:\/\/www.welovecycling.com\/hu\/kozosseg-es-kultura\/a-szabadsagert-es-moszul-ujjaepiteseert-bicikliztek-az-iraki-nok\/#primaryimage"},"thumbnailUrl":"https:\/\/d2p6e6u75xmxt8.cloudfront.net\/12\/2021\/04\/Iraq-rally-women-profimedia-0605021996-CVR.jpg","datePublished":"2021-04-26T07:00:15+00:00","dateModified":"2021-04-26T07:12:54+00:00","author":{"@id":"https:\/\/www.welovecycling.com\/hu\/#\/schema\/person\/414a2aebf1801691a5320edb6468e194"},"description":"A n\u0151i ker\u00e9kp\u00e1rosok t\u00fcntet\u00e9s\u00e9re \u00e1prilis 12-\u00e9n Irakban, Moszulban ker\u00fclt sor. K\u00f6r\u00fclbel\u00fcl 35 15-30 \u00e9ves versenyz\u0151 biciklizett Moszul \u00f3v\u00e1ros\u00e1nak utc\u00e1in azzal a c\u00e9llal, hogy min\u00e9l t\u00f6bb l\u00e1nyt \u00e9s n\u0151t \u00f6szt\u00f6n\u00f6zzenek a ker\u00e9kp\u00e1roz\u00e1sra \u00e9s r\u00e1mutassanak a romos utc\u00e1k \u00e9s az infrastrukt\u00fara helyre\u00e1ll\u00edt\u00e1s\u00e1nak sz\u00fcks\u00e9gess\u00e9g\u00e9re.","breadcrumb":{"@id":"https:\/\/www.welovecycling.com\/hu\/kozosseg-es-kultura\/a-szabadsagert-es-moszul-ujjaepiteseert-bicikliztek-az-iraki-nok\/#breadcrumb"},"inLanguage":"hu","potentialAction":[{"@type":"ReadAction","target":["https:\/\/www.welovecycling.com\/hu\/kozosseg-es-kultura\/a-szabadsagert-es-moszul-ujjaepiteseert-bicikliztek-az-iraki-nok\/"]}]},{"@type":"ImageObject","inLanguage":"hu","@id":"https:\/\/www.welovecycling.com\/hu\/kozosseg-es-kultura\/a-szabadsagert-es-moszul-ujjaepiteseert-bicikliztek-az-iraki-nok\/#primaryimage","url":"https:\/\/d2p6e6u75xmxt8.cloudfront.net\/12\/2021\/04\/Iraq-rally-women-profimedia-0605021996-CVR.jpg","contentUrl":"https:\/\/d2p6e6u75xmxt8.cloudfront.net\/12\/2021\/04\/Iraq-rally-women-profimedia-0605021996-CVR.jpg","width":1366,"height":600},{"@type":"BreadcrumbList","@id":"https:\/\/www.welovecycling.com\/hu\/kozosseg-es-kultura\/a-szabadsagert-es-moszul-ujjaepiteseert-bicikliztek-az-iraki-nok\/#breadcrumb","itemListElement":[{"@type":"ListItem","position":1,"name":"Home","item":"https:\/\/www.welovecycling.com\/hu\/"},{"@type":"ListItem","position":2,"name":"A szabads\u00e1g\u00e9rt \u00e9s Moszul \u00fajj\u00e1\u00e9p\u00edt\u00e9s\u00e9\u00e9rt bicikliztek az iraki n\u0151k"}]},{"@type":"WebSite","@id":"https:\/\/www.welovecycling.com\/hu\/#website","url":"https:\/\/www.welovecycling.com\/hu\/","name":"\u0160koda We Love Cycling - Magyarorsz\u00e1g","description":"\u0160koda WeLoveCycling","potentialAction":[{"@type":"SearchAction","target":{"@type":"EntryPoint","urlTemplate":"https:\/\/www.welovecycling.com\/hu\/?s={search_term_string}"},"query-input":{"@type":"PropertyValueSpecification","valueRequired":true,"valueName":"search_term_string"}}],"inLanguage":"hu"},{"@type":"Person","@id":"https:\/\/www.welovecycling.com\/hu\/#\/schema\/person\/414a2aebf1801691a5320edb6468e194","name":"hegyizs","image":{"@type":"ImageObject","inLanguage":"hu","@id":"https:\/\/www.welovecycling.com\/hu\/#\/schema\/person\/image\/","url":"https:\/\/secure.gravatar.com\/avatar\/02cf8a7906b8cf90cecb4679defac7cfd33a1c2e3b88e4903d947f3bb58eedd3?s=96&d=mm&r=g","contentUrl":"https:\/\/secure.gravatar.com\/avatar\/02cf8a7906b8cf90cecb4679defac7cfd33a1c2e3b88e4903d947f3bb58eedd3?s=96&d=mm&r=g","caption":"hegyizs"},"url":"https:\/\/www.welovecycling.com\/hu\/author\/hegyizs\/"}]}},"_links":{"self":[{"href":"https:\/\/www.welovecycling.com\/hu\/wp-json\/wp\/v2\/posts\/11151","targetHints":{"allow":["GET"]}}],"collection":[{"href":"https:\/\/www.welovecycling.com\/hu\/wp-json\/wp\/v2\/posts"}],"about":[{"href":"https:\/\/www.welovecycling.com\/hu\/wp-json\/wp\/v2\/types\/post"}],"author":[{"embeddable":true,"href":"https:\/\/www.welovecycling.com\/hu\/wp-json\/wp\/v2\/users\/71"}],"replies":[{"embeddable":true,"href":"https:\/\/www.welovecycling.com\/hu\/wp-json\/wp\/v2\/comments?post=11151"}],"version-history":[{"count":2,"href":"https:\/\/www.welovecycling.com\/hu\/wp-json\/wp\/v2\/posts\/11151\/revisions"}],"predecessor-version":[{"id":11177,"href":"https:\/\/www.welovecycling.com\/hu\/wp-json\/wp\/v2\/posts\/11151\/revisions\/11177"}],"wp:featuredmedia":[{"embeddable":true,"href":"https:\/\/www.welovecycling.com\/hu\/wp-json\/wp\/v2\/media\/11155"}],"wp:attachment":[{"href":"https:\/\/www.welovecycling.com\/hu\/wp-json\/wp\/v2\/media?parent=11151"}],"wp:term":[{"taxonomy":"category","embeddable":true,"href":"https:\/\/www.welovecycling.com\/hu\/wp-json\/wp\/v2\/categories?post=11151"},{"taxonomy":"post_tag","embeddable":true,"href":"https:\/\/www.welovecycling.com\/hu\/wp-json\/wp\/v2\/tags?post=11151"},{"taxonomy":"global-categories","embeddable":true,"href":"https:\/\/www.welovecycling.com\/hu\/wp-json\/wp\/v2\/global-categories?post=11151"}],"curies":[{"name":"wp","href":"https:\/\/api.w.org\/{rel}","templated":true}]}}